{"id":29574,"date":"2016-11-09T20:39:10","date_gmt":"2016-11-09T18:39:10","guid":{"rendered":"https:\/\/www.satokangas.fi\/blogi\/?p=29574"},"modified":"2016-11-10T15:54:01","modified_gmt":"2016-11-10T13:54:01","slug":"maailma-radallaan","status":"publish","type":"post","link":"https:\/\/www.satokangas.fi\/blogi\/2016\/11\/maailma-radallaan\/","title":{"rendered":"Maailma radallaan"},"content":{"rendered":"<p><a href=\"https:\/\/www.satokangas.fi\/blogi\/wp-content\/uploads\/2016\/11\/MG_1469.jpg\"><img loading=\"lazy\" decoding=\"async\" data-attachment-id=\"29578\" data-permalink=\"https:\/\/www.satokangas.fi\/blogi\/2016\/11\/maailma-radallaan\/_mg_1469\/\" data-orig-file=\"https:\/\/www.satokangas.fi\/blogi\/wp-content\/uploads\/2016\/11\/MG_1469.jpg\" data-orig-size=\"1600,873\" data-comments-opened=\"1\" data-image-meta=\"{&quot;aperture&quot;:&quot;5.6&quot;,&quot;credit&quot;:&quot;&quot;,&quot;camera&quot;:&quot;Canon EOS 6D&quot;,&quot;caption&quot;:&quot;&quot;,&quot;created_timestamp&quot;:&quot;1478685180&quot;,&quot;copyright&quot;:&quot;&quot;,&quot;focal_length&quot;:&quot;24&quot;,&quot;iso&quot;:&quot;200&quot;,&quot;shutter_speed&quot;:&quot;0.003125&quot;,&quot;title&quot;:&quot;&quot;,&quot;orientation&quot;:&quot;1&quot;}\" data-image-title=\"_mg_1469\" data-image-description=\"\" data-image-caption=\"\" data-large-file=\"https:\/\/www.satokangas.fi\/blogi\/wp-content\/uploads\/2016\/11\/MG_1469-1600x873.jpg\" class=\"aligncenter size-medium wp-image-29578\" src=\"https:\/\/www.satokangas.fi\/blogi\/wp-content\/uploads\/2016\/11\/MG_1469-600x327.jpg\" alt=\"_mg_1469\" width=\"600\" height=\"327\" srcset=\"https:\/\/www.satokangas.fi\/blogi\/wp-content\/uploads\/2016\/11\/MG_1469-600x327.jpg 600w, https:\/\/www.satokangas.fi\/blogi\/wp-content\/uploads\/2016\/11\/MG_1469-300x164.jpg 300w, https:\/\/www.satokangas.fi\/blogi\/wp-content\/uploads\/2016\/11\/MG_1469-768x419.jpg 768w, https:\/\/www.satokangas.fi\/blogi\/wp-content\/uploads\/2016\/11\/MG_1469.jpg 1600w, https:\/\/www.satokangas.fi\/blogi\/wp-content\/uploads\/2016\/11\/MG_1469-1200x655.jpg 1200w\" sizes=\"auto, (max-width: 600px) 100vw, 600px\" \/><\/a>Maailma palaa, maailma on kaunis.<\/p>\n<p>Ep\u00e4todellinen aamu.<\/p>\n<p style=\"text-align: justify;\">Onko t\u00e4n\u00e4\u00e4n yksi niist\u00e4 p\u00e4iv\u00e4m\u00e4\u00e4rist\u00e4 ja vuosiluvuista, joita tulevaisuudessa opetetaan historian tunneilla (sik\u00e4li kun Suomen kouluissa en\u00e4\u00e4 tulevaisuudessa historiaa entisenk\u00e4\u00e4n vertaa opetetaan)? Onko kyse maailmanhistorian murroskohdasta? Vai onko t\u00e4m\u00e4 sittenkin seuraus murroksesta? 11.9. muutti maailmaa, mutta muuttaako 9.11. Tai taitaa olla niin, ett\u00e4 se on jo muuttunut, koska t\u00e4llaista p\u00e4\u00e4si tapahtumaan.<\/p>\n<p style=\"text-align: justify;\">Olisi kannattanut kuudelta her\u00e4tty\u00e4 l\u00e4hte\u00e4 ulos. N\u00e4hd\u00e4, ett\u00e4 maailma on edelleen huikean kaunis.<\/p>\n<p style=\"text-align: justify;\"><a href=\"https:\/\/www.satokangas.fi\/blogi\/wp-content\/uploads\/2016\/11\/taivas-2.jpg\"><img loading=\"lazy\" decoding=\"async\" data-attachment-id=\"29576\" data-permalink=\"https:\/\/www.satokangas.fi\/blogi\/2016\/11\/maailma-radallaan\/taivas-2-2\/\" data-orig-file=\"https:\/\/www.satokangas.fi\/blogi\/wp-content\/uploads\/2016\/11\/taivas-2.jpg\" data-orig-size=\"1067,1600\" data-comments-opened=\"1\" data-image-meta=\"{&quot;aperture&quot;:&quot;5.6&quot;,&quot;credit&quot;:&quot;&quot;,&quot;camera&quot;:&quot;Canon EOS 6D&quot;,&quot;caption&quot;:&quot;&quot;,&quot;created_timestamp&quot;:&quot;1478685080&quot;,&quot;copyright&quot;:&quot;&quot;,&quot;focal_length&quot;:&quot;24&quot;,&quot;iso&quot;:&quot;200&quot;,&quot;shutter_speed&quot;:&quot;0.00625&quot;,&quot;title&quot;:&quot;&quot;,&quot;orientation&quot;:&quot;0&quot;}\" data-image-title=\"taivas-2\" data-image-description=\"\" data-image-caption=\"\" data-large-file=\"https:\/\/www.satokangas.fi\/blogi\/wp-content\/uploads\/2016\/11\/taivas-2-683x1024.jpg\" class=\"aligncenter size-medium wp-image-29576\" src=\"https:\/\/www.satokangas.fi\/blogi\/wp-content\/uploads\/2016\/11\/taivas-2-267x400.jpg\" alt=\"taivas-2\" width=\"267\" height=\"400\" srcset=\"https:\/\/www.satokangas.fi\/blogi\/wp-content\/uploads\/2016\/11\/taivas-2-267x400.jpg 267w, https:\/\/www.satokangas.fi\/blogi\/wp-content\/uploads\/2016\/11\/taivas-2-200x300.jpg 200w, https:\/\/www.satokangas.fi\/blogi\/wp-content\/uploads\/2016\/11\/taivas-2-768x1152.jpg 768w, https:\/\/www.satokangas.fi\/blogi\/wp-content\/uploads\/2016\/11\/taivas-2-683x1024.jpg 683w, https:\/\/www.satokangas.fi\/blogi\/wp-content\/uploads\/2016\/11\/taivas-2.jpg 1067w\" sizes=\"auto, (max-width: 267px) 100vw, 267px\" \/><\/a><\/p>\n<p style=\"text-align: justify;\">Mutta vain portailta, portinpielest\u00e4, k\u00e4vin kuvailemassa, kun taivas oli tulessa! Kylm\u00e4si kuitenkin niin paljon, ett\u00e4 palasin\u00a0n\u00e4yt\u00f6n \u00e4\u00e4reen muokkaamaan kuvat asiakkaalle, samalla surffaamaan televisiokanavien ja lehtien sivustoilla. Miettien maailmanhistoriaa, \u00a0&#8211; ja maailman kauneutta.<\/p>\n<p style=\"text-align: justify;\">Vasta iltap\u00e4iv\u00e4ll\u00e4 sitten hyyt\u00e4v\u00e4\u00e4n pakkastuuleen lenkille, josta oli hyv\u00e4 palata leivinuunin l\u00e4mp\u00f6\u00f6n, jonne Apsukin taas tuli iloksemme. Pieni maailmani radallaan.<\/p>\n<p style=\"text-align: justify;\"><span style=\"color: #808080;\">[Ai niin, ihan ehdottomasti kannattaa klikata kuvat isommiksi.]<\/span><\/p>\n<p><script type=\"text\/javascript\">\n\t_uacct = \"UA-2999082-9\";\n\turchinTracker();\n\t<\/script><br \/>\n\t<script defer src=\"http:\/\/server1.opentracker.net\/?site=www.satokangas.fi\"><\/script><\/p>\n<p>\t<noscript><br \/>\n<\/noscript><\/p>\n","protected":false},"excerpt":{"rendered":"<p>Maailma palaa, maailma on kaunis. Ep\u00e4todellinen aamu. Onko t\u00e4n\u00e4\u00e4n yksi niist\u00e4 p\u00e4iv\u00e4m\u00e4\u00e4rist\u00e4 ja vuosiluvuista, joita tulevaisuudessa opetetaan historian tunneilla (sik\u00e4li kun Suomen kouluissa en\u00e4\u00e4 tulevaisuudessa historiaa entisenk\u00e4\u00e4n vertaa opetetaan)? Onko kyse maailmanhistorian murroskohdasta? Vai onko t\u00e4m\u00e4 sittenkin seuraus murroksesta? 11.9. muutti maailmaa, mutta muuttaako 9.11. Tai taitaa olla niin, ett\u00e4 se on jo muuttunut, koska t\u00e4llaista p\u00e4\u00e4si tapahtumaan. Olisi kannattanut &hellip; <\/p>\n","protected":false},"author":1,"featured_media":0,"comment_status":"open","ping_status":"open","sticky":false,"template":"","format":"standard","meta":{"jetpack_post_was_ever_published":false,"_jetpack_newsletter_access":"","_jetpack_dont_email_post_to_subs":true,"_jetpack_newsletter_tier_id":0,"_jetpack_memberships_contains_paywalled_content":false,"_jetpack_memberships_contains_paid_content":false,"footnotes":"","jetpack_publicize_message":"","jetpack_publicize_feature_enabled":true,"jetpack_social_post_already_shared":true,"jetpack_social_options":{"image_generator_settings":{"template":"highway","default_image_id":0,"font":"","enabled":false},"version":2}},"categories":[1],"tags":[],"class_list":["post-29574","post","type-post","status-publish","format-standard","hentry","category-aiheeton","latest_post"],"jetpack_publicize_connections":[],"jetpack_featured_media_url":"","jetpack_shortlink":"https:\/\/wp.me\/pr4p4-7H0","jetpack_sharing_enabled":true,"jetpack_likes_enabled":false,"jetpack-related-posts":[{"id":44193,"url":"https:\/\/www.satokangas.fi\/blogi\/2022\/11\/joulua-kohti-5\/","url_meta":{"origin":29574,"position":0},"title":"Joulua kohti","author":"Reija","date":"25.11.2022","format":false,"excerpt":"Sain t\u00e4n\u00e4\u00e4n niin koskettavan palautteen yhdelt\u00e4 asiakkaalta (kalenterin ostajalta), ett\u00e4 h\u00e4nen kohtuullisten hankintojensa tuotot k\u00e4ytin Black Friday -haasteeseen... Joku ukrainalaislapsi saanee talvikamppeet. Mutta se ei ole nyt ihan se pointti... vaan ... Kaikkinensa \"maailman politiikan arkip\u00e4iv\u00e4\u00e4\" (sellaista radio-ohjelmaa ei taida en\u00e4\u00e4 olla?) on aika karua n\u00e4in\u00e4 p\u00e4ivin\u00e4. Varjelen itse\u00e4ni v\u00e4lill\u00e4,\u2026","rel":"","context":"Kategoriassa &quot;Isovanhemmuus&quot;","block_context":{"text":"Isovanhemmuus","link":"https:\/\/www.satokangas.fi\/blogi\/category\/isovanhemmuus\/"},"img":{"alt_text":"","src":"https:\/\/i0.wp.com\/www.satokangas.fi\/blogi\/wp-content\/uploads\/2022\/11\/Pipari.jpg?resize=350%2C200&ssl=1","width":350,"height":200,"srcset":"https:\/\/i0.wp.com\/www.satokangas.fi\/blogi\/wp-content\/uploads\/2022\/11\/Pipari.jpg?resize=350%2C200&ssl=1 1x, https:\/\/i0.wp.com\/www.satokangas.fi\/blogi\/wp-content\/uploads\/2022\/11\/Pipari.jpg?resize=525%2C300&ssl=1 1.5x, https:\/\/i0.wp.com\/www.satokangas.fi\/blogi\/wp-content\/uploads\/2022\/11\/Pipari.jpg?resize=700%2C400&ssl=1 2x"},"classes":[]},{"id":12732,"url":"https:\/\/www.satokangas.fi\/blogi\/2011\/10\/viimeinen-kiinan-paiva\/","url_meta":{"origin":29574,"position":1},"title":"Viimeinen Kiinan p\u00e4iv\u00e4","author":"Reija","date":"29.10.2011","format":false,"excerpt":"Her\u00e4tty\u00e4ni taas kerran ihan liian aikaisin, oli kello vasta puoli kuusi. Lauantainaamuna puoli yhdeks\u00e4lt\u00e4 l\u00e4hdimme ensimm\u00e4iseksi kohti Beijingin kaupunkisuunnittelukeskusta, jossa oli kaupungin historiasta ja tulevaisuuden kaavailuista kertova 22 minuutin 3D-elokuva. Hurjat suunnitelmat kiinalaisilla on. Ja aikeena toteuttaa ne vuoteen 2020 menness\u00e4. Ekologia, liikenne ja asuintilan kasvattaminen ovat haasteita, joita on\u2026","rel":"","context":"Kategoriassa &quot;Niit\u00e4 n\u00e4it\u00e4&quot;","block_context":{"text":"Niit\u00e4 n\u00e4it\u00e4","link":"https:\/\/www.satokangas.fi\/blogi\/category\/aiheeton\/"},"img":{"alt_text":"","src":"https:\/\/i0.wp.com\/www.satokangas.fi\/blogi\/wp-content\/uploads\/kaupunkisuunnitelukeskus-600x400.jpg?resize=350%2C200&ssl=1","width":350,"height":200,"srcset":"https:\/\/i0.wp.com\/www.satokangas.fi\/blogi\/wp-content\/uploads\/kaupunkisuunnitelukeskus-600x400.jpg?resize=350%2C200&ssl=1 1x, https:\/\/i0.wp.com\/www.satokangas.fi\/blogi\/wp-content\/uploads\/kaupunkisuunnitelukeskus-600x400.jpg?resize=525%2C300&ssl=1 1.5x"},"classes":[]},{"id":26024,"url":"https:\/\/www.satokangas.fi\/blogi\/2015\/09\/maailmassa-on-viela-hyviakin-ihmisia\/","url_meta":{"origin":29574,"position":2},"title":"Maailmassa on viel\u00e4 hyvi\u00e4kin ihmisi\u00e4!","author":"Reija","date":"10.9.2015","format":false,"excerpt":"Onneksi maailmassa on hyvi\u00e4, rehellisi\u00e4, yst\u00e4v\u00e4llisi\u00e4 ihmisi\u00e4! Onneksi on. Muutoin minun kaltaiseni asioita hukkailevat ihmiset olisivat lopullisesti hukassa. Kun loppu hyvin, niin kaikki hyvin, ja lopultakin mukava p\u00e4iv\u00e4. Sit\u00e4 paitsi saimme \u00e4idin ulos sy\u00f6m\u00e4\u00e4n! Pehtoori, min\u00e4, Murmeli (joksi \u00e4iti\u00e4ni siis perhepiiriss\u00e4 kutsutaan) ja sisareni olimme Nallikarissa. \u00c4idin parin kuukauden v\u00e4lein\u2026","rel":"","context":"Kategoriassa &quot;Niit\u00e4 n\u00e4it\u00e4&quot;","block_context":{"text":"Niit\u00e4 n\u00e4it\u00e4","link":"https:\/\/www.satokangas.fi\/blogi\/category\/aiheeton\/"},"img":{"alt_text":"ArdkSw07iF_My-KPPJdac7_Fz40jW4CESVXU33EcUeEU","src":"https:\/\/i0.wp.com\/www.satokangas.fi\/blogi\/wp-content\/uploads\/2015\/09\/ArdkSw07iF_My-KPPJdac7_Fz40jW4CESVXU33EcUeEU-600x338.jpg?resize=350%2C200&ssl=1","width":350,"height":200,"srcset":"https:\/\/i0.wp.com\/www.satokangas.fi\/blogi\/wp-content\/uploads\/2015\/09\/ArdkSw07iF_My-KPPJdac7_Fz40jW4CESVXU33EcUeEU-600x338.jpg?resize=350%2C200&ssl=1 1x, https:\/\/i0.wp.com\/www.satokangas.fi\/blogi\/wp-content\/uploads\/2015\/09\/ArdkSw07iF_My-KPPJdac7_Fz40jW4CESVXU33EcUeEU-600x338.jpg?resize=525%2C300&ssl=1 1.5x"},"classes":[]},{"id":47879,"url":"https:\/\/www.satokangas.fi\/blogi\/2023\/12\/takaumia-ja-tulevaa-tehden\/","url_meta":{"origin":29574,"position":3},"title":"Takaumia ja tulevaa tehden","author":"Reija","date":"1.12.2023","format":false,"excerpt":"P\u00e4iv\u00e4\u00e4n on kuulunut reissukuvien ty\u00f6st\u00e4mist\u00e4, paluuta elettyyn. T\u00e4n\u00e4\u00e4n olen kerrannut reissun kolmatta p\u00e4iv\u00e4\u00e4: \u00e4lk\u00e4\u00e4 huoliko, en aio vastaisuudessa uudelleen n\u00e4it\u00e4 kaikkia t\u00e4\u00e4ll\u00e4 blogissa kertailla. T\u00e4n\u00e4\u00e4n kuitenkin. T\u00e4ss\u00e4 yksi kuva, jonka otin, jotta muistan kiitt\u00e4\u00e4 T:jea ja J:aa. He kun olivat t\u00e4ll\u00e4 samaisella reissulla pari vuotta sitten, ja heid\u00e4n innoittamana ja\u2026","rel":"","context":"Kategoriassa &quot;Andalusia&quot;","block_context":{"text":"Andalusia","link":"https:\/\/www.satokangas.fi\/blogi\/category\/reissut\/andalusia\/"},"img":{"alt_text":"","src":"https:\/\/i0.wp.com\/www.satokangas.fi\/blogi\/wp-content\/uploads\/2023\/12\/Granadaan_1-11.jpg?resize=350%2C200&ssl=1","width":350,"height":200,"srcset":"https:\/\/i0.wp.com\/www.satokangas.fi\/blogi\/wp-content\/uploads\/2023\/12\/Granadaan_1-11.jpg?resize=350%2C200&ssl=1 1x, https:\/\/i0.wp.com\/www.satokangas.fi\/blogi\/wp-content\/uploads\/2023\/12\/Granadaan_1-11.jpg?resize=525%2C300&ssl=1 1.5x, https:\/\/i0.wp.com\/www.satokangas.fi\/blogi\/wp-content\/uploads\/2023\/12\/Granadaan_1-11.jpg?resize=700%2C400&ssl=1 2x"},"classes":[]},{"id":16323,"url":"https:\/\/www.satokangas.fi\/blogi\/2013\/01\/kuvien-maailmaan\/","url_meta":{"origin":29574,"position":4},"title":"Kuvien maailmaan","author":"Reija","date":"22.1.2013","format":false,"excerpt":"Pist\u00e4np\u00e4 viel\u00e4 t\u00e4lle p\u00e4iv\u00e4lle toisenkin postauksen tuon aamulla t\u00f6iss\u00e4 kirjoitetun lis\u00e4ksi. Enp\u00e4 ennen ole kyll\u00e4 t\u00f6iss\u00e4 bloggaillut, mutta kun olin aamulla niin helpottunut ett\u00e4 oli vaan kirjoitettava... :) Mutta nyt iltasella jo n\u00e4it\u00e4 tavallisempia tarinoita. Elikk\u00e4s haluan n\u00e4ytt\u00e4\u00e4, ett\u00e4 olen min\u00e4 v\u00e4h\u00e4n oppinut sit\u00e4 valomaalausta, joka on t\u00e4m\u00e4n p\u00e4iv\u00e4n digikurssin\u2026","rel":"","context":"Kategoriassa &quot;Valokuvaus&quot;","block_context":{"text":"Valokuvaus","link":"https:\/\/www.satokangas.fi\/blogi\/category\/valokuvaus\/"},"img":{"alt_text":"Valomaalaus3 (Custom)","src":"https:\/\/i0.wp.com\/www.satokangas.fi\/blogi\/wp-content\/uploads\/2013\/01\/Valomaalaus3-Custom-400x400.jpg?resize=350%2C200&ssl=1","width":350,"height":200},"classes":[]},{"id":1750,"url":"https:\/\/www.satokangas.fi\/blogi\/2008\/11\/mennyt-maailma\/","url_meta":{"origin":29574,"position":5},"title":"Mennyt maailma","author":"Reija","date":"30.11.2008","format":false,"excerpt":"Itsen\u00e4isyysp\u00e4iv\u00e4n lehteen v\u00e4rkk\u00e4\u00e4n artikkelia, mink\u00e4 vuoksi olen t\u00e4ss\u00e4 lueskellut V\u00e4nrikki Stoolin tarinoita. Koulussa meill\u00e4 ei niit\u00e4 luettu, vain runo sielt\u00e4, toinen t\u00e4\u00e4lt\u00e4. \u00a0Cajanderin suomentama Sotilaspoika sent\u00e4\u00e4n\u00a0 piti opetella ulkoa johonkin itsen\u00e4isyysp\u00e4iv\u00e4n juhlaan. Nyt kun - sukutapaamisen aiheuttamassa historiahavinassa muutoinkin viel\u00e4 viivyn - luen Sotilaspojan s\u00e4keit\u00e4, palautuu nen\u00e4\u00e4n Koskelankyl\u00e4n kansakoulun tuoksu\u2026","rel":"","context":"Kategoriassa &quot;Historiaa&quot;","block_context":{"text":"Historiaa","link":"https:\/\/www.satokangas.fi\/blogi\/category\/historiaa\/"},"img":{"alt_text":"","src":"","width":0,"height":0},"classes":[]}],"_links":{"self":[{"href":"https:\/\/www.satokangas.fi\/blogi\/wp-json\/wp\/v2\/posts\/29574","targetHints":{"allow":["GET"]}}],"collection":[{"href":"https:\/\/www.satokangas.fi\/blogi\/wp-json\/wp\/v2\/posts"}],"about":[{"href":"https:\/\/www.satokangas.fi\/blogi\/wp-json\/wp\/v2\/types\/post"}],"author":[{"embeddable":true,"href":"https:\/\/www.satokangas.fi\/blogi\/wp-json\/wp\/v2\/users\/1"}],"replies":[{"embeddable":true,"href":"https:\/\/www.satokangas.fi\/blogi\/wp-json\/wp\/v2\/comments?post=29574"}],"version-history":[{"count":0,"href":"https:\/\/www.satokangas.fi\/blogi\/wp-json\/wp\/v2\/posts\/29574\/revisions"}],"wp:attachment":[{"href":"https:\/\/www.satokangas.fi\/blogi\/wp-json\/wp\/v2\/media?parent=29574"}],"wp:term":[{"taxonomy":"category","embeddable":true,"href":"https:\/\/www.satokangas.fi\/blogi\/wp-json\/wp\/v2\/categories?post=29574"},{"taxonomy":"post_tag","embeddable":true,"href":"https:\/\/www.satokangas.fi\/blogi\/wp-json\/wp\/v2\/tags?post=29574"}],"curies":[{"name":"wp","href":"https:\/\/api.w.org\/{rel}","templated":true}]}}