{"id":28903,"date":"2016-08-07T21:12:14","date_gmt":"2016-08-07T18:12:14","guid":{"rendered":"https:\/\/www.satokangas.fi\/blogi\/?p=28903"},"modified":"2018-07-12T22:24:18","modified_gmt":"2018-07-12T19:24:18","slug":"kalaasien-jalkeen-kuvauspaiva","status":"publish","type":"post","link":"https:\/\/www.satokangas.fi\/blogi\/2016\/08\/kalaasien-jalkeen-kuvauspaiva\/","title":{"rendered":"Kalaasien j\u00e4lkeen kuvausp\u00e4iv\u00e4"},"content":{"rendered":"<p>Yst\u00e4v\u00e4t sanoivat, ett\u00e4 oli kes\u00e4n kohokohta, tai ainakin yksi t\u00e4rkeimmist\u00e4. Siis Kalaasit meill\u00e4. Onhan ne meillekin yksi kes\u00e4n kohokohta. Ollut jo kauan.<\/p>\n<p>Eilen ne taas oli. Ja kyll\u00e4 me jo puolen p\u00e4iv\u00e4n j\u00e4lkeen Pehtoorin kanssa olimme v\u00e4h\u00e4n huolissamme, ett\u00e4 mit\u00e4 olemme unohtaneet, onko joku asia j\u00e4\u00e4nyt tekem\u00e4tt\u00e4, ruoka valmistamatta, piha tai Festa jotenkin j\u00e4rjest\u00e4m\u00e4tt\u00e4? Sellaisia pohdimme, kun kaikki alkoi olla valmiina jo monta tuntia etuajassa&#8230; Sellainen huolettaa.<\/p>\n<p>Mutta ilmeisesti ei, koskapa ilta pitk\u00e4lle yli puoleny\u00f6n sujui mallikkaasti, ruokaa oli riitt\u00e4v\u00e4sti, p\u00e4\u00e4osin ihan hyv\u00e4\u00e4, kurkkukeitto tosin hieman liian valkosipulista [ainakin minun mielest\u00e4ni], pinacolada-kakussa liian v\u00e4h\u00e4n rommia ja kookosta [minun mielest\u00e4ni], jokirapukastike kuhan kera oli oivallista [useimpien mielest\u00e4], samppanja ja Kyr\u00f6 Distelleryn lonkero ja Haaparannan Amarone erinomaista [kaikkien mielest\u00e4].<\/p>\n<p style=\"text-align: center;\"><a href=\"https:\/\/www.satokangas.fi\/blogi\/wp-content\/uploads\/2016\/08\/Kalaasit-10.jpg\"><img loading=\"lazy\" decoding=\"async\" data-attachment-id=\"28909\" data-permalink=\"https:\/\/www.satokangas.fi\/blogi\/2016\/08\/kalaasien-jalkeen-kuvauspaiva\/kalaasit-10-3\/\" data-orig-file=\"https:\/\/www.satokangas.fi\/blogi\/wp-content\/uploads\/2016\/08\/Kalaasit-10.jpg\" data-orig-size=\"1600,1067\" data-comments-opened=\"1\" data-image-meta=\"{&quot;aperture&quot;:&quot;4.5&quot;,&quot;credit&quot;:&quot;&quot;,&quot;camera&quot;:&quot;Canon EOS 6D&quot;,&quot;caption&quot;:&quot;&quot;,&quot;created_timestamp&quot;:&quot;1470506368&quot;,&quot;copyright&quot;:&quot;&quot;,&quot;focal_length&quot;:&quot;58&quot;,&quot;iso&quot;:&quot;160&quot;,&quot;shutter_speed&quot;:&quot;0.076923076923077&quot;,&quot;title&quot;:&quot;&quot;,&quot;orientation&quot;:&quot;0&quot;}\" data-image-title=\"Kalaasit-10\" data-image-description=\"\" data-image-caption=\"\" data-large-file=\"https:\/\/www.satokangas.fi\/blogi\/wp-content\/uploads\/2016\/08\/Kalaasit-10-1536x1024.jpg\" class=\"aligncenter size-medium wp-image-28909\" src=\"https:\/\/www.satokangas.fi\/blogi\/wp-content\/uploads\/2016\/08\/Kalaasit-10-600x400.jpg\" alt=\"Kalaasit-10\" width=\"600\" height=\"400\" srcset=\"https:\/\/www.satokangas.fi\/blogi\/wp-content\/uploads\/2016\/08\/Kalaasit-10-600x400.jpg 600w, https:\/\/www.satokangas.fi\/blogi\/wp-content\/uploads\/2016\/08\/Kalaasit-10-300x200.jpg 300w, https:\/\/www.satokangas.fi\/blogi\/wp-content\/uploads\/2016\/08\/Kalaasit-10-768x512.jpg 768w, https:\/\/www.satokangas.fi\/blogi\/wp-content\/uploads\/2016\/08\/Kalaasit-10-1536x1024.jpg 1536w, https:\/\/www.satokangas.fi\/blogi\/wp-content\/uploads\/2016\/08\/Kalaasit-10.jpg 1600w\" sizes=\"auto, (max-width: 600px) 100vw, 600px\" \/><\/a><\/p>\n<p>Jutuista ei ollut puutetta, eik\u00e4 aputy\u00f6voimasta [k\u00e4yt\u00e4nt\u00f6 toimii aina vaan paremmin, aina vaan tyytyv\u00e4isempi\u00e4 me kaikki olemme siihen]. Jokainen pariskunta vuorollaan, &#8211; sopivasti kuuden ruokalajin menu, kuusi pariskuntaa,\u00a0&#8211;\u00a0ovat apuna yhden ruokalajin esillepanossa, viimeistelyss\u00e4, tarjoilussa ja sen j\u00e4lkeen astioiden bloggaamisessa (ks. eilisest\u00e4 postauksesta menu. Siell\u00e4 suluissa nimikirjaimet esim. M &amp; \u00a0I tarkoittaa kenen huki on olla serviisiss\u00e4). Toimii. Edelleenkin meille j\u00e4\u00e4 Pehtoorin kanssa puuhaa tiskikoneiden t\u00e4yt\u00f6ss\u00e4\/tyhjent\u00e4misess\u00e4, juomien kaatamisessa etc. mutta menee siin\u00e4 ohessa. Muutkin tekev\u00e4t. Siin\u00e4 se sujuu. Mekin ehdimme seurustella, emmek\u00e4 vain serveerata. Suosittelen soveltamista omiin juhliinne.<\/p>\n<p style=\"text-align: center;\"><a href=\"https:\/\/www.satokangas.fi\/blogi\/wp-content\/uploads\/2016\/08\/Kalaasit-11.jpg\"><img loading=\"lazy\" decoding=\"async\" data-attachment-id=\"28910\" data-permalink=\"https:\/\/www.satokangas.fi\/blogi\/2016\/08\/kalaasien-jalkeen-kuvauspaiva\/kalaasit-11-2\/\" data-orig-file=\"https:\/\/www.satokangas.fi\/blogi\/wp-content\/uploads\/2016\/08\/Kalaasit-11.jpg\" data-orig-size=\"904,1600\" data-comments-opened=\"1\" data-image-meta=\"{&quot;aperture&quot;:&quot;6.3&quot;,&quot;credit&quot;:&quot;&quot;,&quot;camera&quot;:&quot;Canon EOS 6D&quot;,&quot;caption&quot;:&quot;&quot;,&quot;created_timestamp&quot;:&quot;1470503526&quot;,&quot;copyright&quot;:&quot;&quot;,&quot;focal_length&quot;:&quot;65&quot;,&quot;iso&quot;:&quot;640&quot;,&quot;shutter_speed&quot;:&quot;0.00125&quot;,&quot;title&quot;:&quot;&quot;,&quot;orientation&quot;:&quot;0&quot;}\" data-image-title=\"Kalaasit-11\" data-image-description=\"\" data-image-caption=\"\" data-large-file=\"https:\/\/www.satokangas.fi\/blogi\/wp-content\/uploads\/2016\/08\/Kalaasit-11-579x1024.jpg\" class=\"aligncenter size-medium wp-image-28910\" src=\"https:\/\/www.satokangas.fi\/blogi\/wp-content\/uploads\/2016\/08\/Kalaasit-11-226x400.jpg\" alt=\"Kalaasit-11\" width=\"226\" height=\"400\" srcset=\"https:\/\/www.satokangas.fi\/blogi\/wp-content\/uploads\/2016\/08\/Kalaasit-11-226x400.jpg 226w, https:\/\/www.satokangas.fi\/blogi\/wp-content\/uploads\/2016\/08\/Kalaasit-11-170x300.jpg 170w, https:\/\/www.satokangas.fi\/blogi\/wp-content\/uploads\/2016\/08\/Kalaasit-11-768x1359.jpg 768w, https:\/\/www.satokangas.fi\/blogi\/wp-content\/uploads\/2016\/08\/Kalaasit-11-579x1024.jpg 579w, https:\/\/www.satokangas.fi\/blogi\/wp-content\/uploads\/2016\/08\/Kalaasit-11.jpg 904w\" sizes=\"auto, (max-width: 226px) 100vw, 226px\" \/><\/a><\/p>\n<p>Eilen oli huippu kelikin. Alkuillasta pikkuperhekin piipahti; Aapeli reppana oli v\u00e4h\u00e4n ihmeiss\u00e4\u00e4n mummilaan tulleesta h\u00e4lyst\u00e4 ja v\u00e4enpaljoudesta, mutta minusta oli mukava kun k\u00e4viv\u00e4t. Juniorin lis\u00e4ksi toinenkin toisen polven <a href=\"https:\/\/www.satokangas.fi\/blogi\/2010\/09\/san-lorenzo\/\">grupposanlorenzolainen<\/a> ilahdutti k\u00e4ym\u00e4ll\u00e4 kalaaseissa, edes kakulla ja hakemassa vanhempansa kotiin.<\/p>\n<p>Viimeisenkin taksin takavalojen k\u00e4\u00e4nnytty\u00e4 kujan p\u00e4\u00e4st\u00e4 kohti kaupunkia (noin yhdelt\u00e4), ajattelimme tovin, ett\u00e4 j\u00e4t\u00e4mme silleen: &#8221;siivotaan aamulla&#8221;, mutta sen verran ylikierroksia oli, ett\u00e4 katsoimme parhaaksi hoidella hommat loppuun. Hyv\u00e4 niin.<\/p>\n<p>Aamukahdeksalta loppui uni, j\u00e4tin lenkin v\u00e4liin, ja eikun n\u00e4ytt\u00f6kuvien pariin. Monta tuntia kuvailin, reportaasi (8 kuvaa) nimell\u00e4 &#8221;Limoncellon valmistus&#8221; oli aiheena.<\/p>\n<p>Saapa n\u00e4hd\u00e4, tuleeko siit\u00e4 palautuskelpoista, mutta sitten iltap\u00e4iv\u00e4ll\u00e4 toisen teht\u00e4v\u00e4n kimppuun: Mini\u00e4n kanssa oli sovittu, ett\u00e4 kuvailen Aapelia &#8221;Henkil\u00f6 milj\u00f6\u00f6ss\u00e4&#8221; -sarjaan. Aie oli menn\u00e4 huomenna puistoon, mutta varhaistimmekin sit\u00e4. Juniorin tarhan (Taskilan p\u00e4iv\u00e4koti) vieress\u00e4 on meille kovin tuttu leikkipuisto, ja sinne teimme treffit. Olipas hyv\u00e4 valo kuvata, ja Aapelihan on paras. Ihana, aurinkoinen, ja \u00a0suhtautuu kovin luontevasti siihen, ett\u00e4 mummi h\u00e4\u00e4r\u00e4\u00e4 kameran kanssa &#8230; Reilu tunti puistossa ja yli 200 kuvaa. Kyll\u00e4 niist\u00e4 viiden kuvan sarja viel\u00e4 t\u00e4n\u00e4 iltana valmistuu. \ud83d\ude42<\/p>\n<p style=\"text-align: center;\"><a href=\"https:\/\/www.satokangas.fi\/blogi\/wp-content\/uploads\/2016\/08\/Aapeli-puistossa-4.jpg\"><img loading=\"lazy\" decoding=\"async\" data-attachment-id=\"28905\" data-permalink=\"https:\/\/www.satokangas.fi\/blogi\/2016\/08\/kalaasien-jalkeen-kuvauspaiva\/aapeli-puistossa-4\/\" data-orig-file=\"https:\/\/www.satokangas.fi\/blogi\/wp-content\/uploads\/2016\/08\/Aapeli-puistossa-4.jpg\" data-orig-size=\"1067,1600\" data-comments-opened=\"1\" data-image-meta=\"{&quot;aperture&quot;:&quot;2.8&quot;,&quot;credit&quot;:&quot;&quot;,&quot;camera&quot;:&quot;Canon EOS 6D&quot;,&quot;caption&quot;:&quot;&quot;,&quot;created_timestamp&quot;:&quot;1470582336&quot;,&quot;copyright&quot;:&quot;&quot;,&quot;focal_length&quot;:&quot;100&quot;,&quot;iso&quot;:&quot;800&quot;,&quot;shutter_speed&quot;:&quot;0.00025&quot;,&quot;title&quot;:&quot;&quot;,&quot;orientation&quot;:&quot;0&quot;}\" data-image-title=\"Aapeli puistossa-4\" data-image-description=\"\" data-image-caption=\"\" data-large-file=\"https:\/\/www.satokangas.fi\/blogi\/wp-content\/uploads\/2016\/08\/Aapeli-puistossa-4-683x1024.jpg\" class=\"size-medium wp-image-28905 alignnone\" src=\"https:\/\/www.satokangas.fi\/blogi\/wp-content\/uploads\/2016\/08\/Aapeli-puistossa-4-267x400.jpg\" alt=\"Aapeli puistossa-4\" width=\"267\" height=\"400\" srcset=\"https:\/\/www.satokangas.fi\/blogi\/wp-content\/uploads\/2016\/08\/Aapeli-puistossa-4-267x400.jpg 267w, https:\/\/www.satokangas.fi\/blogi\/wp-content\/uploads\/2016\/08\/Aapeli-puistossa-4-200x300.jpg 200w, https:\/\/www.satokangas.fi\/blogi\/wp-content\/uploads\/2016\/08\/Aapeli-puistossa-4-768x1152.jpg 768w, https:\/\/www.satokangas.fi\/blogi\/wp-content\/uploads\/2016\/08\/Aapeli-puistossa-4-683x1024.jpg 683w, https:\/\/www.satokangas.fi\/blogi\/wp-content\/uploads\/2016\/08\/Aapeli-puistossa-4.jpg 1067w\" sizes=\"auto, (max-width: 267px) 100vw, 267px\" \/><\/a><\/p>\n<p style=\"text-align: center;\"><a href=\"https:\/\/www.satokangas.fi\/blogi\/wp-content\/uploads\/2016\/08\/Aapeli-puistossa-7.jpg\"><img loading=\"lazy\" decoding=\"async\" data-attachment-id=\"28906\" data-permalink=\"https:\/\/www.satokangas.fi\/blogi\/2016\/08\/kalaasien-jalkeen-kuvauspaiva\/aapeli-puistossa-7\/\" data-orig-file=\"https:\/\/www.satokangas.fi\/blogi\/wp-content\/uploads\/2016\/08\/Aapeli-puistossa-7.jpg\" data-orig-size=\"1600,1345\" data-comments-opened=\"1\" data-image-meta=\"{&quot;aperture&quot;:&quot;3.2&quot;,&quot;credit&quot;:&quot;&quot;,&quot;camera&quot;:&quot;Canon EOS 6D&quot;,&quot;caption&quot;:&quot;&quot;,&quot;created_timestamp&quot;:&quot;1470583827&quot;,&quot;copyright&quot;:&quot;&quot;,&quot;focal_length&quot;:&quot;100&quot;,&quot;iso&quot;:&quot;500&quot;,&quot;shutter_speed&quot;:&quot;0.00025&quot;,&quot;title&quot;:&quot;&quot;,&quot;orientation&quot;:&quot;0&quot;}\" data-image-title=\"Aapeli puistossa-7\" data-image-description=\"\" data-image-caption=\"\" data-large-file=\"https:\/\/www.satokangas.fi\/blogi\/wp-content\/uploads\/2016\/08\/Aapeli-puistossa-7-1218x1024.jpg\" class=\"size-medium wp-image-28906 alignnone\" src=\"https:\/\/www.satokangas.fi\/blogi\/wp-content\/uploads\/2016\/08\/Aapeli-puistossa-7-476x400.jpg\" alt=\"Aapeli puistossa-7\" width=\"476\" height=\"400\" srcset=\"https:\/\/www.satokangas.fi\/blogi\/wp-content\/uploads\/2016\/08\/Aapeli-puistossa-7-476x400.jpg 476w, https:\/\/www.satokangas.fi\/blogi\/wp-content\/uploads\/2016\/08\/Aapeli-puistossa-7-300x252.jpg 300w, https:\/\/www.satokangas.fi\/blogi\/wp-content\/uploads\/2016\/08\/Aapeli-puistossa-7-768x646.jpg 768w, https:\/\/www.satokangas.fi\/blogi\/wp-content\/uploads\/2016\/08\/Aapeli-puistossa-7-1218x1024.jpg 1218w, https:\/\/www.satokangas.fi\/blogi\/wp-content\/uploads\/2016\/08\/Aapeli-puistossa-7.jpg 1600w\" sizes=\"auto, (max-width: 476px) 100vw, 476px\" \/><\/a><\/p>\n<p style=\"text-align: center;\"><a href=\"https:\/\/www.satokangas.fi\/blogi\/wp-content\/uploads\/2016\/08\/Aapeli-puistossa-2.jpg\"><img loading=\"lazy\" decoding=\"async\" data-attachment-id=\"28904\" data-permalink=\"https:\/\/www.satokangas.fi\/blogi\/2016\/08\/kalaasien-jalkeen-kuvauspaiva\/aapeli-puistossa-2\/\" data-orig-file=\"https:\/\/www.satokangas.fi\/blogi\/wp-content\/uploads\/2016\/08\/Aapeli-puistossa-2.jpg\" data-orig-size=\"1600,1079\" data-comments-opened=\"1\" data-image-meta=\"{&quot;aperture&quot;:&quot;6.3&quot;,&quot;credit&quot;:&quot;&quot;,&quot;camera&quot;:&quot;Canon EOS 6D&quot;,&quot;caption&quot;:&quot;&quot;,&quot;created_timestamp&quot;:&quot;1470583093&quot;,&quot;copyright&quot;:&quot;&quot;,&quot;focal_length&quot;:&quot;200&quot;,&quot;iso&quot;:&quot;800&quot;,&quot;shutter_speed&quot;:&quot;0.00025&quot;,&quot;title&quot;:&quot;&quot;,&quot;orientation&quot;:&quot;0&quot;}\" data-image-title=\"Aapeli puistossa-2\" data-image-description=\"\" data-image-caption=\"\" data-large-file=\"https:\/\/www.satokangas.fi\/blogi\/wp-content\/uploads\/2016\/08\/Aapeli-puistossa-2-1518x1024.jpg\" class=\"size-medium wp-image-28904 alignnone\" src=\"https:\/\/www.satokangas.fi\/blogi\/wp-content\/uploads\/2016\/08\/Aapeli-puistossa-2-593x400.jpg\" alt=\"Aapeli puistossa-2\" width=\"593\" height=\"400\" srcset=\"https:\/\/www.satokangas.fi\/blogi\/wp-content\/uploads\/2016\/08\/Aapeli-puistossa-2-593x400.jpg 593w, https:\/\/www.satokangas.fi\/blogi\/wp-content\/uploads\/2016\/08\/Aapeli-puistossa-2-300x202.jpg 300w, https:\/\/www.satokangas.fi\/blogi\/wp-content\/uploads\/2016\/08\/Aapeli-puistossa-2-768x518.jpg 768w, https:\/\/www.satokangas.fi\/blogi\/wp-content\/uploads\/2016\/08\/Aapeli-puistossa-2-1518x1024.jpg 1518w, https:\/\/www.satokangas.fi\/blogi\/wp-content\/uploads\/2016\/08\/Aapeli-puistossa-2.jpg 1600w\" sizes=\"auto, (max-width: 593px) 100vw, 593px\" \/><\/a><\/p>\n<p style=\"text-align: center;\"><a href=\"https:\/\/www.satokangas.fi\/blogi\/wp-content\/uploads\/2016\/08\/Aapeli-puistossa-10.jpg\"><img loading=\"lazy\" decoding=\"async\" data-attachment-id=\"28907\" data-permalink=\"https:\/\/www.satokangas.fi\/blogi\/2016\/08\/kalaasien-jalkeen-kuvauspaiva\/aapeli-puistossa-10\/\" data-orig-file=\"https:\/\/www.satokangas.fi\/blogi\/wp-content\/uploads\/2016\/08\/Aapeli-puistossa-10.jpg\" data-orig-size=\"1600,800\" data-comments-opened=\"1\" data-image-meta=\"{&quot;aperture&quot;:&quot;5.6&quot;,&quot;credit&quot;:&quot;&quot;,&quot;camera&quot;:&quot;Canon EOS 6D&quot;,&quot;caption&quot;:&quot;&quot;,&quot;created_timestamp&quot;:&quot;1470582440&quot;,&quot;copyright&quot;:&quot;&quot;,&quot;focal_length&quot;:&quot;100&quot;,&quot;iso&quot;:&quot;800&quot;,&quot;shutter_speed&quot;:&quot;0.0003125&quot;,&quot;title&quot;:&quot;&quot;,&quot;orientation&quot;:&quot;0&quot;}\" data-image-title=\"Aapeli puistossa-10\" data-image-description=\"\" data-image-caption=\"\" data-large-file=\"https:\/\/www.satokangas.fi\/blogi\/wp-content\/uploads\/2016\/08\/Aapeli-puistossa-10-1600x800.jpg\" class=\"size-medium wp-image-28907 alignnone\" src=\"https:\/\/www.satokangas.fi\/blogi\/wp-content\/uploads\/2016\/08\/Aapeli-puistossa-10-600x300.jpg\" alt=\"Aapeli puistossa-10\" width=\"600\" height=\"300\" srcset=\"https:\/\/www.satokangas.fi\/blogi\/wp-content\/uploads\/2016\/08\/Aapeli-puistossa-10-600x300.jpg 600w, https:\/\/www.satokangas.fi\/blogi\/wp-content\/uploads\/2016\/08\/Aapeli-puistossa-10-300x150.jpg 300w, https:\/\/www.satokangas.fi\/blogi\/wp-content\/uploads\/2016\/08\/Aapeli-puistossa-10-768x384.jpg 768w, https:\/\/www.satokangas.fi\/blogi\/wp-content\/uploads\/2016\/08\/Aapeli-puistossa-10.jpg 1600w\" sizes=\"auto, (max-width: 600px) 100vw, 600px\" \/><\/a><\/p>\n<p><a href=\"https:\/\/www.satokangas.fi\/blogi\/wp-content\/uploads\/2016\/08\/Aapeli-puistossa-11.jpg\"><img loading=\"lazy\" decoding=\"async\" data-attachment-id=\"28908\" data-permalink=\"https:\/\/www.satokangas.fi\/blogi\/2016\/08\/kalaasien-jalkeen-kuvauspaiva\/aapeli-puistossa-11\/\" data-orig-file=\"https:\/\/www.satokangas.fi\/blogi\/wp-content\/uploads\/2016\/08\/Aapeli-puistossa-11.jpg\" data-orig-size=\"1600,1067\" data-comments-opened=\"1\" data-image-meta=\"{&quot;aperture&quot;:&quot;3.2&quot;,&quot;credit&quot;:&quot;&quot;,&quot;camera&quot;:&quot;Canon EOS 6D&quot;,&quot;caption&quot;:&quot;&quot;,&quot;created_timestamp&quot;:&quot;1470583911&quot;,&quot;copyright&quot;:&quot;&quot;,&quot;focal_length&quot;:&quot;100&quot;,&quot;iso&quot;:&quot;500&quot;,&quot;shutter_speed&quot;:&quot;0.00025&quot;,&quot;title&quot;:&quot;&quot;,&quot;orientation&quot;:&quot;0&quot;}\" data-image-title=\"Aapeli puistossa-11\" data-image-description=\"\" data-image-caption=\"\" data-large-file=\"https:\/\/www.satokangas.fi\/blogi\/wp-content\/uploads\/2016\/08\/Aapeli-puistossa-11-1536x1024.jpg\" class=\"size-medium wp-image-28908 aligncenter\" src=\"https:\/\/www.satokangas.fi\/blogi\/wp-content\/uploads\/2016\/08\/Aapeli-puistossa-11-600x400.jpg\" alt=\"Aapeli puistossa-11\" width=\"600\" height=\"400\" srcset=\"https:\/\/www.satokangas.fi\/blogi\/wp-content\/uploads\/2016\/08\/Aapeli-puistossa-11-600x400.jpg 600w, https:\/\/www.satokangas.fi\/blogi\/wp-content\/uploads\/2016\/08\/Aapeli-puistossa-11-300x200.jpg 300w, https:\/\/www.satokangas.fi\/blogi\/wp-content\/uploads\/2016\/08\/Aapeli-puistossa-11-768x512.jpg 768w, https:\/\/www.satokangas.fi\/blogi\/wp-content\/uploads\/2016\/08\/Aapeli-puistossa-11-1536x1024.jpg 1536w, https:\/\/www.satokangas.fi\/blogi\/wp-content\/uploads\/2016\/08\/Aapeli-puistossa-11.jpg 1600w\" sizes=\"auto, (max-width: 600px) 100vw, 600px\" \/><\/a><\/p>\n<p>Kuvaussession j\u00e4lkeen nuoret olivat sitten r\u00e4\u00e4ppi\u00e4isiss\u00e4 &#8230; Ei paljon ollut j\u00e4\u00e4nyt, mutta jotain kuitenkin, v\u00e4h\u00e4n jatketta tein.<\/p>\n<p>Nyt on elokuun jutuista 1\/3 &#8221;suoritettu&#8221;. Eilisen j\u00e4lkeen tulevia odotelessa hyv\u00e4 mieli.<\/p>\n","protected":false},"excerpt":{"rendered":"<p>Yst\u00e4v\u00e4t sanoivat, ett\u00e4 oli kes\u00e4n kohokohta, tai ainakin yksi t\u00e4rkeimmist\u00e4. Siis Kalaasit meill\u00e4. Onhan ne meillekin yksi kes\u00e4n kohokohta. Ollut jo kauan. Eilen ne taas oli. Ja kyll\u00e4 me jo puolen p\u00e4iv\u00e4n j\u00e4lkeen Pehtoorin kanssa olimme v\u00e4h\u00e4n huolissamme, ett\u00e4 mit\u00e4 olemme unohtaneet, onko joku asia j\u00e4\u00e4nyt tekem\u00e4tt\u00e4, ruoka valmistamatta, piha tai Festa jotenkin j\u00e4rjest\u00e4m\u00e4tt\u00e4? Sellaisia pohdimme, kun kaikki alkoi olla &hellip; <\/p>\n","protected":false},"author":1,"featured_media":0,"comment_status":"open","ping_status":"open","sticky":false,"template":"","format":"standard","meta":{"jetpack_post_was_ever_published":false,"_jetpack_newsletter_access":"","_jetpack_dont_email_post_to_subs":false,"_jetpack_newsletter_tier_id":0,"_jetpack_memberships_contains_paywalled_content":false,"_jetpack_memberships_contains_paid_content":false,"footnotes":"","jetpack_publicize_message":"","jetpack_publicize_feature_enabled":true,"jetpack_social_post_already_shared":true,"jetpack_social_options":{"image_generator_settings":{"template":"highway","default_image_id":0,"font":"","enabled":false},"version":2}},"categories":[75,82,17,37,77],"tags":[],"class_list":["post-28903","post","type-post","status-publish","format-standard","hentry","category-isovanhemmuus","category-kalaasit","category-ruoka_ja_viini","category-valokuvaus","category-vat","latest_post"],"jetpack_publicize_connections":[],"jetpack_featured_media_url":"","jetpack_shortlink":"https:\/\/wp.me\/pr4p4-7wb","jetpack_sharing_enabled":true,"jetpack_likes_enabled":false,"jetpack-related-posts":[{"id":22110,"url":"https:\/\/www.satokangas.fi\/blogi\/2014\/08\/kalaasien-alla\/","url_meta":{"origin":28903,"position":0},"title":"Kalaasien alla","author":"Reija","date":"6.8.2014","format":false,"excerpt":"T\u00f6iden j\u00e4lkeen retkahdin kotipiazzalle ja hyvin kategorisesti kielt\u00e4ydyin laittamasta ruokaa ennen kuin viilenee. Niinp\u00e4 sitten ryhdyimme suunnittelemaan lauantain kekkereit\u00e4! Yksi p\u00e4\u00e4nvaivaa aiheuttava juttu on plaseeraus. Katsokaas kun on niin, ett\u00e4 n\u00e4m\u00e4 kuusi pariskuntaa, jotka meill\u00e4 kerran vuodessa [useimmiten juuri elokuun toisena viikonloppuna, juuri koulun aloitusviikonloppuna, jolloin monet meist\u00e4 ovat\u00a0kouluj\u00e4rjestelm\u00e4n aikataulutuksista\u2026","rel":"","context":"Kategoriassa &quot;Ruoka ja viini&quot;","block_context":{"text":"Ruoka ja viini","link":"https:\/\/www.satokangas.fi\/blogi\/category\/ruoka_ja_viini\/"},"img":{"alt_text":"111-9","src":"https:\/\/i0.wp.com\/www.satokangas.fi\/blogi\/wp-content\/uploads\/2014\/08\/111-9-600x400.jpg?resize=350%2C200&ssl=1","width":350,"height":200,"srcset":"https:\/\/i0.wp.com\/www.satokangas.fi\/blogi\/wp-content\/uploads\/2014\/08\/111-9-600x400.jpg?resize=350%2C200&ssl=1 1x, https:\/\/i0.wp.com\/www.satokangas.fi\/blogi\/wp-content\/uploads\/2014\/08\/111-9-600x400.jpg?resize=525%2C300&ssl=1 1.5x"},"classes":[]},{"id":25598,"url":"https:\/\/www.satokangas.fi\/blogi\/2015\/08\/kalaasimenu-varustettuna-kommentein-ja-ohjein\/","url_meta":{"origin":28903,"position":1},"title":"Kalaasimenu varustettuna kommentein ja ohjein","author":"Reija","date":"16.8.2015","format":false,"excerpt":"Kes\u00e4sunnuntaiaamuun sai her\u00e4t\u00e4 t\u00e4n\u00e4\u00e4nkin. Aurinkoa koko p\u00e4iv\u00e4n, ja nyt viel\u00e4 kauniisti s\u00e4teit\u00e4 puiden v\u00e4list\u00e4. Aika vasta\u00a0palasimme py\u00f6r\u00e4lenkilt\u00e4 Nallikarista, jonne l\u00e4hdimme illansuussa sy\u00f6ty\u00e4mme. Nuoripari k\u00e4vi sy\u00f6m\u00e4ss\u00e4 eilisi\u00e4 r\u00e4\u00e4ppi\u00e4isi\u00e4, joita ei onneksi kovin paljoa ollutkaan. Tuntuu, ett\u00e4 eilen vieraille kyll\u00e4 maistui kaikki mit\u00e4 p\u00f6yt\u00e4\u00e4n tuotiin. N\u00e4lk\u00e4isi\u00e4 vieraita vai oliko ruoka oikeasti \"gourmettasoa\",\u2026","rel":"","context":"Kategoriassa &quot;Niit\u00e4 n\u00e4it\u00e4&quot;","block_context":{"text":"Niit\u00e4 n\u00e4it\u00e4","link":"https:\/\/www.satokangas.fi\/blogi\/category\/aiheeton\/"},"img":{"alt_text":"Kalaasit-9","src":"https:\/\/i0.wp.com\/www.satokangas.fi\/blogi\/wp-content\/uploads\/2015\/08\/Kalaasit-9-600x400.jpg?resize=350%2C200&ssl=1","width":350,"height":200,"srcset":"https:\/\/i0.wp.com\/www.satokangas.fi\/blogi\/wp-content\/uploads\/2015\/08\/Kalaasit-9-600x400.jpg?resize=350%2C200&ssl=1 1x, https:\/\/i0.wp.com\/www.satokangas.fi\/blogi\/wp-content\/uploads\/2015\/08\/Kalaasit-9-600x400.jpg?resize=525%2C300&ssl=1 1.5x"},"classes":[]},{"id":501,"url":"https:\/\/www.satokangas.fi\/blogi\/2008\/08\/loppulause-loman-lopuksi\/","url_meta":{"origin":28903,"position":2},"title":"Loppulause loman lopuksi","author":"Reija","date":"3.8.2008","format":false,"excerpt":"Suorituslista ennen loman alkua oli pitk\u00e4. Autotallin \ufffd?sisustus\ufffd? on oikeastaan ainoa tekem\u00e4tt\u00e4 j\u00e4\u00e4nyt. Sekin kohta listassani, jossa luki \ufffd?\u00c4l\u00e4 suorita\ufffd?, on toteutunut aika hyvin. Samalla kun ajatuksissani jo kokoan listaa syksyn t\u00f6ist\u00e4, on tullut mietitty\u00e4 kuluneen enn\u00e4tyspitk\u00e4n lomajakson mennytt\u00e4. Kes\u00e4n top 10, jotta niinkuin yhteenveto muistoista. \ufffd?El\u00e4m\u00e4 ei ole menneet\u2026","rel":"","context":"Kategoriassa &quot;Niit\u00e4 n\u00e4it\u00e4&quot;","block_context":{"text":"Niit\u00e4 n\u00e4it\u00e4","link":"https:\/\/www.satokangas.fi\/blogi\/category\/aiheeton\/"},"img":{"alt_text":"","src":"","width":0,"height":0},"classes":[]},{"id":39099,"url":"https:\/\/www.satokangas.fi\/blogi\/2020\/07\/talla-eraa-viimeinen-ehtoollinen\/","url_meta":{"origin":28903,"position":3},"title":"T\u00e4ll\u00e4 er\u00e4\u00e4 &#8221;Viimeinen ehtoollinen&#8221;","author":"Reija","date":"30.7.2020","format":false,"excerpt":"T\u00e4n\u00e4 kes\u00e4n\u00e4 ei ole kalaaseja meill\u00e4, ei rotiss\u00f6\u00f6rien kapitulia, ei viinikerhon rapukestej\u00e4, ei Sy\u00f6d\u00e4\u00e4n yhdess\u00e4 -tapahtumaa, - aiempien kesien Isot Juhlat ovat nyt menneit\u00e4, eik\u00e4 t\u00e4lle kes\u00e4lle sellaisia ole. Osin oman p\u00e4\u00e4t\u00f6ksen vuoksi, osin koronan vuoksi ruokajuhlat ovat pois kes\u00e4n ruoka- ja juhlakalenterista. (Ruoka)yst\u00e4vien ja kyl\u00e4n miesten ja naisten tapaamisia\u2026","rel":"","context":"Kategoriassa &quot;Ruoka ja viini&quot;","block_context":{"text":"Ruoka ja viini","link":"https:\/\/www.satokangas.fi\/blogi\/category\/ruoka_ja_viini\/"},"img":{"alt_text":"","src":"https:\/\/i0.wp.com\/www.satokangas.fi\/blogi\/wp-content\/uploads\/2020\/07\/juhlaviikot-2.jpg?resize=350%2C200&ssl=1","width":350,"height":200,"srcset":"https:\/\/i0.wp.com\/www.satokangas.fi\/blogi\/wp-content\/uploads\/2020\/07\/juhlaviikot-2.jpg?resize=350%2C200&ssl=1 1x, https:\/\/i0.wp.com\/www.satokangas.fi\/blogi\/wp-content\/uploads\/2020\/07\/juhlaviikot-2.jpg?resize=525%2C300&ssl=1 1.5x, https:\/\/i0.wp.com\/www.satokangas.fi\/blogi\/wp-content\/uploads\/2020\/07\/juhlaviikot-2.jpg?resize=700%2C400&ssl=1 2x"},"classes":[]},{"id":29011,"url":"https:\/\/www.satokangas.fi\/blogi\/2016\/08\/valkean-kaupungin-kalaasit-vol-3\/","url_meta":{"origin":28903,"position":4},"title":"Valkean kaupungin Kalaasit vol. 3","author":"Reija","date":"21.8.2016","format":false,"excerpt":"Voipunut, mutta edelleen hyvill\u00e4 mielin. Kapituli on ohi. - Kyll\u00e4, kyll\u00e4 se onnistui. Oulussa oli 348 paistink\u00e4\u00e4nt\u00e4j\u00e4\u00e4 aveceineen viett\u00e4m\u00e4ss\u00e4 ruoan ja juoman juhlaa, nauttimassa samanhenkisten seurasta, oppimassa uutta, maistelemassa, kokemassa, juhlimassa. He olivat ensin aloittelemassa juhla- ja viinijuhlatiedon \u00e4\u00e4rell\u00e4, sitten Nallikarin aurinkoisessa illassa barbeque\/beach-partyiss\u00e4, eilen leppoisilla lounailla ja viikonlopun huipentamalla\u2026","rel":"","context":"Kategoriassa &quot;Niit\u00e4 n\u00e4it\u00e4&quot;","block_context":{"text":"Niit\u00e4 n\u00e4it\u00e4","link":"https:\/\/www.satokangas.fi\/blogi\/category\/aiheeton\/"},"img":{"alt_text":"1-5","src":"https:\/\/i0.wp.com\/www.satokangas.fi\/blogi\/wp-content\/uploads\/2016\/08\/1-5-470x400.jpg?resize=350%2C200&ssl=1","width":350,"height":200},"classes":[]},{"id":22128,"url":"https:\/\/www.satokangas.fi\/blogi\/2014\/08\/kalaasien-jalkeen\/","url_meta":{"origin":28903,"position":5},"title":"Kalaasien j\u00e4lkeen.","author":"Reija","date":"10.8.2014","format":false,"excerpt":"Palaanpa viel\u00e4 eiliseen. Viel\u00e4 yksi postaus kalaaseista, sitten lopetan. Ensinn\u00e4kin se plaseerauskisa. No helpottiko se meid\u00e4n \"el\u00e4m\u00e4\u00e4 suurempaa plaseerausongelmaa?\" Saattaa tuntua pienelt\u00e4 asialta moinen plaseerausongelma, mutta mep\u00e4 saimme eilen kortin, josta vahvistui, ett\u00e4 ei ole kyse mist\u00e4\u00e4n merkityksett\u00f6m\u00e4st\u00e4 jutusta. Mahdollisuuksia kun on\u00a0aika rutkasti: 87 miljardia!!! mahdollisuutta vapaasti valittavina paikkoina! Ei\u2026","rel":"","context":"Kategoriassa &quot;Kalaasit&quot;","block_context":{"text":"Kalaasit","link":"https:\/\/www.satokangas.fi\/blogi\/category\/kalaasit\/"},"img":{"alt_text":"Laurentius","src":"https:\/\/i0.wp.com\/www.satokangas.fi\/blogi\/wp-content\/uploads\/2014\/08\/Laurentius-600x301.jpg?resize=350%2C200&ssl=1","width":350,"height":200,"srcset":"https:\/\/i0.wp.com\/www.satokangas.fi\/blogi\/wp-content\/uploads\/2014\/08\/Laurentius-600x301.jpg?resize=350%2C200&ssl=1 1x, https:\/\/i0.wp.com\/www.satokangas.fi\/blogi\/wp-content\/uploads\/2014\/08\/Laurentius-600x301.jpg?resize=525%2C300&ssl=1 1.5x"},"classes":[]}],"_links":{"self":[{"href":"https:\/\/www.satokangas.fi\/blogi\/wp-json\/wp\/v2\/posts\/28903","targetHints":{"allow":["GET"]}}],"collection":[{"href":"https:\/\/www.satokangas.fi\/blogi\/wp-json\/wp\/v2\/posts"}],"about":[{"href":"https:\/\/www.satokangas.fi\/blogi\/wp-json\/wp\/v2\/types\/post"}],"author":[{"embeddable":true,"href":"https:\/\/www.satokangas.fi\/blogi\/wp-json\/wp\/v2\/users\/1"}],"replies":[{"embeddable":true,"href":"https:\/\/www.satokangas.fi\/blogi\/wp-json\/wp\/v2\/comments?post=28903"}],"version-history":[{"count":0,"href":"https:\/\/www.satokangas.fi\/blogi\/wp-json\/wp\/v2\/posts\/28903\/revisions"}],"wp:attachment":[{"href":"https:\/\/www.satokangas.fi\/blogi\/wp-json\/wp\/v2\/media?parent=28903"}],"wp:term":[{"taxonomy":"category","embeddable":true,"href":"https:\/\/www.satokangas.fi\/blogi\/wp-json\/wp\/v2\/categories?post=28903"},{"taxonomy":"post_tag","embeddable":true,"href":"https:\/\/www.satokangas.fi\/blogi\/wp-json\/wp\/v2\/tags?post=28903"}],"curies":[{"name":"wp","href":"https:\/\/api.w.org\/{rel}","templated":true}]}}