{"id":27662,"date":"2016-02-23T21:08:54","date_gmt":"2016-02-23T19:08:54","guid":{"rendered":"https:\/\/www.satokangas.fi\/blogi\/?p=27662"},"modified":"2016-02-29T08:25:16","modified_gmt":"2016-02-29T06:25:16","slug":"talvi-matti-ja-karkauspaiva","status":"publish","type":"post","link":"https:\/\/www.satokangas.fi\/blogi\/2016\/02\/talvi-matti-ja-karkauspaiva\/","title":{"rendered":"Talvi-Matti ja karkausp\u00e4iv\u00e4"},"content":{"rendered":"<p>Huomenna on Talvi-Matti. Matin p\u00e4iv\u00e4 jakaa talven, siit\u00e4 siirryt\u00e4\u00e4n kev\u00e4ttalveen.\u00a0T\u00e4n\u00e4 vuonna on karkausp\u00e4iv\u00e4kin. Aina viime vuosituhannen lopulle, siis vuoteen 1998 asti, Suomessa Matin p\u00e4iv\u00e4 ja muut helmikuun lopun nimip\u00e4iv\u00e4t siirtyiv\u00e4t karkausvuosina yhdell\u00e4 eteenp\u00e4in. Aina vuoteen 2000 asti karkausp\u00e4iv\u00e4 oli Matin p\u00e4iv\u00e4n yhteydess\u00e4, eik\u00e4 kuun lopussa.<\/p>\n<p style=\"text-align: center;\"><a href=\"https:\/\/www.satokangas.fi\/blogi\/wp-content\/uploads\/2016\/02\/Kaiku-7.2.1880.jpg\" rel=\"attachment wp-att-27664\"><img loading=\"lazy\" decoding=\"async\" data-attachment-id=\"27664\" data-permalink=\"https:\/\/www.satokangas.fi\/blogi\/2016\/02\/talvi-matti-ja-karkauspaiva\/kaiku-7-2-1880\/\" data-orig-file=\"https:\/\/www.satokangas.fi\/blogi\/wp-content\/uploads\/2016\/02\/Kaiku-7.2.1880.jpg\" data-orig-size=\"426,268\" data-comments-opened=\"1\" data-image-meta=\"{&quot;aperture&quot;:&quot;0&quot;,&quot;credit&quot;:&quot;Reija&quot;,&quot;camera&quot;:&quot;&quot;,&quot;caption&quot;:&quot;&quot;,&quot;created_timestamp&quot;:&quot;1456258481&quot;,&quot;copyright&quot;:&quot;&quot;,&quot;focal_length&quot;:&quot;0&quot;,&quot;iso&quot;:&quot;0&quot;,&quot;shutter_speed&quot;:&quot;0&quot;,&quot;title&quot;:&quot;&quot;,&quot;orientation&quot;:&quot;0&quot;}\" data-image-title=\"Kaiku 7.2.1880\" data-image-description=\"\" data-image-caption=\"\" data-large-file=\"https:\/\/www.satokangas.fi\/blogi\/wp-content\/uploads\/2016\/02\/Kaiku-7.2.1880.jpg\" class=\"aligncenter size-full wp-image-27664\" src=\"https:\/\/www.satokangas.fi\/blogi\/wp-content\/uploads\/2016\/02\/Kaiku-7.2.1880.jpg\" alt=\"Kaiku 7.2.1880\" width=\"426\" height=\"268\" srcset=\"https:\/\/www.satokangas.fi\/blogi\/wp-content\/uploads\/2016\/02\/Kaiku-7.2.1880.jpg 426w, https:\/\/www.satokangas.fi\/blogi\/wp-content\/uploads\/2016\/02\/Kaiku-7.2.1880-300x189.jpg 300w\" sizes=\"auto, (max-width: 426px) 100vw, 426px\" \/><\/a><\/p>\n<p style=\"text-align: justify;\">Ja ainakin karkausvuosina Matin p\u00e4iv\u00e4n\u00e4 j\u00e4rjestettiin iltamia ja tansseja. Oulussa ilmestyneess\u00e4 Kaiku-lehdess\u00e4 ilmoitettiin\u00a07.2.1880, ett\u00e4 &#8221;Suomalaiset iltahuwit (nelj\u00e4nnet)&#8221; olisivat nimenomaan karkausp\u00e4iv\u00e4n\u00e4 24. p\u00e4iv\u00e4n\u00e4 &#8221;sosieteettihuoneessa&#8221;. Se oli nykyisen kaupungintalon (entisen Seurahuoneen) paikalla ollut puurakennus, joka sekin paloi Oulun palossa 1882.<\/p>\n<p style=\"text-align: justify;\">Hesarissa ilmoitettiin vuonna 1908, ett\u00e4 helmikuun viimeisen\u00e4 oli iltakonsertteja ja iltamia, ja &#8221;Laskiaishypyt&#8221;.<\/p>\n<p style=\"text-align: center;\"><a href=\"https:\/\/www.satokangas.fi\/blogi\/wp-content\/uploads\/2016\/02\/Hesari-29.2.1908.jpg\" rel=\"attachment wp-att-27663\"><img loading=\"lazy\" decoding=\"async\" data-attachment-id=\"27663\" data-permalink=\"https:\/\/www.satokangas.fi\/blogi\/2016\/02\/talvi-matti-ja-karkauspaiva\/hesari-29-2-1908\/\" data-orig-file=\"https:\/\/www.satokangas.fi\/blogi\/wp-content\/uploads\/2016\/02\/Hesari-29.2.1908.jpg\" data-orig-size=\"806,839\" data-comments-opened=\"1\" data-image-meta=\"{&quot;aperture&quot;:&quot;0&quot;,&quot;credit&quot;:&quot;Reija&quot;,&quot;camera&quot;:&quot;&quot;,&quot;caption&quot;:&quot;&quot;,&quot;created_timestamp&quot;:&quot;1456258859&quot;,&quot;copyright&quot;:&quot;&quot;,&quot;focal_length&quot;:&quot;0&quot;,&quot;iso&quot;:&quot;0&quot;,&quot;shutter_speed&quot;:&quot;0&quot;,&quot;title&quot;:&quot;&quot;,&quot;orientation&quot;:&quot;0&quot;}\" data-image-title=\"Hesari 29.2.1908\" data-image-description=\"\" data-image-caption=\"\" data-large-file=\"https:\/\/www.satokangas.fi\/blogi\/wp-content\/uploads\/2016\/02\/Hesari-29.2.1908.jpg\" class=\"size-medium wp-image-27663 aligncenter\" src=\"https:\/\/www.satokangas.fi\/blogi\/wp-content\/uploads\/2016\/02\/Hesari-29.2.1908-384x400.jpg\" alt=\"Hesari 29.2.1908\" width=\"384\" height=\"400\" srcset=\"https:\/\/www.satokangas.fi\/blogi\/wp-content\/uploads\/2016\/02\/Hesari-29.2.1908-384x400.jpg 384w, https:\/\/www.satokangas.fi\/blogi\/wp-content\/uploads\/2016\/02\/Hesari-29.2.1908-288x300.jpg 288w, https:\/\/www.satokangas.fi\/blogi\/wp-content\/uploads\/2016\/02\/Hesari-29.2.1908-768x799.jpg 768w, https:\/\/www.satokangas.fi\/blogi\/wp-content\/uploads\/2016\/02\/Hesari-29.2.1908.jpg 806w\" sizes=\"auto, (max-width: 384px) 100vw, 384px\" \/><\/a><\/p>\n<p style=\"text-align: justify;\">Miksi se on karkausp\u00e4iv\u00e4? Ei, se ei johdu siit\u00e4, ett\u00e4 miehet juoksevat karkuun, kun naisilla on &#8221;oikeus&#8221; kosia. Suomalainen karkausp\u00e4iv\u00e4-nimitys on aika poikkeava muista kielist\u00e4, ja sen taustalla on vanha ajanlaskun mittausv\u00e4line eli sauva tai levy, jossa oli reik\u00e4 jokaista viikon tai kuukauden p\u00e4iv\u00e4\u00e4 kohti. Kustaa Vilkuna kirjoittaa Vuotuinen ajantieto -kirjassaan:<\/p>\n<blockquote><p>Joka p\u00e4iv\u00e4 reik\u00e4\u00e4n pistetty\u00e4 tikkua siirrettiin vuorokauden vaihtuessa askel eteenp\u00e4in paitsi karkausp\u00e4iv\u00e4n\u00e4, jolloin se otettiin ylos, mutta painettiin j\u00e4lleen samaan reik\u00e4\u00e4n takaisin; se siis vain hyp\u00e4hti paikallaan, &#8221;karkasi&#8221; ja putosi jaloilleen. &#8211; &#8211; Nykysuomessa &#8221;karkaus&#8221; tarkoittaa pakenemista, mutta vanha kirjakieli ja viron kieli osoittavat, ett\u00e4 sen vanhin merkitys on \u00b4hyppy\u00b4, \u00b4hyp\u00e4hdys\u00b4, mit\u00e4 viron \u00b4karg\u00b4nimenomaan tarkoittaa.<\/p><\/blockquote>\n<p style=\"text-align: justify;\">Englannin kieless\u00e4 karkausp\u00e4iv\u00e4n nimi on muodostunut samalla tavalla: \u00b4leapyear\u00b4 ~ \u00b4hyppyvuosi\u00b4.<\/p>\n<p style=\"text-align: justify;\">T\u00e4m\u00e4n hyppyvuoden helmikuu on todellakin jo voiton puolella.<\/p>\n","protected":false},"excerpt":{"rendered":"<p>Huomenna on Talvi-Matti. Matin p\u00e4iv\u00e4 jakaa talven, siit\u00e4 siirryt\u00e4\u00e4n kev\u00e4ttalveen.\u00a0T\u00e4n\u00e4 vuonna on karkausp\u00e4iv\u00e4kin. Aina viime vuosituhannen lopulle, siis vuoteen 1998 asti, Suomessa Matin p\u00e4iv\u00e4 ja muut helmikuun lopun nimip\u00e4iv\u00e4t siirtyiv\u00e4t karkausvuosina yhdell\u00e4 eteenp\u00e4in. Aina vuoteen 2000 asti karkausp\u00e4iv\u00e4 oli Matin p\u00e4iv\u00e4n yhteydess\u00e4, eik\u00e4 kuun lopussa. Ja ainakin karkausvuosina Matin p\u00e4iv\u00e4n\u00e4 j\u00e4rjestettiin iltamia ja tansseja. Oulussa ilmestyneess\u00e4 Kaiku-lehdess\u00e4 ilmoitettiin\u00a07.2.1880, ett\u00e4 &#8221;Suomalaiset &hellip; <\/p>\n","protected":false},"author":1,"featured_media":0,"comment_status":"open","ping_status":"open","sticky":false,"template":"","format":"standard","meta":{"jetpack_post_was_ever_published":false,"_jetpack_newsletter_access":"","_jetpack_dont_email_post_to_subs":false,"_jetpack_newsletter_tier_id":0,"_jetpack_memberships_contains_paywalled_content":false,"_jetpack_memberships_contains_paid_content":false,"footnotes":"","jetpack_publicize_message":"","jetpack_publicize_feature_enabled":true,"jetpack_social_post_already_shared":true,"jetpack_social_options":{"image_generator_settings":{"template":"highway","default_image_id":0,"font":"","enabled":false},"version":2}},"categories":[13],"tags":[],"class_list":["post-27662","post","type-post","status-publish","format-standard","hentry","category-historiaa","latest_post"],"jetpack_publicize_connections":[],"jetpack_featured_media_url":"","jetpack_shortlink":"https:\/\/wp.me\/pr4p4-7ca","jetpack_sharing_enabled":true,"jetpack_likes_enabled":false,"jetpack-related-posts":[{"id":48600,"url":"https:\/\/www.satokangas.fi\/blogi\/2024\/02\/helmikuu-loppupuoli\/","url_meta":{"origin":27662,"position":0},"title":"Helmikuu loppupuoli","author":"Reija","date":"29.2.2024","format":false,"excerpt":"Liki kaksiviikkoa ollaan oltu m\u00f6kill\u00e4. V\u00e4h\u00e4n poikkeuksellinen on t\u00e4m\u00e4 kerta ollut. Monta asiaa toisin kuin useimmiten. S\u00e4\u00e4 on melkein koko ajan ollut hyvin samankaltainen, l\u00e4mp\u00f6mittarin lukemat (my\u00f6s \u00f6isin) nollan molemminpuolin, taivas on ollut pilvess\u00e4 (pl. paria ensimm\u00e4ist\u00e4 p\u00e4iv\u00e4\u00e4), maisema harmaa, vain harmaa. Lunta paljon, sit\u00e4 on sadellut p\u00e4ivitt\u00e4in v\u00e4h\u00e4n, vain\u2026","rel":"","context":"Kategoriassa &quot;Niit\u00e4 n\u00e4it\u00e4&quot;","block_context":{"text":"Niit\u00e4 n\u00e4it\u00e4","link":"https:\/\/www.satokangas.fi\/blogi\/category\/aiheeton\/"},"img":{"alt_text":"","src":"https:\/\/i0.wp.com\/www.satokangas.fi\/blogi\/wp-content\/uploads\/2016\/02\/linkantyynyt_.jpg?resize=350%2C200&ssl=1","width":350,"height":200,"srcset":"https:\/\/i0.wp.com\/www.satokangas.fi\/blogi\/wp-content\/uploads\/2016\/02\/linkantyynyt_.jpg?resize=350%2C200&ssl=1 1x, https:\/\/i0.wp.com\/www.satokangas.fi\/blogi\/wp-content\/uploads\/2016\/02\/linkantyynyt_.jpg?resize=525%2C300&ssl=1 1.5x, https:\/\/i0.wp.com\/www.satokangas.fi\/blogi\/wp-content\/uploads\/2016\/02\/linkantyynyt_.jpg?resize=700%2C400&ssl=1 2x"},"classes":[]},{"id":44904,"url":"https:\/\/www.satokangas.fi\/blogi\/2023\/02\/talvi-mattina-vahan-on-paljon\/","url_meta":{"origin":27662,"position":1},"title":"Talvi-Mattina v\u00e4h\u00e4n on paljon","author":"Reija","date":"24.2.2023","format":false,"excerpt":"Se on talvi-Matti t\u00e4n\u00e4\u00e4n. Vanhassa kalenterissa my\u00f6s karkausp\u00e4iv\u00e4. Matin p\u00e4iv\u00e4 jakaa talven, siit\u00e4 siirryt\u00e4\u00e4n kev\u00e4ttalveen. T\u00e4\u00e4ll\u00e4 Talvi-Matista enemm\u00e4n. Onhan t\u00e4lle p\u00e4iv\u00e4m\u00e4\u00e4r\u00e4lle paljon synkempikin kalenterimerkint\u00e4 - on jo vuosi kulunut. Mutta t\u00e4\u00e4ll\u00e4 maailman laidalla v\u00e4ist\u00e4m\u00e4tt\u00e4 p\u00e4\u00e4llimm\u00e4inen ajatus kuitenkin on, ett\u00e4 on talvi. Paukkupakkanen on ohi, - ainakin t\u00e4ll\u00e4 er\u00e4\u00e4. T\u00e4n\u00e4\u00e4n minun\u2026","rel":"","context":"Kategoriassa &quot;Lappi&quot;","block_context":{"text":"Lappi","link":"https:\/\/www.satokangas.fi\/blogi\/category\/lappi\/"},"img":{"alt_text":"","src":"https:\/\/i0.wp.com\/www.satokangas.fi\/blogi\/wp-content\/uploads\/2023\/02\/1-19.jpg?resize=350%2C200&ssl=1","width":350,"height":200,"srcset":"https:\/\/i0.wp.com\/www.satokangas.fi\/blogi\/wp-content\/uploads\/2023\/02\/1-19.jpg?resize=350%2C200&ssl=1 1x, https:\/\/i0.wp.com\/www.satokangas.fi\/blogi\/wp-content\/uploads\/2023\/02\/1-19.jpg?resize=525%2C300&ssl=1 1.5x, https:\/\/i0.wp.com\/www.satokangas.fi\/blogi\/wp-content\/uploads\/2023\/02\/1-19.jpg?resize=700%2C400&ssl=1 2x"},"classes":[]},{"id":480,"url":"https:\/\/www.satokangas.fi\/blogi\/2008\/07\/matkaan-lahdossa\/","url_meta":{"origin":27662,"position":2},"title":"Matkaan l\u00e4hd\u00f6ss\u00e4","author":"Reija","date":"13.7.2008","format":false,"excerpt":"Eilinen meni vieraita varten valmistellessa ja ilta illastaessa. Aurinkokin harvinaisena vieraana.T\u00e4n\u00e4\u00e4n matkavalmisteluja, ja koko p\u00e4iv\u00e4n ollut ongelmia verkkoyhteyksiss\u00e4, juuri kun Riikan sivustoille pit\u00e4isi p\u00e4\u00e4st\u00e4... Huomenna aamusella l\u00e4hdet\u00e4\u00e4n. K\u00e4tev\u00e4\u00e4 kun Air Baltic lent\u00e4\u00e4 suoraan Oulusta Riikaan: k\u00e4tev\u00e4\u00e4h\u00e4n se on mutta me menn\u00e4\u00e4n loppujen lopuksi Finnairilla, v\u00e4lilasku Hesassa. K\u00e4tev\u00e4\u00e4.Hotellivarauskin on takkuillut.","rel":"","context":"Kategoriassa &quot;Niit\u00e4 n\u00e4it\u00e4&quot;","block_context":{"text":"Niit\u00e4 n\u00e4it\u00e4","link":"https:\/\/www.satokangas.fi\/blogi\/category\/aiheeton\/"},"img":{"alt_text":"","src":"","width":0,"height":0},"classes":[]},{"id":40307,"url":"https:\/\/www.satokangas.fi\/blogi\/2021\/02\/talven-taittuessa\/","url_meta":{"origin":27662,"position":3},"title":"Talven taittuessa","author":"Reija","date":"24.2.2021","format":false,"excerpt":"N\u00e4in\u00e4 aikoina, kun Ilta-Sanomat uutisoi \"koska lumet ovat muisto vain\" (koko juttu, jonka oudosta otsikosta tuo lainaukseni on, on t\u00e4\u00e4ll\u00e4), kun Pehtoori ja min\u00e4kin ollaan siirrelty lumia paikasta A paikkaan B er\u00e4\u00e4nkin tunnin, toki saatu samalla paljon hyv\u00e4\u00e4, monipuolista liikuntaa ja kun Juniori ty\u00f6vuorojen v\u00e4liss\u00e4 kolailee paitsi omalla talkkariviikollaan rivitalon\u2026","rel":"","context":"Kategoriassa &quot;Liikkuminen&quot;","block_context":{"text":"Liikkuminen","link":"https:\/\/www.satokangas.fi\/blogi\/category\/liikkuminen\/"},"img":{"alt_text":"","src":"https:\/\/i0.wp.com\/www.satokangas.fi\/blogi\/wp-content\/uploads\/2021\/02\/Talven_taittuessa-3-600x400.jpg?resize=350%2C200&ssl=1","width":350,"height":200,"srcset":"https:\/\/i0.wp.com\/www.satokangas.fi\/blogi\/wp-content\/uploads\/2021\/02\/Talven_taittuessa-3-600x400.jpg?resize=350%2C200&ssl=1 1x, https:\/\/i0.wp.com\/www.satokangas.fi\/blogi\/wp-content\/uploads\/2021\/02\/Talven_taittuessa-3-600x400.jpg?resize=525%2C300&ssl=1 1.5x, https:\/\/i0.wp.com\/www.satokangas.fi\/blogi\/wp-content\/uploads\/2021\/02\/Talven_taittuessa-3-600x400.jpg?resize=700%2C400&ssl=1 2x"},"classes":[]},{"id":12804,"url":"https:\/\/www.satokangas.fi\/blogi\/2011\/11\/jotenkin-vahan-poissaoleva\/","url_meta":{"origin":27662,"position":4},"title":"Jotenkin v\u00e4h\u00e4n poissaoleva","author":"Reija","date":"9.11.2011","format":false,"excerpt":"Oli pakkasy\u00f6, ja taitaa ensi y\u00f6st\u00e4kin tulla. Aamulla kipristeli poskia postilaatikolle menness\u00e4, ja kujan asfaltti oli kuiva. Aamup\u00e4iv\u00e4ll\u00e4 puiden v\u00e4list\u00e4 n\u00e4kyi auringon kelme\u00e4 valo. Kelme\u00e4 on oikea sana, mutta toisaalta valo kuitenkin. Merkillisesti kauniskin.\u00a0 Nyt t\u00e4ysikuu jo varoittelee nukkumaanmenemisest\u00e4; olisiko oikeastaan sama ryhty\u00e4 Kiina-sivuja* kokoilemaan loppuun, eik\u00e4 yritt\u00e4\u00e4k\u00e4\u00e4n py\u00f6ri\u00e4 odotellen\u2026","rel":"","context":"Kategoriassa &quot;Niit\u00e4 n\u00e4it\u00e4&quot;","block_context":{"text":"Niit\u00e4 n\u00e4it\u00e4","link":"https:\/\/www.satokangas.fi\/blogi\/category\/aiheeton\/"},"img":{"alt_text":"","src":"https:\/\/i0.wp.com\/www.satokangas.fi\/blogi\/wp-content\/uploads\/Kiinan-muuri-056-600x400.jpg?resize=350%2C200&ssl=1","width":350,"height":200,"srcset":"https:\/\/i0.wp.com\/www.satokangas.fi\/blogi\/wp-content\/uploads\/Kiinan-muuri-056-600x400.jpg?resize=350%2C200&ssl=1 1x, https:\/\/i0.wp.com\/www.satokangas.fi\/blogi\/wp-content\/uploads\/Kiinan-muuri-056-600x400.jpg?resize=525%2C300&ssl=1 1.5x"},"classes":[]},{"id":42260,"url":"https:\/\/www.satokangas.fi\/blogi\/2022\/01\/ei-lampaita-ei-nukku-mattia\/","url_meta":{"origin":27662,"position":5},"title":"Ei lampaita, ei Nukku-Mattia","author":"Reija","date":"11.1.2022","format":false,"excerpt":"Laske lampaita! - sanoi \u00e4iti pienelle pojalleen, joka valitti, ettei saa unta. Laskin jo! Mutta ku ne ei liiku mihink\u00e4\u00e4n! - vastasi poika.\u00a0 Lampaiden laskemisesta oli jokunen viikko sitten puhetta radiossa - vai olikohan se joku lehtijuttu, jonka luin. Any way, jutussa kerrottiin, ett\u00e4 oli tutkittukin, millaisia lampaita ja millaisessa\u2026","rel":"","context":"Kategoriassa &quot;Niit\u00e4 n\u00e4it\u00e4&quot;","block_context":{"text":"Niit\u00e4 n\u00e4it\u00e4","link":"https:\/\/www.satokangas.fi\/blogi\/category\/aiheeton\/"},"img":{"alt_text":"","src":"https:\/\/i0.wp.com\/www.satokangas.fi\/blogi\/wp-content\/uploads\/2022\/01\/IMG_20220111_085610.jpg?resize=350%2C200&ssl=1","width":350,"height":200,"srcset":"https:\/\/i0.wp.com\/www.satokangas.fi\/blogi\/wp-content\/uploads\/2022\/01\/IMG_20220111_085610.jpg?resize=350%2C200&ssl=1 1x, https:\/\/i0.wp.com\/www.satokangas.fi\/blogi\/wp-content\/uploads\/2022\/01\/IMG_20220111_085610.jpg?resize=525%2C300&ssl=1 1.5x, https:\/\/i0.wp.com\/www.satokangas.fi\/blogi\/wp-content\/uploads\/2022\/01\/IMG_20220111_085610.jpg?resize=700%2C400&ssl=1 2x, https:\/\/i0.wp.com\/www.satokangas.fi\/blogi\/wp-content\/uploads\/2022\/01\/IMG_20220111_085610.jpg?resize=1050%2C600&ssl=1 3x"},"classes":[]}],"_links":{"self":[{"href":"https:\/\/www.satokangas.fi\/blogi\/wp-json\/wp\/v2\/posts\/27662","targetHints":{"allow":["GET"]}}],"collection":[{"href":"https:\/\/www.satokangas.fi\/blogi\/wp-json\/wp\/v2\/posts"}],"about":[{"href":"https:\/\/www.satokangas.fi\/blogi\/wp-json\/wp\/v2\/types\/post"}],"author":[{"embeddable":true,"href":"https:\/\/www.satokangas.fi\/blogi\/wp-json\/wp\/v2\/users\/1"}],"replies":[{"embeddable":true,"href":"https:\/\/www.satokangas.fi\/blogi\/wp-json\/wp\/v2\/comments?post=27662"}],"version-history":[{"count":0,"href":"https:\/\/www.satokangas.fi\/blogi\/wp-json\/wp\/v2\/posts\/27662\/revisions"}],"wp:attachment":[{"href":"https:\/\/www.satokangas.fi\/blogi\/wp-json\/wp\/v2\/media?parent=27662"}],"wp:term":[{"taxonomy":"category","embeddable":true,"href":"https:\/\/www.satokangas.fi\/blogi\/wp-json\/wp\/v2\/categories?post=27662"},{"taxonomy":"post_tag","embeddable":true,"href":"https:\/\/www.satokangas.fi\/blogi\/wp-json\/wp\/v2\/tags?post=27662"}],"curies":[{"name":"wp","href":"https:\/\/api.w.org\/{rel}","templated":true}]}}