{"id":27660,"date":"2016-02-22T22:22:13","date_gmt":"2016-02-22T20:22:13","guid":{"rendered":"https:\/\/www.satokangas.fi\/blogi\/?p=27660"},"modified":"2016-02-23T13:51:00","modified_gmt":"2016-02-23T11:51:00","slug":"ehtimisia","status":"publish","type":"post","link":"https:\/\/www.satokangas.fi\/blogi\/2016\/02\/ehtimisia\/","title":{"rendered":"Ehtimisi\u00e4"},"content":{"rendered":"<p>Paljon ehtii, jos her\u00e4\u00e4 nelj\u00e4lt\u00e4.<\/p>\n<p>Laanilan historian kannen tein. Ihan itse suunnittelin, etsin kuvat, yhden otinkin, laadin tekstit &#8211; ja yll\u00e4tt\u00e4v\u00e4\u00e4 kyll\u00e4 &#8211; olen aika tyytyv\u00e4inen.<\/p>\n<p>Vastav\u00e4itt\u00e4j\u00e4nkin olen saanut doctorandilleni hommattua, byrokratiaa hoidellut, toukokuussa sitten v\u00e4it\u00f6stilaisuus. Minulle se on sitten viimeinen jobi yliopistossa. Mukava saada p\u00e4\u00e4tt\u00e4\u00e4 homma n\u00e4in.<\/p>\n<p>\u00c4idin luona \u00a0ehdin k\u00e4yd\u00e4 ennen kuin menin illansuuksi kokoukseen: paistink\u00e4\u00e4nt\u00e4jien ensi elokuun kapituliin on tulossa about 350 henke\u00e4, ja kaksip\u00e4iv\u00e4iset juhlat vaativat viel\u00e4 paljon kokoustamista ja tekemist\u00e4 &#8211; minultakin.<\/p>\n<p>&nbsp;<\/p>\n<p style=\"text-align: center;\">~~~~~~~~~~~~<\/p>\n<p style=\"text-align: center;\">Viikkohaaste kouluporukan kanssa jatkuukin, ei ole taukoa, p\u00e4invastoin, haasteet kovenee.<br \/>\nT\u00e4ll\u00e4 viikolla kuviin pit\u00e4isi saada hyv\u00e4 &#8221;<a href=\"http:\/\/www.scandinavianphoto.fi\/photoblogi\/10670922\/mikae-on-bokeh\">bokeh<\/a>&#8221;.<\/p>\n<p style=\"text-align: center;\">T\u00e4ss\u00e4 viime kes\u00e4lt\u00e4 minun ottamani kuva,<br \/>\njossa on mielest\u00e4ni kaunis bokeh palloineen kaikkineen.<\/p>\n<p style=\"text-align: center;\"><a href=\"https:\/\/www.satokangas.fi\/blogi\/wp-content\/uploads\/2016\/02\/bokeh.jpg\" rel=\"attachment wp-att-27661\"><img loading=\"lazy\" decoding=\"async\" data-attachment-id=\"27661\" data-permalink=\"https:\/\/www.satokangas.fi\/blogi\/2016\/02\/ehtimisia\/bokeh-2\/\" data-orig-file=\"https:\/\/www.satokangas.fi\/blogi\/wp-content\/uploads\/2016\/02\/bokeh.jpg\" data-orig-size=\"1067,1600\" data-comments-opened=\"1\" data-image-meta=\"{&quot;aperture&quot;:&quot;2.8&quot;,&quot;credit&quot;:&quot;Reija Satokangas&quot;,&quot;camera&quot;:&quot;Canon EOS 6D&quot;,&quot;caption&quot;:&quot;&quot;,&quot;created_timestamp&quot;:&quot;1440281518&quot;,&quot;copyright&quot;:&quot;&quot;,&quot;focal_length&quot;:&quot;70&quot;,&quot;iso&quot;:&quot;1600&quot;,&quot;shutter_speed&quot;:&quot;0.016666666666667&quot;,&quot;title&quot;:&quot;&quot;,&quot;orientation&quot;:&quot;0&quot;}\" data-image-title=\"bokeh\" data-image-description=\"\" data-image-caption=\"\" data-large-file=\"https:\/\/www.satokangas.fi\/blogi\/wp-content\/uploads\/2016\/02\/bokeh-683x1024.jpg\" class=\"size-medium wp-image-27661 aligncenter\" src=\"https:\/\/www.satokangas.fi\/blogi\/wp-content\/uploads\/2016\/02\/bokeh-267x400.jpg\" alt=\"bokeh\" width=\"267\" height=\"400\" srcset=\"https:\/\/www.satokangas.fi\/blogi\/wp-content\/uploads\/2016\/02\/bokeh-267x400.jpg 267w, https:\/\/www.satokangas.fi\/blogi\/wp-content\/uploads\/2016\/02\/bokeh-200x300.jpg 200w, https:\/\/www.satokangas.fi\/blogi\/wp-content\/uploads\/2016\/02\/bokeh-768x1152.jpg 768w, https:\/\/www.satokangas.fi\/blogi\/wp-content\/uploads\/2016\/02\/bokeh-683x1024.jpg 683w, https:\/\/www.satokangas.fi\/blogi\/wp-content\/uploads\/2016\/02\/bokeh.jpg 1067w\" sizes=\"auto, (max-width: 267px) 100vw, 267px\" \/><\/a><\/p>\n<p style=\"text-align: center;\">\n","protected":false},"excerpt":{"rendered":"<p>Paljon ehtii, jos her\u00e4\u00e4 nelj\u00e4lt\u00e4. Laanilan historian kannen tein. Ihan itse suunnittelin, etsin kuvat, yhden otinkin, laadin tekstit &#8211; ja yll\u00e4tt\u00e4v\u00e4\u00e4 kyll\u00e4 &#8211; olen aika tyytyv\u00e4inen. Vastav\u00e4itt\u00e4j\u00e4nkin olen saanut doctorandilleni hommattua, byrokratiaa hoidellut, toukokuussa sitten v\u00e4it\u00f6stilaisuus. Minulle se on sitten viimeinen jobi yliopistossa. Mukava saada p\u00e4\u00e4tt\u00e4\u00e4 homma n\u00e4in. \u00c4idin luona \u00a0ehdin k\u00e4yd\u00e4 ennen kuin menin illansuuksi kokoukseen: paistink\u00e4\u00e4nt\u00e4jien ensi elokuun &hellip; <\/p>\n","protected":false},"author":1,"featured_media":0,"comment_status":"open","ping_status":"open","sticky":false,"template":"","format":"standard","meta":{"jetpack_post_was_ever_published":false,"_jetpack_newsletter_access":"","_jetpack_dont_email_post_to_subs":false,"_jetpack_newsletter_tier_id":0,"_jetpack_memberships_contains_paywalled_content":false,"_jetpack_memberships_contains_paid_content":false,"footnotes":"","jetpack_publicize_message":"","jetpack_publicize_feature_enabled":true,"jetpack_social_post_already_shared":true,"jetpack_social_options":{"image_generator_settings":{"template":"highway","default_image_id":0,"font":"","enabled":false},"version":2}},"categories":[1],"tags":[],"class_list":["post-27660","post","type-post","status-publish","format-standard","hentry","category-aiheeton","latest_post"],"jetpack_publicize_connections":[],"jetpack_featured_media_url":"","jetpack_shortlink":"https:\/\/wp.me\/pr4p4-7c8","jetpack_sharing_enabled":true,"jetpack_likes_enabled":false,"jetpack-related-posts":[{"id":47040,"url":"https:\/\/www.satokangas.fi\/blogi\/2023\/09\/tauon-aikana-ja-sen-jalkeen\/","url_meta":{"origin":27660,"position":0},"title":"Tauon aikana ja sen j\u00e4lkeen","author":"Reija","date":"15.9.2023","format":false,"excerpt":"K\u00e4ytt\u00f6katkos ja sen vaikutus\u00a0 Onhan helpottavaa, kun kaikki t\u00e4ss\u00e4 postaushommassa taas toimii. Sek\u00e4 oma t\u00f6peksint\u00e4ni ett\u00e4 webhotellin hyvin pieni \"huolimattomuus\/hoksaamattomuus\" ovat pari p\u00e4iv\u00e4\u00e4 vaikeuttaneet jokap\u00e4iv\u00e4ist\u00e4 bloggaamistani. Kaikkein eniten katkokset, ongelmat, postaamisen mahdottomuus lienev\u00e4t h\u00e4irinneet eniten minua, ja vain minua. Pienell\u00e4, tai noh, pienell\u00e4 ja pienell\u00e4, rahallisella satsauksella pitk\u00e4lle ensi vuoteen\u2026","rel":"","context":"Kategoriassa &quot;Bloggailu&quot;","block_context":{"text":"Bloggailu","link":"https:\/\/www.satokangas.fi\/blogi\/category\/bloggailu\/"},"img":{"alt_text":"","src":"","width":0,"height":0},"classes":[]},{"id":29764,"url":"https:\/\/www.satokangas.fi\/blogi\/2016\/11\/pienia\/","url_meta":{"origin":27660,"position":1},"title":"Pieni on paljon","author":"Reija","date":"29.11.2016","format":false,"excerpt":"Olen kuvannut t\u00e4n\u00e4\u00e4n enkeleit\u00e4. Aamup\u00e4iv\u00e4ll\u00e4 viikkokuvahaasteeseen ja joulukalenterikuviin ja iltap\u00e4iv\u00e4ll\u00e4 ja t\u00e4ss\u00e4 illansuussa t\u00e4t\u00e4 yht\u00e4 el\u00e4v\u00e4ist\u00e4 enkeli\u00e4. \u00a0 Papan kanssa pallottelu on ihan parasta. Sanoja on jo paljon, ainoa vaan ett\u00e4 toistaitoiset isovanhemmat eiv\u00e4t vaan kaikkia viel\u00e4 ymm\u00e4rr\u00e4. K\u00e4vely on jo melkoisen vauhdikasta, ihan juoksuun ei viel\u00e4 ehdit\u00e4. Itsekseen sy\u00f6minen\u2026","rel":"","context":"Kategoriassa &quot;Isovanhemmuus&quot;","block_context":{"text":"Isovanhemmuus","link":"https:\/\/www.satokangas.fi\/blogi\/category\/isovanhemmuus\/"},"img":{"alt_text":"enkeli-bokeh-3","src":"https:\/\/i0.wp.com\/www.satokangas.fi\/blogi\/wp-content\/uploads\/2016\/11\/Enkeli-bokeh-3-353x400.jpg?resize=350%2C200&ssl=1","width":350,"height":200},"classes":[]},{"id":33260,"url":"https:\/\/www.satokangas.fi\/blogi\/2018\/02\/vain-yksi-puuttuu\/","url_meta":{"origin":27660,"position":2},"title":"Vain yksi puuttuu","author":"Reija","date":"5.2.2018","format":false,"excerpt":"P\u00e4iv\u00e4 liesussa. Aamusta asti. V\u00e4lill\u00e4 piipahtanut kotona, ja taas menoksi. Nyt palautunut vuosikokouksesta, jonne sain kuin sainkin toimintakertomuksen viimeistelyn\u00e4 viet\u00e4v\u00e4ksi, ja kaikki muutkin tarpeelliset jutut. Tietskari oli t\u00e4n\u00e4\u00e4n rempassa aamup\u00e4iv\u00e4n, ja nyt taas entist\u00e4 ehompana k\u00e4yt\u00f6ss\u00e4. Uusi n\u00e4yt\u00f6nohjain pelitt\u00e4\u00e4, eik\u00e4 mit\u00e4\u00e4n tiedostoja hukassa. Paitsi Pehtoorin \"Liikuntakalenteri\". Kymmenen vuoden kaikki urheilu-\u2026","rel":"","context":"Kategoriassa &quot;Hautausmailla&quot;","block_context":{"text":"Hautausmailla","link":"https:\/\/www.satokangas.fi\/blogi\/category\/hautausmailla\/"},"img":{"alt_text":"","src":"https:\/\/i0.wp.com\/www.satokangas.fi\/blogi\/wp-content\/uploads\/2018\/02\/1-6.jpg?resize=350%2C200&ssl=1","width":350,"height":200,"srcset":"https:\/\/i0.wp.com\/www.satokangas.fi\/blogi\/wp-content\/uploads\/2018\/02\/1-6.jpg?resize=350%2C200&ssl=1 1x, https:\/\/i0.wp.com\/www.satokangas.fi\/blogi\/wp-content\/uploads\/2018\/02\/1-6.jpg?resize=525%2C300&ssl=1 1.5x, https:\/\/i0.wp.com\/www.satokangas.fi\/blogi\/wp-content\/uploads\/2018\/02\/1-6.jpg?resize=700%2C400&ssl=1 2x"},"classes":[]},{"id":35038,"url":"https:\/\/www.satokangas.fi\/blogi\/2018\/10\/lokakuun-puolivalissa-aina-vahan-hoppu\/","url_meta":{"origin":27660,"position":3},"title":"Lokakuun puoliv\u00e4liss\u00e4 aina v\u00e4h\u00e4n hoppu?","author":"Reija","date":"16.10.2018","format":false,"excerpt":"Pieni maisema kotipihalla heti aamulla. Aamukaste tehnyt valonpisaroita japaninmarjakuusen oksalle, ja naapuripensaiden kosteus kimmelt\u00e4\u00e4 valopalluroina, bokehina, taustassa. T\u00e4st\u00e4 sitten ensimm\u00e4iset parikymment\u00e4 kuvaa, ja sitten Merijalinrantaan kuvaamaan lippoajia (Vastavaloon kuvasarjaa) ja edelleen kohti kaupunkia. Kaiken muun hyv\u00e4n lis\u00e4ksi viel\u00e4 ihan tyven. Oli jatkettava viel\u00e4 Karjasillalle. Sill\u00e4 eilen k\u00e4velless\u00e4mme viininmaistiaisiin menimme ohi\u2026","rel":"","context":"Kategoriassa &quot;Isovanhemmuus&quot;","block_context":{"text":"Isovanhemmuus","link":"https:\/\/www.satokangas.fi\/blogi\/category\/isovanhemmuus\/"},"img":{"alt_text":"","src":"https:\/\/i0.wp.com\/www.satokangas.fi\/blogi\/wp-content\/uploads\/2018\/10\/aamukaste-2.jpg?resize=350%2C200&ssl=1","width":350,"height":200,"srcset":"https:\/\/i0.wp.com\/www.satokangas.fi\/blogi\/wp-content\/uploads\/2018\/10\/aamukaste-2.jpg?resize=350%2C200&ssl=1 1x, https:\/\/i0.wp.com\/www.satokangas.fi\/blogi\/wp-content\/uploads\/2018\/10\/aamukaste-2.jpg?resize=525%2C300&ssl=1 1.5x, https:\/\/i0.wp.com\/www.satokangas.fi\/blogi\/wp-content\/uploads\/2018\/10\/aamukaste-2.jpg?resize=700%2C400&ssl=1 2x"},"classes":[]},{"id":39136,"url":"https:\/\/www.satokangas.fi\/blogi\/2020\/08\/lappi-hellii-ja-huolehtii\/","url_meta":{"origin":27660,"position":4},"title":"Lappi hellii ja huolehtii","author":"Reija","date":"8.8.2020","format":false,"excerpt":"Kuten t\u00e4\u00e4ll\u00e4 tapana on, t\u00e4n\u00e4\u00e4nkin verraten my\u00f6h\u00e4inen, runsas aamupala. Jokaisella mieluista sy\u00f6mist\u00e4 ja juomista. Aamiaisp\u00f6yd\u00e4ss\u00e4 aikaa viett\u00e4en . . . Melkein brunssiksi voisi sanoa. M\u00f6kkiel\u00e4m\u00e4 on lepoa my\u00f6s aamulla. Yhteistuumin kohti Saariselk\u00e4\u00e4 ja patikointia. Sopiva reitti oli Eeviksen \"nimikkoreitti\" -\u00a0 toisen nimens\u00e4 mukaan. Aurorapolku oli just sopiva l\u00e4mpimss\u00e4 elokuun aamup\u00e4iv\u00e4ss\u00e4,\u2026","rel":"","context":"Kategoriassa &quot;Isovanhemmuus&quot;","block_context":{"text":"Isovanhemmuus","link":"https:\/\/www.satokangas.fi\/blogi\/category\/isovanhemmuus\/"},"img":{"alt_text":"","src":"https:\/\/i0.wp.com\/www.satokangas.fi\/blogi\/wp-content\/uploads\/2020\/08\/2-3-292x400.jpg?resize=350%2C200&ssl=1","width":350,"height":200},"classes":[]},{"id":18193,"url":"https:\/\/www.satokangas.fi\/blogi\/2013\/07\/aamulenkilla-levollisena-iltapaivan-ahkerana\/","url_meta":{"origin":27660,"position":5},"title":"Aamulenkill\u00e4 levollisena, iltap\u00e4iv\u00e4n ahkerana","author":"Reija","date":"27.7.2013","format":false,"excerpt":"Varhaisella aamulenkill\u00e4 merenrannassa levollinen olo. \u00a0Suloinen suviaamu, jolloin el\u00e4m\u00e4 tuntui aika helpolta ja huolettomalta. \u00a0 Pitk\u00e4st\u00e4 aikaa kamera mukana. Kannatti. T\u00e4ss\u00e4 blogiuudistuksen hiljaa edetess\u00e4 yritin\/loin tuollaisen gallerian... Toivottavasti toimii kaikilla, toimiihan? Lenkin j\u00e4lkeen huolettomuus vaihtui alakuloon, mutta ty\u00f6maa nuorenparin uuden huushollin pihalla oli hyv\u00e4\u00e4 terapiaa ... Pojat maalasivat sis\u00e4ll\u00e4, me\u2026","rel":"","context":"Kategoriassa &quot;Niit\u00e4 n\u00e4it\u00e4&quot;","block_context":{"text":"Niit\u00e4 n\u00e4it\u00e4","link":"https:\/\/www.satokangas.fi\/blogi\/category\/aiheeton\/"},"img":{"alt_text":"","src":"https:\/\/i0.wp.com\/www.satokangas.fi\/blogi\/wp-content\/uploads\/2013\/07\/Suloisessa-suviaamussa_-300x200.jpg?resize=350%2C200&ssl=1","width":350,"height":200,"srcset":"https:\/\/i0.wp.com\/www.satokangas.fi\/blogi\/wp-content\/uploads\/2013\/07\/Suloisessa-suviaamussa_-300x200.jpg?resize=350%2C200&ssl=1 1x, https:\/\/i0.wp.com\/www.satokangas.fi\/blogi\/wp-content\/uploads\/2013\/07\/Suloisessa-suviaamussa_-300x200.jpg?resize=525%2C300&ssl=1 1.5x, https:\/\/i0.wp.com\/www.satokangas.fi\/blogi\/wp-content\/uploads\/2013\/07\/Suloisessa-suviaamussa_-300x200.jpg?resize=700%2C400&ssl=1 2x, https:\/\/i0.wp.com\/www.satokangas.fi\/blogi\/wp-content\/uploads\/2013\/07\/Suloisessa-suviaamussa_-300x200.jpg?resize=1050%2C600&ssl=1 3x, https:\/\/i0.wp.com\/www.satokangas.fi\/blogi\/wp-content\/uploads\/2013\/07\/Suloisessa-suviaamussa_-300x200.jpg?resize=1400%2C800&ssl=1 4x"},"classes":[]}],"_links":{"self":[{"href":"https:\/\/www.satokangas.fi\/blogi\/wp-json\/wp\/v2\/posts\/27660","targetHints":{"allow":["GET"]}}],"collection":[{"href":"https:\/\/www.satokangas.fi\/blogi\/wp-json\/wp\/v2\/posts"}],"about":[{"href":"https:\/\/www.satokangas.fi\/blogi\/wp-json\/wp\/v2\/types\/post"}],"author":[{"embeddable":true,"href":"https:\/\/www.satokangas.fi\/blogi\/wp-json\/wp\/v2\/users\/1"}],"replies":[{"embeddable":true,"href":"https:\/\/www.satokangas.fi\/blogi\/wp-json\/wp\/v2\/comments?post=27660"}],"version-history":[{"count":0,"href":"https:\/\/www.satokangas.fi\/blogi\/wp-json\/wp\/v2\/posts\/27660\/revisions"}],"wp:attachment":[{"href":"https:\/\/www.satokangas.fi\/blogi\/wp-json\/wp\/v2\/media?parent=27660"}],"wp:term":[{"taxonomy":"category","embeddable":true,"href":"https:\/\/www.satokangas.fi\/blogi\/wp-json\/wp\/v2\/categories?post=27660"},{"taxonomy":"post_tag","embeddable":true,"href":"https:\/\/www.satokangas.fi\/blogi\/wp-json\/wp\/v2\/tags?post=27660"}],"curies":[{"name":"wp","href":"https:\/\/api.w.org\/{rel}","templated":true}]}}