{"id":27654,"date":"2016-02-21T21:05:12","date_gmt":"2016-02-21T19:05:12","guid":{"rendered":"https:\/\/www.satokangas.fi\/blogi\/?p=27654"},"modified":"2016-02-22T06:20:12","modified_gmt":"2016-02-22T04:20:12","slug":"kotiin-palattua-3","status":"publish","type":"post","link":"https:\/\/www.satokangas.fi\/blogi\/2016\/02\/kotiin-palattua-3\/","title":{"rendered":"Kotiin palattua"},"content":{"rendered":"<p>Kaikista\u00a0aamun studiokuvauksen\u00a0ep\u00e4onnistumisistani huolimatta viikonlopusta j\u00e4i &#8211; taas &#8211; sellainen olo, ett\u00e4 kyll\u00e4 olen paljon oppinut. Ja ett\u00e4 tulen oppimaan. Ja jossain taustalla sellainen mielihyv\u00e4n tunne, ett\u00e4 nyt on kovasti aikaa ryhty\u00e4 harjoittelemaan kaikkea. Ja kyll\u00e4 min\u00e4 jaksan olla iloinen siit\u00e4, ett\u00e4 nuorten porukkaan t\u00e4llainen senioriopiskelija otetaan mukaan.<\/p>\n<p>Surkeassa keliss\u00e4 hurauttelin illansuussa kotiin, jossa Pehtoori oli taas kokkaillut. Jossa Aapeli vanhempineen oli odottamassa. Kyll\u00e4 opiskelijan kelpasi palautua kotiin.<\/p>\n<p style=\"text-align: center;\"><a href=\"https:\/\/www.satokangas.fi\/blogi\/wp-content\/uploads\/2016\/02\/Ikean-tuliaisia_-3.jpg\" rel=\"attachment wp-att-27655\"><img loading=\"lazy\" decoding=\"async\" data-attachment-id=\"27655\" data-permalink=\"https:\/\/www.satokangas.fi\/blogi\/2016\/02\/kotiin-palattua-3\/ikean-tuliaisia_-3\/\" data-orig-file=\"https:\/\/www.satokangas.fi\/blogi\/wp-content\/uploads\/2016\/02\/Ikean-tuliaisia_-3.jpg\" data-orig-size=\"1600,1067\" data-comments-opened=\"1\" data-image-meta=\"{&quot;aperture&quot;:&quot;5.6&quot;,&quot;credit&quot;:&quot;Reija Satokangas&quot;,&quot;camera&quot;:&quot;Canon EOS 6D&quot;,&quot;caption&quot;:&quot;&quot;,&quot;created_timestamp&quot;:&quot;1456071276&quot;,&quot;copyright&quot;:&quot;&quot;,&quot;focal_length&quot;:&quot;100&quot;,&quot;iso&quot;:&quot;100&quot;,&quot;shutter_speed&quot;:&quot;0.04&quot;,&quot;title&quot;:&quot;&quot;,&quot;orientation&quot;:&quot;0&quot;}\" data-image-title=\"Ikean tuliaisia_-3\" data-image-description=\"\" data-image-caption=\"\" data-large-file=\"https:\/\/www.satokangas.fi\/blogi\/wp-content\/uploads\/2016\/02\/Ikean-tuliaisia_-3-1536x1024.jpg\" class=\"size-medium wp-image-27655 aligncenter\" src=\"https:\/\/www.satokangas.fi\/blogi\/wp-content\/uploads\/2016\/02\/Ikean-tuliaisia_-3-600x400.jpg\" alt=\"Ikean tuliaisia_-3\" width=\"600\" height=\"400\" srcset=\"https:\/\/www.satokangas.fi\/blogi\/wp-content\/uploads\/2016\/02\/Ikean-tuliaisia_-3-600x400.jpg 600w, https:\/\/www.satokangas.fi\/blogi\/wp-content\/uploads\/2016\/02\/Ikean-tuliaisia_-3-300x200.jpg 300w, https:\/\/www.satokangas.fi\/blogi\/wp-content\/uploads\/2016\/02\/Ikean-tuliaisia_-3-768x512.jpg 768w, https:\/\/www.satokangas.fi\/blogi\/wp-content\/uploads\/2016\/02\/Ikean-tuliaisia_-3-1536x1024.jpg 1536w, https:\/\/www.satokangas.fi\/blogi\/wp-content\/uploads\/2016\/02\/Ikean-tuliaisia_-3.jpg 1600w\" sizes=\"auto, (max-width: 600px) 100vw, 600px\" \/><\/a><\/p>\n<p><a href=\"https:\/\/www.satokangas.fi\/blogi\/wp-content\/uploads\/2016\/02\/Ikean-tuliaisia_-4.jpg\" rel=\"attachment wp-att-27656\"><img loading=\"lazy\" decoding=\"async\" data-attachment-id=\"27656\" data-permalink=\"https:\/\/www.satokangas.fi\/blogi\/2016\/02\/kotiin-palattua-3\/ikean-tuliaisia_-4\/\" data-orig-file=\"https:\/\/www.satokangas.fi\/blogi\/wp-content\/uploads\/2016\/02\/Ikean-tuliaisia_-4.jpg\" data-orig-size=\"1600,1067\" data-comments-opened=\"1\" data-image-meta=\"{&quot;aperture&quot;:&quot;4&quot;,&quot;credit&quot;:&quot;Reija Satokangas&quot;,&quot;camera&quot;:&quot;Canon EOS 6D&quot;,&quot;caption&quot;:&quot;&quot;,&quot;created_timestamp&quot;:&quot;1456073485&quot;,&quot;copyright&quot;:&quot;&quot;,&quot;focal_length&quot;:&quot;100&quot;,&quot;iso&quot;:&quot;640&quot;,&quot;shutter_speed&quot;:&quot;0.04&quot;,&quot;title&quot;:&quot;&quot;,&quot;orientation&quot;:&quot;0&quot;}\" data-image-title=\"Ikean tuliaisia_-4\" data-image-description=\"\" data-image-caption=\"\" data-large-file=\"https:\/\/www.satokangas.fi\/blogi\/wp-content\/uploads\/2016\/02\/Ikean-tuliaisia_-4-1536x1024.jpg\" class=\"size-medium wp-image-27656 aligncenter\" src=\"https:\/\/www.satokangas.fi\/blogi\/wp-content\/uploads\/2016\/02\/Ikean-tuliaisia_-4-600x400.jpg\" alt=\"Ikean tuliaisia_-4\" width=\"600\" height=\"400\" srcset=\"https:\/\/www.satokangas.fi\/blogi\/wp-content\/uploads\/2016\/02\/Ikean-tuliaisia_-4-600x400.jpg 600w, https:\/\/www.satokangas.fi\/blogi\/wp-content\/uploads\/2016\/02\/Ikean-tuliaisia_-4-300x200.jpg 300w, https:\/\/www.satokangas.fi\/blogi\/wp-content\/uploads\/2016\/02\/Ikean-tuliaisia_-4-768x512.jpg 768w, https:\/\/www.satokangas.fi\/blogi\/wp-content\/uploads\/2016\/02\/Ikean-tuliaisia_-4-1536x1024.jpg 1536w, https:\/\/www.satokangas.fi\/blogi\/wp-content\/uploads\/2016\/02\/Ikean-tuliaisia_-4.jpg 1600w\" sizes=\"auto, (max-width: 600px) 100vw, 600px\" \/><\/a><\/p>\n<p>Lohirullia, m\u00e4tikastiketta ja j\u00e4lkk\u00e4riksi mustikkakukkoa (huom. pursotetut kermavaahdot!). Kertoi mies l\u00f6yt\u00e4neens\u00e4 <a href=\"http:\/\/www.satokangas.fi\/Keittio\/LappItalia.htm\">netist\u00e4 hyvi\u00e4 ohjeita<\/a>.<\/p>\n<p>Siin\u00e4p\u00e4 istuskeltiin pitk\u00e4 tovi ruokap\u00f6yd\u00e4ss\u00e4, Aapelikin nyky\u00e4\u00e4n jo istuu. Ihan ite. Onhan jo melkein 9 kk. Ja suunniteltiin v\u00e4h\u00e4n hiihtolomaa. Tai siis Junioriollahan se varsinaisesti on, ja me muut lomailemme siin\u00e4 ohessa.\u00a0Jos kaikki menee kuten toivomme, &#8230; Vanhushuolto aiheuttaa nyt huolta ja surua &#8230; Sellaistahan se el\u00e4m\u00e4 on. T\u00e4ss\u00e4 i\u00e4ss\u00e4 sellainen kuuluu el\u00e4m\u00e4\u00e4n, mink\u00e4 toteaminen \u00e4\u00e4neen ei hetke\u00e4k\u00e4\u00e4n helpota tilannetta.<\/p>\n<p>El\u00e4m\u00e4\u00e4 helpottaa, ilahduttaa, ihastuttaa pojanpoika, joka oli \u00e4iti\u00e4\u00e4nkin iloisempi eilisest\u00e4 IKEA-pyr\u00e4hdyksest\u00e4ni. Eih\u00e4n n\u00e4it\u00e4 vaatehuonelaatikoita ehk\u00e4 oltu ajateltu Aapelin &#8221;leikkikeh\u00e4ksi&#8221;, mutta olihan poika innoisssaan kun siell\u00e4 sai olla, &#8221;seinien&#8221; l\u00e4pi katsella, sukkia irti kiskoa, nauraa kun vanhemmat ja isovanhemmat ymp\u00e4rill\u00e4 iloisina naureskelivat pienelle.<\/p>\n<p style=\"text-align: center;\"><a href=\"https:\/\/www.satokangas.fi\/blogi\/wp-content\/uploads\/2016\/02\/Ikean-tuliaisia_-6.jpg\" rel=\"attachment wp-att-27657\"><img loading=\"lazy\" decoding=\"async\" data-attachment-id=\"27657\" data-permalink=\"https:\/\/www.satokangas.fi\/blogi\/2016\/02\/kotiin-palattua-3\/ikean-tuliaisia_-6\/\" data-orig-file=\"https:\/\/www.satokangas.fi\/blogi\/wp-content\/uploads\/2016\/02\/Ikean-tuliaisia_-6.jpg\" data-orig-size=\"1218,1280\" data-comments-opened=\"1\" data-image-meta=\"{&quot;aperture&quot;:&quot;5.6&quot;,&quot;credit&quot;:&quot;Reija Satokangas&quot;,&quot;camera&quot;:&quot;Canon EOS 6D&quot;,&quot;caption&quot;:&quot;&quot;,&quot;created_timestamp&quot;:&quot;1456075833&quot;,&quot;copyright&quot;:&quot;&quot;,&quot;focal_length&quot;:&quot;24&quot;,&quot;iso&quot;:&quot;12800&quot;,&quot;shutter_speed&quot;:&quot;0.04&quot;,&quot;title&quot;:&quot;&quot;,&quot;orientation&quot;:&quot;0&quot;}\" data-image-title=\"Ikean tuliaisia_-6\" data-image-description=\"\" data-image-caption=\"\" data-large-file=\"https:\/\/www.satokangas.fi\/blogi\/wp-content\/uploads\/2016\/02\/Ikean-tuliaisia_-6-974x1024.jpg\" class=\"size-medium wp-image-27657 aligncenter\" src=\"https:\/\/www.satokangas.fi\/blogi\/wp-content\/uploads\/2016\/02\/Ikean-tuliaisia_-6-381x400.jpg\" alt=\"Ikean tuliaisia_-6\" width=\"381\" height=\"400\" srcset=\"https:\/\/www.satokangas.fi\/blogi\/wp-content\/uploads\/2016\/02\/Ikean-tuliaisia_-6-381x400.jpg 381w, https:\/\/www.satokangas.fi\/blogi\/wp-content\/uploads\/2016\/02\/Ikean-tuliaisia_-6-285x300.jpg 285w, https:\/\/www.satokangas.fi\/blogi\/wp-content\/uploads\/2016\/02\/Ikean-tuliaisia_-6-768x807.jpg 768w, https:\/\/www.satokangas.fi\/blogi\/wp-content\/uploads\/2016\/02\/Ikean-tuliaisia_-6-974x1024.jpg 974w, https:\/\/www.satokangas.fi\/blogi\/wp-content\/uploads\/2016\/02\/Ikean-tuliaisia_-6.jpg 1218w\" sizes=\"auto, (max-width: 381px) 100vw, 381px\" \/><\/a><\/p>\n","protected":false},"excerpt":{"rendered":"<p>Kaikista\u00a0aamun studiokuvauksen\u00a0ep\u00e4onnistumisistani huolimatta viikonlopusta j\u00e4i &#8211; taas &#8211; sellainen olo, ett\u00e4 kyll\u00e4 olen paljon oppinut. Ja ett\u00e4 tulen oppimaan. Ja jossain taustalla sellainen mielihyv\u00e4n tunne, ett\u00e4 nyt on kovasti aikaa ryhty\u00e4 harjoittelemaan kaikkea. Ja kyll\u00e4 min\u00e4 jaksan olla iloinen siit\u00e4, ett\u00e4 nuorten porukkaan t\u00e4llainen senioriopiskelija otetaan mukaan. Surkeassa keliss\u00e4 hurauttelin illansuussa kotiin, jossa Pehtoori oli taas kokkaillut. Jossa Aapeli vanhempineen &hellip; <\/p>\n","protected":false},"author":1,"featured_media":0,"comment_status":"open","ping_status":"open","sticky":false,"template":"","format":"standard","meta":{"jetpack_post_was_ever_published":false,"_jetpack_newsletter_access":"","_jetpack_dont_email_post_to_subs":false,"_jetpack_newsletter_tier_id":0,"_jetpack_memberships_contains_paywalled_content":false,"_jetpack_memberships_contains_paid_content":false,"footnotes":"","jetpack_publicize_message":"","jetpack_publicize_feature_enabled":true,"jetpack_social_post_already_shared":true,"jetpack_social_options":{"image_generator_settings":{"template":"highway","default_image_id":0,"font":"","enabled":false},"version":2}},"categories":[75,1,77],"tags":[],"class_list":["post-27654","post","type-post","status-publish","format-standard","hentry","category-isovanhemmuus","category-aiheeton","category-vat","latest_post"],"jetpack_publicize_connections":[],"jetpack_featured_media_url":"","jetpack_shortlink":"https:\/\/wp.me\/pr4p4-7c2","jetpack_sharing_enabled":true,"jetpack_likes_enabled":false,"jetpack-related-posts":[{"id":36956,"url":"https:\/\/www.satokangas.fi\/blogi\/2019\/08\/kesan-lopulla-2\/","url_meta":{"origin":27654,"position":0},"title":"Kes\u00e4n lopulla","author":"Reija","date":"9.8.2019","format":false,"excerpt":"Niinh\u00e4n se viikko taas vier\u00e4hti: koululaiset ovat aloittaneet taipaleensa, ty\u00f6t\u00e4tekev\u00e4 kansa palannut sorvien \u00e4\u00e4reen, kes\u00e4kohteet sulkevat oviaan, kauppojen valikoimat ovat vaihtuneet uimarenkaista ja kes\u00e4herkuista syksyisempiin viinimarjoihin ja penaaleihin... Enk\u00e4 min\u00e4 ole ollenkaan ehtinyt t\u00e4h\u00e4n muutokseen mukaan. Miksip\u00e4 olisinkaan? - Semminkin kun t\u00e4n\u00e4\u00e4n Oulussa on ollut liki kes\u00e4inen keli. Annoin itseni\u2026","rel":"","context":"Kategoriassa &quot;Kalaasit&quot;","block_context":{"text":"Kalaasit","link":"https:\/\/www.satokangas.fi\/blogi\/category\/kalaasit\/"},"img":{"alt_text":"","src":"https:\/\/i0.wp.com\/www.satokangas.fi\/blogi\/wp-content\/uploads\/2019\/08\/IMG_20190809_190541-512x1024.jpg?resize=350%2C200&ssl=1","width":350,"height":200},"classes":[]},{"id":30093,"url":"https:\/\/www.satokangas.fi\/blogi\/2017\/01\/aika-kotiutua\/","url_meta":{"origin":27654,"position":1},"title":"Aika kotiutua","author":"Reija","date":"12.1.2017","format":false,"excerpt":"Kyll\u00e4 se nyt riitt\u00e4\u00e4 t\u00e4m\u00e4 Torniossa ramppaaminen. Ainakaan kahteen viikkoon en l\u00e4hde l\u00e4hellek\u00e4\u00e4n sit\u00e4! Sitten onkin taas l\u00e4hiopetusviikonloppu. Ja kaksi viikkoa sen j\u00e4lkeen kolmas n\u00e4ytt\u00f6. N\u00e4ytt\u00e4\u00e4 olevan niin, ett\u00e4 minulle tammikuu on aina enemm\u00e4n tai v\u00e4hemm\u00e4n sellainen toimen kuukausi. Vuosikausia se merkitsi kokonaan tai melkein kokonaan uuden luentosarjan tekoa ja\u2026","rel":"","context":"Kategoriassa &quot;Niit\u00e4 n\u00e4it\u00e4&quot;","block_context":{"text":"Niit\u00e4 n\u00e4it\u00e4","link":"https:\/\/www.satokangas.fi\/blogi\/category\/aiheeton\/"},"img":{"alt_text":"","src":"https:\/\/i0.wp.com\/www.satokangas.fi\/blogi\/wp-content\/uploads\/2017\/01\/Tornio-600x352.jpg?resize=350%2C200&ssl=1","width":350,"height":200,"srcset":"https:\/\/i0.wp.com\/www.satokangas.fi\/blogi\/wp-content\/uploads\/2017\/01\/Tornio-600x352.jpg?resize=350%2C200&ssl=1 1x, https:\/\/i0.wp.com\/www.satokangas.fi\/blogi\/wp-content\/uploads\/2017\/01\/Tornio-600x352.jpg?resize=525%2C300&ssl=1 1.5x"},"classes":[]},{"id":46376,"url":"https:\/\/www.satokangas.fi\/blogi\/2023\/07\/pernio-vaasa-lievaa-laskua\/","url_meta":{"origin":27654,"position":2},"title":"Perni\u00f6 &#8211; Vaasa  &#8211; liev\u00e4\u00e4 laskua&#8230;","author":"Reija","date":"13.7.2023","format":false,"excerpt":"Meid\u00e4n lomareissu jatkui t\u00e4n\u00e4 aamuna Mathildedahlista Perni\u00f6n kautta Vaasaan. Nautittuamme j\u00e4lleen lautasellisen paikallisten tuottajien herkkuja ja hyv\u00e4\u00e4 kahvia, olimme jo ennen yhdeks\u00e4\u00e4 etsim\u00e4ss\u00e4 viel\u00e4 muutamia rasteja, jotka olin toivonut n\u00e4kev\u00e4ni ja kokevani t\u00e4ll\u00e4 muistojen matkalla. Nostalgiaa ja menneen maailman juttuja, vanhempien el\u00e4m\u00e4npolkuja viel\u00e4 v\u00e4h\u00e4n kulkien. Ajelimme Nurkkilan kyl\u00e4ss\u00e4 peltoteit\u00e4, joista\u2026","rel":"","context":"Kategoriassa &quot;Historiaa&quot;","block_context":{"text":"Historiaa","link":"https:\/\/www.satokangas.fi\/blogi\/category\/historiaa\/"},"img":{"alt_text":"","src":"https:\/\/i0.wp.com\/www.satokangas.fi\/blogi\/wp-content\/uploads\/2023\/07\/Pernio_Vaasa-11.jpg?resize=350%2C200&ssl=1","width":350,"height":200,"srcset":"https:\/\/i0.wp.com\/www.satokangas.fi\/blogi\/wp-content\/uploads\/2023\/07\/Pernio_Vaasa-11.jpg?resize=350%2C200&ssl=1 1x, https:\/\/i0.wp.com\/www.satokangas.fi\/blogi\/wp-content\/uploads\/2023\/07\/Pernio_Vaasa-11.jpg?resize=525%2C300&ssl=1 1.5x, https:\/\/i0.wp.com\/www.satokangas.fi\/blogi\/wp-content\/uploads\/2023\/07\/Pernio_Vaasa-11.jpg?resize=700%2C400&ssl=1 2x"},"classes":[]},{"id":45135,"url":"https:\/\/www.satokangas.fi\/blogi\/2023\/03\/valoa-kotiin-ja-maailmaan\/","url_meta":{"origin":27654,"position":3},"title":"Valoa kotiin ja maailmaan","author":"Reija","date":"25.3.2023","format":false,"excerpt":"T\u00e4\u00e4ll\u00e4 min\u00e4 istun pime\u00e4ss\u00e4 ty\u00f6huoneessani ja postailen, - oma Earth Hour. Min\u00e4 kun en usko, ett\u00e4 WWF on \"ulkomainen agentti\". Olen sit\u00e4 mielt\u00e4, ett\u00e4 maailman ymp\u00e4rist\u00f6n ja luonnon puolesta pit\u00e4isi ja pit\u00e4\u00e4 tehd\u00e4 paljon enemm\u00e4nkin. V\u00e4h\u00e4n enemm\u00e4n vuosi vuodelta yrit\u00e4n itsekin. Siksikin nyt valot pois. Valo on t\u00e4rke\u00e4\u00e4. Siksi ne\u2026","rel":"","context":"Kategoriassa &quot;Niit\u00e4 n\u00e4it\u00e4&quot;","block_context":{"text":"Niit\u00e4 n\u00e4it\u00e4","link":"https:\/\/www.satokangas.fi\/blogi\/category\/aiheeton\/"},"img":{"alt_text":"","src":"https:\/\/i0.wp.com\/www.satokangas.fi\/blogi\/wp-content\/uploads\/2023\/03\/ruukunvartija-4.jpg?resize=350%2C200&ssl=1","width":350,"height":200,"srcset":"https:\/\/i0.wp.com\/www.satokangas.fi\/blogi\/wp-content\/uploads\/2023\/03\/ruukunvartija-4.jpg?resize=350%2C200&ssl=1 1x, https:\/\/i0.wp.com\/www.satokangas.fi\/blogi\/wp-content\/uploads\/2023\/03\/ruukunvartija-4.jpg?resize=525%2C300&ssl=1 1.5x, https:\/\/i0.wp.com\/www.satokangas.fi\/blogi\/wp-content\/uploads\/2023\/03\/ruukunvartija-4.jpg?resize=700%2C400&ssl=1 2x"},"classes":[]},{"id":45006,"url":"https:\/\/www.satokangas.fi\/blogi\/2023\/03\/nakemisiin\/","url_meta":{"origin":27654,"position":4},"title":"N\u00e4kemisiin","author":"Reija","date":"5.3.2023","format":false,"excerpt":"Niinh\u00e4n siin\u00e4 sitten k\u00e4vi, ett\u00e4 vetovoima (mahdollisuus n\u00e4hd\u00e4 lapsenlapsia lomalla) ja ty\u00f6nt\u00f6tekij\u00e4 (ihan hillit\u00f6n lumimyr\u00e4kk\u00e4 heti aamusta) saivat meid\u00e4t tekem\u00e4\u00e4n p\u00e4\u00e4t\u00f6ksen l\u00e4hte\u00e4 aiottua aiemmin kohti Oulua ja kotia. Alunperin paluun piti olla tiistaina, jolloin muksut ja Juniori olisivat l\u00e4hteneet kyydill\u00e4mme Rovaniemelle asti, sitten siirrettiin l\u00e4ht\u00f6\u00e4 maanantaille kun ei ollutkaan matkaseuraa\u2026","rel":"","context":"Kategoriassa &quot;M\u00f6kkiel\u00e4m\u00e4\u00e4&quot;","block_context":{"text":"M\u00f6kkiel\u00e4m\u00e4\u00e4","link":"https:\/\/www.satokangas.fi\/blogi\/category\/mokkielamaa\/"},"img":{"alt_text":"","src":"https:\/\/i0.wp.com\/www.satokangas.fi\/blogi\/wp-content\/uploads\/2023\/03\/yo.jpg?resize=350%2C200&ssl=1","width":350,"height":200,"srcset":"https:\/\/i0.wp.com\/www.satokangas.fi\/blogi\/wp-content\/uploads\/2023\/03\/yo.jpg?resize=350%2C200&ssl=1 1x, https:\/\/i0.wp.com\/www.satokangas.fi\/blogi\/wp-content\/uploads\/2023\/03\/yo.jpg?resize=525%2C300&ssl=1 1.5x, https:\/\/i0.wp.com\/www.satokangas.fi\/blogi\/wp-content\/uploads\/2023\/03\/yo.jpg?resize=700%2C400&ssl=1 2x"},"classes":[]},{"id":34313,"url":"https:\/\/www.satokangas.fi\/blogi\/2018\/06\/kesakuun-viimeinen-oikein-hyva-paatos-talle-kuulle\/","url_meta":{"origin":27654,"position":5},"title":"Kes\u00e4kuun viimeinen &#8211; oikein hyv\u00e4 p\u00e4\u00e4t\u00f6s t\u00e4lle kuulle","author":"Reija","date":"30.6.2018","format":false,"excerpt":"Nukuin (nukuimme) liki kymmentuntisen y\u00f6n. Juhlaahan se sellainen on! Ja siksikin oli hyv\u00e4 syy tehd\u00e4 aamiaisestakin juhla: smoothie Huvilassa. Ja kahvia. El\u00e4m\u00e4 on! T\u00e4n\u00e4\u00e4nh\u00e4n se meni niin, ett\u00e4 oli Apsun vanhempien vuoroty\u00f6n vaihtohetki iltap\u00e4iv\u00e4ll\u00e4: parituntinen siten, ett\u00e4 Apsu oli meid\u00e4n \u00b4vastuulla\u00b4. Kauan luvattu \"linnakahhilan\" vierailu sopi hyvin t\u00e4h\u00e4n saumaan. Niinp\u00e4\u2026","rel":"","context":"Kategoriassa &quot;Isovanhemmuus&quot;","block_context":{"text":"Isovanhemmuus","link":"https:\/\/www.satokangas.fi\/blogi\/category\/isovanhemmuus\/"},"img":{"alt_text":"","src":"https:\/\/i0.wp.com\/www.satokangas.fi\/blogi\/wp-content\/uploads\/2018\/06\/Lauantai-5.jpg?resize=350%2C200&ssl=1","width":350,"height":200,"srcset":"https:\/\/i0.wp.com\/www.satokangas.fi\/blogi\/wp-content\/uploads\/2018\/06\/Lauantai-5.jpg?resize=350%2C200&ssl=1 1x, https:\/\/i0.wp.com\/www.satokangas.fi\/blogi\/wp-content\/uploads\/2018\/06\/Lauantai-5.jpg?resize=525%2C300&ssl=1 1.5x"},"classes":[]}],"_links":{"self":[{"href":"https:\/\/www.satokangas.fi\/blogi\/wp-json\/wp\/v2\/posts\/27654","targetHints":{"allow":["GET"]}}],"collection":[{"href":"https:\/\/www.satokangas.fi\/blogi\/wp-json\/wp\/v2\/posts"}],"about":[{"href":"https:\/\/www.satokangas.fi\/blogi\/wp-json\/wp\/v2\/types\/post"}],"author":[{"embeddable":true,"href":"https:\/\/www.satokangas.fi\/blogi\/wp-json\/wp\/v2\/users\/1"}],"replies":[{"embeddable":true,"href":"https:\/\/www.satokangas.fi\/blogi\/wp-json\/wp\/v2\/comments?post=27654"}],"version-history":[{"count":0,"href":"https:\/\/www.satokangas.fi\/blogi\/wp-json\/wp\/v2\/posts\/27654\/revisions"}],"wp:attachment":[{"href":"https:\/\/www.satokangas.fi\/blogi\/wp-json\/wp\/v2\/media?parent=27654"}],"wp:term":[{"taxonomy":"category","embeddable":true,"href":"https:\/\/www.satokangas.fi\/blogi\/wp-json\/wp\/v2\/categories?post=27654"},{"taxonomy":"post_tag","embeddable":true,"href":"https:\/\/www.satokangas.fi\/blogi\/wp-json\/wp\/v2\/tags?post=27654"}],"curies":[{"name":"wp","href":"https:\/\/api.w.org\/{rel}","templated":true}]}}