{"id":27646,"date":"2016-02-18T22:40:29","date_gmt":"2016-02-18T20:40:29","guid":{"rendered":"https:\/\/www.satokangas.fi\/blogi\/?p=27646"},"modified":"2016-02-18T22:40:29","modified_gmt":"2016-02-18T20:40:29","slug":"simahdus","status":"publish","type":"post","link":"https:\/\/www.satokangas.fi\/blogi\/2016\/02\/simahdus\/","title":{"rendered":"Simahdus"},"content":{"rendered":"<p><a href=\"https:\/\/www.satokangas.fi\/blogi\/wp-content\/uploads\/2016\/02\/Sinisi\u00e4-ajatuksia.jpg\" rel=\"attachment wp-att-27647\"><img loading=\"lazy\" decoding=\"async\" class=\"alignleft size-medium wp-image-27647\" src=\"https:\/\/www.satokangas.fi\/blogi\/wp-content\/uploads\/2016\/02\/Sinisi\u00e4-ajatuksia-267x400.jpg\" alt=\"Sinisi\u00e4 ajatuksia\" width=\"267\" height=\"400\" \/><\/a><\/p>\n<p>&nbsp;<\/p>\n<p>Nyt ei en\u00e4\u00e4 syty.<\/p>\n<p>Luulen, ett\u00e4 olen tehnyt enn\u00e4tykseni koneen \u00e4\u00e4ress\u00e4 istumisessa t\u00e4n\u00e4\u00e4n. P\u00e4iv\u00e4ll\u00e4 olin kolme varttia pois: imuroin v\u00e4h\u00e4n, otin muutaman valokuvan, tein salaatin ja roudasin muutakin ruokaa koneen \u00e4\u00e4reen. Muutoin olen istunut t\u00e4ss\u00e4 aamupuoliseitsem\u00e4st\u00e4 t\u00e4h\u00e4n asti. Vessassa olen k\u00e4ynyt, postilaatikolla en.<\/p>\n<p>Nyt ei en\u00e4\u00e4 blogia p\u00e4ivitell\u00e4.<\/p>\n<p>Olen varma, ett\u00e4 ymm\u00e4rr\u00e4tte.<\/p>\n<p>Huomiseen, yst\u00e4v\u00e4t!<\/p>\n<p>&nbsp;<\/p>\n","protected":false},"excerpt":{"rendered":"<p>&nbsp; Nyt ei en\u00e4\u00e4 syty. Luulen, ett\u00e4 olen tehnyt enn\u00e4tykseni koneen \u00e4\u00e4ress\u00e4 istumisessa t\u00e4n\u00e4\u00e4n. P\u00e4iv\u00e4ll\u00e4 olin kolme varttia pois: imuroin v\u00e4h\u00e4n, otin muutaman valokuvan, tein salaatin ja roudasin muutakin ruokaa koneen \u00e4\u00e4reen. Muutoin olen istunut t\u00e4ss\u00e4 aamupuoliseitsem\u00e4st\u00e4 t\u00e4h\u00e4n asti. Vessassa olen k\u00e4ynyt, postilaatikolla en. Nyt ei en\u00e4\u00e4 blogia p\u00e4ivitell\u00e4. Olen varma, ett\u00e4 ymm\u00e4rr\u00e4tte. Huomiseen, yst\u00e4v\u00e4t! &nbsp;<\/p>\n","protected":false},"author":1,"featured_media":0,"comment_status":"open","ping_status":"open","sticky":false,"template":"","format":"standard","meta":{"jetpack_post_was_ever_published":false,"_jetpack_newsletter_access":"","_jetpack_dont_email_post_to_subs":false,"_jetpack_newsletter_tier_id":0,"_jetpack_memberships_contains_paywalled_content":false,"_jetpack_memberships_contains_paid_content":false,"footnotes":"","jetpack_publicize_message":"","jetpack_publicize_feature_enabled":true,"jetpack_social_post_already_shared":true,"jetpack_social_options":{"image_generator_settings":{"template":"highway","default_image_id":0,"font":"","enabled":false},"version":2}},"categories":[1],"tags":[],"class_list":["post-27646","post","type-post","status-publish","format-standard","hentry","category-aiheeton","latest_post"],"jetpack_publicize_connections":[],"jetpack_featured_media_url":"","jetpack_shortlink":"https:\/\/wp.me\/sr4p4-simahdus","jetpack_sharing_enabled":true,"jetpack_likes_enabled":false,"jetpack-related-posts":[{"id":16439,"url":"https:\/\/www.satokangas.fi\/blogi\/2013\/02\/nayttopaatteen-aaressa\/","url_meta":{"origin":27646,"position":0},"title":"N\u00e4ytt\u00f6p\u00e4\u00e4tteen \u00e4\u00e4ress\u00e4","author":"Reija","date":"4.2.2013","format":false,"excerpt":"Aamupuolikahdeksasta puoli viiteen t\u00f6iss\u00e4 koneen \u00e4\u00e4ress\u00e4. Lukien, kirjoittaen, miettien, - mutta koneen \u00e4\u00e4ress\u00e4. Pikainen pyr\u00e4hdys Rantapellossa: ISO kasa katkarapuja, kananmunaa ja majoneesia. Toast skagen ilman toastia, ja lennosta viel\u00e4 purkki Skyri\u00e4 ja sitten huristellen Kaukovainiolle, jossa ammattiopiston parkilla poika seisoo ja huomauttaa \"melkein my\u00f6h\u00e4styit\". Siis juniori minulle p\u00e4\u00e4see sellaisesta huomauttelemaan,\u2026","rel":"","context":"Kategoriassa &quot;Niit\u00e4 n\u00e4it\u00e4&quot;","block_context":{"text":"Niit\u00e4 n\u00e4it\u00e4","link":"https:\/\/www.satokangas.fi\/blogi\/category\/aiheeton\/"},"img":{"alt_text":"","src":"https:\/\/i0.wp.com\/www.satokangas.fi\/blogi\/wp-content\/uploads\/2013\/02\/S_11347_000364.jpg?resize=350%2C200&ssl=1","width":350,"height":200},"classes":[]},{"id":29995,"url":"https:\/\/www.satokangas.fi\/blogi\/2016\/12\/pienta-panikointia\/","url_meta":{"origin":27646,"position":1},"title":"Pient\u00e4 panikointia","author":"Reija","date":"27.12.2016","format":false,"excerpt":"Nyt l\u00e4htee j\u00e4rki noiden seuraavaan VAT-n\u00e4ytt\u00f6\u00f6n laitettavien kuvien kanssa! Periaatteessahan sain yht\u00e4 sarjaa lukuunottamatta kaikki kuvatuksi ennen joulua, ja t\u00e4n\u00e4\u00e4n sitten heti aamuvarhain, kun Pehtoori l\u00e4hti viem\u00e4\u00e4n ty\u00e4rt\u00e4 Helsingin koneelle, istahdin koneen \u00e4\u00e4reen ja erin\u00e4isten kodinhoidollisten hommien suorittamista lukuunottamatta olen koko p\u00e4iv\u00e4n valinnut, muokannut ja ty\u00f6st\u00e4nyt kuvia. Ja nyt alkaa\u2026","rel":"","context":"Kategoriassa &quot;Niit\u00e4 n\u00e4it\u00e4&quot;","block_context":{"text":"Niit\u00e4 n\u00e4it\u00e4","link":"https:\/\/www.satokangas.fi\/blogi\/category\/aiheeton\/"},"img":{"alt_text":"","src":"https:\/\/i0.wp.com\/www.satokangas.fi\/blogi\/wp-content\/uploads\/2016\/12\/winterwonderlans-267x400.jpg?resize=350%2C200&ssl=1","width":350,"height":200},"classes":[]},{"id":49365,"url":"https:\/\/www.satokangas.fi\/blogi\/2024\/05\/koneen-aaresta-kevaisille-rannoille\/","url_meta":{"origin":27646,"position":2},"title":"Koneen \u00e4\u00e4rest\u00e4 kev\u00e4isille rannoille","author":"Reija","date":"13.5.2024","format":false,"excerpt":"\u00a0 Kaiken maailmaan p\u00e4ivityksi\u00e4, kirjeenvaihtoa, viel\u00e4 kuvien tekoa, ja siin\u00e4 ohessa s\u00e4hk\u00f6postiohjelma onnistui ihan itsekseen menem\u00e4\u00e4n umpijuntturaan ja m\u00f6k\u00f6tystilaan! Niinp\u00e4 kaunis, ja jo melko l\u00e4mminkin kev\u00e4tp\u00e4iv\u00e4 on mennyt koneella istuskellen, vain v\u00e4h\u00e4n voimasanoja, ja paljon enemm\u00e4n onnistuneita tuloksia. Pidennetyn juhlaviikonlopun j\u00e4lkeen siis kertaheitolla arkeen. Toki ehdin uloskin. Pikisaaren py\u00f6r\u00e4tie -\u2026","rel":"","context":"Kategoriassa &quot;Niit\u00e4 n\u00e4it\u00e4&quot;","block_context":{"text":"Niit\u00e4 n\u00e4it\u00e4","link":"https:\/\/www.satokangas.fi\/blogi\/category\/aiheeton\/"},"img":{"alt_text":"","src":"https:\/\/i0.wp.com\/www.satokangas.fi\/blogi\/wp-content\/uploads\/2024\/05\/12-5.jpg?resize=350%2C200&ssl=1","width":350,"height":200,"srcset":"https:\/\/i0.wp.com\/www.satokangas.fi\/blogi\/wp-content\/uploads\/2024\/05\/12-5.jpg?resize=350%2C200&ssl=1 1x, https:\/\/i0.wp.com\/www.satokangas.fi\/blogi\/wp-content\/uploads\/2024\/05\/12-5.jpg?resize=525%2C300&ssl=1 1.5x, https:\/\/i0.wp.com\/www.satokangas.fi\/blogi\/wp-content\/uploads\/2024\/05\/12-5.jpg?resize=700%2C400&ssl=1 2x"},"classes":[]},{"id":37587,"url":"https:\/\/www.satokangas.fi\/blogi\/2019\/11\/37587\/","url_meta":{"origin":27646,"position":3},"title":"Kotoilua koneen \u00e4\u00e4ress\u00e4","author":"Reija","date":"7.11.2019","format":false,"excerpt":"Suvantovaihe menossa. Laskeutuminen talvihorrokseen vai keskitalven juhla- ja tapahtumakauden alkua edelt\u00e4v\u00e4 odottelun jakso? Voiko olla molempia? - Ehk\u00e4p\u00e4. Kun kalenterissa ei ole oikein mit\u00e4\u00e4n, niin kotoilu ja kaikin puolinen \"hyggeily\" on t\u00e4n\u00e4\u00e4n ollut mukavaa ja mieluisaa.\u00a0 Koneen \u00e4\u00e4ress\u00e4kin on ollut kynttil\u00e4 koko p\u00e4iv\u00e4n. L\u00e4hes koko p\u00e4iv\u00e4n. Sent\u00e4\u00e4n pieni piipahdus ulkoilmaan...\u2026","rel":"","context":"Kategoriassa &quot;Niit\u00e4 n\u00e4it\u00e4&quot;","block_context":{"text":"Niit\u00e4 n\u00e4it\u00e4","link":"https:\/\/www.satokangas.fi\/blogi\/category\/aiheeton\/"},"img":{"alt_text":"","src":"https:\/\/i0.wp.com\/www.satokangas.fi\/blogi\/wp-content\/uploads\/2019\/11\/1-5.jpg?resize=350%2C200&ssl=1","width":350,"height":200,"srcset":"https:\/\/i0.wp.com\/www.satokangas.fi\/blogi\/wp-content\/uploads\/2019\/11\/1-5.jpg?resize=350%2C200&ssl=1 1x, https:\/\/i0.wp.com\/www.satokangas.fi\/blogi\/wp-content\/uploads\/2019\/11\/1-5.jpg?resize=525%2C300&ssl=1 1.5x, https:\/\/i0.wp.com\/www.satokangas.fi\/blogi\/wp-content\/uploads\/2019\/11\/1-5.jpg?resize=700%2C400&ssl=1 2x"},"classes":[]},{"id":38723,"url":"https:\/\/www.satokangas.fi\/blogi\/2020\/05\/korttipuuhia\/","url_meta":{"origin":27646,"position":4},"title":"Korttipuuhia","author":"Reija","date":"27.5.2020","format":false,"excerpt":"P\u00e4iv\u00e4n saldo: kaupasta uusia perunoita. Loppup\u00e4iv\u00e4 koneella uusia kortteja viimeistelless\u00e4. Perunat oli huonoja, korteista tuli hienoja. :) Mm. Pikisaari-kortti l\u00e4hti painoon. (alla vesileimallinen pieni versio) Touhutessa Pikisaari-kuvien parissa l\u00f6ysin my\u00f6s Kalevan (taas yhden hienon) kuvagallerian \u00e4\u00e4relle. Ainakin minulle ennenn\u00e4kem\u00e4tt\u00f6mi\u00e4 kuvia on kansiossa: KLIKS. Vesisadep\u00e4iv\u00e4ss\u00e4 hyv\u00e4\u00e4 luonnolle, mm. koivun siitep\u00f6lym\u00e4\u00e4r\u00e4 v\u00e4h\u00e4n\u2026","rel":"","context":"Kategoriassa &quot;Muistikuvia&quot;","block_context":{"text":"Muistikuvia","link":"https:\/\/www.satokangas.fi\/blogi\/category\/muistikuvia\/"},"img":{"alt_text":"","src":"https:\/\/i0.wp.com\/www.satokangas.fi\/blogi\/wp-content\/uploads\/2020\/05\/pieni.jpg?resize=350%2C200&ssl=1","width":350,"height":200,"srcset":"https:\/\/i0.wp.com\/www.satokangas.fi\/blogi\/wp-content\/uploads\/2020\/05\/pieni.jpg?resize=350%2C200&ssl=1 1x, https:\/\/i0.wp.com\/www.satokangas.fi\/blogi\/wp-content\/uploads\/2020\/05\/pieni.jpg?resize=525%2C300&ssl=1 1.5x, https:\/\/i0.wp.com\/www.satokangas.fi\/blogi\/wp-content\/uploads\/2020\/05\/pieni.jpg?resize=700%2C400&ssl=1 2x"},"classes":[]},{"id":8394,"url":"https:\/\/www.satokangas.fi\/blogi\/2010\/09\/tasta-se-lahtee\/","url_meta":{"origin":27646,"position":5},"title":"T\u00e4st\u00e4 se l\u00e4htee","author":"Reija","date":"1.9.2010","format":false,"excerpt":"Mist\u00e4 on syyskuun ensimm\u00e4inen tehty? opiskelijoista (onpa kiva kun tulitte takaisin. Ja eiku t\u00f6ihin vain) professorin poikkeuksellisesta touhottamisesta (meid\u00e4n pit\u00e4isi, muistuta, kirjoitetaanko? autatko? miss\u00e4 se onkaan?) kahdeksastatoista s\u00e4hk\u00f6postista (opinto-ohjaus et\u00e4opiskelijoille ei ole ihan superhauskaa) vesisateesta joka ei haittaa (sis\u00e4ll\u00e4 olo tuntuu mukavalle, lenkin voi laistaa hyv\u00e4ll\u00e4 omalla tunnolla) osoitteiden hakemisesta\u2026","rel":"","context":"Kategoriassa &quot;Yliopistoel\u00e4m\u00e4\u00e4&quot;","block_context":{"text":"Yliopistoel\u00e4m\u00e4\u00e4","link":"https:\/\/www.satokangas.fi\/blogi\/category\/yliopistoelamaa\/"},"img":{"alt_text":"","src":"https:\/\/i0.wp.com\/www.satokangas.fi\/blogi\/wp-content\/uploads\/campo-di-fiori--500x381.jpg?resize=350%2C200&ssl=1","width":350,"height":200},"classes":[]}],"_links":{"self":[{"href":"https:\/\/www.satokangas.fi\/blogi\/wp-json\/wp\/v2\/posts\/27646","targetHints":{"allow":["GET"]}}],"collection":[{"href":"https:\/\/www.satokangas.fi\/blogi\/wp-json\/wp\/v2\/posts"}],"about":[{"href":"https:\/\/www.satokangas.fi\/blogi\/wp-json\/wp\/v2\/types\/post"}],"author":[{"embeddable":true,"href":"https:\/\/www.satokangas.fi\/blogi\/wp-json\/wp\/v2\/users\/1"}],"replies":[{"embeddable":true,"href":"https:\/\/www.satokangas.fi\/blogi\/wp-json\/wp\/v2\/comments?post=27646"}],"version-history":[{"count":0,"href":"https:\/\/www.satokangas.fi\/blogi\/wp-json\/wp\/v2\/posts\/27646\/revisions"}],"wp:attachment":[{"href":"https:\/\/www.satokangas.fi\/blogi\/wp-json\/wp\/v2\/media?parent=27646"}],"wp:term":[{"taxonomy":"category","embeddable":true,"href":"https:\/\/www.satokangas.fi\/blogi\/wp-json\/wp\/v2\/categories?post=27646"},{"taxonomy":"post_tag","embeddable":true,"href":"https:\/\/www.satokangas.fi\/blogi\/wp-json\/wp\/v2\/tags?post=27646"}],"curies":[{"name":"wp","href":"https:\/\/api.w.org\/{rel}","templated":true}]}}