{"id":27640,"date":"2016-02-19T21:17:01","date_gmt":"2016-02-19T19:17:01","guid":{"rendered":"https:\/\/www.satokangas.fi\/blogi\/?p=27640"},"modified":"2016-02-19T21:17:01","modified_gmt":"2016-02-19T19:17:01","slug":"paljon-yhdelle-paivalle","status":"publish","type":"post","link":"https:\/\/www.satokangas.fi\/blogi\/2016\/02\/paljon-yhdelle-paivalle\/","title":{"rendered":"Paljon yhdelle p\u00e4iv\u00e4lle"},"content":{"rendered":"<p>V\u00e4synyt mutta onnellinen.<\/p>\n<p>T\u00e4\u00e4ll\u00e4 taas Torniossa ollaan. Kuudes l\u00e4hiopetusviikonloppu on nyt. Kuvat on &#8221;Kaunolasta&#8221;, jossa meit\u00e4 t\u00e4ll\u00e4 kertaa asustelee vain kolme. Opiskelijak\u00e4mp\u00e4ksi oikein kelpo t\u00e4m\u00e4 on.<\/p>\n<p><a href=\"https:\/\/www.satokangas.fi\/blogi\/wp-content\/uploads\/2016\/02\/Opiskelija-asunto.jpg\" rel=\"attachment wp-att-27641\"><img loading=\"lazy\" decoding=\"async\" data-attachment-id=\"27641\" data-permalink=\"https:\/\/www.satokangas.fi\/blogi\/2016\/02\/paljon-yhdelle-paivalle\/opiskelija-asunto\/\" data-orig-file=\"https:\/\/www.satokangas.fi\/blogi\/wp-content\/uploads\/2016\/02\/Opiskelija-asunto.jpg\" data-orig-size=\"1275,850\" data-comments-opened=\"1\" data-image-meta=\"{&quot;aperture&quot;:&quot;5&quot;,&quot;credit&quot;:&quot;Reija Satokangas&quot;,&quot;camera&quot;:&quot;Canon EOS 6D&quot;,&quot;caption&quot;:&quot;&quot;,&quot;created_timestamp&quot;:&quot;1454076171&quot;,&quot;copyright&quot;:&quot;&quot;,&quot;focal_length&quot;:&quot;24&quot;,&quot;iso&quot;:&quot;500&quot;,&quot;shutter_speed&quot;:&quot;0.1&quot;,&quot;title&quot;:&quot;&quot;,&quot;orientation&quot;:&quot;0&quot;}\" data-image-title=\"Opiskelija-asunto\" data-image-description=\"\" data-image-caption=\"\" data-large-file=\"https:\/\/www.satokangas.fi\/blogi\/wp-content\/uploads\/2016\/02\/Opiskelija-asunto.jpg\" class=\"aligncenter size-medium wp-image-27641\" src=\"https:\/\/www.satokangas.fi\/blogi\/wp-content\/uploads\/2016\/02\/Opiskelija-asunto-600x400.jpg\" alt=\"Opiskelija-asunto\" width=\"600\" height=\"400\" srcset=\"https:\/\/www.satokangas.fi\/blogi\/wp-content\/uploads\/2016\/02\/Opiskelija-asunto-600x400.jpg 600w, https:\/\/www.satokangas.fi\/blogi\/wp-content\/uploads\/2016\/02\/Opiskelija-asunto-300x200.jpg 300w, https:\/\/www.satokangas.fi\/blogi\/wp-content\/uploads\/2016\/02\/Opiskelija-asunto-768x512.jpg 768w, https:\/\/www.satokangas.fi\/blogi\/wp-content\/uploads\/2016\/02\/Opiskelija-asunto.jpg 1275w\" sizes=\"auto, (max-width: 600px) 100vw, 600px\" \/><\/a><\/p>\n<p>Mutta ennen kuin t\u00e4h\u00e4n asti p\u00e4\u00e4stiin, on p\u00e4iv\u00e4ss\u00e4 tapahtunut paljon. Paljon hyv\u00e4\u00e4.<\/p>\n<p>Aamuviidelt\u00e4 uni loppui, olihan sit\u00e4 jo melkein viisi tuntia takana. S\u00e4hk\u00f6postiliikennett\u00e4 emerita-asioissa, paistink\u00e4\u00e4nt\u00e4j\u00e4asioissa, l\u00e4\u00e4k\u00e4riasioissa, ja viel\u00e4 ehdin tehd\u00e4 k\u00e4sikirjoitukselle kaikenmoista. Mutta kansi j\u00e4i viel\u00e4 ensi viikon alkuun. Noh, kuvat ja suunnitelma sit\u00e4 varten on olemassa. Maanantaina sitten.<\/p>\n<p><a href=\"https:\/\/www.satokangas.fi\/blogi\/wp-content\/uploads\/2016\/02\/Opiskelija-asunto-3.jpg\" rel=\"attachment wp-att-27642\"><img loading=\"lazy\" decoding=\"async\" data-attachment-id=\"27642\" data-permalink=\"https:\/\/www.satokangas.fi\/blogi\/2016\/02\/paljon-yhdelle-paivalle\/opiskelija-asunto-3\/\" data-orig-file=\"https:\/\/www.satokangas.fi\/blogi\/wp-content\/uploads\/2016\/02\/Opiskelija-asunto-3.jpg\" data-orig-size=\"1275,850\" data-comments-opened=\"1\" data-image-meta=\"{&quot;aperture&quot;:&quot;8&quot;,&quot;credit&quot;:&quot;Reija Satokangas&quot;,&quot;camera&quot;:&quot;Canon EOS 6D&quot;,&quot;caption&quot;:&quot;&quot;,&quot;created_timestamp&quot;:&quot;1454076190&quot;,&quot;copyright&quot;:&quot;&quot;,&quot;focal_length&quot;:&quot;24&quot;,&quot;iso&quot;:&quot;1000&quot;,&quot;shutter_speed&quot;:&quot;0.2&quot;,&quot;title&quot;:&quot;&quot;,&quot;orientation&quot;:&quot;0&quot;}\" data-image-title=\"Opiskelija-asunto-3\" data-image-description=\"\" data-image-caption=\"\" data-large-file=\"https:\/\/www.satokangas.fi\/blogi\/wp-content\/uploads\/2016\/02\/Opiskelija-asunto-3.jpg\" class=\"aligncenter size-medium wp-image-27642\" src=\"https:\/\/www.satokangas.fi\/blogi\/wp-content\/uploads\/2016\/02\/Opiskelija-asunto-3-600x400.jpg\" alt=\"Opiskelija-asunto-3\" width=\"600\" height=\"400\" srcset=\"https:\/\/www.satokangas.fi\/blogi\/wp-content\/uploads\/2016\/02\/Opiskelija-asunto-3-600x400.jpg 600w, https:\/\/www.satokangas.fi\/blogi\/wp-content\/uploads\/2016\/02\/Opiskelija-asunto-3-300x200.jpg 300w, https:\/\/www.satokangas.fi\/blogi\/wp-content\/uploads\/2016\/02\/Opiskelija-asunto-3-768x512.jpg 768w, https:\/\/www.satokangas.fi\/blogi\/wp-content\/uploads\/2016\/02\/Opiskelija-asunto-3.jpg 1275w\" sizes=\"auto, (max-width: 600px) 100vw, 600px\" \/><\/a><\/p>\n<p>Ajelin Haukiputaalle, jossa kirjan taittajaksi lupautunut E. asuu. H\u00e4nen kanssaan olen tehnyt ainakin viisi kirjaprojektia. Ainakin. E. on opiskelijani, jolla on oma <a href=\"http:\/\/www.kronolia.com\/\">firma<\/a>, tekee ty\u00f6t nopeasti ja osaa. Siisp\u00e4 sinne j\u00e4tin mapin ja tikullisen kuvia ja teksti\u00e4. Nyt se on tehty. Voisinpa sanoa, ett\u00e4 parhaani tein, enemp\u00e4\u00e4 ei voida vaatia. En voi sanoa niin. On sanottava, ett\u00e4 aika paljon tein, ja enemp\u00e4\u00e4 en en\u00e4\u00e4 halua.<\/p>\n<p><a href=\"https:\/\/www.satokangas.fi\/blogi\/wp-content\/uploads\/2016\/02\/Opiskelija-asunto-5.jpg\" rel=\"attachment wp-att-27643\"><img loading=\"lazy\" decoding=\"async\" data-attachment-id=\"27643\" data-permalink=\"https:\/\/www.satokangas.fi\/blogi\/2016\/02\/paljon-yhdelle-paivalle\/opiskelija-asunto-5\/\" data-orig-file=\"https:\/\/www.satokangas.fi\/blogi\/wp-content\/uploads\/2016\/02\/Opiskelija-asunto-5.jpg\" data-orig-size=\"1275,850\" data-comments-opened=\"1\" data-image-meta=\"{&quot;aperture&quot;:&quot;5.6&quot;,&quot;credit&quot;:&quot;Reija Satokangas&quot;,&quot;camera&quot;:&quot;Canon EOS 6D&quot;,&quot;caption&quot;:&quot;&quot;,&quot;created_timestamp&quot;:&quot;1454076325&quot;,&quot;copyright&quot;:&quot;&quot;,&quot;focal_length&quot;:&quot;21&quot;,&quot;iso&quot;:&quot;1000&quot;,&quot;shutter_speed&quot;:&quot;0.4&quot;,&quot;title&quot;:&quot;&quot;,&quot;orientation&quot;:&quot;0&quot;}\" data-image-title=\"Opiskelija-asunto-5\" data-image-description=\"\" data-image-caption=\"\" data-large-file=\"https:\/\/www.satokangas.fi\/blogi\/wp-content\/uploads\/2016\/02\/Opiskelija-asunto-5.jpg\" class=\"aligncenter size-medium wp-image-27643\" src=\"https:\/\/www.satokangas.fi\/blogi\/wp-content\/uploads\/2016\/02\/Opiskelija-asunto-5-600x400.jpg\" alt=\"Opiskelija-asunto-5\" width=\"600\" height=\"400\" srcset=\"https:\/\/www.satokangas.fi\/blogi\/wp-content\/uploads\/2016\/02\/Opiskelija-asunto-5-600x400.jpg 600w, https:\/\/www.satokangas.fi\/blogi\/wp-content\/uploads\/2016\/02\/Opiskelija-asunto-5-300x200.jpg 300w, https:\/\/www.satokangas.fi\/blogi\/wp-content\/uploads\/2016\/02\/Opiskelija-asunto-5-768x512.jpg 768w, https:\/\/www.satokangas.fi\/blogi\/wp-content\/uploads\/2016\/02\/Opiskelija-asunto-5.jpg 1275w\" sizes=\"auto, (max-width: 600px) 100vw, 600px\" \/><\/a><\/p>\n<p>Haukiputaalta kohti pohjoista: seuraava etappi Iiss\u00e4. Sain systerilt\u00e4 joululahjaksi lahjakortin iil\u00e4iseen &#8221;Voi hyvin&#8221; -studioon. Kyll\u00e4 kuumakivihieronta oli paikallaan. Juuri t\u00e4n\u00e4\u00e4n. Koneen \u00e4\u00e4reen moneksi p\u00e4iv\u00e4ksi k\u00e4pertynyt kroppa relaksoitui todella.<\/p>\n<p>Ja sitten kun autolle menness\u00e4 \u00a0katselin puhelimesta viestej\u00e4: VIHDOIN oli tullut toinen lausunto liittyen tohtorikoulutettavan(i) v\u00e4it\u00f6skirjaan. Olen lukenut monia, ehk\u00e4 jopa kymmeni\u00e4 esitarkastuslausuntoja, ja enp\u00e4 moista ole ennen n\u00e4hnyt. Oivaltava, pitk\u00e4hk\u00f6, perusteellinen, hauska, \u00e4lyk\u00e4s, kiitt\u00e4v\u00e4, kritikoiva, asiantunteva, analyyttinen. Liki artikkeli oli se. Ja painatuslupaa suositteleva. \u00a0Yesh! Pari puhelua, ja matka jatkui.<\/p>\n<p><a href=\"https:\/\/www.satokangas.fi\/blogi\/wp-content\/uploads\/2016\/02\/Opiskelija-asunto-7.jpg\" rel=\"attachment wp-att-27644\"><img loading=\"lazy\" decoding=\"async\" data-attachment-id=\"27644\" data-permalink=\"https:\/\/www.satokangas.fi\/blogi\/2016\/02\/paljon-yhdelle-paivalle\/opiskelija-asunto-7\/\" data-orig-file=\"https:\/\/www.satokangas.fi\/blogi\/wp-content\/uploads\/2016\/02\/Opiskelija-asunto-7.jpg\" data-orig-size=\"1275,850\" data-comments-opened=\"1\" data-image-meta=\"{&quot;aperture&quot;:&quot;5.6&quot;,&quot;credit&quot;:&quot;Reija Satokangas&quot;,&quot;camera&quot;:&quot;Canon EOS 6D&quot;,&quot;caption&quot;:&quot;&quot;,&quot;created_timestamp&quot;:&quot;1454076340&quot;,&quot;copyright&quot;:&quot;&quot;,&quot;focal_length&quot;:&quot;16&quot;,&quot;iso&quot;:&quot;1000&quot;,&quot;shutter_speed&quot;:&quot;0.16666666666667&quot;,&quot;title&quot;:&quot;&quot;,&quot;orientation&quot;:&quot;0&quot;}\" data-image-title=\"Opiskelija-asunto-7\" data-image-description=\"\" data-image-caption=\"\" data-large-file=\"https:\/\/www.satokangas.fi\/blogi\/wp-content\/uploads\/2016\/02\/Opiskelija-asunto-7.jpg\" class=\"aligncenter size-medium wp-image-27644\" src=\"https:\/\/www.satokangas.fi\/blogi\/wp-content\/uploads\/2016\/02\/Opiskelija-asunto-7-600x400.jpg\" alt=\"Opiskelija-asunto-7\" width=\"600\" height=\"400\" srcset=\"https:\/\/www.satokangas.fi\/blogi\/wp-content\/uploads\/2016\/02\/Opiskelija-asunto-7-600x400.jpg 600w, https:\/\/www.satokangas.fi\/blogi\/wp-content\/uploads\/2016\/02\/Opiskelija-asunto-7-300x200.jpg 300w, https:\/\/www.satokangas.fi\/blogi\/wp-content\/uploads\/2016\/02\/Opiskelija-asunto-7-768x512.jpg 768w, https:\/\/www.satokangas.fi\/blogi\/wp-content\/uploads\/2016\/02\/Opiskelija-asunto-7.jpg 1275w\" sizes=\"auto, (max-width: 600px) 100vw, 600px\" \/><\/a><\/p>\n<p>Torniossa ehdin h\u00e4th\u00e4t\u00e4\u00e4 k\u00e4v\u00e4ist\u00e4 sy\u00f6m\u00e4ss\u00e4, hakea asuntolan avaimen, vied\u00e4 kamat ja sitten koululle.<\/p>\n<p><a href=\"https:\/\/www.satokangas.fi\/blogi\/wp-content\/uploads\/2016\/02\/Opiskelija-asunto-8.jpg\" rel=\"attachment wp-att-27645\"><img loading=\"lazy\" decoding=\"async\" data-attachment-id=\"27645\" data-permalink=\"https:\/\/www.satokangas.fi\/blogi\/2016\/02\/paljon-yhdelle-paivalle\/opiskelija-asunto-8\/\" data-orig-file=\"https:\/\/www.satokangas.fi\/blogi\/wp-content\/uploads\/2016\/02\/Opiskelija-asunto-8.jpg\" data-orig-size=\"1275,850\" data-comments-opened=\"1\" data-image-meta=\"{&quot;aperture&quot;:&quot;5.6&quot;,&quot;credit&quot;:&quot;Reija Satokangas&quot;,&quot;camera&quot;:&quot;Canon EOS 6D&quot;,&quot;caption&quot;:&quot;&quot;,&quot;created_timestamp&quot;:&quot;1454076352&quot;,&quot;copyright&quot;:&quot;&quot;,&quot;focal_length&quot;:&quot;16&quot;,&quot;iso&quot;:&quot;1000&quot;,&quot;shutter_speed&quot;:&quot;0.1&quot;,&quot;title&quot;:&quot;&quot;,&quot;orientation&quot;:&quot;0&quot;}\" data-image-title=\"Opiskelija-asunto-8\" data-image-description=\"\" data-image-caption=\"\" data-large-file=\"https:\/\/www.satokangas.fi\/blogi\/wp-content\/uploads\/2016\/02\/Opiskelija-asunto-8.jpg\" class=\"aligncenter size-medium wp-image-27645\" src=\"https:\/\/www.satokangas.fi\/blogi\/wp-content\/uploads\/2016\/02\/Opiskelija-asunto-8-600x400.jpg\" alt=\"Opiskelija-asunto-8\" width=\"600\" height=\"400\" srcset=\"https:\/\/www.satokangas.fi\/blogi\/wp-content\/uploads\/2016\/02\/Opiskelija-asunto-8-600x400.jpg 600w, https:\/\/www.satokangas.fi\/blogi\/wp-content\/uploads\/2016\/02\/Opiskelija-asunto-8-300x200.jpg 300w, https:\/\/www.satokangas.fi\/blogi\/wp-content\/uploads\/2016\/02\/Opiskelija-asunto-8-768x512.jpg 768w, https:\/\/www.satokangas.fi\/blogi\/wp-content\/uploads\/2016\/02\/Opiskelija-asunto-8.jpg 1275w\" sizes=\"auto, (max-width: 600px) 100vw, 600px\" \/><\/a><\/p>\n<p>Palautteesta oli kyse my\u00f6s t\u00e4ll\u00e4 opiskelijalla. Studiokuvaharkkani eiv\u00e4t olleetkaan niin\u00a0huonoja.\u00a0Hassua. Itsearvioinnissa ennen koulutuksen alkua pidin surkeimpana osa-alueenani studiokuvausta (jota en ole ennen tehnyt) ja olen ajatellut, ett\u00e4 luonto\/milj\u00f6\u00f6kuvauksessa jotain osaan, mutta nyt sitten yht\u00e4kki\u00e4 osaankin &#8211; edes joten kuten &#8211; ottaa kuvasarjoja saksista ja kelloista. \ud83d\ude00<\/p>\n<p>Ja ensi y\u00f6n\u00e4 osaan nukkua.<\/p>\n","protected":false},"excerpt":{"rendered":"<p>V\u00e4synyt mutta onnellinen. T\u00e4\u00e4ll\u00e4 taas Torniossa ollaan. Kuudes l\u00e4hiopetusviikonloppu on nyt. Kuvat on &#8221;Kaunolasta&#8221;, jossa meit\u00e4 t\u00e4ll\u00e4 kertaa asustelee vain kolme. Opiskelijak\u00e4mp\u00e4ksi oikein kelpo t\u00e4m\u00e4 on. Mutta ennen kuin t\u00e4h\u00e4n asti p\u00e4\u00e4stiin, on p\u00e4iv\u00e4ss\u00e4 tapahtunut paljon. Paljon hyv\u00e4\u00e4. Aamuviidelt\u00e4 uni loppui, olihan sit\u00e4 jo melkein viisi tuntia takana. S\u00e4hk\u00f6postiliikennett\u00e4 emerita-asioissa, paistink\u00e4\u00e4nt\u00e4j\u00e4asioissa, l\u00e4\u00e4k\u00e4riasioissa, ja viel\u00e4 ehdin tehd\u00e4 k\u00e4sikirjoitukselle kaikenmoista. Mutta kansi &hellip; <\/p>\n","protected":false},"author":1,"featured_media":0,"comment_status":"open","ping_status":"open","sticky":false,"template":"","format":"standard","meta":{"jetpack_post_was_ever_published":false,"_jetpack_newsletter_access":"","_jetpack_dont_email_post_to_subs":false,"_jetpack_newsletter_tier_id":0,"_jetpack_memberships_contains_paywalled_content":false,"_jetpack_memberships_contains_paid_content":false,"footnotes":"","jetpack_publicize_message":"","jetpack_publicize_feature_enabled":true,"jetpack_social_post_already_shared":true,"jetpack_social_options":{"image_generator_settings":{"template":"highway","default_image_id":0,"font":"","enabled":false},"version":2}},"categories":[1,77,32],"tags":[],"class_list":["post-27640","post","type-post","status-publish","format-standard","hentry","category-aiheeton","category-vat","category-yliopistoelamaa","latest_post"],"jetpack_publicize_connections":[],"jetpack_featured_media_url":"","jetpack_shortlink":"https:\/\/wp.me\/pr4p4-7bO","jetpack_sharing_enabled":true,"jetpack_likes_enabled":false,"jetpack-related-posts":[{"id":25136,"url":"https:\/\/www.satokangas.fi\/blogi\/2015\/07\/rakennusmuistoja\/","url_meta":{"origin":27640,"position":0},"title":"Rakennusmuistoja","author":"Reija","date":"7.7.2015","format":false,"excerpt":"Jotenkin onnistuin tekem\u00e4\u00e4n p\u00e4iv\u00e4st\u00e4 ihan erilaisen kuin viel\u00e4 eilen olin ajatellut. Sisareni kihlattunsa kanssa ei sittenk\u00e4\u00e4n tullut sy\u00f6m\u00e4\u00e4n [s\u00e4hl\u00e4sin itse jutun], Laanilan paikallishistoria -palaveria en s\u00e4hl\u00e4nnyt, se meni paremmin kuin olin olettanut, lenkille en l\u00e4htenyt, mutta kaupungissa vastoin ennakko-oletuksia kuitenkin piipahdin. Mutta p\u00e4iv\u00e4 pulkassa. Ja illan olen sitten suorittanut \"kaivauksia\"\u2026","rel":"","context":"Kategoriassa &quot;Niit\u00e4 n\u00e4it\u00e4&quot;","block_context":{"text":"Niit\u00e4 n\u00e4it\u00e4","link":"https:\/\/www.satokangas.fi\/blogi\/category\/aiheeton\/"},"img":{"alt_text":"Modula 1985","src":"https:\/\/i0.wp.com\/www.satokangas.fi\/blogi\/wp-content\/uploads\/2015\/07\/Modula-1985-499x400.jpg?resize=350%2C200&ssl=1","width":350,"height":200},"classes":[]},{"id":45297,"url":"https:\/\/www.satokangas.fi\/blogi\/2023\/04\/laduilta-pyorateille-ilolla\/","url_meta":{"origin":27640,"position":1},"title":"Laduilta py\u00f6r\u00e4teille &#8211; ilolla","author":"Reija","date":"12.4.2023","format":false,"excerpt":"[Tuiranrannassa lumi jo v\u00e4hiss\u00e4, mutta kotipihalla on viel\u00e4 isot kinokset. ] Kev\u00e4ttalvesta kev\u00e4\u00e4seen Vartin yli kahdeksan l\u00e4hdimme kev\u00e4ttalvisesta, lumisesta Lapista aurinkoiseen, kev\u00e4iseen Ouluun. Vaikkei viel\u00e4 ollut kes\u00e4rajoituksia ja vaikkei ajettu ylinopeutta, oltiin kotona jo ennen kahta. Matkalla v\u00e4h\u00e4n liikennett\u00e4, sulat tiet, paljon (monta = 4) teeri\u00e4 tienpenkoilla ennen Sodankyl\u00e4\u00e4. Kotikeitti\u00f6n\u2026","rel":"","context":"Kategoriassa &quot;Liikkuminen&quot;","block_context":{"text":"Liikkuminen","link":"https:\/\/www.satokangas.fi\/blogi\/category\/liikkuminen\/"},"img":{"alt_text":"","src":"https:\/\/i0.wp.com\/www.satokangas.fi\/blogi\/wp-content\/uploads\/2023\/04\/Oulussa-4.jpg?resize=350%2C200&ssl=1","width":350,"height":200,"srcset":"https:\/\/i0.wp.com\/www.satokangas.fi\/blogi\/wp-content\/uploads\/2023\/04\/Oulussa-4.jpg?resize=350%2C200&ssl=1 1x, https:\/\/i0.wp.com\/www.satokangas.fi\/blogi\/wp-content\/uploads\/2023\/04\/Oulussa-4.jpg?resize=525%2C300&ssl=1 1.5x, https:\/\/i0.wp.com\/www.satokangas.fi\/blogi\/wp-content\/uploads\/2023\/04\/Oulussa-4.jpg?resize=700%2C400&ssl=1 2x"},"classes":[]},{"id":34940,"url":"https:\/\/www.satokangas.fi\/blogi\/2018\/10\/lappi-on-niin-paljon\/","url_meta":{"origin":27640,"position":2},"title":"Lappi on niin paljon","author":"Reija","date":"2.10.2018","format":false,"excerpt":"\"Katselet Nattastunturien kaikkein korkeimmalta, jylh\u00e4lt\u00e4 Pyh\u00e4laelta Lapinmaan suurta aukeaa. On edess\u00e4si valtava kappale kaukaista Lappia, kohta kymmenpeninkulmainen py\u00f6r\u00f6 tuntureita, metsi\u00e4 ja aapoja. Suuri Lapinkorpi, Korpilappi, oma maailmansa, jota kes\u00e4p\u00e4iv\u00e4 kiert\u00e4\u00e4 ylt'ymp\u00e4ri - kattona sininen kumu, korkeampi Nattasten suurta Pyh\u00e4\u00e4.\" (Samuli Paulaharju, Sompio) Pyh\u00e4-Nattanen on vanha palvontapaikka, kuten nimikin sanoo. Siin\u00e4\u2026","rel":"","context":"Kategoriassa &quot;Lappi&quot;","block_context":{"text":"Lappi","link":"https:\/\/www.satokangas.fi\/blogi\/category\/lappi\/"},"img":{"alt_text":"","src":"https:\/\/i0.wp.com\/www.satokangas.fi\/blogi\/wp-content\/uploads\/2018\/10\/Nattaset_Sompio-11.jpg?resize=350%2C200&ssl=1","width":350,"height":200,"srcset":"https:\/\/i0.wp.com\/www.satokangas.fi\/blogi\/wp-content\/uploads\/2018\/10\/Nattaset_Sompio-11.jpg?resize=350%2C200&ssl=1 1x, https:\/\/i0.wp.com\/www.satokangas.fi\/blogi\/wp-content\/uploads\/2018\/10\/Nattaset_Sompio-11.jpg?resize=525%2C300&ssl=1 1.5x, https:\/\/i0.wp.com\/www.satokangas.fi\/blogi\/wp-content\/uploads\/2018\/10\/Nattaset_Sompio-11.jpg?resize=700%2C400&ssl=1 2x"},"classes":[]},{"id":12651,"url":"https:\/\/www.satokangas.fi\/blogi\/2011\/10\/riksa-ja-junakyytia-ja-paljon-muuta\/","url_meta":{"origin":27640,"position":3},"title":"KiinaRiksa- ja junakyyti\u00e4 &#8211; ja paljon muuta","author":"Reija","date":"21.10.2011","format":false,"excerpt":"Onko viel\u00e4 se sama p\u00e4iv\u00e4 kun aamukuudelta soi Suzhoun hotellissa her\u00e4tys? Niin paljon on mahtunut yhteen p\u00e4iv\u00e4\u00e4n, ettei yhdeksi uskoisikaan. Liki heng\u00e4stytt\u00e4v\u00e4\u00e4. Voi sit\u00e4 heng\u00e4sty\u00e4 vaikka vain istuu riksan kyydiss\u00e4, katsoo taijia, istuu bussin kyydiss\u00e4, tepastelee puutarhassa, kuvaa bonsai-puita ja lounastaa\u00a0 ja - - \u00a0 Mutta aloittakaamme alusta t\u00e4m\u00e4 p\u00e4iv\u00e4.\u2026","rel":"","context":"Kategoriassa &quot;Niit\u00e4 n\u00e4it\u00e4&quot;","block_context":{"text":"Niit\u00e4 n\u00e4it\u00e4","link":"https:\/\/www.satokangas.fi\/blogi\/category\/aiheeton\/"},"img":{"alt_text":"","src":"https:\/\/i0.wp.com\/www.satokangas.fi\/blogi\/wp-content\/uploads\/riksakyyydill%C3%A41-600x336.jpg?resize=350%2C200&ssl=1","width":350,"height":200,"srcset":"https:\/\/i0.wp.com\/www.satokangas.fi\/blogi\/wp-content\/uploads\/riksakyyydill%C3%A41-600x336.jpg?resize=350%2C200&ssl=1 1x, https:\/\/i0.wp.com\/www.satokangas.fi\/blogi\/wp-content\/uploads\/riksakyyydill%C3%A41-600x336.jpg?resize=525%2C300&ssl=1 1.5x"},"classes":[]},{"id":32046,"url":"https:\/\/www.satokangas.fi\/blogi\/2017\/09\/paiva-iissa\/","url_meta":{"origin":27640,"position":4},"title":"P\u00e4iv\u00e4 Iiss\u00e4","author":"Reija","date":"21.9.2017","format":false,"excerpt":"Iiss\u00e4 on ideaa -silta, joka ylitt\u00e4\u00e4 Helsinginkosken. Kuva Illinsaaren rannalta kohti Kruununsaarta ja sen hautausmaata.\u00a0 P\u00e4iv\u00e4 Iiss\u00e4. Ajelin aamulla Iihin, jossa oli systerin kanssa meetinki puoleltap\u00e4ivin, mutta sit\u00e4 ennen k\u00e4vin yksikseni tutustumassa (sisaren vinkkauksen j\u00e4lkeen) Pohjois-Iiss\u00e4 olevaan Hiastinhaaran luontopolkuun ja Patakariin ja sen lintutornialueeseen. Lyhyt (alle 3 km mutkin) reitti\u2026","rel":"","context":"Kategoriassa &quot;Liikkuminen&quot;","block_context":{"text":"Liikkuminen","link":"https:\/\/www.satokangas.fi\/blogi\/category\/liikkuminen\/"},"img":{"alt_text":"","src":"https:\/\/i0.wp.com\/www.satokangas.fi\/blogi\/wp-content\/uploads\/2017\/09\/Ii-ruska-Hiastinhaara-4.jpg?resize=350%2C200&ssl=1","width":350,"height":200,"srcset":"https:\/\/i0.wp.com\/www.satokangas.fi\/blogi\/wp-content\/uploads\/2017\/09\/Ii-ruska-Hiastinhaara-4.jpg?resize=350%2C200&ssl=1 1x, https:\/\/i0.wp.com\/www.satokangas.fi\/blogi\/wp-content\/uploads\/2017\/09\/Ii-ruska-Hiastinhaara-4.jpg?resize=525%2C300&ssl=1 1.5x"},"classes":[]},{"id":17723,"url":"https:\/\/www.satokangas.fi\/blogi\/2013\/06\/ajatukset-tulevat-hitaasti-tahan-maailmaan\/","url_meta":{"origin":27640,"position":5},"title":"Ajatukset tulevat hitaasti t\u00e4h\u00e4n maailmaan","author":"Reija","date":"17.6.2013","format":false,"excerpt":"Nyt puutarhalle on annettu ensiapu [nuoripari oli kyll\u00e4 pit\u00e4nyt hyv\u00e4\u00e4 huolta, olivat sit\u00e4 paitsi hommanneet meille aamiaistarpeet valmiiksi, pannariakin oli j\u00e4\u00e4kaapissa... liki tippa linssiss\u00e4 olin, kun moinen huolehtiminen tuntui niin hyv\u00e4lle], noin viisi koneellista pesty pyykki\u00e4 [enimm\u00e4kseen pehtoori pessyt], v\u00e4h\u00e4n jo siliteltykin paitoja ja pikeit\u00e4, postit avattu, t\u00f6iss\u00e4 p\u00e4iv\u00e4 oltu\u2026","rel":"","context":"Kategoriassa &quot;Meksiko&quot;","block_context":{"text":"Meksiko","link":"https:\/\/www.satokangas.fi\/blogi\/category\/reissut\/meksiko\/"},"img":{"alt_text":"Meksikossa kaikki on toisin-2","src":"https:\/\/i0.wp.com\/www.satokangas.fi\/blogi\/wp-content\/uploads\/2013\/06\/Meksikossa-kaikki-on-toisin-2-288x400.jpg?resize=350%2C200&ssl=1","width":350,"height":200},"classes":[]}],"_links":{"self":[{"href":"https:\/\/www.satokangas.fi\/blogi\/wp-json\/wp\/v2\/posts\/27640","targetHints":{"allow":["GET"]}}],"collection":[{"href":"https:\/\/www.satokangas.fi\/blogi\/wp-json\/wp\/v2\/posts"}],"about":[{"href":"https:\/\/www.satokangas.fi\/blogi\/wp-json\/wp\/v2\/types\/post"}],"author":[{"embeddable":true,"href":"https:\/\/www.satokangas.fi\/blogi\/wp-json\/wp\/v2\/users\/1"}],"replies":[{"embeddable":true,"href":"https:\/\/www.satokangas.fi\/blogi\/wp-json\/wp\/v2\/comments?post=27640"}],"version-history":[{"count":0,"href":"https:\/\/www.satokangas.fi\/blogi\/wp-json\/wp\/v2\/posts\/27640\/revisions"}],"wp:attachment":[{"href":"https:\/\/www.satokangas.fi\/blogi\/wp-json\/wp\/v2\/media?parent=27640"}],"wp:term":[{"taxonomy":"category","embeddable":true,"href":"https:\/\/www.satokangas.fi\/blogi\/wp-json\/wp\/v2\/categories?post=27640"},{"taxonomy":"post_tag","embeddable":true,"href":"https:\/\/www.satokangas.fi\/blogi\/wp-json\/wp\/v2\/tags?post=27640"}],"curies":[{"name":"wp","href":"https:\/\/api.w.org\/{rel}","templated":true}]}}