{"id":27624,"date":"2016-02-16T20:49:14","date_gmt":"2016-02-16T18:49:14","guid":{"rendered":"https:\/\/www.satokangas.fi\/blogi\/?p=27624"},"modified":"2016-02-16T20:49:14","modified_gmt":"2016-02-16T18:49:14","slug":"huonon-yon-jalkeen-hyva-paiva","status":"publish","type":"post","link":"https:\/\/www.satokangas.fi\/blogi\/2016\/02\/huonon-yon-jalkeen-hyva-paiva\/","title":{"rendered":"Huonon y\u00f6n j\u00e4lkeen hyv\u00e4 p\u00e4iv\u00e4"},"content":{"rendered":"<p style=\"text-align: center;\"><a href=\"https:\/\/www.satokangas.fi\/blogi\/wp-content\/uploads\/2016\/02\/Kello_-et\u00e4teht\u00e4v\u00e4_helmikuu_2016.jpg\" rel=\"attachment wp-att-27625\"><img loading=\"lazy\" decoding=\"async\" class=\"aligncenter size-medium wp-image-27625\" src=\"https:\/\/www.satokangas.fi\/blogi\/wp-content\/uploads\/2016\/02\/Kello_-et\u00e4teht\u00e4v\u00e4_helmikuu_2016-600x400.jpg\" alt=\"Kello_ et\u00e4teht\u00e4v\u00e4_helmikuu_2016\" width=\"600\" height=\"400\" \/><\/a><\/p>\n<p>Sellaisina \u00f6in\u00e4, jolloin annat pieless\u00e4 olevien asioiden, joille et voi mit\u00e4\u00e4n, salakavalasti j\u00e4yt\u00e4\u00e4 oloasi, pit\u00e4isi ymm\u00e4rt\u00e4\u00e4 nousta yl\u00f6s ja ryhty\u00e4 tekem\u00e4\u00e4n jotain. Vaikka niit\u00e4 tekem\u00e4tt\u00f6mi\u00e4 juttuja, joita vatvot valveen rajamailla, kunnes taas havahdut hereille.<\/p>\n<p style=\"text-align: center;\"><a href=\"https:\/\/www.satokangas.fi\/blogi\/wp-content\/uploads\/2016\/02\/Kello_-et\u00e4teht\u00e4v\u00e4_helmikuu_2016-3.jpg\" rel=\"attachment wp-att-27627\"><img loading=\"lazy\" decoding=\"async\" class=\"aligncenter size-medium wp-image-27627\" src=\"https:\/\/www.satokangas.fi\/blogi\/wp-content\/uploads\/2016\/02\/Kello_-et\u00e4teht\u00e4v\u00e4_helmikuu_2016-3-600x400.jpg\" alt=\"Kello_ et\u00e4teht\u00e4v\u00e4_helmikuu_2016-3\" width=\"600\" height=\"400\" \/><\/a><\/p>\n<p>Niin\u00e4 \u00f6in\u00e4, jolloin olet satavarma, ett\u00e4 on t\u00e4ysikuu, joka sekin on osasyy hereill\u00e4 oloon, olet kertakaikkisen h\u00e4mm\u00e4stynyt kun aamuvarhain luovutettuasi ja\u00a0postilaatikolle menness\u00e4si hoksaatkin, ett\u00e4\u00a0taivaalla onkin vain puolikas.<\/p>\n<p>\u00d6in\u00e4, jolloin kiroat laiskuutesi, ettet sittenkin k\u00e4ynyt edes illalla, edes pienell\u00e4 lenkill\u00e4, vaikka vain puoli tuntia Koskelantiet\u00e4 eestaas, et voi syytt\u00e4\u00e4 kuin itse\u00e4si, sill\u00e4 happi edesauttaa hyvi\u00e4 unia, ja karkottaa levottomia oloja.<\/p>\n<p style=\"text-align: center;\"><a href=\"https:\/\/www.satokangas.fi\/blogi\/wp-content\/uploads\/2016\/02\/Kello_-et\u00e4teht\u00e4v\u00e4_helmikuu_2016-2.jpg\" rel=\"attachment wp-att-27626\"><img loading=\"lazy\" decoding=\"async\" class=\"aligncenter size-medium wp-image-27626\" src=\"https:\/\/www.satokangas.fi\/blogi\/wp-content\/uploads\/2016\/02\/Kello_-et\u00e4teht\u00e4v\u00e4_helmikuu_2016-2-600x400.jpg\" alt=\"Kello_ et\u00e4teht\u00e4v\u00e4_helmikuu_2016-2\" width=\"600\" height=\"400\" \/><\/a><\/p>\n<p>Suden hetkin\u00e4, aamuy\u00f6n nihkein\u00e4 tunteina, sinun on mahdoton uskoa, ett\u00e4 seuraavana p\u00e4iv\u00e4n\u00e4 olet oikein hyvill\u00e4 mielin monesta asiasta, eik\u00e4 oikeastaan edes v\u00e4sy\u00e4 ole.<\/p>\n","protected":false},"excerpt":{"rendered":"<p>Sellaisina \u00f6in\u00e4, jolloin annat pieless\u00e4 olevien asioiden, joille et voi mit\u00e4\u00e4n, salakavalasti j\u00e4yt\u00e4\u00e4 oloasi, pit\u00e4isi ymm\u00e4rt\u00e4\u00e4 nousta yl\u00f6s ja ryhty\u00e4 tekem\u00e4\u00e4n jotain. Vaikka niit\u00e4 tekem\u00e4tt\u00f6mi\u00e4 juttuja, joita vatvot valveen rajamailla, kunnes taas havahdut hereille. Niin\u00e4 \u00f6in\u00e4, jolloin olet satavarma, ett\u00e4 on t\u00e4ysikuu, joka sekin on osasyy hereill\u00e4 oloon, olet kertakaikkisen h\u00e4mm\u00e4stynyt kun aamuvarhain luovutettuasi ja\u00a0postilaatikolle menness\u00e4si hoksaatkin, ett\u00e4\u00a0taivaalla onkin vain &hellip; <\/p>\n","protected":false},"author":1,"featured_media":0,"comment_status":"open","ping_status":"open","sticky":false,"template":"","format":"standard","meta":{"jetpack_post_was_ever_published":false,"_jetpack_newsletter_access":"","_jetpack_dont_email_post_to_subs":false,"_jetpack_newsletter_tier_id":0,"_jetpack_memberships_contains_paywalled_content":false,"_jetpack_memberships_contains_paid_content":false,"footnotes":"","jetpack_publicize_message":"","jetpack_publicize_feature_enabled":true,"jetpack_social_post_already_shared":true,"jetpack_social_options":{"image_generator_settings":{"template":"highway","default_image_id":0,"font":"","enabled":false},"version":2}},"categories":[1],"tags":[],"class_list":["post-27624","post","type-post","status-publish","format-standard","hentry","category-aiheeton","latest_post"],"jetpack_publicize_connections":[],"jetpack_featured_media_url":"","jetpack_shortlink":"https:\/\/wp.me\/pr4p4-7by","jetpack_sharing_enabled":true,"jetpack_likes_enabled":false,"jetpack-related-posts":[{"id":3509,"url":"https:\/\/www.satokangas.fi\/blogi\/2009\/06\/onhan-niita-parempiakin-paivia-nahty\/","url_meta":{"origin":27624,"position":0},"title":"Onhan niit\u00e4 parempiakin p\u00e4ivi\u00e4 n\u00e4hty","author":"Reija","date":"8.6.2009","format":false,"excerpt":"On hyvi\u00e4 ja huonoja p\u00e4ivi\u00e4. T\u00e4n\u00e4\u00e4n on tuollainen j\u00e4lkimm\u00e4inen. Ei siis paljon kannata kirjoitella. Kaiken muun lis\u00e4ksi leikkaushaava repeilee ja s\u00e4rkee. Mutta yrityksi\u00e4 mukavampien p\u00e4ivien j\u00e4rjest\u00e4miseksi olen pyrkinyt tekem\u00e4\u00e4n. Kes\u00e4lomamatkojen (Katalonia ja Karjala) parissa surkea hiljaisesti uikuttava marttyyrimielialani on unohtunut. Ja tyt\u00e4r tulee t\u00e4n\u00e4\u00e4n kotiin! Se on hyv\u00e4 juttu se.","rel":"","context":"Kategoriassa &quot;Niit\u00e4 n\u00e4it\u00e4&quot;","block_context":{"text":"Niit\u00e4 n\u00e4it\u00e4","link":"https:\/\/www.satokangas.fi\/blogi\/category\/aiheeton\/"},"img":{"alt_text":"","src":"","width":0,"height":0},"classes":[]},{"id":38466,"url":"https:\/\/www.satokangas.fi\/blogi\/2020\/04\/keltaisia-paasiaiskukkia-iloa-ja-valoa\/","url_meta":{"origin":27624,"position":1},"title":"Keltaisia p\u00e4\u00e4si\u00e4iskukkia &#8211; iloa ja valoa","author":"Reija","date":"9.4.2020","format":false,"excerpt":"Meill\u00e4 on keltaisia kukkia, narsisseja, tulilatvoja ja tulppaaneja, pihalla. Niit\u00e4 on sis\u00e4pihalla ja ovisyvennyksess\u00e4. \u00a0 Niit\u00e4 on my\u00f6s sis\u00e4ll\u00e4. Pikkup\u00f6yd\u00e4ll\u00e4, isolla p\u00f6yd\u00e4ll\u00e4, keitti\u00f6ss\u00e4, Festassa. \u00a0 Enimm\u00e4kseen ne ovat Pehtoorin ostamia puutarhalta, mutta my\u00f6s min\u00e4 olen niit\u00e4 ostanut kauppareissulla, ja me olemme saaneetkin yhden kimpun. JA min\u00e4h\u00e4n en erityisesti pid\u00e4 keltaisista\u2026","rel":"","context":"Kategoriassa &quot;Niit\u00e4 n\u00e4it\u00e4&quot;","block_context":{"text":"Niit\u00e4 n\u00e4it\u00e4","link":"https:\/\/www.satokangas.fi\/blogi\/category\/aiheeton\/"},"img":{"alt_text":"","src":"https:\/\/i0.wp.com\/www.satokangas.fi\/blogi\/wp-content\/uploads\/2020\/04\/keltainen-1.jpg?resize=350%2C200&ssl=1","width":350,"height":200,"srcset":"https:\/\/i0.wp.com\/www.satokangas.fi\/blogi\/wp-content\/uploads\/2020\/04\/keltainen-1.jpg?resize=350%2C200&ssl=1 1x, https:\/\/i0.wp.com\/www.satokangas.fi\/blogi\/wp-content\/uploads\/2020\/04\/keltainen-1.jpg?resize=525%2C300&ssl=1 1.5x, https:\/\/i0.wp.com\/www.satokangas.fi\/blogi\/wp-content\/uploads\/2020\/04\/keltainen-1.jpg?resize=700%2C400&ssl=1 2x"},"classes":[]},{"id":38874,"url":"https:\/\/www.satokangas.fi\/blogi\/2020\/06\/kesa-kesa\/","url_meta":{"origin":27624,"position":2},"title":"Kes\u00e4, kes\u00e4, &#8230;","author":"Reija","date":"24.6.2020","format":false,"excerpt":"T\u00e4m\u00e4 kes\u00e4 j\u00e4\u00e4 mieleen kukista. Nimenomaan luonnonkukista. pientareiden pitkist\u00e4 keltaisista voikukkav\u00f6ist\u00e4, niittyleinikkipelloista, korkeana ojanpenkoilla heiluvista runsaista kullerolaikuista, valkoisista koiranputkipitseist\u00e4, ja soita peitt\u00e4vist\u00e4 tupasvillapelloista. Niit\u00e4 on niin paljon, kaikkia niit\u00e4.\u00a0 Kes\u00e4 2020 on luonnonkukkakes\u00e4. T\u00e4n\u00e4\u00e4n niin kes\u00e4 muutenkin. \u00a0 \u00a0","rel":"","context":"Kategoriassa &quot;Niit\u00e4 n\u00e4it\u00e4&quot;","block_context":{"text":"Niit\u00e4 n\u00e4it\u00e4","link":"https:\/\/www.satokangas.fi\/blogi\/category\/aiheeton\/"},"img":{"alt_text":"","src":"https:\/\/i0.wp.com\/www.satokangas.fi\/blogi\/wp-content\/uploads\/2020\/06\/1-55.jpg?resize=350%2C200&ssl=1","width":350,"height":200,"srcset":"https:\/\/i0.wp.com\/www.satokangas.fi\/blogi\/wp-content\/uploads\/2020\/06\/1-55.jpg?resize=350%2C200&ssl=1 1x, https:\/\/i0.wp.com\/www.satokangas.fi\/blogi\/wp-content\/uploads\/2020\/06\/1-55.jpg?resize=525%2C300&ssl=1 1.5x, https:\/\/i0.wp.com\/www.satokangas.fi\/blogi\/wp-content\/uploads\/2020\/06\/1-55.jpg?resize=700%2C400&ssl=1 2x"},"classes":[]},{"id":1855,"url":"https:\/\/www.satokangas.fi\/blogi\/2008\/12\/jalkia-jaako-niita\/","url_meta":{"origin":27624,"position":3},"title":"J\u00e4lki\u00e4, j\u00e4\u00e4k\u00f6 niit\u00e4?","author":"Reija","date":"11.12.2008","format":false,"excerpt":"T\u00e4st\u00e4 p\u00e4iv\u00e4st\u00e4 on j\u00e4\u00e4nyt paljon j\u00e4lki\u00e4. \u00a0Askeleita hankeen, miinuksia tiliotteeseen, joululimppuja, mustelmia,\u00a0 WWW-p\u00e4ivityksi\u00e4, siirappitahra mattoon, saatu hymykin j\u00e4tti j\u00e4ljen ja erityisen maistuva pastakastike painui makureseptoreihin hyv\u00e4n\u00e4 j\u00e4lken\u00e4. Keskustelu, joka ei johtanut mihink\u00e4\u00e4n, j\u00e4tti tyhj\u00e4n j\u00e4ljen mieleen. Paljon j\u00e4lki\u00e4, joista ei historiaan j\u00e4\u00e4 mit\u00e4\u00e4n. Vai j\u00e4\u00e4k\u00f6? Arjen historiaa tutkiessa tuskastuu v\u00e4lill\u00e4\u2026","rel":"","context":"Kategoriassa &quot;Niit\u00e4 n\u00e4it\u00e4&quot;","block_context":{"text":"Niit\u00e4 n\u00e4it\u00e4","link":"https:\/\/www.satokangas.fi\/blogi\/category\/aiheeton\/"},"img":{"alt_text":"","src":"","width":0,"height":0},"classes":[]},{"id":5147,"url":"https:\/\/www.satokangas.fi\/blogi\/2009\/11\/menneessa-taas\/","url_meta":{"origin":27624,"position":4},"title":"Menneess\u00e4 &#8211; taas","author":"Reija","date":"17.11.2009","format":false,"excerpt":"T\u00e4n\u00e4\u00e4n on tarvittu niit\u00e4 varastoja joita ker\u00e4t\u00e4\u00e4n kes\u00e4ll\u00e4: aurinkoisia aamuja, leppe\u00e4\u00e4 kes\u00e4tuulta iholla, luonnon \u00e4\u00e4ni\u00e4, Hangasojan solinaa, yst\u00e4vien naurua, meren tuoksua aamulenkill\u00e4, rullaluistelusta raukeiden lihasten rentoutta, grillist\u00e4 l\u00e4htevien tuoksujen her\u00e4tt\u00e4mi\u00e4 ennakkoaavistuksia tulevista makunautinnoista. T\u00e4n\u00e4\u00e4n olen viipyillyt niiss\u00e4 muistoissa, joita kes\u00e4ll\u00e4 tarkoituksella haettiin talvea varten: tuokio Visavuoren illansuussa, auringonlasku Rosesissa, hein\u00e4kuun\u2026","rel":"","context":"Kategoriassa &quot;Niit\u00e4 n\u00e4it\u00e4&quot;","block_context":{"text":"Niit\u00e4 n\u00e4it\u00e4","link":"https:\/\/www.satokangas.fi\/blogi\/category\/aiheeton\/"},"img":{"alt_text":"","src":"","width":0,"height":0},"classes":[]},{"id":7837,"url":"https:\/\/www.satokangas.fi\/blogi\/2010\/07\/olisi-pitanyt\/","url_meta":{"origin":27624,"position":5},"title":"Olisi pit\u00e4nyt &#8230;","author":"Reija","date":"15.7.2010","format":false,"excerpt":"Lomallakin on sellaisia p\u00e4ivi\u00e4, jolloin on teht\u00e4v\u00e4 niit\u00e4 hommia, joita olisi pit\u00e4nyt tehd\u00e4 jo aiemmin. T\u00e4m\u00e4 p\u00e4iv\u00e4 on koostunut niiden tekemisest\u00e4. Ja silti j\u00e4i paljon tekem\u00e4tt\u00e4. Semminkin kun illalla riemastuin kokkailemaan. Uudessa Glorian Ruoka&Viini -lehdess\u00e4 oli kaikkea hulppeaa kes\u00e4s\u00e4il\u00f6nt\u00e4\u00e4, ja niit\u00e4 sitten tuossa v\u00e4rkk\u00e4ilin. Timjami- ja salviamarinoitua pecorinoa ja kirsikka-sipulihilloketta\u2026","rel":"","context":"Kategoriassa &quot;Niit\u00e4 n\u00e4it\u00e4&quot;","block_context":{"text":"Niit\u00e4 n\u00e4it\u00e4","link":"https:\/\/www.satokangas.fi\/blogi\/category\/aiheeton\/"},"img":{"alt_text":"","src":"https:\/\/i0.wp.com\/www.satokangas.fi\/blogi\/wp-content\/uploads\/2010\/07\/pECORINO-300x400.jpg?resize=350%2C200&ssl=1","width":350,"height":200},"classes":[]}],"_links":{"self":[{"href":"https:\/\/www.satokangas.fi\/blogi\/wp-json\/wp\/v2\/posts\/27624","targetHints":{"allow":["GET"]}}],"collection":[{"href":"https:\/\/www.satokangas.fi\/blogi\/wp-json\/wp\/v2\/posts"}],"about":[{"href":"https:\/\/www.satokangas.fi\/blogi\/wp-json\/wp\/v2\/types\/post"}],"author":[{"embeddable":true,"href":"https:\/\/www.satokangas.fi\/blogi\/wp-json\/wp\/v2\/users\/1"}],"replies":[{"embeddable":true,"href":"https:\/\/www.satokangas.fi\/blogi\/wp-json\/wp\/v2\/comments?post=27624"}],"version-history":[{"count":0,"href":"https:\/\/www.satokangas.fi\/blogi\/wp-json\/wp\/v2\/posts\/27624\/revisions"}],"wp:attachment":[{"href":"https:\/\/www.satokangas.fi\/blogi\/wp-json\/wp\/v2\/media?parent=27624"}],"wp:term":[{"taxonomy":"category","embeddable":true,"href":"https:\/\/www.satokangas.fi\/blogi\/wp-json\/wp\/v2\/categories?post=27624"},{"taxonomy":"post_tag","embeddable":true,"href":"https:\/\/www.satokangas.fi\/blogi\/wp-json\/wp\/v2\/tags?post=27624"}],"curies":[{"name":"wp","href":"https:\/\/api.w.org\/{rel}","templated":true}]}}