{"id":27620,"date":"2016-02-15T20:50:05","date_gmt":"2016-02-15T18:50:05","guid":{"rendered":"https:\/\/www.satokangas.fi\/blogi\/?p=27620"},"modified":"2016-02-15T21:37:18","modified_gmt":"2016-02-15T19:37:18","slug":"yksilosuorittaja-ei-opi","status":"publish","type":"post","link":"https:\/\/www.satokangas.fi\/blogi\/2016\/02\/yksilosuorittaja-ei-opi\/","title":{"rendered":"Yksil\u00f6suorittaja ei opi"},"content":{"rendered":"<p>Ryhm\u00e4ty\u00f6t. Mit\u00e4s mielt\u00e4 olette ryhm\u00e4t\u00f6ist\u00e4? Olen sit\u00e4 sukupolvea, jota joukko-oppi laskento-\/matikantunneilla ei viel\u00e4 koskenut, eik\u00e4 meill\u00e4 koulu\/opiskeluaikana paljon ryhm\u00e4t\u00f6it\u00e4k\u00e4\u00e4n tehty. Ty\u00f6el\u00e4m\u00e4ss\u00e4 jouduin\/p\u00e4\u00e4sin erilaisissa koulutustilaisuuksissa kokemaan kun (kasvatustieteilij\u00f6iden toimesta) yritettiin tehd\u00e4 ryhm\u00e4t\u00f6it\u00e4, luoda tiimihenke\u00e4, koheesiota, yhteis\u00f6llisyytt\u00e4. Okei, hyvi\u00e4 juttuja, mutta teenn\u00e4isyys, v\u00e4kisin yritt\u00e4minen, kun ei vaan onnistu. Ei minulta, eik\u00e4 kyll\u00e4 monilta muiltakaan. Viime k\u00e4dess\u00e4 olen yksil\u00f6suorittaja, joskin tied\u00e4nh\u00e4n min\u00e4, ett\u00e4 kimpassa juttuja on aika ajoin teht\u00e4v\u00e4, joskus tulee parempaakin j\u00e4lke\u00e4 siten.<\/p>\n<p>Ja nyt minulla on menossa kolme &#8221;kimppaa&#8221; &#8211; sen tarkemmin erittelem\u00e4tt\u00e4. Ja niiss\u00e4 kaikissa pit\u00e4isi tehd\u00e4 yhteisty\u00f6t\u00e4, olla ajallaan, pit\u00e4\u00e4 kiinni sovitusta, tehd\u00e4 osansa&#8230; Mutta ku. Ja kuinka ollakkaan, kaikki ne kolme osapuolta, joilta toivoisin\/odotin\/oli sovittua odottaa oman osansa hoitamista ja ne, jotka eiv\u00e4t ole osaansa tehneet, ovat miehi\u00e4. Ei, en sukupuolita t\u00e4t\u00e4, mutta nyt vaan sattuu olemaan niin, ett\u00e4 kolmessa projektissa, jossa olen mukana ja jossa dead-linet paukkuvat, on miehi\u00e4 mukana, eik\u00e4 my\u00f6h\u00e4styminen ole minun syyni.<\/p>\n<p>Vapaaherrattaren el\u00e4m\u00e4ni ja duunista poisj\u00e4\u00e4minen (<a href=\"https:\/\/www.satokangas.fi\/blogi\/2015\/02\/sateenkaarenpaa\/\">vuosi irtisanoutumisesta ja sen tunnelmasta<\/a>) ei siis sittenk\u00e4\u00e4n ole tuonut t\u00e4lt\u00e4k\u00e4\u00e4n osin helpotusta: edelleen haluaisin pit\u00e4\u00e4 kiinni sovituista aikatauluista. Haluaisin pit\u00e4\u00e4 kiinni omalta osaltani ja pit\u00e4\u00e4 kiinni &#8221;ryhm\u00e4t\u00f6iden&#8221; muiden osapuolten osalta. Ehk\u00e4 juuri vatulointi, my\u00f6h\u00e4stely, piittaamattomuus, toisten huomiotta j\u00e4tt\u00e4minen on se syy, miksi ole koskaan oppinut olemaan hyv\u00e4 ryhm\u00e4t\u00f6iss\u00e4. Olen huono siet\u00e4m\u00e4\u00e4n my\u00f6h\u00e4stymist\u00e4, sek\u00e4 omalta ett\u00e4 muiden osalta. Huono siet\u00e4m\u00e4\u00e4n sit\u00e4, etten olisi tehnyt osuuttani, huono siet\u00e4m\u00e4\u00e4n muiden lerppuilua.<\/p>\n<p>No mutta, ei t\u00e4m\u00e4n isompia ongelmia, ja jotain erinomaisen hyv\u00e4\u00e4kin t\u00e4n\u00e4\u00e4n.<\/p>\n<p>Sain k\u00e4siini Geologisen tutkimuskeskuksen arkistosta sadan kuvan kokoelman, jonka kuviin on julkaisuoikeus. Kuvissa on paljon hienoja maisemia ja tapahtumia meid\u00e4n m\u00f6kin tienoilta. P\u00e4\u00e4osin yli 100 vuotta vanhoja otoksia, aika ainutlaatuisia sellaisia. N\u00e4it\u00e4h\u00e4n tulee sitten tietysti Laanilan historia -kirjaan. [Ja t\u00e4m\u00e4h\u00e4n oli sitten ensimm\u00e4inen myyntipuhe kirjan myymiseksi my\u00f6s teille blogini lukijat&#8230; \ud83d\ude09 . Siit\u00e4 l\u00e4hdet\u00e4\u00e4n, ett\u00e4 lankalauantaina se julkaistaan.]<\/p>\n<p style=\"text-align: center;\"><a href=\"https:\/\/www.satokangas.fi\/blogi\/wp-content\/uploads\/2016\/02\/1-25.jpg\" rel=\"attachment wp-att-27621\"><img loading=\"lazy\" decoding=\"async\" data-attachment-id=\"27621\" data-permalink=\"https:\/\/www.satokangas.fi\/blogi\/2016\/02\/yksilosuorittaja-ei-opi\/1-25-5\/\" data-orig-file=\"https:\/\/www.satokangas.fi\/blogi\/wp-content\/uploads\/2016\/02\/1-25.jpg\" data-orig-size=\"1170,850\" data-comments-opened=\"1\" data-image-meta=\"{&quot;aperture&quot;:&quot;0&quot;,&quot;credit&quot;:&quot;Reija Satokangas&quot;,&quot;camera&quot;:&quot;&quot;,&quot;caption&quot;:&quot;&quot;,&quot;created_timestamp&quot;:&quot;0&quot;,&quot;copyright&quot;:&quot;&quot;,&quot;focal_length&quot;:&quot;0&quot;,&quot;iso&quot;:&quot;0&quot;,&quot;shutter_speed&quot;:&quot;0&quot;,&quot;title&quot;:&quot;&quot;,&quot;orientation&quot;:&quot;0&quot;}\" data-image-title=\"1-25\" data-image-description=\"\" data-image-caption=\"\" data-large-file=\"https:\/\/www.satokangas.fi\/blogi\/wp-content\/uploads\/2016\/02\/1-25.jpg\" class=\"aligncenter size-medium wp-image-27621\" src=\"https:\/\/www.satokangas.fi\/blogi\/wp-content\/uploads\/2016\/02\/1-25-551x400.jpg\" alt=\"1-25\" width=\"551\" height=\"400\" srcset=\"https:\/\/www.satokangas.fi\/blogi\/wp-content\/uploads\/2016\/02\/1-25-551x400.jpg 551w, https:\/\/www.satokangas.fi\/blogi\/wp-content\/uploads\/2016\/02\/1-25-300x218.jpg 300w, https:\/\/www.satokangas.fi\/blogi\/wp-content\/uploads\/2016\/02\/1-25-768x558.jpg 768w, https:\/\/www.satokangas.fi\/blogi\/wp-content\/uploads\/2016\/02\/1-25.jpg 1170w\" sizes=\"auto, (max-width: 551px) 100vw, 551px\" \/><\/a><\/p>\n<p style=\"text-align: justify;\">Laanilan tullia vastap\u00e4\u00e4t\u00e4 (Kakslauttasen ja meid\u00e4n m\u00f6kin v\u00e4lill\u00e4) oli \u00a0sotavuosina Nobel-Standartin huoltoasema, jonne tietysti kokoontui nuoria. Kuvassa taustalla h\u00e4k\u00e4p\u00f6ntt\u00f6auto. Sellaisen p\u00f6ntt\u00f6\u00e4 is\u00e4nikin murkkuik\u00e4isen\u00e4 oli t\u00e4yttelem\u00e4ss\u00e4. V\u00e4h\u00e4n eri suunnalla Suomea tosin.<\/p>\n<p style=\"text-align: justify;\">Ja alla olevassa kuvassa on kultayhti\u00f6 Prospektorin p\u00e4\u00e4rakennus ja pihapiiriss\u00e4 paljon muita rakennuksia, &#8212; kuva on ihan 1900-luvun alusta. Samalla paikalla oli my\u00f6hemmin Laanilan kievari, Mets\u00e4ntutkimuslaitos ja nyt siin\u00e4 on taas \u00a0Laanilan Kievari. Nyt ravintolana, joka t\u00e4\u00e4ll\u00e4 Tuulestatemmatussakin on <a href=\"https:\/\/www.satokangas.fi\/blogi\/2013\/03\/lenkilla-kievariin\/\">vilahdellut useastikin.<\/a><\/p>\n<p style=\"text-align: center;\"><a href=\"https:\/\/www.satokangas.fi\/blogi\/wp-content\/uploads\/2016\/02\/1-26.jpg\" rel=\"attachment wp-att-27622\"><img loading=\"lazy\" decoding=\"async\" data-attachment-id=\"27622\" data-permalink=\"https:\/\/www.satokangas.fi\/blogi\/2016\/02\/yksilosuorittaja-ei-opi\/1-26-4\/\" data-orig-file=\"https:\/\/www.satokangas.fi\/blogi\/wp-content\/uploads\/2016\/02\/1-26.jpg\" data-orig-size=\"1826,850\" data-comments-opened=\"1\" data-image-meta=\"{&quot;aperture&quot;:&quot;0&quot;,&quot;credit&quot;:&quot;Reija Satokangas&quot;,&quot;camera&quot;:&quot;&quot;,&quot;caption&quot;:&quot;&quot;,&quot;created_timestamp&quot;:&quot;1455559062&quot;,&quot;copyright&quot;:&quot;&quot;,&quot;focal_length&quot;:&quot;0&quot;,&quot;iso&quot;:&quot;0&quot;,&quot;shutter_speed&quot;:&quot;0&quot;,&quot;title&quot;:&quot;&quot;,&quot;orientation&quot;:&quot;0&quot;}\" data-image-title=\"1-26\" data-image-description=\"\" data-image-caption=\"\" data-large-file=\"https:\/\/www.satokangas.fi\/blogi\/wp-content\/uploads\/2016\/02\/1-26-1600x745.jpg\" class=\"aligncenter size-medium wp-image-27622\" src=\"https:\/\/www.satokangas.fi\/blogi\/wp-content\/uploads\/2016\/02\/1-26-600x279.jpg\" alt=\"1-26\" width=\"600\" height=\"279\" srcset=\"https:\/\/www.satokangas.fi\/blogi\/wp-content\/uploads\/2016\/02\/1-26-600x279.jpg 600w, https:\/\/www.satokangas.fi\/blogi\/wp-content\/uploads\/2016\/02\/1-26-300x140.jpg 300w, https:\/\/www.satokangas.fi\/blogi\/wp-content\/uploads\/2016\/02\/1-26-768x358.jpg 768w, https:\/\/www.satokangas.fi\/blogi\/wp-content\/uploads\/2016\/02\/1-26-1600x745.jpg 1600w, https:\/\/www.satokangas.fi\/blogi\/wp-content\/uploads\/2016\/02\/1-26.jpg 1826w\" sizes=\"auto, (max-width: 600px) 100vw, 600px\" \/><\/a><\/p>\n<p style=\"text-align: center;\">N\u00e4iss\u00e4 maisemissa, tosin vain virtuaalisesti, jatkan iltaa&#8230;<\/p>\n<p style=\"text-align: center;\">~~~~~~~~~~~~~~~~~~~~~~~~<\/p>\n<p style=\"text-align: center;\">Ai niin, viikkohaaste? Sinist\u00e4, sinist\u00e4, kuvataan t\u00e4ll\u00e4 viikolla. \ud83d\ude42<\/p>\n<p style=\"text-align: center;\">\n","protected":false},"excerpt":{"rendered":"<p>Ryhm\u00e4ty\u00f6t. Mit\u00e4s mielt\u00e4 olette ryhm\u00e4t\u00f6ist\u00e4? Olen sit\u00e4 sukupolvea, jota joukko-oppi laskento-\/matikantunneilla ei viel\u00e4 koskenut, eik\u00e4 meill\u00e4 koulu\/opiskeluaikana paljon ryhm\u00e4t\u00f6it\u00e4k\u00e4\u00e4n tehty. Ty\u00f6el\u00e4m\u00e4ss\u00e4 jouduin\/p\u00e4\u00e4sin erilaisissa koulutustilaisuuksissa kokemaan kun (kasvatustieteilij\u00f6iden toimesta) yritettiin tehd\u00e4 ryhm\u00e4t\u00f6it\u00e4, luoda tiimihenke\u00e4, koheesiota, yhteis\u00f6llisyytt\u00e4. Okei, hyvi\u00e4 juttuja, mutta teenn\u00e4isyys, v\u00e4kisin yritt\u00e4minen, kun ei vaan onnistu. Ei minulta, eik\u00e4 kyll\u00e4 monilta muiltakaan. Viime k\u00e4dess\u00e4 olen yksil\u00f6suorittaja, joskin tied\u00e4nh\u00e4n min\u00e4, ett\u00e4 &hellip; <\/p>\n","protected":false},"author":1,"featured_media":0,"comment_status":"open","ping_status":"open","sticky":false,"template":"","format":"standard","meta":{"jetpack_post_was_ever_published":false,"_jetpack_newsletter_access":"","_jetpack_dont_email_post_to_subs":false,"_jetpack_newsletter_tier_id":0,"_jetpack_memberships_contains_paywalled_content":false,"_jetpack_memberships_contains_paid_content":false,"footnotes":"","jetpack_publicize_message":"","jetpack_publicize_feature_enabled":true,"jetpack_social_post_already_shared":true,"jetpack_social_options":{"image_generator_settings":{"template":"highway","default_image_id":0,"font":"","enabled":false},"version":2}},"categories":[13,15,1],"tags":[],"class_list":["post-27620","post","type-post","status-publish","format-standard","hentry","category-historiaa","category-lappi","category-aiheeton","latest_post"],"jetpack_publicize_connections":[],"jetpack_featured_media_url":"","jetpack_shortlink":"https:\/\/wp.me\/pr4p4-7bu","jetpack_sharing_enabled":true,"jetpack_likes_enabled":false,"jetpack-related-posts":[{"id":5142,"url":"https:\/\/www.satokangas.fi\/blogi\/2009\/11\/oikein-kirkasotsaisuuden-voittokulkua\/","url_meta":{"origin":27620,"position":0},"title":"Oikein kirkasotsaisuuden voittokulkua","author":"Reija","date":"16.11.2009","format":false,"excerpt":"Aineenopettajakoulutukseen hakeutuvien opiskelijoiden soveltuvuuskoetta ollaan uudistamassa. Uskoakseni hyv\u00e4\u00e4n suuntaan. Ty\u00f6ryhm\u00e4 on tehnyt hyv\u00e4\u00e4 ty\u00f6t\u00e4, arvioinnin l\u00e4pin\u00e4kyvyys lis\u00e4\u00e4ntyy, kriteerit selkiytyv\u00e4t ja my\u00f6s erilaisia opettajatyyppej\u00e4 (ei vain ulosp\u00e4insuuntautuneita) pyrit\u00e4\u00e4n saamaan koulutukseen mukaan. Kaikkea t\u00e4t\u00e4 kuuntelen aamup\u00e4iv\u00e4n, ny\u00f6kk\u00e4ilen tyytyv\u00e4isen\u00e4 ja olen hyvill\u00e4ni tulevien historianopettajiksi haluavien puolesta... Teen kiltisti ryhm\u00e4t\u00f6it\u00e4 ja kommentoin ty\u00f6ryhm\u00e4n ratkaisuja,\u2026","rel":"","context":"Kategoriassa &quot;Yliopistoel\u00e4m\u00e4\u00e4&quot;","block_context":{"text":"Yliopistoel\u00e4m\u00e4\u00e4","link":"https:\/\/www.satokangas.fi\/blogi\/category\/yliopistoelamaa\/"},"img":{"alt_text":"","src":"","width":0,"height":0},"classes":[]},{"id":7376,"url":"https:\/\/www.satokangas.fi\/blogi\/2010\/06\/teorioita-ja-tekoja\/","url_meta":{"origin":27620,"position":1},"title":"Teorioita ja tekoja","author":"Reija","date":"1.6.2010","format":false,"excerpt":"Siin\u00e4 vaiheessa kun opinn\u00e4ytet\u00f6iden ohjauskoulutuksessa alettiin vihjailla freudilaisen teorian huomioimista ohjaajan ja opiskelijan v\u00e4lisess\u00e4 kommunikaatiossa ja ohjausprosessissa aloin saada n\u00e4ppyj\u00e4. Koko ty\u00f6p\u00e4iv\u00e4 meni ohjausprosessikoulutuksessa. Tiesinh\u00e4n min\u00e4, millaista siit\u00e4 tulisi kun kasvatustieteilij\u00e4t p\u00e4\u00e4sev\u00e4t kouluttamaan (ryhm\u00e4keskusteluja, tikkupuheenvuoroja, fl\u00e4ppitauluille k\u00e4yt\u00e4nteiden kokoamista, itsereflektiota, kellokierroksia ja jos jonkinlaisia ryhm\u00e4t\u00f6it\u00e4). Mutta sill\u00e4kin uhalla, ett\u00e4 tiesin suunnilleen,\u2026","rel":"","context":"Kategoriassa &quot;Niit\u00e4 n\u00e4it\u00e4&quot;","block_context":{"text":"Niit\u00e4 n\u00e4it\u00e4","link":"https:\/\/www.satokangas.fi\/blogi\/category\/aiheeton\/"},"img":{"alt_text":"","src":"https:\/\/i0.wp.com\/www.satokangas.fi\/blogi\/wp-content\/uploads\/2010\/06\/Huvila-500x383.jpg?resize=350%2C200&ssl=1","width":350,"height":200},"classes":[]},{"id":16805,"url":"https:\/\/www.satokangas.fi\/blogi\/2013\/03\/lintuja-ja-puhetta\/","url_meta":{"origin":27620,"position":2},"title":"Lintuja ja puhetta","author":"Reija","date":"19.3.2013","format":false,"excerpt":"T\u00e4n\u00e4\u00e4n piti olla fotomaraton. Onneksi ei olekaan (ope on sairas). Onneksi siksi, ett\u00e4 on pureva tuuli, kylm\u00e4, pilvinen, v\u00e4sy, t\u00f6it\u00e4, pyry, \u00a0... Aamulla t\u00f6ihin menness\u00e4 menin pitk\u00e4st\u00e4 aikaa KTK:n puoleisesta ovesta. Siell\u00e4 olivat luonkanopettajaksi opiskelevat (kai?) olleet taas n\u00e4pp\u00e4ri\u00e4 ja koristelleet portaikon linnuilla. Niit\u00e4 oli PALJON. Eriv\u00e4risi\u00e4, paljon. Just tuollaista\u2026","rel":"","context":"Kategoriassa &quot;Yliopistoel\u00e4m\u00e4\u00e4&quot;","block_context":{"text":"Yliopistoel\u00e4m\u00e4\u00e4","link":"https:\/\/www.satokangas.fi\/blogi\/category\/yliopistoelamaa\/"},"img":{"alt_text":"Linnut, linnut","src":"https:\/\/i0.wp.com\/www.satokangas.fi\/blogi\/wp-content\/uploads\/2013\/03\/Linnut-linnut-600x400.jpg?resize=350%2C200&ssl=1","width":350,"height":200,"srcset":"https:\/\/i0.wp.com\/www.satokangas.fi\/blogi\/wp-content\/uploads\/2013\/03\/Linnut-linnut-600x400.jpg?resize=350%2C200&ssl=1 1x, https:\/\/i0.wp.com\/www.satokangas.fi\/blogi\/wp-content\/uploads\/2013\/03\/Linnut-linnut-600x400.jpg?resize=525%2C300&ssl=1 1.5x"},"classes":[]},{"id":11686,"url":"https:\/\/www.satokangas.fi\/blogi\/2011\/05\/suklaa-ja-viini-sopivatko-kimppaan\/","url_meta":{"origin":27620,"position":3},"title":"Suklaa ja viini &#8211; sopivatko kimppaan?","author":"Reija","date":"27.5.2011","format":false,"excerpt":"Suklaa ja viini. Joskus sit\u00e4 on pidetty vaikeana yhdistelm\u00e4n\u00e4. Olen jo aikaa sitten ajatellut, ett\u00e4 l\u00f6ytyyh\u00e4n niille yhdist\u00e4v\u00e4 side; ovathan ne yhdistett\u00e4viss\u00e4. Portviini ja suklaakakku, shiraz ja tryffelit ... mutta nyt olemme oppineet paljon lis\u00e4\u00e4. Olemme olleet illan Lasaretissa koulutuksessa. Sveitsist\u00e4 tullut Kirsi opasti ja me opettelimme. Maistoimme viitt\u00e4 erilaista\u2026","rel":"","context":"Kategoriassa &quot;Niit\u00e4 n\u00e4it\u00e4&quot;","block_context":{"text":"Niit\u00e4 n\u00e4it\u00e4","link":"https:\/\/www.satokangas.fi\/blogi\/category\/aiheeton\/"},"img":{"alt_text":"","src":"https:\/\/i0.wp.com\/www.satokangas.fi\/blogi\/wp-content\/uploads\/suklaat-600x359.jpg?resize=350%2C200&ssl=1","width":350,"height":200,"srcset":"https:\/\/i0.wp.com\/www.satokangas.fi\/blogi\/wp-content\/uploads\/suklaat-600x359.jpg?resize=350%2C200&ssl=1 1x, https:\/\/i0.wp.com\/www.satokangas.fi\/blogi\/wp-content\/uploads\/suklaat-600x359.jpg?resize=525%2C300&ssl=1 1.5x"},"classes":[]},{"id":28220,"url":"https:\/\/www.satokangas.fi\/blogi\/2016\/05\/kaupungin-aamussa-ja-kotipihan-auringossa-paiva\/","url_meta":{"origin":27620,"position":4},"title":"Kaupungin aamussa ja kotipihan auringossa p\u00e4iv\u00e4","author":"Reija","date":"12.5.2016","format":false,"excerpt":"Kun sit\u00e4 unta kerran sittenk\u00e4\u00e4n riitt\u00e4nyt, vaikka v\u00e4sytti, ja kun kerran n\u00e4ytti, ett\u00e4 tulee kaunis aamu, niin l\u00e4hdinp\u00e4 kuitenkin viel\u00e4 kaupungille kuvaamaan. Paikkomaan viikon (l\u00e4ksy)kuvauksia. Ja kyll\u00e4 kannatti: vihdoinkin edes muutama sellainen otos, ett\u00e4 kehtaan laittaa arvioitavaksi. Ja sitten vihdoin pihahommiin min\u00e4kin. T\u00e4n\u00e4\u00e4n vietimme koko p\u00e4iv\u00e4n takapihalla. Kasvimaa ja yrttipuskat\u2026","rel":"","context":"Kategoriassa &quot;Niit\u00e4 n\u00e4it\u00e4&quot;","block_context":{"text":"Niit\u00e4 n\u00e4it\u00e4","link":"https:\/\/www.satokangas.fi\/blogi\/category\/aiheeton\/"},"img":{"alt_text":"Pihalla_","src":"https:\/\/i0.wp.com\/www.satokangas.fi\/blogi\/wp-content\/uploads\/2016\/05\/Pihalla_-400x400.jpg?resize=350%2C200&ssl=1","width":350,"height":200},"classes":[]},{"id":22264,"url":"https:\/\/www.satokangas.fi\/blogi\/2014\/08\/paiva-palasista-2\/","url_meta":{"origin":27620,"position":5},"title":"P\u00e4iv\u00e4 palasista","author":"Reija","date":"27.8.2014","format":false,"excerpt":"Aamu alkoi poikkeuksellisesti, kahvi juotava liki kylm\u00e4n\u00e4. Liek\u00f6 tuo kaunistanut, tied\u00e4 h\u00e4nt\u00e4, mutta haava ei ainakaan \u00e4rtynyt. Eik\u00e4 mustelmaa poskessa. Siis hyvin alkoi. Autoon istuessa muistin, mit\u00e4 eilen olisi iltapalaverin j\u00e4lkeen pit\u00e4nyt muistaa tehd\u00e4 (ks. oik. sivupalkin Instagram-kuva). No sekin p\u00e4\u00e4ttyi hyvin. L\u00f6p\u00f6\u00e4 tosin meni tankkiin puoli litraa enemm\u00e4n kuin\u2026","rel":"","context":"Kategoriassa &quot;Niit\u00e4 n\u00e4it\u00e4&quot;","block_context":{"text":"Niit\u00e4 n\u00e4it\u00e4","link":"https:\/\/www.satokangas.fi\/blogi\/category\/aiheeton\/"},"img":{"alt_text":"1983","src":"https:\/\/i0.wp.com\/www.satokangas.fi\/blogi\/wp-content\/uploads\/2014\/08\/1983-400x400.jpg?resize=350%2C200&ssl=1","width":350,"height":200},"classes":[]}],"_links":{"self":[{"href":"https:\/\/www.satokangas.fi\/blogi\/wp-json\/wp\/v2\/posts\/27620","targetHints":{"allow":["GET"]}}],"collection":[{"href":"https:\/\/www.satokangas.fi\/blogi\/wp-json\/wp\/v2\/posts"}],"about":[{"href":"https:\/\/www.satokangas.fi\/blogi\/wp-json\/wp\/v2\/types\/post"}],"author":[{"embeddable":true,"href":"https:\/\/www.satokangas.fi\/blogi\/wp-json\/wp\/v2\/users\/1"}],"replies":[{"embeddable":true,"href":"https:\/\/www.satokangas.fi\/blogi\/wp-json\/wp\/v2\/comments?post=27620"}],"version-history":[{"count":0,"href":"https:\/\/www.satokangas.fi\/blogi\/wp-json\/wp\/v2\/posts\/27620\/revisions"}],"wp:attachment":[{"href":"https:\/\/www.satokangas.fi\/blogi\/wp-json\/wp\/v2\/media?parent=27620"}],"wp:term":[{"taxonomy":"category","embeddable":true,"href":"https:\/\/www.satokangas.fi\/blogi\/wp-json\/wp\/v2\/categories?post=27620"},{"taxonomy":"post_tag","embeddable":true,"href":"https:\/\/www.satokangas.fi\/blogi\/wp-json\/wp\/v2\/tags?post=27620"}],"curies":[{"name":"wp","href":"https:\/\/api.w.org\/{rel}","templated":true}]}}