{"id":27360,"date":"2016-01-14T18:19:15","date_gmt":"2016-01-14T16:19:15","guid":{"rendered":"https:\/\/www.satokangas.fi\/blogi\/?p=27360"},"modified":"2016-01-14T20:25:48","modified_gmt":"2016-01-14T18:25:48","slug":"yliopistonlehtorista-valokuvauksen-opiskelijaksi","status":"publish","type":"post","link":"https:\/\/www.satokangas.fi\/blogi\/2016\/01\/yliopistonlehtorista-valokuvauksen-opiskelijaksi\/","title":{"rendered":"Yliopistonlehtorista valokuvauksen opiskelijaksi"},"content":{"rendered":"<p>Kerran viel\u00e4, Sam!<\/p>\n<p>Olen kahden viikon aikana julkaissut blogissani\u00a0enemm\u00e4n omakuvia kuin laki sallii tai ainakin enemm\u00e4n kuin koskaan ennen samassa ajassa tai edes vuodessa. Ja nyt viel\u00e4 t\u00e4m\u00e4 postaus niiss\u00e4 merkeiss\u00e4. Mutta perusteluna omakuvien paljouteen on,\u00a0ett\u00e4 n\u00e4it\u00e4 on opintojen vuoksi otettava, ja n\u00e4iden tekemist\u00e4 harjoiteltava.<\/p>\n<p>Yksi et\u00e4teht\u00e4vist\u00e4 seuraavalle l\u00e4hiopetusjaksolle on oma kuva monistettuna, ja taso\/layer-tekniikkaa on hy\u00f6dynnytt\u00e4v\u00e4. Syvyyssuhteet ja etuala tulee ottaa huomioon. Huumoriin ja itseironiaan kehotettiin ihan erikseen. Rohkeutta ja leikki\u00e4 suositeltiin visualisointiin. &#8230; \u00a0Kuvia on teht\u00e4v\u00e4 yksi tai kaksi. \u00a0Monistuskuvalle pit\u00e4\u00e4 sitten tehd\u00e4 my\u00f6s pari: oma kuva, jossa tekniikka ja ilmaisu on vapaa.<\/p>\n<p>Min\u00e4h\u00e4n mietin ideaa sunnuntaina Torniosta kotiin ajellessa ja keksinkin sitten. Mielest\u00e4ni oikein hyv\u00e4nkin idean. Ja nyt alkaa tuo ensimm\u00e4inen kuva, tai kaksikin kuvaa tuohon monistusjuttuun olla valmiina. Eih\u00e4n ne taaskaan teknisesti ole sellaisia kuin olisin halunnut, mutta mahdollisuutta uudelleen yritt\u00e4miseen ainakaan samalla idealla, varsinkaan samassa paikassa, ei taida olla. Potrettikuvan idea on sekin valmiina, ja muutama kymmenen otosta jo otinkin, pist\u00e4n t\u00e4h\u00e4n n\u00e4ytille muutaman muokkaamattoman, mutta aion yritt\u00e4\u00e4 viel\u00e4 uudelleen&#8230; monta kohtaa pit\u00e4\u00e4 viel\u00e4 hioa.<\/p>\n<p>Ensimm\u00e4inen vaihe oli soittaa maanantaina Linnanmaan virastomestareille ja kysy\u00e4, saanko joku aamu tulla tunniksi kampuksen suurimpaan luentosaliin (L1) kuvailemaan. &#8211; Lupasivat. Toiseksi k\u00e4vin ostamassa kameraan langattoman kaukolaukaisimen: kameran 10 sekunnin itselaukaisu ei mill\u00e4\u00e4n muotoa tulisi riitt\u00e4m\u00e4\u00e4n. Tiistai-iltana oli kolmas esivalmisteluvaihe: visualisoida valmiiksi, suunnitella &#8221;hahmoja&#8221; ja pakata iso Mari-kassi t\u00e4yteen rekvisiittaa, huiveja, kaikki rillit, Pehtoorin hattuhyllyll\u00e4 (lippis ja pipo) oli k\u00e4yt\u00e4v\u00e4, huppari, korvakuulokkeet, ja muistiinpanov\u00e4lineetkin. Unohtamatta, ett\u00e4 jokaisessa onnistuneessa kuvassa on punainen piste.<\/p>\n<p>Keskiviikkoaamuna sitten Linnanmaalle, luentosali oli auki ja melkein tyhj\u00e4; vain siivooja oli paikalla. Yritin v\u00e4h\u00e4n selitt\u00e4\u00e4 h\u00e4nelle (in english) mist\u00e4 on kyse, mutta varmaankin selitykseni oli surkea, eik\u00e4 touhuni tainnut olla kovin j\u00e4rkev\u00e4n n\u00e4k\u00f6ist\u00e4 vaikka selityksen olisi ymm\u00e4rt\u00e4nytkin. \ud83d\ude42<\/p>\n<p>Pikkuisen reilussa tunnissa r\u00e4psin pitk\u00e4sti toistasataa kuvaa. Eilen iltasella ja t\u00e4n\u00e4\u00e4n iltap\u00e4iv\u00e4ll\u00e4 olen sitten niit\u00e4 perannut, muokannut, k\u00e4ytt\u00e4nyt layer-tekniikkaa. Kuvasarjallani on nimikin: Yliopistonlehtorista valokuvauksen opiskelijaksi (Tornioon).<\/p>\n<p style=\"text-align: center;\"><a href=\"https:\/\/www.satokangas.fi\/blogi\/wp-content\/uploads\/2016\/01\/Oma-kuva-4.jpg\" rel=\"attachment wp-att-27365\"><img loading=\"lazy\" decoding=\"async\" data-attachment-id=\"27365\" data-permalink=\"https:\/\/www.satokangas.fi\/blogi\/2016\/01\/yliopistonlehtorista-valokuvauksen-opiskelijaksi\/oma-kuva-4\/\" data-orig-file=\"https:\/\/www.satokangas.fi\/blogi\/wp-content\/uploads\/2016\/01\/Oma-kuva-4.jpg\" data-orig-size=\"2000,1333\" data-comments-opened=\"1\" data-image-meta=\"{&quot;aperture&quot;:&quot;5.6&quot;,&quot;credit&quot;:&quot;Reija Satokangas&quot;,&quot;camera&quot;:&quot;Canon EOS 6D&quot;,&quot;caption&quot;:&quot;&quot;,&quot;created_timestamp&quot;:&quot;1452781593&quot;,&quot;copyright&quot;:&quot;&quot;,&quot;focal_length&quot;:&quot;50&quot;,&quot;iso&quot;:&quot;500&quot;,&quot;shutter_speed&quot;:&quot;0.0125&quot;,&quot;title&quot;:&quot;&quot;,&quot;orientation&quot;:&quot;0&quot;}\" data-image-title=\"Oma kuva-4\" data-image-description=\"\" data-image-caption=\"\" data-large-file=\"https:\/\/www.satokangas.fi\/blogi\/wp-content\/uploads\/2016\/01\/Oma-kuva-4-1536x1024.jpg\" class=\"aligncenter size-medium wp-image-27365\" src=\"https:\/\/www.satokangas.fi\/blogi\/wp-content\/uploads\/2016\/01\/Oma-kuva-4-600x400.jpg\" alt=\"Oma kuva-4\" width=\"600\" height=\"400\" srcset=\"https:\/\/www.satokangas.fi\/blogi\/wp-content\/uploads\/2016\/01\/Oma-kuva-4-600x400.jpg 600w, https:\/\/www.satokangas.fi\/blogi\/wp-content\/uploads\/2016\/01\/Oma-kuva-4-300x200.jpg 300w, https:\/\/www.satokangas.fi\/blogi\/wp-content\/uploads\/2016\/01\/Oma-kuva-4-768x512.jpg 768w, https:\/\/www.satokangas.fi\/blogi\/wp-content\/uploads\/2016\/01\/Oma-kuva-4-1536x1024.jpg 1536w, https:\/\/www.satokangas.fi\/blogi\/wp-content\/uploads\/2016\/01\/Oma-kuva-4.jpg 2000w\" sizes=\"auto, (max-width: 600px) 100vw, 600px\" \/><\/a><\/p>\n<p style=\"text-align: center;\"><a href=\"https:\/\/www.satokangas.fi\/blogi\/wp-content\/uploads\/2016\/01\/Oma-kuva-5.jpg\" rel=\"attachment wp-att-27366\"><img loading=\"lazy\" decoding=\"async\" data-attachment-id=\"27366\" data-permalink=\"https:\/\/www.satokangas.fi\/blogi\/2016\/01\/yliopistonlehtorista-valokuvauksen-opiskelijaksi\/oma-kuva-5\/\" data-orig-file=\"https:\/\/www.satokangas.fi\/blogi\/wp-content\/uploads\/2016\/01\/Oma-kuva-5.jpg\" data-orig-size=\"2000,1333\" data-comments-opened=\"1\" data-image-meta=\"{&quot;aperture&quot;:&quot;5.6&quot;,&quot;credit&quot;:&quot;Reija Satokangas&quot;,&quot;camera&quot;:&quot;Canon EOS 6D&quot;,&quot;caption&quot;:&quot;&quot;,&quot;created_timestamp&quot;:&quot;1452775668&quot;,&quot;copyright&quot;:&quot;&quot;,&quot;focal_length&quot;:&quot;88&quot;,&quot;iso&quot;:&quot;800&quot;,&quot;shutter_speed&quot;:&quot;0.008&quot;,&quot;title&quot;:&quot;&quot;,&quot;orientation&quot;:&quot;0&quot;}\" data-image-title=\"Oma kuva-5\" data-image-description=\"\" data-image-caption=\"\" data-large-file=\"https:\/\/www.satokangas.fi\/blogi\/wp-content\/uploads\/2016\/01\/Oma-kuva-5-1536x1024.jpg\" class=\"aligncenter size-medium wp-image-27366\" src=\"https:\/\/www.satokangas.fi\/blogi\/wp-content\/uploads\/2016\/01\/Oma-kuva-5-600x400.jpg\" alt=\"Oma kuva-5\" width=\"600\" height=\"400\" srcset=\"https:\/\/www.satokangas.fi\/blogi\/wp-content\/uploads\/2016\/01\/Oma-kuva-5-600x400.jpg 600w, https:\/\/www.satokangas.fi\/blogi\/wp-content\/uploads\/2016\/01\/Oma-kuva-5-300x200.jpg 300w, https:\/\/www.satokangas.fi\/blogi\/wp-content\/uploads\/2016\/01\/Oma-kuva-5-768x512.jpg 768w, https:\/\/www.satokangas.fi\/blogi\/wp-content\/uploads\/2016\/01\/Oma-kuva-5-1536x1024.jpg 1536w, https:\/\/www.satokangas.fi\/blogi\/wp-content\/uploads\/2016\/01\/Oma-kuva-5.jpg 2000w\" sizes=\"auto, (max-width: 600px) 100vw, 600px\" \/><\/a><\/p>\n<p>Ihan kohdalleen Tornion osoittaminen ei mennyt, mutta katsokaapas kun ylemm\u00e4ss\u00e4 kuvassa kaulukseen tuli p\u00e4iv\u00e4m\u00e4\u00e4r\u00e4 hienosti. \ud83d\ude09 T\u00e4m\u00e4n potrettikuvan idean aion s\u00e4ilytt\u00e4\u00e4, mutta otan viel\u00e4 muutamia, josko onnistuisin paremmin.<\/p>\n<p style=\"text-align: center;\">Ja sitten se toinen kuva! Keskiviikkoaamun satoa. Klikkaa ihmeess\u00e4 isommaksi.<\/p>\n<p style=\"text-align: center;\"><a href=\"https:\/\/www.satokangas.fi\/blogi\/wp-content\/uploads\/2016\/01\/Oma-kuva-2.jpg\" rel=\"attachment wp-att-27363\"><img loading=\"lazy\" decoding=\"async\" data-attachment-id=\"27363\" data-permalink=\"https:\/\/www.satokangas.fi\/blogi\/2016\/01\/yliopistonlehtorista-valokuvauksen-opiskelijaksi\/oma-kuva-2\/\" data-orig-file=\"https:\/\/www.satokangas.fi\/blogi\/wp-content\/uploads\/2016\/01\/Oma-kuva-2.jpg\" data-orig-size=\"2000,1193\" data-comments-opened=\"1\" data-image-meta=\"{&quot;aperture&quot;:&quot;10&quot;,&quot;credit&quot;:&quot;Reija Satokangas&quot;,&quot;camera&quot;:&quot;Canon EOS 6D&quot;,&quot;caption&quot;:&quot;&quot;,&quot;created_timestamp&quot;:&quot;1452676499&quot;,&quot;copyright&quot;:&quot;&quot;,&quot;focal_length&quot;:&quot;21&quot;,&quot;iso&quot;:&quot;800&quot;,&quot;shutter_speed&quot;:&quot;0.125&quot;,&quot;title&quot;:&quot;&quot;,&quot;orientation&quot;:&quot;0&quot;}\" data-image-title=\"Oma kuva-2\" data-image-description=\"\" data-image-caption=\"\" data-large-file=\"https:\/\/www.satokangas.fi\/blogi\/wp-content\/uploads\/2016\/01\/Oma-kuva-2-1600x954.jpg\" class=\"aligncenter size-medium wp-image-27363\" src=\"https:\/\/www.satokangas.fi\/blogi\/wp-content\/uploads\/2016\/01\/Oma-kuva-2-600x358.jpg\" alt=\"Oma kuva-2\" width=\"600\" height=\"358\" srcset=\"https:\/\/www.satokangas.fi\/blogi\/wp-content\/uploads\/2016\/01\/Oma-kuva-2-600x358.jpg 600w, https:\/\/www.satokangas.fi\/blogi\/wp-content\/uploads\/2016\/01\/Oma-kuva-2-300x179.jpg 300w, https:\/\/www.satokangas.fi\/blogi\/wp-content\/uploads\/2016\/01\/Oma-kuva-2-768x458.jpg 768w, https:\/\/www.satokangas.fi\/blogi\/wp-content\/uploads\/2016\/01\/Oma-kuva-2-1600x954.jpg 1600w, https:\/\/www.satokangas.fi\/blogi\/wp-content\/uploads\/2016\/01\/Oma-kuva-2.jpg 2000w\" sizes=\"auto, (max-width: 600px) 100vw, 600px\" \/><\/a><\/p>\n<p style=\"text-align: center;\">T\u00e4m\u00e4 on se kakkoskuva.<\/p>\n<p style=\"text-align: center;\"><a href=\"https:\/\/www.satokangas.fi\/blogi\/wp-content\/uploads\/2016\/01\/Oma-kuva-3.jpg\" rel=\"attachment wp-att-27364\"><img loading=\"lazy\" decoding=\"async\" data-attachment-id=\"27364\" data-permalink=\"https:\/\/www.satokangas.fi\/blogi\/2016\/01\/yliopistonlehtorista-valokuvauksen-opiskelijaksi\/oma-kuva-3\/\" data-orig-file=\"https:\/\/www.satokangas.fi\/blogi\/wp-content\/uploads\/2016\/01\/Oma-kuva-3.jpg\" data-orig-size=\"2000,1333\" data-comments-opened=\"1\" data-image-meta=\"{&quot;aperture&quot;:&quot;11&quot;,&quot;credit&quot;:&quot;Reija Satokangas&quot;,&quot;camera&quot;:&quot;Canon EOS 6D&quot;,&quot;caption&quot;:&quot;&quot;,&quot;created_timestamp&quot;:&quot;1452677840&quot;,&quot;copyright&quot;:&quot;&quot;,&quot;focal_length&quot;:&quot;16&quot;,&quot;iso&quot;:&quot;640&quot;,&quot;shutter_speed&quot;:&quot;0.16666666666667&quot;,&quot;title&quot;:&quot;&quot;,&quot;orientation&quot;:&quot;0&quot;}\" data-image-title=\"Oma kuva-3\" data-image-description=\"\" data-image-caption=\"\" data-large-file=\"https:\/\/www.satokangas.fi\/blogi\/wp-content\/uploads\/2016\/01\/Oma-kuva-3-1536x1024.jpg\" class=\"aligncenter size-medium wp-image-27364\" src=\"https:\/\/www.satokangas.fi\/blogi\/wp-content\/uploads\/2016\/01\/Oma-kuva-3-600x400.jpg\" alt=\"Oma kuva-3\" width=\"600\" height=\"400\" srcset=\"https:\/\/www.satokangas.fi\/blogi\/wp-content\/uploads\/2016\/01\/Oma-kuva-3-600x400.jpg 600w, https:\/\/www.satokangas.fi\/blogi\/wp-content\/uploads\/2016\/01\/Oma-kuva-3-300x200.jpg 300w, https:\/\/www.satokangas.fi\/blogi\/wp-content\/uploads\/2016\/01\/Oma-kuva-3-768x512.jpg 768w, https:\/\/www.satokangas.fi\/blogi\/wp-content\/uploads\/2016\/01\/Oma-kuva-3-1536x1024.jpg 1536w, https:\/\/www.satokangas.fi\/blogi\/wp-content\/uploads\/2016\/01\/Oma-kuva-3.jpg 2000w\" sizes=\"auto, (max-width: 600px) 100vw, 600px\" \/><\/a><\/p>\n<p>&nbsp;<\/p>\n<p>Ja nyt l\u00e4hden viel\u00e4 ottamaan &#8221;studiooni&#8221; tuotekuvia. Huomenna sitten niit\u00e4, ne eiv\u00e4t ole yll\u00e4tyksellisi\u00e4 aiheeltaan. Ne\u00a0liittyv\u00e4t ruokaan ja juomaan: jotain reseptiaihiotakin ehk\u00e4 huomenna, viikonloppuna viimeist\u00e4\u00e4n, julkaisen.<\/p>\n<p>&nbsp;<\/p>\n","protected":false},"excerpt":{"rendered":"<p>Kerran viel\u00e4, Sam! Olen kahden viikon aikana julkaissut blogissani\u00a0enemm\u00e4n omakuvia kuin laki sallii tai ainakin enemm\u00e4n kuin koskaan ennen samassa ajassa tai edes vuodessa. Ja nyt viel\u00e4 t\u00e4m\u00e4 postaus niiss\u00e4 merkeiss\u00e4. Mutta perusteluna omakuvien paljouteen on,\u00a0ett\u00e4 n\u00e4it\u00e4 on opintojen vuoksi otettava, ja n\u00e4iden tekemist\u00e4 harjoiteltava. Yksi et\u00e4teht\u00e4vist\u00e4 seuraavalle l\u00e4hiopetusjaksolle on oma kuva monistettuna, ja taso\/layer-tekniikkaa on hy\u00f6dynnytt\u00e4v\u00e4. Syvyyssuhteet ja etuala &hellip; <\/p>\n","protected":false},"author":1,"featured_media":0,"comment_status":"open","ping_status":"open","sticky":false,"template":"","format":"standard","meta":{"jetpack_post_was_ever_published":false,"_jetpack_newsletter_access":"","_jetpack_dont_email_post_to_subs":false,"_jetpack_newsletter_tier_id":0,"_jetpack_memberships_contains_paywalled_content":false,"_jetpack_memberships_contains_paid_content":false,"footnotes":"","jetpack_publicize_message":"","jetpack_publicize_feature_enabled":true,"jetpack_social_post_already_shared":true,"jetpack_social_options":{"image_generator_settings":{"template":"highway","default_image_id":0,"font":"","enabled":false},"version":2}},"categories":[1,37,77,32],"tags":[],"class_list":["post-27360","post","type-post","status-publish","format-standard","hentry","category-aiheeton","category-valokuvaus","category-vat","category-yliopistoelamaa","latest_post"],"jetpack_publicize_connections":[],"jetpack_featured_media_url":"","jetpack_shortlink":"https:\/\/wp.me\/pr4p4-77i","jetpack_sharing_enabled":true,"jetpack_likes_enabled":false,"jetpack-related-posts":[{"id":30285,"url":"https:\/\/www.satokangas.fi\/blogi\/2017\/02\/uusia-tekniikoita\/","url_meta":{"origin":27360,"position":0},"title":"Uusia tekniikoita","author":"Reija","date":"16.2.2017","format":false,"excerpt":"T\u00e4m\u00e4n viikon kuvahaasteena oli \"taittele yksi paperi, \u00e4l\u00e4 leikkaa, vaan vain taita, rutista tms., ja kuvaa se. T\u00e4nne torstaille asti kesti ennen kuin keksin mit\u00e4 ja miten kuvaan. Kuvassa on taiteltu leivinpaperiarkki ja maisemakuva Kiotosta. Harjoittelin \"blendausta\". :)\u00a0 \u00a0 \u00a0 \u00a0 Ei huono ekaksi? Lupasin aika p\u00e4ivi\u00e4 sitten omakuvan siit\u00e4\u2026","rel":"","context":"Kategoriassa &quot;Niit\u00e4 n\u00e4it\u00e4&quot;","block_context":{"text":"Niit\u00e4 n\u00e4it\u00e4","link":"https:\/\/www.satokangas.fi\/blogi\/category\/aiheeton\/"},"img":{"alt_text":"","src":"https:\/\/i0.wp.com\/www.satokangas.fi\/blogi\/wp-content\/uploads\/2017\/02\/Taiteltu-pareriarkki-600x400.jpg?resize=350%2C200&ssl=1","width":350,"height":200,"srcset":"https:\/\/i0.wp.com\/www.satokangas.fi\/blogi\/wp-content\/uploads\/2017\/02\/Taiteltu-pareriarkki-600x400.jpg?resize=350%2C200&ssl=1 1x, https:\/\/i0.wp.com\/www.satokangas.fi\/blogi\/wp-content\/uploads\/2017\/02\/Taiteltu-pareriarkki-600x400.jpg?resize=525%2C300&ssl=1 1.5x"},"classes":[]},{"id":27292,"url":"https:\/\/www.satokangas.fi\/blogi\/2016\/01\/jaahyvaiset-dalle-ja-selfiet\/","url_meta":{"origin":27360,"position":1},"title":"J\u00e4\u00e4hyv\u00e4iset DA:lle ja selfiet!","author":"Reija","date":"5.1.2016","format":false,"excerpt":"T\u00e4n\u00e4\u00e4n on Downton Abbeyn \u00a0viimeinen jakso. \u00a0Se on yksi niist\u00e4 televisiosarjoista, jotka ovat olleet el\u00e4m\u00e4ss\u00e4ni t\u00e4rkeit\u00e4 ... No, viime vuosina en ole paljon muita sarjoja katsonutkaan, enk\u00e4 telkkaria juuri ollenkaan. On illat menneet enemm\u00e4n netin ja kirjojen maailmassa. Ja valokuvien. Ja t\u00f6iden. Mutta on niit\u00e4 ollut monia mieleenj\u00e4\u00e4neit\u00e4, kaikki jaksot\u2026","rel":"","context":"Kategoriassa &quot;Lappi&quot;","block_context":{"text":"Lappi","link":"https:\/\/www.satokangas.fi\/blogi\/category\/lappi\/"},"img":{"alt_text":"","src":"https:\/\/i0.wp.com\/www.satokangas.fi\/blogi\/wp-content\/uploads\/2016\/01\/Sieppaa.jpg?resize=350%2C200&ssl=1","width":350,"height":200,"srcset":"https:\/\/i0.wp.com\/www.satokangas.fi\/blogi\/wp-content\/uploads\/2016\/01\/Sieppaa.jpg?resize=350%2C200&ssl=1 1x, https:\/\/i0.wp.com\/www.satokangas.fi\/blogi\/wp-content\/uploads\/2016\/01\/Sieppaa.jpg?resize=525%2C300&ssl=1 1.5x"},"classes":[]},{"id":32462,"url":"https:\/\/www.satokangas.fi\/blogi\/2017\/10\/kohti-ammattitutkintoa\/","url_meta":{"origin":27360,"position":2},"title":"Kohti ammattitutkintoa&#8230;","author":"Reija","date":"29.10.2017","format":false,"excerpt":"Tuonne ei en\u00e4\u00e4 tarvitse menn\u00e4! Viimeinenkin simultaani on l\u00e4pi, joten Tornioon ei ole en\u00e4\u00e4 ment\u00e4v\u00e4 kuvailemaan. Mutta ei ihan kaikki ole silti viel\u00e4k\u00e4\u00e4n kasassa. Perjantaina taas kerran kuvaamani teht\u00e4v\u00e4 19 (lyijykyn\u00e4t - tiskiharjat - pakasterasiat) meni nyt kolmannella yritt\u00e4m\u00e4ll\u00e4 kerralla hyv\u00e4ksyttyn\u00e4 l\u00e4pi. Ei tarvitse t\u00e4ydent\u00e4\u00e4, eik\u00e4 varsinkaan uusia.*\u00a0 Siis ei\u2026","rel":"","context":"Kategoriassa &quot;Oulu&quot;","block_context":{"text":"Oulu","link":"https:\/\/www.satokangas.fi\/blogi\/category\/oulu\/"},"img":{"alt_text":"","src":"https:\/\/i0.wp.com\/www.satokangas.fi\/blogi\/wp-content\/uploads\/2017\/10\/naytot-.jpg?resize=350%2C200&ssl=1","width":350,"height":200,"srcset":"https:\/\/i0.wp.com\/www.satokangas.fi\/blogi\/wp-content\/uploads\/2017\/10\/naytot-.jpg?resize=350%2C200&ssl=1 1x, https:\/\/i0.wp.com\/www.satokangas.fi\/blogi\/wp-content\/uploads\/2017\/10\/naytot-.jpg?resize=525%2C300&ssl=1 1.5x"},"classes":[]},{"id":32521,"url":"https:\/\/www.satokangas.fi\/blogi\/2017\/11\/kaanna-kamera-itseesi-auts\/","url_meta":{"origin":27360,"position":3},"title":"K\u00e4\u00e4nn\u00e4 kamera itseesi!  Auts!","author":"Reija","date":"5.11.2017","format":false,"excerpt":"Teht\u00e4v\u00e4 12. Kuvaa kaksi omakuvaa, joista ainakin toinen on kokovartalokuva ja tilassa. Valokuvaaja tekee ty\u00f6t\u00e4 omalla persoonallaan. Ty\u00f6n voima, herkkyys ja omaper\u00e4isyys ovat kiinni tekij\u00e4n persoonallisuudesta. Koko kuvataiteen historian ajan taiteilijat ovat m\u00e4\u00e4ritelleet itse\u00e4\u00e4n suhteessa omaan persoonaan ja yhteiskuntaan kuvaten v\u00e4lill\u00e4 itse\u00e4\u00e4n. My\u00f6s valokuvaajalle on terveellist\u00e4 k\u00e4\u00e4nt\u00e4\u00e4 kamera joskus itseens\u00e4\u2026","rel":"","context":"Kategoriassa &quot;Valokuvaus&quot;","block_context":{"text":"Valokuvaus","link":"https:\/\/www.satokangas.fi\/blogi\/category\/valokuvaus\/"},"img":{"alt_text":"","src":"https:\/\/i0.wp.com\/www.satokangas.fi\/blogi\/wp-content\/uploads\/2017\/11\/Omakuva-2.jpg?resize=350%2C200&ssl=1","width":350,"height":200,"srcset":"https:\/\/i0.wp.com\/www.satokangas.fi\/blogi\/wp-content\/uploads\/2017\/11\/Omakuva-2.jpg?resize=350%2C200&ssl=1 1x, https:\/\/i0.wp.com\/www.satokangas.fi\/blogi\/wp-content\/uploads\/2017\/11\/Omakuva-2.jpg?resize=525%2C300&ssl=1 1.5x"},"classes":[]},{"id":30249,"url":"https:\/\/www.satokangas.fi\/blogi\/2017\/02\/kohti-kolmatta-nayttoa\/","url_meta":{"origin":27360,"position":4},"title":"Kohti kolmatta n\u00e4ytt\u00f6\u00e4!","author":"Reija","date":"9.2.2017","format":false,"excerpt":"Nyt ei pysty enemp\u00e4\u00e4, on l\u00e4hdett\u00e4v\u00e4 pakkaamaan ja sy\u00f6m\u00e4\u00e4n. Jos sytytt\u00e4isin takkaan tulen ja paistaisin makkaraa... Silmiss\u00e4 vilisee ja tymp\u00e4see kun parempaan ei pysty, eik\u00e4 ehdi. Oikeasti osa noista nyt \"Digitaalinen ty\u00f6nkulku\" -teht\u00e4vist\u00e4 on sellaisia, joihin saatiin oppi vast 1\u00bd viikkoa sitten, joten eip\u00e4 ole paljon ehtinyt harjoitella, saatikka toteuttaa.\u2026","rel":"","context":"Kategoriassa &quot;Valokuvaus&quot;","block_context":{"text":"Valokuvaus","link":"https:\/\/www.satokangas.fi\/blogi\/category\/valokuvaus\/"},"img":{"alt_text":"","src":"","width":0,"height":0},"classes":[]},{"id":13412,"url":"https:\/\/www.satokangas.fi\/blogi\/2012\/02\/taikatalvi\/","url_meta":{"origin":27360,"position":5},"title":"Taikatalvi","author":"Reija","date":"2.2.2012","format":false,"excerpt":"Melkoinen s\u00e4ik\u00e4hdys aamulla, oli sattunut melkoinen moka.\u00a0 Melkein kuin m\u00f6rk\u00f6 olisi pes\u00e4st\u00e4\u00e4n her\u00e4nnyt... \u00a0Erin\u00e4isten soittelujen ja posteilujen j\u00e4lkeen kriisi (oikeasti oli ainakin minulle kriisi!) laukesi, homma j\u00e4rjestyi. Ett\u00e4 min\u00e4 s\u00e4ik\u00e4hdin! Jos siin\u00e4 tarinassa, johon t\u00e4m\u00e4kin episodi kuuluu, koittaa the happy end, min\u00e4 kerron, mik\u00e4 oli vied\u00e4 minulta mielenrauhan ja omanarvontunnon\u2026","rel":"","context":"Kategoriassa &quot;Valokuvaus&quot;","block_context":{"text":"Valokuvaus","link":"https:\/\/www.satokangas.fi\/blogi\/category\/valokuvaus\/"},"img":{"alt_text":"","src":"https:\/\/i0.wp.com\/www.satokangas.fi\/blogi\/wp-content\/uploads\/M%C3%B6r%C3%B6n-pes%C3%A4_p-600x321.jpg?resize=350%2C200&ssl=1","width":350,"height":200,"srcset":"https:\/\/i0.wp.com\/www.satokangas.fi\/blogi\/wp-content\/uploads\/M%C3%B6r%C3%B6n-pes%C3%A4_p-600x321.jpg?resize=350%2C200&ssl=1 1x, https:\/\/i0.wp.com\/www.satokangas.fi\/blogi\/wp-content\/uploads\/M%C3%B6r%C3%B6n-pes%C3%A4_p-600x321.jpg?resize=525%2C300&ssl=1 1.5x"},"classes":[]}],"_links":{"self":[{"href":"https:\/\/www.satokangas.fi\/blogi\/wp-json\/wp\/v2\/posts\/27360","targetHints":{"allow":["GET"]}}],"collection":[{"href":"https:\/\/www.satokangas.fi\/blogi\/wp-json\/wp\/v2\/posts"}],"about":[{"href":"https:\/\/www.satokangas.fi\/blogi\/wp-json\/wp\/v2\/types\/post"}],"author":[{"embeddable":true,"href":"https:\/\/www.satokangas.fi\/blogi\/wp-json\/wp\/v2\/users\/1"}],"replies":[{"embeddable":true,"href":"https:\/\/www.satokangas.fi\/blogi\/wp-json\/wp\/v2\/comments?post=27360"}],"version-history":[{"count":0,"href":"https:\/\/www.satokangas.fi\/blogi\/wp-json\/wp\/v2\/posts\/27360\/revisions"}],"wp:attachment":[{"href":"https:\/\/www.satokangas.fi\/blogi\/wp-json\/wp\/v2\/media?parent=27360"}],"wp:term":[{"taxonomy":"category","embeddable":true,"href":"https:\/\/www.satokangas.fi\/blogi\/wp-json\/wp\/v2\/categories?post=27360"},{"taxonomy":"post_tag","embeddable":true,"href":"https:\/\/www.satokangas.fi\/blogi\/wp-json\/wp\/v2\/tags?post=27360"}],"curies":[{"name":"wp","href":"https:\/\/api.w.org\/{rel}","templated":true}]}}