{"id":27302,"date":"2016-01-06T17:06:05","date_gmt":"2016-01-06T15:06:05","guid":{"rendered":"https:\/\/www.satokangas.fi\/blogi\/?p=27302"},"modified":"2026-01-06T18:46:31","modified_gmt":"2026-01-06T16:46:31","slug":"loppiainen-kolnin-tuomiokirkko-ja-tre-kronor","status":"publish","type":"post","link":"https:\/\/www.satokangas.fi\/blogi\/2016\/01\/loppiainen-kolnin-tuomiokirkko-ja-tre-kronor\/","title":{"rendered":"Loppiainen, K\u00f6lnin tuomiokirkko ja Tre kronor &#8211; miten liittyv\u00e4t yhteen?"},"content":{"rendered":"<p style=\"text-align: center;\">Kansanperinteen mukaan<br \/>\n\u201dLoppiaisena vetehinen kertoo avannolla kuuntelijalle koko el\u00e4m\u00e4n.\u201d<\/p>\n<p><a href=\"https:\/\/www.satokangas.fi\/blogi\/wp-content\/uploads\/2016\/01\/Loppiaisena-loppiaisen-historia-8.jpg\" rel=\"attachment wp-att-27311\"><img loading=\"lazy\" decoding=\"async\" data-attachment-id=\"27311\" data-permalink=\"https:\/\/www.satokangas.fi\/blogi\/2016\/01\/loppiainen-kolnin-tuomiokirkko-ja-tre-kronor\/loppiaisena-loppiaisen-historia-8\/\" data-orig-file=\"https:\/\/www.satokangas.fi\/blogi\/wp-content\/uploads\/2016\/01\/Loppiaisena-loppiaisen-historia-8.jpg\" data-orig-size=\"1600,1067\" data-comments-opened=\"1\" data-image-meta=\"{&quot;aperture&quot;:&quot;6.3&quot;,&quot;credit&quot;:&quot;&quot;,&quot;camera&quot;:&quot;Canon EOS 6D&quot;,&quot;caption&quot;:&quot;&quot;,&quot;created_timestamp&quot;:&quot;1452091017&quot;,&quot;copyright&quot;:&quot;&quot;,&quot;focal_length&quot;:&quot;28&quot;,&quot;iso&quot;:&quot;640&quot;,&quot;shutter_speed&quot;:&quot;0.16666666666667&quot;,&quot;title&quot;:&quot;&quot;,&quot;orientation&quot;:&quot;0&quot;}\" data-image-title=\"Loppiaisena, loppiaisen historia-8\" data-image-description=\"\" data-image-caption=\"\" data-large-file=\"https:\/\/www.satokangas.fi\/blogi\/wp-content\/uploads\/2016\/01\/Loppiaisena-loppiaisen-historia-8-1536x1024.jpg\" class=\"aligncenter wp-image-27311\" src=\"https:\/\/www.satokangas.fi\/blogi\/wp-content\/uploads\/2016\/01\/Loppiaisena-loppiaisen-historia-8-1536x1024.jpg\" alt=\"Loppiaisena, loppiaisen historia-8\" width=\"1000\" height=\"667\" srcset=\"https:\/\/www.satokangas.fi\/blogi\/wp-content\/uploads\/2016\/01\/Loppiaisena-loppiaisen-historia-8-1536x1024.jpg 1536w, https:\/\/www.satokangas.fi\/blogi\/wp-content\/uploads\/2016\/01\/Loppiaisena-loppiaisen-historia-8-300x200.jpg 300w, https:\/\/www.satokangas.fi\/blogi\/wp-content\/uploads\/2016\/01\/Loppiaisena-loppiaisen-historia-8-600x400.jpg 600w, https:\/\/www.satokangas.fi\/blogi\/wp-content\/uploads\/2016\/01\/Loppiaisena-loppiaisen-historia-8-768x512.jpg 768w, https:\/\/www.satokangas.fi\/blogi\/wp-content\/uploads\/2016\/01\/Loppiaisena-loppiaisen-historia-8.jpg 1600w\" sizes=\"auto, (max-width: 1000px) 100vw, 1000px\" \/><\/a><\/p>\n<p style=\"text-align: justify;\">Tuolla min\u00e4 Hangasojan sulan rannalla, m\u00f6kkipuron reunalla koetin kuunnella viestej\u00e4 tulevaisuudestani, mutta paljoa ei \u00a0\u201337 asteen pakkasessa kuulunut, ei muuta kuin pakkasen paukkuminen. Se todella paukkuu, &#8211; hyvin isosti paukkuu m\u00f6kin seiniss\u00e4 ja mets\u00e4ss\u00e4.<\/p>\n<p style=\"text-align: center;\"><a href=\"https:\/\/www.satokangas.fi\/blogi\/wp-content\/uploads\/2016\/01\/Loppiaisena-loppiaisen-historia-5.jpg\" rel=\"attachment wp-att-27307\"><img loading=\"lazy\" decoding=\"async\" data-attachment-id=\"27307\" data-permalink=\"https:\/\/www.satokangas.fi\/blogi\/2016\/01\/loppiainen-kolnin-tuomiokirkko-ja-tre-kronor\/loppiaisena-loppiaisen-historia-5\/\" data-orig-file=\"https:\/\/www.satokangas.fi\/blogi\/wp-content\/uploads\/2016\/01\/Loppiaisena-loppiaisen-historia-5.jpg\" data-orig-size=\"1600,1230\" data-comments-opened=\"1\" data-image-meta=\"{&quot;aperture&quot;:&quot;4.5&quot;,&quot;credit&quot;:&quot;&quot;,&quot;camera&quot;:&quot;Canon EOS 6D&quot;,&quot;caption&quot;:&quot;&quot;,&quot;created_timestamp&quot;:&quot;1452091531&quot;,&quot;copyright&quot;:&quot;&quot;,&quot;focal_length&quot;:&quot;88&quot;,&quot;iso&quot;:&quot;1250&quot;,&quot;shutter_speed&quot;:&quot;0.3&quot;,&quot;title&quot;:&quot;&quot;,&quot;orientation&quot;:&quot;0&quot;}\" data-image-title=\"Loppiaisena, loppiaisen historia-5\" data-image-description=\"\" data-image-caption=\"\" data-large-file=\"https:\/\/www.satokangas.fi\/blogi\/wp-content\/uploads\/2016\/01\/Loppiaisena-loppiaisen-historia-5-1332x1024.jpg\" class=\"aligncenter size-thumbnail wp-image-27307\" src=\"https:\/\/www.satokangas.fi\/blogi\/wp-content\/uploads\/2016\/01\/Loppiaisena-loppiaisen-historia-5-300x231.jpg\" alt=\"Loppiaisena, loppiaisen historia-5\" width=\"300\" height=\"231\" srcset=\"https:\/\/www.satokangas.fi\/blogi\/wp-content\/uploads\/2016\/01\/Loppiaisena-loppiaisen-historia-5-300x231.jpg 300w, https:\/\/www.satokangas.fi\/blogi\/wp-content\/uploads\/2016\/01\/Loppiaisena-loppiaisen-historia-5-520x400.jpg 520w, https:\/\/www.satokangas.fi\/blogi\/wp-content\/uploads\/2016\/01\/Loppiaisena-loppiaisen-historia-5-768x590.jpg 768w, https:\/\/www.satokangas.fi\/blogi\/wp-content\/uploads\/2016\/01\/Loppiaisena-loppiaisen-historia-5-1332x1024.jpg 1332w, https:\/\/www.satokangas.fi\/blogi\/wp-content\/uploads\/2016\/01\/Loppiaisena-loppiaisen-historia-5.jpg 1600w\" sizes=\"auto, (max-width: 300px) 100vw, 300px\" \/><\/a><\/p>\n<p style=\"text-align: justify;\">Nyt kun ulkoilu ei niin kovasti vie aikaa, nyt kun Ruotsi on nuorten MM-l\u00e4tk\u00e4ss\u00e4 j\u00e4tetty nelj\u00e4nneksi ja nyt kun on loppiainen, voisin kertoa* miten loppiainen, K\u00f6lnin tuomiokirkko ja Ruotsin kolme kruunua liittyv\u00e4t yhteen. Ja liittyyp\u00e4 t\u00e4h\u00e4nkin tarinaan yksi Kasperi. \ud83d\ude09<\/p>\n<h4>Miksi loppiaista vietet\u00e4\u00e4n?<\/h4>\n<p style=\"text-align: justify;\">Loppiaista on vietetty jo 200-luvulta l\u00e4htien, ja aluksi nimenomaan Jeesuksen syntym\u00e4juhlana (ks. sen ajoituksesta <a href=\"https:\/\/www.satokangas.fi\/blogi\/2017\/12\/talvipaivan-seisaus-joulun-ajankohta-ja-tuomas-joulun-tuo\/\" target=\"_blank\" rel=\"noopener\">t\u00e4\u00e4lt\u00e4<\/a>), ei suinkaan joulun \u201dloppumisena\u201d. My\u00f6hemmin loppiaista on vietetty Jeesuksen kastejuhlap\u00e4iv\u00e4n\u00e4, ja kolmaskin raamatullinen syy sille on: Kaanaan h\u00e4\u00e4t. Ne on ne juhlat, joissa Jeesus aloitti julkisen toimintansa, ja n\u00e4in viiniharrastajan n\u00e4k\u00f6kulmasta aloitti varsin mielenkiintoisella tavalla: muutti veden viiniksi. Vaikuttava aloitus.<\/p>\n<p style=\"text-align: justify;\">Keskiajalla loppiaisjuhlan luonne muuttui, ja sen aiheeksi tuli kolmen tiet\u00e4j\u00e4n saapuminen Betlehemiin katsomaan Jeesus-lasta ja tuomaan h\u00e4nelle lahjoja. Caspar, Melchior ja Balthazar eli kolme viisasta miest\u00e4 l\u00e4htiv\u00e4t uhraamaan Jeesuksen luo. Kuten tiernapoikien laulussakin todetaan:<\/p>\n<blockquote><p><em>T\u00e4hti se kulukeepi it\u00e4iselt\u00e4 maalta, it\u00e4iselt\u00e4 maalta,<br \/>\nsanomaton kirkkaus se ulos loisti<br \/>\nja se t\u00e4hti oli Jumalalta ulos l\u00e4hetetty, ulos l\u00e4hetetty<br \/>\nja he riensiv\u00e4t uhraamaan kultaa, pyh\u00e4\u00e4 savua ja mirhamia,<br \/>\nja mirhamia.<\/em><\/p><\/blockquote>\n<p style=\"text-align: justify;\">It\u00e4maan kolme tiet\u00e4j\u00e4\u00e4 tunnetaan Keski-Euroopassa nimell\u00e4 kolme kuningasta ja heid\u00e4n tunnuksenaan on kolme kruunua. Ainakin uuden ajan alussa (1500-luvulta l\u00e4htien) siell\u00e4 oli tapana, ett\u00e4 nuoret miehet pukeutuivat loppiaisena kuninkaiksi ja kiersiv\u00e4t\u00a0talosta ja\u00a0kyl\u00e4st\u00e4 toiseen laulamassa, ja saamassa palkkioksi pieni\u00e4 lahjoja, oluttuopillisen tai muutaman kolikon.<\/p>\n<p style=\"text-align: justify;\">Kolmeen tiet\u00e4j\u00e4\u00e4n liittyy siis ensimm\u00e4inen juonne. Toinen liittyy K\u00f6lnin kauniiseen tuomiokirkkoon, jota keskiajalla rakennettiin pitk\u00e4\u00e4n ja hartaasti. Sinne talletettiin kolmeen it\u00e4maan kuninkaaseen liittyv\u00e4 pyh\u00e4inj\u00e4\u00e4nn\u00f6s, jota pidettiin aikanaan Pohjois-Euroopan merkitt\u00e4vimp\u00e4n\u00e4. Kaikki K\u00f6lnin tuomiokirkkoon pyhiinvaelluksen tehneet saivat kantaa mukanaan kolmen kruunun kuvaa tunnustuksena ja muistona k\u00e4ynnist\u00e4 (vrt. j\u00e4\u00e4kaappimagneetit! \ud83d\ude09 ).<\/p>\n<p style=\"text-align: justify;\">Ja nyt sitten, miten kruunut siirtyiv\u00e4t my\u00f6s Ruotsiin, jopa l\u00e4tk\u00e4joukkueiden pelipaitoihin? \u2013 Selityksen\u00e4 on esitetty, ett\u00e4 kruunut symboloisivat L\u00e4nsi-G\u00f6\u00f6tanmaan, It\u00e4-G\u00f6\u00f6tanmaan ja Svean muinaisia kuningaskuntia. Miksei niinkin, mutta varmemmin todennettu selitys liittyy Albrekt Mecklenburgilaisen\u00a0(noin\u00a01338\u20131412) valtaannousuun Ruotsissa. H\u00e4nen my\u00f6t\u00e4\u00e4n p\u00e4\u00e4ttyi pitk\u00e4\u00e4n vallassa olleen Bj\u00e4lbo-suvun pitk\u00e4 valtakausi ja Albrektin valtaantuloon liittyi uuden kuningashuoneen perustaminen. Se tarvitsi my\u00f6s tunnuksen, heraldisen kuvion, jota k\u00e4ytt\u00e4\u00e4.<\/p>\n<p style=\"text-align: justify;\">Albrektin oman saksalaisen herttuakunnan vaakuna ei sopinut Ruotsin hallitsijan tunnukseksi, joten oli keksitt\u00e4v\u00e4 jotain muuta. Noh, koska my\u00f6s Albrekt oli tehnyt pyhiinvaelluksen K\u00f6lnin kirkkoon, it\u00e4maan tiet\u00e4jien pyh\u00e4inj\u00e4\u00e4nn\u00f6ksen luo, h\u00e4nell\u00e4 oli oikeus k\u00e4ytt\u00e4\u00e4 kolmea kruunua.<\/p>\n<p style=\"text-align: justify;\">Ja vuosisadasta ja kuningashuoneesta toiseen, tre kronor on s\u00e4ilynyt. Yht\u00e4 lailla se on Bernadotten sukuun syntyneen Estellen tyynyliinoissa kuin l\u00e4tk\u00e4joukkueen pelipaidassa,<\/p>\n<p style=\"text-align: center;\"><a href=\"https:\/\/www.satokangas.fi\/blogi\/wp-content\/uploads\/2016\/01\/tre-kronor.jpg\" rel=\"attachment wp-att-27304\"><img loading=\"lazy\" decoding=\"async\" data-attachment-id=\"27304\" data-permalink=\"https:\/\/www.satokangas.fi\/blogi\/2016\/01\/loppiainen-kolnin-tuomiokirkko-ja-tre-kronor\/tre-kronor\/\" data-orig-file=\"https:\/\/www.satokangas.fi\/blogi\/wp-content\/uploads\/2016\/01\/tre-kronor.jpg\" data-orig-size=\"737,542\" data-comments-opened=\"1\" data-image-meta=\"{&quot;aperture&quot;:&quot;0&quot;,&quot;credit&quot;:&quot;Reija&quot;,&quot;camera&quot;:&quot;&quot;,&quot;caption&quot;:&quot;&quot;,&quot;created_timestamp&quot;:&quot;1452098698&quot;,&quot;copyright&quot;:&quot;&quot;,&quot;focal_length&quot;:&quot;0&quot;,&quot;iso&quot;:&quot;0&quot;,&quot;shutter_speed&quot;:&quot;0&quot;,&quot;title&quot;:&quot;&quot;,&quot;orientation&quot;:&quot;0&quot;}\" data-image-title=\"tre kronor\" data-image-description=\"\" data-image-caption=\"\" data-large-file=\"https:\/\/www.satokangas.fi\/blogi\/wp-content\/uploads\/2016\/01\/tre-kronor.jpg\" class=\"aligncenter size-medium wp-image-27304\" src=\"https:\/\/www.satokangas.fi\/blogi\/wp-content\/uploads\/2016\/01\/tre-kronor-544x400.jpg\" alt=\"tre kronor\" width=\"544\" height=\"400\" srcset=\"https:\/\/www.satokangas.fi\/blogi\/wp-content\/uploads\/2016\/01\/tre-kronor-544x400.jpg 544w, https:\/\/www.satokangas.fi\/blogi\/wp-content\/uploads\/2016\/01\/tre-kronor-300x221.jpg 300w, https:\/\/www.satokangas.fi\/blogi\/wp-content\/uploads\/2016\/01\/tre-kronor.jpg 737w\" sizes=\"auto, (max-width: 544px) 100vw, 544px\" \/><\/a><\/p>\n<p style=\"text-align: justify;\">*T\u00e4m\u00e4kin juttu liittyy niihin viime vuoden \u201d<a href=\"https:\/\/www.satokangas.fi\/blogi\/2015\/05\/tietokirja-juhlista-historiasta-ruuasta\/\">Vuotuisjuhlien historialliset juuret<\/a>\u201d -luentooni. Nyt siihen liittyv\u00e4t paperit, tiedostot ja kirjat eiv\u00e4t t\u00e4\u00e4ll\u00e4 m\u00f6kill\u00e4 ole mukana, joten ihan muistitiedon varassa tuon lyhennetyn, mutkatsuoriksi-version tuohon kokosin. Tarkistelen kotosalla \u2026<\/p>\n","protected":false},"excerpt":{"rendered":"<p>Kansanperinteen mukaan \u201dLoppiaisena vetehinen kertoo avannolla kuuntelijalle koko el\u00e4m\u00e4n.\u201d Tuolla min\u00e4 Hangasojan sulan rannalla, m\u00f6kkipuron reunalla koetin kuunnella viestej\u00e4 tulevaisuudestani, mutta paljoa ei \u00a0\u201337 asteen pakkasessa kuulunut, ei muuta kuin pakkasen paukkuminen. Se todella paukkuu, &#8211; hyvin isosti paukkuu m\u00f6kin seiniss\u00e4 ja mets\u00e4ss\u00e4. Nyt kun ulkoilu ei niin kovasti vie aikaa, nyt kun Ruotsi on nuorten MM-l\u00e4tk\u00e4ss\u00e4 j\u00e4tetty nelj\u00e4nneksi ja &hellip; <\/p>\n","protected":false},"author":1,"featured_media":0,"comment_status":"open","ping_status":"open","sticky":false,"template":"","format":"standard","meta":{"jetpack_post_was_ever_published":false,"_jetpack_newsletter_access":"","_jetpack_dont_email_post_to_subs":true,"_jetpack_newsletter_tier_id":0,"_jetpack_memberships_contains_paywalled_content":false,"_jetpack_memberships_contains_paid_content":false,"footnotes":"","jetpack_publicize_message":"","jetpack_publicize_feature_enabled":true,"jetpack_social_post_already_shared":true,"jetpack_social_options":{"image_generator_settings":{"template":"highway","default_image_id":0,"font":"","enabled":false},"version":2}},"categories":[13,45,15,1],"tags":[],"class_list":["post-27302","post","type-post","status-publish","format-standard","hentry","category-historiaa","category-kolumni","category-lappi","category-aiheeton","latest_post"],"jetpack_publicize_connections":[],"jetpack_featured_media_url":"","jetpack_shortlink":"https:\/\/wp.me\/pr4p4-76m","jetpack_sharing_enabled":true,"jetpack_likes_enabled":false,"jetpack-related-posts":[{"id":30136,"url":"https:\/\/www.satokangas.fi\/blogi\/2017\/01\/talven-selka-taittuu-myrskyssa\/","url_meta":{"origin":27302,"position":0},"title":"Talven selk\u00e4 taittuu myrskyss\u00e4","author":"Reija","date":"19.1.2017","format":false,"excerpt":"Heikkin\u00e4 taittuu talven selk\u00e4, ja alkavat h\u00e4rk\u00e4viikot. H\u00e4rk\u00e4viikot eiv\u00e4t suinkaan tarkoita pihviaterioihin siirtymist\u00e4, kuten Pehtoori on joskus koettanut esitt\u00e4\u00e4. Sanonta liittyy siihen, ett\u00e4 pitkin pyhien, joulun, vuodenvaihteen ja loppiaisen j\u00e4lkeen oli aika palata ty\u00f6ntekoon, oli otettava vetojuhtina k\u00e4ytetyt h\u00e4r\u00e4t toimeen ja oli ryhdytt\u00e4v\u00e4 puun tai j\u00e4\u00e4najoon. N\u00e4it\u00e4 pitki\u00e4, arkipyh\u00e4tt\u00f6mi\u00e4, ty\u00f6nt\u00e4yteisi\u00e4\u2026","rel":"","context":"Kategoriassa &quot;Historiaa&quot;","block_context":{"text":"Historiaa","link":"https:\/\/www.satokangas.fi\/blogi\/category\/historiaa\/"},"img":{"alt_text":"","src":"https:\/\/i0.wp.com\/www.satokangas.fi\/blogi\/wp-content\/uploads\/2017\/01\/Vanhan-kansan-kalenteri-2-600x400.jpg?resize=350%2C200&ssl=1","width":350,"height":200,"srcset":"https:\/\/i0.wp.com\/www.satokangas.fi\/blogi\/wp-content\/uploads\/2017\/01\/Vanhan-kansan-kalenteri-2-600x400.jpg?resize=350%2C200&ssl=1 1x, https:\/\/i0.wp.com\/www.satokangas.fi\/blogi\/wp-content\/uploads\/2017\/01\/Vanhan-kansan-kalenteri-2-600x400.jpg?resize=525%2C300&ssl=1 1.5x"},"classes":[]},{"id":42218,"url":"https:\/\/www.satokangas.fi\/blogi\/2021\/12\/kohti-parempia-aikoja\/","url_meta":{"origin":27302,"position":1},"title":"Kohti parempia aikoja&#8230;","author":"Reija","date":"31.12.2021","format":false,"excerpt":"Ulkona paukkuu jo. Saa paukkua. Ei pienint\u00e4k\u00e4\u00e4n aietta l\u00e4hte\u00e4 ulos katselemaan ilotulitteita, ei edes t\u00e4htis\u00e4detikkuja polttelemaan, vaikka niit\u00e4 on monta laatikkoa kaapissa: pienille ne hankittiin, joten ehk\u00e4 sitten loppiaisena. T\u00e4n\u00e4\u00e4n lumisateisena aamuna, her\u00e4tty\u00e4ni taas kerran aivan liian aikaisin, ajelin kaupungille. Siell\u00e4 tepastellen nuhjuisilla, tyhjill\u00e4 kaduilla. Mietin kulunutta vuotta, ja ajattelin\u2026","rel":"","context":"Kategoriassa &quot;Ruoka ja viini&quot;","block_context":{"text":"Ruoka ja viini","link":"https:\/\/www.satokangas.fi\/blogi\/category\/ruoka_ja_viini\/"},"img":{"alt_text":"","src":"https:\/\/i0.wp.com\/www.satokangas.fi\/blogi\/wp-content\/uploads\/2021\/12\/HNY-4.jpg?resize=350%2C200&ssl=1","width":350,"height":200,"srcset":"https:\/\/i0.wp.com\/www.satokangas.fi\/blogi\/wp-content\/uploads\/2021\/12\/HNY-4.jpg?resize=350%2C200&ssl=1 1x, https:\/\/i0.wp.com\/www.satokangas.fi\/blogi\/wp-content\/uploads\/2021\/12\/HNY-4.jpg?resize=525%2C300&ssl=1 1.5x, https:\/\/i0.wp.com\/www.satokangas.fi\/blogi\/wp-content\/uploads\/2021\/12\/HNY-4.jpg?resize=700%2C400&ssl=1 2x"},"classes":[]},{"id":32952,"url":"https:\/\/www.satokangas.fi\/blogi\/2017\/12\/erilainen-uudenvuodenaatto\/","url_meta":{"origin":27302,"position":2},"title":"Erilainen uudenvuodenaatto","author":"Reija","date":"31.12.2017","format":false,"excerpt":"Tuntuu ihan kummalliselle olla t\u00e4\u00e4ll\u00e4, kaupungissa, kun vuosi vaihtuu. Viimeiset kymmenen vuotta lukuunottamatta vuorotteluvapaavuoteni uutta vuotta 2012, jolloin t\u00e4ht\u00e4simme pohjoiseen loppiaiseksi ( koska osa BOsta + naantalilaiset), olemme olleet Hangasojalla. T\u00e4\u00e4ll\u00e4 paukkuu koko ajan. Apsulla meinasi itku tulla kun illansuussa l\u00e4htiv\u00e4t perinteiselt\u00e4 perhep\u00e4iv\u00e4lliselt\u00e4, jatkuva pauke pelotti, semminkin kun mit\u00e4\u00e4n ei\u2026","rel":"","context":"Kategoriassa &quot;Niit\u00e4 n\u00e4it\u00e4&quot;","block_context":{"text":"Niit\u00e4 n\u00e4it\u00e4","link":"https:\/\/www.satokangas.fi\/blogi\/category\/aiheeton\/"},"img":{"alt_text":"","src":"https:\/\/i0.wp.com\/www.satokangas.fi\/blogi\/wp-content\/uploads\/2017\/12\/HNY-2018.jpg?resize=350%2C200&ssl=1","width":350,"height":200,"srcset":"https:\/\/i0.wp.com\/www.satokangas.fi\/blogi\/wp-content\/uploads\/2017\/12\/HNY-2018.jpg?resize=350%2C200&ssl=1 1x, https:\/\/i0.wp.com\/www.satokangas.fi\/blogi\/wp-content\/uploads\/2017\/12\/HNY-2018.jpg?resize=525%2C300&ssl=1 1.5x, https:\/\/i0.wp.com\/www.satokangas.fi\/blogi\/wp-content\/uploads\/2017\/12\/HNY-2018.jpg?resize=700%2C400&ssl=1 2x"},"classes":[]},{"id":1581,"url":"https:\/\/www.satokangas.fi\/blogi\/2008\/11\/evo-en-vaan-osaa\/","url_meta":{"origin":27302,"position":3},"title":"EVO &#8211; en vaan osaa","author":"Reija","date":"16.11.2008","format":false,"excerpt":"Kaikkeni yritin, mutta eih\u00e4n se mihink\u00e4\u00e4n riitt\u00e4nyt! Olin tytt\u00e4ren kanssa aamusella pelaamassa sulkapalloa. Yritin jo matkalla Nallisporttiin ladella - kuten kunnon kilpaurheilijan kuuluukin - meriselityksi\u00e4, miksi ehk\u00e4 en olisi parhaassa mahdollisessa vedossa: oikeesti eilen oli ruokavieraita, ja ilta oli paitsi kaikinpuolin mukava ja rauhallinen, my\u00f6s kohtuullisen ravitseva (viel\u00e4k\u00e4\u00e4n ei ole\u2026","rel":"","context":"Kategoriassa &quot;Liikkuminen&quot;","block_context":{"text":"Liikkuminen","link":"https:\/\/www.satokangas.fi\/blogi\/category\/liikkuminen\/"},"img":{"alt_text":"","src":"","width":0,"height":0},"classes":[]},{"id":31007,"url":"https:\/\/www.satokangas.fi\/blogi\/2017\/06\/iso-hangasselka-348-mpy-huiputettu\/","url_meta":{"origin":27302,"position":4},"title":"Iso Hangasselk\u00e4 (348 mpy) huiputettu","author":"Reija","date":"16.6.2017","format":false,"excerpt":"Me saimme t\u00e4nne Hangasojan varteen toisenkin, aurinkoisen, l\u00e4mpim\u00e4n p\u00e4iv\u00e4n. Heti aamulla oli selv\u00e4\u00e4, ett\u00e4 tunturiin l\u00e4hdemme. Kiilop\u00e4\u00e4n taakse, ehk\u00e4 Luulammelle haikailin, mutta kun varsinaisen Saarisel\u00e4n tunturijonolla on t\u00e4n\u00e4\u00e4n ollut tuhatkunta geok\u00e4tk\u00f6ilij\u00e4\u00e4, ajattelimme hakeutua hiljaisimmille poluille. Siisp\u00e4 kohti l\u00e4ntt\u00e4! J\u00e4\u00e4merentien varresta, meilt\u00e4 v\u00e4h\u00e4n pohjoiseen, ennen Laanihovia, l\u00e4htee reitti LKL:n (Lapin Kullankaivajien\u2026","rel":"","context":"Kategoriassa &quot;Lappi&quot;","block_context":{"text":"Lappi","link":"https:\/\/www.satokangas.fi\/blogi\/category\/lappi\/"},"img":{"alt_text":"","src":"https:\/\/i0.wp.com\/www.satokangas.fi\/blogi\/wp-content\/uploads\/2017\/06\/Iso-Hangasselka-4-600x400.jpg?resize=350%2C200&ssl=1","width":350,"height":200,"srcset":"https:\/\/i0.wp.com\/www.satokangas.fi\/blogi\/wp-content\/uploads\/2017\/06\/Iso-Hangasselka-4-600x400.jpg?resize=350%2C200&ssl=1 1x, https:\/\/i0.wp.com\/www.satokangas.fi\/blogi\/wp-content\/uploads\/2017\/06\/Iso-Hangasselka-4-600x400.jpg?resize=525%2C300&ssl=1 1.5x"},"classes":[]},{"id":51482,"url":"https:\/\/www.satokangas.fi\/blogi\/2024\/12\/hillaherkkuja-vaikka-joulupoytaan\/","url_meta":{"origin":27302,"position":5},"title":"Hillaherkkuja vaikka joulup\u00f6yt\u00e4\u00e4n","author":"Reija","date":"9.12.2024","format":false,"excerpt":"Joulureseptej\u00e4-harjoitussivu syntyi jokunen viikko sitten kun aloitin Word Press-sis\u00e4ll\u00f6nhallintaj\u00e4rjestelm\u00e4 -kurssin. Menin kurssille mm. siksi, ett\u00e4 oppisin uutta, erityisesti k\u00e4ytt\u00e4m\u00e4\u00e4n WP-alustan uusia toimintoja ja ominaisuuksia. Perusteet ovat olleet hallinnassa jo vuosikausia. Kolmen viikon kurssi ei nyt ollut ihan sit\u00e4 mit\u00e4 odotin, - monestakaan syyst\u00e4. Mutta menem\u00e4tt\u00e4 niihin tarkemmin totean, ett\u00e4 kunnianhimoinen\u2026","rel":"","context":"Kategoriassa &quot;Joulu&quot;","block_context":{"text":"Joulu","link":"https:\/\/www.satokangas.fi\/blogi\/category\/joulu\/"},"img":{"alt_text":"","src":"https:\/\/i0.wp.com\/www.satokangas.fi\/blogi\/wp-content\/uploads\/2024\/12\/Taivaantulet.jpg?resize=350%2C200&ssl=1","width":350,"height":200,"srcset":"https:\/\/i0.wp.com\/www.satokangas.fi\/blogi\/wp-content\/uploads\/2024\/12\/Taivaantulet.jpg?resize=350%2C200&ssl=1 1x, https:\/\/i0.wp.com\/www.satokangas.fi\/blogi\/wp-content\/uploads\/2024\/12\/Taivaantulet.jpg?resize=525%2C300&ssl=1 1.5x, https:\/\/i0.wp.com\/www.satokangas.fi\/blogi\/wp-content\/uploads\/2024\/12\/Taivaantulet.jpg?resize=700%2C400&ssl=1 2x"},"classes":[]}],"_links":{"self":[{"href":"https:\/\/www.satokangas.fi\/blogi\/wp-json\/wp\/v2\/posts\/27302","targetHints":{"allow":["GET"]}}],"collection":[{"href":"https:\/\/www.satokangas.fi\/blogi\/wp-json\/wp\/v2\/posts"}],"about":[{"href":"https:\/\/www.satokangas.fi\/blogi\/wp-json\/wp\/v2\/types\/post"}],"author":[{"embeddable":true,"href":"https:\/\/www.satokangas.fi\/blogi\/wp-json\/wp\/v2\/users\/1"}],"replies":[{"embeddable":true,"href":"https:\/\/www.satokangas.fi\/blogi\/wp-json\/wp\/v2\/comments?post=27302"}],"version-history":[{"count":0,"href":"https:\/\/www.satokangas.fi\/blogi\/wp-json\/wp\/v2\/posts\/27302\/revisions"}],"wp:attachment":[{"href":"https:\/\/www.satokangas.fi\/blogi\/wp-json\/wp\/v2\/media?parent=27302"}],"wp:term":[{"taxonomy":"category","embeddable":true,"href":"https:\/\/www.satokangas.fi\/blogi\/wp-json\/wp\/v2\/categories?post=27302"},{"taxonomy":"post_tag","embeddable":true,"href":"https:\/\/www.satokangas.fi\/blogi\/wp-json\/wp\/v2\/tags?post=27302"}],"curies":[{"name":"wp","href":"https:\/\/api.w.org\/{rel}","templated":true}]}}