{"id":27292,"date":"2016-01-05T19:30:56","date_gmt":"2016-01-05T17:30:56","guid":{"rendered":"https:\/\/www.satokangas.fi\/blogi\/?p=27292"},"modified":"2016-01-05T19:37:21","modified_gmt":"2016-01-05T17:37:21","slug":"jaahyvaiset-dalle-ja-selfiet","status":"publish","type":"post","link":"https:\/\/www.satokangas.fi\/blogi\/2016\/01\/jaahyvaiset-dalle-ja-selfiet\/","title":{"rendered":"J\u00e4\u00e4hyv\u00e4iset DA:lle ja selfiet!"},"content":{"rendered":"<p>T\u00e4n\u00e4\u00e4n on Downton Abbeyn \u00a0viimeinen jakso. \u00a0Se on yksi niist\u00e4 televisiosarjoista, jotka ovat olleet el\u00e4m\u00e4ss\u00e4ni t\u00e4rkeit\u00e4 &#8230;<\/p>\n<p>No, viime vuosina en ole paljon muita sarjoja katsonutkaan, enk\u00e4 telkkaria juuri ollenkaan. On illat menneet enemm\u00e4n netin ja kirjojen maailmassa. Ja valokuvien. Ja t\u00f6iden. Mutta on niit\u00e4 ollut monia mieleenj\u00e4\u00e4neit\u00e4, kaikki jaksot ja tuotantokaudet katsottuja, sarjoja: Batman, Me Tammelat, The Monkies, High Chapparal,\u00a0Peyton Place, Menn\u00e4\u00e4n bussilla, Coronation Street, Goldizt,\u00a0Pieni talo preerialla, Onnen p\u00e4iv\u00e4t, Mennyt maailma, Levyraati, Ihmeidentekij\u00e4t, Puhtaat valkeat lakanat, Hovim\u00e4ki, Bon Appetit, Sopranos, Gilmoren tyt\u00f6t&#8230; Mit\u00e4 kaikkia? Varmasti j\u00e4i jotain &#8221;el\u00e4m\u00e4\u00e4 suurempia&#8221; tuosta\u00a0pikaisesti mieleentulleiden luettelosta pois. Mik\u00e4 on ollut\u00a0sinun &#8221;The Telkkarisarja&#8221;? Mik\u00e4 on oikeasti vaikuttanut sinuun ja tekemisiisi, ket\u00e4\/mit\u00e4 olet fanittanut?<\/p>\n<p>Nyt tulee\u00a0kyll\u00e4 ik\u00e4v\u00e4 Crawleyn perhett\u00e4, upeasti tehty\u00e4 pukudraamaa, jossa historian mentaliteetti, ajankuva ja milj\u00f6\u00f6t ja niiden muutokset on huolella rakennettu, kuvattu ja n\u00e4ytelty. \u00a0BBC on kyll\u00e4 tehnyt kuusiosaisen sarjan Leo Tolstoin \u00b4Sodasta ja rauhasta\u00b4, joka on kuulemma hieno ja pukudraamana v\u00e4hint\u00e4\u00e4n DA:n tasoinen, mutta se on Ven\u00e4j\u00e4ll\u00e4&#8230; Noh, ehk\u00e4 se syksyll\u00e4 alkaessaan tuo jotain lohdutusta ja edes v\u00e4h\u00e4n paikkaa DA:n j\u00e4tt\u00e4m\u00e4\u00e4 tyhji\u00f6t\u00e4.<\/p>\n<p>T\u00e4n\u00e4\u00e4n olen Violet Crawleyn, Granthamin leskikreivitt\u00e4ren, ohjeiden mukaisesti rohkaistunut, luottanut itseeni ja astunut ep\u00e4mukavuusalueelleni, tehnyt toviksi rauhan itseni kanssa, ja ottanut omakuvia.<\/p>\n<p style=\"text-align: center;\"><a href=\"https:\/\/www.satokangas.fi\/blogi\/wp-content\/uploads\/2016\/01\/12241792_1085286581511946_9161903414022198074_n.jpg\" rel=\"attachment wp-att-27293\"><img loading=\"lazy\" decoding=\"async\" data-attachment-id=\"27293\" data-permalink=\"https:\/\/www.satokangas.fi\/blogi\/2016\/01\/jaahyvaiset-dalle-ja-selfiet\/12241792_1085286581511946_9161903414022198074_n\/\" data-orig-file=\"https:\/\/www.satokangas.fi\/blogi\/wp-content\/uploads\/2016\/01\/12241792_1085286581511946_9161903414022198074_n.jpg\" data-orig-size=\"526,526\" data-comments-opened=\"1\" data-image-meta=\"{&quot;aperture&quot;:&quot;0&quot;,&quot;credit&quot;:&quot;&quot;,&quot;camera&quot;:&quot;&quot;,&quot;caption&quot;:&quot;&quot;,&quot;created_timestamp&quot;:&quot;0&quot;,&quot;copyright&quot;:&quot;&quot;,&quot;focal_length&quot;:&quot;0&quot;,&quot;iso&quot;:&quot;0&quot;,&quot;shutter_speed&quot;:&quot;0&quot;,&quot;title&quot;:&quot;&quot;,&quot;orientation&quot;:&quot;0&quot;}\" data-image-title=\"12241792_1085286581511946_9161903414022198074_n\" data-image-description=\"\" data-image-caption=\"\" data-large-file=\"https:\/\/www.satokangas.fi\/blogi\/wp-content\/uploads\/2016\/01\/12241792_1085286581511946_9161903414022198074_n.jpg\" class=\"aligncenter size-medium wp-image-27293\" src=\"https:\/\/www.satokangas.fi\/blogi\/wp-content\/uploads\/2016\/01\/12241792_1085286581511946_9161903414022198074_n-400x400.jpg\" alt=\"12241792_1085286581511946_9161903414022198074_n\" width=\"400\" height=\"400\" srcset=\"https:\/\/www.satokangas.fi\/blogi\/wp-content\/uploads\/2016\/01\/12241792_1085286581511946_9161903414022198074_n-400x400.jpg 400w, https:\/\/www.satokangas.fi\/blogi\/wp-content\/uploads\/2016\/01\/12241792_1085286581511946_9161903414022198074_n-300x300.jpg 300w, https:\/\/www.satokangas.fi\/blogi\/wp-content\/uploads\/2016\/01\/12241792_1085286581511946_9161903414022198074_n-50x50.jpg 50w, https:\/\/www.satokangas.fi\/blogi\/wp-content\/uploads\/2016\/01\/12241792_1085286581511946_9161903414022198074_n.jpg 526w\" sizes=\"auto, (max-width: 400px) 100vw, 400px\" \/><\/a><\/p>\n<p>V\u00e4h\u00e4n kuin sied\u00e4tyshoitona jo ennakkoon ottanut selfieit\u00e4. Ensi viikonlopun l\u00e4hiopetusjaksolla kun on &#8221;omakuva&#8221;-harjoituksia..<\/p>\n<p><a href=\"https:\/\/www.satokangas.fi\/blogi\/wp-content\/uploads\/2016\/01\/20160105073527.jpg\" rel=\"attachment wp-att-27294\"><img loading=\"lazy\" decoding=\"async\" data-attachment-id=\"27294\" data-permalink=\"https:\/\/www.satokangas.fi\/blogi\/2016\/01\/jaahyvaiset-dalle-ja-selfiet\/attachment\/20160105073527\/\" data-orig-file=\"https:\/\/www.satokangas.fi\/blogi\/wp-content\/uploads\/2016\/01\/20160105073527.jpg\" data-orig-size=\"900,1600\" data-comments-opened=\"1\" data-image-meta=\"{&quot;aperture&quot;:&quot;0&quot;,&quot;credit&quot;:&quot;&quot;,&quot;camera&quot;:&quot;&quot;,&quot;caption&quot;:&quot;&quot;,&quot;created_timestamp&quot;:&quot;0&quot;,&quot;copyright&quot;:&quot;&quot;,&quot;focal_length&quot;:&quot;0&quot;,&quot;iso&quot;:&quot;0&quot;,&quot;shutter_speed&quot;:&quot;0&quot;,&quot;title&quot;:&quot;&quot;,&quot;orientation&quot;:&quot;0&quot;}\" data-image-title=\"20160105073527\" data-image-description=\"\" data-image-caption=\"\" data-large-file=\"https:\/\/www.satokangas.fi\/blogi\/wp-content\/uploads\/2016\/01\/20160105073527-576x1024.jpg\" class=\"alignleft wp-image-27294\" src=\"https:\/\/www.satokangas.fi\/blogi\/wp-content\/uploads\/2016\/01\/20160105073527-169x300.jpg\" alt=\"20160105073527\" width=\"103\" height=\"184\" srcset=\"https:\/\/www.satokangas.fi\/blogi\/wp-content\/uploads\/2016\/01\/20160105073527-169x300.jpg 169w, https:\/\/www.satokangas.fi\/blogi\/wp-content\/uploads\/2016\/01\/20160105073527-225x400.jpg 225w, https:\/\/www.satokangas.fi\/blogi\/wp-content\/uploads\/2016\/01\/20160105073527-768x1365.jpg 768w, https:\/\/www.satokangas.fi\/blogi\/wp-content\/uploads\/2016\/01\/20160105073527-576x1024.jpg 576w, https:\/\/www.satokangas.fi\/blogi\/wp-content\/uploads\/2016\/01\/20160105073527.jpg 900w\" sizes=\"auto, (max-width: 103px) 100vw, 103px\" \/><\/a>P\u00e4iv\u00e4n pakkasesta (mittarissa aamukahdeksan lukema) huolimatta otin mukaani Tomafoin ja kameran sek\u00e4 jalustan, ja l\u00e4hdin taas Kaunisp\u00e4\u00e4lle kuvailemaan.<\/p>\n<p>&nbsp;<\/p>\n<p>Tunsinpa itseni j\u00e4lleen kerran\u00a0j\u00e4rin viisaaksi, kun tunturin laella kuvailin tonttua ja itse\u00e4ni!! Vitkalaukaisimen 10 sekunnin varoaika piti k\u00e4ytt\u00e4\u00e4 tarkoin. Kuvahaasten punainen ja jouluinen kuva tulivat otetuksi, ja niit\u00e4 selfieit\u00e4kin.<\/p>\n<p style=\"text-align: center;\"><a href=\"https:\/\/www.satokangas.fi\/blogi\/wp-content\/uploads\/2016\/01\/Tomafoi-4.jpg\" rel=\"attachment wp-att-27299\"><img loading=\"lazy\" decoding=\"async\" data-attachment-id=\"27299\" data-permalink=\"https:\/\/www.satokangas.fi\/blogi\/2016\/01\/jaahyvaiset-dalle-ja-selfiet\/tomafoi-4-2\/\" data-orig-file=\"https:\/\/www.satokangas.fi\/blogi\/wp-content\/uploads\/2016\/01\/Tomafoi-4.jpg\" data-orig-size=\"1600,1127\" data-comments-opened=\"1\" data-image-meta=\"{&quot;aperture&quot;:&quot;3.5&quot;,&quot;credit&quot;:&quot;&quot;,&quot;camera&quot;:&quot;Canon EOS 6D&quot;,&quot;caption&quot;:&quot;&quot;,&quot;created_timestamp&quot;:&quot;1451999993&quot;,&quot;copyright&quot;:&quot;&quot;,&quot;focal_length&quot;:&quot;35&quot;,&quot;iso&quot;:&quot;800&quot;,&quot;shutter_speed&quot;:&quot;0.0015625&quot;,&quot;title&quot;:&quot;&quot;,&quot;orientation&quot;:&quot;0&quot;}\" data-image-title=\"Tomafoi-4\" data-image-description=\"\" data-image-caption=\"\" data-large-file=\"https:\/\/www.satokangas.fi\/blogi\/wp-content\/uploads\/2016\/01\/Tomafoi-4-1454x1024.jpg\" class=\"aligncenter size-medium wp-image-27299\" src=\"https:\/\/www.satokangas.fi\/blogi\/wp-content\/uploads\/2016\/01\/Tomafoi-4-568x400.jpg\" alt=\"Tomafoi-4\" width=\"568\" height=\"400\" srcset=\"https:\/\/www.satokangas.fi\/blogi\/wp-content\/uploads\/2016\/01\/Tomafoi-4-568x400.jpg 568w, https:\/\/www.satokangas.fi\/blogi\/wp-content\/uploads\/2016\/01\/Tomafoi-4-300x211.jpg 300w, https:\/\/www.satokangas.fi\/blogi\/wp-content\/uploads\/2016\/01\/Tomafoi-4-768x541.jpg 768w, https:\/\/www.satokangas.fi\/blogi\/wp-content\/uploads\/2016\/01\/Tomafoi-4-1454x1024.jpg 1454w, https:\/\/www.satokangas.fi\/blogi\/wp-content\/uploads\/2016\/01\/Tomafoi-4.jpg 1600w\" sizes=\"auto, (max-width: 568px) 100vw, 568px\" \/><\/a><\/p>\n<p>Kameran, objektiivien ja jalustan ja tontun kanssa vanhan palovartijan m\u00f6kin\/&#8221;Yl\u00e4majan&#8221; kahvilan portailla ja ikkunanpielien tienoilla touhutessani k\u00e4vi yksi jos toinenkin turistipariskunta kyselem\u00e4ss\u00e4, josko ottaisin heist\u00e4 heid\u00e4n kamerallaan kuvia. Ainakin japanilainen, ven\u00e4l\u00e4inen, ja espanjalainen (espanjankielinen) nuoripari tuli kuvatuksi. Ja Tomafoi p\u00e4\u00e4si jonkun tuntemattoman ensi vuoden joulukorttikuvaan.<\/p>\n<p style=\"text-align: center;\"><a href=\"https:\/\/www.satokangas.fi\/blogi\/wp-content\/uploads\/2016\/01\/Omakuva-4.jpg\" rel=\"attachment wp-att-27296\"><img loading=\"lazy\" decoding=\"async\" data-attachment-id=\"27296\" data-permalink=\"https:\/\/www.satokangas.fi\/blogi\/2016\/01\/jaahyvaiset-dalle-ja-selfiet\/omakuva-4\/\" data-orig-file=\"https:\/\/www.satokangas.fi\/blogi\/wp-content\/uploads\/2016\/01\/Omakuva-4.jpg\" data-orig-size=\"1067,1600\" data-comments-opened=\"1\" data-image-meta=\"{&quot;aperture&quot;:&quot;3.5&quot;,&quot;credit&quot;:&quot;&quot;,&quot;camera&quot;:&quot;Canon EOS 6D&quot;,&quot;caption&quot;:&quot;&quot;,&quot;created_timestamp&quot;:&quot;1452000217&quot;,&quot;copyright&quot;:&quot;&quot;,&quot;focal_length&quot;:&quot;35&quot;,&quot;iso&quot;:&quot;800&quot;,&quot;shutter_speed&quot;:&quot;0.002&quot;,&quot;title&quot;:&quot;&quot;,&quot;orientation&quot;:&quot;0&quot;}\" data-image-title=\"Omakuva-4\" data-image-description=\"\" data-image-caption=\"\" data-large-file=\"https:\/\/www.satokangas.fi\/blogi\/wp-content\/uploads\/2016\/01\/Omakuva-4-683x1024.jpg\" class=\"aligncenter size-medium wp-image-27296\" src=\"https:\/\/www.satokangas.fi\/blogi\/wp-content\/uploads\/2016\/01\/Omakuva-4-267x400.jpg\" alt=\"Omakuva-4\" width=\"267\" height=\"400\" srcset=\"https:\/\/www.satokangas.fi\/blogi\/wp-content\/uploads\/2016\/01\/Omakuva-4-267x400.jpg 267w, https:\/\/www.satokangas.fi\/blogi\/wp-content\/uploads\/2016\/01\/Omakuva-4-200x300.jpg 200w, https:\/\/www.satokangas.fi\/blogi\/wp-content\/uploads\/2016\/01\/Omakuva-4-768x1152.jpg 768w, https:\/\/www.satokangas.fi\/blogi\/wp-content\/uploads\/2016\/01\/Omakuva-4-683x1024.jpg 683w, https:\/\/www.satokangas.fi\/blogi\/wp-content\/uploads\/2016\/01\/Omakuva-4.jpg 1067w\" sizes=\"auto, (max-width: 267px) 100vw, 267px\" \/><\/a><\/p>\n<p style=\"text-align: center;\"><a href=\"https:\/\/www.satokangas.fi\/blogi\/wp-content\/uploads\/2016\/01\/Omakuva-2.jpg\" rel=\"attachment wp-att-27295\"><img loading=\"lazy\" decoding=\"async\" data-attachment-id=\"27295\" data-permalink=\"https:\/\/www.satokangas.fi\/blogi\/2016\/01\/jaahyvaiset-dalle-ja-selfiet\/omakuva-2-2\/\" data-orig-file=\"https:\/\/www.satokangas.fi\/blogi\/wp-content\/uploads\/2016\/01\/Omakuva-2.jpg\" data-orig-size=\"1300,1600\" data-comments-opened=\"1\" data-image-meta=\"{&quot;aperture&quot;:&quot;3.2&quot;,&quot;credit&quot;:&quot;&quot;,&quot;camera&quot;:&quot;Canon EOS 6D&quot;,&quot;caption&quot;:&quot;&quot;,&quot;created_timestamp&quot;:&quot;1451998776&quot;,&quot;copyright&quot;:&quot;&quot;,&quot;focal_length&quot;:&quot;35&quot;,&quot;iso&quot;:&quot;640&quot;,&quot;shutter_speed&quot;:&quot;0.0015625&quot;,&quot;title&quot;:&quot;&quot;,&quot;orientation&quot;:&quot;0&quot;}\" data-image-title=\"Omakuva-2\" data-image-description=\"\" data-image-caption=\"\" data-large-file=\"https:\/\/www.satokangas.fi\/blogi\/wp-content\/uploads\/2016\/01\/Omakuva-2-832x1024.jpg\" class=\"aligncenter size-medium wp-image-27295\" src=\"https:\/\/www.satokangas.fi\/blogi\/wp-content\/uploads\/2016\/01\/Omakuva-2-325x400.jpg\" alt=\"Omakuva-2\" width=\"325\" height=\"400\" srcset=\"https:\/\/www.satokangas.fi\/blogi\/wp-content\/uploads\/2016\/01\/Omakuva-2-325x400.jpg 325w, https:\/\/www.satokangas.fi\/blogi\/wp-content\/uploads\/2016\/01\/Omakuva-2-244x300.jpg 244w, https:\/\/www.satokangas.fi\/blogi\/wp-content\/uploads\/2016\/01\/Omakuva-2-768x945.jpg 768w, https:\/\/www.satokangas.fi\/blogi\/wp-content\/uploads\/2016\/01\/Omakuva-2-832x1024.jpg 832w, https:\/\/www.satokangas.fi\/blogi\/wp-content\/uploads\/2016\/01\/Omakuva-2.jpg 1300w\" sizes=\"auto, (max-width: 325px) 100vw, 325px\" \/><\/a><\/p>\n<p>Ja aina heti kuvan ottamisen j\u00e4lkeen pipo takaisin p\u00e4\u00e4h\u00e4n ja toppaliivi ylle.\u00a0Kaunista, ja kylm\u00e4\u00e4, on siis t\u00e4n\u00e4\u00e4nkin ollut. Sellaisena jatkunee. Noh, m\u00f6kiss\u00e4 on l\u00e4mmin ja pariksi pirttip\u00e4iv\u00e4ksi riitt\u00e4\u00e4 kyll\u00e4 puuhaa.<\/p>\n<p style=\"text-align: center;\"><a href=\"https:\/\/www.satokangas.fi\/blogi\/wp-content\/uploads\/2016\/01\/Sieppaa.jpg\" rel=\"attachment wp-att-27300\"><img loading=\"lazy\" decoding=\"async\" data-attachment-id=\"27300\" data-permalink=\"https:\/\/www.satokangas.fi\/blogi\/2016\/01\/jaahyvaiset-dalle-ja-selfiet\/sieppaa-14\/\" data-orig-file=\"https:\/\/www.satokangas.fi\/blogi\/wp-content\/uploads\/2016\/01\/Sieppaa.jpg\" data-orig-size=\"579,275\" data-comments-opened=\"1\" data-image-meta=\"{&quot;aperture&quot;:&quot;0&quot;,&quot;credit&quot;:&quot;Reija&quot;,&quot;camera&quot;:&quot;&quot;,&quot;caption&quot;:&quot;&quot;,&quot;created_timestamp&quot;:&quot;1452019958&quot;,&quot;copyright&quot;:&quot;&quot;,&quot;focal_length&quot;:&quot;0&quot;,&quot;iso&quot;:&quot;0&quot;,&quot;shutter_speed&quot;:&quot;0&quot;,&quot;title&quot;:&quot;&quot;,&quot;orientation&quot;:&quot;0&quot;}\" data-image-title=\"Sieppaa\" data-image-description=\"\" data-image-caption=\"\" data-large-file=\"https:\/\/www.satokangas.fi\/blogi\/wp-content\/uploads\/2016\/01\/Sieppaa.jpg\" class=\"aligncenter wp-image-27300\" src=\"https:\/\/www.satokangas.fi\/blogi\/wp-content\/uploads\/2016\/01\/Sieppaa.jpg\" alt=\"Sieppaa\" width=\"501\" height=\"238\" srcset=\"https:\/\/www.satokangas.fi\/blogi\/wp-content\/uploads\/2016\/01\/Sieppaa.jpg 579w, https:\/\/www.satokangas.fi\/blogi\/wp-content\/uploads\/2016\/01\/Sieppaa-300x142.jpg 300w\" sizes=\"auto, (max-width: 501px) 100vw, 501px\" \/><\/a><\/p>\n<p>&nbsp;<\/p>\n","protected":false},"excerpt":{"rendered":"<p>T\u00e4n\u00e4\u00e4n on Downton Abbeyn \u00a0viimeinen jakso. \u00a0Se on yksi niist\u00e4 televisiosarjoista, jotka ovat olleet el\u00e4m\u00e4ss\u00e4ni t\u00e4rkeit\u00e4 &#8230; No, viime vuosina en ole paljon muita sarjoja katsonutkaan, enk\u00e4 telkkaria juuri ollenkaan. On illat menneet enemm\u00e4n netin ja kirjojen maailmassa. Ja valokuvien. Ja t\u00f6iden. Mutta on niit\u00e4 ollut monia mieleenj\u00e4\u00e4neit\u00e4, kaikki jaksot ja tuotantokaudet katsottuja, sarjoja: Batman, Me Tammelat, The Monkies, High &hellip; <\/p>\n","protected":false},"author":1,"featured_media":0,"comment_status":"open","ping_status":"open","sticky":false,"template":"","format":"standard","meta":{"jetpack_post_was_ever_published":false,"_jetpack_newsletter_access":"","_jetpack_dont_email_post_to_subs":false,"_jetpack_newsletter_tier_id":0,"_jetpack_memberships_contains_paywalled_content":false,"_jetpack_memberships_contains_paid_content":false,"footnotes":"","jetpack_publicize_message":"","jetpack_publicize_feature_enabled":true,"jetpack_social_post_already_shared":true,"jetpack_social_options":{"image_generator_settings":{"template":"highway","default_image_id":0,"font":"","enabled":false},"version":2}},"categories":[15,1,37],"tags":[],"class_list":["post-27292","post","type-post","status-publish","format-standard","hentry","category-lappi","category-aiheeton","category-valokuvaus","latest_post"],"jetpack_publicize_connections":[],"jetpack_featured_media_url":"","jetpack_shortlink":"https:\/\/wp.me\/pr4p4-76c","jetpack_sharing_enabled":true,"jetpack_likes_enabled":false,"jetpack-related-posts":[{"id":37671,"url":"https:\/\/www.satokangas.fi\/blogi\/2019\/11\/brittilaisessa-maailmassa\/","url_meta":{"origin":27292,"position":0},"title":"Brittil\u00e4isess\u00e4 maailmassa","author":"Reija","date":"26.11.2019","format":false,"excerpt":"T\u00e4llaisina r\u00e4nt\u00e4sateisina p\u00e4ivin\u00e4 ei aktiviteetti ole kovin kummoinen. Illan iloksi katsoimme taas yhden\u00a0 jakson The Crown -sarjan kolmannesta tuotantokaudesta. Nyt kun brittihovi - taas, viel\u00e4 - kuohuu, on mielenkiintoista katsella taustoja. Olkoonkin ett\u00e4 sarja ei ole dokumentti, mutta kyll\u00e4 senkin kautta brittimonarkian ja kuningas(kuningatar ;) )huoneen mielenmaisemasta ja mentaliteetista paljon\u2026","rel":"","context":"Kategoriassa &quot;Luettua&quot;","block_context":{"text":"Luettua","link":"https:\/\/www.satokangas.fi\/blogi\/category\/luettua\/"},"img":{"alt_text":"","src":"https:\/\/i0.wp.com\/www.satokangas.fi\/blogi\/wp-content\/uploads\/2019\/11\/11.jpg?resize=350%2C200&ssl=1","width":350,"height":200,"srcset":"https:\/\/i0.wp.com\/www.satokangas.fi\/blogi\/wp-content\/uploads\/2019\/11\/11.jpg?resize=350%2C200&ssl=1 1x, https:\/\/i0.wp.com\/www.satokangas.fi\/blogi\/wp-content\/uploads\/2019\/11\/11.jpg?resize=525%2C300&ssl=1 1.5x, https:\/\/i0.wp.com\/www.satokangas.fi\/blogi\/wp-content\/uploads\/2019\/11\/11.jpg?resize=700%2C400&ssl=1 2x, https:\/\/i0.wp.com\/www.satokangas.fi\/blogi\/wp-content\/uploads\/2019\/11\/11.jpg?resize=1050%2C600&ssl=1 3x, https:\/\/i0.wp.com\/www.satokangas.fi\/blogi\/wp-content\/uploads\/2019\/11\/11.jpg?resize=1400%2C800&ssl=1 4x"},"classes":[]},{"id":1031,"url":"https:\/\/www.satokangas.fi\/blogi\/2008\/10\/telkkari-mafia-ja-mina\/","url_meta":{"origin":27292,"position":1},"title":"Telkkari, mafia ja min\u00e4","author":"Reija","date":"7.10.2008","format":false,"excerpt":"Kysymys kuuluu: Uskallanko katsoa Kummiset\u00e4-trilogian? Tosiasia on nimitt\u00e4in se, ett\u00e4 nykyisin en pysty\/halua katsoa telkkarista tai elokuvissa mit\u00e4\u00e4n v\u00e4kivaltaista. Kummiset\u00e4 ykk\u00f6sen (1972) olen n\u00e4hnyt suunnilleen sen ilmestytty\u00e4, siis kohtuullisen pentuna viel\u00e4. Kolmosta en ole n\u00e4hnyt koskaan. Kakkosta en ainakaan muista. Miksi nyt sitten pit\u00e4isi katsoa? Ennen Sisilian matkaa haluaisin ne\u2026","rel":"","context":"Kategoriassa &quot;Niit\u00e4 n\u00e4it\u00e4&quot;","block_context":{"text":"Niit\u00e4 n\u00e4it\u00e4","link":"https:\/\/www.satokangas.fi\/blogi\/category\/aiheeton\/"},"img":{"alt_text":"","src":"","width":0,"height":0},"classes":[]},{"id":49309,"url":"https:\/\/www.satokangas.fi\/blogi\/2024\/05\/elokuvissa-ja-telkkarin-aaressa\/","url_meta":{"origin":27292,"position":2},"title":"Elokuvissa ja telkkarin \u00e4\u00e4ress\u00e4","author":"Reija","date":"6.5.2024","format":false,"excerpt":"Palasin juuri elokuvista:\u00a0Tie syd\u00e4meen...\u00a0 Sisareni siit\u00e4 hoksautti t\u00e4ss\u00e4 joku aika sitten, kun Cannesissa oli palkittu parhaasta ohjauksesta. T\u00e4n\u00e4\u00e4n sitten mentiin kimpassa katsomaan, ja kyll\u00e4 oli ansaittu palkitseminen. Meist\u00e4 my\u00f6s \u00e4\u00e4nisuunnittelija, tai se joka elokuvan \u00e4\u00e4nimaailmasta vastaa ja ehk\u00e4 sen luokin, oli tehnyt erinomaista ty\u00f6t\u00e4. My\u00f6s hiljaisuutta oli k\u00e4ytetty hyvin. Ranskalaisen\u2026","rel":"","context":"Kategoriassa &quot;Niit\u00e4 n\u00e4it\u00e4&quot;","block_context":{"text":"Niit\u00e4 n\u00e4it\u00e4","link":"https:\/\/www.satokangas.fi\/blogi\/category\/aiheeton\/"},"img":{"alt_text":"","src":"https:\/\/i0.wp.com\/www.satokangas.fi\/blogi\/wp-content\/uploads\/2024\/05\/LaPromesa.jpg?resize=350%2C200&ssl=1","width":350,"height":200,"srcset":"https:\/\/i0.wp.com\/www.satokangas.fi\/blogi\/wp-content\/uploads\/2024\/05\/LaPromesa.jpg?resize=350%2C200&ssl=1 1x, https:\/\/i0.wp.com\/www.satokangas.fi\/blogi\/wp-content\/uploads\/2024\/05\/LaPromesa.jpg?resize=525%2C300&ssl=1 1.5x"},"classes":[]},{"id":42846,"url":"https:\/\/www.satokangas.fi\/blogi\/2022\/05\/aika-elokuvalle-hyvalle-elokuvalle\/","url_meta":{"origin":27292,"position":3},"title":"Aika elokuvalle, hyv\u00e4lle elokuvalle","author":"Reija","date":"11.5.2022","format":false,"excerpt":"Nyt viel\u00e4 leijun menneess\u00e4 maailmassa: k\u00e4vin katsomassa \"Downton Abbey - Uusi aikakausi\" -leffan. V\u00e4h\u00e4n pelotti, ett\u00e4 k\u00e4yk\u00f6 t\u00e4ss\u00e4kin niinkuin monissa elokuvien vol. 2, 3 ja 4 ... -versioissa? Ett\u00e4 olisiko vaan vanhan l\u00e4mmitt\u00e4mist\u00e4, kertaamista, v\u00e4lj\u00e4ht\u00e4nytt\u00e4, v\u00e4synytt\u00e4, mutta ei. Itse asiassa juonenk\u00e4\u00e4nteit\u00e4 oli aika lailla kahden tunnin elokuvaan, minisarjan verran olisi\u2026","rel":"","context":"Kategoriassa &quot;Niit\u00e4 n\u00e4it\u00e4&quot;","block_context":{"text":"Niit\u00e4 n\u00e4it\u00e4","link":"https:\/\/www.satokangas.fi\/blogi\/category\/aiheeton\/"},"img":{"alt_text":"","src":"https:\/\/i0.wp.com\/www.satokangas.fi\/blogi\/wp-content\/uploads\/2022\/05\/maggie-733x400.jpg?resize=350%2C200&ssl=1","width":350,"height":200,"srcset":"https:\/\/i0.wp.com\/www.satokangas.fi\/blogi\/wp-content\/uploads\/2022\/05\/maggie-733x400.jpg?resize=350%2C200&ssl=1 1x, https:\/\/i0.wp.com\/www.satokangas.fi\/blogi\/wp-content\/uploads\/2022\/05\/maggie-733x400.jpg?resize=525%2C300&ssl=1 1.5x, https:\/\/i0.wp.com\/www.satokangas.fi\/blogi\/wp-content\/uploads\/2022\/05\/maggie-733x400.jpg?resize=700%2C400&ssl=1 2x"},"classes":[]},{"id":38311,"url":"https:\/\/www.satokangas.fi\/blogi\/2020\/03\/omissa-maailmoissa-koko-paivan\/","url_meta":{"origin":27292,"position":4},"title":"Omissa maailmoissa koko p\u00e4iv\u00e4n&#8230;","author":"Reija","date":"9.3.2020","format":false,"excerpt":"Kyll\u00e4p\u00e4 olen el\u00e4nyt menneess\u00e4 maailmassa t\u00e4n\u00e4\u00e4n. Maailman \u00e4\u00e4riss\u00e4 ja Alppien rinteill\u00e4. Yliopistolla sek\u00e4 tenttiin lukemassa ett\u00e4 luentoa valmistelemassa. Olen n\u00e4et puuhaillut pitk\u00e4st\u00e4 aikaa Power point -esityst\u00e4 tehden (huomenna minulla on hyvin pienimuotoinen \"koulutusteht\u00e4v\u00e4\") ja sitten olen kolunnut vanhoja kuva-arkistoja. Miettinyt maailman menoa, miettinyt paljon. Ajatuksissa reissut, Italia tietysti ... t\u00e4m\u00e4n\u2026","rel":"","context":"Kategoriassa &quot;Niit\u00e4 n\u00e4it\u00e4&quot;","block_context":{"text":"Niit\u00e4 n\u00e4it\u00e4","link":"https:\/\/www.satokangas.fi\/blogi\/category\/aiheeton\/"},"img":{"alt_text":"","src":"https:\/\/i0.wp.com\/www.satokangas.fi\/blogi\/wp-content\/uploads\/2020\/03\/1-7.jpg?resize=350%2C200&ssl=1","width":350,"height":200,"srcset":"https:\/\/i0.wp.com\/www.satokangas.fi\/blogi\/wp-content\/uploads\/2020\/03\/1-7.jpg?resize=350%2C200&ssl=1 1x, https:\/\/i0.wp.com\/www.satokangas.fi\/blogi\/wp-content\/uploads\/2020\/03\/1-7.jpg?resize=525%2C300&ssl=1 1.5x, https:\/\/i0.wp.com\/www.satokangas.fi\/blogi\/wp-content\/uploads\/2020\/03\/1-7.jpg?resize=700%2C400&ssl=1 2x"},"classes":[]},{"id":51517,"url":"https:\/\/www.satokangas.fi\/blogi\/2024\/12\/lucian-paivana-silmia-etsien\/","url_meta":{"origin":27292,"position":5},"title":"Lucian p\u00e4iv\u00e4n\u00e4 silmi\u00e4 etsien","author":"Reija","date":"13.12.2024","format":false,"excerpt":"Siin\u00e4h\u00e4n se on ilta kulunut. Kimpassa etsittiin kuvaa, jonka me molemmat varmasti muistamme otetuksi: tavoitteena l\u00f6yt\u00e4\u00e4 t\u00e4n\u00e4 Pyh\u00e4 Lucian p\u00e4iv\u00e4n\u00e4 kuva, jonka otin kirkossa\/museossa Andalusian reissulla - vai sittenkin Veronassa? - Kuvassa on naisen k\u00e4si, jonka p\u00e4\u00e4ll\u00e4 tarjottimella on kaksi silm\u00e4\u00e4. Melkein vastenmielinen n\u00e4ky, mutta on legendan kuvitusta, jollaista (keskiaikaisissa\u2026","rel":"","context":"Kategoriassa &quot;Niit\u00e4 n\u00e4it\u00e4&quot;","block_context":{"text":"Niit\u00e4 n\u00e4it\u00e4","link":"https:\/\/www.satokangas.fi\/blogi\/category\/aiheeton\/"},"img":{"alt_text":"","src":"https:\/\/i0.wp.com\/www.satokangas.fi\/blogi\/wp-content\/uploads\/2024\/12\/Saint_Lucy_by_Domenico_di_Pace_Beccafumi.jpg?resize=350%2C200&ssl=1","width":350,"height":200,"srcset":"https:\/\/i0.wp.com\/www.satokangas.fi\/blogi\/wp-content\/uploads\/2024\/12\/Saint_Lucy_by_Domenico_di_Pace_Beccafumi.jpg?resize=350%2C200&ssl=1 1x, https:\/\/i0.wp.com\/www.satokangas.fi\/blogi\/wp-content\/uploads\/2024\/12\/Saint_Lucy_by_Domenico_di_Pace_Beccafumi.jpg?resize=525%2C300&ssl=1 1.5x, https:\/\/i0.wp.com\/www.satokangas.fi\/blogi\/wp-content\/uploads\/2024\/12\/Saint_Lucy_by_Domenico_di_Pace_Beccafumi.jpg?resize=700%2C400&ssl=1 2x"},"classes":[]}],"_links":{"self":[{"href":"https:\/\/www.satokangas.fi\/blogi\/wp-json\/wp\/v2\/posts\/27292","targetHints":{"allow":["GET"]}}],"collection":[{"href":"https:\/\/www.satokangas.fi\/blogi\/wp-json\/wp\/v2\/posts"}],"about":[{"href":"https:\/\/www.satokangas.fi\/blogi\/wp-json\/wp\/v2\/types\/post"}],"author":[{"embeddable":true,"href":"https:\/\/www.satokangas.fi\/blogi\/wp-json\/wp\/v2\/users\/1"}],"replies":[{"embeddable":true,"href":"https:\/\/www.satokangas.fi\/blogi\/wp-json\/wp\/v2\/comments?post=27292"}],"version-history":[{"count":0,"href":"https:\/\/www.satokangas.fi\/blogi\/wp-json\/wp\/v2\/posts\/27292\/revisions"}],"wp:attachment":[{"href":"https:\/\/www.satokangas.fi\/blogi\/wp-json\/wp\/v2\/media?parent=27292"}],"wp:term":[{"taxonomy":"category","embeddable":true,"href":"https:\/\/www.satokangas.fi\/blogi\/wp-json\/wp\/v2\/categories?post=27292"},{"taxonomy":"post_tag","embeddable":true,"href":"https:\/\/www.satokangas.fi\/blogi\/wp-json\/wp\/v2\/tags?post=27292"}],"curies":[{"name":"wp","href":"https:\/\/api.w.org\/{rel}","templated":true}]}}