{"id":27276,"date":"2016-01-04T18:57:49","date_gmt":"2016-01-04T16:57:49","guid":{"rendered":"https:\/\/www.satokangas.fi\/blogi\/?p=27276"},"modified":"2023-03-14T11:10:55","modified_gmt":"2023-03-14T09:10:55","slug":"talvikavelyreitti-saariselan-keskusta-kaunispaan-huippu","status":"publish","type":"post","link":"https:\/\/www.satokangas.fi\/blogi\/2016\/01\/talvikavelyreitti-saariselan-keskusta-kaunispaan-huippu\/","title":{"rendered":"Talvik\u00e4velyreitti Saarisel\u00e4n keskusta &#8211; Kaunisp\u00e4\u00e4n huippu"},"content":{"rendered":"<blockquote>\n<p style=\"text-align: justify;\"><a href=\"http:\/\/saariselka.com\/saariselka\/wp-content\/uploads\/2017\/11\/Talvikavely_Kaunispaa_2017.pdf\" target=\"_blank\" rel=\"noopener\">Talvik\u00e4velyreitti<\/a>-kartta:\u00a0Saarisel\u00e4n matkailukeskus &#8211; Kaunisp\u00e4\u00e4n tunturin huippu<\/p>\n<\/blockquote>\n<p style=\"text-align: justify;\">Reitti l\u00e4htee l\u00e4helt\u00e4 Saarisel\u00e4n Pyh\u00e4n Paavalin kappelia, jonka parkkipaikalle voi j\u00e4tt\u00e4\u00e4 auton tai vaihtoehtoisesti j\u00e4\u00e4d\u00e4 l\u00e4heisell\u00e4 Skibussin pys\u00e4kill\u00e4 pois. Reitin alkuun on lyhyt matka Saarisel\u00e4n keskustan hotelleista.<\/p>\n<p style=\"text-align: justify;\"><img loading=\"lazy\" decoding=\"async\" data-attachment-id=\"33096\" data-permalink=\"https:\/\/www.satokangas.fi\/blogi\/2016\/01\/talvikavelyreitti-saariselan-keskusta-kaunispaan-huippu\/kaunispaa-kaamos-pakkanen-9-15\/\" data-orig-file=\"https:\/\/www.satokangas.fi\/blogi\/wp-content\/uploads\/2016\/01\/Kaunispaa-kaamos-pakkanen-9-15.jpg\" data-orig-size=\"1600,997\" data-comments-opened=\"1\" data-image-meta=\"{&quot;aperture&quot;:&quot;4&quot;,&quot;credit&quot;:&quot;&quot;,&quot;camera&quot;:&quot;Canon EOS 6D&quot;,&quot;caption&quot;:&quot;&quot;,&quot;created_timestamp&quot;:&quot;1451915663&quot;,&quot;copyright&quot;:&quot;&quot;,&quot;focal_length&quot;:&quot;75&quot;,&quot;iso&quot;:&quot;125&quot;,&quot;shutter_speed&quot;:&quot;0.033333333333333&quot;,&quot;title&quot;:&quot;&quot;,&quot;orientation&quot;:&quot;0&quot;}\" data-image-title=\"Kaunispaa kaamos, pakkanen-9 (15)\" data-image-description=\"\" data-image-caption=\"\" data-large-file=\"https:\/\/www.satokangas.fi\/blogi\/wp-content\/uploads\/2016\/01\/Kaunispaa-kaamos-pakkanen-9-15-1600x997.jpg\" class=\"size-medium wp-image-33096 aligncenter\" src=\"https:\/\/www.satokangas.fi\/blogi\/wp-content\/uploads\/2016\/01\/Kaunispaa-kaamos-pakkanen-9-15-642x400.jpg\" alt=\"\" width=\"642\" height=\"400\" srcset=\"https:\/\/www.satokangas.fi\/blogi\/wp-content\/uploads\/2016\/01\/Kaunispaa-kaamos-pakkanen-9-15-642x400.jpg 642w, https:\/\/www.satokangas.fi\/blogi\/wp-content\/uploads\/2016\/01\/Kaunispaa-kaamos-pakkanen-9-15-300x187.jpg 300w, https:\/\/www.satokangas.fi\/blogi\/wp-content\/uploads\/2016\/01\/Kaunispaa-kaamos-pakkanen-9-15-768x479.jpg 768w, https:\/\/www.satokangas.fi\/blogi\/wp-content\/uploads\/2016\/01\/Kaunispaa-kaamos-pakkanen-9-15.jpg 1600w\" sizes=\"auto, (max-width: 642px) 100vw, 642px\" \/><\/p>\n<p style=\"text-align: justify;\">Reitti kulkee loivasti nousten Kaunisp\u00e4\u00e4n (438 mpy) etel\u00e4rinnett\u00e4. Alkumatkan tie kulkee l\u00e4pi loma-asutuksen, jonka alkup\u00e4\u00e4ss\u00e4 on paljon rivitalo\/lomaosakkeita, mutta huippua kohti menness\u00e4 rakennusten m\u00e4\u00e4r\u00e4 k\u00e4y v\u00e4h\u00e4isemm\u00e4ksi, ja puurajalla on en\u00e4\u00e4 vain suomalaisten yritysten sek\u00e4 ven\u00e4l\u00e4isten kelolinnoja.<\/p>\n<p style=\"text-align: justify;\"><img loading=\"lazy\" decoding=\"async\" data-attachment-id=\"33101\" data-permalink=\"https:\/\/www.satokangas.fi\/blogi\/2016\/01\/talvikavelyreitti-saariselan-keskusta-kaunispaan-huippu\/kaunispaa-kaamos-pakkanen-9-20\/\" data-orig-file=\"https:\/\/www.satokangas.fi\/blogi\/wp-content\/uploads\/2016\/01\/Kaunispaa-kaamos-pakkanen-9-20.jpg\" data-orig-size=\"1600,1067\" data-comments-opened=\"1\" data-image-meta=\"{&quot;aperture&quot;:&quot;4&quot;,&quot;credit&quot;:&quot;&quot;,&quot;camera&quot;:&quot;Canon EOS 6D&quot;,&quot;caption&quot;:&quot;&quot;,&quot;created_timestamp&quot;:&quot;1451916308&quot;,&quot;copyright&quot;:&quot;&quot;,&quot;focal_length&quot;:&quot;70&quot;,&quot;iso&quot;:&quot;400&quot;,&quot;shutter_speed&quot;:&quot;0.025&quot;,&quot;title&quot;:&quot;&quot;,&quot;orientation&quot;:&quot;0&quot;}\" data-image-title=\"Kaunispaa kaamos, pakkanen-9 (20)\" data-image-description=\"\" data-image-caption=\"\" data-large-file=\"https:\/\/www.satokangas.fi\/blogi\/wp-content\/uploads\/2016\/01\/Kaunispaa-kaamos-pakkanen-9-20-1536x1024.jpg\" class=\"wp-image-33101 aligncenter\" src=\"https:\/\/www.satokangas.fi\/blogi\/wp-content\/uploads\/2016\/01\/Kaunispaa-kaamos-pakkanen-9-20-1536x1024.jpg\" alt=\"\" width=\"1000\" height=\"667\" srcset=\"https:\/\/www.satokangas.fi\/blogi\/wp-content\/uploads\/2016\/01\/Kaunispaa-kaamos-pakkanen-9-20-1536x1024.jpg 1536w, https:\/\/www.satokangas.fi\/blogi\/wp-content\/uploads\/2016\/01\/Kaunispaa-kaamos-pakkanen-9-20-300x200.jpg 300w, https:\/\/www.satokangas.fi\/blogi\/wp-content\/uploads\/2016\/01\/Kaunispaa-kaamos-pakkanen-9-20-600x400.jpg 600w, https:\/\/www.satokangas.fi\/blogi\/wp-content\/uploads\/2016\/01\/Kaunispaa-kaamos-pakkanen-9-20-768x512.jpg 768w, https:\/\/www.satokangas.fi\/blogi\/wp-content\/uploads\/2016\/01\/Kaunispaa-kaamos-pakkanen-9-20.jpg 1600w\" sizes=\"auto, (max-width: 1000px) 100vw, 1000px\" \/><\/p>\n<p style=\"text-align: justify;\">Erityisesti kaamosaikaan voi n\u00e4hd\u00e4 Lapin valon erityislaatuisuuden: sinis\u00e4vyist\u00e4 maisemaa pohjoisessa ja viel\u00e4 nousemattoman auringon huikeaa v\u00e4riloistoa taivaanrannassa etel\u00e4ss\u00e4, &#8211; tuntureiden yl\u00e4puolella. Suoraan etel\u00e4ss\u00e4 n\u00e4kyy Kiilop\u00e4\u00e4n tunturi kun taas l\u00e4nness\u00e4 Nattaset hallitsevat maisemaa.<\/p>\n<p style=\"text-align: justify;\"><img loading=\"lazy\" decoding=\"async\" data-attachment-id=\"33102\" data-permalink=\"https:\/\/www.satokangas.fi\/blogi\/2016\/01\/talvikavelyreitti-saariselan-keskusta-kaunispaan-huippu\/kaunispaa-kaamos-pakkanen-9-21\/\" data-orig-file=\"https:\/\/www.satokangas.fi\/blogi\/wp-content\/uploads\/2016\/01\/Kaunispaa-kaamos-pakkanen-9-21.jpg\" data-orig-size=\"1600,1067\" data-comments-opened=\"1\" data-image-meta=\"{&quot;aperture&quot;:&quot;4&quot;,&quot;credit&quot;:&quot;&quot;,&quot;camera&quot;:&quot;Canon EOS 6D&quot;,&quot;caption&quot;:&quot;&quot;,&quot;created_timestamp&quot;:&quot;1451916381&quot;,&quot;copyright&quot;:&quot;&quot;,&quot;focal_length&quot;:&quot;135&quot;,&quot;iso&quot;:&quot;400&quot;,&quot;shutter_speed&quot;:&quot;0.0125&quot;,&quot;title&quot;:&quot;&quot;,&quot;orientation&quot;:&quot;0&quot;}\" data-image-title=\"Kaunispaa kaamos, pakkanen-9 (21)\" data-image-description=\"\" data-image-caption=\"\" data-large-file=\"https:\/\/www.satokangas.fi\/blogi\/wp-content\/uploads\/2016\/01\/Kaunispaa-kaamos-pakkanen-9-21-1536x1024.jpg\" class=\"wp-image-33102 aligncenter\" src=\"https:\/\/www.satokangas.fi\/blogi\/wp-content\/uploads\/2016\/01\/Kaunispaa-kaamos-pakkanen-9-21-600x400.jpg\" alt=\"\" width=\"1000\" height=\"667\" srcset=\"https:\/\/www.satokangas.fi\/blogi\/wp-content\/uploads\/2016\/01\/Kaunispaa-kaamos-pakkanen-9-21-600x400.jpg 600w, https:\/\/www.satokangas.fi\/blogi\/wp-content\/uploads\/2016\/01\/Kaunispaa-kaamos-pakkanen-9-21-300x200.jpg 300w, https:\/\/www.satokangas.fi\/blogi\/wp-content\/uploads\/2016\/01\/Kaunispaa-kaamos-pakkanen-9-21-768x512.jpg 768w, https:\/\/www.satokangas.fi\/blogi\/wp-content\/uploads\/2016\/01\/Kaunispaa-kaamos-pakkanen-9-21-1536x1024.jpg 1536w, https:\/\/www.satokangas.fi\/blogi\/wp-content\/uploads\/2016\/01\/Kaunispaa-kaamos-pakkanen-9-21.jpg 1600w\" sizes=\"auto, (max-width: 1000px) 100vw, 1000px\" \/><\/p>\n<p style=\"text-align: justify;\"><img loading=\"lazy\" decoding=\"async\" data-attachment-id=\"33103\" data-permalink=\"https:\/\/www.satokangas.fi\/blogi\/2016\/01\/talvikavelyreitti-saariselan-keskusta-kaunispaan-huippu\/kaunispaa-kaamos-pakkanen-9-22\/\" data-orig-file=\"https:\/\/www.satokangas.fi\/blogi\/wp-content\/uploads\/2016\/01\/Kaunispaa-kaamos-pakkanen-9-22-e1516208737340.jpg\" data-orig-size=\"1000,667\" data-comments-opened=\"1\" data-image-meta=\"{&quot;aperture&quot;:&quot;7.1&quot;,&quot;credit&quot;:&quot;&quot;,&quot;camera&quot;:&quot;Canon EOS 6D&quot;,&quot;caption&quot;:&quot;&quot;,&quot;created_timestamp&quot;:&quot;1451916690&quot;,&quot;copyright&quot;:&quot;&quot;,&quot;focal_length&quot;:&quot;81&quot;,&quot;iso&quot;:&quot;640&quot;,&quot;shutter_speed&quot;:&quot;0.02&quot;,&quot;title&quot;:&quot;&quot;,&quot;orientation&quot;:&quot;0&quot;}\" data-image-title=\"Kaunispaa kaamos, pakkanen-9 (22)\" data-image-description=\"\" data-image-caption=\"\" data-large-file=\"https:\/\/www.satokangas.fi\/blogi\/wp-content\/uploads\/2016\/01\/Kaunispaa-kaamos-pakkanen-9-22-1536x1024.jpg\" class=\"wp-image-33103 size-full aligncenter\" src=\"https:\/\/www.satokangas.fi\/blogi\/wp-content\/uploads\/2016\/01\/Kaunispaa-kaamos-pakkanen-9-22-e1516208737340.jpg\" alt=\"\" width=\"1000\" height=\"667\" \/><\/p>\n<p style=\"text-align: justify;\">Kaunisp\u00e4\u00e4n laella on Huippu-niminen kahvila-ravintola, jolla on paistink\u00e4\u00e4nt\u00e4jien kilpi merkkin\u00e4 tasokkaasta ruoasta ja jossa on tarjolla maankuulut, valtavat munkkirinkil\u00e4t. Erityisesti kannattaa kokeilla\u00a0paikallista, luomu-variksemarjamehua, joka tunnetaan my\u00f6s nimell\u00e4 kaarnikka- tai raakkumehu.\u00a0Kahvilan <a href=\"https:\/\/www.satokangas.fi\/blogi\/2012\/03\/kaarnikkakakku-minun-versioni\/\">kaarnikkakakun<\/a> resepti on tarkoin varjeltu, joten sit\u00e4kin suuremmalla syyll\u00e4 sit\u00e4kin kannattaa maistaa.<\/p>\n<p><img loading=\"lazy\" decoding=\"async\" data-attachment-id=\"33104\" data-permalink=\"https:\/\/www.satokangas.fi\/blogi\/2016\/01\/talvikavelyreitti-saariselan-keskusta-kaunispaan-huippu\/kaunispaa-kaamos-pakkanen-9-23\/\" data-orig-file=\"https:\/\/www.satokangas.fi\/blogi\/wp-content\/uploads\/2016\/01\/Kaunispaa-kaamos-pakkanen-9-23-e1516208865149.jpg\" data-orig-size=\"1000,639\" data-comments-opened=\"1\" data-image-meta=\"{&quot;aperture&quot;:&quot;6.3&quot;,&quot;credit&quot;:&quot;&quot;,&quot;camera&quot;:&quot;Canon EOS 6D&quot;,&quot;caption&quot;:&quot;&quot;,&quot;created_timestamp&quot;:&quot;1451916901&quot;,&quot;copyright&quot;:&quot;&quot;,&quot;focal_length&quot;:&quot;135&quot;,&quot;iso&quot;:&quot;640&quot;,&quot;shutter_speed&quot;:&quot;0.066666666666667&quot;,&quot;title&quot;:&quot;&quot;,&quot;orientation&quot;:&quot;0&quot;}\" data-image-title=\"Kaunispaa kaamos, pakkanen-9 (23)\" data-image-description=\"\" data-image-caption=\"\" data-large-file=\"https:\/\/www.satokangas.fi\/blogi\/wp-content\/uploads\/2016\/01\/Kaunispaa-kaamos-pakkanen-9-23-1600x1023.jpg\" class=\"aligncenter wp-image-33104 size-full\" src=\"https:\/\/www.satokangas.fi\/blogi\/wp-content\/uploads\/2016\/01\/Kaunispaa-kaamos-pakkanen-9-23-e1516208865149.jpg\" alt=\"\" width=\"1000\" height=\"639\" \/><\/p>\n<p style=\"text-align: justify;\">Kahvilassa on yleens\u00e4 enimm\u00e4kseen turisteja, mutta my\u00f6s puolipaikallisia voi tavata k\u00e4nnyk\u00f6ineen ihailemassa maisemaa ja r\u00e4psim\u00e4ss\u00e4 kuvia.<\/p>\n<p style=\"text-align: justify;\"><a href=\"https:\/\/www.satokangas.fi\/blogi\/wp-content\/uploads\/2016\/01\/49b3f972-5a11-42dc-b6e2-4399716d0b61.jpg\" rel=\"attachment wp-att-27286\"><img loading=\"lazy\" decoding=\"async\" data-attachment-id=\"27286\" data-permalink=\"https:\/\/www.satokangas.fi\/blogi\/2016\/01\/talvikavelyreitti-saariselan-keskusta-kaunispaan-huippu\/49b3f972-5a11-42dc-b6e2-4399716d0b61\/\" data-orig-file=\"https:\/\/www.satokangas.fi\/blogi\/wp-content\/uploads\/2016\/01\/49b3f972-5a11-42dc-b6e2-4399716d0b61.jpg\" data-orig-size=\"1600,900\" data-comments-opened=\"1\" data-image-meta=\"{&quot;aperture&quot;:&quot;0&quot;,&quot;credit&quot;:&quot;&quot;,&quot;camera&quot;:&quot;&quot;,&quot;caption&quot;:&quot;&quot;,&quot;created_timestamp&quot;:&quot;0&quot;,&quot;copyright&quot;:&quot;&quot;,&quot;focal_length&quot;:&quot;0&quot;,&quot;iso&quot;:&quot;0&quot;,&quot;shutter_speed&quot;:&quot;0&quot;,&quot;title&quot;:&quot;&quot;,&quot;orientation&quot;:&quot;0&quot;}\" data-image-title=\"49b3f972-5a11-42dc-b6e2-4399716d0b61\" data-image-description=\"\" data-image-caption=\"\" data-large-file=\"https:\/\/www.satokangas.fi\/blogi\/wp-content\/uploads\/2016\/01\/49b3f972-5a11-42dc-b6e2-4399716d0b61-1600x900.jpg\" class=\"aligncenter wp-image-27286\" src=\"https:\/\/www.satokangas.fi\/blogi\/wp-content\/uploads\/2016\/01\/49b3f972-5a11-42dc-b6e2-4399716d0b61-600x338.jpg\" alt=\"49b3f972-5a11-42dc-b6e2-4399716d0b61\" width=\"800\" height=\"450\" srcset=\"https:\/\/www.satokangas.fi\/blogi\/wp-content\/uploads\/2016\/01\/49b3f972-5a11-42dc-b6e2-4399716d0b61-600x338.jpg 600w, https:\/\/www.satokangas.fi\/blogi\/wp-content\/uploads\/2016\/01\/49b3f972-5a11-42dc-b6e2-4399716d0b61-300x169.jpg 300w, https:\/\/www.satokangas.fi\/blogi\/wp-content\/uploads\/2016\/01\/49b3f972-5a11-42dc-b6e2-4399716d0b61-768x432.jpg 768w, https:\/\/www.satokangas.fi\/blogi\/wp-content\/uploads\/2016\/01\/49b3f972-5a11-42dc-b6e2-4399716d0b61.jpg 1600w\" sizes=\"auto, (max-width: 800px) 100vw, 800px\" \/><\/a><\/p>\n<p style=\"text-align: justify;\">Kaunisp\u00e4\u00e4n sek\u00e4 sen viereisen Iisakkip\u00e4\u00e4n tunturin huipulle nousee useita hiihtohissej\u00e4. Laskettelurinteit\u00e4 on yhteens\u00e4 14, joista seitsem\u00e4n on valaistuja ja joista kaksi on lasten rinteit\u00e4. Vaikeusasteiltaan rinteet ovat keskitasoisia. \u00a0Hissit toimivat my\u00f6s &#8211; 20 C:n pakkasella.<\/p>\n<p><img loading=\"lazy\" decoding=\"async\" data-attachment-id=\"33105\" data-permalink=\"https:\/\/www.satokangas.fi\/blogi\/2016\/01\/talvikavelyreitti-saariselan-keskusta-kaunispaan-huippu\/kaunispaa-kaamos-pakkanen-9-24\/\" data-orig-file=\"https:\/\/www.satokangas.fi\/blogi\/wp-content\/uploads\/2016\/01\/Kaunispaa-kaamos-pakkanen-9-24-e1516208947137.jpg\" data-orig-size=\"1000,667\" data-comments-opened=\"1\" data-image-meta=\"{&quot;aperture&quot;:&quot;5.6&quot;,&quot;credit&quot;:&quot;&quot;,&quot;camera&quot;:&quot;Canon EOS 6D&quot;,&quot;caption&quot;:&quot;&quot;,&quot;created_timestamp&quot;:&quot;1451917648&quot;,&quot;copyright&quot;:&quot;&quot;,&quot;focal_length&quot;:&quot;160&quot;,&quot;iso&quot;:&quot;640&quot;,&quot;shutter_speed&quot;:&quot;0.033333333333333&quot;,&quot;title&quot;:&quot;&quot;,&quot;orientation&quot;:&quot;0&quot;}\" data-image-title=\"Kaunispaa kaamos, pakkanen-9 (24)\" data-image-description=\"\" data-image-caption=\"\" data-large-file=\"https:\/\/www.satokangas.fi\/blogi\/wp-content\/uploads\/2016\/01\/Kaunispaa-kaamos-pakkanen-9-24-1536x1024.jpg\" class=\"aligncenter wp-image-33105\" src=\"https:\/\/www.satokangas.fi\/blogi\/wp-content\/uploads\/2016\/01\/Kaunispaa-kaamos-pakkanen-9-24-600x400.jpg\" alt=\"\" width=\"1000\" height=\"667\" \/><\/p>\n<p style=\"text-align: justify;\">Erikseen on mainittava alueen latuverkosta, joka k\u00e4sitt\u00e4\u00e4 huollettuja\u00a0latukilometrej\u00e4\u00a0yhteens\u00e4 yli 200, joista valaistuja on 34 km.<\/p>\n<p style=\"text-align: justify;\">Kaunisp\u00e4\u00e4n huipulta palataan joko k\u00e4vellen autotiet\u00e4 tai laskeutuen takaisin\u00a0em. k\u00e4velyreitti\u00e4. Sen alku kulkee\u00a0maailman pisimm\u00e4n pulkkam\u00e4en reunamia ja nousemattoman auringonlasku iltap\u00e4iv\u00e4ll\u00e4 huikaisee kauneudellaan sen monta kertaa ennenkin n\u00e4hneen.<\/p>\n<p style=\"text-align: justify;\"><img loading=\"lazy\" decoding=\"async\" data-attachment-id=\"33095\" data-permalink=\"https:\/\/www.satokangas.fi\/blogi\/2016\/01\/talvikavelyreitti-saariselan-keskusta-kaunispaan-huippu\/kaunispaa-kaamos-pakkanen-9-14\/\" data-orig-file=\"https:\/\/www.satokangas.fi\/blogi\/wp-content\/uploads\/2016\/01\/Kaunispaa-kaamos-pakkanen-9-14.jpg\" data-orig-size=\"1600,1067\" data-comments-opened=\"1\" data-image-meta=\"{&quot;aperture&quot;:&quot;5.6&quot;,&quot;credit&quot;:&quot;&quot;,&quot;camera&quot;:&quot;Canon EOS 6D&quot;,&quot;caption&quot;:&quot;&quot;,&quot;created_timestamp&quot;:&quot;1451918724&quot;,&quot;copyright&quot;:&quot;&quot;,&quot;focal_length&quot;:&quot;200&quot;,&quot;iso&quot;:&quot;640&quot;,&quot;shutter_speed&quot;:&quot;0.02&quot;,&quot;title&quot;:&quot;&quot;,&quot;orientation&quot;:&quot;0&quot;}\" data-image-title=\"Kaunispaa kaamos, pakkanen-9 (14)\" data-image-description=\"\" data-image-caption=\"\" data-large-file=\"https:\/\/www.satokangas.fi\/blogi\/wp-content\/uploads\/2016\/01\/Kaunispaa-kaamos-pakkanen-9-14-1536x1024.jpg\" class=\"wp-image-33095 aligncenter\" src=\"https:\/\/www.satokangas.fi\/blogi\/wp-content\/uploads\/2016\/01\/Kaunispaa-kaamos-pakkanen-9-14-1536x1024.jpg\" alt=\"\" width=\"1000\" height=\"667\" srcset=\"https:\/\/www.satokangas.fi\/blogi\/wp-content\/uploads\/2016\/01\/Kaunispaa-kaamos-pakkanen-9-14-1536x1024.jpg 1536w, https:\/\/www.satokangas.fi\/blogi\/wp-content\/uploads\/2016\/01\/Kaunispaa-kaamos-pakkanen-9-14-300x200.jpg 300w, https:\/\/www.satokangas.fi\/blogi\/wp-content\/uploads\/2016\/01\/Kaunispaa-kaamos-pakkanen-9-14-600x400.jpg 600w, https:\/\/www.satokangas.fi\/blogi\/wp-content\/uploads\/2016\/01\/Kaunispaa-kaamos-pakkanen-9-14-768x512.jpg 768w, https:\/\/www.satokangas.fi\/blogi\/wp-content\/uploads\/2016\/01\/Kaunispaa-kaamos-pakkanen-9-14.jpg 1600w\" sizes=\"auto, (max-width: 1000px) 100vw, 1000px\" \/><\/p>\n<p style=\"text-align: justify;\"><img loading=\"lazy\" decoding=\"async\" data-attachment-id=\"33106\" data-permalink=\"https:\/\/www.satokangas.fi\/blogi\/2016\/01\/talvikavelyreitti-saariselan-keskusta-kaunispaan-huippu\/kaunispaa-kaamos-pakkanen-9-25\/\" data-orig-file=\"https:\/\/www.satokangas.fi\/blogi\/wp-content\/uploads\/2016\/01\/Kaunispaa-kaamos-pakkanen-9-25.jpg\" data-orig-size=\"1600,1067\" data-comments-opened=\"1\" data-image-meta=\"{&quot;aperture&quot;:&quot;11&quot;,&quot;credit&quot;:&quot;&quot;,&quot;camera&quot;:&quot;Canon EOS 6D&quot;,&quot;caption&quot;:&quot;&quot;,&quot;created_timestamp&quot;:&quot;1451918241&quot;,&quot;copyright&quot;:&quot;&quot;,&quot;focal_length&quot;:&quot;135&quot;,&quot;iso&quot;:&quot;640&quot;,&quot;shutter_speed&quot;:&quot;0.1&quot;,&quot;title&quot;:&quot;&quot;,&quot;orientation&quot;:&quot;0&quot;}\" data-image-title=\"Kaunispaa kaamos, pakkanen-9 (25)\" data-image-description=\"\" data-image-caption=\"\" data-large-file=\"https:\/\/www.satokangas.fi\/blogi\/wp-content\/uploads\/2016\/01\/Kaunispaa-kaamos-pakkanen-9-25-1536x1024.jpg\" class=\"aligncenter wp-image-33106\" src=\"https:\/\/www.satokangas.fi\/blogi\/wp-content\/uploads\/2016\/01\/Kaunispaa-kaamos-pakkanen-9-25-600x400.jpg\" alt=\"\" width=\"1000\" height=\"667\" srcset=\"https:\/\/www.satokangas.fi\/blogi\/wp-content\/uploads\/2016\/01\/Kaunispaa-kaamos-pakkanen-9-25-600x400.jpg 600w, https:\/\/www.satokangas.fi\/blogi\/wp-content\/uploads\/2016\/01\/Kaunispaa-kaamos-pakkanen-9-25-300x200.jpg 300w, https:\/\/www.satokangas.fi\/blogi\/wp-content\/uploads\/2016\/01\/Kaunispaa-kaamos-pakkanen-9-25-768x512.jpg 768w, https:\/\/www.satokangas.fi\/blogi\/wp-content\/uploads\/2016\/01\/Kaunispaa-kaamos-pakkanen-9-25-1536x1024.jpg 1536w, https:\/\/www.satokangas.fi\/blogi\/wp-content\/uploads\/2016\/01\/Kaunispaa-kaamos-pakkanen-9-25.jpg 1600w\" sizes=\"auto, (max-width: 1000px) 100vw, 1000px\" \/><\/p>\n<p style=\"text-align: justify;\">\u00a0~~~~~~~~~~~~~~~~~~~~<\/p>\n<p style=\"text-align: justify;\">Tuommoisen matkaopastekstin keksin\u00a0t\u00e4n\u00e4\u00e4n. Kaamos on t\u00e4n\u00e4\u00e4n ollut kylm\u00e4, mutta kaunis.<\/p>\n<p style=\"text-align: justify;\">\n","protected":false},"excerpt":{"rendered":"<p>Talvik\u00e4velyreitti-kartta:\u00a0Saarisel\u00e4n matkailukeskus &#8211; Kaunisp\u00e4\u00e4n tunturin huippu Reitti l\u00e4htee l\u00e4helt\u00e4 Saarisel\u00e4n Pyh\u00e4n Paavalin kappelia, jonka parkkipaikalle voi j\u00e4tt\u00e4\u00e4 auton tai vaihtoehtoisesti j\u00e4\u00e4d\u00e4 l\u00e4heisell\u00e4 Skibussin pys\u00e4kill\u00e4 pois. Reitin alkuun on lyhyt matka Saarisel\u00e4n keskustan hotelleista. Reitti kulkee loivasti nousten Kaunisp\u00e4\u00e4n (438 mpy) etel\u00e4rinnett\u00e4. Alkumatkan tie kulkee l\u00e4pi loma-asutuksen, jonka alkup\u00e4\u00e4ss\u00e4 on paljon rivitalo\/lomaosakkeita, mutta huippua kohti menness\u00e4 rakennusten m\u00e4\u00e4r\u00e4 k\u00e4y v\u00e4h\u00e4isemm\u00e4ksi, ja &hellip; <\/p>\n","protected":false},"author":1,"featured_media":33094,"comment_status":"open","ping_status":"open","sticky":false,"template":"","format":"standard","meta":{"jetpack_post_was_ever_published":false,"_jetpack_newsletter_access":"","_jetpack_dont_email_post_to_subs":false,"_jetpack_newsletter_tier_id":0,"_jetpack_memberships_contains_paywalled_content":false,"_jetpack_memberships_contains_paid_content":false,"footnotes":"","jetpack_publicize_message":"","jetpack_publicize_feature_enabled":true,"jetpack_social_post_already_shared":true,"jetpack_social_options":{"image_generator_settings":{"template":"highway","default_image_id":0,"font":"","enabled":false},"version":2}},"categories":[15,1],"tags":[],"class_list":["post-27276","post","type-post","status-publish","format-standard","has-post-thumbnail","hentry","category-lappi","category-aiheeton","latest_post"],"jetpack_publicize_connections":[],"jetpack_featured_media_url":"https:\/\/www.satokangas.fi\/blogi\/wp-content\/uploads\/2016\/01\/Kaunispaa-kaamos-pakkanen-9-13.jpg","jetpack_shortlink":"https:\/\/wp.me\/pr4p4-75W","jetpack_sharing_enabled":true,"jetpack_likes_enabled":false,"jetpack-related-posts":[{"id":43057,"url":"https:\/\/www.satokangas.fi\/blogi\/2022\/06\/taas-tunturiin-maastopyoralla\/","url_meta":{"origin":27276,"position":0},"title":"Taas tunturiin maastopy\u00f6r\u00e4ll\u00e4!","author":"Reija","date":"7.6.2022","format":false,"excerpt":"Hangasojan varrella, kuten muuallakin n\u00e4ill\u00e4 leveysasteilla, on jo y\u00f6t\u00f6n y\u00f6; aurinko ei en\u00e4\u00e4 laske horisontin alapuolelle. Ja silti tuntuu, ett\u00e4 olen pari viime y\u00f6t\u00e4 nukkunut paremmin kuin aiemmin koko t\u00e4n\u00e4 vuonna. Levollisia, pitki\u00e4 unia - ihan aamuun asti. Ja kuinka ollakkaan, meh\u00e4n ajelimme\u00a0 - taas :D - kylille ja Siulan\u2026","rel":"","context":"Kategoriassa &quot;Lappi&quot;","block_context":{"text":"Lappi","link":"https:\/\/www.satokangas.fi\/blogi\/category\/lappi\/"},"img":{"alt_text":"","src":"https:\/\/i0.wp.com\/www.satokangas.fi\/blogi\/wp-content\/uploads\/2022\/06\/eMTB_Saariselka-6.jpg?resize=350%2C200&ssl=1","width":350,"height":200,"srcset":"https:\/\/i0.wp.com\/www.satokangas.fi\/blogi\/wp-content\/uploads\/2022\/06\/eMTB_Saariselka-6.jpg?resize=350%2C200&ssl=1 1x, https:\/\/i0.wp.com\/www.satokangas.fi\/blogi\/wp-content\/uploads\/2022\/06\/eMTB_Saariselka-6.jpg?resize=525%2C300&ssl=1 1.5x, https:\/\/i0.wp.com\/www.satokangas.fi\/blogi\/wp-content\/uploads\/2022\/06\/eMTB_Saariselka-6.jpg?resize=700%2C400&ssl=1 2x"},"classes":[]},{"id":33485,"url":"https:\/\/www.satokangas.fi\/blogi\/2018\/03\/liikkumisen-iloa-ja-valoa\/","url_meta":{"origin":27276,"position":1},"title":"Liikkumisen iloa ja valoa!","author":"Reija","date":"7.3.2018","format":false,"excerpt":"Aamulla enn\u00e4tyspakkanen t\u00e4lle lomaviikolle: - 31 C n\u00e4ytti m\u00f6kkiterassin mittari aamuyhdeks\u00e4lt\u00e4. Siisp\u00e4 ei kiirett\u00e4 ulkoilemaan. Pelasimme, luimme, kudoimme, katsoimme telkkaria, kuuntelimme Y\u00f6lintua (pappa opettanut Apsulle moisen), surffailimme ja chattailimme. Aamup\u00e4iv\u00e4n lopulla pienen tovin puhaltelimme Apsun kanssa ulkona saippuakuplia ja k\u00e4vimme purolla heittelem\u00e4ss\u00e4 lumipaukkuja puroon, - miksih\u00e4n sellainen on niin mukavaa?\u2026","rel":"","context":"Kategoriassa &quot;Lappi&quot;","block_context":{"text":"Lappi","link":"https:\/\/www.satokangas.fi\/blogi\/category\/lappi\/"},"img":{"alt_text":"","src":"https:\/\/i0.wp.com\/www.satokangas.fi\/blogi\/wp-content\/uploads\/2018\/03\/Koilliskairassa-aurinkoa-23.jpg?resize=350%2C200&ssl=1","width":350,"height":200,"srcset":"https:\/\/i0.wp.com\/www.satokangas.fi\/blogi\/wp-content\/uploads\/2018\/03\/Koilliskairassa-aurinkoa-23.jpg?resize=350%2C200&ssl=1 1x, https:\/\/i0.wp.com\/www.satokangas.fi\/blogi\/wp-content\/uploads\/2018\/03\/Koilliskairassa-aurinkoa-23.jpg?resize=525%2C300&ssl=1 1.5x, https:\/\/i0.wp.com\/www.satokangas.fi\/blogi\/wp-content\/uploads\/2018\/03\/Koilliskairassa-aurinkoa-23.jpg?resize=700%2C400&ssl=1 2x"},"classes":[]},{"id":32409,"url":"https:\/\/www.satokangas.fi\/blogi\/2017\/10\/32409\/","url_meta":{"origin":27276,"position":2},"title":"Syyslomasen pieni\u00e4, isoja iloja","author":"Reija","date":"23.10.2017","format":false,"excerpt":"M\u00f6kkiunilta her\u00e4t\u00e4\u00e4n siten, ett\u00e4 yhdeks\u00e4n aikoihin istutaan puuropadan ja verraten runsaiden aamiaisherkkujen \u00e4\u00e4relle. Ja siin\u00e4 sitten yleens\u00e4 p\u00e4\u00e4tet\u00e4\u00e4n, mit\u00e4 t\u00e4n\u00e4\u00e4n teht\u00e4isiin. T\u00e4n\u00e4\u00e4n p\u00e4\u00e4timme, ett\u00e4 l\u00e4hdet\u00e4\u00e4n koko porukalla, yhdess\u00e4 lenkille, ja seh\u00e4n tarkoittaa, ett\u00e4 reitin valintaan vaikuttaa se, ett\u00e4 rattailla on p\u00e4\u00e4st\u00e4v\u00e4 kulkemaan. Siisp\u00e4 Saarisel\u00e4n talvik\u00e4velyreitille, jota oli v\u00e4h\u00e4n taas muutettu.\u2026","rel":"","context":"Kategoriassa &quot;Jokaviikkoinen soppamme&quot;","block_context":{"text":"Jokaviikkoinen soppamme","link":"https:\/\/www.satokangas.fi\/blogi\/category\/ruoka_ja_viini\/jokaviikkoinen-soppamme\/"},"img":{"alt_text":"","src":"https:\/\/i0.wp.com\/www.satokangas.fi\/blogi\/wp-content\/uploads\/2017\/10\/Liikkeella-7.jpg?resize=350%2C200&ssl=1","width":350,"height":200,"srcset":"https:\/\/i0.wp.com\/www.satokangas.fi\/blogi\/wp-content\/uploads\/2017\/10\/Liikkeella-7.jpg?resize=350%2C200&ssl=1 1x, https:\/\/i0.wp.com\/www.satokangas.fi\/blogi\/wp-content\/uploads\/2017\/10\/Liikkeella-7.jpg?resize=525%2C300&ssl=1 1.5x, https:\/\/i0.wp.com\/www.satokangas.fi\/blogi\/wp-content\/uploads\/2017\/10\/Liikkeella-7.jpg?resize=700%2C400&ssl=1 2x"},"classes":[]},{"id":5597,"url":"https:\/\/www.satokangas.fi\/blogi\/2009\/12\/hiljaa-virtaa-hangasoja-osa-numero-384\/","url_meta":{"origin":27276,"position":3},"title":"Hiljaa virtaa Hangasoja (osa numero 481)","author":"Reija","date":"31.12.2009","format":false,"excerpt":"Hiljaa kulkee vuoden viimeinen p\u00e4iv\u00e4. Hiljalleen her\u00e4ilimme. Aamup\u00e4iv\u00e4ll\u00e4 brunssia: puuroa ja poroleipi\u00e4, sen sellaista\u00a0 pient\u00e4 sy\u00f6mist\u00e4. P\u00e4iv\u00e4 valkeni hetkeksi, - k\u00e4\u00e4nty\u00e4kseen taas sinisen kautta pime\u00e4ksi. Siin\u00e4 k\u00e4\u00e4nnekohdassa ulkoilimme monta tuntia. Kaivoivatpa seurueen miehet notskipaikankin esiin, joten k\u00e4velylenkilt\u00e4 (johon tietysti kuului piipahdus Saarisel\u00e4n kappelissa) palatessa oli hyv\u00e4 tehd\u00e4 nuotio. Nautimme l\u00e4mmint\u00e4\u2026","rel":"","context":"Kategoriassa &quot;Niit\u00e4 n\u00e4it\u00e4&quot;","block_context":{"text":"Niit\u00e4 n\u00e4it\u00e4","link":"https:\/\/www.satokangas.fi\/blogi\/category\/aiheeton\/"},"img":{"alt_text":"","src":"https:\/\/i0.wp.com\/www.satokangas.fi\/blogi\/wp-content\/uploads\/2009\/12\/Nuotiolla-500x361.jpg?resize=350%2C200&ssl=1","width":350,"height":200},"classes":[]},{"id":39368,"url":"https:\/\/www.satokangas.fi\/blogi\/2020\/09\/pohjoista-eloa-koko-paiva\/","url_meta":{"origin":27276,"position":4},"title":"Pohjoista eloa koko p\u00e4iv\u00e4","author":"Reija","date":"13.9.2020","format":false,"excerpt":"T\u00e4n\u00e4\u00e4n korkeammalle kuin eilen. Nuorten kanssa aloitimme Saarisel\u00e4n aakkosista: Kaunisp\u00e4\u00e4n Huippu. Aamup\u00e4iv\u00e4ll\u00e4 viel\u00e4 pilvess\u00e4, mutta tyven. Ja tunturit liekeiss\u00e4. Jossain vaiheessa sateen uhka oli todellinen, mutta tummat pilvet tekiv\u00e4t puiden v\u00e4riloiston entist\u00e4kin kauniimmaksi, kirkkaaksi. Iltap\u00e4iv\u00e4ll\u00e4 m\u00f6kkiterassilla tovi, jo ihan l\u00e4mmint\u00e4 (hyv\u00e4 on, meill\u00e4 on m\u00f6kkiterassilla l\u00e4mmittimet ;) ). Ja sauna!\u2026","rel":"","context":"Kategoriassa &quot;Lappi&quot;","block_context":{"text":"Lappi","link":"https:\/\/www.satokangas.fi\/blogi\/category\/lappi\/"},"img":{"alt_text":"","src":"https:\/\/i0.wp.com\/www.satokangas.fi\/blogi\/wp-content\/uploads\/2020\/09\/2-32.jpg?resize=350%2C200&ssl=1","width":350,"height":200,"srcset":"https:\/\/i0.wp.com\/www.satokangas.fi\/blogi\/wp-content\/uploads\/2020\/09\/2-32.jpg?resize=350%2C200&ssl=1 1x, https:\/\/i0.wp.com\/www.satokangas.fi\/blogi\/wp-content\/uploads\/2020\/09\/2-32.jpg?resize=525%2C300&ssl=1 1.5x, https:\/\/i0.wp.com\/www.satokangas.fi\/blogi\/wp-content\/uploads\/2020\/09\/2-32.jpg?resize=700%2C400&ssl=1 2x"},"classes":[]},{"id":35702,"url":"https:\/\/www.satokangas.fi\/blogi\/2018\/12\/onneksi-koko-loppuvuosi-taalla\/","url_meta":{"origin":27276,"position":5},"title":"Onneksi koko loppuvuosi t\u00e4\u00e4ll\u00e4!","author":"Reija","date":"30.12.2018","format":false,"excerpt":"T\u00e4\u00e4ll\u00e4 on kaamos! Ja niin hieno p\u00e4iv\u00e4. Valoa ja iloa. Liikkumista, lepoa, ulkoilua, takkatulta, yst\u00e4vyytt\u00e4, hyvin sy\u00f6mist\u00e4, helppoa oloa, naurua ja hiljaisuutta. Pakkasta on ollut: t\u00e4\u00e4ll\u00e4 m\u00f6kin pihapiiriss\u00e4 parikymment\u00e4 astetta pakkasta melkein koko p\u00e4iv\u00e4n ja illan. Kylill\u00e4 ja Kaunisp\u00e4\u00e4n huipulla sen - 12 - 15 C. Oli ilo liikkua ja\u2026","rel":"","context":"Kategoriassa &quot;Lappi&quot;","block_context":{"text":"Lappi","link":"https:\/\/www.satokangas.fi\/blogi\/category\/lappi\/"},"img":{"alt_text":"","src":"https:\/\/i0.wp.com\/www.satokangas.fi\/blogi\/wp-content\/uploads\/2018\/12\/1-3-2.jpg?resize=350%2C200&ssl=1","width":350,"height":200,"srcset":"https:\/\/i0.wp.com\/www.satokangas.fi\/blogi\/wp-content\/uploads\/2018\/12\/1-3-2.jpg?resize=350%2C200&ssl=1 1x, https:\/\/i0.wp.com\/www.satokangas.fi\/blogi\/wp-content\/uploads\/2018\/12\/1-3-2.jpg?resize=525%2C300&ssl=1 1.5x, https:\/\/i0.wp.com\/www.satokangas.fi\/blogi\/wp-content\/uploads\/2018\/12\/1-3-2.jpg?resize=700%2C400&ssl=1 2x, https:\/\/i0.wp.com\/www.satokangas.fi\/blogi\/wp-content\/uploads\/2018\/12\/1-3-2.jpg?resize=1050%2C600&ssl=1 3x, https:\/\/i0.wp.com\/www.satokangas.fi\/blogi\/wp-content\/uploads\/2018\/12\/1-3-2.jpg?resize=1400%2C800&ssl=1 4x"},"classes":[]}],"_links":{"self":[{"href":"https:\/\/www.satokangas.fi\/blogi\/wp-json\/wp\/v2\/posts\/27276","targetHints":{"allow":["GET"]}}],"collection":[{"href":"https:\/\/www.satokangas.fi\/blogi\/wp-json\/wp\/v2\/posts"}],"about":[{"href":"https:\/\/www.satokangas.fi\/blogi\/wp-json\/wp\/v2\/types\/post"}],"author":[{"embeddable":true,"href":"https:\/\/www.satokangas.fi\/blogi\/wp-json\/wp\/v2\/users\/1"}],"replies":[{"embeddable":true,"href":"https:\/\/www.satokangas.fi\/blogi\/wp-json\/wp\/v2\/comments?post=27276"}],"version-history":[{"count":0,"href":"https:\/\/www.satokangas.fi\/blogi\/wp-json\/wp\/v2\/posts\/27276\/revisions"}],"wp:featuredmedia":[{"embeddable":true,"href":"https:\/\/www.satokangas.fi\/blogi\/wp-json\/wp\/v2\/media\/33094"}],"wp:attachment":[{"href":"https:\/\/www.satokangas.fi\/blogi\/wp-json\/wp\/v2\/media?parent=27276"}],"wp:term":[{"taxonomy":"category","embeddable":true,"href":"https:\/\/www.satokangas.fi\/blogi\/wp-json\/wp\/v2\/categories?post=27276"},{"taxonomy":"post_tag","embeddable":true,"href":"https:\/\/www.satokangas.fi\/blogi\/wp-json\/wp\/v2\/tags?post=27276"}],"curies":[{"name":"wp","href":"https:\/\/api.w.org\/{rel}","templated":true}]}}