{"id":27156,"date":"2015-12-21T19:36:31","date_gmt":"2015-12-21T17:36:31","guid":{"rendered":"https:\/\/www.satokangas.fi\/blogi\/?p=27156"},"modified":"2015-12-21T21:30:05","modified_gmt":"2015-12-21T19:30:05","slug":"joulunrauhaan-laskeutumista","status":"publish","type":"post","link":"https:\/\/www.satokangas.fi\/blogi\/2015\/12\/joulunrauhaan-laskeutumista\/","title":{"rendered":"Joulunrauhaan laskeutumista"},"content":{"rendered":"<p>Tuomaksen p\u00e4iv\u00e4 on vanhan kansan (sato-, vuosi- ja s\u00e4\u00e4)kalenterissa p\u00e4iv\u00e4, jolloin piti olla jouluvalmistelut tehtyn\u00e4. Ei tiennyt hyv\u00e4\u00e4 jos viel\u00e4 &#8221;pes\u00e4p\u00e4ivin\u00e4&#8221; (21. &#8211; 24.12.) jotain isompaa puuhasi: teurastukset ja keritsemiset piti olla jo ohi, jos ei, niin kes\u00e4ll\u00e4 oli tiedossa itikoita ja muuta vaivaa. Jos t\u00e4n\u00e4\u00e4n on jossain p\u00e4in Suomea aurinkoa n\u00e4kynyt, niin se lupaa hyv\u00e4\u00e4: kes\u00e4st\u00e4 tulee poutainen ja l\u00e4mmin.<\/p>\n<p>Joulurauha on alkanut jo Tuomaan p\u00e4iv\u00e4n\u00e4, talvip\u00e4iv\u00e4nseisauksena; ja rauha tarkoitti rauhaa my\u00f6s t\u00f6ist\u00e4.\u00a0Siihen t\u00e4ss\u00e4 ollaan jo hyv\u00e4\u00e4 kyyti\u00e4 p\u00e4\u00e4sem\u00e4ss\u00e4. Parina viime p\u00e4iv\u00e4n\u00e4 olen kyll\u00e4 kulkenut anopin viitoittamalla tiell\u00e4; kuurannut yht\u00e4 jos toistakin nurkkaa. Tai siis mm. Festan pesin eilen, mit\u00e4 ei voida kuitenkaan pit\u00e4\u00e4 l\u00e4hesk\u00e4\u00e4n sellaisena urotekona kuin Pehtoorin \u00e4idin joulusiivoukset (joita h\u00e4nen ei tarvitsisi tehd\u00e4). Olipa anoppi (tammikuussa 85 vee) rakennellut itselleen &#8221;teekat&#8221; laatikosta ja keitti\u00f6jakkarasta, jotta p\u00e4\u00e4si pesem\u00e4\u00e4n leivinuunin p\u00e4\u00e4lt\u00e4kin. Appi oli moisesta Pehtoorille juorunnut, ja Pehtoori sitten \u00e4idilt\u00e4\u00e4n kysym\u00e4\u00e4n, ett\u00e4 miksi ja ett\u00e4 olisihan joku v\u00e4h\u00e4n vakaampi lonkkainen sen voinut tehd\u00e4, kun olisi vaan pyyt\u00e4nyt. Ja anoppi oli &#8211; tyylilleen uskollisena &#8211;\u00a0ilmoittanut, ett\u00e4 ei apua tarvi ja ett\u00e4 pit\u00e4\u00e4 sekin pest\u00e4, ett\u00e4 jos joku n\u00e4kee! Leivinuunin yl\u00e4reuna on ainakin 180 cm lattiasta, joten sinnep\u00e4 harva n\u00e4kisi, vaikka haluaisikin syyn\u00e4t\u00e4 paikkoja. Minun siivoiluni eiv\u00e4t kyll\u00e4 yll\u00e4 l\u00e4hellek\u00e4\u00e4n tuota tasoa (leivinuunin p\u00e4\u00e4lle en ole edes kurkannut), ja min\u00e4 olen kyll\u00e4 pyyt\u00e4nyt siivousapua, ja oma siivoojamme k\u00e4vi meille perussiivouksen taas hyvin tekem\u00e4ss\u00e4. \ud83d\ude42<\/p>\n<p>Niinp\u00e4 olen t\u00e4n\u00e4\u00e4n voinut hoidella viel\u00e4 omia ja \u00e4idin kaupunkiasiota, ja keskitty\u00e4 iltap\u00e4iv\u00e4ll\u00e4 nimpparisapuskan tekoon.<\/p>\n<p>Aapeli on nyt kaksi kuukautta nuorempi kuin is\u00e4ns\u00e4 ensimm\u00e4isen\u00e4 jouluna.<\/p>\n<p style=\"text-align: center;\"><a href=\"https:\/\/www.satokangas.fi\/blogi\/wp-content\/uploads\/2015\/12\/Aapeli-tonttu-3.jpg\" rel=\"attachment wp-att-27157\"><img loading=\"lazy\" decoding=\"async\" data-attachment-id=\"27157\" data-permalink=\"https:\/\/www.satokangas.fi\/blogi\/2015\/12\/joulunrauhaan-laskeutumista\/aapeli-tonttu-3\/\" data-orig-file=\"https:\/\/www.satokangas.fi\/blogi\/wp-content\/uploads\/2015\/12\/Aapeli-tonttu-3.jpg\" data-orig-size=\"1600,1067\" data-comments-opened=\"1\" data-image-meta=\"{&quot;aperture&quot;:&quot;4&quot;,&quot;credit&quot;:&quot;Reija Satokangas&quot;,&quot;camera&quot;:&quot;Canon EOS 6D&quot;,&quot;caption&quot;:&quot;&quot;,&quot;created_timestamp&quot;:&quot;1450713646&quot;,&quot;copyright&quot;:&quot;&quot;,&quot;focal_length&quot;:&quot;32&quot;,&quot;iso&quot;:&quot;2500&quot;,&quot;shutter_speed&quot;:&quot;0.066666666666667&quot;,&quot;title&quot;:&quot;&quot;,&quot;orientation&quot;:&quot;0&quot;}\" data-image-title=\"Aapeli-tonttu-3\" data-image-description=\"\" data-image-caption=\"\" data-large-file=\"https:\/\/www.satokangas.fi\/blogi\/wp-content\/uploads\/2015\/12\/Aapeli-tonttu-3-1536x1024.jpg\" class=\"aligncenter size-medium wp-image-27157\" src=\"https:\/\/www.satokangas.fi\/blogi\/wp-content\/uploads\/2015\/12\/Aapeli-tonttu-3-600x400.jpg\" alt=\"Aapeli-tonttu-3\" width=\"600\" height=\"400\" srcset=\"https:\/\/www.satokangas.fi\/blogi\/wp-content\/uploads\/2015\/12\/Aapeli-tonttu-3-600x400.jpg 600w, https:\/\/www.satokangas.fi\/blogi\/wp-content\/uploads\/2015\/12\/Aapeli-tonttu-3-300x200.jpg 300w, https:\/\/www.satokangas.fi\/blogi\/wp-content\/uploads\/2015\/12\/Aapeli-tonttu-3-768x512.jpg 768w, https:\/\/www.satokangas.fi\/blogi\/wp-content\/uploads\/2015\/12\/Aapeli-tonttu-3-1536x1024.jpg 1536w, https:\/\/www.satokangas.fi\/blogi\/wp-content\/uploads\/2015\/12\/Aapeli-tonttu-3.jpg 1600w\" sizes=\"auto, (max-width: 600px) 100vw, 600px\" \/><\/a><\/p>\n<p style=\"text-align: center;\"><a href=\"https:\/\/www.satokangas.fi\/blogi\/wp-content\/uploads\/2015\/12\/Veli-ja-sen-sisko-2.jpg\" rel=\"attachment wp-att-27161\"><img loading=\"lazy\" decoding=\"async\" data-attachment-id=\"27161\" data-permalink=\"https:\/\/www.satokangas.fi\/blogi\/2015\/12\/joulunrauhaan-laskeutumista\/veli-ja-sen-sisko-2\/\" data-orig-file=\"https:\/\/www.satokangas.fi\/blogi\/wp-content\/uploads\/2015\/12\/Veli-ja-sen-sisko-2.jpg\" data-orig-size=\"1600,853\" data-comments-opened=\"1\" data-image-meta=\"{&quot;aperture&quot;:&quot;5&quot;,&quot;credit&quot;:&quot;Reija Satokangas&quot;,&quot;camera&quot;:&quot;Canon EOS 6D&quot;,&quot;caption&quot;:&quot;&quot;,&quot;created_timestamp&quot;:&quot;1450722550&quot;,&quot;copyright&quot;:&quot;&quot;,&quot;focal_length&quot;:&quot;90&quot;,&quot;iso&quot;:&quot;400&quot;,&quot;shutter_speed&quot;:&quot;0.1&quot;,&quot;title&quot;:&quot;&quot;,&quot;orientation&quot;:&quot;0&quot;}\" data-image-title=\"Veli ja sen sisko-2\" data-image-description=\"\" data-image-caption=\"\" data-large-file=\"https:\/\/www.satokangas.fi\/blogi\/wp-content\/uploads\/2015\/12\/Veli-ja-sen-sisko-2-1600x853.jpg\" class=\"aligncenter size-medium wp-image-27161\" src=\"https:\/\/www.satokangas.fi\/blogi\/wp-content\/uploads\/2015\/12\/Veli-ja-sen-sisko-2-600x320.jpg\" alt=\"Veli ja sen sisko-2\" width=\"600\" height=\"320\" srcset=\"https:\/\/www.satokangas.fi\/blogi\/wp-content\/uploads\/2015\/12\/Veli-ja-sen-sisko-2-600x320.jpg 600w, https:\/\/www.satokangas.fi\/blogi\/wp-content\/uploads\/2015\/12\/Veli-ja-sen-sisko-2-300x160.jpg 300w, https:\/\/www.satokangas.fi\/blogi\/wp-content\/uploads\/2015\/12\/Veli-ja-sen-sisko-2-768x409.jpg 768w, https:\/\/www.satokangas.fi\/blogi\/wp-content\/uploads\/2015\/12\/Veli-ja-sen-sisko-2.jpg 1600w\" sizes=\"auto, (max-width: 600px) 100vw, 600px\" \/><\/a><\/p>\n<p style=\"text-align: center;\"><a href=\"https:\/\/www.satokangas.fi\/blogi\/wp-content\/uploads\/2015\/12\/Veli-ja-sen-sisko-3.jpg\" rel=\"attachment wp-att-27162\"><img loading=\"lazy\" decoding=\"async\" data-attachment-id=\"27162\" data-permalink=\"https:\/\/www.satokangas.fi\/blogi\/2015\/12\/joulunrauhaan-laskeutumista\/veli-ja-sen-sisko-3\/\" data-orig-file=\"https:\/\/www.satokangas.fi\/blogi\/wp-content\/uploads\/2015\/12\/Veli-ja-sen-sisko-3.jpg\" data-orig-size=\"1600,847\" data-comments-opened=\"1\" data-image-meta=\"{&quot;aperture&quot;:&quot;5&quot;,&quot;credit&quot;:&quot;Reija Satokangas&quot;,&quot;camera&quot;:&quot;Canon EOS 6D&quot;,&quot;caption&quot;:&quot;&quot;,&quot;created_timestamp&quot;:&quot;1450722584&quot;,&quot;copyright&quot;:&quot;&quot;,&quot;focal_length&quot;:&quot;95&quot;,&quot;iso&quot;:&quot;400&quot;,&quot;shutter_speed&quot;:&quot;0.05&quot;,&quot;title&quot;:&quot;&quot;,&quot;orientation&quot;:&quot;0&quot;}\" data-image-title=\"Veli ja sen sisko-3\" data-image-description=\"\" data-image-caption=\"\" data-large-file=\"https:\/\/www.satokangas.fi\/blogi\/wp-content\/uploads\/2015\/12\/Veli-ja-sen-sisko-3-1600x847.jpg\" class=\"aligncenter size-medium wp-image-27162\" src=\"https:\/\/www.satokangas.fi\/blogi\/wp-content\/uploads\/2015\/12\/Veli-ja-sen-sisko-3-600x318.jpg\" alt=\"Veli ja sen sisko-3\" width=\"600\" height=\"318\" srcset=\"https:\/\/www.satokangas.fi\/blogi\/wp-content\/uploads\/2015\/12\/Veli-ja-sen-sisko-3-600x318.jpg 600w, https:\/\/www.satokangas.fi\/blogi\/wp-content\/uploads\/2015\/12\/Veli-ja-sen-sisko-3-300x159.jpg 300w, https:\/\/www.satokangas.fi\/blogi\/wp-content\/uploads\/2015\/12\/Veli-ja-sen-sisko-3-768x407.jpg 768w, https:\/\/www.satokangas.fi\/blogi\/wp-content\/uploads\/2015\/12\/Veli-ja-sen-sisko-3.jpg 1600w\" sizes=\"auto, (max-width: 600px) 100vw, 600px\" \/><\/a><\/p>\n<p style=\"text-align: center;\"><span style=\"color: #333333;\">T\u00e4lle viikolle on haastekuvissa aihe, joka minusta ei oikein sovi ajankohtaan, saatikka s\u00e4\u00e4h\u00e4n, mutta otetaan kuvia, joissa \u00b4kylm\u00e4\u00b4.<\/span><\/p>\n<p style=\"text-align: center;\">Niin kuin kai kaikkina muinakin vuosina olen 21.12. laittanut kalenterikuvaksi nimpparisankarin tonttukuvan. T\u00e4ss\u00e4 my\u00f6s sisko mukana.<\/p>\n<p style=\"text-align: center;\"><span style=\"color: #800000;\"><strong>~~~~~~~~~~~~~~~~~~~~~~~~~~~~~~~<\/strong><\/span><\/p>\n<p style=\"text-align: center;\"><a href=\"https:\/\/www.satokangas.fi\/blogi\/wp-content\/uploads\/2015\/12\/21.jpg\" rel=\"attachment wp-att-27163\"><img loading=\"lazy\" decoding=\"async\" data-attachment-id=\"27163\" data-permalink=\"https:\/\/www.satokangas.fi\/blogi\/2015\/12\/joulunrauhaan-laskeutumista\/21-14\/\" data-orig-file=\"https:\/\/www.satokangas.fi\/blogi\/wp-content\/uploads\/2015\/12\/21.jpg\" data-orig-size=\"400,400\" data-comments-opened=\"1\" data-image-meta=\"{&quot;aperture&quot;:&quot;0&quot;,&quot;credit&quot;:&quot;&quot;,&quot;camera&quot;:&quot;&quot;,&quot;caption&quot;:&quot;&quot;,&quot;created_timestamp&quot;:&quot;0&quot;,&quot;copyright&quot;:&quot;&quot;,&quot;focal_length&quot;:&quot;0&quot;,&quot;iso&quot;:&quot;0&quot;,&quot;shutter_speed&quot;:&quot;0&quot;,&quot;title&quot;:&quot;&quot;,&quot;orientation&quot;:&quot;1&quot;}\" data-image-title=\"21\" data-image-description=\"\" data-image-caption=\"\" data-large-file=\"https:\/\/www.satokangas.fi\/blogi\/wp-content\/uploads\/2015\/12\/21.jpg\" class=\"aligncenter wp-image-27163\" src=\"https:\/\/www.satokangas.fi\/blogi\/wp-content\/uploads\/2015\/12\/21-300x300.jpg\" alt=\"21\" width=\"151\" height=\"151\" srcset=\"https:\/\/www.satokangas.fi\/blogi\/wp-content\/uploads\/2015\/12\/21-300x300.jpg 300w, https:\/\/www.satokangas.fi\/blogi\/wp-content\/uploads\/2015\/12\/21.jpg 400w, https:\/\/www.satokangas.fi\/blogi\/wp-content\/uploads\/2015\/12\/21-50x50.jpg 50w\" sizes=\"auto, (max-width: 151px) 100vw, 151px\" \/><\/a><\/p>\n<p style=\"text-align: center;\"><a href=\"https:\/\/www.satokangas.fi\/blogi\/wp-content\/uploads\/2015\/12\/Veli-ja-sen-sisko.jpg\" rel=\"attachment wp-att-27160\"><img loading=\"lazy\" decoding=\"async\" data-attachment-id=\"27160\" data-permalink=\"https:\/\/www.satokangas.fi\/blogi\/2015\/12\/joulunrauhaan-laskeutumista\/veli-ja-sen-sisko\/\" data-orig-file=\"https:\/\/www.satokangas.fi\/blogi\/wp-content\/uploads\/2015\/12\/Veli-ja-sen-sisko.jpg\" data-orig-size=\"1600,2184\" data-comments-opened=\"1\" data-image-meta=\"{&quot;aperture&quot;:&quot;4&quot;,&quot;credit&quot;:&quot;Reija Satokangas&quot;,&quot;camera&quot;:&quot;Canon EOS 6D&quot;,&quot;caption&quot;:&quot;&quot;,&quot;created_timestamp&quot;:&quot;1450722814&quot;,&quot;copyright&quot;:&quot;&quot;,&quot;focal_length&quot;:&quot;105&quot;,&quot;iso&quot;:&quot;800&quot;,&quot;shutter_speed&quot;:&quot;0.066666666666667&quot;,&quot;title&quot;:&quot;&quot;,&quot;orientation&quot;:&quot;0&quot;}\" data-image-title=\"Veli ja sen sisko\" data-image-description=\"\" data-image-caption=\"\" data-large-file=\"https:\/\/www.satokangas.fi\/blogi\/wp-content\/uploads\/2015\/12\/Veli-ja-sen-sisko-750x1024.jpg\" class=\"aligncenter size-medium wp-image-27160\" src=\"https:\/\/www.satokangas.fi\/blogi\/wp-content\/uploads\/2015\/12\/Veli-ja-sen-sisko-293x400.jpg\" alt=\"Veli ja sen sisko\" width=\"293\" height=\"400\" srcset=\"https:\/\/www.satokangas.fi\/blogi\/wp-content\/uploads\/2015\/12\/Veli-ja-sen-sisko-293x400.jpg 293w, https:\/\/www.satokangas.fi\/blogi\/wp-content\/uploads\/2015\/12\/Veli-ja-sen-sisko-220x300.jpg 220w, https:\/\/www.satokangas.fi\/blogi\/wp-content\/uploads\/2015\/12\/Veli-ja-sen-sisko-768x1048.jpg 768w, https:\/\/www.satokangas.fi\/blogi\/wp-content\/uploads\/2015\/12\/Veli-ja-sen-sisko-750x1024.jpg 750w, https:\/\/www.satokangas.fi\/blogi\/wp-content\/uploads\/2015\/12\/Veli-ja-sen-sisko.jpg 1600w\" sizes=\"auto, (max-width: 293px) 100vw, 293px\" \/><\/a><\/p>\n<p style=\"text-align: center;\">\n","protected":false},"excerpt":{"rendered":"<p>Tuomaksen p\u00e4iv\u00e4 on vanhan kansan (sato-, vuosi- ja s\u00e4\u00e4)kalenterissa p\u00e4iv\u00e4, jolloin piti olla jouluvalmistelut tehtyn\u00e4. Ei tiennyt hyv\u00e4\u00e4 jos viel\u00e4 &#8221;pes\u00e4p\u00e4ivin\u00e4&#8221; (21. &#8211; 24.12.) jotain isompaa puuhasi: teurastukset ja keritsemiset piti olla jo ohi, jos ei, niin kes\u00e4ll\u00e4 oli tiedossa itikoita ja muuta vaivaa. Jos t\u00e4n\u00e4\u00e4n on jossain p\u00e4in Suomea aurinkoa n\u00e4kynyt, niin se lupaa hyv\u00e4\u00e4: kes\u00e4st\u00e4 tulee poutainen ja &hellip; <\/p>\n","protected":false},"author":1,"featured_media":0,"comment_status":"open","ping_status":"open","sticky":false,"template":"","format":"standard","meta":{"jetpack_post_was_ever_published":false,"_jetpack_newsletter_access":"","_jetpack_dont_email_post_to_subs":false,"_jetpack_newsletter_tier_id":0,"_jetpack_memberships_contains_paywalled_content":false,"_jetpack_memberships_contains_paid_content":false,"footnotes":"","jetpack_publicize_message":"","jetpack_publicize_feature_enabled":true,"jetpack_social_post_already_shared":true,"jetpack_social_options":{"image_generator_settings":{"template":"highway","default_image_id":0,"font":"","enabled":false},"version":2}},"categories":[13,1],"tags":[],"class_list":["post-27156","post","type-post","status-publish","format-standard","hentry","category-historiaa","category-aiheeton","latest_post"],"jetpack_publicize_connections":[],"jetpack_featured_media_url":"","jetpack_shortlink":"https:\/\/wp.me\/pr4p4-740","jetpack_sharing_enabled":true,"jetpack_likes_enabled":false,"jetpack-related-posts":[{"id":39521,"url":"https:\/\/www.satokangas.fi\/blogi\/2020\/10\/moneen-ehdin\/","url_meta":{"origin":27156,"position":0},"title":"Moneen ehdin :)","author":"Reija","date":"19.10.2020","format":false,"excerpt":"P\u00e4iv\u00e4 t\u00e4ynn\u00e4 tekemist\u00e4. Mummin p\u00e4iv\u00e4 pienten kanssa alkoi jo ennen kahdeksaa. Aamutoimet ja parit muistipelit rauhassa, eik\u00e4 meill\u00e4 kiirett\u00e4 uloskaan, kun s\u00e4\u00e4 oli mit\u00e4 ankein. Siirryttiin sitten mummilaan, jossa iso Lego-arkku esiin. Ja Eeviksen kanssa vietettiin pitk\u00e4 tovi katsellen Youtubesta delfiini-videoita. (Pian) kaksivuotias oli ihastuksissaan: \"Oi\", \"oho\" ja pulputus\u00e4\u00e4ni\u00e4. Niinp\u00e4\u2026","rel":"","context":"Kategoriassa &quot;Niit\u00e4 n\u00e4it\u00e4&quot;","block_context":{"text":"Niit\u00e4 n\u00e4it\u00e4","link":"https:\/\/www.satokangas.fi\/blogi\/category\/aiheeton\/"},"img":{"alt_text":"","src":"https:\/\/i0.wp.com\/www.satokangas.fi\/blogi\/wp-content\/uploads\/2020\/10\/1-34.jpg?resize=350%2C200&ssl=1","width":350,"height":200,"srcset":"https:\/\/i0.wp.com\/www.satokangas.fi\/blogi\/wp-content\/uploads\/2020\/10\/1-34.jpg?resize=350%2C200&ssl=1 1x, https:\/\/i0.wp.com\/www.satokangas.fi\/blogi\/wp-content\/uploads\/2020\/10\/1-34.jpg?resize=525%2C300&ssl=1 1.5x, https:\/\/i0.wp.com\/www.satokangas.fi\/blogi\/wp-content\/uploads\/2020\/10\/1-34.jpg?resize=700%2C400&ssl=1 2x"},"classes":[]},{"id":22384,"url":"https:\/\/www.satokangas.fi\/blogi\/2014\/09\/laidunkauden-lopettajaiset-kahdestaan\/","url_meta":{"origin":27156,"position":1},"title":"Laidunkauden lopettajaiset kahdestaan","author":"Reija","date":"12.9.2014","format":false,"excerpt":"T\u00f6iss\u00e4 kovin leppoisaa t\u00e4n\u00e4\u00e4n, ehk\u00e4 vain puolenkymment\u00e4 piipahtajaa, muutama hopsailija, satunnaisia s\u00e4hk\u00f6posteja, tieto 15 000 euron \"hassausmahdollisuudesta\" (= se kev\u00e4\u00e4n projektihakemus!) , keskell\u00e4 p\u00e4iv\u00e4\u00e4 jokaviikkoinen [tosin t\u00e4ll\u00e4 viikolla jo toinen] hammasl\u00e4\u00e4k\u00e4rik\u00e4ynti, ja sitten ihan rauhassa ensi viikon kandit\u00f6ihin ja kokousmateriaaleihin perehtymist\u00e4. Ei hassumpaa. T\u00f6iss\u00e4k\u00e4\u00e4n. Saatikka iltap\u00e4iv\u00e4n lopulla kotiuduttua... Kaksin jaetulle\u2026","rel":"","context":"Kategoriassa &quot;Ruoka ja viini&quot;","block_context":{"text":"Ruoka ja viini","link":"https:\/\/www.satokangas.fi\/blogi\/category\/ruoka_ja_viini\/"},"img":{"alt_text":"syys-10","src":"https:\/\/i0.wp.com\/www.satokangas.fi\/blogi\/wp-content\/uploads\/2014\/09\/syys-10-560x400.jpg?resize=350%2C200&ssl=1","width":350,"height":200,"srcset":"https:\/\/i0.wp.com\/www.satokangas.fi\/blogi\/wp-content\/uploads\/2014\/09\/syys-10-560x400.jpg?resize=350%2C200&ssl=1 1x, https:\/\/i0.wp.com\/www.satokangas.fi\/blogi\/wp-content\/uploads\/2014\/09\/syys-10-560x400.jpg?resize=525%2C300&ssl=1 1.5x"},"classes":[]},{"id":20297,"url":"https:\/\/www.satokangas.fi\/blogi\/2014\/02\/stolbovan-rauha-vuonna-1617\/","url_meta":{"origin":27156,"position":2},"title":"Stolbovan rauha vuonna 1617","author":"Reija","date":"11.2.2014","format":false,"excerpt":"Hirvitt\u00e4v\u00e4 meuhkaaminen ollut tiedotusv\u00e4lineiss\u00e4 ja somessa ja vaikka v\u00e4h\u00e4n miss\u00e4 tuosta \"alkaa tekem\u00e4\u00e4n\". Hyv\u00e4 on, olenhan min\u00e4kin vuosikymmenen, toisenkin koettanut gradulaisille ja kandilaisille opettaa, ett\u00e4 se on \"alkaa tehd\u00e4\", - eik\u00e4 ole oppi mennyt perille. Useimmat ovat osanneet ihan itsekin kirjottaa oikein, ja ne, jotka eiv\u00e4t, eiv\u00e4t ole sanomisellakaan mit\u00e4\u00e4n\u2026","rel":"","context":"Kategoriassa &quot;Historiaa&quot;","block_context":{"text":"Historiaa","link":"https:\/\/www.satokangas.fi\/blogi\/category\/historiaa\/"},"img":{"alt_text":"aapinen 1","src":"https:\/\/i0.wp.com\/www.satokangas.fi\/blogi\/wp-content\/uploads\/2014\/02\/aapinen-1-291x400.jpg?resize=350%2C200&ssl=1","width":350,"height":200},"classes":[]},{"id":7819,"url":"https:\/\/www.satokangas.fi\/blogi\/2010\/07\/7819\/","url_meta":{"origin":27156,"position":3},"title":"Pihan p\u00e4ivityst\u00e4","author":"Reija","date":"13.7.2010","format":false,"excerpt":"Rantapellon rauhassa ja auvoisassa auringonpaisteessa. Italian l\u00e4mm\u00f6n, helteen j\u00e4lkeen, Oulun poikkeuksellisen l\u00e4mmin kes\u00e4ilma tuntuu oivalliselta. Sopivalta. Ei ole niin hottista kuin saapasmaassa (kuva tiistailta matkalta Pincion n\u00e4k\u00f6alapaikalle. L\u00e4mmint\u00e4 sellaiset + 34 C. Klikkaamalla kuva suurenee.), mik\u00e4 on ehk\u00e4p\u00e4 hyv\u00e4kin juttu. Juniori ja tytt\u00f6yst\u00e4v\u00e4ns\u00e4 olivat eilen vastassa, - mukava kun olivat.\u2026","rel":"","context":"Kategoriassa &quot;Vanhemmuus&quot;","block_context":{"text":"Vanhemmuus","link":"https:\/\/www.satokangas.fi\/blogi\/category\/vanhemmuus\/"},"img":{"alt_text":"","src":"https:\/\/i0.wp.com\/www.satokangas.fi\/blogi\/wp-content\/uploads\/2010\/07\/pincio-500x333.jpg?resize=350%2C200&ssl=1","width":350,"height":200},"classes":[]},{"id":14804,"url":"https:\/\/www.satokangas.fi\/blogi\/2012\/07\/suvisunnuntai-rantapellon-hiljaisuudessa\/","url_meta":{"origin":27156,"position":4},"title":"Suvisunnuntai Rantapellon hiljaisuudessa","author":"Reija","date":"15.7.2012","format":false,"excerpt":"Ei ruokavieraita (ei suunnilleen koko kes\u00e4n\u00e4!), ei nuoriakaan ruokap\u00f6yd\u00e4ss\u00e4 ja pit\u00e4isi hieman jo ryhty\u00e4 topakammin s\u00e4\u00e4nn\u00f6stelem\u00e4\u00e4n sy\u00f6mist\u00e4... Ja ihan linjassa n\u00e4iden juttujen kanssa olen sitten laitellut meille kahdelle kaikenmoista, uusia herkkuja, kes\u00e4ruokaa. Osin on ollut kyll\u00e4 jo kyse kalaasien \"koekeitti\u00f6toiminnnasta\". Elokuun puoliv\u00e4liss\u00e4 on kes\u00e4n suurin, perinteinen ruokajuhla meill\u00e4, ja haluan\u2026","rel":"","context":"Kategoriassa &quot;Niit\u00e4 n\u00e4it\u00e4&quot;","block_context":{"text":"Niit\u00e4 n\u00e4it\u00e4","link":"https:\/\/www.satokangas.fi\/blogi\/category\/aiheeton\/"},"img":{"alt_text":"","src":"https:\/\/i0.wp.com\/www.satokangas.fi\/blogi\/wp-content\/uploads\/kes%C3%A4sunnuntain-paras-safka-518x400.jpg?resize=350%2C200&ssl=1","width":350,"height":200},"classes":[]},{"id":23130,"url":"https:\/\/www.satokangas.fi\/blogi\/2014\/11\/viikonlopun-rajamailla\/","url_meta":{"origin":27156,"position":5},"title":"Viikonlopun rajamailla","author":"Reija","date":"21.11.2014","format":false,"excerpt":"Kovin niukasti on lunta. Etel\u00e4ss\u00e4 kuulemma enemm\u00e4n. Haluaisin t\u00e4nnekin. Olisi n\u00e4et joulukorttikuvien ottamisen aika. Olisi otettava t\u00e4\u00e4ll\u00e4 Napapiirin etel\u00e4puolella\u00a0kun en sittenk\u00e4\u00e4n ensi viikonloppuna voi l\u00e4hte\u00e4 m\u00f6kille, en, vaikka v\u00e4h\u00e4n niin olin ajatellut, suunnitellut, toivonut. Ei vaan pysty, ei ehdi. Kovin niukasti on taas ollut untakin. Ja t\u00e4n\u00e4 aamuna se loppui\u2026","rel":"","context":"Kategoriassa &quot;Niit\u00e4 n\u00e4it\u00e4&quot;","block_context":{"text":"Niit\u00e4 n\u00e4it\u00e4","link":"https:\/\/www.satokangas.fi\/blogi\/category\/aiheeton\/"},"img":{"alt_text":"Viinist\u00e4 puheenollen_-6","src":"https:\/\/i0.wp.com\/www.satokangas.fi\/blogi\/wp-content\/uploads\/2014\/11\/Viinist%C3%A4-puheenollen_-6-600x273.jpg?resize=350%2C200&ssl=1","width":350,"height":200,"srcset":"https:\/\/i0.wp.com\/www.satokangas.fi\/blogi\/wp-content\/uploads\/2014\/11\/Viinist%C3%A4-puheenollen_-6-600x273.jpg?resize=350%2C200&ssl=1 1x, https:\/\/i0.wp.com\/www.satokangas.fi\/blogi\/wp-content\/uploads\/2014\/11\/Viinist%C3%A4-puheenollen_-6-600x273.jpg?resize=525%2C300&ssl=1 1.5x"},"classes":[]}],"_links":{"self":[{"href":"https:\/\/www.satokangas.fi\/blogi\/wp-json\/wp\/v2\/posts\/27156","targetHints":{"allow":["GET"]}}],"collection":[{"href":"https:\/\/www.satokangas.fi\/blogi\/wp-json\/wp\/v2\/posts"}],"about":[{"href":"https:\/\/www.satokangas.fi\/blogi\/wp-json\/wp\/v2\/types\/post"}],"author":[{"embeddable":true,"href":"https:\/\/www.satokangas.fi\/blogi\/wp-json\/wp\/v2\/users\/1"}],"replies":[{"embeddable":true,"href":"https:\/\/www.satokangas.fi\/blogi\/wp-json\/wp\/v2\/comments?post=27156"}],"version-history":[{"count":0,"href":"https:\/\/www.satokangas.fi\/blogi\/wp-json\/wp\/v2\/posts\/27156\/revisions"}],"wp:attachment":[{"href":"https:\/\/www.satokangas.fi\/blogi\/wp-json\/wp\/v2\/media?parent=27156"}],"wp:term":[{"taxonomy":"category","embeddable":true,"href":"https:\/\/www.satokangas.fi\/blogi\/wp-json\/wp\/v2\/categories?post=27156"},{"taxonomy":"post_tag","embeddable":true,"href":"https:\/\/www.satokangas.fi\/blogi\/wp-json\/wp\/v2\/tags?post=27156"}],"curies":[{"name":"wp","href":"https:\/\/api.w.org\/{rel}","templated":true}]}}