{"id":26881,"date":"2015-11-23T20:11:57","date_gmt":"2015-11-23T18:11:57","guid":{"rendered":"https:\/\/www.satokangas.fi\/blogi\/?p=26881"},"modified":"2015-11-23T20:50:40","modified_gmt":"2015-11-23T18:50:40","slug":"valoa-oulu-festivaali-on-hyva-ulkoiluttaja","status":"publish","type":"post","link":"https:\/\/www.satokangas.fi\/blogi\/2015\/11\/valoa-oulu-festivaali-on-hyva-ulkoiluttaja\/","title":{"rendered":"Valoa Oulu -festivaali on hyv\u00e4 ulkoiluttaja"},"content":{"rendered":"<p style=\"text-align: center;\"><a href=\"https:\/\/www.satokangas.fi\/blogi\/wp-content\/uploads\/2015\/11\/Valoa-Oulu-6-\u2013-Kopio.jpg\"><img loading=\"lazy\" decoding=\"async\" class=\"aligncenter size-medium wp-image-26885\" src=\"https:\/\/www.satokangas.fi\/blogi\/wp-content\/uploads\/2015\/11\/Valoa-Oulu-6-\u2013-Kopio-600x400.jpg\" alt=\"Valoa Oulu-6 \u2013 Kopio\" width=\"600\" height=\"400\" \/><\/a><\/p>\n<p>Kyll\u00e4 nyt kelpaa olla oululainen: <a href=\"http:\/\/www.ouka.fi\/oulu\/valoa\/valoteokset\">Valoa Oulu -valofestivaali<\/a> on t\u00e4\u00e4ll\u00e4 taas! Ja min\u00e4 olen ollut kolme tuntia kaupungilla kuvailemassa. Kun on v\u00e4h\u00e4n luntakin, niin n\u00e4ytti oikein hienolta. Ja pitk\u00e4st\u00e4 aikaa tuli koetuksi taas, ett\u00e4 kyll\u00e4 siin\u00e4 k\u00e4y kaikenlaista jututtajaa kun on on jalustan, kameralaukun ja kamrean kanssa liikkeell\u00e4, tai siis keskittyneen\u00e4 kuvailemaan. Oli malliksi tyrkytt\u00e4yvi\u00e4 humalaisia \u00e4iji\u00e4, japanilaisia turisteja, uteliaita pikkulapsia: &#8221;Miksi n\u00e4\u00e4 otat kuvan t\u00e4st\u00e4, etk\u00e4 kato?&#8221; Aika hyv\u00e4 kysymys muuten, kun kuvasin\u00a0<a href=\"http:\/\/www.ouka.fi\/oulu\/valoa\/the-haunted-house-of-the-harbour1\">valoinstallaatiota<\/a>, joka muuttaa Bergbomin aitan Aittatorilla kummitustaloksi.<\/p>\n<p style=\"text-align: center;\">Klikkaamalla kuvat suurenevat.<\/p>\n<p style=\"text-align: center;\"><a href=\"https:\/\/www.satokangas.fi\/blogi\/wp-content\/uploads\/2015\/11\/Valoa-Oulu-3-\u2013-Kopio.jpg\"><img loading=\"lazy\" decoding=\"async\" class=\"aligncenter size-medium wp-image-26884\" src=\"https:\/\/www.satokangas.fi\/blogi\/wp-content\/uploads\/2015\/11\/Valoa-Oulu-3-\u2013-Kopio-600x387.jpg\" alt=\"Valoa Oulu-3 \u2013 Kopio\" width=\"600\" height=\"387\" \/><\/a><\/p>\n<p style=\"text-align: justify;\">Teatteri ja kirjasto vaihtoivat v\u00e4ri\u00e4, puut olivat sinisi\u00e4, Kiikeliss\u00e4 oli valaistuja robotteja ja vaikka mit\u00e4. S\u00e4\u00e4st\u00e4n kuvia toisiinkin postauksiin, sill\u00e4 otoksia\u00a0on tosi paljon. Pit\u00e4\u00e4 v\u00e4h\u00e4n muokkailla ja valita.<\/p>\n<p style=\"text-align: center;\"><a href=\"https:\/\/www.satokangas.fi\/blogi\/wp-content\/uploads\/2015\/11\/Valoa-Oulu-\u2013-Kopio.jpg\"><img loading=\"lazy\" decoding=\"async\" class=\"aligncenter size-medium wp-image-26882\" src=\"https:\/\/www.satokangas.fi\/blogi\/wp-content\/uploads\/2015\/11\/Valoa-Oulu-\u2013-Kopio-600x289.jpg\" alt=\"Valoa Oulu \u2013 Kopio\" width=\"600\" height=\"289\" \/><\/a><\/p>\n<p style=\"text-align: center;\"><a href=\"https:\/\/www.satokangas.fi\/blogi\/wp-content\/uploads\/2015\/11\/Valoa-Oulu-2-\u2013-Kopio.jpg\"><img loading=\"lazy\" decoding=\"async\" class=\"aligncenter size-medium wp-image-26883\" src=\"https:\/\/www.satokangas.fi\/blogi\/wp-content\/uploads\/2015\/11\/Valoa-Oulu-2-\u2013-Kopio-522x400.jpg\" alt=\"Valoa Oulu-2 \u2013 Kopio\" width=\"522\" height=\"400\" \/><\/a><\/p>\n<p style=\"text-align: center;\">Oulu-kuvista puheenollen; kalenteritilaukseni tuli t\u00e4n\u00e4\u00e4n, ja ryhdyn tilanneille toimittelemaan pikimmiten.<\/p>\n<p style=\"text-align: center;\"><a href=\"https:\/\/www.satokangas.fi\/blogi\/wp-content\/uploads\/2015\/11\/Valoa-Oulu-7-\u2013-Kopio.jpg\"><img loading=\"lazy\" decoding=\"async\" class=\"aligncenter size-medium wp-image-26886\" src=\"https:\/\/www.satokangas.fi\/blogi\/wp-content\/uploads\/2015\/11\/Valoa-Oulu-7-\u2013-Kopio-600x400.jpg\" alt=\"Valoa Oulu-7 \u2013 Kopio\" width=\"600\" height=\"400\" \/><\/a><\/p>\n<p style=\"text-align: center;\">Monta installaatiota j\u00e4i viel\u00e4 katsomatta. Toivottavasti on sateettomia iltoja viel\u00e4.<\/p>\n","protected":false},"excerpt":{"rendered":"<p>Kyll\u00e4 nyt kelpaa olla oululainen: Valoa Oulu -valofestivaali on t\u00e4\u00e4ll\u00e4 taas! Ja min\u00e4 olen ollut kolme tuntia kaupungilla kuvailemassa. Kun on v\u00e4h\u00e4n luntakin, niin n\u00e4ytti oikein hienolta. Ja pitk\u00e4st\u00e4 aikaa tuli koetuksi taas, ett\u00e4 kyll\u00e4 siin\u00e4 k\u00e4y kaikenlaista jututtajaa kun on on jalustan, kameralaukun ja kamrean kanssa liikkeell\u00e4, tai siis keskittyneen\u00e4 kuvailemaan. Oli malliksi tyrkytt\u00e4yvi\u00e4 humalaisia \u00e4iji\u00e4, japanilaisia turisteja, uteliaita &hellip; <\/p>\n","protected":false},"author":1,"featured_media":0,"comment_status":"open","ping_status":"open","sticky":false,"template":"","format":"standard","meta":{"jetpack_post_was_ever_published":false,"_jetpack_newsletter_access":"","_jetpack_dont_email_post_to_subs":false,"_jetpack_newsletter_tier_id":0,"_jetpack_memberships_contains_paywalled_content":false,"_jetpack_memberships_contains_paid_content":false,"footnotes":"","jetpack_publicize_message":"","jetpack_publicize_feature_enabled":true,"jetpack_social_post_already_shared":true,"jetpack_social_options":{"image_generator_settings":{"template":"highway","default_image_id":0,"font":"","enabled":false},"version":2}},"categories":[55,37],"tags":[],"class_list":["post-26881","post","type-post","status-publish","format-standard","hentry","category-oulu","category-valokuvaus","latest_post"],"jetpack_publicize_connections":[],"jetpack_featured_media_url":"","jetpack_shortlink":"https:\/\/wp.me\/pr4p4-6Zz","jetpack_sharing_enabled":true,"jetpack_likes_enabled":false,"jetpack-related-posts":[{"id":29735,"url":"https:\/\/www.satokangas.fi\/blogi\/2016\/11\/lumo-oulussa-on-taas-valoa\/","url_meta":{"origin":26881,"position":0},"title":"Lumo &#8211; Oulussa on taas valoa","author":"Reija","date":"24.11.2016","format":false,"excerpt":"\u00b4Valoa Oulu\u00b4, joka t\u00e4n\u00e4 vuonna on saanut nimekseen Lumo, on t\u00e4\u00e4ll\u00e4 taas. Tai tapahtuma alkoi jo viime viikonloppuna, ja jatkuu viel\u00e4 sunnuntaihin asti. Mie p\u00e4\u00e4sin t\u00e4n\u00e4\u00e4n\u00a0sit\u00e4 iltasella kuvailemaan. Monta tuntia kiertelin kaupungilla, harkitsin viel\u00e4 Pikkaralaan l\u00e4ht\u00f6\u00e4, siell\u00e4 olis ollut lossi valaistuna komeasti, mutta jo niin palelin, ett\u00e4 kotiuduin... Monia kohteita\u2026","rel":"","context":"Kategoriassa &quot;Valokuvaus&quot;","block_context":{"text":"Valokuvaus","link":"https:\/\/www.satokangas.fi\/blogi\/category\/valokuvaus\/"},"img":{"alt_text":"lumo-4","src":"https:\/\/i0.wp.com\/www.satokangas.fi\/blogi\/wp-content\/uploads\/2016\/11\/Lumo-4-600x400.jpg?resize=350%2C200&ssl=1","width":350,"height":200,"srcset":"https:\/\/i0.wp.com\/www.satokangas.fi\/blogi\/wp-content\/uploads\/2016\/11\/Lumo-4-600x400.jpg?resize=350%2C200&ssl=1 1x, https:\/\/i0.wp.com\/www.satokangas.fi\/blogi\/wp-content\/uploads\/2016\/11\/Lumo-4-600x400.jpg?resize=525%2C300&ssl=1 1.5x"},"classes":[]},{"id":27446,"url":"https:\/\/www.satokangas.fi\/blogi\/2016\/01\/27446\/","url_meta":{"origin":26881,"position":1},"title":"Ulkopuolella","author":"Reija","date":"25.1.2016","format":false,"excerpt":"\"You have been unsubscribed from the Yo-opettajat mailing list\" viel\u00e4 on n\u00e4it\u00e4 s\u00e4hk\u00f6postilistoja joista uloskirjautumisia pit\u00e4\u00e4 tehd\u00e4... Ainakin kymmenelt\u00e4 olen poistunut, tohtorikoulutukseen liittyv\u00e4t viel\u00e4 pid\u00e4n. Aika lailla olen kyll\u00e4 irtaantunut, ja olen k\u00e4ynyt yliopistolla paljon v\u00e4hemm\u00e4n mit\u00e4 viel\u00e4 syksyll\u00e4 luulin k\u00e4yv\u00e4ni. Ihan vaan tervehdysk\u00e4ynnill\u00e4, ilman mit\u00e4\u00e4n hoidettavaa asiaa, seminaaria, palaveria,\u2026","rel":"","context":"Kategoriassa &quot;Isovanhemmuus&quot;","block_context":{"text":"Isovanhemmuus","link":"https:\/\/www.satokangas.fi\/blogi\/category\/isovanhemmuus\/"},"img":{"alt_text":"Valo-6","src":"https:\/\/i0.wp.com\/www.satokangas.fi\/blogi\/wp-content\/uploads\/2016\/01\/Valo-6-600x296.jpg?resize=350%2C200&ssl=1","width":350,"height":200,"srcset":"https:\/\/i0.wp.com\/www.satokangas.fi\/blogi\/wp-content\/uploads\/2016\/01\/Valo-6-600x296.jpg?resize=350%2C200&ssl=1 1x, https:\/\/i0.wp.com\/www.satokangas.fi\/blogi\/wp-content\/uploads\/2016\/01\/Valo-6-600x296.jpg?resize=525%2C300&ssl=1 1.5x"},"classes":[]},{"id":26744,"url":"https:\/\/www.satokangas.fi\/blogi\/2015\/11\/pizzapalaveri\/","url_meta":{"origin":26881,"position":2},"title":"Pizzapalaveri ja Oulun valot","author":"Reija","date":"5.11.2015","format":false,"excerpt":"valoVOIMAlaitos T\u00e4n\u00e4\u00e4n palaveri tohtoriopiskelijan kanssa, - viimeinen ennen kuin k\u00e4sikirjoitus l\u00e4htee esitarkastukseen. Olen kyll\u00e4 jotensakin satavarma, ett\u00e4 kev\u00e4\u00e4ll\u00e4 saadaan viel\u00e4 v\u00e4it\u00f6stilaisuuskin, ja erkaantumiseni yliopistomaailmasta vahvistuu koko ajan... Kun meill\u00e4 kummallakaan ei en\u00e4\u00e4 ole lipastolla ty\u00f6huonetta p\u00e4\u00e4timme menn\u00e4 Puistolaan pizzalle; sellainen my\u00f6h\u00e4inen ty\u00f6lounas. Mukavastihan se meni, ruoan \u00e4\u00e4ress\u00e4 on hyv\u00e4 palaveerata.\u2026","rel":"","context":"Kategoriassa &quot;Oulu&quot;","block_context":{"text":"Oulu","link":"https:\/\/www.satokangas.fi\/blogi\/category\/oulu\/"},"img":{"alt_text":"Valovoimaa-2","src":"https:\/\/i0.wp.com\/www.satokangas.fi\/blogi\/wp-content\/uploads\/2015\/11\/Valovoimaa-2-568x400.jpg?resize=350%2C200&ssl=1","width":350,"height":200,"srcset":"https:\/\/i0.wp.com\/www.satokangas.fi\/blogi\/wp-content\/uploads\/2015\/11\/Valovoimaa-2-568x400.jpg?resize=350%2C200&ssl=1 1x, https:\/\/i0.wp.com\/www.satokangas.fi\/blogi\/wp-content\/uploads\/2015\/11\/Valovoimaa-2-568x400.jpg?resize=525%2C300&ssl=1 1.5x"},"classes":[]},{"id":37214,"url":"https:\/\/www.satokangas.fi\/blogi\/2019\/09\/tuiraa-kuvailemassa\/","url_meta":{"origin":26881,"position":3},"title":"Tuiraa kuvailemassa","author":"Reija","date":"17.9.2019","format":false,"excerpt":"Taas sellainen kuvausp\u00e4iv\u00e4, ett\u00e4 ne kuvat, jotka \"piti\" ottaa (= aamulla toivottavasti jo viimeisi\u00e4 Porotokka-kuvia ja iltap\u00e4iv\u00e4ll\u00e4 Tuira yms. korttikuvia varten pitkin poikin kaupunkia), eiv\u00e4t ole ollenkaan sellaisia kuin toivoin ja uskoin osaavani ottaa, ja sitten ohimennen, pienen hetken n\u00e4in tuon yll\u00e4 olevan n\u00e4kym\u00e4n. Pienen tovin, vain muutamia otoksia ja\u2026","rel":"","context":"Kategoriassa &quot;Oulu&quot;","block_context":{"text":"Oulu","link":"https:\/\/www.satokangas.fi\/blogi\/category\/oulu\/"},"img":{"alt_text":"","src":"https:\/\/i0.wp.com\/www.satokangas.fi\/blogi\/wp-content\/uploads\/2019\/09\/Tuira-4.jpg?resize=350%2C200&ssl=1","width":350,"height":200,"srcset":"https:\/\/i0.wp.com\/www.satokangas.fi\/blogi\/wp-content\/uploads\/2019\/09\/Tuira-4.jpg?resize=350%2C200&ssl=1 1x, https:\/\/i0.wp.com\/www.satokangas.fi\/blogi\/wp-content\/uploads\/2019\/09\/Tuira-4.jpg?resize=525%2C300&ssl=1 1.5x"},"classes":[]},{"id":36085,"url":"https:\/\/www.satokangas.fi\/blogi\/2019\/03\/radiohiljaisuutta-ja-haloja\/","url_meta":{"origin":26881,"position":4},"title":"Valoa kohti","author":"Reija","date":"13.3.2019","format":false,"excerpt":"Viikon kest\u00e4nyt melkoinen \"radiohiljaisuus\" tai siis bloggaamisen tahmeus taitaa viel\u00e4 t\u00e4n\u00e4\u00e4n jatkua. V\u00e4h\u00e4n kituviikko, unohtelujen viikko, v\u00e4h\u00e4n huono viikko, paljon ep\u00e4mieluisia juttuja sattunut kohdalle joten eip\u00e4 nyt oikein teksti pulppua. Parasta t\u00e4n\u00e4\u00e4n oli, kun olin aika varhain aamulla\u00a0 ennen \u00e4idin l\u00e4\u00e4k\u00e4riss\u00e4 k\u00e4ytt\u00e4mist\u00e4 kuvailemassa, t\u00e4ydent\u00e4m\u00e4ss\u00e4 viel\u00e4 Oulun vanhoja kauniita rakennuksia -kuvaprojektini\u2026","rel":"","context":"Kategoriassa &quot;Oulu&quot;","block_context":{"text":"Oulu","link":"https:\/\/www.satokangas.fi\/blogi\/category\/oulu\/"},"img":{"alt_text":"","src":"https:\/\/i0.wp.com\/www.satokangas.fi\/blogi\/wp-content\/uploads\/2019\/03\/pp-2.jpg?resize=350%2C200&ssl=1","width":350,"height":200,"srcset":"https:\/\/i0.wp.com\/www.satokangas.fi\/blogi\/wp-content\/uploads\/2019\/03\/pp-2.jpg?resize=350%2C200&ssl=1 1x, https:\/\/i0.wp.com\/www.satokangas.fi\/blogi\/wp-content\/uploads\/2019\/03\/pp-2.jpg?resize=525%2C300&ssl=1 1.5x, https:\/\/i0.wp.com\/www.satokangas.fi\/blogi\/wp-content\/uploads\/2019\/03\/pp-2.jpg?resize=700%2C400&ssl=1 2x"},"classes":[]},{"id":32611,"url":"https:\/\/www.satokangas.fi\/blogi\/2017\/11\/lumo-oulussa-valoja-ja-kaupunkikulttuuria\/","url_meta":{"origin":26881,"position":5},"title":"LUMO &#8211; Oulussa valoja ja kaupunkikulttuuria!","author":"Reija","date":"18.11.2017","format":false,"excerpt":"Jo aamulla kerroin assistentilleni, ett\u00e4 kahden j\u00e4lkeen l\u00e4hdemme kaupungille: kuvailemaan, kulkemaan ja sy\u00f6m\u00e4\u00e4n. Pehtoorilla ei ollut mit\u00e4\u00e4n assistentaarismia vastaan. Semminkin kun tiesi, ett\u00e4 olin tehnyt p\u00f6yt\u00e4varauksen Istanbuliin. \u00a0[Huom. keskell\u00e4 kuvaa ryhdikk\u00e4\u00e4sti jalustan kanssa kulkeva mieshenkil\u00f6: assistentti kulkee jo edell\u00e4ni. ] Ensin k\u00e4vimme tervehtim\u00e4ss\u00e4 Tiernapoikia, ja katselemassa kun Rotuaarilla jaettiin t\u00e4m\u00e4n\u2026","rel":"","context":"Kategoriassa &quot;Oulu&quot;","block_context":{"text":"Oulu","link":"https:\/\/www.satokangas.fi\/blogi\/category\/oulu\/"},"img":{"alt_text":"","src":"https:\/\/i0.wp.com\/www.satokangas.fi\/blogi\/wp-content\/uploads\/2017\/11\/Lumo-13.jpg?resize=350%2C200&ssl=1","width":350,"height":200,"srcset":"https:\/\/i0.wp.com\/www.satokangas.fi\/blogi\/wp-content\/uploads\/2017\/11\/Lumo-13.jpg?resize=350%2C200&ssl=1 1x, https:\/\/i0.wp.com\/www.satokangas.fi\/blogi\/wp-content\/uploads\/2017\/11\/Lumo-13.jpg?resize=525%2C300&ssl=1 1.5x, https:\/\/i0.wp.com\/www.satokangas.fi\/blogi\/wp-content\/uploads\/2017\/11\/Lumo-13.jpg?resize=700%2C400&ssl=1 2x"},"classes":[]}],"_links":{"self":[{"href":"https:\/\/www.satokangas.fi\/blogi\/wp-json\/wp\/v2\/posts\/26881","targetHints":{"allow":["GET"]}}],"collection":[{"href":"https:\/\/www.satokangas.fi\/blogi\/wp-json\/wp\/v2\/posts"}],"about":[{"href":"https:\/\/www.satokangas.fi\/blogi\/wp-json\/wp\/v2\/types\/post"}],"author":[{"embeddable":true,"href":"https:\/\/www.satokangas.fi\/blogi\/wp-json\/wp\/v2\/users\/1"}],"replies":[{"embeddable":true,"href":"https:\/\/www.satokangas.fi\/blogi\/wp-json\/wp\/v2\/comments?post=26881"}],"version-history":[{"count":0,"href":"https:\/\/www.satokangas.fi\/blogi\/wp-json\/wp\/v2\/posts\/26881\/revisions"}],"wp:attachment":[{"href":"https:\/\/www.satokangas.fi\/blogi\/wp-json\/wp\/v2\/media?parent=26881"}],"wp:term":[{"taxonomy":"category","embeddable":true,"href":"https:\/\/www.satokangas.fi\/blogi\/wp-json\/wp\/v2\/categories?post=26881"},{"taxonomy":"post_tag","embeddable":true,"href":"https:\/\/www.satokangas.fi\/blogi\/wp-json\/wp\/v2\/tags?post=26881"}],"curies":[{"name":"wp","href":"https:\/\/api.w.org\/{rel}","templated":true}]}}