{"id":2570,"date":"2009-02-23T20:11:57","date_gmt":"2009-02-23T18:11:57","guid":{"rendered":"https:\/\/www.satokangas.fi\/blogi\/?p=2570"},"modified":"2009-02-23T20:12:21","modified_gmt":"2009-02-23T18:12:21","slug":"enka-mina-ikina-opi","status":"publish","type":"post","link":"https:\/\/www.satokangas.fi\/blogi\/2009\/02\/enka-mina-ikina-opi\/","title":{"rendered":"Enk\u00f6 min\u00e4 ikin\u00e4 opi!"},"content":{"rendered":"<p>Olisi osattava olla enemm\u00e4n hiljaa, olisi osattava olla enemm\u00e4n vakavasti otettava opettaja, olisi osattava pysy\u00e4 enemm\u00e4n asiassa, olisi pit\u00e4ydytt\u00e4v\u00e4 tiukasti tieteen tekemisen perusteiden opettamisessa, olisi ennen kaikkea mietitt\u00e4v\u00e4 mit\u00e4 kaikkea sanoo. Olisiko? Luulen niin.<\/p>\n<p>Siit\u00e4 huolimatta t\u00e4n\u00e4\u00e4n oli hyv\u00e4 proseminaari-istunto. Minun mielest\u00e4ni.<\/p>\n<p>Ja pitk\u00e4st\u00e4 aikaa oli pitk\u00e4 ty\u00f6p\u00e4iv\u00e4. Ja nyt viel\u00e4 jatkuu&#8230;.<\/p>\n","protected":false},"excerpt":{"rendered":"<p>Olisi osattava olla enemm\u00e4n hiljaa, olisi osattava olla enemm\u00e4n vakavasti otettava opettaja, olisi osattava pysy\u00e4 enemm\u00e4n asiassa, olisi pit\u00e4ydytt\u00e4v\u00e4 tiukasti tieteen tekemisen perusteiden opettamisessa, olisi ennen kaikkea mietitt\u00e4v\u00e4 mit\u00e4 kaikkea sanoo. Olisiko? Luulen niin. Siit\u00e4 huolimatta t\u00e4n\u00e4\u00e4n oli hyv\u00e4 proseminaari-istunto. Minun mielest\u00e4ni. Ja pitk\u00e4st\u00e4 aikaa oli pitk\u00e4 ty\u00f6p\u00e4iv\u00e4. Ja nyt viel\u00e4 jatkuu&#8230;.<\/p>\n","protected":false},"author":1,"featured_media":0,"comment_status":"open","ping_status":"open","sticky":false,"template":"","format":"standard","meta":{"jetpack_post_was_ever_published":false,"_jetpack_newsletter_access":"","_jetpack_dont_email_post_to_subs":false,"_jetpack_newsletter_tier_id":0,"_jetpack_memberships_contains_paywalled_content":false,"_jetpack_memberships_contains_paid_content":false,"footnotes":"","jetpack_publicize_message":"","jetpack_publicize_feature_enabled":true,"jetpack_social_post_already_shared":false,"jetpack_social_options":{"image_generator_settings":{"template":"highway","default_image_id":0,"font":"","enabled":false},"version":2}},"categories":[1,32],"tags":[],"class_list":["post-2570","post","type-post","status-publish","format-standard","hentry","category-aiheeton","category-yliopistoelamaa","latest_post"],"jetpack_publicize_connections":[],"jetpack_featured_media_url":"","jetpack_shortlink":"https:\/\/wp.me\/pr4p4-Fs","jetpack_sharing_enabled":true,"jetpack_likes_enabled":false,"jetpack-related-posts":[{"id":45522,"url":"https:\/\/www.satokangas.fi\/blogi\/2023\/05\/on-paastettava-irti\/","url_meta":{"origin":2570,"position":0},"title":"On p\u00e4\u00e4stett\u00e4v\u00e4 irti","author":"Reija","date":"12.5.2023","format":false,"excerpt":"K\u00e4vimme teatterissa: Pienen hauen pyydystys Luin kirjan muutama vuosi sitten, heti silloin kuin se ilmestyi, ja tykk\u00e4sin ihan mahdottomasti. T\u00e4m\u00e4h\u00e4n ei useinkaan ole hyv\u00e4 j\u00e4rjestys: siis lukea ensin kirja ja sitten katsoa elokuva tai teatteriesitys. Avoimin mielin kuitenkin l\u00e4hdimme toukokuista kahden hengen humputteluiltaa viett\u00e4m\u00e4\u00e4n. Ennen teatteria k\u00e4vimme sy\u00f6m\u00e4ss\u00e4: Da Marion\u2026","rel":"","context":"Kategoriassa &quot;Niit\u00e4 n\u00e4it\u00e4&quot;","block_context":{"text":"Niit\u00e4 n\u00e4it\u00e4","link":"https:\/\/www.satokangas.fi\/blogi\/category\/aiheeton\/"},"img":{"alt_text":"","src":"https:\/\/i0.wp.com\/www.satokangas.fi\/blogi\/wp-content\/uploads\/2023\/05\/IMG_20230512_214220.jpg?resize=350%2C200&ssl=1","width":350,"height":200,"srcset":"https:\/\/i0.wp.com\/www.satokangas.fi\/blogi\/wp-content\/uploads\/2023\/05\/IMG_20230512_214220.jpg?resize=350%2C200&ssl=1 1x, https:\/\/i0.wp.com\/www.satokangas.fi\/blogi\/wp-content\/uploads\/2023\/05\/IMG_20230512_214220.jpg?resize=525%2C300&ssl=1 1.5x, https:\/\/i0.wp.com\/www.satokangas.fi\/blogi\/wp-content\/uploads\/2023\/05\/IMG_20230512_214220.jpg?resize=700%2C400&ssl=1 2x, https:\/\/i0.wp.com\/www.satokangas.fi\/blogi\/wp-content\/uploads\/2023\/05\/IMG_20230512_214220.jpg?resize=1050%2C600&ssl=1 3x"},"classes":[]},{"id":39763,"url":"https:\/\/www.satokangas.fi\/blogi\/2020\/11\/onko-vasta-marraskuu\/","url_meta":{"origin":2570,"position":1},"title":"Onko vasta marraskuu?","author":"Reija","date":"27.11.2020","format":false,"excerpt":"Yht\u00e4kki\u00e4 kesken p\u00e4iv\u00e4n vai oliko se aamu, ehk\u00e4 sittenkin aamuy\u00f6, jolloin pienen h\u00e4iv\u00e4ht\u00e4v\u00e4n hetken ajattelin, ett\u00e4 onneksi minulla ei t\u00e4n\u00e4\u00e4n ole opetusta. Ei liven\u00e4, saatikka et\u00e4n\u00e4, ei mit\u00e4\u00e4n Teams-seminaaria. Ei tenttivastauspinoa, ei loputtomia palavereita, ei pitki\u00e4 s\u00e4hk\u00f6postiketjuja, ei artikkeli- tai kandik\u00e4ss\u00e4reit\u00e4 --- [Huomaatteko, ker\u00e4\u00e4n mielikuvaani vain niit\u00e4 asioita, jotka joskus\u2026","rel":"","context":"Kategoriassa &quot;Isovanhemmuus&quot;","block_context":{"text":"Isovanhemmuus","link":"https:\/\/www.satokangas.fi\/blogi\/category\/isovanhemmuus\/"},"img":{"alt_text":"","src":"https:\/\/i0.wp.com\/www.satokangas.fi\/blogi\/wp-content\/uploads\/2020\/11\/mummin_paiva-3.jpg?resize=350%2C200&ssl=1","width":350,"height":200,"srcset":"https:\/\/i0.wp.com\/www.satokangas.fi\/blogi\/wp-content\/uploads\/2020\/11\/mummin_paiva-3.jpg?resize=350%2C200&ssl=1 1x, https:\/\/i0.wp.com\/www.satokangas.fi\/blogi\/wp-content\/uploads\/2020\/11\/mummin_paiva-3.jpg?resize=525%2C300&ssl=1 1.5x, https:\/\/i0.wp.com\/www.satokangas.fi\/blogi\/wp-content\/uploads\/2020\/11\/mummin_paiva-3.jpg?resize=700%2C400&ssl=1 2x"},"classes":[]},{"id":39154,"url":"https:\/\/www.satokangas.fi\/blogi\/2020\/08\/pieni-on-kaunista\/","url_meta":{"origin":2570,"position":2},"title":"Pieni on kaunista","author":"Reija","date":"12.8.2020","format":false,"excerpt":"Pieni on kaunista. On oltava aikaa katsoa, on osattava katsoa, on pys\u00e4hdytt\u00e4v\u00e4. L\u00e4helt\u00e4 moni asia n\u00e4ytt\u00e4\u00e4 erilt\u00e4 kuin kauempaa... Ja niinh\u00e4n se sitten k\u00e4vi, ett\u00e4 juuri sen puolitoista tuntia, kun olin aamup\u00e4iv\u00e4ll\u00e4 - yksin -\u00a0 py\u00f6r\u00e4ll\u00e4 polkemassa, tunturissa, - juuri silloin satoi vett\u00e4. Mutta min\u00e4h\u00e4n en ole sokerista (kertak\u00e4ytt\u00f6sadetakkki ei\u2026","rel":"","context":"Kategoriassa &quot;Isovanhemmuus&quot;","block_context":{"text":"Isovanhemmuus","link":"https:\/\/www.satokangas.fi\/blogi\/category\/isovanhemmuus\/"},"img":{"alt_text":"","src":"https:\/\/i0.wp.com\/www.satokangas.fi\/blogi\/wp-content\/uploads\/2020\/08\/2-15.jpg?resize=350%2C200&ssl=1","width":350,"height":200,"srcset":"https:\/\/i0.wp.com\/www.satokangas.fi\/blogi\/wp-content\/uploads\/2020\/08\/2-15.jpg?resize=350%2C200&ssl=1 1x, https:\/\/i0.wp.com\/www.satokangas.fi\/blogi\/wp-content\/uploads\/2020\/08\/2-15.jpg?resize=525%2C300&ssl=1 1.5x, https:\/\/i0.wp.com\/www.satokangas.fi\/blogi\/wp-content\/uploads\/2020\/08\/2-15.jpg?resize=700%2C400&ssl=1 2x"},"classes":[]},{"id":30867,"url":"https:\/\/www.satokangas.fi\/blogi\/2017\/06\/viikko-kuvia-ja-sukupolvien-valissa\/","url_meta":{"origin":2570,"position":3},"title":"Viikko kuvia ja sukupolvien v\u00e4liss\u00e4","author":"Reija","date":"2.6.2017","format":false,"excerpt":"Kuvank\u00e4sittely\u00e4. Sit\u00e4h\u00e4n se t\u00e4m\u00e4 viikko on paljolti ollut. Ja eloa ja oloa sukupolvien keskell\u00e4. T\u00e4n\u00e4\u00e4nkin ihan huikea Apsu-p\u00e4iv\u00e4, maanantaina \u00e4idin luona \"konmarittaessa\" (= kaappien siivousta ja tyhjennyst\u00e4, kev\u00e4tsiivousta) ja puhelinp\u00e4ivystyst\u00e4 aina v\u00e4h\u00e4n. Kuvat suurenevat klikkaamalla. Ja ohessa, v\u00e4liss\u00e4, ennen ja j\u00e4lkeen kuvank\u00e4sittely\u00e4: maanantaina on deadline kuvien palauttamiselle viikon p\u00e4\u00e4st\u00e4 olevaan\u2026","rel":"","context":"Kategoriassa &quot;VAT&quot;","block_context":{"text":"VAT","link":"https:\/\/www.satokangas.fi\/blogi\/category\/valokuvaus\/vat\/"},"img":{"alt_text":"","src":"https:\/\/i0.wp.com\/www.satokangas.fi\/blogi\/wp-content\/uploads\/2017\/06\/1_-6-764x400.jpg?resize=350%2C200&ssl=1","width":350,"height":200,"srcset":"https:\/\/i0.wp.com\/www.satokangas.fi\/blogi\/wp-content\/uploads\/2017\/06\/1_-6-764x400.jpg?resize=350%2C200&ssl=1 1x, https:\/\/i0.wp.com\/www.satokangas.fi\/blogi\/wp-content\/uploads\/2017\/06\/1_-6-764x400.jpg?resize=525%2C300&ssl=1 1.5x, https:\/\/i0.wp.com\/www.satokangas.fi\/blogi\/wp-content\/uploads\/2017\/06\/1_-6-764x400.jpg?resize=700%2C400&ssl=1 2x"},"classes":[]},{"id":18681,"url":"https:\/\/www.satokangas.fi\/blogi\/2013\/09\/ruokabloggaajaksi-ei-ole\/","url_meta":{"origin":2570,"position":4},"title":"Ruokabloggaajaksi ei ole","author":"Reija","date":"7.9.2013","format":false,"excerpt":"Tiesitk\u00f6 ett\u00e4 Suomessa on 3000 ruokablogia! Kolmetuhatta! Gloria-lehti on taas j\u00e4rjest\u00e4nyt \u00e4\u00e4nestyksen suosituimmasta ruokablogista, muitakin sarjoja on.\u00a0Hienoa blogeja on taas ehdolla: http:\/\/www.gloria.fi\/artikkeli\/osallistu\/gloria_blog_awards\/paras_ruokablogi Ja minun bloginihan ei kuulu niihin, ei ruokablogeihin saatikka ehdollaoleviin. T\u00e4m\u00e4 kun ei ole ruokablogi. Eik\u00e4 t\u00e4m\u00e4 ole historiablogi, eik\u00e4 todellakaan nykyisin niin muodikas muotiblogi. Ei matkablogi, ei\u2026","rel":"","context":"Kategoriassa &quot;Bloggailu&quot;","block_context":{"text":"Bloggailu","link":"https:\/\/www.satokangas.fi\/blogi\/category\/bloggailu\/"},"img":{"alt_text":"kuhaa","src":"https:\/\/i0.wp.com\/www.satokangas.fi\/blogi\/wp-content\/uploads\/2013\/09\/kuhaa-600x400.jpg?resize=350%2C200&ssl=1","width":350,"height":200,"srcset":"https:\/\/i0.wp.com\/www.satokangas.fi\/blogi\/wp-content\/uploads\/2013\/09\/kuhaa-600x400.jpg?resize=350%2C200&ssl=1 1x, https:\/\/i0.wp.com\/www.satokangas.fi\/blogi\/wp-content\/uploads\/2013\/09\/kuhaa-600x400.jpg?resize=525%2C300&ssl=1 1.5x"},"classes":[]},{"id":51589,"url":"https:\/\/www.satokangas.fi\/blogi\/2024\/12\/nyt-joulu\/","url_meta":{"origin":2570,"position":5},"title":"Nyt joulu","author":"Reija","date":"25.12.2024","format":false,"excerpt":"Joulu. Onhan se viel\u00e4, itse asiassa juuri NYT. Taas kerran havahdun siihen, ett\u00e4 joulu on parasta sit\u00e4 odottaessa, tai sit\u00e4 kohti menness\u00e4. Kuinka usein olenkaan lainannut kuuluisaa maailmankirjallisuuden tunnettua hahmoa, joka toteaa: \"Hetki ennen hunajapurkin avaamista on paras\".\u00a0 Nalle Puhin l\u00e4htem\u00e4tt\u00f6m\u00e4\u00e4n lausahdukseen voisin oikeastaan lis\u00e4t\u00e4, ett\u00e4 j\u00e4nnitt\u00e4vin. El\u00e4m\u00e4 on opettanut,\u2026","rel":"","context":"Kategoriassa &quot;Joulu&quot;","block_context":{"text":"Joulu","link":"https:\/\/www.satokangas.fi\/blogi\/category\/joulu\/"},"img":{"alt_text":"","src":"https:\/\/i0.wp.com\/www.satokangas.fi\/blogi\/wp-content\/uploads\/2024\/12\/25.jpg?resize=350%2C200&ssl=1","width":350,"height":200,"srcset":"https:\/\/i0.wp.com\/www.satokangas.fi\/blogi\/wp-content\/uploads\/2024\/12\/25.jpg?resize=350%2C200&ssl=1 1x, https:\/\/i0.wp.com\/www.satokangas.fi\/blogi\/wp-content\/uploads\/2024\/12\/25.jpg?resize=525%2C300&ssl=1 1.5x, https:\/\/i0.wp.com\/www.satokangas.fi\/blogi\/wp-content\/uploads\/2024\/12\/25.jpg?resize=700%2C400&ssl=1 2x"},"classes":[]}],"_links":{"self":[{"href":"https:\/\/www.satokangas.fi\/blogi\/wp-json\/wp\/v2\/posts\/2570","targetHints":{"allow":["GET"]}}],"collection":[{"href":"https:\/\/www.satokangas.fi\/blogi\/wp-json\/wp\/v2\/posts"}],"about":[{"href":"https:\/\/www.satokangas.fi\/blogi\/wp-json\/wp\/v2\/types\/post"}],"author":[{"embeddable":true,"href":"https:\/\/www.satokangas.fi\/blogi\/wp-json\/wp\/v2\/users\/1"}],"replies":[{"embeddable":true,"href":"https:\/\/www.satokangas.fi\/blogi\/wp-json\/wp\/v2\/comments?post=2570"}],"version-history":[{"count":0,"href":"https:\/\/www.satokangas.fi\/blogi\/wp-json\/wp\/v2\/posts\/2570\/revisions"}],"wp:attachment":[{"href":"https:\/\/www.satokangas.fi\/blogi\/wp-json\/wp\/v2\/media?parent=2570"}],"wp:term":[{"taxonomy":"category","embeddable":true,"href":"https:\/\/www.satokangas.fi\/blogi\/wp-json\/wp\/v2\/categories?post=2570"},{"taxonomy":"post_tag","embeddable":true,"href":"https:\/\/www.satokangas.fi\/blogi\/wp-json\/wp\/v2\/tags?post=2570"}],"curies":[{"name":"wp","href":"https:\/\/api.w.org\/{rel}","templated":true}]}}