{"id":25266,"date":"2015-07-18T16:56:34","date_gmt":"2015-07-18T13:56:34","guid":{"rendered":"https:\/\/www.satokangas.fi\/blogi\/?p=25266"},"modified":"2015-07-18T16:56:34","modified_gmt":"2015-07-18T13:56:34","slug":"kastajaisten-jalkeen-vol-i","status":"publish","type":"post","link":"https:\/\/www.satokangas.fi\/blogi\/2015\/07\/kastajaisten-jalkeen-vol-i\/","title":{"rendered":"Kastajaisten j\u00e4lkeen (vol. I)"},"content":{"rendered":"<p style=\"text-align: center;\"><span style=\"color: #808080;\">Min\u00e4p\u00e4 olen k\u00e4ynyt kastajaisten j\u00e4lkeen Satokankaan Aatun kanssa iltak\u00e4velyll\u00e4.\u00a0<\/span><\/p>\n<p style=\"text-align: center;\"><a href=\"https:\/\/www.satokangas.fi\/blogi\/wp-content\/uploads\/2015\/07\/Kastajaiset-8.jpg\"><img loading=\"lazy\" decoding=\"async\" data-attachment-id=\"25267\" data-permalink=\"https:\/\/www.satokangas.fi\/blogi\/2015\/07\/kastajaisten-jalkeen-vol-i\/kastajaiset-8\/\" data-orig-file=\"https:\/\/www.satokangas.fi\/blogi\/wp-content\/uploads\/2015\/07\/Kastajaiset-8.jpg\" data-orig-size=\"713,1000\" data-comments-opened=\"1\" data-image-meta=\"{&quot;aperture&quot;:&quot;0&quot;,&quot;credit&quot;:&quot;Reija Satokangas&quot;,&quot;camera&quot;:&quot;&quot;,&quot;caption&quot;:&quot;&quot;,&quot;created_timestamp&quot;:&quot;0&quot;,&quot;copyright&quot;:&quot;&quot;,&quot;focal_length&quot;:&quot;0&quot;,&quot;iso&quot;:&quot;0&quot;,&quot;shutter_speed&quot;:&quot;0&quot;,&quot;title&quot;:&quot;&quot;,&quot;orientation&quot;:&quot;0&quot;}\" data-image-title=\"Kastajaiset-8\" data-image-description=\"\" data-image-caption=\"\" data-large-file=\"https:\/\/www.satokangas.fi\/blogi\/wp-content\/uploads\/2015\/07\/Kastajaiset-8.jpg\" class=\"aligncenter size-medium wp-image-25267\" src=\"https:\/\/www.satokangas.fi\/blogi\/wp-content\/uploads\/2015\/07\/Kastajaiset-8-285x400.jpg\" alt=\"Kastajaiset-8\" width=\"285\" height=\"400\" srcset=\"https:\/\/www.satokangas.fi\/blogi\/wp-content\/uploads\/2015\/07\/Kastajaiset-8-285x400.jpg 285w, https:\/\/www.satokangas.fi\/blogi\/wp-content\/uploads\/2015\/07\/Kastajaiset-8-214x300.jpg 214w, https:\/\/www.satokangas.fi\/blogi\/wp-content\/uploads\/2015\/07\/Kastajaiset-8.jpg 713w\" sizes=\"auto, (max-width: 285px) 100vw, 285px\" \/><\/a><\/p>\n<p style=\"text-align: center;\">Hieno p\u00e4iv\u00e4. Onnellinen olo.<\/p>\n<p style=\"text-align: center;\">\n","protected":false},"excerpt":{"rendered":"<p>Min\u00e4p\u00e4 olen k\u00e4ynyt kastajaisten j\u00e4lkeen Satokankaan Aatun kanssa iltak\u00e4velyll\u00e4.\u00a0 Hieno p\u00e4iv\u00e4. Onnellinen olo.<\/p>\n","protected":false},"author":1,"featured_media":0,"comment_status":"open","ping_status":"open","sticky":false,"template":"","format":"standard","meta":{"jetpack_post_was_ever_published":false,"_jetpack_newsletter_access":"","_jetpack_dont_email_post_to_subs":false,"_jetpack_newsletter_tier_id":0,"_jetpack_memberships_contains_paywalled_content":false,"_jetpack_memberships_contains_paid_content":false,"footnotes":"","jetpack_publicize_message":"","jetpack_publicize_feature_enabled":true,"jetpack_social_post_already_shared":true,"jetpack_social_options":{"image_generator_settings":{"template":"highway","default_image_id":0,"font":"","enabled":false},"version":2}},"categories":[75],"tags":[],"class_list":["post-25266","post","type-post","status-publish","format-standard","hentry","category-isovanhemmuus","latest_post"],"jetpack_publicize_connections":[],"jetpack_featured_media_url":"","jetpack_shortlink":"https:\/\/wp.me\/pr4p4-6zw","jetpack_sharing_enabled":true,"jetpack_likes_enabled":false,"jetpack-related-posts":[{"id":25269,"url":"https:\/\/www.satokangas.fi\/blogi\/2015\/07\/kastajaisten-jalkeen-vol-ii\/","url_meta":{"origin":25266,"position":0},"title":"Kastajaisten j\u00e4lkeen (vol. II)","author":"Reija","date":"19.7.2015","format":false,"excerpt":"Johan t\u00e4ss\u00e4 pari p\u00e4iv\u00e4\u00e4 olen v\u00e4h\u00e4n herkill\u00e4 ollut. Viel\u00e4 t\u00e4n\u00e4\u00e4n aamulla lenkill\u00e4 - pienen, ohuen sateen tehdess\u00e4 hyv\u00e4\u00e4 kasvoille - kuuntelin t\u00e4t\u00e4 Hectorin uusimman levyn \"Hauras\"-nimikkokappaletta\u00a0ja\u00a0sain kyyneleet silmiini. Niin suurta on synty\u00e4 Hetki kaunis s\u00e4ihkyv\u00e4 Kun kaikki on edess\u00e4 Aika matkaan l\u00e4hte\u00e4 N\u00e4hd\u00e4\u00a0kauas niin l\u00e4helt\u00e4 My\u00f6s taivaan t\u00e4ysi t\u00e4hti\u00e4 Olla\u2026","rel":"","context":"Kategoriassa &quot;Isovanhemmuus&quot;","block_context":{"text":"Isovanhemmuus","link":"https:\/\/www.satokangas.fi\/blogi\/category\/isovanhemmuus\/"},"img":{"alt_text":"Kastajaiset-17","src":"https:\/\/i0.wp.com\/www.satokangas.fi\/blogi\/wp-content\/uploads\/2015\/07\/Kastajaiset-17-600x400.jpg?resize=350%2C200&ssl=1","width":350,"height":200,"srcset":"https:\/\/i0.wp.com\/www.satokangas.fi\/blogi\/wp-content\/uploads\/2015\/07\/Kastajaiset-17-600x400.jpg?resize=350%2C200&ssl=1 1x, https:\/\/i0.wp.com\/www.satokangas.fi\/blogi\/wp-content\/uploads\/2015\/07\/Kastajaiset-17-600x400.jpg?resize=525%2C300&ssl=1 1.5x"},"classes":[]},{"id":47338,"url":"https:\/\/www.satokangas.fi\/blogi\/2023\/10\/kastejuhlan-jalkeen-2\/","url_meta":{"origin":25266,"position":1},"title":"Kastejuhlan j\u00e4lkeen","author":"Reija","date":"16.10.2023","format":false,"excerpt":"Palatakseni lauantaihin, kolmannen lapsenlapsemme kastajaisiin. Ne olivat hyvin perinteiset, tai ehk\u00e4 perinteisi\u00e4 pienimuotoisemmat pienet juhlat. Meit\u00e4 oli paikalla vauvan, vanhempiensa sek\u00e4 j\u00e4rvenp\u00e4\u00e4l\u00e4isen oikein mukavan naispapin lis\u00e4ksi my\u00f6s V\u00e4vyn vanhemmat, jotka hekin tulivat Oulusta, me Pehtoorin kanssa, sylikummiksi p\u00e4\u00e4ssyt Juniori,\u00a0 sek\u00e4 Mini\u00e4, Apsu ja Eevis. Mukana oli my\u00f6s Tytt\u00e4remme bestis A.,\u2026","rel":"","context":"Kategoriassa &quot;Isovanhemmuus&quot;","block_context":{"text":"Isovanhemmuus","link":"https:\/\/www.satokangas.fi\/blogi\/category\/isovanhemmuus\/"},"img":{"alt_text":"","src":"https:\/\/i0.wp.com\/www.satokangas.fi\/blogi\/wp-content\/uploads\/2023\/10\/Kastajaiset-7.jpg?resize=350%2C200&ssl=1","width":350,"height":200},"classes":[]},{"id":25261,"url":"https:\/\/www.satokangas.fi\/blogi\/2015\/07\/ennen-kastajaisia\/","url_meta":{"origin":25266,"position":2},"title":"Ennen kastajaisia","author":"Reija","date":"17.7.2015","format":false,"excerpt":"Oulussa on ollut kes\u00e4 t\u00e4n\u00e4\u00e4n. Jo varhain aamulla tuntui, ett\u00e4 hyv\u00e4 p\u00e4iv\u00e4h\u00e4n t\u00e4st\u00e4. Eik\u00e4 tunne ollut aiheeton... Kuppikakut onnistuivat paremmin kuin edellinen koe-er\u00e4. P\u00e4iv\u00e4ll\u00e4 Mini\u00e4 k\u00e4rsiv\u00e4llisyydell\u00e4\u00e4n tuli ne koristelemaan. Ja gluteeniton kakkukin onnistui kerta yritt\u00e4m\u00e4ll\u00e4. Tehtiin iltap\u00e4iv\u00e4 porukalla kaikkea valmistelevaa... Kun ei kuitenkaan vain\u00a0ihan\u00a0pienet kahvikestit\u00a0ole tulossa... Sitten ryhdyin sellaiseen pipertelyyn,\u2026","rel":"","context":"Kategoriassa &quot;Isovanhemmuus&quot;","block_context":{"text":"Isovanhemmuus","link":"https:\/\/www.satokangas.fi\/blogi\/category\/isovanhemmuus\/"},"img":{"alt_text":"Kastajaiset-6","src":"https:\/\/i0.wp.com\/www.satokangas.fi\/blogi\/wp-content\/uploads\/2015\/07\/Kastajaiset-6-600x338.jpg?resize=350%2C200&ssl=1","width":350,"height":200,"srcset":"https:\/\/i0.wp.com\/www.satokangas.fi\/blogi\/wp-content\/uploads\/2015\/07\/Kastajaiset-6-600x338.jpg?resize=350%2C200&ssl=1 1x, https:\/\/i0.wp.com\/www.satokangas.fi\/blogi\/wp-content\/uploads\/2015\/07\/Kastajaiset-6-600x338.jpg?resize=525%2C300&ssl=1 1.5x"},"classes":[]},{"id":34735,"url":"https:\/\/www.satokangas.fi\/blogi\/2018\/09\/miljoona-kayntia\/","url_meta":{"origin":25266,"position":3},"title":"Miljoona k\u00e4ynti\u00e4!!","author":"Reija","date":"3.9.2018","format":false,"excerpt":"T\u00e4m\u00e4 blogini on \"virallisesti\" saavuttanut miljoonan k\u00e4vij\u00e4n rajan! Kiitos jokaiselle k\u00e4vij\u00e4lle, jokaiselle mukana olleelle, seuraajalle, kommentoijalle, piipahtajalle... kiitos kaikille. Ilman k\u00e4yntej\u00e4nne t\u00e4t\u00e4 blogia ei olisi!\u00a0 T\u00e4n\u00e4\u00e4n aamulla - aiemmin kuin itse uskoin - laskuri n\u00e4ytti miljoonan k\u00e4vij\u00e4n m\u00e4\u00e4r\u00e4n rikkoutuvan. Itse arvelin ett\u00e4 vasta huomenna, mutta viikonloppuna on ollut paljon liikennett\u00e4.\u2026","rel":"","context":"Kategoriassa &quot;Bloggailu&quot;","block_context":{"text":"Bloggailu","link":"https:\/\/www.satokangas.fi\/blogi\/category\/bloggailu\/"},"img":{"alt_text":"","src":"https:\/\/i0.wp.com\/www.satokangas.fi\/blogi\/wp-content\/uploads\/2018\/09\/22-4.jpg?resize=350%2C200&ssl=1","width":350,"height":200,"srcset":"https:\/\/i0.wp.com\/www.satokangas.fi\/blogi\/wp-content\/uploads\/2018\/09\/22-4.jpg?resize=350%2C200&ssl=1 1x, https:\/\/i0.wp.com\/www.satokangas.fi\/blogi\/wp-content\/uploads\/2018\/09\/22-4.jpg?resize=525%2C300&ssl=1 1.5x, https:\/\/i0.wp.com\/www.satokangas.fi\/blogi\/wp-content\/uploads\/2018\/09\/22-4.jpg?resize=700%2C400&ssl=1 2x"},"classes":[]},{"id":25092,"url":"https:\/\/www.satokangas.fi\/blogi\/2015\/07\/kaupunkireissulta-kreikkaan\/","url_meta":{"origin":25266,"position":4},"title":"Kaupunkireissulta Kreikkaan","author":"Reija","date":"3.7.2015","format":false,"excerpt":"Ei ihan turha ja huono p\u00e4iv\u00e4 sittenk\u00e4\u00e4n. Nolla plus. Aamulla k\u00e4velin kosteassa, tuoksuvassa, aurinkoisessa s\u00e4\u00e4ss\u00e4 kaupunkiin. Kampaajalle menin. Ja sen j\u00e4lkeen hoitelin muita \"r\u00e4stijuttuja\" pois p\u00e4iv\u00e4j\u00e4rjestyksest\u00e4: Oulu Kympist\u00e4 hain vihdoin Oulun ulkoilukartan; vanhan sai ilmaiseksi, uudesta olisi pit\u00e4nyt maksaa 7,20; otin vanhan. Me voidaan ulkoilla vanhoillakin reiteill\u00e4. ;) . Rotuaarille\u2026","rel":"","context":"Kategoriassa &quot;Vanhemmuus&quot;","block_context":{"text":"Vanhemmuus","link":"https:\/\/www.satokangas.fi\/blogi\/category\/vanhemmuus\/"},"img":{"alt_text":"1-19","src":"https:\/\/i0.wp.com\/www.satokangas.fi\/blogi\/wp-content\/uploads\/2015\/07\/1-19-400x400.jpg?resize=350%2C200&ssl=1","width":350,"height":200},"classes":[]},{"id":38624,"url":"https:\/\/www.satokangas.fi\/blogi\/2020\/05\/aitienpaivamuistoja\/","url_meta":{"origin":25266,"position":5},"title":"\u00c4itienp\u00e4iv\u00e4muistoja","author":"Reija","date":"8.5.2020","format":false,"excerpt":"On \u00e4itienp\u00e4iv\u00e4viikonloppu [t\u00e4st\u00e4 tulee pitk\u00e4, varoitan]. On 30 vuotta siit\u00e4, kun olin ensimm\u00e4ist\u00e4 kertaa \u00e4iti \u00e4itienp\u00e4iv\u00e4n\u00e4. Se ensimm\u00e4inen on varmasti ikimuistoinen kaikille \u00e4ideille. Minulle se tuli mieleen nyt, koska systerin kanssa pohdittiin, milloin aikuisi\u00e4ss\u00e4 on ollut pisin \"poissa kaupasta\" -ajanjakso tai muutoin julkisilla paikoilla k\u00e4ynnist\u00e4. Sisaren parin kuukauden karanteeni on\u2026","rel":"","context":"Kategoriassa &quot;Niit\u00e4 n\u00e4it\u00e4&quot;","block_context":{"text":"Niit\u00e4 n\u00e4it\u00e4","link":"https:\/\/www.satokangas.fi\/blogi\/category\/aiheeton\/"},"img":{"alt_text":"","src":"https:\/\/i0.wp.com\/www.satokangas.fi\/blogi\/wp-content\/uploads\/2020\/05\/After.jpg?resize=350%2C200&ssl=1","width":350,"height":200},"classes":[]}],"_links":{"self":[{"href":"https:\/\/www.satokangas.fi\/blogi\/wp-json\/wp\/v2\/posts\/25266","targetHints":{"allow":["GET"]}}],"collection":[{"href":"https:\/\/www.satokangas.fi\/blogi\/wp-json\/wp\/v2\/posts"}],"about":[{"href":"https:\/\/www.satokangas.fi\/blogi\/wp-json\/wp\/v2\/types\/post"}],"author":[{"embeddable":true,"href":"https:\/\/www.satokangas.fi\/blogi\/wp-json\/wp\/v2\/users\/1"}],"replies":[{"embeddable":true,"href":"https:\/\/www.satokangas.fi\/blogi\/wp-json\/wp\/v2\/comments?post=25266"}],"version-history":[{"count":0,"href":"https:\/\/www.satokangas.fi\/blogi\/wp-json\/wp\/v2\/posts\/25266\/revisions"}],"wp:attachment":[{"href":"https:\/\/www.satokangas.fi\/blogi\/wp-json\/wp\/v2\/media?parent=25266"}],"wp:term":[{"taxonomy":"category","embeddable":true,"href":"https:\/\/www.satokangas.fi\/blogi\/wp-json\/wp\/v2\/categories?post=25266"},{"taxonomy":"post_tag","embeddable":true,"href":"https:\/\/www.satokangas.fi\/blogi\/wp-json\/wp\/v2\/tags?post=25266"}],"curies":[{"name":"wp","href":"https:\/\/api.w.org\/{rel}","templated":true}]}}