{"id":25261,"date":"2015-07-17T20:29:23","date_gmt":"2015-07-17T17:29:23","guid":{"rendered":"https:\/\/www.satokangas.fi\/blogi\/?p=25261"},"modified":"2015-07-17T21:40:55","modified_gmt":"2015-07-17T18:40:55","slug":"ennen-kastajaisia","status":"publish","type":"post","link":"https:\/\/www.satokangas.fi\/blogi\/2015\/07\/ennen-kastajaisia\/","title":{"rendered":"Ennen kastajaisia"},"content":{"rendered":"<p>Oulussa on ollut kes\u00e4 t\u00e4n\u00e4\u00e4n.<\/p>\n<p>Jo varhain aamulla tuntui, ett\u00e4 hyv\u00e4 p\u00e4iv\u00e4h\u00e4n t\u00e4st\u00e4. Eik\u00e4 tunne ollut aiheeton&#8230;<\/p>\n<p>Kuppikakut onnistuivat paremmin kuin edellinen koe-er\u00e4. P\u00e4iv\u00e4ll\u00e4 Mini\u00e4 k\u00e4rsiv\u00e4llisyydell\u00e4\u00e4n tuli ne koristelemaan. Ja gluteeniton kakkukin onnistui kerta yritt\u00e4m\u00e4ll\u00e4. Tehtiin iltap\u00e4iv\u00e4 porukalla kaikkea valmistelevaa&#8230; Kun ei kuitenkaan vain\u00a0ihan\u00a0pienet kahvikestit\u00a0ole tulossa&#8230;<\/p>\n<p>Sitten ryhdyin sellaiseen pipertelyyn, mihin en koskaan olisi uskonut: pieni\u00e4 rusetteja pinocchio-kakun pintaan &#8230;<\/p>\n<p style=\"text-align: center;\"><a href=\"https:\/\/www.satokangas.fi\/blogi\/wp-content\/uploads\/2015\/07\/Kastajaiset-6.jpg\"><img loading=\"lazy\" decoding=\"async\" data-attachment-id=\"25262\" data-permalink=\"https:\/\/www.satokangas.fi\/blogi\/2015\/07\/ennen-kastajaisia\/kastajaiset-6\/\" data-orig-file=\"https:\/\/www.satokangas.fi\/blogi\/wp-content\/uploads\/2015\/07\/Kastajaiset-6.jpg\" data-orig-size=\"1600,900\" data-comments-opened=\"1\" data-image-meta=\"{&quot;aperture&quot;:&quot;2.2&quot;,&quot;credit&quot;:&quot;Reija Satokangas&quot;,&quot;camera&quot;:&quot;Lumia 1020&quot;,&quot;caption&quot;:&quot;&quot;,&quot;created_timestamp&quot;:&quot;1437154235&quot;,&quot;copyright&quot;:&quot;&quot;,&quot;focal_length&quot;:&quot;0&quot;,&quot;iso&quot;:&quot;100&quot;,&quot;shutter_speed&quot;:&quot;0.00066666666666667&quot;,&quot;title&quot;:&quot;&quot;,&quot;orientation&quot;:&quot;0&quot;}\" data-image-title=\"Kastajaiset-6\" data-image-description=\"\" data-image-caption=\"\" data-large-file=\"https:\/\/www.satokangas.fi\/blogi\/wp-content\/uploads\/2015\/07\/Kastajaiset-6-1600x900.jpg\" class=\"aligncenter size-medium wp-image-25262\" src=\"https:\/\/www.satokangas.fi\/blogi\/wp-content\/uploads\/2015\/07\/Kastajaiset-6-600x338.jpg\" alt=\"Kastajaiset-6\" width=\"600\" height=\"338\" srcset=\"https:\/\/www.satokangas.fi\/blogi\/wp-content\/uploads\/2015\/07\/Kastajaiset-6-600x338.jpg 600w, https:\/\/www.satokangas.fi\/blogi\/wp-content\/uploads\/2015\/07\/Kastajaiset-6-300x169.jpg 300w, https:\/\/www.satokangas.fi\/blogi\/wp-content\/uploads\/2015\/07\/Kastajaiset-6.jpg 1600w\" sizes=\"auto, (max-width: 600px) 100vw, 600px\" \/><\/a><\/p>\n<p style=\"text-align: justify;\">Eih\u00e4n t\u00e4mm\u00f6isten juhlien j\u00e4rjest\u00e4misest\u00e4 paljon ole kokemusta. Kahdesti vain. Ja Mini\u00e4n kanssa p\u00e4iv\u00e4ll\u00e4 jutellessa oli todettava, ett\u00e4 en kyll\u00e4 Juniorin &#8211; huomisen sankarin is\u00e4n &#8211; kastajaisten j\u00e4rjest\u00e4misest\u00e4 juuri mit\u00e4\u00e4n muista. Tavattoman nopeasti ne halusin &#8221;pois p\u00e4iv\u00e4j\u00e4rjestyksest\u00e4&#8221;. Kotona nekin vietettiin, eik\u00e4 vieraita, sukua, paljon ollut. V\u00e4h\u00e4n sumussa taisin elell\u00e4 siihen aikaan.<\/p>\n<p style=\"text-align: justify;\">Jotain perinteit\u00e4 sent\u00e4\u00e4n on&#8230;<\/p>\n<p style=\"text-align: center;\"><a href=\"https:\/\/www.satokangas.fi\/blogi\/wp-content\/uploads\/2015\/07\/Kastajaiset-5.jpg\"><img loading=\"lazy\" decoding=\"async\" data-attachment-id=\"25263\" data-permalink=\"https:\/\/www.satokangas.fi\/blogi\/2015\/07\/ennen-kastajaisia\/kastajaiset-5\/\" data-orig-file=\"https:\/\/www.satokangas.fi\/blogi\/wp-content\/uploads\/2015\/07\/Kastajaiset-5.jpg\" data-orig-size=\"1600,900\" data-comments-opened=\"1\" data-image-meta=\"{&quot;aperture&quot;:&quot;2.2&quot;,&quot;credit&quot;:&quot;Reija Satokangas&quot;,&quot;camera&quot;:&quot;Lumia 1020&quot;,&quot;caption&quot;:&quot;&quot;,&quot;created_timestamp&quot;:&quot;1437154120&quot;,&quot;copyright&quot;:&quot;&quot;,&quot;focal_length&quot;:&quot;0&quot;,&quot;iso&quot;:&quot;160&quot;,&quot;shutter_speed&quot;:&quot;0.033333333333333&quot;,&quot;title&quot;:&quot;&quot;,&quot;orientation&quot;:&quot;0&quot;}\" data-image-title=\"Kastajaiset-5\" data-image-description=\"\" data-image-caption=\"\" data-large-file=\"https:\/\/www.satokangas.fi\/blogi\/wp-content\/uploads\/2015\/07\/Kastajaiset-5-1600x900.jpg\" class=\"aligncenter size-medium wp-image-25263\" src=\"https:\/\/www.satokangas.fi\/blogi\/wp-content\/uploads\/2015\/07\/Kastajaiset-5-600x338.jpg\" alt=\"Kastajaiset-5\" width=\"600\" height=\"338\" srcset=\"https:\/\/www.satokangas.fi\/blogi\/wp-content\/uploads\/2015\/07\/Kastajaiset-5-600x338.jpg 600w, https:\/\/www.satokangas.fi\/blogi\/wp-content\/uploads\/2015\/07\/Kastajaiset-5-300x169.jpg 300w, https:\/\/www.satokangas.fi\/blogi\/wp-content\/uploads\/2015\/07\/Kastajaiset-5.jpg 1600w\" sizes=\"auto, (max-width: 600px) 100vw, 600px\" \/><\/a><\/p>\n<p style=\"text-align: center;\">Kukkia tietysti olen laitellut: aamup\u00e4iv\u00e4ll\u00e4 k\u00e4velin Hietasaareen puutarhalle, Pehtoori tuli sitten minut ja kukkalastin hakemaan. \u00a0&#8212; niit\u00e4 pit\u00e4isikin viel\u00e4 tuonne k\u00e4yd\u00e4 laittelemassa koristeeksi.<\/p>\n<p style=\"text-align: center;\"><a href=\"https:\/\/www.satokangas.fi\/blogi\/wp-content\/uploads\/2015\/07\/Kastajaiset-4.jpg\"><img loading=\"lazy\" decoding=\"async\" data-attachment-id=\"25264\" data-permalink=\"https:\/\/www.satokangas.fi\/blogi\/2015\/07\/ennen-kastajaisia\/kastajaiset-4\/\" data-orig-file=\"https:\/\/www.satokangas.fi\/blogi\/wp-content\/uploads\/2015\/07\/Kastajaiset-4.jpg\" data-orig-size=\"667,1000\" data-comments-opened=\"1\" data-image-meta=\"{&quot;aperture&quot;:&quot;4.5&quot;,&quot;credit&quot;:&quot;Reija Satokangas&quot;,&quot;camera&quot;:&quot;Canon EOS 6D&quot;,&quot;caption&quot;:&quot;&quot;,&quot;created_timestamp&quot;:&quot;1437156366&quot;,&quot;copyright&quot;:&quot;&quot;,&quot;focal_length&quot;:&quot;100&quot;,&quot;iso&quot;:&quot;640&quot;,&quot;shutter_speed&quot;:&quot;0.01&quot;,&quot;title&quot;:&quot;&quot;,&quot;orientation&quot;:&quot;0&quot;}\" data-image-title=\"Kastajaiset-4\" data-image-description=\"\" data-image-caption=\"\" data-large-file=\"https:\/\/www.satokangas.fi\/blogi\/wp-content\/uploads\/2015\/07\/Kastajaiset-4.jpg\" class=\"aligncenter size-medium wp-image-25264\" src=\"https:\/\/www.satokangas.fi\/blogi\/wp-content\/uploads\/2015\/07\/Kastajaiset-4-267x400.jpg\" alt=\"Kastajaiset-4\" width=\"267\" height=\"400\" srcset=\"https:\/\/www.satokangas.fi\/blogi\/wp-content\/uploads\/2015\/07\/Kastajaiset-4-267x400.jpg 267w, https:\/\/www.satokangas.fi\/blogi\/wp-content\/uploads\/2015\/07\/Kastajaiset-4-200x300.jpg 200w, https:\/\/www.satokangas.fi\/blogi\/wp-content\/uploads\/2015\/07\/Kastajaiset-4.jpg 667w\" sizes=\"auto, (max-width: 267px) 100vw, 267px\" \/><\/a><\/p>\n<p style=\"text-align: justify;\">Mutta melkein kaikki on valmiina. Kohta Pehtoori l\u00e4htee kent\u00e4lle hakemaan tytt\u00e4ren. Veljens\u00e4 esikoisen kummiksi tulee ty\u00e4r &#8211; ja \u00a0viett\u00e4m\u00e4\u00e4n osan viikon kes\u00e4lomastaan kotikotona. Sekin juhla t\u00e4ss\u00e4 viel\u00e4. \ud83d\ude09<\/p>\n<p style=\"text-align: justify;\">Nimest\u00e4 meill\u00e4 ei ole tietoa, kiinnostaahan se tietysti. Minulla kun on t\u00e4m\u00e4 <a href=\"https:\/\/www.satokangas.fi\/blogi\/2011\/02\/erikoisten-etunimien-bongausharrastus-vol-iv\/\">etunimi-harrastuskin<\/a> viel\u00e4&#8230; \ud83d\ude09 Mutta ei sent\u00e4\u00e4n sellaista j\u00e4nnityst\u00e4 Tahvolle annettavan nimen kanssa kuin minun anopillani oli meid\u00e4n molempien lasten nimien antamisen kanssa. Anoppi-parka sai pahan migreenin ennen kastajaisia; pelk\u00e4si, ett\u00e4 annetaan jotain vaikeita, &#8221;ulukomaalasia&#8221; nimi\u00e4 lapsille. Ja oli sitten erinomaisen helpottunut kun sek\u00e4 Esikoinen ett\u00e4 Juniori kastettiin hyvin suomalaisilla, itse asiassa jopa raamatullisilla, suomalaiskansallisilla nimill\u00e4: \u00a0Miksi Saara nauroi? Tuomas seisoo niinkuin tammi&#8230;<\/p>\n<p style=\"text-align: justify;\"><a href=\"https:\/\/www.satokangas.fi\/blogi\/wp-content\/uploads\/2015\/07\/Kastajaiset-3.jpg\"><img loading=\"lazy\" decoding=\"async\" data-attachment-id=\"25265\" data-permalink=\"https:\/\/www.satokangas.fi\/blogi\/2015\/07\/ennen-kastajaisia\/kastajaiset-3\/\" data-orig-file=\"https:\/\/www.satokangas.fi\/blogi\/wp-content\/uploads\/2015\/07\/Kastajaiset-3.jpg\" data-orig-size=\"667,1000\" data-comments-opened=\"1\" data-image-meta=\"{&quot;aperture&quot;:&quot;2.8&quot;,&quot;credit&quot;:&quot;Reija Satokangas&quot;,&quot;camera&quot;:&quot;Canon EOS 6D&quot;,&quot;caption&quot;:&quot;&quot;,&quot;created_timestamp&quot;:&quot;1437152665&quot;,&quot;copyright&quot;:&quot;&quot;,&quot;focal_length&quot;:&quot;100&quot;,&quot;iso&quot;:&quot;100&quot;,&quot;shutter_speed&quot;:&quot;0.00625&quot;,&quot;title&quot;:&quot;&quot;,&quot;orientation&quot;:&quot;0&quot;}\" data-image-title=\"Kastajaiset-3\" data-image-description=\"\" data-image-caption=\"\" data-large-file=\"https:\/\/www.satokangas.fi\/blogi\/wp-content\/uploads\/2015\/07\/Kastajaiset-3.jpg\" class=\"aligncenter size-medium wp-image-25265\" src=\"https:\/\/www.satokangas.fi\/blogi\/wp-content\/uploads\/2015\/07\/Kastajaiset-3-267x400.jpg\" alt=\"Kastajaiset-3\" width=\"267\" height=\"400\" srcset=\"https:\/\/www.satokangas.fi\/blogi\/wp-content\/uploads\/2015\/07\/Kastajaiset-3-267x400.jpg 267w, https:\/\/www.satokangas.fi\/blogi\/wp-content\/uploads\/2015\/07\/Kastajaiset-3-200x300.jpg 200w, https:\/\/www.satokangas.fi\/blogi\/wp-content\/uploads\/2015\/07\/Kastajaiset-3.jpg 667w\" sizes=\"auto, (max-width: 267px) 100vw, 267px\" \/><\/a><\/p>\n<p style=\"text-align: justify;\">Mutta huomiseen, yst\u00e4v\u00e4t!<\/p>\n","protected":false},"excerpt":{"rendered":"<p>Oulussa on ollut kes\u00e4 t\u00e4n\u00e4\u00e4n. Jo varhain aamulla tuntui, ett\u00e4 hyv\u00e4 p\u00e4iv\u00e4h\u00e4n t\u00e4st\u00e4. Eik\u00e4 tunne ollut aiheeton&#8230; Kuppikakut onnistuivat paremmin kuin edellinen koe-er\u00e4. P\u00e4iv\u00e4ll\u00e4 Mini\u00e4 k\u00e4rsiv\u00e4llisyydell\u00e4\u00e4n tuli ne koristelemaan. Ja gluteeniton kakkukin onnistui kerta yritt\u00e4m\u00e4ll\u00e4. Tehtiin iltap\u00e4iv\u00e4 porukalla kaikkea valmistelevaa&#8230; Kun ei kuitenkaan vain\u00a0ihan\u00a0pienet kahvikestit\u00a0ole tulossa&#8230; Sitten ryhdyin sellaiseen pipertelyyn, mihin en koskaan olisi uskonut: pieni\u00e4 rusetteja pinocchio-kakun pintaan &#8230; &hellip; <\/p>\n","protected":false},"author":1,"featured_media":0,"comment_status":"open","ping_status":"open","sticky":false,"template":"","format":"standard","meta":{"jetpack_post_was_ever_published":false,"_jetpack_newsletter_access":"","_jetpack_dont_email_post_to_subs":false,"_jetpack_newsletter_tier_id":0,"_jetpack_memberships_contains_paywalled_content":false,"_jetpack_memberships_contains_paid_content":false,"footnotes":"","jetpack_publicize_message":"","jetpack_publicize_feature_enabled":true,"jetpack_social_post_already_shared":true,"jetpack_social_options":{"image_generator_settings":{"template":"highway","default_image_id":0,"font":"","enabled":false},"version":2}},"categories":[75,1,22],"tags":[],"class_list":["post-25261","post","type-post","status-publish","format-standard","hentry","category-isovanhemmuus","category-aiheeton","category-vanhemmuus","latest_post"],"jetpack_publicize_connections":[],"jetpack_featured_media_url":"","jetpack_shortlink":"https:\/\/wp.me\/pr4p4-6zr","jetpack_sharing_enabled":true,"jetpack_likes_enabled":false,"jetpack-related-posts":[{"id":11740,"url":"https:\/\/www.satokangas.fi\/blogi\/2011\/06\/jonkinlainen-kaannekohta\/","url_meta":{"origin":25261,"position":0},"title":"Jonkinlainen k\u00e4\u00e4nnekohta&#8230;","author":"Reija","date":"6.6.2011","format":false,"excerpt":"- Huomenta, tulit sitten t\u00e4n\u00e4\u00e4n t\u00f6ihin? - Totta kai tulin. Miksen olisi? - Juhlien j\u00e4rjest\u00e4misen ja viett\u00e4misen\u00a0j\u00e4lkeen oisit voinut v\u00e4h\u00e4n lev\u00e4t\u00e4, ja lukukausihan on jo lopussa.\u00a0\u00a0 Ihan hyvin oisit voinut j\u00e4\u00e4d\u00e4 kotiin ... Eih\u00e4n t\u00e4\u00e4ll\u00e4 en\u00e4\u00e4 mit\u00e4\u00e4n kummoisia ole. Niinh\u00e4n se esimies luulee. Ettei ole? Miksih\u00e4n meill\u00e4 on niin eri\u2026","rel":"","context":"Kategoriassa &quot;Niit\u00e4 n\u00e4it\u00e4&quot;","block_context":{"text":"Niit\u00e4 n\u00e4it\u00e4","link":"https:\/\/www.satokangas.fi\/blogi\/category\/aiheeton\/"},"img":{"alt_text":"","src":"https:\/\/i0.wp.com\/www.satokangas.fi\/blogi\/wp-content\/uploads\/kukkakortti-312x400.jpg?resize=350%2C200&ssl=1","width":350,"height":200},"classes":[]},{"id":42278,"url":"https:\/\/www.satokangas.fi\/blogi\/2022\/01\/haaveissa-vain\/","url_meta":{"origin":25261,"position":1},"title":"Haaveissa vain","author":"Reija","date":"15.1.2022","format":false,"excerpt":"K\u00e4vin aamusella pikaisen pyr\u00e4hdyksen apteekissa ja Valkeassa, jonka aulassa oli ennakko\u00e4\u00e4nestyspaikka. Pienen hetken mietin, ett\u00e4 nyth\u00e4n \u00e4\u00e4nest\u00e4n, onpahan sitten hoidettu. Minun ik\u00e4polvelleni kun \u00e4\u00e4nest\u00e4minen oikeasti on oikeus, mutta my\u00f6s velvollisuus: kuuluu \u00e4\u00e4nest\u00e4\u00e4, kun siihen on oikeus ja mahdollisuus! L\u00e4hes kaikissa mahdollisissa vaaleissa olen \u00e4\u00e4nest\u00e4nytkin. Mutta: nyt n\u00e4m\u00e4 aluevaalit ovat v\u00e4h\u00e4n\u2026","rel":"","context":"Kategoriassa &quot;Niit\u00e4 n\u00e4it\u00e4&quot;","block_context":{"text":"Niit\u00e4 n\u00e4it\u00e4","link":"https:\/\/www.satokangas.fi\/blogi\/category\/aiheeton\/"},"img":{"alt_text":"","src":"https:\/\/i0.wp.com\/www.satokangas.fi\/blogi\/wp-content\/uploads\/2022\/01\/1-3.jpg?resize=350%2C200&ssl=1","width":350,"height":200,"srcset":"https:\/\/i0.wp.com\/www.satokangas.fi\/blogi\/wp-content\/uploads\/2022\/01\/1-3.jpg?resize=350%2C200&ssl=1 1x, https:\/\/i0.wp.com\/www.satokangas.fi\/blogi\/wp-content\/uploads\/2022\/01\/1-3.jpg?resize=525%2C300&ssl=1 1.5x, https:\/\/i0.wp.com\/www.satokangas.fi\/blogi\/wp-content\/uploads\/2022\/01\/1-3.jpg?resize=700%2C400&ssl=1 2x"},"classes":[]},{"id":5649,"url":"https:\/\/www.satokangas.fi\/blogi\/2010\/01\/loman-lopussa\/","url_meta":{"origin":25261,"position":2},"title":"Loman lopussa","author":"Reija","date":"3.1.2010","format":false,"excerpt":"Sankahko lumipyry on ollut loistava tekosyy skipata lenkille l\u00e4ht\u00f6. Se ei ole kuitenkaan riitt\u00e4nyt syyksi huushollin j\u00e4rjest\u00e4misen siirt\u00e4miseen. Siin\u00e4p\u00e4 se p\u00e4iv\u00e4 on kulunut. Ja hyvin hiljalleen olen antanut tulla ajatuksiini ajatuksen siit\u00e4, ett\u00e4 huomenna, huomenna kohti kampusta. Kev\u00e4tlukukausi alkaa... auts! Auts johtuu monesta ep\u00e4ilyst\u00e4: 1) Meneek\u00f6 tammi-helmikuu taas sellaisessa tuoksinassa,\u2026","rel":"","context":"Kategoriassa &quot;Niit\u00e4 n\u00e4it\u00e4&quot;","block_context":{"text":"Niit\u00e4 n\u00e4it\u00e4","link":"https:\/\/www.satokangas.fi\/blogi\/category\/aiheeton\/"},"img":{"alt_text":"","src":"","width":0,"height":0},"classes":[]},{"id":3509,"url":"https:\/\/www.satokangas.fi\/blogi\/2009\/06\/onhan-niita-parempiakin-paivia-nahty\/","url_meta":{"origin":25261,"position":3},"title":"Onhan niit\u00e4 parempiakin p\u00e4ivi\u00e4 n\u00e4hty","author":"Reija","date":"8.6.2009","format":false,"excerpt":"On hyvi\u00e4 ja huonoja p\u00e4ivi\u00e4. T\u00e4n\u00e4\u00e4n on tuollainen j\u00e4lkimm\u00e4inen. Ei siis paljon kannata kirjoitella. Kaiken muun lis\u00e4ksi leikkaushaava repeilee ja s\u00e4rkee. Mutta yrityksi\u00e4 mukavampien p\u00e4ivien j\u00e4rjest\u00e4miseksi olen pyrkinyt tekem\u00e4\u00e4n. Kes\u00e4lomamatkojen (Katalonia ja Karjala) parissa surkea hiljaisesti uikuttava marttyyrimielialani on unohtunut. Ja tyt\u00e4r tulee t\u00e4n\u00e4\u00e4n kotiin! Se on hyv\u00e4 juttu se.","rel":"","context":"Kategoriassa &quot;Niit\u00e4 n\u00e4it\u00e4&quot;","block_context":{"text":"Niit\u00e4 n\u00e4it\u00e4","link":"https:\/\/www.satokangas.fi\/blogi\/category\/aiheeton\/"},"img":{"alt_text":"","src":"","width":0,"height":0},"classes":[]},{"id":45126,"url":"https:\/\/www.satokangas.fi\/blogi\/2023\/03\/kestiystavyys-vuodesta-toiseen\/","url_meta":{"origin":25261,"position":4},"title":"Kestiyst\u00e4vyys &#8211; vuodesta toiseen","author":"Reija","date":"24.3.2023","format":false,"excerpt":"Kestiyst\u00e4vyys. Kuulin sanan ehk\u00e4 ensimm\u00e4ist\u00e4 kertaa joskus opiskeluaikanani latinan lehtorin, sittemmin kollegan ja tavallaan my\u00f6s kestiyst\u00e4v\u00e4n, sanomana. Kysyin jo silloin, mit\u00e4 h\u00e4n sill\u00e4 tarkoittaa? - Ett\u00e4 pidet\u00e4\u00e4n yhteisi\u00e4 kestej\u00e4, toinen toistemme luona. Kestien j\u00e4rjest\u00e4misen syy voi olla mik\u00e4 hyv\u00e4ns\u00e4. Yleens\u00e4 kuulemma ihan yksinkertaisesti \"vain\" yst\u00e4vyys. T\u00e4n\u00e4\u00e4n me olemme nauttineet kestiyst\u00e4vyydest\u00e4.\u2026","rel":"","context":"Kategoriassa &quot;Ruoka ja viini&quot;","block_context":{"text":"Ruoka ja viini","link":"https:\/\/www.satokangas.fi\/blogi\/category\/ruoka_ja_viini\/"},"img":{"alt_text":"","src":"https:\/\/i0.wp.com\/www.satokangas.fi\/blogi\/wp-content\/uploads\/2023\/03\/kestiystavyys-4.jpg?resize=350%2C200&ssl=1","width":350,"height":200,"srcset":"https:\/\/i0.wp.com\/www.satokangas.fi\/blogi\/wp-content\/uploads\/2023\/03\/kestiystavyys-4.jpg?resize=350%2C200&ssl=1 1x, https:\/\/i0.wp.com\/www.satokangas.fi\/blogi\/wp-content\/uploads\/2023\/03\/kestiystavyys-4.jpg?resize=525%2C300&ssl=1 1.5x, https:\/\/i0.wp.com\/www.satokangas.fi\/blogi\/wp-content\/uploads\/2023\/03\/kestiystavyys-4.jpg?resize=700%2C400&ssl=1 2x"},"classes":[]},{"id":29037,"url":"https:\/\/www.satokangas.fi\/blogi\/2016\/08\/nyt-on-sitteku-2\/","url_meta":{"origin":25261,"position":5},"title":"Nyt on sitteku\u00a0","author":"Reija","date":"22.8.2016","format":false,"excerpt":"\"Nyt on sitteku\" - niin olen kirjoittanut kerran ennenkin. On kysymys siit\u00e4, ett\u00e4 nyt on isot projektit hoideltu, nyt minulla ei ole en\u00e4\u00e4 \"mit\u00e4\u00e4n tekemist\u00e4\". Kyse on siit\u00e4, ett\u00e4 kun vuosi sitten j\u00e4in pois duunista, tulevaksi vuodeksi oli \u00a0juttuja, joiden tiesin viev\u00e4n aikaa, joiden tekeminen kuului minulle, joihin olin sitoutunut\u2026","rel":"","context":"Kategoriassa &quot;Niit\u00e4 n\u00e4it\u00e4&quot;","block_context":{"text":"Niit\u00e4 n\u00e4it\u00e4","link":"https:\/\/www.satokangas.fi\/blogi\/category\/aiheeton\/"},"img":{"alt_text":"Nallikari 19.8.2016","src":"https:\/\/i0.wp.com\/www.satokangas.fi\/blogi\/wp-content\/uploads\/2016\/08\/Nallikari-19.8.2016-591x400.jpg?resize=350%2C200&ssl=1","width":350,"height":200,"srcset":"https:\/\/i0.wp.com\/www.satokangas.fi\/blogi\/wp-content\/uploads\/2016\/08\/Nallikari-19.8.2016-591x400.jpg?resize=350%2C200&ssl=1 1x, https:\/\/i0.wp.com\/www.satokangas.fi\/blogi\/wp-content\/uploads\/2016\/08\/Nallikari-19.8.2016-591x400.jpg?resize=525%2C300&ssl=1 1.5x"},"classes":[]}],"_links":{"self":[{"href":"https:\/\/www.satokangas.fi\/blogi\/wp-json\/wp\/v2\/posts\/25261","targetHints":{"allow":["GET"]}}],"collection":[{"href":"https:\/\/www.satokangas.fi\/blogi\/wp-json\/wp\/v2\/posts"}],"about":[{"href":"https:\/\/www.satokangas.fi\/blogi\/wp-json\/wp\/v2\/types\/post"}],"author":[{"embeddable":true,"href":"https:\/\/www.satokangas.fi\/blogi\/wp-json\/wp\/v2\/users\/1"}],"replies":[{"embeddable":true,"href":"https:\/\/www.satokangas.fi\/blogi\/wp-json\/wp\/v2\/comments?post=25261"}],"version-history":[{"count":0,"href":"https:\/\/www.satokangas.fi\/blogi\/wp-json\/wp\/v2\/posts\/25261\/revisions"}],"wp:attachment":[{"href":"https:\/\/www.satokangas.fi\/blogi\/wp-json\/wp\/v2\/media?parent=25261"}],"wp:term":[{"taxonomy":"category","embeddable":true,"href":"https:\/\/www.satokangas.fi\/blogi\/wp-json\/wp\/v2\/categories?post=25261"},{"taxonomy":"post_tag","embeddable":true,"href":"https:\/\/www.satokangas.fi\/blogi\/wp-json\/wp\/v2\/tags?post=25261"}],"curies":[{"name":"wp","href":"https:\/\/api.w.org\/{rel}","templated":true}]}}