{"id":25250,"date":"2015-07-16T20:40:17","date_gmt":"2015-07-16T17:40:17","guid":{"rendered":"https:\/\/www.satokangas.fi\/blogi\/?p=25250"},"modified":"2015-07-17T08:21:49","modified_gmt":"2015-07-17T05:21:49","slug":"kuvasatoa-kotiseuturetkelta","status":"publish","type":"post","link":"https:\/\/www.satokangas.fi\/blogi\/2015\/07\/kuvasatoa-kotiseuturetkelta\/","title":{"rendered":"Kuvasatoa kotiseuturetkelt\u00e4"},"content":{"rendered":"<p>Viel\u00e4 eiliseen retkeeni ja sen kuvasatoon palaan &#8230;<\/p>\n<p><a href=\"https:\/\/www.satokangas.fi\/blogi\/wp-content\/uploads\/2015\/07\/A-2.jpg\"><img loading=\"lazy\" decoding=\"async\" data-attachment-id=\"25252\" data-permalink=\"https:\/\/www.satokangas.fi\/blogi\/2015\/07\/kuvasatoa-kotiseuturetkelta\/a-2-3\/\" data-orig-file=\"https:\/\/www.satokangas.fi\/blogi\/wp-content\/uploads\/2015\/07\/A-2.jpg\" data-orig-size=\"1500,1000\" data-comments-opened=\"1\" data-image-meta=\"{&quot;aperture&quot;:&quot;5&quot;,&quot;credit&quot;:&quot;Reija Satokangas&quot;,&quot;camera&quot;:&quot;Canon EOS 6D&quot;,&quot;caption&quot;:&quot;&quot;,&quot;created_timestamp&quot;:&quot;1436964764&quot;,&quot;copyright&quot;:&quot;&quot;,&quot;focal_length&quot;:&quot;31&quot;,&quot;iso&quot;:&quot;200&quot;,&quot;shutter_speed&quot;:&quot;0.00625&quot;,&quot;title&quot;:&quot;&quot;,&quot;orientation&quot;:&quot;0&quot;}\" data-image-title=\"A-2\" data-image-description=\"\" data-image-caption=\"\" data-large-file=\"https:\/\/www.satokangas.fi\/blogi\/wp-content\/uploads\/2015\/07\/A-2.jpg\" class=\"aligncenter size-medium wp-image-25252\" src=\"https:\/\/www.satokangas.fi\/blogi\/wp-content\/uploads\/2015\/07\/A-2-600x400.jpg\" alt=\"A-2\" width=\"600\" height=\"400\" srcset=\"https:\/\/www.satokangas.fi\/blogi\/wp-content\/uploads\/2015\/07\/A-2-600x400.jpg 600w, https:\/\/www.satokangas.fi\/blogi\/wp-content\/uploads\/2015\/07\/A-2-300x200.jpg 300w, https:\/\/www.satokangas.fi\/blogi\/wp-content\/uploads\/2015\/07\/A-2.jpg 1500w\" sizes=\"auto, (max-width: 600px) 100vw, 600px\" \/><\/a><\/p>\n<p>T\u00e4llainenkin sattui retkell\u00e4 kohdalle, kyselin perheelt\u00e4, mink\u00e4 he ajattelivat sen olevan? &#8211; Ja miten loistavia arvauksia, todellakin arvauksia, eik\u00e4 tietoa: &#8221;Puutarhap\u00f6yt\u00e4, jossa on ollut paksuvartinen muinainen aurinkovarjo&#8221; ja &#8221;Joku l\u00e4mmitt\u00e4v\u00e4 penkki, eli joku hiiliastia alle. ;)&#8221; Ja sitten jatkuu: &#8221;Kuuden hengen gt-p\u00f6yt\u00e4. Vanha.&#8221;, ja toinen v\u00e4lkky jatkaa: &#8221;Niin ja ginikannu toho keskelle&#8221;.\u00a0Onko blogini lukijoissa paremmin arvaavia? T\u00e4m\u00e4 ei en\u00e4\u00e4 kuulu kisaan, mutta kyselenp\u00e4h\u00e4n huvikseni. Tiet\u00e4\u00e4k\u00f6 joku? Se EI ole puutarha-, eik\u00e4 gin-tonic-p\u00f6yt\u00e4, mutta mik\u00e4?<\/p>\n<p>Ent\u00e4s t\u00e4m\u00e4? Meinasin laittaa kilpailuun yhdeksi kysymykseksi, mutta olisi ollut liian helppo.<\/p>\n<p><a href=\"https:\/\/www.satokangas.fi\/blogi\/wp-content\/uploads\/2015\/07\/Kotiseuturetkell\u00e4-6.jpg\"><img loading=\"lazy\" decoding=\"async\" class=\"aligncenter size-medium wp-image-25253\" src=\"https:\/\/www.satokangas.fi\/blogi\/wp-content\/uploads\/2015\/07\/Kotiseuturetkell\u00e4-6-267x400.jpg\" alt=\"Kotiseuturetkell\u00e4-6\" width=\"267\" height=\"400\" \/><\/a><\/p>\n<p>N\u00e4m\u00e4 olivat aikansa (1800-luvun lopun &#8211; 1900-luvun alun) 3D-lasit. Telineeseen kun laittoi kuvan saattoi saada kolmiulotteisen vaikutelman&#8230;<\/p>\n<p style=\"text-align: center;\"><a href=\"https:\/\/www.satokangas.fi\/blogi\/wp-content\/uploads\/2015\/07\/Kotiseuturetkell\u00e4-8.jpg\"><img loading=\"lazy\" decoding=\"async\" class=\"aligncenter size-medium wp-image-25254\" src=\"https:\/\/www.satokangas.fi\/blogi\/wp-content\/uploads\/2015\/07\/Kotiseuturetkell\u00e4-8-600x400.jpg\" alt=\"Kotiseuturetkell\u00e4-8\" width=\"600\" height=\"400\" \/><\/a><\/p>\n<p>Sellaisen huomion noiden satojen kilometrien tienvarsia katsellessa tein, ett\u00e4 Oulun leveysasteella ei kasva kulleroita, joilla tuntui juhannuksen j\u00e4lkeen koko Pohjois-Kalotin tiest\u00f6n pientareet olevan koristeltu, eik\u00e4 kasva lupiineja, joita taas alkaa olla 100 kilometri\u00e4 etel\u00e4\u00e4n p\u00e4in menness\u00e4, mutta n\u00e4ill\u00e4 meid\u00e4n leveysasteilla kasvaa takiaisia. Ja paljon.<\/p>\n<p style=\"text-align: center;\"><a href=\"https:\/\/www.satokangas.fi\/blogi\/wp-content\/uploads\/2015\/07\/Kotiseuturetkell\u00e4-9.jpg\"><img loading=\"lazy\" decoding=\"async\" class=\"size-medium wp-image-25257\" src=\"https:\/\/www.satokangas.fi\/blogi\/wp-content\/uploads\/2015\/07\/Kotiseuturetkell\u00e4-9-400x400.jpg\" alt=\"Kotiseuturetkell\u00e4-9\" width=\"400\" height=\"400\" \/><\/a><\/p>\n<p style=\"text-align: center;\">No ei se mit\u00e4\u00e4n, pid\u00e4n niiden v\u00e4rist\u00e4, mutta eih\u00e4n niit\u00e4 todellakaan tule kotiin ker\u00e4tyksi.<\/p>\n<p><a href=\"https:\/\/www.satokangas.fi\/blogi\/wp-content\/uploads\/2015\/07\/Kotiseuturetkell\u00e4.jpg\"><img loading=\"lazy\" decoding=\"async\" class=\"aligncenter size-medium wp-image-25255\" src=\"https:\/\/www.satokangas.fi\/blogi\/wp-content\/uploads\/2015\/07\/Kotiseuturetkell\u00e4-600x258.jpg\" alt=\"Kotiseuturetkell\u00e4\" width=\"600\" height=\"258\" \/><\/a><\/p>\n<p><a href=\"https:\/\/www.satokangas.fi\/blogi\/wp-content\/uploads\/2015\/07\/Kotiseuturetkell\u00e4-2.jpg\"><img loading=\"lazy\" decoding=\"async\" class=\"aligncenter size-medium wp-image-25256\" src=\"https:\/\/www.satokangas.fi\/blogi\/wp-content\/uploads\/2015\/07\/Kotiseuturetkell\u00e4-2-600x219.jpg\" alt=\"Kotiseuturetkell\u00e4-2\" width=\"600\" height=\"219\" \/><\/a><\/p>\n<p>T\u00e4m\u00e4 seuraava kuva on otettu kilpailukuvissa olleen\u00a0voimalaitoksen yl\u00e4juoksulta. J\u00e4nn\u00e4 kuinka veden pinta on kuin kalvo.<\/p>\n<p style=\"text-align: center;\"><a href=\"https:\/\/www.satokangas.fi\/blogi\/wp-content\/uploads\/2015\/07\/Kotiseuturetkell\u00e4-4.jpg\"><img loading=\"lazy\" decoding=\"async\" class=\"aligncenter size-medium wp-image-25258\" src=\"https:\/\/www.satokangas.fi\/blogi\/wp-content\/uploads\/2015\/07\/Kotiseuturetkell\u00e4-4-600x400.jpg\" alt=\"Kotiseuturetkell\u00e4-4\" width=\"600\" height=\"400\" \/><\/a><\/p>\n<p>Muutoinkin vesien \u00e4\u00e4rell\u00e4 oli hienoa olla. Mik\u00e4 siin\u00e4 on, ett\u00e4 vesi on niin rauhoittava, kiehtova, herkk\u00e4, vahva, pelottava, kaunis elementti?<\/p>\n<p>Ja aamut! T\u00e4ss\u00e4 kuvassa on viel\u00e4 j\u00e4ljell\u00e4 sellaista kes\u00e4aamun ihanaa tunnelmaa&#8230;<\/p>\n<p style=\"text-align: center;\"><a href=\"https:\/\/www.satokangas.fi\/blogi\/wp-content\/uploads\/2015\/07\/Kotiseuturetkell\u00e4-3.jpg\"><img loading=\"lazy\" decoding=\"async\" class=\"aligncenter size-medium wp-image-25259\" src=\"https:\/\/www.satokangas.fi\/blogi\/wp-content\/uploads\/2015\/07\/Kotiseuturetkell\u00e4-3-600x400.jpg\" alt=\"Kotiseuturetkell\u00e4-3\" width=\"600\" height=\"400\" \/><\/a><\/p>\n<p>T\u00e4n\u00e4\u00e4n p\u00e4iv\u00e4 on mennyt kastajaisia j\u00e4rk\u00e4tess\u00e4. Huushollia ja astioita j\u00e4rjestellen, v\u00e4h\u00e4n leipoenkin. Minulle ei paljon leipomuksia j\u00e4\u00e4k\u00e4\u00e4n, sill\u00e4 Mini\u00e4 on tilannut kakun ja kaksi voileip\u00e4kakkua&#8230; Kunhan nyt t\u00e4ydennyksi\u00e4 teen. Ja j\u00e4rjestelen. Silit\u00e4n liinoja. Koristelen. Pikkuisen siivoilen.<\/p>\n<p style=\"text-align: center;\"><a href=\"https:\/\/www.satokangas.fi\/blogi\/wp-content\/uploads\/2015\/07\/Kastajaiset.jpg\"><img loading=\"lazy\" decoding=\"async\" data-attachment-id=\"25251\" data-permalink=\"https:\/\/www.satokangas.fi\/blogi\/2015\/07\/kuvasatoa-kotiseuturetkelta\/kastajaiset\/\" data-orig-file=\"https:\/\/www.satokangas.fi\/blogi\/wp-content\/uploads\/2015\/07\/Kastajaiset.jpg\" data-orig-size=\"1600,970\" data-comments-opened=\"1\" data-image-meta=\"{&quot;aperture&quot;:&quot;2.2&quot;,&quot;credit&quot;:&quot;Reija Satokangas&quot;,&quot;camera&quot;:&quot;Lumia 1020&quot;,&quot;caption&quot;:&quot;&quot;,&quot;created_timestamp&quot;:&quot;1437059368&quot;,&quot;copyright&quot;:&quot;&quot;,&quot;focal_length&quot;:&quot;0&quot;,&quot;iso&quot;:&quot;400&quot;,&quot;shutter_speed&quot;:&quot;0.058823529411765&quot;,&quot;title&quot;:&quot;&quot;,&quot;orientation&quot;:&quot;0&quot;}\" data-image-title=\"Kastajaiset\" data-image-description=\"\" data-image-caption=\"\" data-large-file=\"https:\/\/www.satokangas.fi\/blogi\/wp-content\/uploads\/2015\/07\/Kastajaiset-1600x970.jpg\" class=\"aligncenter size-medium wp-image-25251\" src=\"https:\/\/www.satokangas.fi\/blogi\/wp-content\/uploads\/2015\/07\/Kastajaiset-600x364.jpg\" alt=\"Kastajaiset\" width=\"600\" height=\"364\" srcset=\"https:\/\/www.satokangas.fi\/blogi\/wp-content\/uploads\/2015\/07\/Kastajaiset-600x364.jpg 600w, https:\/\/www.satokangas.fi\/blogi\/wp-content\/uploads\/2015\/07\/Kastajaiset-300x182.jpg 300w, https:\/\/www.satokangas.fi\/blogi\/wp-content\/uploads\/2015\/07\/Kastajaiset.jpg 1600w\" sizes=\"auto, (max-width: 600px) 100vw, 600px\" \/><\/a><\/p>\n","protected":false},"excerpt":{"rendered":"<p>Viel\u00e4 eiliseen retkeeni ja sen kuvasatoon palaan &#8230; T\u00e4llainenkin sattui retkell\u00e4 kohdalle, kyselin perheelt\u00e4, mink\u00e4 he ajattelivat sen olevan? &#8211; Ja miten loistavia arvauksia, todellakin arvauksia, eik\u00e4 tietoa: &#8221;Puutarhap\u00f6yt\u00e4, jossa on ollut paksuvartinen muinainen aurinkovarjo&#8221; ja &#8221;Joku l\u00e4mmitt\u00e4v\u00e4 penkki, eli joku hiiliastia alle. ;)&#8221; Ja sitten jatkuu: &#8221;Kuuden hengen gt-p\u00f6yt\u00e4. Vanha.&#8221;, ja toinen v\u00e4lkky jatkaa: &#8221;Niin ja ginikannu toho keskelle&#8221;.\u00a0Onko &hellip; <\/p>\n","protected":false},"author":1,"featured_media":0,"comment_status":"open","ping_status":"open","sticky":false,"template":"","format":"standard","meta":{"jetpack_post_was_ever_published":false,"_jetpack_newsletter_access":"","_jetpack_dont_email_post_to_subs":false,"_jetpack_newsletter_tier_id":0,"_jetpack_memberships_contains_paywalled_content":false,"_jetpack_memberships_contains_paid_content":false,"footnotes":"","jetpack_publicize_message":"","jetpack_publicize_feature_enabled":true,"jetpack_social_post_already_shared":true,"jetpack_social_options":{"image_generator_settings":{"template":"highway","default_image_id":0,"font":"","enabled":false},"version":2}},"categories":[1,37],"tags":[],"class_list":["post-25250","post","type-post","status-publish","format-standard","hentry","category-aiheeton","category-valokuvaus","latest_post"],"jetpack_publicize_connections":[],"jetpack_featured_media_url":"","jetpack_shortlink":"https:\/\/wp.me\/pr4p4-6zg","jetpack_sharing_enabled":true,"jetpack_likes_enabled":false,"jetpack-related-posts":[{"id":32528,"url":"https:\/\/www.satokangas.fi\/blogi\/2017\/11\/paivan-kuvasatoa\/","url_meta":{"origin":25250,"position":0},"title":"P\u00e4iv\u00e4n kuvasatoa","author":"Reija","date":"7.11.2017","format":false,"excerpt":"Eih\u00e4n t\u00e4ss\u00e4 mill\u00e4\u00e4n meinaa ehti\u00e4 blogin \u00e4\u00e4reen. Touhup\u00e4iv\u00e4, ja iltakin, ja sitten viel\u00e4 yht\u00e4kki\u00e4 puhelimessa revontuli-appsi ilmoittaa, ett\u00e4 t\u00e4n\u00e4\u00e4n voisi olla vihre\u00e4\u00e4 kuvattavaa. Ja siin\u00e4 samassa kotipihalle! Varttitunnin oli kauniita kaaria joka puolella, ja samaan aikaan kuu nousemassa id\u00e4n taivaalta. Onneksi en l\u00e4htenyt ajelemaan mihink\u00e4\u00e4n Nallikariin tms., sill\u00e4 valoshow oli\u2026","rel":"","context":"Kategoriassa &quot;Valokuvaus&quot;","block_context":{"text":"Valokuvaus","link":"https:\/\/www.satokangas.fi\/blogi\/category\/valokuvaus\/"},"img":{"alt_text":"","src":"https:\/\/i0.wp.com\/www.satokangas.fi\/blogi\/wp-content\/uploads\/2017\/11\/Nallikari-panoraama-pallona-2.jpg?resize=350%2C200&ssl=1","width":350,"height":200,"srcset":"https:\/\/i0.wp.com\/www.satokangas.fi\/blogi\/wp-content\/uploads\/2017\/11\/Nallikari-panoraama-pallona-2.jpg?resize=350%2C200&ssl=1 1x, https:\/\/i0.wp.com\/www.satokangas.fi\/blogi\/wp-content\/uploads\/2017\/11\/Nallikari-panoraama-pallona-2.jpg?resize=525%2C300&ssl=1 1.5x, https:\/\/i0.wp.com\/www.satokangas.fi\/blogi\/wp-content\/uploads\/2017\/11\/Nallikari-panoraama-pallona-2.jpg?resize=700%2C400&ssl=1 2x"},"classes":[]},{"id":34735,"url":"https:\/\/www.satokangas.fi\/blogi\/2018\/09\/miljoona-kayntia\/","url_meta":{"origin":25250,"position":1},"title":"Miljoona k\u00e4ynti\u00e4!!","author":"Reija","date":"3.9.2018","format":false,"excerpt":"T\u00e4m\u00e4 blogini on \"virallisesti\" saavuttanut miljoonan k\u00e4vij\u00e4n rajan! Kiitos jokaiselle k\u00e4vij\u00e4lle, jokaiselle mukana olleelle, seuraajalle, kommentoijalle, piipahtajalle... kiitos kaikille. Ilman k\u00e4yntej\u00e4nne t\u00e4t\u00e4 blogia ei olisi!\u00a0 T\u00e4n\u00e4\u00e4n aamulla - aiemmin kuin itse uskoin - laskuri n\u00e4ytti miljoonan k\u00e4vij\u00e4n m\u00e4\u00e4r\u00e4n rikkoutuvan. Itse arvelin ett\u00e4 vasta huomenna, mutta viikonloppuna on ollut paljon liikennett\u00e4.\u2026","rel":"","context":"Kategoriassa &quot;Bloggailu&quot;","block_context":{"text":"Bloggailu","link":"https:\/\/www.satokangas.fi\/blogi\/category\/bloggailu\/"},"img":{"alt_text":"","src":"https:\/\/i0.wp.com\/www.satokangas.fi\/blogi\/wp-content\/uploads\/2018\/09\/22-4.jpg?resize=350%2C200&ssl=1","width":350,"height":200,"srcset":"https:\/\/i0.wp.com\/www.satokangas.fi\/blogi\/wp-content\/uploads\/2018\/09\/22-4.jpg?resize=350%2C200&ssl=1 1x, https:\/\/i0.wp.com\/www.satokangas.fi\/blogi\/wp-content\/uploads\/2018\/09\/22-4.jpg?resize=525%2C300&ssl=1 1.5x, https:\/\/i0.wp.com\/www.satokangas.fi\/blogi\/wp-content\/uploads\/2018\/09\/22-4.jpg?resize=700%2C400&ssl=1 2x"},"classes":[]},{"id":35529,"url":"https:\/\/www.satokangas.fi\/blogi\/2018\/12\/wienin-kuvasatoa\/","url_meta":{"origin":25250,"position":2},"title":"Wienin kuvasatoa","author":"Reija","date":"14.12.2018","format":false,"excerpt":"Olen t\u00e4ss\u00e4 illan valinnut ja muokkaillut Wienin kuvia. Kahden ensimm\u00e4isen p\u00e4iv\u00e4n sato pit\u00e4isi (huom. pit\u00e4isi) olla suunnilleen valmiina... En paljon selittele. Edellisten p\u00e4ivien p\u00e4iv\u00e4kirjamerkinn\u00e4t kertonevat mst\u00e4 n\u00e4iss\u00e4 on kyse...\u00a0 Huomenissa kuvamatka jatkuu. Toivottavasti. Sill\u00e4 on ollut v\u00e4h\u00e4n \"ruuhkaista\" t\u00e4m\u00e4 muutaman p\u00e4iv\u00e4n j\u00e4lkeinen kotiinpaluu...\u00a0 Ai niin, ennen kuin alatte katsella noita\u2026","rel":"","context":"Kategoriassa &quot;Niit\u00e4 n\u00e4it\u00e4&quot;","block_context":{"text":"Niit\u00e4 n\u00e4it\u00e4","link":"https:\/\/www.satokangas.fi\/blogi\/category\/aiheeton\/"},"img":{"alt_text":"","src":"https:\/\/i0.wp.com\/www.satokangas.fi\/blogi\/wp-content\/uploads\/2018\/12\/1_2_paiva_Wien-2-300x200.jpg?resize=350%2C200&ssl=1","width":350,"height":200,"srcset":"https:\/\/i0.wp.com\/www.satokangas.fi\/blogi\/wp-content\/uploads\/2018\/12\/1_2_paiva_Wien-2-300x200.jpg?resize=350%2C200&ssl=1 1x, https:\/\/i0.wp.com\/www.satokangas.fi\/blogi\/wp-content\/uploads\/2018\/12\/1_2_paiva_Wien-2-300x200.jpg?resize=525%2C300&ssl=1 1.5x, https:\/\/i0.wp.com\/www.satokangas.fi\/blogi\/wp-content\/uploads\/2018\/12\/1_2_paiva_Wien-2-300x200.jpg?resize=700%2C400&ssl=1 2x"},"classes":[]},{"id":31887,"url":"https:\/\/www.satokangas.fi\/blogi\/2017\/09\/31887\/","url_meta":{"origin":25250,"position":3},"title":"Kohti J\u00e4\u00e4merta!","author":"Reija","date":"5.9.2017","format":false,"excerpt":"Retkip\u00e4iv\u00e4 t\u00e4n\u00e4\u00e4n. Kuusi vuotta sitten olimme yst\u00e4vien ja Pehtoorin kanssa kokop\u00e4iv\u00e4retkell\u00e4 Pykeijassa. Istahdimme Kukkolan bussin kyytiin ja koska noustiin kyytiin ensimm\u00e4isin\u00e4, saatiin etupenkkien paikat. Saimme kuunnella erinomaisen paikallisoppaan kertomuksia maahisista ja historiasta, saamelaiskulttuurista ja Lapinmaan ihmisten elannonhankinnasta vuosisatojen aikana. V\u00e4lill\u00e4 pys\u00e4hdeltiin, paitsi katsomaan n\u00e4ht\u00e4vyyksi\u00e4, my\u00f6s sopivin v\u00e4liajoin p\u00e4\u00e4simme valmiiseen p\u00f6yt\u00e4\u00e4n\u2026","rel":"","context":"Kategoriassa &quot;J\u00e4\u00e4meren retki&quot;","block_context":{"text":"J\u00e4\u00e4meren retki","link":"https:\/\/www.satokangas.fi\/blogi\/category\/reissut\/jaameren-retki-reissut\/"},"img":{"alt_text":"","src":"https:\/\/i0.wp.com\/www.satokangas.fi\/blogi\/wp-content\/uploads\/2017\/09\/Jaameren-retki-2017-8.jpg?resize=350%2C200&ssl=1","width":350,"height":200,"srcset":"https:\/\/i0.wp.com\/www.satokangas.fi\/blogi\/wp-content\/uploads\/2017\/09\/Jaameren-retki-2017-8.jpg?resize=350%2C200&ssl=1 1x, https:\/\/i0.wp.com\/www.satokangas.fi\/blogi\/wp-content\/uploads\/2017\/09\/Jaameren-retki-2017-8.jpg?resize=525%2C300&ssl=1 1.5x, https:\/\/i0.wp.com\/www.satokangas.fi\/blogi\/wp-content\/uploads\/2017\/09\/Jaameren-retki-2017-8.jpg?resize=700%2C400&ssl=1 2x"},"classes":[]},{"id":49275,"url":"https:\/\/www.satokangas.fi\/blogi\/2024\/05\/kalasatamassa-toiveikkaana\/","url_meta":{"origin":25250,"position":4},"title":"Kalasatamassa toiveikkaana","author":"Reija","date":"2.5.2024","format":false,"excerpt":"Kellon kalasatamassa odottava tunnelma. Ehk\u00e4 v\u00e4h\u00e4n apaattinenkin. Toisaalta valoa ja l\u00e4mp\u00f6asteitakin jo niin paljon, ett\u00e4 lupauksia toiminnan alkamisesta, liikenteest\u00e4, kulkijoista, k\u00e4vij\u00f6ist\u00e4, moottoriveneiden \u00e4\u00e4nist\u00e4 ja kalasavustamon tuoksusta oli jossain j\u00e4isill\u00e4 rannoilla ja kalamajojen nurkissa. Ihan pian on niiden kaikkien aika. Veden \"\u00e4\u00e4rell\u00e4\" olen nyt viett\u00e4nyt illankin. Tosin vain netin kautta. Meid\u00e4n\u2026","rel":"","context":"Kategoriassa &quot;Niit\u00e4 n\u00e4it\u00e4&quot;","block_context":{"text":"Niit\u00e4 n\u00e4it\u00e4","link":"https:\/\/www.satokangas.fi\/blogi\/category\/aiheeton\/"},"img":{"alt_text":"","src":"https:\/\/i0.wp.com\/www.satokangas.fi\/blogi\/wp-content\/uploads\/2024\/05\/Kiviniemi.jpg?resize=350%2C200&ssl=1","width":350,"height":200,"srcset":"https:\/\/i0.wp.com\/www.satokangas.fi\/blogi\/wp-content\/uploads\/2024\/05\/Kiviniemi.jpg?resize=350%2C200&ssl=1 1x, https:\/\/i0.wp.com\/www.satokangas.fi\/blogi\/wp-content\/uploads\/2024\/05\/Kiviniemi.jpg?resize=525%2C300&ssl=1 1.5x, https:\/\/i0.wp.com\/www.satokangas.fi\/blogi\/wp-content\/uploads\/2024\/05\/Kiviniemi.jpg?resize=700%2C400&ssl=1 2x"},"classes":[]},{"id":30504,"url":"https:\/\/www.satokangas.fi\/blogi\/2017\/03\/nimen-parissa-viela\/","url_meta":{"origin":25250,"position":5},"title":"Nimen parissa viel\u00e4","author":"Reija","date":"20.3.2017","format":false,"excerpt":"Olipas se viikonlopun intensiivisen koulupenkill\u00e4 ja auton ratissa istumisen j\u00e4lkeen ilo olla t\u00e4n\u00e4\u00e4n tepastelemassa ristiin rastiin kaupungilla ja rannoilla. Semminkin kun t\u00e4n\u00e4\u00e4n aurinko paistoi siniselt\u00e4 taivaalta ja hanget kimmelsiv\u00e4t. Ja siell\u00e4 k\u00e4velless\u00e4 se toiminimi sitten v\u00e4l\u00e4hti kirkkaana mieleen: monet hyv\u00e4t ehdotukset risteiliv\u00e4t mieless\u00e4, \u00a0- t\u00e4ss\u00e4 ne kaikki: Reijan kuva ja\u2026","rel":"","context":"Kategoriassa &quot;Niit\u00e4 n\u00e4it\u00e4&quot;","block_context":{"text":"Niit\u00e4 n\u00e4it\u00e4","link":"https:\/\/www.satokangas.fi\/blogi\/category\/aiheeton\/"},"img":{"alt_text":"","src":"https:\/\/i0.wp.com\/www.satokangas.fi\/blogi\/wp-content\/uploads\/2017\/03\/Tulppaani-396x400.jpg?resize=350%2C200&ssl=1","width":350,"height":200},"classes":[]}],"_links":{"self":[{"href":"https:\/\/www.satokangas.fi\/blogi\/wp-json\/wp\/v2\/posts\/25250","targetHints":{"allow":["GET"]}}],"collection":[{"href":"https:\/\/www.satokangas.fi\/blogi\/wp-json\/wp\/v2\/posts"}],"about":[{"href":"https:\/\/www.satokangas.fi\/blogi\/wp-json\/wp\/v2\/types\/post"}],"author":[{"embeddable":true,"href":"https:\/\/www.satokangas.fi\/blogi\/wp-json\/wp\/v2\/users\/1"}],"replies":[{"embeddable":true,"href":"https:\/\/www.satokangas.fi\/blogi\/wp-json\/wp\/v2\/comments?post=25250"}],"version-history":[{"count":0,"href":"https:\/\/www.satokangas.fi\/blogi\/wp-json\/wp\/v2\/posts\/25250\/revisions"}],"wp:attachment":[{"href":"https:\/\/www.satokangas.fi\/blogi\/wp-json\/wp\/v2\/media?parent=25250"}],"wp:term":[{"taxonomy":"category","embeddable":true,"href":"https:\/\/www.satokangas.fi\/blogi\/wp-json\/wp\/v2\/categories?post=25250"},{"taxonomy":"post_tag","embeddable":true,"href":"https:\/\/www.satokangas.fi\/blogi\/wp-json\/wp\/v2\/tags?post=25250"}],"curies":[{"name":"wp","href":"https:\/\/api.w.org\/{rel}","templated":true}]}}