{"id":2521,"date":"2009-02-20T20:17:31","date_gmt":"2009-02-20T18:17:31","guid":{"rendered":"https:\/\/www.satokangas.fi\/blogi\/?p=2521"},"modified":"2015-05-13T21:59:40","modified_gmt":"2015-05-13T18:59:40","slug":"tentinvalvonnassa","status":"publish","type":"post","link":"https:\/\/www.satokangas.fi\/blogi\/2009\/02\/tentinvalvonnassa\/","title":{"rendered":"Tentinvalvonnassa"},"content":{"rendered":"<p>Olin t\u00e4n\u00e4\u00e4n aamulla tiedekunnan ison tentin Ylimm\u00e4inen Tentin Valvoja. Melkein (rikollisen paljon opiskelijoista oli j\u00e4\u00e4nyt pois) 300 opiskelijaa k\u00f6mpi aamuvarhain kampukselle valmiina suoltamaan paperille kaiken viime y\u00f6n\u00e4 tai edelt\u00e4vin\u00e4 p\u00e4ivin\u00e4 tankatun tiedon. Nolo homma minulle oli kun heti alkuunsa nimi\u00e4 tenttisalin ovella kailottaessani meni \u00e4\u00e4ni. \u00a0Se kun on minulla niin kovin vieno &#8230; ;). No tenttij\u00e4t saatiin paikoilleen, jokaiselle omat kysymyskuoret\u00a0 ja min\u00e4 P\u00e4\u00e4valvojana kirjoitin taululle varhaisimman mahdollisen tentist\u00e4 poistumisajan ja tentin p\u00e4\u00e4ttymisajan: pieleen meniv\u00e4t molemmat about nelj\u00e4ll\u00e4 tunnilla suuntaansa. Noh, tuskin niin vakavaa. \u00a0Korjasin jutun.<\/p>\n<p>Muutoin valvontahuki meni ilman isompia ongelmia, ja kun opiskelijoita oli paljon, saatin Apuvalvojan kanssa tehd\u00e4 oikeasti hommia: kirjata tenttip\u00f6yt\u00e4kirjaan tulemattaj\u00e4\u00e4neet, luovuttajat, l\u00e4htij\u00e4t, k\u00e4ytt\u00e4\u00e4 hermostuneimpia tai muutoin vilkasaineenvaihduntaisia vessassa, jakaa lis\u00e4\u00e4 vastauspaperia, tarkastaa henkkareita&#8230; ja siit\u00e4k\u00f6s minulle muistui mieleen\u00a0 mainio tapaus p\u00e4\u00e4sykokeen valvonnasta reilut puoli vuosikymment\u00e4 sitten.<\/p>\n<p>P\u00e4\u00e4sykokeessa on aina pari-kolmesataa kansankynttil\u00e4ksi pyrkiv\u00e4\u00e4, historiaanhurahtanutta nuorta ja v\u00e4h\u00e4n vanhempaakin, jotka ovat lukeneet sen ainokaisen p\u00e4\u00e4sykoekirjan kannesta kanteen eestaas ja taastaas, ja sitten kes\u00e4n korvalla tulevat Yliopiston P\u00e4\u00e4sykokeisiin tavoitteena p\u00e4\u00e4st\u00e4 auvoisen opinahjon suojiin, p\u00e4ivitt\u00e4isen historian havinan ammentamiseen. Monille n\u00e4ist\u00e4 pyrkij\u00f6ist\u00e4 p\u00e4\u00e4sykoep\u00e4iv\u00e4 on El\u00e4m\u00e4\u00e4 Suurempi, ja j\u00e4nnitys sen mukainen. T\u00e4risev\u00e4t tullessaan, t\u00e4risev\u00e4t l\u00e4htiess\u00e4\u00e4n, kirjoittavat posket punaisina tunnin tai kolme, osaavat ja eiv\u00e4t. Osalla on mahtipontiset ev\u00e4\u00e4t, osa ei selv\u00e4stik\u00e4\u00e4n ole pystynyt sy\u00f6m\u00e4\u00e4n pariin p\u00e4iv\u00e4\u00e4n. Melkein joka vuosi on joku, jolla on p\u00e4\u00e4sykokeessakin maha niin sekaisin, ett\u00e4 vessassa on k\u00e4ytett\u00e4v\u00e4 suht tiuhaan. \u00a0Samalla reissulla yrit\u00e4n rohkaista ja relata j\u00e4nnitt\u00e4j\u00e4\u00e4 &#8221;aika-helpot-kysymykset-t\u00e4n\u00e4-vuonna, eik\u00f6&#8221;, jossa vaiheessa pyrkij\u00e4parka on revet\u00e4 tuskaansa.<\/p>\n<p>P\u00e4\u00e4sykokeissa on aina my\u00f6s niit\u00e4, joista n\u00e4kee jo kauas &#8221;tuo p\u00e4\u00e4see, tuo tulee meille opiskelijaksi&#8221;. M\u00e4\u00e4r\u00e4tietoisuus, kahden ja puolen tunnin (p\u00e4\u00e4sykoe kest\u00e4\u00e4 3 tuntia) intensiivinen kirjoittaminen, ja lopuksi aikaa viel\u00e4 tarkistaa ja viilata&#8230;<\/p>\n<p>Mutta se muistikuva p\u00e4\u00e4sykokeesta muutaman vuoden takaa: nuori poika tulee parin tunnin kirjoittamisen j\u00e4lkeen p\u00e4\u00e4sykoepaperit k\u00e4dess\u00e4\u00e4n valvojan (meitsin) p\u00f6yd\u00e4n eteen ja j\u00e4rjestelee viel\u00e4 konsepteja, \u00a0ja j\u00e4tt\u00e4\u00e4 ne h\u00e4t\u00e4isesti eteeni. Huikkaan per\u00e4\u00e4ns\u00e4 &#8221;hei-pit\u00e4isi-n\u00e4ytt\u00e4\u00e4-henkkarit&#8221; (eih\u00e4n me muutoin tiedet\u00e4, kuka kumma on veljenpojan tai muun puolesta paperin k\u00e4ynyt t\u00e4yteen kirjaamassa). Poika k\u00e4\u00e4ntyy takaisin &#8211; s\u00e4ik\u00e4ht\u00e4neen\u00e4, punastuneena &#8211; ja alkaa kaivaa farkkujen takataskusta lompakkoaan, jonka r\u00e4v\u00e4ytt\u00e4\u00e4 h\u00e4t\u00e4isesti eteeni, ilmeisen\u00e4 tarkoituksenaan n\u00e4ytt\u00e4\u00e4 lompakon l\u00e4rp\u00e4kkeeseen laitettua ajokorttiaan, mutta kuinkas k\u00e4yk\u00e4\u00e4\u00e4n? Nuorukainen l\u00e4v\u00e4ytt\u00e4\u00e4 puolen tusinaa eri merkkist\u00e4 kondomia siihen suoraan eteeni p\u00f6yd\u00e4lle. En tied\u00e4, kumpi on nolompi, h\u00e4t\u00e4\u00e4ntyneempi, p\u00e4\u00e4sykokelas vai min\u00e4? H\u00e4diss\u00e4ni ker\u00e4ilen kondomeita ja tungen niit\u00e4 pojan k\u00e4siin, &#8221;meneh\u00e4n-jo-siit\u00e4&#8221; syrj\u00e4karein katson &#8221;eih\u00e4n-kukaan-huomannut&#8221;, ja toivottelen hyv\u00e4\u00e4 jatkoa.<\/p>\n<p>Jatko ei kuitenkaan taannut opiskelupaikkaa; tarkastin ensimm\u00e4isen\u00e4 kun hyv\u00e4ksyttyjen lista oli valmis. Huh!<\/p>\n","protected":false},"excerpt":{"rendered":"<p>Olin t\u00e4n\u00e4\u00e4n aamulla tiedekunnan ison tentin Ylimm\u00e4inen Tentin Valvoja. Melkein (rikollisen paljon opiskelijoista oli j\u00e4\u00e4nyt pois) 300 opiskelijaa k\u00f6mpi aamuvarhain kampukselle valmiina suoltamaan paperille kaiken viime y\u00f6n\u00e4 tai edelt\u00e4vin\u00e4 p\u00e4ivin\u00e4 tankatun tiedon. Nolo homma minulle oli kun heti alkuunsa nimi\u00e4 tenttisalin ovella kailottaessani meni \u00e4\u00e4ni. \u00a0Se kun on minulla niin kovin vieno &#8230; ;). No tenttij\u00e4t saatiin paikoilleen, jokaiselle omat &hellip; <\/p>\n","protected":false},"author":1,"featured_media":0,"comment_status":"open","ping_status":"open","sticky":false,"template":"","format":"standard","meta":{"jetpack_post_was_ever_published":false,"_jetpack_newsletter_access":"","_jetpack_dont_email_post_to_subs":false,"_jetpack_newsletter_tier_id":0,"_jetpack_memberships_contains_paywalled_content":false,"_jetpack_memberships_contains_paid_content":false,"footnotes":"","jetpack_publicize_message":"","jetpack_publicize_feature_enabled":true,"jetpack_social_post_already_shared":false,"jetpack_social_options":{"image_generator_settings":{"template":"highway","default_image_id":0,"font":"","enabled":false},"version":2}},"categories":[32],"tags":[],"class_list":["post-2521","post","type-post","status-publish","format-standard","hentry","category-yliopistoelamaa","latest_post"],"jetpack_publicize_connections":[],"jetpack_featured_media_url":"","jetpack_shortlink":"https:\/\/wp.me\/pr4p4-EF","jetpack_sharing_enabled":true,"jetpack_likes_enabled":false,"jetpack-related-posts":[{"id":1823,"url":"https:\/\/www.satokangas.fi\/blogi\/2008\/12\/opiskelijana\/","url_meta":{"origin":2521,"position":0},"title":"Opiskelijana","author":"Reija","date":"8.12.2008","format":false,"excerpt":"Tiedejuttukurssi loppui t\u00e4n\u00e4\u00e4n. Luento-osuus siis. Nyt vasta ryhdyt\u00e4\u00e4n t\u00f6ihin. Luennoilla istuminen, kuunteleminen, miettiminen, uusien ajatusten syntyminen, kysyminenkin (olen yritt\u00e4nyt, olen kovasti yritt\u00e4nyt olla hiljaa, olla opiskelijana muiden joukossa!) on hurjan hauskaa. Aika menee nopeasti, - nopeammin kuin elokuvissa. Aloittaisinkohan sittenkin sen taidehistorian appron suorittamisen? Mutta sitten pit\u00e4isi tentti\u00e4, tentti\u00e4 kollegalle,\u2026","rel":"","context":"Kategoriassa &quot;Yliopistoel\u00e4m\u00e4\u00e4&quot;","block_context":{"text":"Yliopistoel\u00e4m\u00e4\u00e4","link":"https:\/\/www.satokangas.fi\/blogi\/category\/yliopistoelamaa\/"},"img":{"alt_text":"","src":"","width":0,"height":0},"classes":[]},{"id":4099,"url":"https:\/\/www.satokangas.fi\/blogi\/2009\/08\/kuin-lahjaksi-saatu\/","url_meta":{"origin":2521,"position":1},"title":"Kuin lahjaksi saatu","author":"Reija","date":"23.8.2009","format":false,"excerpt":"Eilen leppe\u00e4 tuuli, t\u00e4n\u00e4\u00e4n l\u00e4hes tyven. L\u00e4mmin ja levollinen viikonvaihde. Aurinkoa, ihana kun on piha. Hienoa kun voi rullistella. Melkein kuin ylim\u00e4\u00e4r\u00e4inen kes\u00e4viikonloppu. Kuin lahjaksi saatu. Perjantaina hieman s\u00e4ik\u00e4ytti kun esikoinen oli t\u00f6ist\u00e4 tullessani korkeassa kuumeessa: nytk\u00f6 meill\u00e4 jo sikaflunssa? Ilta ihmeteltiin, y\u00f6ll\u00e4 l\u00e4\u00e4kittiin ja yesh! aamulla kurkku t\u00e4ynn\u00e4 valkoisia\u2026","rel":"","context":"Kategoriassa &quot;Niit\u00e4 n\u00e4it\u00e4&quot;","block_context":{"text":"Niit\u00e4 n\u00e4it\u00e4","link":"https:\/\/www.satokangas.fi\/blogi\/category\/aiheeton\/"},"img":{"alt_text":"makrokukka","src":"https:\/\/i0.wp.com\/www.satokangas.fi\/blogi\/wp-content\/uploads\/2009\/08\/makrokukka-500x339.jpg?resize=350%2C200&ssl=1","width":350,"height":200},"classes":[]},{"id":22441,"url":"https:\/\/www.satokangas.fi\/blogi\/2014\/09\/yliopistoelamaa-tanaan-ja-muistoissa\/","url_meta":{"origin":2521,"position":2},"title":"Yliopistoel\u00e4m\u00e4\u00e4 t\u00e4n\u00e4\u00e4n ja muistoissa","author":"Reija","date":"18.9.2014","format":false,"excerpt":"Tied\u00e4ttek\u00f6s, ett\u00e4 min\u00e4 jaksan viel\u00e4 tuohtua ja innostua. Viel\u00e4 on usko humanistiseen koulutukseen, ja siihen, ett\u00e4 sen s\u00e4ilytt\u00e4miseksi\u00a0voidaan tehd\u00e4 jotain. Ja t\u00e4st\u00e4 tuohtumisesta ja innostumisesta seurauksena mm., ett\u00e4 sain t\u00e4n\u00e4\u00e4n palkata itselleni \"assistentin\". Kuukaudeksi suunnittelijan-nimikkeell\u00e4 maisterin, \u00a0jonka kanssa on tehty paljon yhteisty\u00f6t\u00e4 aiemminkin ja jonka kanssa nyt ryhdymme perkaamaan vanhoja\u2026","rel":"","context":"Kategoriassa &quot;Niit\u00e4 n\u00e4it\u00e4&quot;","block_context":{"text":"Niit\u00e4 n\u00e4it\u00e4","link":"https:\/\/www.satokangas.fi\/blogi\/category\/aiheeton\/"},"img":{"alt_text":"","src":"https:\/\/i0.wp.com\/www.satokangas.fi\/blogi\/wp-content\/uploads\/2014\/09\/illalla-2-2-600x400.jpg?resize=350%2C200&ssl=1","width":350,"height":200,"srcset":"https:\/\/i0.wp.com\/www.satokangas.fi\/blogi\/wp-content\/uploads\/2014\/09\/illalla-2-2-600x400.jpg?resize=350%2C200&ssl=1 1x, https:\/\/i0.wp.com\/www.satokangas.fi\/blogi\/wp-content\/uploads\/2014\/09\/illalla-2-2-600x400.jpg?resize=525%2C300&ssl=1 1.5x"},"classes":[]},{"id":16505,"url":"https:\/\/www.satokangas.fi\/blogi\/2013\/02\/yllattaen-ajankohtaista-historiaa\/","url_meta":{"origin":2521,"position":3},"title":"Yll\u00e4tt\u00e4en ajankohtaista historiaa","author":"Reija","date":"13.2.2013","format":false,"excerpt":"Juuri kun min\u00e4 olen p\u00e4\u00e4ssyt luennolla selitt\u00e4m\u00e4st\u00e4, ett\u00e4 tuberkuloosi kuuluu niihin tauteihin, joita Suomessa ei en\u00e4\u00e4 tavata, ja kertonut, kuinka se oli pahimman luokan kansantauti ja kuinka Suomi oli t\u00e4m\u00e4n \"valkoisen surman\" mustaa aluetta,\u00a0ja otin oikein kuvan omasta opintokirjasta*, johon meid\u00e4n piti opiskeluaikana hommata leima todistukseksi, ett\u00e4 on k\u00e4ynyt tubi-kuvauksessa\u2026","rel":"","context":"Kategoriassa &quot;Historiaa&quot;","block_context":{"text":"Historiaa","link":"https:\/\/www.satokangas.fi\/blogi\/category\/historiaa\/"},"img":{"alt_text":"tarkastus","src":"https:\/\/i0.wp.com\/www.satokangas.fi\/blogi\/wp-content\/uploads\/2013\/02\/tarkastus-600x343.jpg?resize=350%2C200&ssl=1","width":350,"height":200,"srcset":"https:\/\/i0.wp.com\/www.satokangas.fi\/blogi\/wp-content\/uploads\/2013\/02\/tarkastus-600x343.jpg?resize=350%2C200&ssl=1 1x, https:\/\/i0.wp.com\/www.satokangas.fi\/blogi\/wp-content\/uploads\/2013\/02\/tarkastus-600x343.jpg?resize=525%2C300&ssl=1 1.5x"},"classes":[]},{"id":30607,"url":"https:\/\/www.satokangas.fi\/blogi\/2017\/04\/opiskelija-viime-tipassa\/","url_meta":{"origin":2521,"position":4},"title":"Opiskelija viime tipassa &#8230;","author":"Reija","date":"3.4.2017","format":false,"excerpt":"No niin, onhan sit\u00e4 taas saatu pieni n\u00e4ytt\u00f6ahistus aikaiseksi - ja suurin syy siihen on, ett\u00e4 olen j\u00e4tt\u00e4nyt ihan liian paljon tekemist\u00e4 t\u00e4lle viikolle. Menen Tornioon jo torstaina, jotta voin tehd\u00e4 r\u00e4stiss\u00e4 olevaa, uusittavaksi vaadittua digitaalisen n\u00e4yt\u00f6nosan simultaania rauhassa. Voin k\u00e4ytt\u00e4\u00e4 siihen koko torstain. Helmikuussa tekem\u00e4ni \"Ihmisten arki Torniossa\" kun\u2026","rel":"","context":"Kategoriassa &quot;Niit\u00e4 n\u00e4it\u00e4&quot;","block_context":{"text":"Niit\u00e4 n\u00e4it\u00e4","link":"https:\/\/www.satokangas.fi\/blogi\/category\/aiheeton\/"},"img":{"alt_text":"","src":"https:\/\/i0.wp.com\/www.satokangas.fi\/blogi\/wp-content\/uploads\/2017\/04\/1-43-449x400.jpg?resize=350%2C200&ssl=1","width":350,"height":200},"classes":[]},{"id":1522,"url":"https:\/\/www.satokangas.fi\/blogi\/2008\/11\/sahkopostipaiva\/","url_meta":{"origin":2521,"position":5},"title":"S\u00e4hk\u00f6postip\u00e4iv\u00e4","author":"Reija","date":"11.11.2008","format":false,"excerpt":"S\u00e4hk\u00f6postip\u00e4iv\u00e4. T\u00f6ist\u00e4 l\u00e4htiess\u00e4ni katsoin, ett\u00e4 olin kirjoittanut yhteens\u00e4 28 s\u00e4hk\u00f6postiviesti\u00e4. No osa oli vain muutaman rivin viestej\u00e4. Mutta 28. Ja olin vain ihan tavallisen kahdeksan tunnin p\u00e4iv\u00e4n t\u00f6iss\u00e4, joista tunti meni palaverissa ja kaksi tuntia tentin valvonnassa. Noh my\u00f6nnett\u00e4k\u00f6\u00f6n, etteiv\u00e4t ihan kaikki viestit olleet syvimm\u00e4lt\u00e4 olemukseltaan ty\u00f6postia :) mutta ett\u00e4\u2026","rel":"","context":"Kategoriassa &quot;Niit\u00e4 n\u00e4it\u00e4&quot;","block_context":{"text":"Niit\u00e4 n\u00e4it\u00e4","link":"https:\/\/www.satokangas.fi\/blogi\/category\/aiheeton\/"},"img":{"alt_text":"","src":"","width":0,"height":0},"classes":[]}],"_links":{"self":[{"href":"https:\/\/www.satokangas.fi\/blogi\/wp-json\/wp\/v2\/posts\/2521","targetHints":{"allow":["GET"]}}],"collection":[{"href":"https:\/\/www.satokangas.fi\/blogi\/wp-json\/wp\/v2\/posts"}],"about":[{"href":"https:\/\/www.satokangas.fi\/blogi\/wp-json\/wp\/v2\/types\/post"}],"author":[{"embeddable":true,"href":"https:\/\/www.satokangas.fi\/blogi\/wp-json\/wp\/v2\/users\/1"}],"replies":[{"embeddable":true,"href":"https:\/\/www.satokangas.fi\/blogi\/wp-json\/wp\/v2\/comments?post=2521"}],"version-history":[{"count":0,"href":"https:\/\/www.satokangas.fi\/blogi\/wp-json\/wp\/v2\/posts\/2521\/revisions"}],"wp:attachment":[{"href":"https:\/\/www.satokangas.fi\/blogi\/wp-json\/wp\/v2\/media?parent=2521"}],"wp:term":[{"taxonomy":"category","embeddable":true,"href":"https:\/\/www.satokangas.fi\/blogi\/wp-json\/wp\/v2\/categories?post=2521"},{"taxonomy":"post_tag","embeddable":true,"href":"https:\/\/www.satokangas.fi\/blogi\/wp-json\/wp\/v2\/tags?post=2521"}],"curies":[{"name":"wp","href":"https:\/\/api.w.org\/{rel}","templated":true}]}}