{"id":25185,"date":"2015-07-13T20:46:42","date_gmt":"2015-07-13T17:46:42","guid":{"rendered":"https:\/\/www.satokangas.fi\/blogi\/?p=25185"},"modified":"2015-07-13T20:51:24","modified_gmt":"2015-07-13T17:51:24","slug":"oulun-uusi-salaattibaari-ja-muuta-kesaista","status":"publish","type":"post","link":"https:\/\/www.satokangas.fi\/blogi\/2015\/07\/oulun-uusi-salaattibaari-ja-muuta-kesaista\/","title":{"rendered":"Oulun uusi salaattibaari ja muuta kes\u00e4ist\u00e4"},"content":{"rendered":"<p style=\"text-align: center;\">Aamulla h\u00e4iv\u00e4hdyksi\u00e4 auringosta.<br \/>\nLiki l\u00e4mmin, ja ainakin niin paljon, ett\u00e4 kes\u00e4kukat oli syyt\u00e4 kastella.<\/p>\n<p style=\"text-align: center;\">Ovisyvennyksess\u00e4 kukitaan kyll\u00e4 komeasti.<\/p>\n<p style=\"text-align: center;\"><a href=\"https:\/\/www.satokangas.fi\/blogi\/wp-content\/uploads\/2015\/07\/Puutarhassa-7.jpg\"><img loading=\"lazy\" decoding=\"async\" data-attachment-id=\"25187\" data-permalink=\"https:\/\/www.satokangas.fi\/blogi\/2015\/07\/oulun-uusi-salaattibaari-ja-muuta-kesaista\/puutarhassa-7\/\" data-orig-file=\"https:\/\/www.satokangas.fi\/blogi\/wp-content\/uploads\/2015\/07\/Puutarhassa-7.jpg\" data-orig-size=\"1511,1000\" data-comments-opened=\"1\" data-image-meta=\"{&quot;aperture&quot;:&quot;4.5&quot;,&quot;credit&quot;:&quot;Reija Satokangas&quot;,&quot;camera&quot;:&quot;Canon EOS 6D&quot;,&quot;caption&quot;:&quot;&quot;,&quot;created_timestamp&quot;:&quot;1436608277&quot;,&quot;copyright&quot;:&quot;&quot;,&quot;focal_length&quot;:&quot;100&quot;,&quot;iso&quot;:&quot;100&quot;,&quot;shutter_speed&quot;:&quot;0.0008&quot;,&quot;title&quot;:&quot;&quot;,&quot;orientation&quot;:&quot;0&quot;}\" data-image-title=\"Puutarhassa-7\" data-image-description=\"\" data-image-caption=\"\" data-large-file=\"https:\/\/www.satokangas.fi\/blogi\/wp-content\/uploads\/2015\/07\/Puutarhassa-7.jpg\" class=\"aligncenter size-medium wp-image-25187\" src=\"https:\/\/www.satokangas.fi\/blogi\/wp-content\/uploads\/2015\/07\/Puutarhassa-7-600x397.jpg\" alt=\"Puutarhassa-7\" width=\"600\" height=\"397\" srcset=\"https:\/\/www.satokangas.fi\/blogi\/wp-content\/uploads\/2015\/07\/Puutarhassa-7-600x397.jpg 600w, https:\/\/www.satokangas.fi\/blogi\/wp-content\/uploads\/2015\/07\/Puutarhassa-7-300x199.jpg 300w, https:\/\/www.satokangas.fi\/blogi\/wp-content\/uploads\/2015\/07\/Puutarhassa-7.jpg 1511w\" sizes=\"auto, (max-width: 600px) 100vw, 600px\" \/><\/a><\/p>\n<p style=\"text-align: center;\"><a href=\"https:\/\/www.satokangas.fi\/blogi\/wp-content\/uploads\/2015\/07\/Puutarhassa-8.jpg\"><img loading=\"lazy\" decoding=\"async\" data-attachment-id=\"25188\" data-permalink=\"https:\/\/www.satokangas.fi\/blogi\/2015\/07\/oulun-uusi-salaattibaari-ja-muuta-kesaista\/puutarhassa-8\/\" data-orig-file=\"https:\/\/www.satokangas.fi\/blogi\/wp-content\/uploads\/2015\/07\/Puutarhassa-8.jpg\" data-orig-size=\"1517,1000\" data-comments-opened=\"1\" data-image-meta=\"{&quot;aperture&quot;:&quot;4.5&quot;,&quot;credit&quot;:&quot;Reija Satokangas&quot;,&quot;camera&quot;:&quot;Canon EOS 6D&quot;,&quot;caption&quot;:&quot;&quot;,&quot;created_timestamp&quot;:&quot;1436608318&quot;,&quot;copyright&quot;:&quot;&quot;,&quot;focal_length&quot;:&quot;100&quot;,&quot;iso&quot;:&quot;100&quot;,&quot;shutter_speed&quot;:&quot;0.0015625&quot;,&quot;title&quot;:&quot;&quot;,&quot;orientation&quot;:&quot;0&quot;}\" data-image-title=\"Puutarhassa-8\" data-image-description=\"\" data-image-caption=\"\" data-large-file=\"https:\/\/www.satokangas.fi\/blogi\/wp-content\/uploads\/2015\/07\/Puutarhassa-8.jpg\" class=\"aligncenter size-medium wp-image-25188\" src=\"https:\/\/www.satokangas.fi\/blogi\/wp-content\/uploads\/2015\/07\/Puutarhassa-8-600x396.jpg\" alt=\"Puutarhassa-8\" width=\"600\" height=\"396\" srcset=\"https:\/\/www.satokangas.fi\/blogi\/wp-content\/uploads\/2015\/07\/Puutarhassa-8-600x396.jpg 600w, https:\/\/www.satokangas.fi\/blogi\/wp-content\/uploads\/2015\/07\/Puutarhassa-8-300x198.jpg 300w, https:\/\/www.satokangas.fi\/blogi\/wp-content\/uploads\/2015\/07\/Puutarhassa-8.jpg 1517w\" sizes=\"auto, (max-width: 600px) 100vw, 600px\" \/><\/a><\/p>\n<p style=\"text-align: center;\">Varjokin on kaunis.<\/p>\n<p style=\"text-align: center;\">Ja kasvimaalla = yrttilaatikoissanikin vihert\u00e4\u00e4, &#8211; ei ole kuivuus t\u00e4n\u00e4 kes\u00e4n\u00e4 ollut haitaksi.<\/p>\n<p style=\"text-align: center;\"><a href=\"https:\/\/www.satokangas.fi\/blogi\/wp-content\/uploads\/2015\/07\/Puutarhassa-9.jpg\"><img loading=\"lazy\" decoding=\"async\" data-attachment-id=\"25189\" data-permalink=\"https:\/\/www.satokangas.fi\/blogi\/2015\/07\/oulun-uusi-salaattibaari-ja-muuta-kesaista\/puutarhassa-9\/\" data-orig-file=\"https:\/\/www.satokangas.fi\/blogi\/wp-content\/uploads\/2015\/07\/Puutarhassa-9.jpg\" data-orig-size=\"1500,1000\" data-comments-opened=\"1\" data-image-meta=\"{&quot;aperture&quot;:&quot;2.8&quot;,&quot;credit&quot;:&quot;Reija Satokangas&quot;,&quot;camera&quot;:&quot;Canon EOS 6D&quot;,&quot;caption&quot;:&quot;&quot;,&quot;created_timestamp&quot;:&quot;1436606552&quot;,&quot;copyright&quot;:&quot;&quot;,&quot;focal_length&quot;:&quot;100&quot;,&quot;iso&quot;:&quot;100&quot;,&quot;shutter_speed&quot;:&quot;0.00625&quot;,&quot;title&quot;:&quot;&quot;,&quot;orientation&quot;:&quot;0&quot;}\" data-image-title=\"Puutarhassa-9\" data-image-description=\"\" data-image-caption=\"\" data-large-file=\"https:\/\/www.satokangas.fi\/blogi\/wp-content\/uploads\/2015\/07\/Puutarhassa-9.jpg\" class=\"aligncenter size-medium wp-image-25189\" src=\"https:\/\/www.satokangas.fi\/blogi\/wp-content\/uploads\/2015\/07\/Puutarhassa-9-600x400.jpg\" alt=\"Puutarhassa-9\" width=\"600\" height=\"400\" srcset=\"https:\/\/www.satokangas.fi\/blogi\/wp-content\/uploads\/2015\/07\/Puutarhassa-9-600x400.jpg 600w, https:\/\/www.satokangas.fi\/blogi\/wp-content\/uploads\/2015\/07\/Puutarhassa-9-300x200.jpg 300w, https:\/\/www.satokangas.fi\/blogi\/wp-content\/uploads\/2015\/07\/Puutarhassa-9.jpg 1500w\" sizes=\"auto, (max-width: 600px) 100vw, 600px\" \/><\/a><\/p>\n<p style=\"text-align: center;\"><a href=\"https:\/\/www.satokangas.fi\/blogi\/wp-content\/uploads\/2015\/07\/Puutarhassa-10.jpg\"><img loading=\"lazy\" decoding=\"async\" data-attachment-id=\"25190\" data-permalink=\"https:\/\/www.satokangas.fi\/blogi\/2015\/07\/oulun-uusi-salaattibaari-ja-muuta-kesaista\/puutarhassa-10\/\" data-orig-file=\"https:\/\/www.satokangas.fi\/blogi\/wp-content\/uploads\/2015\/07\/Puutarhassa-10.jpg\" data-orig-size=\"1500,1000\" data-comments-opened=\"1\" data-image-meta=\"{&quot;aperture&quot;:&quot;2.8&quot;,&quot;credit&quot;:&quot;Reija Satokangas&quot;,&quot;camera&quot;:&quot;Canon EOS 6D&quot;,&quot;caption&quot;:&quot;&quot;,&quot;created_timestamp&quot;:&quot;1436606588&quot;,&quot;copyright&quot;:&quot;&quot;,&quot;focal_length&quot;:&quot;100&quot;,&quot;iso&quot;:&quot;100&quot;,&quot;shutter_speed&quot;:&quot;0.005&quot;,&quot;title&quot;:&quot;&quot;,&quot;orientation&quot;:&quot;0&quot;}\" data-image-title=\"Puutarhassa-10\" data-image-description=\"\" data-image-caption=\"\" data-large-file=\"https:\/\/www.satokangas.fi\/blogi\/wp-content\/uploads\/2015\/07\/Puutarhassa-10.jpg\" class=\"aligncenter size-medium wp-image-25190\" src=\"https:\/\/www.satokangas.fi\/blogi\/wp-content\/uploads\/2015\/07\/Puutarhassa-10-600x400.jpg\" alt=\"Puutarhassa-10\" width=\"600\" height=\"400\" srcset=\"https:\/\/www.satokangas.fi\/blogi\/wp-content\/uploads\/2015\/07\/Puutarhassa-10-600x400.jpg 600w, https:\/\/www.satokangas.fi\/blogi\/wp-content\/uploads\/2015\/07\/Puutarhassa-10-300x200.jpg 300w, https:\/\/www.satokangas.fi\/blogi\/wp-content\/uploads\/2015\/07\/Puutarhassa-10.jpg 1500w\" sizes=\"auto, (max-width: 600px) 100vw, 600px\" \/><\/a><\/p>\n<p style=\"text-align: center;\"><a href=\"https:\/\/www.satokangas.fi\/blogi\/wp-content\/uploads\/2015\/07\/Puutarhassa-11.jpg\"><img loading=\"lazy\" decoding=\"async\" data-attachment-id=\"25191\" data-permalink=\"https:\/\/www.satokangas.fi\/blogi\/2015\/07\/oulun-uusi-salaattibaari-ja-muuta-kesaista\/puutarhassa-11\/\" data-orig-file=\"https:\/\/www.satokangas.fi\/blogi\/wp-content\/uploads\/2015\/07\/Puutarhassa-11.jpg\" data-orig-size=\"1500,1000\" data-comments-opened=\"1\" data-image-meta=\"{&quot;aperture&quot;:&quot;2.8&quot;,&quot;credit&quot;:&quot;Reija Satokangas&quot;,&quot;camera&quot;:&quot;Canon EOS 6D&quot;,&quot;caption&quot;:&quot;&quot;,&quot;created_timestamp&quot;:&quot;1436606662&quot;,&quot;copyright&quot;:&quot;&quot;,&quot;focal_length&quot;:&quot;100&quot;,&quot;iso&quot;:&quot;100&quot;,&quot;shutter_speed&quot;:&quot;0.005&quot;,&quot;title&quot;:&quot;&quot;,&quot;orientation&quot;:&quot;0&quot;}\" data-image-title=\"Puutarhassa-11\" data-image-description=\"\" data-image-caption=\"\" data-large-file=\"https:\/\/www.satokangas.fi\/blogi\/wp-content\/uploads\/2015\/07\/Puutarhassa-11.jpg\" class=\"aligncenter size-medium wp-image-25191\" src=\"https:\/\/www.satokangas.fi\/blogi\/wp-content\/uploads\/2015\/07\/Puutarhassa-11-600x400.jpg\" alt=\"Puutarhassa-11\" width=\"600\" height=\"400\" srcset=\"https:\/\/www.satokangas.fi\/blogi\/wp-content\/uploads\/2015\/07\/Puutarhassa-11-600x400.jpg 600w, https:\/\/www.satokangas.fi\/blogi\/wp-content\/uploads\/2015\/07\/Puutarhassa-11-300x200.jpg 300w, https:\/\/www.satokangas.fi\/blogi\/wp-content\/uploads\/2015\/07\/Puutarhassa-11.jpg 1500w\" sizes=\"auto, (max-width: 600px) 100vw, 600px\" \/><\/a><\/p>\n<p>Kastajaisia varten pieni\u00e4 hankintoja, lankakauppa [Tahvolle talveksi uusi nuttu alulle], l\u00e4\u00e4k\u00e4riss\u00e4 vuositarkastus, huomenna hammasl\u00e4\u00e4k\u00e4riss\u00e4 kuukausitarkastus (ja pient\u00e4 remppaa, huoh!) ja \u00a0Pakkalan salin varaus ensi kes\u00e4n kapituliseminaaria varten olivat muiden muassa syit\u00e4 kaupunkireissulle aamup\u00e4iv\u00e4ll\u00e4, ja kun ei ollut kiirett\u00e4, menin k\u00e4vellen [k\u00e4nnykk\u00e4kamera taskussa, miksei edes pikkupokkari!].<\/p>\n<p style=\"text-align: center;\"><a href=\"https:\/\/www.satokangas.fi\/blogi\/wp-content\/uploads\/2015\/07\/Maanantai.jpg\"><img loading=\"lazy\" decoding=\"async\" data-attachment-id=\"25186\" data-permalink=\"https:\/\/www.satokangas.fi\/blogi\/2015\/07\/oulun-uusi-salaattibaari-ja-muuta-kesaista\/maanantai-2\/\" data-orig-file=\"https:\/\/www.satokangas.fi\/blogi\/wp-content\/uploads\/2015\/07\/Maanantai.jpg\" data-orig-size=\"585,1000\" data-comments-opened=\"1\" data-image-meta=\"{&quot;aperture&quot;:&quot;2.2&quot;,&quot;credit&quot;:&quot;Reija Satokangas&quot;,&quot;camera&quot;:&quot;Lumia 1020&quot;,&quot;caption&quot;:&quot;&quot;,&quot;created_timestamp&quot;:&quot;1436781301&quot;,&quot;copyright&quot;:&quot;&quot;,&quot;focal_length&quot;:&quot;0&quot;,&quot;iso&quot;:&quot;100&quot;,&quot;shutter_speed&quot;:&quot;0.00095238095238095&quot;,&quot;title&quot;:&quot;&quot;,&quot;orientation&quot;:&quot;0&quot;}\" data-image-title=\"Maanantai\" data-image-description=\"\" data-image-caption=\"\" data-large-file=\"https:\/\/www.satokangas.fi\/blogi\/wp-content\/uploads\/2015\/07\/Maanantai.jpg\" class=\"aligncenter size-medium wp-image-25186\" src=\"https:\/\/www.satokangas.fi\/blogi\/wp-content\/uploads\/2015\/07\/Maanantai-234x400.jpg\" alt=\"Maanantai\" width=\"234\" height=\"400\" srcset=\"https:\/\/www.satokangas.fi\/blogi\/wp-content\/uploads\/2015\/07\/Maanantai-234x400.jpg 234w, https:\/\/www.satokangas.fi\/blogi\/wp-content\/uploads\/2015\/07\/Maanantai-176x300.jpg 176w, https:\/\/www.satokangas.fi\/blogi\/wp-content\/uploads\/2015\/07\/Maanantai.jpg 585w\" sizes=\"auto, (max-width: 234px) 100vw, 234px\" \/><\/a><\/p>\n<p style=\"text-align: justify;\">Pesulasta [ISO valkoinen juhlaliina] ja postista [m\u00f6kille uusi vessan matto] sen verran isoja kantamuksia, etten l\u00e4htenyt d\u00f6s\u00e4ll\u00e4 saatikka k\u00e4vellen kotiin palautumaan, vaan soittelin kyyditt\u00e4j\u00e4ksi Pehtoorin, joka aina t\u00e4llaisissa tilanteissa, joita ei kyll\u00e4 monta kertaa vuodessa ole, nimitt\u00e4\u00e4 kernaasti itse\u00e4\u00e4n konsernin autonkuljettajaksi.<\/p>\n<p style=\"text-align: justify;\">No, min\u00e4 vein kuljettajan kanssani ulos sy\u00f6m\u00e4\u00e4n. <a href=\"https:\/\/www.facebook.com\/greensoulsaladbar\">Green Soul Salad Bar<\/a>\u00a0Hallituskadulla k\u00e4ytiin testaamassa. Kyll\u00e4 oli freesit salaatit (itse saa valita aineksi kuin aineksia, ja kilohinnalla myyv\u00e4t. My\u00f6s take-a-way.). Pehtoorilla iso annos, jossa sek\u00e4 marinoitua nyht\u00f6possua ett\u00e4 broileria, minulla v\u00e4h\u00e4n pienempi (alla) ja lis\u00e4ksi Novelle, ja hinta oli 15 euroa. Laatuun ja m\u00e4\u00e4r\u00e4\u00e4n n\u00e4hden aina voittaa kauppojen tyhji\u00f6pakatut Caesarit yms.<\/p>\n<p style=\"text-align: center;\"><a href=\"https:\/\/www.satokangas.fi\/blogi\/wp-content\/uploads\/2015\/07\/Maanantai-2.jpg\"><img loading=\"lazy\" decoding=\"async\" data-attachment-id=\"25192\" data-permalink=\"https:\/\/www.satokangas.fi\/blogi\/2015\/07\/oulun-uusi-salaattibaari-ja-muuta-kesaista\/maanantai-2-2\/\" data-orig-file=\"https:\/\/www.satokangas.fi\/blogi\/wp-content\/uploads\/2015\/07\/Maanantai-2.jpg\" data-orig-size=\"1580,1000\" data-comments-opened=\"1\" data-image-meta=\"{&quot;aperture&quot;:&quot;2.2&quot;,&quot;credit&quot;:&quot;Reija Satokangas&quot;,&quot;camera&quot;:&quot;Lumia 1020&quot;,&quot;caption&quot;:&quot;&quot;,&quot;created_timestamp&quot;:&quot;1436790641&quot;,&quot;copyright&quot;:&quot;&quot;,&quot;focal_length&quot;:&quot;0&quot;,&quot;iso&quot;:&quot;100&quot;,&quot;shutter_speed&quot;:&quot;0.005&quot;,&quot;title&quot;:&quot;&quot;,&quot;orientation&quot;:&quot;0&quot;}\" data-image-title=\"Maanantai-2\" data-image-description=\"\" data-image-caption=\"\" data-large-file=\"https:\/\/www.satokangas.fi\/blogi\/wp-content\/uploads\/2015\/07\/Maanantai-2.jpg\" class=\"aligncenter size-medium wp-image-25192\" src=\"https:\/\/www.satokangas.fi\/blogi\/wp-content\/uploads\/2015\/07\/Maanantai-2-600x380.jpg\" alt=\"Maanantai-2\" width=\"600\" height=\"380\" srcset=\"https:\/\/www.satokangas.fi\/blogi\/wp-content\/uploads\/2015\/07\/Maanantai-2-600x380.jpg 600w, https:\/\/www.satokangas.fi\/blogi\/wp-content\/uploads\/2015\/07\/Maanantai-2-300x190.jpg 300w, https:\/\/www.satokangas.fi\/blogi\/wp-content\/uploads\/2015\/07\/Maanantai-2.jpg 1580w\" sizes=\"auto, (max-width: 600px) 100vw, 600px\" \/><\/a><\/p>\n<p style=\"text-align: center;\"><a href=\"https:\/\/www.satokangas.fi\/blogi\/wp-content\/uploads\/2015\/07\/Maanantai-3.jpg\"><img loading=\"lazy\" decoding=\"async\" data-attachment-id=\"25193\" data-permalink=\"https:\/\/www.satokangas.fi\/blogi\/2015\/07\/oulun-uusi-salaattibaari-ja-muuta-kesaista\/maanantai-3\/\" data-orig-file=\"https:\/\/www.satokangas.fi\/blogi\/wp-content\/uploads\/2015\/07\/Maanantai-3.jpg\" data-orig-size=\"1600,900\" data-comments-opened=\"1\" data-image-meta=\"{&quot;aperture&quot;:&quot;2.2&quot;,&quot;credit&quot;:&quot;Reija Satokangas&quot;,&quot;camera&quot;:&quot;Lumia 1020&quot;,&quot;caption&quot;:&quot;&quot;,&quot;created_timestamp&quot;:&quot;1436791552&quot;,&quot;copyright&quot;:&quot;&quot;,&quot;focal_length&quot;:&quot;0&quot;,&quot;iso&quot;:&quot;100&quot;,&quot;shutter_speed&quot;:&quot;0.01&quot;,&quot;title&quot;:&quot;&quot;,&quot;orientation&quot;:&quot;0&quot;}\" data-image-title=\"Maanantai-3\" data-image-description=\"\" data-image-caption=\"\" data-large-file=\"https:\/\/www.satokangas.fi\/blogi\/wp-content\/uploads\/2015\/07\/Maanantai-3-1600x900.jpg\" class=\"aligncenter size-medium wp-image-25193\" src=\"https:\/\/www.satokangas.fi\/blogi\/wp-content\/uploads\/2015\/07\/Maanantai-3-600x338.jpg\" alt=\"Maanantai-3\" width=\"600\" height=\"338\" srcset=\"https:\/\/www.satokangas.fi\/blogi\/wp-content\/uploads\/2015\/07\/Maanantai-3-600x338.jpg 600w, https:\/\/www.satokangas.fi\/blogi\/wp-content\/uploads\/2015\/07\/Maanantai-3-300x169.jpg 300w, https:\/\/www.satokangas.fi\/blogi\/wp-content\/uploads\/2015\/07\/Maanantai-3.jpg 1600w\" sizes=\"auto, (max-width: 600px) 100vw, 600px\" \/><\/a><\/p>\n<p style=\"text-align: justify;\">Ja mainitsemisen arvoista on, ett\u00e4 juuri t\u00e4m\u00e4 on Oulussa se ainoa paikka, jossa myyd\u00e4\u00e4n ChocoDelin konvehteja. N\u00e4it\u00e4, \u00a0joiden tekemisen saloihin, min\u00e4kin <a href=\"https:\/\/www.satokangas.fi\/blogi\/2015\/05\/suklaakurssilla\/\">p\u00e4\u00e4sin kev\u00e4\u00e4ll\u00e4<\/a>\u00a0suklaakurssilla\u00a0 tutustumaan.<\/p>\n<p style=\"text-align: justify;\">\n","protected":false},"excerpt":{"rendered":"<p>Aamulla h\u00e4iv\u00e4hdyksi\u00e4 auringosta. Liki l\u00e4mmin, ja ainakin niin paljon, ett\u00e4 kes\u00e4kukat oli syyt\u00e4 kastella. Ovisyvennyksess\u00e4 kukitaan kyll\u00e4 komeasti. Varjokin on kaunis. Ja kasvimaalla = yrttilaatikoissanikin vihert\u00e4\u00e4, &#8211; ei ole kuivuus t\u00e4n\u00e4 kes\u00e4n\u00e4 ollut haitaksi. Kastajaisia varten pieni\u00e4 hankintoja, lankakauppa [Tahvolle talveksi uusi nuttu alulle], l\u00e4\u00e4k\u00e4riss\u00e4 vuositarkastus, huomenna hammasl\u00e4\u00e4k\u00e4riss\u00e4 kuukausitarkastus (ja pient\u00e4 remppaa, huoh!) ja \u00a0Pakkalan salin varaus ensi kes\u00e4n kapituliseminaaria &hellip; <\/p>\n","protected":false},"author":1,"featured_media":0,"comment_status":"open","ping_status":"open","sticky":false,"template":"","format":"standard","meta":{"jetpack_post_was_ever_published":false,"_jetpack_newsletter_access":"","_jetpack_dont_email_post_to_subs":false,"_jetpack_newsletter_tier_id":0,"_jetpack_memberships_contains_paywalled_content":false,"_jetpack_memberships_contains_paid_content":false,"footnotes":"","jetpack_publicize_message":"","jetpack_publicize_feature_enabled":true,"jetpack_social_post_already_shared":true,"jetpack_social_options":{"image_generator_settings":{"template":"highway","default_image_id":0,"font":"","enabled":false},"version":2}},"categories":[55,17],"tags":[],"class_list":["post-25185","post","type-post","status-publish","format-standard","hentry","category-oulu","category-ruoka_ja_viini","latest_post"],"jetpack_publicize_connections":[],"jetpack_featured_media_url":"","jetpack_shortlink":"https:\/\/wp.me\/pr4p4-6yd","jetpack_sharing_enabled":true,"jetpack_likes_enabled":false,"jetpack-related-posts":[{"id":24670,"url":"https:\/\/www.satokangas.fi\/blogi\/2015\/05\/vihrea-oulu-ja-pikkuinen-kaymassa\/","url_meta":{"origin":25185,"position":0},"title":"Vihre\u00e4 Oulu &#8211;  ja Pikkuinen k\u00e4ym\u00e4ss\u00e4","author":"Reija","date":"30.5.2015","format":false,"excerpt":"Ei paljon puuttunut, ett\u00e4 olisin laulanut t\u00e4n\u00e4 aamuna lenkill\u00e4 pitkin Oulun kauniita puistoja. Vihre\u00e4\u00e4, aurinkoa, valoa, kes\u00e4ist\u00e4, liikkumisen iloa, melkein lomatunnelma, hyvill\u00e4 mielin... Kaikki kuvat suurenevat klikkaamalla, ja luvan kanssa luontokuvia saat vohkia backgroundiksi. Kotiin palattua yrttien istutusta, l\u00e4ks\u00e4reiden valmistelua, ruoan tekoa. Nuoripari, eikun pikku perhe, tuli sy\u00f6m\u00e4\u00e4n. Tahvosta ensimm\u00e4inen\u2026","rel":"","context":"Kategoriassa &quot;Isovanhemmuus&quot;","block_context":{"text":"Isovanhemmuus","link":"https:\/\/www.satokangas.fi\/blogi\/category\/isovanhemmuus\/"},"img":{"alt_text":"Kes\u00e4inen Oulu-3","src":"https:\/\/i0.wp.com\/www.satokangas.fi\/blogi\/wp-content\/uploads\/2015\/05\/Kes%C3%A4inen-Oulu-3-600x400.jpg?resize=350%2C200&ssl=1","width":350,"height":200,"srcset":"https:\/\/i0.wp.com\/www.satokangas.fi\/blogi\/wp-content\/uploads\/2015\/05\/Kes%C3%A4inen-Oulu-3-600x400.jpg?resize=350%2C200&ssl=1 1x, https:\/\/i0.wp.com\/www.satokangas.fi\/blogi\/wp-content\/uploads\/2015\/05\/Kes%C3%A4inen-Oulu-3-600x400.jpg?resize=525%2C300&ssl=1 1.5x"},"classes":[]},{"id":34460,"url":"https:\/\/www.satokangas.fi\/blogi\/2018\/07\/kesan-perinteita\/","url_meta":{"origin":25185,"position":1},"title":"Kes\u00e4n perinteit\u00e4","author":"Reija","date":"25.7.2018","format":false,"excerpt":"T\u00e4m\u00e4 p\u00e4iv\u00e4 alkoi jokakes\u00e4isell\u00e4 Papinj\u00e4rven \"retkell\u00e4\". T\u00e4n\u00e4\u00e4n siell\u00e4 oli sama lintuharrastaja-herrasmies, jonka olen siell\u00e4 tavannut jo useana vuonna. H\u00e4n oli n\u00e4hnyt t\u00e4n\u00e4\u00e4n harmaahaikaran, mik\u00e4 Oulun korkeudella on kyll\u00e4 harvinaista. Min\u00e4 olen n\u00e4hnyt harmaahaikaroita Alsacessa, lienenk\u00f6 muualla? Visbyss\u00e4 viime kes\u00e4n\u00e4? Enk\u00e4 n\u00e4hnyt sitten t\u00e4n\u00e4\u00e4nk\u00e4\u00e4n. Mutta j\u00e4rvi ja maisema olivat hyvi\u00e4 ja\u2026","rel":"","context":"Kategoriassa &quot;Oulu&quot;","block_context":{"text":"Oulu","link":"https:\/\/www.satokangas.fi\/blogi\/category\/oulu\/"},"img":{"alt_text":"","src":"https:\/\/i0.wp.com\/www.satokangas.fi\/blogi\/wp-content\/uploads\/2018\/07\/1-25.jpg?resize=350%2C200&ssl=1","width":350,"height":200,"srcset":"https:\/\/i0.wp.com\/www.satokangas.fi\/blogi\/wp-content\/uploads\/2018\/07\/1-25.jpg?resize=350%2C200&ssl=1 1x, https:\/\/i0.wp.com\/www.satokangas.fi\/blogi\/wp-content\/uploads\/2018\/07\/1-25.jpg?resize=525%2C300&ssl=1 1.5x, https:\/\/i0.wp.com\/www.satokangas.fi\/blogi\/wp-content\/uploads\/2018\/07\/1-25.jpg?resize=700%2C400&ssl=1 2x"},"classes":[]},{"id":52667,"url":"https:\/\/www.satokangas.fi\/blogi\/2025\/07\/keskikesalla-alkoi-kesa\/","url_meta":{"origin":25185,"position":2},"title":"Vasta keskikes\u00e4ll\u00e4 alkoi kes\u00e4","author":"Reija","date":"1.7.2025","format":false,"excerpt":"Kes\u00e4kuussa oli aika lailla menemisi\u00e4, tekemisi\u00e4, tapaamisia. Oltiinhan kuukauden kakkosviikolla parin p\u00e4iv\u00e4n Hailuoto-reissulla Amicien kanssa, sen j\u00e4lkeen juhannusta edelt\u00e4v\u00e4 viikko ja juhannusaatto vietettiin Juniorin ja lasten kanssa Hangasojalla. Ja meill\u00e4 Pehtoorin kanssa kului sitten viel\u00e4 seuraavakin viikko m\u00f6kkeilless\u00e4, p\u00e4\u00e4osin pihahommissa. Viikonlopuksi palasimme m\u00f6kilt\u00e4 kotiin. Perjantaina oli paluupuuhia (puutarha, pyykit, paperit,\u2026","rel":"","context":"Kategoriassa &quot;Isovanhemmuus&quot;","block_context":{"text":"Isovanhemmuus","link":"https:\/\/www.satokangas.fi\/blogi\/category\/isovanhemmuus\/"},"img":{"alt_text":"","src":"https:\/\/i0.wp.com\/www.satokangas.fi\/blogi\/wp-content\/uploads\/2025\/06\/Vihrean_runsaus-4.jpg?resize=350%2C200&ssl=1","width":350,"height":200,"srcset":"https:\/\/i0.wp.com\/www.satokangas.fi\/blogi\/wp-content\/uploads\/2025\/06\/Vihrean_runsaus-4.jpg?resize=350%2C200&ssl=1 1x, https:\/\/i0.wp.com\/www.satokangas.fi\/blogi\/wp-content\/uploads\/2025\/06\/Vihrean_runsaus-4.jpg?resize=525%2C300&ssl=1 1.5x, https:\/\/i0.wp.com\/www.satokangas.fi\/blogi\/wp-content\/uploads\/2025\/06\/Vihrean_runsaus-4.jpg?resize=700%2C400&ssl=1 2x"},"classes":[]},{"id":42883,"url":"https:\/\/www.satokangas.fi\/blogi\/2022\/05\/melkein-kuin-olisi-kesa\/","url_meta":{"origin":25185,"position":3},"title":"Melkein kuin olisi kes\u00e4","author":"Reija","date":"20.5.2022","format":false,"excerpt":"Olenhan muistanut kehua ja kiitt\u00e4\u00e4 Oulun py\u00f6r\u00e4tieverkostoa. T\u00e4n\u00e4\u00e4n - kun paistoi ja oli jo aika l\u00e4mminkin - muistin taas olla erityisen kiitolllinen siit\u00e4. Parinkympin j\u00e4lkeen oli k\u00e4\u00e4nnytt\u00e4v\u00e4 kohti kotia, vaikka hyv\u00e4n kirjan (Bonnie Garmuson \"Kaikki on kemiaa\"), parissa olisi voinut polkea viel\u00e4 vaikka mutkin Haukiputaalle. Mutta! Eih\u00e4n kirjaa tarvinnut keskeytt\u00e4\u00e4\u2026","rel":"","context":"Kategoriassa &quot;Niit\u00e4 n\u00e4it\u00e4&quot;","block_context":{"text":"Niit\u00e4 n\u00e4it\u00e4","link":"https:\/\/www.satokangas.fi\/blogi\/category\/aiheeton\/"},"img":{"alt_text":"","src":"https:\/\/i0.wp.com\/www.satokangas.fi\/blogi\/wp-content\/uploads\/2022\/05\/tomaatti-3.jpg?resize=350%2C200&ssl=1","width":350,"height":200,"srcset":"https:\/\/i0.wp.com\/www.satokangas.fi\/blogi\/wp-content\/uploads\/2022\/05\/tomaatti-3.jpg?resize=350%2C200&ssl=1 1x, https:\/\/i0.wp.com\/www.satokangas.fi\/blogi\/wp-content\/uploads\/2022\/05\/tomaatti-3.jpg?resize=525%2C300&ssl=1 1.5x, https:\/\/i0.wp.com\/www.satokangas.fi\/blogi\/wp-content\/uploads\/2022\/05\/tomaatti-3.jpg?resize=700%2C400&ssl=1 2x"},"classes":[]},{"id":3860,"url":"https:\/\/www.satokangas.fi\/blogi\/2009\/07\/kesan-teatteri\/","url_meta":{"origin":25185,"position":4},"title":"Kes\u00e4n teatteri","author":"Reija","date":"23.7.2009","format":false,"excerpt":"Turvetta ja timantteja - kes\u00e4teatteria Oulun M\u00f6lj\u00e4ll\u00e4. Tuttua Turpeista ja Piiparisen hervotonta kohellusta, huonompaakin viihdett\u00e4 on n\u00e4hty. T\u00e4m\u00e4 kuuluu kes\u00e4\u00e4n. Nuorison kanssa oltiin, ennen teatteria torinrannassa sy\u00f6m\u00e4ss\u00e4. Aurinkoa, l\u00e4mmint\u00e4, leppoisaa - loma. Iltap\u00e4iv\u00e4kahvilla k\u00e4ytiin tuttujen luona, - vierailu, joka sekin vaati kes\u00e4lomaa, jotta saatiin l\u00e4hdetyksi. Miksei muka ty\u00f6aikana ehdi\/jaksa\/viitsi kyl\u00e4ill\u00e4?\u2026","rel":"","context":"Kategoriassa &quot;Niit\u00e4 n\u00e4it\u00e4&quot;","block_context":{"text":"Niit\u00e4 n\u00e4it\u00e4","link":"https:\/\/www.satokangas.fi\/blogi\/category\/aiheeton\/"},"img":{"alt_text":"","src":"","width":0,"height":0},"classes":[]},{"id":46610,"url":"https:\/\/www.satokangas.fi\/blogi\/2023\/08\/hidas-maanantai\/","url_meta":{"origin":25185,"position":5},"title":"Hidas maanantai","author":"Reija","date":"7.8.2023","format":false,"excerpt":"T\u00e4n\u00e4\u00e4n taitaa olla kes\u00e4n l\u00e4mpimin p\u00e4iv\u00e4 Oulussa. Ainakin kostean helteinen puolen p\u00e4iv\u00e4n ukkoskuuron j\u00e4lkeen. P\u00e4iv\u00e4n aikaansaannokset sen mukaiset: eip\u00e4 niit\u00e4 todellakaan ole lueteltavaksi asti. Vain katteiden alla olevien kukkien kastelu, kohtuullinen py\u00f6r\u00e4lenkki, eik\u00e4 juuri muuta. V\u00e4h\u00e4n harmittaa kun en saa aikaiseksi k\u00e4ynti\u00e4 Tuiranrannassa olevalla uniikilla saunalautalla. T\u00e4n\u00e4\u00e4n siell\u00e4 ei ollut\u2026","rel":"","context":"Kategoriassa &quot;Niit\u00e4 n\u00e4it\u00e4&quot;","block_context":{"text":"Niit\u00e4 n\u00e4it\u00e4","link":"https:\/\/www.satokangas.fi\/blogi\/category\/aiheeton\/"},"img":{"alt_text":"","src":"https:\/\/i0.wp.com\/www.satokangas.fi\/blogi\/wp-content\/uploads\/2023\/08\/kesa-3.jpg?resize=350%2C200&ssl=1","width":350,"height":200,"srcset":"https:\/\/i0.wp.com\/www.satokangas.fi\/blogi\/wp-content\/uploads\/2023\/08\/kesa-3.jpg?resize=350%2C200&ssl=1 1x, https:\/\/i0.wp.com\/www.satokangas.fi\/blogi\/wp-content\/uploads\/2023\/08\/kesa-3.jpg?resize=525%2C300&ssl=1 1.5x, https:\/\/i0.wp.com\/www.satokangas.fi\/blogi\/wp-content\/uploads\/2023\/08\/kesa-3.jpg?resize=700%2C400&ssl=1 2x"},"classes":[]}],"_links":{"self":[{"href":"https:\/\/www.satokangas.fi\/blogi\/wp-json\/wp\/v2\/posts\/25185","targetHints":{"allow":["GET"]}}],"collection":[{"href":"https:\/\/www.satokangas.fi\/blogi\/wp-json\/wp\/v2\/posts"}],"about":[{"href":"https:\/\/www.satokangas.fi\/blogi\/wp-json\/wp\/v2\/types\/post"}],"author":[{"embeddable":true,"href":"https:\/\/www.satokangas.fi\/blogi\/wp-json\/wp\/v2\/users\/1"}],"replies":[{"embeddable":true,"href":"https:\/\/www.satokangas.fi\/blogi\/wp-json\/wp\/v2\/comments?post=25185"}],"version-history":[{"count":0,"href":"https:\/\/www.satokangas.fi\/blogi\/wp-json\/wp\/v2\/posts\/25185\/revisions"}],"wp:attachment":[{"href":"https:\/\/www.satokangas.fi\/blogi\/wp-json\/wp\/v2\/media?parent=25185"}],"wp:term":[{"taxonomy":"category","embeddable":true,"href":"https:\/\/www.satokangas.fi\/blogi\/wp-json\/wp\/v2\/categories?post=25185"},{"taxonomy":"post_tag","embeddable":true,"href":"https:\/\/www.satokangas.fi\/blogi\/wp-json\/wp\/v2\/tags?post=25185"}],"curies":[{"name":"wp","href":"https:\/\/api.w.org\/{rel}","templated":true}]}}