{"id":25178,"date":"2015-07-12T21:24:11","date_gmt":"2015-07-12T18:24:11","guid":{"rendered":"https:\/\/www.satokangas.fi\/blogi\/?p=25178"},"modified":"2015-07-16T21:15:25","modified_gmt":"2015-07-16T18:15:25","slug":"blogissa-kavijoiden-profiili","status":"publish","type":"post","link":"https:\/\/www.satokangas.fi\/blogi\/2015\/07\/blogissa-kavijoiden-profiili\/","title":{"rendered":"Blogissa k\u00e4vij\u00f6iden profiili?"},"content":{"rendered":"<p>Hein\u00e4kuu (olkoonkin kylm\u00e4) hiljent\u00e4\u00e4 Suomen, ja monien\u00a0blogien \u00e4\u00e4rell\u00e4 k\u00e4y talvikuukausia v\u00e4hemm\u00e4n v\u00e4ke\u00e4. Kes\u00e4st\u00e4 huolimatta t\u00e4nne Tuulestatemmattuun kuitenkin eksyy satoja ihmisi\u00e4 p\u00e4ivitt\u00e4in.<\/p>\n<p><a href=\"https:\/\/www.satokangas.fi\/blogi\/wp-content\/uploads\/2015\/07\/Keskiarvo-per-p\u00e4iv\u00e4.jpg\"><img loading=\"lazy\" decoding=\"async\" class=\"aligncenter size-medium wp-image-25180\" src=\"https:\/\/www.satokangas.fi\/blogi\/wp-content\/uploads\/2015\/07\/Keskiarvo-per-p\u00e4iv\u00e4-600x144.jpg\" alt=\"Keskiarvo per p\u00e4iv\u00e4\" width=\"600\" height=\"144\" \/><\/a><\/p>\n<p>Tarkemmin ajatellen se on h\u00e4mment\u00e4v\u00e4\u00e4. Tilastointi kertoo minulle, ett\u00e4 enemm\u00e4n kuin puolet k\u00e4vij\u00f6ist\u00e4 on l\u00e4hes p\u00e4ivitt\u00e4in Temmatun \u00e4\u00e4rell\u00e4. Siis l\u00e4hes kaksisataa k\u00e4y toistuvasti joka p\u00e4iv\u00e4.<\/p>\n<p>Joskus koetan mietti\u00e4, ketk\u00e4 kaikki? Ket\u00e4 teist\u00e4 k\u00e4vij\u00f6ist\u00e4 tunnen? T\u00e4m\u00e4 bloggaaminen kun on aika lailla &#8221;monologista&#8221;, ei kovin vuorovaikutteista. Olen t\u00e4st\u00e4 joskus <a href=\"https:\/\/www.satokangas.fi\/blogi\/2013\/10\/lokakuisia-juttuja\/\">ennenkin kirjoitellut<\/a>.<\/p>\n<p style=\"text-align: center;\"><a href=\"https:\/\/www.satokangas.fi\/blogi\/wp-content\/uploads\/2015\/07\/Puutarhassa-2.jpg\"><img loading=\"lazy\" decoding=\"async\" data-attachment-id=\"25179\" data-permalink=\"https:\/\/www.satokangas.fi\/blogi\/2015\/07\/blogissa-kavijoiden-profiili\/puutarhassa-2\/\" data-orig-file=\"https:\/\/www.satokangas.fi\/blogi\/wp-content\/uploads\/2015\/07\/Puutarhassa-2.jpg\" data-orig-size=\"1500,1000\" data-comments-opened=\"1\" data-image-meta=\"{&quot;aperture&quot;:&quot;2.8&quot;,&quot;credit&quot;:&quot;Reija Satokangas&quot;,&quot;camera&quot;:&quot;Canon EOS 6D&quot;,&quot;caption&quot;:&quot;&quot;,&quot;created_timestamp&quot;:&quot;1436721597&quot;,&quot;copyright&quot;:&quot;&quot;,&quot;focal_length&quot;:&quot;100&quot;,&quot;iso&quot;:&quot;160&quot;,&quot;shutter_speed&quot;:&quot;0.00025&quot;,&quot;title&quot;:&quot;&quot;,&quot;orientation&quot;:&quot;0&quot;}\" data-image-title=\"Puutarhassa-2\" data-image-description=\"\" data-image-caption=\"\" data-large-file=\"https:\/\/www.satokangas.fi\/blogi\/wp-content\/uploads\/2015\/07\/Puutarhassa-2.jpg\" class=\"aligncenter size-medium wp-image-25179\" src=\"https:\/\/www.satokangas.fi\/blogi\/wp-content\/uploads\/2015\/07\/Puutarhassa-2-600x400.jpg\" alt=\"Puutarhassa-2\" width=\"600\" height=\"400\" srcset=\"https:\/\/www.satokangas.fi\/blogi\/wp-content\/uploads\/2015\/07\/Puutarhassa-2-600x400.jpg 600w, https:\/\/www.satokangas.fi\/blogi\/wp-content\/uploads\/2015\/07\/Puutarhassa-2-300x200.jpg 300w, https:\/\/www.satokangas.fi\/blogi\/wp-content\/uploads\/2015\/07\/Puutarhassa-2.jpg 1500w\" sizes=\"auto, (max-width: 600px) 100vw, 600px\" \/><\/a><\/p>\n<p>Nyt olen taas viime aikoina saanut kuulla hieman yll\u00e4tt\u00e4vist\u00e4kin blogik\u00e4vij\u00f6ist\u00e4. Esimerkiksi, ett\u00e4 t\u00e4m\u00e4 monivuotinen, p\u00e4ivitt\u00e4inen, joskus aika henkil\u00f6kohtainen h\u00f6pin\u00e4n\u00e4kin on linkitetty <a href=\"http:\/\/oulun-uutiset.sivuviidakko.fi\/\">Oulun Uutiset -sivustolle<\/a>. No miksei. Ehk\u00e4 ne jutut, jotka k\u00e4sittelev\u00e4t nimenomaan <a href=\"https:\/\/www.satokangas.fi\/blogi\/category\/oulu\/\">Oulua ja\/tai joissa on kuvia Oulusta<\/a> kuulunevat tuonne. Muuten on ehk\u00e4 vaikea kuvitella, ett\u00e4 &#8221;laajaa yleis\u00f6\u00e4&#8221; n\u00e4m\u00e4 p\u00e4iv\u00e4kirjamaiset p\u00e4ivitykseni kiinnostaisivat.<\/p>\n<p style=\"text-align: center;\"><a href=\"https:\/\/www.satokangas.fi\/blogi\/wp-content\/uploads\/2015\/07\/Puutarhassa-3.jpg\"><img loading=\"lazy\" decoding=\"async\" data-attachment-id=\"25182\" data-permalink=\"https:\/\/www.satokangas.fi\/blogi\/2015\/07\/blogissa-kavijoiden-profiili\/puutarhassa-3\/\" data-orig-file=\"https:\/\/www.satokangas.fi\/blogi\/wp-content\/uploads\/2015\/07\/Puutarhassa-3.jpg\" data-orig-size=\"1500,1000\" data-comments-opened=\"1\" data-image-meta=\"{&quot;aperture&quot;:&quot;2.8&quot;,&quot;credit&quot;:&quot;Reija Satokangas&quot;,&quot;camera&quot;:&quot;Canon EOS 6D&quot;,&quot;caption&quot;:&quot;&quot;,&quot;created_timestamp&quot;:&quot;1436721610&quot;,&quot;copyright&quot;:&quot;&quot;,&quot;focal_length&quot;:&quot;100&quot;,&quot;iso&quot;:&quot;160&quot;,&quot;shutter_speed&quot;:&quot;0.00025&quot;,&quot;title&quot;:&quot;&quot;,&quot;orientation&quot;:&quot;0&quot;}\" data-image-title=\"Puutarhassa-3\" data-image-description=\"\" data-image-caption=\"\" data-large-file=\"https:\/\/www.satokangas.fi\/blogi\/wp-content\/uploads\/2015\/07\/Puutarhassa-3.jpg\" class=\"aligncenter size-medium wp-image-25182\" src=\"https:\/\/www.satokangas.fi\/blogi\/wp-content\/uploads\/2015\/07\/Puutarhassa-3-600x400.jpg\" alt=\"Puutarhassa-3\" width=\"600\" height=\"400\" srcset=\"https:\/\/www.satokangas.fi\/blogi\/wp-content\/uploads\/2015\/07\/Puutarhassa-3-600x400.jpg 600w, https:\/\/www.satokangas.fi\/blogi\/wp-content\/uploads\/2015\/07\/Puutarhassa-3-300x200.jpg 300w, https:\/\/www.satokangas.fi\/blogi\/wp-content\/uploads\/2015\/07\/Puutarhassa-3.jpg 1500w\" sizes=\"auto, (max-width: 600px) 100vw, 600px\" \/><\/a><\/p>\n<p>Nyt olen luonnollisesti v\u00e4h\u00e4n huolissani siit\u00e4, kuinka paljon k\u00e4vij\u00e4m\u00e4\u00e4r\u00e4t tulevat laskemaan, kun yliopistoel\u00e4m\u00e4\u00e4-kategoriaan tulee vastaisuudessa varmaan en\u00e4\u00e4 hyvin harvoin juttuja. Kuinka moni entinen tai nykyinen opiskelija ja (ent.) henkil\u00f6kunnan j\u00e4sen en\u00e4\u00e4 on kiinnostunut, nyt kun minulla ei juuri en\u00e4\u00e4 tule olemaan mit\u00e4\u00e4n reaaliaikaisia p\u00e4ivityksi\u00e4 akateemisesta maailmasta?<\/p>\n<p>Joku vuosi sitten tein kyselyn k\u00e4vij\u00f6it\u00e4 kiinnostavista aiheista, ja silloin tulokset olivat t\u00e4llaiset&#8230;[klikkaamalla suurenee]<\/p>\n<p style=\"text-align: center;\"><a href=\"https:\/\/www.satokangas.fi\/blogi\/wp-content\/uploads\/2015\/07\/kysely.jpg\"><img loading=\"lazy\" decoding=\"async\" data-attachment-id=\"25181\" data-permalink=\"https:\/\/www.satokangas.fi\/blogi\/2015\/07\/blogissa-kavijoiden-profiili\/kysely-2\/\" data-orig-file=\"https:\/\/www.satokangas.fi\/blogi\/wp-content\/uploads\/2015\/07\/kysely.jpg\" data-orig-size=\"1099,372\" data-comments-opened=\"1\" data-image-meta=\"{&quot;aperture&quot;:&quot;0&quot;,&quot;credit&quot;:&quot;Reija&quot;,&quot;camera&quot;:&quot;&quot;,&quot;caption&quot;:&quot;&quot;,&quot;created_timestamp&quot;:&quot;1381267395&quot;,&quot;copyright&quot;:&quot;&quot;,&quot;focal_length&quot;:&quot;0&quot;,&quot;iso&quot;:&quot;0&quot;,&quot;shutter_speed&quot;:&quot;0&quot;,&quot;title&quot;:&quot;&quot;,&quot;orientation&quot;:&quot;0&quot;}\" data-image-title=\"kysely\" data-image-description=\"\" data-image-caption=\"\" data-large-file=\"https:\/\/www.satokangas.fi\/blogi\/wp-content\/uploads\/2015\/07\/kysely.jpg\" class=\"aligncenter size-medium wp-image-25181\" src=\"https:\/\/www.satokangas.fi\/blogi\/wp-content\/uploads\/2015\/07\/kysely-600x203.jpg\" alt=\"kysely\" width=\"600\" height=\"203\" srcset=\"https:\/\/www.satokangas.fi\/blogi\/wp-content\/uploads\/2015\/07\/kysely-600x203.jpg 600w, https:\/\/www.satokangas.fi\/blogi\/wp-content\/uploads\/2015\/07\/kysely-300x102.jpg 300w, https:\/\/www.satokangas.fi\/blogi\/wp-content\/uploads\/2015\/07\/kysely.jpg 1099w\" sizes=\"auto, (max-width: 600px) 100vw, 600px\" \/><\/a><\/p>\n<p style=\"text-align: center;\">Mitenh\u00e4n se nyt menisi?<\/p>\n<p>Kev\u00e4ttalvella sattui ihan muutaman viikon sis\u00e4ll\u00e4 pari tapausta, jotka olivat v\u00e4h\u00e4n\u00a0h\u00e4mment\u00e4vi\u00e4 ja hauskoja: kerroin ruoka\/illallisp\u00f6yd\u00e4ss\u00e4 p\u00f6yt\u00e4seuralleni ik\u00e4\u00e4n \u00a0kuin sivulauseessa jotain blogiini liittyv\u00e4\u00e4 tyyliin &#8221;min\u00e4 kun pid\u00e4n sellaista ruoka-, reissu-, historia-, p\u00e4iv\u00e4kirjablogia, niin sit\u00e4 kautta tuli kerran vastaan&#8230;. &#8221; mihin minulle vain puolituttu, oikeastaan aiemmin tuntematon ihminen kertoi, &#8221;joo, kyll\u00e4 tied\u00e4n Tuulestammatun. Olen ollut t\u00e4ss\u00e4 aikeissa tehd\u00e4 sen lammaspateen, jonka ohjeen vastik\u00e4\u00e4n kirjoitit&#8221;. \ud83d\ude09<\/p>\n<p>Ja sitten paras juttu viime aikoina on ollut kun Pehtoori oli Oulussa Kauppahallissa hakemassa meille kalaa, h\u00e4nt\u00e4 tuli puhuttelemaan pariskunta, tuntematon pariskunta, joka kysyi: &#8221;Oletko sin\u00e4 RS:n puoliso?&#8221; &#8211; mihin Pehtoori oli vastannut &#8211; hieman h\u00e4mm\u00e4stellen &#8211; ett\u00e4 olen toki. T\u00e4m\u00e4 helsinkil\u00e4inen (!) pariskunta oli tunnistanut P:n blogini ja matkasivujeni perusteella. \ud83d\ude09<\/p>\n<p style=\"text-align: center;\"><a href=\"https:\/\/www.satokangas.fi\/blogi\/wp-content\/uploads\/2015\/07\/Puutarhassa-4.jpg\"><img loading=\"lazy\" decoding=\"async\" data-attachment-id=\"25183\" data-permalink=\"https:\/\/www.satokangas.fi\/blogi\/2015\/07\/blogissa-kavijoiden-profiili\/puutarhassa-4\/\" data-orig-file=\"https:\/\/www.satokangas.fi\/blogi\/wp-content\/uploads\/2015\/07\/Puutarhassa-4.jpg\" data-orig-size=\"1500,1000\" data-comments-opened=\"1\" data-image-meta=\"{&quot;aperture&quot;:&quot;4&quot;,&quot;credit&quot;:&quot;Reija Satokangas&quot;,&quot;camera&quot;:&quot;Canon EOS 6D&quot;,&quot;caption&quot;:&quot;&quot;,&quot;created_timestamp&quot;:&quot;1436713159&quot;,&quot;copyright&quot;:&quot;&quot;,&quot;focal_length&quot;:&quot;70&quot;,&quot;iso&quot;:&quot;160&quot;,&quot;shutter_speed&quot;:&quot;0.0003125&quot;,&quot;title&quot;:&quot;&quot;,&quot;orientation&quot;:&quot;0&quot;}\" data-image-title=\"Puutarhassa-4\" data-image-description=\"\" data-image-caption=\"\" data-large-file=\"https:\/\/www.satokangas.fi\/blogi\/wp-content\/uploads\/2015\/07\/Puutarhassa-4.jpg\" class=\"aligncenter size-medium wp-image-25183\" src=\"https:\/\/www.satokangas.fi\/blogi\/wp-content\/uploads\/2015\/07\/Puutarhassa-4-600x400.jpg\" alt=\"Puutarhassa-4\" width=\"600\" height=\"400\" srcset=\"https:\/\/www.satokangas.fi\/blogi\/wp-content\/uploads\/2015\/07\/Puutarhassa-4-600x400.jpg 600w, https:\/\/www.satokangas.fi\/blogi\/wp-content\/uploads\/2015\/07\/Puutarhassa-4-300x200.jpg 300w, https:\/\/www.satokangas.fi\/blogi\/wp-content\/uploads\/2015\/07\/Puutarhassa-4.jpg 1500w\" sizes=\"auto, (max-width: 600px) 100vw, 600px\" \/><\/a><\/p>\n<p>Sitten t\u00e4llainen [joskus turhankin avoin ja laaja] nettisivusto aiheuttaa enemm\u00e4n tai v\u00e4hemm\u00e4n ep\u00e4toivottuja lieveilmi\u00f6it\u00e4. En tied\u00e4 mist\u00e4 se johtuu, mutta minulle tulee Skypeen ihan jatkuvasti yhteydenottoja, jotka n\u00e4ytt\u00e4v\u00e4t tulevan jostain USA:n etel\u00e4valtioista ja kovasti on armeijav\u00e4ke\u00e4 liikkeell\u00e4&#8230;<\/p>\n<p>&nbsp;<\/p>\n<p>Olisi kuulkaa kenraalia ja vara-amiraalia tyrkyll\u00e4 Skype-kaveriksi!<\/p>\n<blockquote><p>[16.6.2015 14:52:38] , nimeni on Steve Walker,<br \/>\nolen aina verkossa johtuen luonteesta\u00a0ty\u00f6ni,<br \/>\nolen mieluummin s\u00e4hk\u00f6postiliikenne,<br \/>\njos olen vapaa l\u00e4hett\u00e4\u00e4 s\u00e4hk\u00f6postia sinulle, jos<\/p>\n<p>Olen aina kiire poikani t\u00e4\u00e4ll\u00e4 camp.so<br \/>\nantakaa minulle s\u00e4hk\u00f6postiosoitteesi<br \/>\njotta voin kirjoittaa s\u00e4hk\u00f6postiviestin<br \/>\nkertoa enemm\u00e4n minua tai ett\u00e4 en kirjoita.<br \/>\nLyhyesti, s\u00e4hk\u00f6postiosoite t\u00e4\u00e4lt\u00e4 ***<\/p><\/blockquote>\n<p>Mist\u00e4 n\u00e4it\u00e4 Markkeja ja Jameksia oikein tulee Skype-tililleni roikkumaan?\u00a0Onko teill\u00e4 muilla?<\/p>\n<p>Heit\u00e4 en kaipaa, mutta &#8221;roikkukaa&#8221; te vakik\u00e4vij\u00e4t! Ja tervetuloa kaikki uudet! On mukava kun teit\u00e4 siell\u00e4 on, vaikka hiljaisinakin, passiivisina. Ja aina ilahdun kommenteista, ja muistattehan, ett\u00e4 <a href=\"https:\/\/www.satokangas.fi\/blogi\/2014\/01\/tilastokatsaus-ja-ahkerimmat-kommentoijat\/\">vuodenvaihteessa aina palkitaan<\/a> ahkerin kommentoija. &#8230;<\/p>\n<p>Luulenpa, ett\u00e4 tulevalla on viikolla on tarjolla ruoka\/leivonnaisohjeita, kes\u00e4kuvakisa ja ehk\u00e4p\u00e4 kes\u00e4lukukokemuksiakin.<\/p>\n","protected":false},"excerpt":{"rendered":"<p>Hein\u00e4kuu (olkoonkin kylm\u00e4) hiljent\u00e4\u00e4 Suomen, ja monien\u00a0blogien \u00e4\u00e4rell\u00e4 k\u00e4y talvikuukausia v\u00e4hemm\u00e4n v\u00e4ke\u00e4. Kes\u00e4st\u00e4 huolimatta t\u00e4nne Tuulestatemmattuun kuitenkin eksyy satoja ihmisi\u00e4 p\u00e4ivitt\u00e4in. Tarkemmin ajatellen se on h\u00e4mment\u00e4v\u00e4\u00e4. Tilastointi kertoo minulle, ett\u00e4 enemm\u00e4n kuin puolet k\u00e4vij\u00f6ist\u00e4 on l\u00e4hes p\u00e4ivitt\u00e4in Temmatun \u00e4\u00e4rell\u00e4. Siis l\u00e4hes kaksisataa k\u00e4y toistuvasti joka p\u00e4iv\u00e4. Joskus koetan mietti\u00e4, ketk\u00e4 kaikki? Ket\u00e4 teist\u00e4 k\u00e4vij\u00f6ist\u00e4 tunnen? T\u00e4m\u00e4 bloggaaminen kun on aika &hellip; <\/p>\n","protected":false},"author":1,"featured_media":0,"comment_status":"open","ping_status":"open","sticky":false,"template":"","format":"standard","meta":{"jetpack_post_was_ever_published":false,"_jetpack_newsletter_access":"","_jetpack_dont_email_post_to_subs":false,"_jetpack_newsletter_tier_id":0,"_jetpack_memberships_contains_paywalled_content":false,"_jetpack_memberships_contains_paid_content":false,"footnotes":"","jetpack_publicize_message":"","jetpack_publicize_feature_enabled":true,"jetpack_social_post_already_shared":true,"jetpack_social_options":{"image_generator_settings":{"template":"highway","default_image_id":0,"font":"","enabled":false},"version":2}},"categories":[12,1],"tags":[],"class_list":["post-25178","post","type-post","status-publish","format-standard","hentry","category-bloggailu","category-aiheeton","latest_post"],"jetpack_publicize_connections":[],"jetpack_featured_media_url":"","jetpack_shortlink":"https:\/\/wp.me\/pr4p4-6y6","jetpack_sharing_enabled":true,"jetpack_likes_enabled":false,"jetpack-related-posts":[{"id":7468,"url":"https:\/\/www.satokangas.fi\/blogi\/2010\/06\/blogin-tilastoa-ja-ajatuksia\/","url_meta":{"origin":25178,"position":0},"title":"Blogin tilastoa ja ajatuksia","author":"Reija","date":"11.6.2010","format":false,"excerpt":"Eilisen p\u00e4iv\u00e4n postaukseeni k\u00e4vi Maija kommentoimassa ja kyseli \"Paljonko sinulla on n\u00e4it\u00e4 \u201cblogiisiaddiktoituneita\u201d?\" Ensinn\u00e4kin Maijalle kiitos kommentoinnista, se ilahduttaa yksin\u00e4ist\u00e4 bloggaajaa aina, ja toiseksi lyhyt vastaus kysymykseen: reilut sata k\u00e4vij\u00e4\u00e4 on p\u00e4ivitt\u00e4in. Tilastojen mukaan 60 % on \"palaajia\". Kovin tarkkoja tietojahan en tilastoista saa irti, mutta tulkitsisin ett\u00e4 noin 50\u2026","rel":"","context":"Kategoriassa &quot;Bloggailu&quot;","block_context":{"text":"Bloggailu","link":"https:\/\/www.satokangas.fi\/blogi\/category\/bloggailu\/"},"img":{"alt_text":"","src":"https:\/\/i0.wp.com\/www.satokangas.fi\/blogi\/wp-content\/uploads\/2010\/06\/tilasto-6_2010-_-31-500x157.jpg?resize=350%2C200&ssl=1","width":350,"height":200},"classes":[]},{"id":12384,"url":"https:\/\/www.satokangas.fi\/blogi\/2011\/09\/tulosjulkistus\/","url_meta":{"origin":25178,"position":1},"title":"Tulosjulkistus","author":"Reija","date":"13.9.2011","format":false,"excerpt":"Nelj\u00e4 vuotta sitten kun aloittelin t\u00e4m\u00e4n bloggailun, koko kuukauden postaus oli niin pitk\u00e4 kuin nyky\u00e4\u00e4n helposti naputtelen yhden p\u00e4iv\u00e4n ruutuun. Ennen liuskan verran teksti\u00e4 koko kuukaudessa, nykyisin sellainen ei tavatonta p\u00e4ivitt\u00e4ink\u00e4\u00e4n. Loputkin \u00a0kontrollit kirjoittamisesta hiipuneet? \u00a0Kaikkiaan olen postannut blogiini 1421 juttua. Siit\u00e4h\u00e4n tulisi kirja tai pari. Mutta ei kyll\u00e4 olisi\u2026","rel":"","context":"Kategoriassa &quot;Bloggailu&quot;","block_context":{"text":"Bloggailu","link":"https:\/\/www.satokangas.fi\/blogi\/category\/bloggailu\/"},"img":{"alt_text":"","src":"https:\/\/i0.wp.com\/www.satokangas.fi\/blogi\/wp-content\/uploads\/Asiasanat3.jpg?resize=350%2C200&ssl=1","width":350,"height":200,"srcset":"https:\/\/i0.wp.com\/www.satokangas.fi\/blogi\/wp-content\/uploads\/Asiasanat3.jpg?resize=350%2C200&ssl=1 1x, https:\/\/i0.wp.com\/www.satokangas.fi\/blogi\/wp-content\/uploads\/Asiasanat3.jpg?resize=525%2C300&ssl=1 1.5x, https:\/\/i0.wp.com\/www.satokangas.fi\/blogi\/wp-content\/uploads\/Asiasanat3.jpg?resize=700%2C400&ssl=1 2x"},"classes":[]},{"id":32956,"url":"https:\/\/www.satokangas.fi\/blogi\/2018\/01\/lukijakysely-2018\/","url_meta":{"origin":25178,"position":2},"title":"Lukijakysely 2018 -Tuulestatemmattua 10 vuotta","author":"Reija","date":"1.1.2018","format":false,"excerpt":"Uusi vuosi, ja Tuulestatemmattua-blogin 10 vuotta on takana. Loppiaisena 2008 julkaisin ensimm\u00e4iset postaukset\u00a0(joissa oli koko edellisen syksyn jutut kerralla). Ja sen j\u00e4lkeen ja ne mukaanlukien olen kirjoittanut (ja kuvannut) 3736 artikkelia. Kommentteja (joista suunnilleen puolet omiani) on 9968. Jos n\u00e4ihin lis\u00e4t\u00e4\u00e4n viime kev\u00e4\u00e4n liki kuukauden kest\u00e4neen pakomatkan aikana tulleet kommentit,\u2026","rel":"","context":"Kategoriassa &quot;Bloggailu&quot;","block_context":{"text":"Bloggailu","link":"https:\/\/www.satokangas.fi\/blogi\/category\/bloggailu\/"},"img":{"alt_text":"","src":"https:\/\/i0.wp.com\/www.satokangas.fi\/blogi\/wp-content\/uploads\/2018\/01\/Vuosittain.jpg?resize=350%2C200&ssl=1","width":350,"height":200,"srcset":"https:\/\/i0.wp.com\/www.satokangas.fi\/blogi\/wp-content\/uploads\/2018\/01\/Vuosittain.jpg?resize=350%2C200&ssl=1 1x, https:\/\/i0.wp.com\/www.satokangas.fi\/blogi\/wp-content\/uploads\/2018\/01\/Vuosittain.jpg?resize=525%2C300&ssl=1 1.5x, https:\/\/i0.wp.com\/www.satokangas.fi\/blogi\/wp-content\/uploads\/2018\/01\/Vuosittain.jpg?resize=700%2C400&ssl=1 2x"},"classes":[]},{"id":16863,"url":"https:\/\/www.satokangas.fi\/blogi\/2013\/03\/paasiaisviikon-maanantai\/","url_meta":{"origin":25178,"position":3},"title":"P\u00e4\u00e4si\u00e4isviikon maanantai","author":"Reija","date":"25.3.2013","format":false,"excerpt":"Aakkosj\u00e4rjestyksess\u00e4: Akateeminen, Alko, Apteekki, automaatti, Caritas, halli, hautuumaa, Herkku. Siin\u00e4h\u00e4n se minun tavallinen lauantairundini on. Ei ihan joka lauantai ihan kaikissa, mutta melkein. Nyt poikkeuksellisesti maanantai-iltana. Ja hallia lukuunottamatta kaikki. Ja lis\u00e4ksi k\u00e4v\u00e4isin Pentikill\u00e4. M\u00f6kille v\u00e4h\u00e4n uutta keltaista noiden vanhojen lasimunien lis\u00e4ksi hakemassa ... \u00a0 Sellainen halot-poikki-ja-pinoon -p\u00e4iv\u00e4 muutenkin. Ihan\u2026","rel":"","context":"Kategoriassa &quot;Bloggailu&quot;","block_context":{"text":"Bloggailu","link":"https:\/\/www.satokangas.fi\/blogi\/category\/bloggailu\/"},"img":{"alt_text":"p\u00e4\u00e4si\u00e4isviikko-2","src":"https:\/\/i0.wp.com\/www.satokangas.fi\/blogi\/wp-content\/uploads\/2013\/03\/p%C3%A4%C3%A4si%C3%A4isviikko-2-436x400.jpg?resize=350%2C200&ssl=1","width":350,"height":200},"classes":[]},{"id":30755,"url":"https:\/\/www.satokangas.fi\/blogi\/2017\/05\/blogimaailman-syovereissa\/","url_meta":{"origin":25178,"position":4},"title":"Blogimaailman sy\u00f6vereiss\u00e4","author":"Reija","date":"17.5.2017","format":false,"excerpt":"Olen k\u00e4ytt\u00e4nyt p\u00e4iv\u00e4n v\u00f6ll\u00e4illen, lukien, torkkuen, surffailen, j\u00e4tski\u00e4 sy\u00f6den. Perhepiiriss\u00e4 (ensin Mini\u00e4 ja Pehtoori, sitten Apsu, nyt min\u00e4 ja Juniori) kulkeva flunssa on nyt siis saavuttanut minutkin. Ja olenpa oikein potenut sit\u00e4! \u00a0J\u00e4tski ihan selv\u00e4sti auttaa kurkkukipuun! ;) Kun minulla t\u00e4ss\u00e4 viime kuun lopulta asti on ollut t\u00e4m\u00e4 blogi- ja\u2026","rel":"","context":"Kategoriassa &quot;Niit\u00e4 n\u00e4it\u00e4&quot;","block_context":{"text":"Niit\u00e4 n\u00e4it\u00e4","link":"https:\/\/www.satokangas.fi\/blogi\/category\/aiheeton\/"},"img":{"alt_text":"","src":"https:\/\/i0.wp.com\/www.tuulestatemmattua.fi\/wp-content\/uploads\/2017\/05\/1-37-1024x683.jpg?resize=350%2C200","width":350,"height":200,"srcset":"https:\/\/i0.wp.com\/www.tuulestatemmattua.fi\/wp-content\/uploads\/2017\/05\/1-37-1024x683.jpg?resize=350%2C200 1x, https:\/\/i0.wp.com\/www.tuulestatemmattua.fi\/wp-content\/uploads\/2017\/05\/1-37-1024x683.jpg?resize=525%2C300 1.5x, https:\/\/i0.wp.com\/www.tuulestatemmattua.fi\/wp-content\/uploads\/2017\/05\/1-37-1024x683.jpg?resize=700%2C400 2x"},"classes":[]},{"id":22986,"url":"https:\/\/www.satokangas.fi\/blogi\/2014\/11\/blogeista\/","url_meta":{"origin":25178,"position":5},"title":"Blogeista","author":"Reija","date":"5.11.2014","format":false,"excerpt":"\u00a0Mik\u00e4 onkaan osuvampaa kuin antaa todellisten kotoilun ammattilaisten eli bloggareiden jakaa osaamistaan ja ty\u00f6ns\u00e4 j\u00e4lki\u00e4 juuri joulun alla. Kotoilun ammattilaisten eli bloggareiden? No enp\u00e4 kyll\u00e4 tunne olevani mik\u00e4\u00e4n kotoilun ammattilainen vaikka aika aktiivinen (seitsem\u00e4n vuotta joka p\u00e4iv\u00e4!) blogin pit\u00e4j\u00e4 olenkin. Edellinen lainaus on uudesta \"Kotiblogi\"-lehdest\u00e4. Tulin sellaisen viime viikonlopun alla\u2026","rel":"","context":"Kategoriassa &quot;Bloggailu&quot;","block_context":{"text":"Bloggailu","link":"https:\/\/www.satokangas.fi\/blogi\/category\/bloggailu\/"},"img":{"alt_text":"Joulu on ens kuussa!","src":"https:\/\/i0.wp.com\/www.satokangas.fi\/blogi\/wp-content\/uploads\/2014\/11\/Joulu-on-ens-kuussa-266x400.jpg?resize=350%2C200&ssl=1","width":350,"height":200},"classes":[]}],"_links":{"self":[{"href":"https:\/\/www.satokangas.fi\/blogi\/wp-json\/wp\/v2\/posts\/25178","targetHints":{"allow":["GET"]}}],"collection":[{"href":"https:\/\/www.satokangas.fi\/blogi\/wp-json\/wp\/v2\/posts"}],"about":[{"href":"https:\/\/www.satokangas.fi\/blogi\/wp-json\/wp\/v2\/types\/post"}],"author":[{"embeddable":true,"href":"https:\/\/www.satokangas.fi\/blogi\/wp-json\/wp\/v2\/users\/1"}],"replies":[{"embeddable":true,"href":"https:\/\/www.satokangas.fi\/blogi\/wp-json\/wp\/v2\/comments?post=25178"}],"version-history":[{"count":0,"href":"https:\/\/www.satokangas.fi\/blogi\/wp-json\/wp\/v2\/posts\/25178\/revisions"}],"wp:attachment":[{"href":"https:\/\/www.satokangas.fi\/blogi\/wp-json\/wp\/v2\/media?parent=25178"}],"wp:term":[{"taxonomy":"category","embeddable":true,"href":"https:\/\/www.satokangas.fi\/blogi\/wp-json\/wp\/v2\/categories?post=25178"},{"taxonomy":"post_tag","embeddable":true,"href":"https:\/\/www.satokangas.fi\/blogi\/wp-json\/wp\/v2\/tags?post=25178"}],"curies":[{"name":"wp","href":"https:\/\/api.w.org\/{rel}","templated":true}]}}