{"id":25103,"date":"2015-07-04T21:40:02","date_gmt":"2015-07-04T18:40:02","guid":{"rendered":"https:\/\/www.satokangas.fi\/blogi\/?p=25103"},"modified":"2015-07-04T21:45:59","modified_gmt":"2015-07-04T18:45:59","slug":"pyoraily-oulussa","status":"publish","type":"post","link":"https:\/\/www.satokangas.fi\/blogi\/2015\/07\/pyoraily-oulussa\/","title":{"rendered":"Py\u00f6r\u00e4ily Oulussa"},"content":{"rendered":"<p><a href=\"https:\/\/www.satokangas.fi\/blogi\/wp-content\/uploads\/2015\/07\/Is\u00e4nn\u00e4n-viiri.jpg\"><img loading=\"lazy\" decoding=\"async\" class=\"size-medium wp-image-25104 aligncenter\" src=\"https:\/\/www.satokangas.fi\/blogi\/wp-content\/uploads\/2015\/07\/Is\u00e4nn\u00e4n-viiri-275x400.jpg\" alt=\"Is\u00e4nn\u00e4n viiri\" width=\"275\" height=\"400\" \/><\/a><\/p>\n<p style=\"text-align: justify;\">Juuri t\u00e4llaista on Oulussa. Aina. L\u00e4hdet iltap\u00e4iv\u00e4ll\u00e4 py\u00f6r\u00e4ll\u00e4 kohti kyl\u00e4paikkaa, ja pihassa on t\u00e4ysin tyvent\u00e4.\u00a0Ainoa harmistuksen seikka on se, ett\u00e4 et ole hoksannut luututa py\u00f6r\u00e4\u00e4, joka on keltaisen m\u00e4nnyn siitep\u00f6lyn peitossa niin, ett\u00e4 ne vierailuvetimesi (mustat luonnollisesti) ovat ihan sotkussa jo ennen kuin p\u00e4\u00e4set Koskelantielle asti. No Koskelantiell\u00e4 [200 m kotoa] huomaatkin, ett\u00e4 on vastatuuli. Ajattelet, ett\u00e4 nou h\u00e4t\u00e4, palatessa saat tulla my\u00f6t\u00e4isess\u00e4, kivempih\u00e4n se niin, siis, ett\u00e4 kotimatka illan p\u00e4\u00e4lle hoituu my\u00f6t\u00e4tuulen tukemana. Saathan niin toivoa ja ajatella!<\/p>\n<p>K\u00e4yt eksnaapureiden luona vaihtamassa kuulumiset, nauttimassa kelpo p\u00e4iv\u00e4llisen, juomassa kohtuullisesti viini\u00e4 ja l\u00e4hdet polkemaan takaisin kotiin. Ja kotipihalla is\u00e4nn\u00e4n viiri on t\u00e4ysin levossa! Mutta oliko matkalla tyvent\u00e4 tai my\u00f6t\u00e4ist\u00e4 kuten menness\u00e4 oli ollut luulo? &#8211; No ei ollut, ei! Oli taas vastainen. N\u00e4in k\u00e4y Oulussa aina! Ihan sama mihin olet menossa, mihin aikaan vuorokaudesta olet liikkeell\u00e4. Olennaista on, ett\u00e4 olet py\u00f6r\u00e4ll\u00e4: aina on vastainen!<\/p>\n<p>Muutoin p\u00e4iv\u00e4 mennyt helposti. Kotit\u00f6it\u00e4. Siivoiluja. J\u00e4rjestelyj\u00e4. Huomisen sapuskan esivalmisteluja. R\u00e4stej\u00e4. Ei ole tarvinnut tuhlata aikaa auringonpaisteessa lep\u00e4ilyyn tai kes\u00e4st\u00e4 nauttimiseen. Sen verta kylm\u00e4\u00e4 ja sateista on ollut. No tottahan n\u00e4ill\u00e4 keleill\u00e4 enemm\u00e4n saa aikaiseksi. \ud83d\ude09<\/p>\n<p>&nbsp;<\/p>\n","protected":false},"excerpt":{"rendered":"<p>Juuri t\u00e4llaista on Oulussa. Aina. L\u00e4hdet iltap\u00e4iv\u00e4ll\u00e4 py\u00f6r\u00e4ll\u00e4 kohti kyl\u00e4paikkaa, ja pihassa on t\u00e4ysin tyvent\u00e4.\u00a0Ainoa harmistuksen seikka on se, ett\u00e4 et ole hoksannut luututa py\u00f6r\u00e4\u00e4, joka on keltaisen m\u00e4nnyn siitep\u00f6lyn peitossa niin, ett\u00e4 ne vierailuvetimesi (mustat luonnollisesti) ovat ihan sotkussa jo ennen kuin p\u00e4\u00e4set Koskelantielle asti. No Koskelantiell\u00e4 [200 m kotoa] huomaatkin, ett\u00e4 on vastatuuli. Ajattelet, ett\u00e4 nou h\u00e4t\u00e4, palatessa &hellip; <\/p>\n","protected":false},"author":1,"featured_media":0,"comment_status":"open","ping_status":"open","sticky":false,"template":"","format":"standard","meta":{"jetpack_post_was_ever_published":false,"_jetpack_newsletter_access":"","_jetpack_dont_email_post_to_subs":false,"_jetpack_newsletter_tier_id":0,"_jetpack_memberships_contains_paywalled_content":false,"_jetpack_memberships_contains_paid_content":false,"footnotes":"","jetpack_publicize_message":"","jetpack_publicize_feature_enabled":true,"jetpack_social_post_already_shared":true,"jetpack_social_options":{"image_generator_settings":{"template":"highway","default_image_id":0,"font":"","enabled":false},"version":2}},"categories":[1,55],"tags":[],"class_list":["post-25103","post","type-post","status-publish","format-standard","hentry","category-aiheeton","category-oulu","latest_post"],"jetpack_publicize_connections":[],"jetpack_featured_media_url":"","jetpack_shortlink":"https:\/\/wp.me\/pr4p4-6wT","jetpack_sharing_enabled":true,"jetpack_likes_enabled":false,"jetpack-related-posts":[{"id":37223,"url":"https:\/\/www.satokangas.fi\/blogi\/2019\/09\/kodin-vaihtoja\/","url_meta":{"origin":25103,"position":0},"title":"Kodin vaihtoja","author":"Reija","date":"20.9.2019","format":false,"excerpt":"Nyt kun osuutemme sisaren muuttopuuhissa vol. 1 ja 2 ovat ohitse, niin on tullut pohdituksi ja keskustelluksi muuttoja.\u00a0 Suomalaisten keskim\u00e4\u00e4r\u00e4inen muuttom\u00e4\u00e4r\u00e4 el\u00e4m\u00e4ns\u00e4 aikana on kuusi kertaa. Sisaren k\u00e4ynniss\u00e4 oleva muutto on h\u00e4nen el\u00e4m\u00e4ns\u00e4 kymmenes, - huolimatta ett\u00e4\u00a0 h\u00e4n on minua liki vuosikymmenen nuorempi, on h\u00e4n ehtinyt muuttaa paljon minua useammin.\u2026","rel":"","context":"Kategoriassa &quot;Niit\u00e4 n\u00e4it\u00e4&quot;","block_context":{"text":"Niit\u00e4 n\u00e4it\u00e4","link":"https:\/\/www.satokangas.fi\/blogi\/category\/aiheeton\/"},"img":{"alt_text":"","src":"https:\/\/i0.wp.com\/www.satokangas.fi\/blogi\/wp-content\/uploads\/2019\/09\/kaksio.jpg?resize=350%2C200&ssl=1","width":350,"height":200,"srcset":"https:\/\/i0.wp.com\/www.satokangas.fi\/blogi\/wp-content\/uploads\/2019\/09\/kaksio.jpg?resize=350%2C200&ssl=1 1x, https:\/\/i0.wp.com\/www.satokangas.fi\/blogi\/wp-content\/uploads\/2019\/09\/kaksio.jpg?resize=525%2C300&ssl=1 1.5x, https:\/\/i0.wp.com\/www.satokangas.fi\/blogi\/wp-content\/uploads\/2019\/09\/kaksio.jpg?resize=700%2C400&ssl=1 2x"},"classes":[]},{"id":31732,"url":"https:\/\/www.satokangas.fi\/blogi\/2017\/08\/koskelankylan-ja-minun-historiaa-vol-i\/","url_meta":{"origin":25103,"position":1},"title":"Koskelankyl\u00e4n (ja minun) historiaa vol. I","author":"Reija","date":"27.8.2017","format":false,"excerpt":"Siin\u00e4 se on. Minun lapsuudenkotini. Ja kotini abivuonna ja opiskeluajan alussa. Osoitteessa Koskelantie 123. Koskelankyl\u00e4ss\u00e4, nykyisin tunnetaan Taskilana, oli Koskilinjat OY:n tallit. Siin\u00e4 vietin lapsuuteni 11-vuotiaaksi asti, jolloin perheemme muutti vajaan kilometrin verran pohjoiseen: seuraavat kahdeksan vuotta asuin Oulunsel\u00e4ntien (Koskelantie tuoltakin osuudelta vuoteen 1973?) uudessa omakotitalossa ja sitten muutin takaisin\u2026","rel":"","context":"Kategoriassa &quot;Historiaa&quot;","block_context":{"text":"Historiaa","link":"https:\/\/www.satokangas.fi\/blogi\/category\/historiaa\/"},"img":{"alt_text":"","src":"https:\/\/i0.wp.com\/www.satokangas.fi\/blogi\/wp-content\/uploads\/2017\/08\/Koskilinjat-tallit-Koskelankyla_-1.jpg?resize=350%2C200&ssl=1","width":350,"height":200,"srcset":"https:\/\/i0.wp.com\/www.satokangas.fi\/blogi\/wp-content\/uploads\/2017\/08\/Koskilinjat-tallit-Koskelankyla_-1.jpg?resize=350%2C200&ssl=1 1x, https:\/\/i0.wp.com\/www.satokangas.fi\/blogi\/wp-content\/uploads\/2017\/08\/Koskilinjat-tallit-Koskelankyla_-1.jpg?resize=525%2C300&ssl=1 1.5x, https:\/\/i0.wp.com\/www.satokangas.fi\/blogi\/wp-content\/uploads\/2017\/08\/Koskilinjat-tallit-Koskelankyla_-1.jpg?resize=700%2C400&ssl=1 2x"},"classes":[]},{"id":35161,"url":"https:\/\/www.satokangas.fi\/blogi\/2018\/11\/aamuliikenteessa\/","url_meta":{"origin":25103,"position":2},"title":"Aamuliikenteess\u00e4","author":"Reija","date":"7.11.2018","format":false,"excerpt":"Aamukuudelta Koskelantiell\u00e4 ihan hiljaista. Ep\u00e4todellinen, ajaton tunne. Satoikin, ei paljon, mutta satoi. L\u00e4mmin, autoliikkeen mittari n\u00e4ytti + 7 C. Toppilansuoralle p\u00e4\u00e4sty\u00e4 alkoi erilaisia isoja PekkaNiskoja, Hongistoja, Caterpillareita ja kaikkia ty\u00f6koneita liikkua v\u00e4h\u00e4n joka suuntaan. Meniv\u00e4t ty\u00f6maalle. Atsov\u00e4risiin vaatteisiin pukeutuneet raksamiehet olivat jo monella kerrostaloty\u00f6maalla, joita matkalla meilt\u00e4 kaupunkiin on monia.\u2026","rel":"","context":"Kategoriassa &quot;Muistikuvia&quot;","block_context":{"text":"Muistikuvia","link":"https:\/\/www.satokangas.fi\/blogi\/category\/muistikuvia\/"},"img":{"alt_text":"","src":"https:\/\/i0.wp.com\/www.satokangas.fi\/blogi\/wp-content\/uploads\/2018\/11\/aamuliikenne-5.jpg?resize=350%2C200&ssl=1","width":350,"height":200,"srcset":"https:\/\/i0.wp.com\/www.satokangas.fi\/blogi\/wp-content\/uploads\/2018\/11\/aamuliikenne-5.jpg?resize=350%2C200&ssl=1 1x, https:\/\/i0.wp.com\/www.satokangas.fi\/blogi\/wp-content\/uploads\/2018\/11\/aamuliikenne-5.jpg?resize=525%2C300&ssl=1 1.5x, https:\/\/i0.wp.com\/www.satokangas.fi\/blogi\/wp-content\/uploads\/2018\/11\/aamuliikenne-5.jpg?resize=700%2C400&ssl=1 2x"},"classes":[]},{"id":12577,"url":"https:\/\/www.satokangas.fi\/blogi\/2011\/10\/alakooki-ja-muita-tuhopolttoja\/","url_meta":{"origin":25103,"position":3},"title":"Alak\u00f6\u00f6ki ja muita tuhopolttoja","author":"Reija","date":"6.10.2011","format":false,"excerpt":"Iltap\u00e4iv\u00e4ll\u00e4 blogissani piipahtaessani (en sitten kuitenkaan jaksanut osallistua Valokuvatorstain vaikeaan haasteeseen) kummastelin huikeaksi noussutta k\u00e4vij\u00e4m\u00e4\u00e4r\u00e4\u00e4: \"Miksi blogissani on t\u00e4n\u00e4\u00e4n k\u00e4yty jo iltap\u00e4iv\u00e4ll\u00e4 yli 300 kertaa?\" Ja kun katson, mill\u00e4 hakusanoilla t\u00e4nne oli tultu, hoksin ett\u00e4 Piparkakkutalo, Alak\u00f6\u00f6ki, Ainolan puisto ja p\u00e4iv\u00e4koti\u00a0 -sanojen kautta oli klikkauduttu sivulle, jossa oli kev\u00e4\u00e4ll\u00e4 ottamiani\u2026","rel":"","context":"Kategoriassa &quot;Niit\u00e4 n\u00e4it\u00e4&quot;","block_context":{"text":"Niit\u00e4 n\u00e4it\u00e4","link":"https:\/\/www.satokangas.fi\/blogi\/category\/aiheeton\/"},"img":{"alt_text":"","src":"","width":0,"height":0},"classes":[]},{"id":30429,"url":"https:\/\/www.satokangas.fi\/blogi\/2017\/03\/valo-ja-happi-on-hyvaksi\/","url_meta":{"origin":25103,"position":4},"title":"Valo ja happi on hyv\u00e4ksi","author":"Reija","date":"5.3.2017","format":false,"excerpt":"Monta kertaa j\u00e4\u00e4 kuvaamatta arkea, sit\u00e4 tavallista el\u00e4m\u00e4nmenoa. Kuinka monta kertaa olenkaan toivonut, ett\u00e4 olisi j\u00e4ljell\u00e4 yksik\u00e4\u00e4n kuva Koskelantielt\u00e4 60-luvulta. Silt\u00e4 ajalta kun sit\u00e4 pitkin kansakouluun tai pyh\u00e4kouluun kuljin. Eip\u00e4 ole yht\u00e4\u00e4n sellaista kuvaa vastaan tullut. Jos jollakin on, olisin iloinen jos n\u00e4kisin. T\u00e4n\u00e4\u00e4n - kun onneksi maltoin vitkutella lenkille\u2026","rel":"","context":"Kategoriassa &quot;Niit\u00e4 n\u00e4it\u00e4&quot;","block_context":{"text":"Niit\u00e4 n\u00e4it\u00e4","link":"https:\/\/www.satokangas.fi\/blogi\/category\/aiheeton\/"},"img":{"alt_text":"","src":"","width":0,"height":0},"classes":[]},{"id":14710,"url":"https:\/\/www.satokangas.fi\/blogi\/2012\/07\/moljalla-ja-muualla\/","url_meta":{"origin":25103,"position":5},"title":"M\u00f6lj\u00e4ll\u00e4 ja muualla","author":"Reija","date":"7.7.2012","format":false,"excerpt":"Nyt olisi kuvia ja tarinaa useampaankin kuvakertomukseen... Mutta taidanpa jakaa eri p\u00e4iville. Aamulla aika varhain, meren ollessa viel\u00e4 tyven, rannoilla oli ihan hiljaista ja min\u00e4 olin kameran kanssa M\u00f6lj\u00e4ll\u00e4.*\u00a0Voi kun kuviin ei saa \u00e4\u00e4ni\u00e4, tai siis hiljaisuutta. Kyll\u00e4 kaupungissakin voi olla hiljaista. T\u00e4\u00e4ll\u00e4 oli. Aamut ovat niin ylivertaisen hienoja.\u00a0Min\u00e4h\u00e4n en\u2026","rel":"","context":"Kategoriassa &quot;Niit\u00e4 n\u00e4it\u00e4&quot;","block_context":{"text":"Niit\u00e4 n\u00e4it\u00e4","link":"https:\/\/www.satokangas.fi\/blogi\/category\/aiheeton\/"},"img":{"alt_text":"","src":"https:\/\/i0.wp.com\/www.satokangas.fi\/blogi\/wp-content\/uploads\/VAsta-menossa-363x400.jpg?resize=350%2C200&ssl=1","width":350,"height":200},"classes":[]}],"_links":{"self":[{"href":"https:\/\/www.satokangas.fi\/blogi\/wp-json\/wp\/v2\/posts\/25103","targetHints":{"allow":["GET"]}}],"collection":[{"href":"https:\/\/www.satokangas.fi\/blogi\/wp-json\/wp\/v2\/posts"}],"about":[{"href":"https:\/\/www.satokangas.fi\/blogi\/wp-json\/wp\/v2\/types\/post"}],"author":[{"embeddable":true,"href":"https:\/\/www.satokangas.fi\/blogi\/wp-json\/wp\/v2\/users\/1"}],"replies":[{"embeddable":true,"href":"https:\/\/www.satokangas.fi\/blogi\/wp-json\/wp\/v2\/comments?post=25103"}],"version-history":[{"count":0,"href":"https:\/\/www.satokangas.fi\/blogi\/wp-json\/wp\/v2\/posts\/25103\/revisions"}],"wp:attachment":[{"href":"https:\/\/www.satokangas.fi\/blogi\/wp-json\/wp\/v2\/media?parent=25103"}],"wp:term":[{"taxonomy":"category","embeddable":true,"href":"https:\/\/www.satokangas.fi\/blogi\/wp-json\/wp\/v2\/categories?post=25103"},{"taxonomy":"post_tag","embeddable":true,"href":"https:\/\/www.satokangas.fi\/blogi\/wp-json\/wp\/v2\/tags?post=25103"}],"curies":[{"name":"wp","href":"https:\/\/api.w.org\/{rel}","templated":true}]}}