{"id":25092,"date":"2015-07-03T20:33:15","date_gmt":"2015-07-03T17:33:15","guid":{"rendered":"https:\/\/www.satokangas.fi\/blogi\/?p=25092"},"modified":"2018-05-04T13:47:26","modified_gmt":"2018-05-04T10:47:26","slug":"kaupunkireissulta-kreikkaan","status":"publish","type":"post","link":"https:\/\/www.satokangas.fi\/blogi\/2015\/07\/kaupunkireissulta-kreikkaan\/","title":{"rendered":"Kaupunkireissulta Kreikkaan"},"content":{"rendered":"<p style=\"text-align: justify;\">Ei ihan turha ja huono p\u00e4iv\u00e4 sittenk\u00e4\u00e4n. Nolla plus.<\/p>\n<p style=\"text-align: justify;\"><a href=\"https:\/\/www.satokangas.fi\/blogi\/wp-content\/uploads\/2015\/07\/1-19.jpg\"><img loading=\"lazy\" decoding=\"async\" data-attachment-id=\"25093\" data-permalink=\"https:\/\/www.satokangas.fi\/blogi\/2015\/07\/kaupunkireissulta-kreikkaan\/1-19-2\/\" data-orig-file=\"https:\/\/www.satokangas.fi\/blogi\/wp-content\/uploads\/2015\/07\/1-19.jpg\" data-orig-size=\"1000,1000\" data-comments-opened=\"1\" data-image-meta=\"{&quot;aperture&quot;:&quot;5.6&quot;,&quot;credit&quot;:&quot;Reija Satokangas&quot;,&quot;camera&quot;:&quot;Canon EOS 6D&quot;,&quot;caption&quot;:&quot;&quot;,&quot;created_timestamp&quot;:&quot;1435929117&quot;,&quot;copyright&quot;:&quot;&quot;,&quot;focal_length&quot;:&quot;105&quot;,&quot;iso&quot;:&quot;320&quot;,&quot;shutter_speed&quot;:&quot;0.00625&quot;,&quot;title&quot;:&quot;&quot;,&quot;orientation&quot;:&quot;0&quot;}\" data-image-title=\"1-19\" data-image-description=\"\" data-image-caption=\"\" data-large-file=\"https:\/\/www.satokangas.fi\/blogi\/wp-content\/uploads\/2015\/07\/1-19.jpg\" class=\" size-medium wp-image-25093 alignnone\" src=\"https:\/\/www.satokangas.fi\/blogi\/wp-content\/uploads\/2015\/07\/1-19-400x400.jpg\" alt=\"1-19\" width=\"400\" height=\"400\" srcset=\"https:\/\/www.satokangas.fi\/blogi\/wp-content\/uploads\/2015\/07\/1-19-400x400.jpg 400w, https:\/\/www.satokangas.fi\/blogi\/wp-content\/uploads\/2015\/07\/1-19-300x300.jpg 300w, https:\/\/www.satokangas.fi\/blogi\/wp-content\/uploads\/2015\/07\/1-19-50x50.jpg 50w, https:\/\/www.satokangas.fi\/blogi\/wp-content\/uploads\/2015\/07\/1-19.jpg 1000w\" sizes=\"auto, (max-width: 400px) 100vw, 400px\" \/><\/a><\/p>\n<p style=\"text-align: justify;\">Aamulla k\u00e4velin kosteassa, tuoksuvassa, aurinkoisessa s\u00e4\u00e4ss\u00e4 kaupunkiin. Kampaajalle menin. Ja sen j\u00e4lkeen hoitelin muita &#8221;r\u00e4stijuttuja&#8221; pois p\u00e4iv\u00e4j\u00e4rjestyksest\u00e4: Oulu <a href=\"https:\/\/fi-fi.facebook.com\/pages\/Oulu10-palvelupiste\/187046834391\">Kympist\u00e4<\/a> hain vihdoin Oulun ulkoilukartan; vanhan sai ilmaiseksi, uudesta olisi pit\u00e4nyt maksaa 7,20; otin vanhan. Me voidaan ulkoilla vanhoillakin reiteill\u00e4. \ud83d\ude09 .<\/p>\n<p style=\"text-align: justify;\">Rotuaarille avatussa <a href=\"http:\/\/www.ruohonjuuri.fi\/myymalat\/oulu\/\">Ruohonjuuressa<\/a> k\u00e4vin, &#8211; vihdoin? &#8211; P\u00e4hkin\u00e4t ovat meid\u00e4n molempien v\u00e4lipalaherkkua, joten niit\u00e4 tulin ostaneeksi. Mietin kaupan mielett\u00f6m\u00e4n suurta valikoimaa katsellessani, kuinka olisikaan ollut hienoa, kun olisi ollut t\u00e4llainen kauppa 1980-luvun alussa vegekaudellani! Toisaalta silloin ei juuri olisi ollut varaa ostaa noita&#8230; Joka tapauksessa hyv\u00e4, ett\u00e4 Oulussakin nyt Ruohonjuuri on.<\/p>\n<p style=\"text-align: justify;\">Ja kastajaisten lautasliinoja etsin &#8211; viel\u00e4 l\u00f6yt\u00e4m\u00e4tt\u00e4 &#8211; ja SPR:ll\u00e4 k\u00e4vin, kun nyt on tauko hammasrempoissa, saan taas luovuttaa. En tiennytk\u00e4\u00e4n, ett\u00e4 vatsant\u00e4hystyskin on este luovutukselle. No juuri ja juuri &#8221;karenssiraja&#8221; oli ohi, eik\u00e4 katarril\u00e4\u00e4kitys haittaa, joten p\u00e4\u00e4sin nolla plussani luovuttamaan. Siit\u00e4 tulee aina hyv\u00e4 mieli.<\/p>\n<p style=\"text-align: justify;\">Auringon viel\u00e4 paistaessa &#8211; nyt jo pilvess\u00e4, eik\u00e4 mist\u00e4\u00e4n &#8221;koko Suomea&#8221; helliv\u00e4st\u00e4 helteest\u00e4 tietoakaan, s\u00f6imme piazzallamme yksinkertaisen, hyv\u00e4n kes\u00e4ruoan: ihan vaan Kreikka-kriisiss\u00e4 my\u00f6t\u00e4el\u00e4en tein mm. horiatikia, kreikkalaista salaattia, &#8211; retsina olisi kyll\u00e4 viel\u00e4 sopinut tuohon hetkeen.<\/p>\n<p style=\"text-align: justify;\"><a href=\"https:\/\/www.satokangas.fi\/blogi\/wp-content\/uploads\/2015\/07\/1-20.jpg\"><img loading=\"lazy\" decoding=\"async\" data-attachment-id=\"25102\" data-permalink=\"https:\/\/www.satokangas.fi\/blogi\/2015\/07\/kaupunkireissulta-kreikkaan\/1-20-3\/\" data-orig-file=\"https:\/\/www.satokangas.fi\/blogi\/wp-content\/uploads\/2015\/07\/1-20.jpg\" data-orig-size=\"1500,1000\" data-comments-opened=\"1\" data-image-meta=\"{&quot;aperture&quot;:&quot;4&quot;,&quot;credit&quot;:&quot;Reija Satokangas&quot;,&quot;camera&quot;:&quot;Canon EOS 6D&quot;,&quot;caption&quot;:&quot;&quot;,&quot;created_timestamp&quot;:&quot;1435939555&quot;,&quot;copyright&quot;:&quot;&quot;,&quot;focal_length&quot;:&quot;65&quot;,&quot;iso&quot;:&quot;100&quot;,&quot;shutter_speed&quot;:&quot;0.0004&quot;,&quot;title&quot;:&quot;&quot;,&quot;orientation&quot;:&quot;0&quot;}\" data-image-title=\"1-20\" data-image-description=\"\" data-image-caption=\"\" data-large-file=\"https:\/\/www.satokangas.fi\/blogi\/wp-content\/uploads\/2015\/07\/1-20.jpg\" class=\"aligncenter size-medium wp-image-25102\" src=\"https:\/\/www.satokangas.fi\/blogi\/wp-content\/uploads\/2015\/07\/1-20-600x400.jpg\" alt=\"1-20\" width=\"600\" height=\"400\" srcset=\"https:\/\/www.satokangas.fi\/blogi\/wp-content\/uploads\/2015\/07\/1-20-600x400.jpg 600w, https:\/\/www.satokangas.fi\/blogi\/wp-content\/uploads\/2015\/07\/1-20-300x200.jpg 300w, https:\/\/www.satokangas.fi\/blogi\/wp-content\/uploads\/2015\/07\/1-20.jpg 1500w\" sizes=\"auto, (max-width: 600px) 100vw, 600px\" \/><\/a><\/p>\n<p style=\"text-align: center;\">(Kaikki kuvat suurenevat klikkaamalla.)<\/p>\n<p style=\"text-align: justify;\">Kreikkaan liittyy melkein yht\u00e4 paljon hienoja hetki\u00e4 ja lomia kuin Italiaan. Ensimm\u00e4isen kerran k\u00e4vimme siell\u00e4 elokuussa 1982. Olin matkanjohtajana kaksiviikkoisella megaturneella, ja seuraavan kerran Kreikassa seuraavan vuoden syksyll\u00e4 vanhemmiltani lahjaksi saamamme honey-moon-matkalla Kreetalle.<\/p>\n<p style=\"text-align: justify;\">Sen, ett\u00e4 lentokent\u00e4lt\u00e4 laukkumme l\u00f6ysimme, ja yhden tamperelaisen pariskunnan kanssa taksin hotellille otimme,<\/p>\n<p><a href=\"https:\/\/www.satokangas.fi\/blogi\/2015\/07\/kaupunkireissulta-kreikkaan\/kreeta\/#main\" rel=\"attachment wp-att-33892\"><img loading=\"lazy\" decoding=\"async\" data-attachment-id=\"33892\" data-permalink=\"https:\/\/www.satokangas.fi\/blogi\/2015\/07\/kaupunkireissulta-kreikkaan\/kreeta\/\" data-orig-file=\"https:\/\/www.satokangas.fi\/blogi\/wp-content\/uploads\/2015\/07\/Kreeta.jpg\" data-orig-size=\"1000,655\" data-comments-opened=\"1\" data-image-meta=\"{&quot;aperture&quot;:&quot;0&quot;,&quot;credit&quot;:&quot;&quot;,&quot;camera&quot;:&quot;Nikon SUPER COOLSCAN 5000 ED&quot;,&quot;caption&quot;:&quot;&quot;,&quot;created_timestamp&quot;:&quot;0&quot;,&quot;copyright&quot;:&quot;Reija Satokangas&quot;,&quot;focal_length&quot;:&quot;0&quot;,&quot;iso&quot;:&quot;0&quot;,&quot;shutter_speed&quot;:&quot;0&quot;,&quot;title&quot;:&quot;&quot;,&quot;orientation&quot;:&quot;0&quot;}\" data-image-title=\"Kreeta\" data-image-description=\"\" data-image-caption=\"\" data-large-file=\"https:\/\/www.satokangas.fi\/blogi\/wp-content\/uploads\/2015\/07\/Kreeta.jpg\" class=\"aligncenter wp-image-33892 size-medium\" src=\"https:\/\/www.satokangas.fi\/blogi\/wp-content\/uploads\/2015\/07\/Kreeta-611x400.jpg\" alt=\"\" width=\"611\" height=\"400\" srcset=\"https:\/\/www.satokangas.fi\/blogi\/wp-content\/uploads\/2015\/07\/Kreeta-611x400.jpg 611w, https:\/\/www.satokangas.fi\/blogi\/wp-content\/uploads\/2015\/07\/Kreeta-300x197.jpg 300w, https:\/\/www.satokangas.fi\/blogi\/wp-content\/uploads\/2015\/07\/Kreeta-768x503.jpg 768w, https:\/\/www.satokangas.fi\/blogi\/wp-content\/uploads\/2015\/07\/Kreeta.jpg 1000w\" sizes=\"auto, (max-width: 611px) 100vw, 611px\" \/><\/a><\/p>\n<p style=\"text-align: justify;\">oli meit\u00e4 hotellihuoneessa odottamassa KYLM\u00c4 kuohuviinipullo ja kukkapuska. Ei me tuolloin paljon kuohuvien p\u00e4\u00e4lle ymm\u00e4rretty, mutta vanhempani olivat sellaisen meille valmiiksi ja tervetuliaiseksi tilanneet, ja osasimme kyll\u00e4 arvostaa, &#8211; varsinkin kun se oli kylm\u00e4\u00e4. \ud83d\ude09 Kutsuttiin ne tamperalaisetkin sitten tyhjent\u00e4m\u00e4\u00e4n pullollista kanssamme.<\/p>\n<p style=\"text-align: justify;\"><a href=\"https:\/\/www.satokangas.fi\/blogi\/wp-content\/uploads\/2015\/07\/1983-Kreeta-I_12.jpg\"><img loading=\"lazy\" decoding=\"async\" data-attachment-id=\"25099\" data-permalink=\"https:\/\/www.satokangas.fi\/blogi\/2015\/07\/kaupunkireissulta-kreikkaan\/1983-kreeta-i_12\/\" data-orig-file=\"https:\/\/www.satokangas.fi\/blogi\/wp-content\/uploads\/2015\/07\/1983-Kreeta-I_12.jpg\" data-orig-size=\"1816,2771\" data-comments-opened=\"1\" data-image-meta=\"{&quot;aperture&quot;:&quot;0&quot;,&quot;credit&quot;:&quot;&quot;,&quot;camera&quot;:&quot;Nikon SUPER COOLSCAN 5000 ED&quot;,&quot;caption&quot;:&quot;&quot;,&quot;created_timestamp&quot;:&quot;0&quot;,&quot;copyright&quot;:&quot;&quot;,&quot;focal_length&quot;:&quot;0&quot;,&quot;iso&quot;:&quot;0&quot;,&quot;shutter_speed&quot;:&quot;0&quot;,&quot;title&quot;:&quot;&quot;,&quot;orientation&quot;:&quot;1&quot;}\" data-image-title=\"1983 Kreeta I_12\" data-image-description=\"\" data-image-caption=\"\" data-large-file=\"https:\/\/www.satokangas.fi\/blogi\/wp-content\/uploads\/2015\/07\/1983-Kreeta-I_12-671x1024.jpg\" class=\"aligncenter size-medium wp-image-25099\" src=\"https:\/\/www.satokangas.fi\/blogi\/wp-content\/uploads\/2015\/07\/1983-Kreeta-I_12-262x400.jpg\" alt=\"1983 Kreeta I_12\" width=\"262\" height=\"400\" srcset=\"https:\/\/www.satokangas.fi\/blogi\/wp-content\/uploads\/2015\/07\/1983-Kreeta-I_12-262x400.jpg 262w, https:\/\/www.satokangas.fi\/blogi\/wp-content\/uploads\/2015\/07\/1983-Kreeta-I_12-197x300.jpg 197w, https:\/\/www.satokangas.fi\/blogi\/wp-content\/uploads\/2015\/07\/1983-Kreeta-I_12-671x1024.jpg 671w, https:\/\/www.satokangas.fi\/blogi\/wp-content\/uploads\/2015\/07\/1983-Kreeta-I_12.jpg 1816w\" sizes=\"auto, (max-width: 262px) 100vw, 262px\" \/><\/a><\/p>\n<p style=\"text-align: justify;\">Sitten seuraava reissu oli \u00a0jo lasten synnytty\u00e4: Kyprokselle menimme syyskes\u00e4ll\u00e4 1992, jolloin Juniori oli puolitoista\u00a0ja sisarensa kolme. Vain yksi oksennustauti sill\u00e4 reissulla. \ud83d\ude00 \u00a0Tuo oli lasten ensimm\u00e4inen &#8221;oikea&#8221; [Haaparantaa ei lasketa] ulkomaan matka. Eik\u00e4 kyll\u00e4 sitten j\u00e4\u00e4nyt siihen.<\/p>\n<p style=\"text-align: justify;\">Samaiseen lomakohteeseen sattui my\u00f6s meid\u00e4n yhteinen lukioaikainen rehtorimme, joka oli koulussa (jo yli 10 vuotta aiemmin) n\u00e4hnyt meid\u00e4n seurustelusuhteen alkavan, ja h\u00e4n oli kyll\u00e4 mukavaa iltap\u00e4iv\u00e4juttuseuraa altaalla. Ja h\u00e4n oli kovin riemastunut kun meid\u00e4n Juniori esitteli itsens\u00e4 h\u00e4nelle ja kaikille muille suomalaisille (ja ulkomaalaisillekin!): &#8221;Min\u00e4 oon d\u00f6s\u00e4mies&#8221;. Viel\u00e4 nyky\u00e4\u00e4nkin kun reksi\u00e4 kaupungilla n\u00e4kee, h\u00e4n muistaa kysy\u00e4, mit\u00e4 d\u00f6s\u00e4miehelle kuuluu? \ud83d\ude09<\/p>\n<p style=\"text-align: justify;\"><a href=\"https:\/\/www.satokangas.fi\/blogi\/wp-content\/uploads\/2015\/07\/Kypros-10_1992.jpg\"><img loading=\"lazy\" decoding=\"async\" data-attachment-id=\"25094\" data-permalink=\"https:\/\/www.satokangas.fi\/blogi\/2015\/07\/kaupunkireissulta-kreikkaan\/kypros-10_1992\/\" data-orig-file=\"https:\/\/www.satokangas.fi\/blogi\/wp-content\/uploads\/2015\/07\/Kypros-10_1992.jpg\" data-orig-size=\"530,1000\" data-comments-opened=\"1\" data-image-meta=\"{&quot;aperture&quot;:&quot;0&quot;,&quot;credit&quot;:&quot;Reija Satokangas&quot;,&quot;camera&quot;:&quot;&quot;,&quot;caption&quot;:&quot;&quot;,&quot;created_timestamp&quot;:&quot;1435950836&quot;,&quot;copyright&quot;:&quot;&quot;,&quot;focal_length&quot;:&quot;0&quot;,&quot;iso&quot;:&quot;0&quot;,&quot;shutter_speed&quot;:&quot;0&quot;,&quot;title&quot;:&quot;&quot;,&quot;orientation&quot;:&quot;0&quot;}\" data-image-title=\"Kypros 10_1992\" data-image-description=\"\" data-image-caption=\"\" data-large-file=\"https:\/\/www.satokangas.fi\/blogi\/wp-content\/uploads\/2015\/07\/Kypros-10_1992.jpg\" class=\"aligncenter size-medium wp-image-25094\" src=\"https:\/\/www.satokangas.fi\/blogi\/wp-content\/uploads\/2015\/07\/Kypros-10_1992-212x400.jpg\" alt=\"Kypros 10_1992\" width=\"212\" height=\"400\" srcset=\"https:\/\/www.satokangas.fi\/blogi\/wp-content\/uploads\/2015\/07\/Kypros-10_1992-212x400.jpg 212w, https:\/\/www.satokangas.fi\/blogi\/wp-content\/uploads\/2015\/07\/Kypros-10_1992-159x300.jpg 159w, https:\/\/www.satokangas.fi\/blogi\/wp-content\/uploads\/2015\/07\/Kypros-10_1992.jpg 530w\" sizes=\"auto, (max-width: 212px) 100vw, 212px\" \/><\/a><\/p>\n<p><a href=\"https:\/\/www.satokangas.fi\/blogi\/2015\/07\/kaupunkireissulta-kreikkaan\/kypros-10_1992-2\/#main\" rel=\"attachment wp-att-25095\"><img loading=\"lazy\" decoding=\"async\" data-attachment-id=\"25095\" data-permalink=\"https:\/\/www.satokangas.fi\/blogi\/2015\/07\/kaupunkireissulta-kreikkaan\/kypros-10_1992-2\/\" data-orig-file=\"https:\/\/www.satokangas.fi\/blogi\/wp-content\/uploads\/2015\/07\/Kypros-10_1992-2.jpg\" data-orig-size=\"1442,1000\" data-comments-opened=\"1\" data-image-meta=\"{&quot;aperture&quot;:&quot;0&quot;,&quot;credit&quot;:&quot;Reija Satokangas&quot;,&quot;camera&quot;:&quot;&quot;,&quot;caption&quot;:&quot;&quot;,&quot;created_timestamp&quot;:&quot;1435951029&quot;,&quot;copyright&quot;:&quot;&quot;,&quot;focal_length&quot;:&quot;0&quot;,&quot;iso&quot;:&quot;0&quot;,&quot;shutter_speed&quot;:&quot;0&quot;,&quot;title&quot;:&quot;&quot;,&quot;orientation&quot;:&quot;0&quot;}\" data-image-title=\"Kypros 10_1992-2\" data-image-description=\"\" data-image-caption=\"\" data-large-file=\"https:\/\/www.satokangas.fi\/blogi\/wp-content\/uploads\/2015\/07\/Kypros-10_1992-2.jpg\" class=\"aligncenter wp-image-25095\" src=\"https:\/\/www.satokangas.fi\/blogi\/wp-content\/uploads\/2015\/07\/Kypros-10_1992-2.jpg\" alt=\"\" width=\"800\" height=\"555\" srcset=\"https:\/\/www.satokangas.fi\/blogi\/wp-content\/uploads\/2015\/07\/Kypros-10_1992-2.jpg 1442w, https:\/\/www.satokangas.fi\/blogi\/wp-content\/uploads\/2015\/07\/Kypros-10_1992-2-300x208.jpg 300w, https:\/\/www.satokangas.fi\/blogi\/wp-content\/uploads\/2015\/07\/Kypros-10_1992-2-577x400.jpg 577w\" sizes=\"auto, (max-width: 800px) 100vw, 800px\" \/><\/a><\/p>\n<p style=\"text-align: justify;\">Tuota keltaista kukkamekkoa min\u00e4 en ymm\u00e4rr\u00e4! Sen kyll\u00e4 muistan, ett\u00e4 Ouluun oli tuolloin kev\u00e4\u00e4ll\u00e4 avattu uusi, ensimm\u00e4inen, Vero Moda ja sielt\u00e4 tuon ostin. Se maksoi 28 markkaa. Sen se on kyll\u00e4 n\u00e4k\u00f6inenkin! Tai ei siis muuta vikaa, mutta ett\u00e4 keltainen!<\/p>\n<p style=\"text-align: justify;\"><a href=\"https:\/\/www.satokangas.fi\/blogi\/wp-content\/uploads\/2015\/07\/Kypros-10_1992-3.jpg\"><img loading=\"lazy\" decoding=\"async\" data-attachment-id=\"25096\" data-permalink=\"https:\/\/www.satokangas.fi\/blogi\/2015\/07\/kaupunkireissulta-kreikkaan\/kypros-10_1992-3\/\" data-orig-file=\"https:\/\/www.satokangas.fi\/blogi\/wp-content\/uploads\/2015\/07\/Kypros-10_1992-3.jpg\" data-orig-size=\"1444,1000\" data-comments-opened=\"1\" data-image-meta=\"{&quot;aperture&quot;:&quot;0&quot;,&quot;credit&quot;:&quot;Reija Satokangas&quot;,&quot;camera&quot;:&quot;&quot;,&quot;caption&quot;:&quot;&quot;,&quot;created_timestamp&quot;:&quot;1435950757&quot;,&quot;copyright&quot;:&quot;&quot;,&quot;focal_length&quot;:&quot;0&quot;,&quot;iso&quot;:&quot;0&quot;,&quot;shutter_speed&quot;:&quot;0&quot;,&quot;title&quot;:&quot;&quot;,&quot;orientation&quot;:&quot;0&quot;}\" data-image-title=\"Kypros 10_1992-3\" data-image-description=\"\" data-image-caption=\"\" data-large-file=\"https:\/\/www.satokangas.fi\/blogi\/wp-content\/uploads\/2015\/07\/Kypros-10_1992-3.jpg\" class=\"aligncenter size-medium wp-image-25096\" src=\"https:\/\/www.satokangas.fi\/blogi\/wp-content\/uploads\/2015\/07\/Kypros-10_1992-3-578x400.jpg\" alt=\"Kypros 10_1992-3\" width=\"578\" height=\"400\" srcset=\"https:\/\/www.satokangas.fi\/blogi\/wp-content\/uploads\/2015\/07\/Kypros-10_1992-3-578x400.jpg 578w, https:\/\/www.satokangas.fi\/blogi\/wp-content\/uploads\/2015\/07\/Kypros-10_1992-3-300x208.jpg 300w, https:\/\/www.satokangas.fi\/blogi\/wp-content\/uploads\/2015\/07\/Kypros-10_1992-3.jpg 1444w\" sizes=\"auto, (max-width: 578px) 100vw, 578px\" \/><\/a><\/p>\n<p><a href=\"https:\/\/www.satokangas.fi\/blogi\/2015\/07\/kaupunkireissulta-kreikkaan\/kypros-1992_3\/#main\" rel=\"attachment wp-att-25097\"><img loading=\"lazy\" decoding=\"async\" data-attachment-id=\"25097\" data-permalink=\"https:\/\/www.satokangas.fi\/blogi\/2015\/07\/kaupunkireissulta-kreikkaan\/kypros-1992_3\/\" data-orig-file=\"https:\/\/www.satokangas.fi\/blogi\/wp-content\/uploads\/2015\/07\/Kypros-1992_3.jpg\" data-orig-size=\"1164,1008\" data-comments-opened=\"1\" data-image-meta=\"{&quot;aperture&quot;:&quot;0&quot;,&quot;credit&quot;:&quot;&quot;,&quot;camera&quot;:&quot;&quot;,&quot;caption&quot;:&quot;&quot;,&quot;created_timestamp&quot;:&quot;0&quot;,&quot;copyright&quot;:&quot;&quot;,&quot;focal_length&quot;:&quot;0&quot;,&quot;iso&quot;:&quot;0&quot;,&quot;shutter_speed&quot;:&quot;0&quot;,&quot;title&quot;:&quot;&quot;,&quot;orientation&quot;:&quot;1&quot;}\" data-image-title=\"Kypros 1992_3\" data-image-description=\"\" data-image-caption=\"\" data-large-file=\"https:\/\/www.satokangas.fi\/blogi\/wp-content\/uploads\/2015\/07\/Kypros-1992_3.jpg\" class=\"aligncenter wp-image-25097\" src=\"https:\/\/www.satokangas.fi\/blogi\/wp-content\/uploads\/2015\/07\/Kypros-1992_3.jpg\" alt=\"\" width=\"800\" height=\"693\" srcset=\"https:\/\/www.satokangas.fi\/blogi\/wp-content\/uploads\/2015\/07\/Kypros-1992_3.jpg 1164w, https:\/\/www.satokangas.fi\/blogi\/wp-content\/uploads\/2015\/07\/Kypros-1992_3-300x260.jpg 300w, https:\/\/www.satokangas.fi\/blogi\/wp-content\/uploads\/2015\/07\/Kypros-1992_3-462x400.jpg 462w\" sizes=\"auto, (max-width: 800px) 100vw, 800px\" \/><\/a><\/p>\n<p>&nbsp;<\/p>\n<p style=\"text-align: justify;\">Kyproksen j\u00e4lkeen seuraava matka Kreikkaan oli Halkidikille, siis mantereelle.<\/p>\n<p style=\"text-align: justify;\"><a href=\"https:\/\/www.satokangas.fi\/blogi\/wp-content\/uploads\/2015\/07\/Halkidiki.jpg\"><img loading=\"lazy\" decoding=\"async\" data-attachment-id=\"25100\" data-permalink=\"https:\/\/www.satokangas.fi\/blogi\/2015\/07\/kaupunkireissulta-kreikkaan\/halkidiki\/\" data-orig-file=\"https:\/\/www.satokangas.fi\/blogi\/wp-content\/uploads\/2015\/07\/Halkidiki.jpg\" data-orig-size=\"399,406\" data-comments-opened=\"1\" data-image-meta=\"{&quot;aperture&quot;:&quot;0&quot;,&quot;credit&quot;:&quot;Reija&quot;,&quot;camera&quot;:&quot;&quot;,&quot;caption&quot;:&quot;&quot;,&quot;created_timestamp&quot;:&quot;1435953905&quot;,&quot;copyright&quot;:&quot;&quot;,&quot;focal_length&quot;:&quot;0&quot;,&quot;iso&quot;:&quot;0&quot;,&quot;shutter_speed&quot;:&quot;0&quot;,&quot;title&quot;:&quot;&quot;,&quot;orientation&quot;:&quot;0&quot;}\" data-image-title=\"Halkidiki\" data-image-description=\"\" data-image-caption=\"\" data-large-file=\"https:\/\/www.satokangas.fi\/blogi\/wp-content\/uploads\/2015\/07\/Halkidiki.jpg\" class=\"aligncenter size-medium wp-image-25100\" src=\"https:\/\/www.satokangas.fi\/blogi\/wp-content\/uploads\/2015\/07\/Halkidiki-393x400.jpg\" alt=\"Halkidiki\" width=\"393\" height=\"400\" srcset=\"https:\/\/www.satokangas.fi\/blogi\/wp-content\/uploads\/2015\/07\/Halkidiki-393x400.jpg 393w, https:\/\/www.satokangas.fi\/blogi\/wp-content\/uploads\/2015\/07\/Halkidiki-295x300.jpg 295w, https:\/\/www.satokangas.fi\/blogi\/wp-content\/uploads\/2015\/07\/Halkidiki-50x50.jpg 50w, https:\/\/www.satokangas.fi\/blogi\/wp-content\/uploads\/2015\/07\/Halkidiki.jpg 399w\" sizes=\"auto, (max-width: 393px) 100vw, 393px\" \/><\/a><\/p>\n<p style=\"text-align: justify;\">Yksi noista kolmesta &#8221;sormesta&#8221; oli se niemimaa, jossa oltiin, enk\u00e4 edes muista, miss\u00e4 niist\u00e4. Taisi olla tuo vasemmanpuoleinen? \u00a0Miss\u00e4 on Halkidikin kuvat? Siell\u00e4 vuokrattiin p\u00e4iv\u00e4ksi pieni Renault Twingo (ei ilmastointia, mutta riemullinen kattoluukku!) ja sill\u00e4 ajeltiin pitkin niemimaata. Lapset saivat p\u00e4iv\u00e4n aikana monta j\u00e4tski\u00e4 ja olivat aika innoissaan huikeista maisemista, \u00a0istuivat auton takapenkill\u00e4 ja pomppivat yl\u00f6s-alas ja hoilottivat &#8221;Kannatti her\u00e4t\u00e4, kannatti her\u00e4t\u00e4&#8221;. Onpahan j\u00e4\u00e4nyt tuokin perheen sis\u00e4iseksi \u00b4jokeksi\u00b4.<\/p>\n<p style=\"text-align: justify;\">Viimeksi olimme Kreikassa kes\u00e4kuussa\u00a01999. Oltiin Santorinilla. Se on hieno saari. Eik\u00e4 Oian auringonlaskua turhaan kehuta maailman kauneimmaksi. Se on hieno.<\/p>\n<p style=\"text-align: justify;\">Yrit\u00e4nk\u00f6 selitt\u00e4\u00e4, ett\u00e4 voisin vaikka l\u00e4hte\u00e4 Kreikkaan? Miksi en. Toivottavasti kansa siell\u00e4 \u00e4\u00e4nest\u00e4\u00e4 viisaasti.<\/p>\n<p style=\"text-align: justify;\">T\u00e4\u00e4ll\u00e4 sataa nyt.<\/p>\n<p style=\"text-align: justify;\">Ouzo maistuisi nyt, muttei sit\u00e4 t\u00e4\u00e4ll\u00e4 ole &#8211; vet\u00e4ydyn lukemaan.<\/p>\n","protected":false},"excerpt":{"rendered":"<p>Ei ihan turha ja huono p\u00e4iv\u00e4 sittenk\u00e4\u00e4n. Nolla plus. Aamulla k\u00e4velin kosteassa, tuoksuvassa, aurinkoisessa s\u00e4\u00e4ss\u00e4 kaupunkiin. Kampaajalle menin. Ja sen j\u00e4lkeen hoitelin muita &#8221;r\u00e4stijuttuja&#8221; pois p\u00e4iv\u00e4j\u00e4rjestyksest\u00e4: Oulu Kympist\u00e4 hain vihdoin Oulun ulkoilukartan; vanhan sai ilmaiseksi, uudesta olisi pit\u00e4nyt maksaa 7,20; otin vanhan. Me voidaan ulkoilla vanhoillakin reiteill\u00e4. \ud83d\ude09 . Rotuaarille avatussa Ruohonjuuressa k\u00e4vin, &#8211; vihdoin? &#8211; P\u00e4hkin\u00e4t ovat meid\u00e4n molempien &hellip; <\/p>\n","protected":false},"author":1,"featured_media":0,"comment_status":"open","ping_status":"open","sticky":false,"template":"","format":"standard","meta":{"jetpack_post_was_ever_published":false,"_jetpack_newsletter_access":"","_jetpack_dont_email_post_to_subs":false,"_jetpack_newsletter_tier_id":0,"_jetpack_memberships_contains_paywalled_content":false,"_jetpack_memberships_contains_paid_content":false,"footnotes":"","jetpack_publicize_message":"","jetpack_publicize_feature_enabled":true,"jetpack_social_post_already_shared":true,"jetpack_social_options":{"image_generator_settings":{"template":"highway","default_image_id":0,"font":"","enabled":false},"version":2}},"categories":[22],"tags":[],"class_list":["post-25092","post","type-post","status-publish","format-standard","hentry","category-vanhemmuus","latest_post"],"jetpack_publicize_connections":[],"jetpack_featured_media_url":"","jetpack_shortlink":"https:\/\/wp.me\/pr4p4-6wI","jetpack_sharing_enabled":true,"jetpack_likes_enabled":false,"jetpack-related-posts":[{"id":38260,"url":"https:\/\/www.satokangas.fi\/blogi\/2020\/02\/salama-ja-dumplingseja\/","url_meta":{"origin":25092,"position":0},"title":"Salama ja dumplingseja","author":"Reija","date":"25.2.2020","format":false,"excerpt":"Olisi pit\u00e4nyt olla jo aamulla salille menness\u00e4 aurinkolasit. En pit\u00e4nyt niiden puuttumista kuitenkaan huonona asiana; p\u00e4invastoin tuntui hyv\u00e4lle, kun niille olisi ollut tarvetta sen sijaan, ett\u00e4 tuulilasinpyyhkij\u00e4t olisivat heiluneet, kuten on viime p\u00e4ivin\u00e4 tehnyt. Viel\u00e4 illansuussakin k\u00e4vin autolla Nallikarissa. Hain kuviin jotain ihan muuta kuin mit\u00e4 sain, mutta menettelee n\u00e4m\u00e4kin.\u2026","rel":"","context":"Kategoriassa &quot;Ruoka ja viini&quot;","block_context":{"text":"Ruoka ja viini","link":"https:\/\/www.satokangas.fi\/blogi\/category\/ruoka_ja_viini\/"},"img":{"alt_text":"","src":"https:\/\/i0.wp.com\/www.satokangas.fi\/blogi\/wp-content\/uploads\/2020\/02\/helmikuu-7.jpg?resize=350%2C200&ssl=1","width":350,"height":200,"srcset":"https:\/\/i0.wp.com\/www.satokangas.fi\/blogi\/wp-content\/uploads\/2020\/02\/helmikuu-7.jpg?resize=350%2C200&ssl=1 1x, https:\/\/i0.wp.com\/www.satokangas.fi\/blogi\/wp-content\/uploads\/2020\/02\/helmikuu-7.jpg?resize=525%2C300&ssl=1 1.5x, https:\/\/i0.wp.com\/www.satokangas.fi\/blogi\/wp-content\/uploads\/2020\/02\/helmikuu-7.jpg?resize=700%2C400&ssl=1 2x"},"classes":[]},{"id":40214,"url":"https:\/\/www.satokangas.fi\/blogi\/2021\/02\/pakkashelmia-vai-kristallia\/","url_meta":{"origin":25092,"position":1},"title":"Pakkashelmi\u00e4 vai -kristallia","author":"Reija","date":"10.2.2021","format":false,"excerpt":"Helmikuun hele\u00e4t. Tai kristallit. Helmikuuhan on saanut suomenkielisen nimens\u00e4 j\u00e4\u00e4helmist\u00e4, joita puissa usein on, kun suojas\u00e4\u00e4n j\u00e4lkeen pakastuu uudelleen. T\u00e4n\u00e4 vuonna ei ole j\u00e4\u00e4helmi\u00e4 n\u00e4kynyt. Ei sen puoleen, ei suojaakaan. Pakkasta kyll\u00e4kin. Ja se tekee puihin, ikkunoihin, kaiteisiin kristallihippuja, jotka kimmelt\u00e4v\u00e4t kauniisti. Parempi pysy\u00e4kin nyt pakkasella, kun kerran on niille\u2026","rel":"","context":"Kategoriassa &quot;Niit\u00e4 n\u00e4it\u00e4&quot;","block_context":{"text":"Niit\u00e4 n\u00e4it\u00e4","link":"https:\/\/www.satokangas.fi\/blogi\/category\/aiheeton\/"},"img":{"alt_text":"","src":"https:\/\/i0.wp.com\/www.satokangas.fi\/blogi\/wp-content\/uploads\/2021\/02\/pakkanen.jpg?resize=350%2C200&ssl=1","width":350,"height":200,"srcset":"https:\/\/i0.wp.com\/www.satokangas.fi\/blogi\/wp-content\/uploads\/2021\/02\/pakkanen.jpg?resize=350%2C200&ssl=1 1x, https:\/\/i0.wp.com\/www.satokangas.fi\/blogi\/wp-content\/uploads\/2021\/02\/pakkanen.jpg?resize=525%2C300&ssl=1 1.5x, https:\/\/i0.wp.com\/www.satokangas.fi\/blogi\/wp-content\/uploads\/2021\/02\/pakkanen.jpg?resize=700%2C400&ssl=1 2x"},"classes":[]},{"id":23996,"url":"https:\/\/www.satokangas.fi\/blogi\/2015\/03\/mokkielamaa-2\/","url_meta":{"origin":25092,"position":2},"title":"M\u00f6kkiel\u00e4m\u00e4\u00e4","author":"Reija","date":"1.3.2015","format":false,"excerpt":"Nyt pyrytt\u00e4\u00e4. Niinh\u00e4n min\u00e4 toivoinkin. Peitt\u00e4isi nuo hankien p\u00e4\u00e4ll\u00e4 olevat roskat, tekisi maiseman kauniiksi. Sellaiseksi taikatalveksi kuin oli pari vuotta sitten, sellainen kuin t\u00e4\u00e4ll\u00e4 usein on:\u00a0Taikatalvi Hangasojalla. Nyt noita hankia en ole kuvaillut. Aamuladulla k\u00e4nnyll\u00e4 muutaman otoksen sent\u00e4\u00e4n r\u00e4ps\u00e4isin. Pari kilometri\u00e4 ehdin sivakoida ennen kuin latukone tuli vastaan. Sen j\u00e4lkeen\u2026","rel":"","context":"Kategoriassa &quot;Lappi&quot;","block_context":{"text":"Lappi","link":"https:\/\/www.satokangas.fi\/blogi\/category\/lappi\/"},"img":{"alt_text":"Ladulla","src":"https:\/\/i0.wp.com\/www.satokangas.fi\/blogi\/wp-content\/uploads\/2015\/03\/Ladulla-312x400.jpg?resize=350%2C200&ssl=1","width":350,"height":200},"classes":[]},{"id":3496,"url":"https:\/\/www.satokangas.fi\/blogi\/2009\/06\/kesaherkkuja\/","url_meta":{"origin":25092,"position":3},"title":"Kes\u00e4herkkuja","author":"Reija","date":"7.6.2009","format":false,"excerpt":"T\u00e4m\u00e4n p\u00e4iv\u00e4n ykk\u00f6sjuttu on ollut kasvimaan laitto. Vihdoin. Ikin\u00e4 en ole kylv\u00e4nyt ja istutellut n\u00e4in my\u00f6h\u00e4\u00e4n. Eik\u00e4 ikin\u00e4 ole ollut niin kylm\u00e4 kuin t\u00e4n\u00e4\u00e4n. Hieman poikkeavan valikoiman laittelin t\u00e4n\u00e4 vuonna. Ei porkkanoita eik\u00e4 retiisej\u00e4, yrttipainotteiseksi meni... Ruohosipuli ja lipstikka ovat monivuotisia, viimevuotiset valkosipulit nousevat vasta nyt :), raparperi tietysti. Sitten\u2026","rel":"","context":"Kategoriassa &quot;Ruoka ja viini&quot;","block_context":{"text":"Ruoka ja viini","link":"https:\/\/www.satokangas.fi\/blogi\/category\/ruoka_ja_viini\/"},"img":{"alt_text":"yrttikori","src":"https:\/\/i0.wp.com\/www.satokangas.fi\/blogi\/wp-content\/uploads\/2009\/06\/yrttikori-293x400.jpg?resize=350%2C200&ssl=1","width":350,"height":200},"classes":[]},{"id":38819,"url":"https:\/\/www.satokangas.fi\/blogi\/2020\/06\/vihdoin-vai-viimein\/","url_meta":{"origin":25092,"position":4},"title":"Vihdoin vai viimein","author":"Reija","date":"15.6.2020","format":false,"excerpt":"Vihdoin. Vai viimein? - Onko niill\u00e4 joku ero. Sit\u00e4 mietittiin matkalla. Kielitoimiston sanakirjan mukaan ne ovat synonyymej\u00e4. Mutta meist\u00e4 eiv\u00e4t ihan: \"vihdoin\" on enemm\u00e4n tunnetila kuin \"viimein\". Vihdoin on jonkun kauan odotetun, ajan kulumisen seurauksena saavutettu juttu. Viimein taas on enemm\u00e4n joidenkin tapahtuneiden asioiden ketjussa oleva \"piste\", se on enemm\u00e4n\u2026","rel":"","context":"Kategoriassa &quot;M\u00f6kkiel\u00e4m\u00e4\u00e4&quot;","block_context":{"text":"M\u00f6kkiel\u00e4m\u00e4\u00e4","link":"https:\/\/www.satokangas.fi\/blogi\/category\/mokkielamaa\/"},"img":{"alt_text":"","src":"https:\/\/i0.wp.com\/www.satokangas.fi\/blogi\/wp-content\/uploads\/2020\/06\/15.jpg?resize=350%2C200&ssl=1","width":350,"height":200,"srcset":"https:\/\/i0.wp.com\/www.satokangas.fi\/blogi\/wp-content\/uploads\/2020\/06\/15.jpg?resize=350%2C200&ssl=1 1x, https:\/\/i0.wp.com\/www.satokangas.fi\/blogi\/wp-content\/uploads\/2020\/06\/15.jpg?resize=525%2C300&ssl=1 1.5x, https:\/\/i0.wp.com\/www.satokangas.fi\/blogi\/wp-content\/uploads\/2020\/06\/15.jpg?resize=700%2C400&ssl=1 2x"},"classes":[]},{"id":14533,"url":"https:\/\/www.satokangas.fi\/blogi\/2012\/06\/shoppailua-kerrakseen\/","url_meta":{"origin":25092,"position":5},"title":"Shoppailua kerrakseen","author":"Reija","date":"16.6.2012","format":false,"excerpt":"T\u00e4n\u00e4\u00e4n ilmoittivat Oulun Stockalta, ett\u00e4 Helsingist\u00e4 sinne tilaamani auringonottolaverit\/lepo- ja lukutuolit olivat tulleet. Sellaisia etsittiin jo viime kes\u00e4n\u00e4, t\u00e4n\u00e4 kes\u00e4n\u00e4kin on ehditty jo puolenkymment\u00e4 oululaista liikett\u00e4 k\u00e4yd\u00e4 katsomassa oikeanlaisia, keveit\u00e4, silti j\u00e4myj\u00e4, eik\u00e4 tolkuttoman kalliita (Vesp\u00e4l\u00e4isell\u00e4 olisi ollut hienot eiv\u00e4tk\u00e4 maksaneet kuin 1300 euroa kappale!! No ruostumaton ter\u00e4s maksaa ja\u2026","rel":"","context":"Kategoriassa &quot;Niit\u00e4 n\u00e4it\u00e4&quot;","block_context":{"text":"Niit\u00e4 n\u00e4it\u00e4","link":"https:\/\/www.satokangas.fi\/blogi\/category\/aiheeton\/"},"img":{"alt_text":"","src":"https:\/\/i0.wp.com\/www.satokangas.fi\/blogi\/wp-content\/uploads\/aurinkotuolit-200x133.jpg?resize=350%2C200&ssl=1","width":350,"height":200},"classes":[]}],"_links":{"self":[{"href":"https:\/\/www.satokangas.fi\/blogi\/wp-json\/wp\/v2\/posts\/25092","targetHints":{"allow":["GET"]}}],"collection":[{"href":"https:\/\/www.satokangas.fi\/blogi\/wp-json\/wp\/v2\/posts"}],"about":[{"href":"https:\/\/www.satokangas.fi\/blogi\/wp-json\/wp\/v2\/types\/post"}],"author":[{"embeddable":true,"href":"https:\/\/www.satokangas.fi\/blogi\/wp-json\/wp\/v2\/users\/1"}],"replies":[{"embeddable":true,"href":"https:\/\/www.satokangas.fi\/blogi\/wp-json\/wp\/v2\/comments?post=25092"}],"version-history":[{"count":0,"href":"https:\/\/www.satokangas.fi\/blogi\/wp-json\/wp\/v2\/posts\/25092\/revisions"}],"wp:attachment":[{"href":"https:\/\/www.satokangas.fi\/blogi\/wp-json\/wp\/v2\/media?parent=25092"}],"wp:term":[{"taxonomy":"category","embeddable":true,"href":"https:\/\/www.satokangas.fi\/blogi\/wp-json\/wp\/v2\/categories?post=25092"},{"taxonomy":"post_tag","embeddable":true,"href":"https:\/\/www.satokangas.fi\/blogi\/wp-json\/wp\/v2\/tags?post=25092"}],"curies":[{"name":"wp","href":"https:\/\/api.w.org\/{rel}","templated":true}]}}