{"id":2505,"date":"2009-02-18T21:42:20","date_gmt":"2009-02-18T19:42:20","guid":{"rendered":"https:\/\/www.satokangas.fi\/blogi\/?p=2505"},"modified":"2009-02-19T08:39:17","modified_gmt":"2009-02-19T06:39:17","slug":"tyo-hairitsee-harrastuksia","status":"publish","type":"post","link":"https:\/\/www.satokangas.fi\/blogi\/2009\/02\/tyo-hairitsee-harrastuksia\/","title":{"rendered":"Ty\u00f6 h\u00e4iritsee harrastuksia"},"content":{"rendered":"<p><a href=\"https:\/\/www.satokangas.fi\/blogi\/wp-content\/uploads\/2009\/02\/yliopistokatu.jpg\"><img loading=\"lazy\" decoding=\"async\" data-attachment-id=\"2507\" data-permalink=\"https:\/\/www.satokangas.fi\/blogi\/2009\/02\/tyo-hairitsee-harrastuksia\/yliopistokatu\/\" data-orig-file=\"https:\/\/www.satokangas.fi\/blogi\/wp-content\/uploads\/2009\/02\/yliopistokatu.jpg\" data-orig-size=\"600,894\" data-comments-opened=\"1\" data-image-meta=\"{&quot;aperture&quot;:&quot;5.6&quot;,&quot;credit&quot;:&quot;&quot;,&quot;camera&quot;:&quot;Canon EOS 450D&quot;,&quot;caption&quot;:&quot;&quot;,&quot;created_timestamp&quot;:&quot;1234948908&quot;,&quot;copyright&quot;:&quot;&quot;,&quot;focal_length&quot;:&quot;32&quot;,&quot;iso&quot;:&quot;400&quot;,&quot;shutter_speed&quot;:&quot;0.000625&quot;,&quot;title&quot;:&quot;&quot;}\" data-image-title=\"Yliopistokatu\" data-image-description=\"\" data-image-caption=\"\" data-large-file=\"https:\/\/www.satokangas.fi\/blogi\/wp-content\/uploads\/2009\/02\/yliopistokatu.jpg\" class=\"alignleft size-medium wp-image-2507\" title=\"Yliopistokatu\" src=\"https:\/\/www.satokangas.fi\/blogi\/wp-content\/uploads\/2009\/02\/yliopistokatu-268x400.jpg\" alt=\"Yliopistokatu\" width=\"268\" height=\"400\" srcset=\"https:\/\/www.satokangas.fi\/blogi\/wp-content\/uploads\/2009\/02\/yliopistokatu-268x400.jpg 268w, https:\/\/www.satokangas.fi\/blogi\/wp-content\/uploads\/2009\/02\/yliopistokatu-134x200.jpg 134w, https:\/\/www.satokangas.fi\/blogi\/wp-content\/uploads\/2009\/02\/yliopistokatu.jpg 600w\" sizes=\"auto, (max-width: 268px) 100vw, 268px\" \/><\/a>Merkillist\u00e4 miten taas olen p\u00e4\u00e4st\u00e4nyt sanavarastooni sanan kiire. Mutta sit\u00e4 se nyt vaan on. Sent\u00e4\u00e4n ehdin juuri ja juuri kuudeksi valokuvauskuvauskurssille ja\u00a0juuri \u00e4sken sielt\u00e4 palasin, ja k\u00e4yn niin ylikierroksilla, ett\u00e4 voisin j\u00e4\u00e4d\u00e4 koneelle moneksi tunniksi ty\u00f6st\u00e4m\u00e4\u00e4n ja kokeilemaan kaikkea opetettua, mutta voinko kuitenkaan? No halavatun halavattu, en. On iltapuhteiden j\u00e4lkeen ment\u00e4v\u00e4 unille; huomenna opetusta ja paljon hereill\u00e4 oloa vaativaa duunia. Buona notte!<\/p>\n","protected":false},"excerpt":{"rendered":"<p>Merkillist\u00e4 miten taas olen p\u00e4\u00e4st\u00e4nyt sanavarastooni sanan kiire. Mutta sit\u00e4 se nyt vaan on. Sent\u00e4\u00e4n ehdin juuri ja juuri kuudeksi valokuvauskuvauskurssille ja\u00a0juuri \u00e4sken sielt\u00e4 palasin, ja k\u00e4yn niin ylikierroksilla, ett\u00e4 voisin j\u00e4\u00e4d\u00e4 koneelle moneksi tunniksi ty\u00f6st\u00e4m\u00e4\u00e4n ja kokeilemaan kaikkea opetettua, mutta voinko kuitenkaan? No halavatun halavattu, en. On iltapuhteiden j\u00e4lkeen ment\u00e4v\u00e4 unille; huomenna opetusta ja paljon hereill\u00e4 oloa vaativaa duunia. &hellip; <\/p>\n","protected":false},"author":1,"featured_media":0,"comment_status":"open","ping_status":"open","sticky":false,"template":"","format":"standard","meta":{"jetpack_post_was_ever_published":false,"_jetpack_newsletter_access":"","_jetpack_dont_email_post_to_subs":false,"_jetpack_newsletter_tier_id":0,"_jetpack_memberships_contains_paywalled_content":false,"_jetpack_memberships_contains_paid_content":false,"footnotes":"","jetpack_publicize_message":"","jetpack_publicize_feature_enabled":true,"jetpack_social_post_already_shared":false,"jetpack_social_options":{"image_generator_settings":{"template":"highway","default_image_id":0,"font":"","enabled":false},"version":2}},"categories":[1],"tags":[],"class_list":["post-2505","post","type-post","status-publish","format-standard","hentry","category-aiheeton","latest_post"],"jetpack_publicize_connections":[],"jetpack_featured_media_url":"","jetpack_shortlink":"https:\/\/wp.me\/pr4p4-Ep","jetpack_sharing_enabled":true,"jetpack_likes_enabled":false,"jetpack-related-posts":[{"id":20568,"url":"https:\/\/www.satokangas.fi\/blogi\/2014\/03\/keharit-perjantaina\/","url_meta":{"origin":2505,"position":0},"title":"Keharit perjantaina","author":"Reija","date":"14.3.2014","format":false,"excerpt":"Taivas on t\u00e4hdess\u00e4. Pakastuu. Alkaa vaikuttaa maaliskuulta. Viel\u00e4 enemm\u00e4n tuntuu perjantailta. Tuntuu perjantailta kun p\u00e4iv\u00e4n on oikein huhkinut: kehityskeskusteluja varten tein lanketteja! Koko halavatun p\u00e4iv\u00e4n t\u00e4ytin lanketteja. Kehityskeskustelut ok, mutta lanketit!! Kaikenkarvaiset tietoj\u00e4rjestelm\u00e4t ovat enemm\u00e4n kuin rasittavia. Eiv\u00e4tk\u00e4 ainakaan helpota olemista, el\u00e4mist\u00e4, vaikka niin kai niiden pit\u00e4isi. T\u00f6iden j\u00e4lkeen, aika\u2026","rel":"","context":"Kategoriassa &quot;Niit\u00e4 n\u00e4it\u00e4&quot;","block_context":{"text":"Niit\u00e4 n\u00e4it\u00e4","link":"https:\/\/www.satokangas.fi\/blogi\/category\/aiheeton\/"},"img":{"alt_text":"pav","src":"https:\/\/i0.wp.com\/www.satokangas.fi\/blogi\/wp-content\/uploads\/2014\/03\/pav-600x396.jpg?resize=350%2C200&ssl=1","width":350,"height":200,"srcset":"https:\/\/i0.wp.com\/www.satokangas.fi\/blogi\/wp-content\/uploads\/2014\/03\/pav-600x396.jpg?resize=350%2C200&ssl=1 1x, https:\/\/i0.wp.com\/www.satokangas.fi\/blogi\/wp-content\/uploads\/2014\/03\/pav-600x396.jpg?resize=525%2C300&ssl=1 1.5x"},"classes":[]},{"id":1679,"url":"https:\/\/www.satokangas.fi\/blogi\/2008\/11\/kylyma-mutta-muuten-mukavaa\/","url_meta":{"origin":2505,"position":1},"title":"Kylym\u00e4, mutta muuten mukavaa","author":"Reija","date":"23.11.2008","format":false,"excerpt":"Halavatun kylym\u00e4. Aamulla mittari n\u00e4ytti -6 C. Mutta tuntui hyyt\u00e4v\u00e4lt\u00e4. Lenkill\u00e4, hautuumaalla (uusia nimi\u00e4 bongasin, kerron joskus oudosta nimienbongausharrastuksestani ... ;) ) ja K\u00e4sin tehty -messuilla varhain aamup\u00e4iv\u00e4ll\u00e4. Messuilta ei koskaan p\u00e4\u00e4se l\u00f6yt\u00e4m\u00e4tt\u00e4 jotain pient\u00e4 m\u00f6kille. Muutoin p\u00e4iv\u00e4 t\u00f6p\u00f6telless\u00e4. Kaikkea pient\u00e4 mukavaa tein. Uusin keitti\u00f6sivustoani ja kokkailin. Luin ja kuuntelin\u2026","rel":"","context":"Kategoriassa &quot;Niit\u00e4 n\u00e4it\u00e4&quot;","block_context":{"text":"Niit\u00e4 n\u00e4it\u00e4","link":"https:\/\/www.satokangas.fi\/blogi\/category\/aiheeton\/"},"img":{"alt_text":"","src":"","width":0,"height":0},"classes":[]},{"id":1292,"url":"https:\/\/www.satokangas.fi\/blogi\/2008\/10\/la-dolce-vita-on-ohi\/","url_meta":{"origin":2505,"position":2},"title":"La Dolce Vita on ohi!","author":"Reija","date":"27.10.2008","format":false,"excerpt":"Yht\u00e4 lailla kuin t\u00f6iss\u00e4 tuijottaessani vastap\u00e4isen sein\u00e4n ikkunarivist\u00f6\u00e4 yht\u00e4 lailla pakatessani sandaaleja, shortseja ja salsahameita talvivarastoon mietin, mik\u00e4 halavatun idea niill\u00e4 fenno-ugrilaisilla kansoilla, jotka t\u00e4nne raukoille rajoille joku tuhat vuotta sitten asettuivat asumaan, oli mieless\u00e4. Varsinainen \u00e4lynv\u00e4l\u00e4ys, hengen riemuvoitto kerrassaan! T\u00e4\u00e4ll\u00e4 on pime\u00e4\u00e4, sysimustaa. T\u00e4\u00e4ll\u00e4 on tolkuttoman kylm\u00e4. Kollega yritti\u2026","rel":"","context":"Kategoriassa &quot;Italia&quot;","block_context":{"text":"Italia","link":"https:\/\/www.satokangas.fi\/blogi\/category\/italia\/"},"img":{"alt_text":"","src":"https:\/\/i0.wp.com\/www.satokangas.fi\/blogi\/wp-content\/uploads\/2008\/10\/gelato1.jpg?resize=350%2C200&ssl=1","width":350,"height":200,"srcset":"https:\/\/i0.wp.com\/www.satokangas.fi\/blogi\/wp-content\/uploads\/2008\/10\/gelato1.jpg?resize=350%2C200&ssl=1 1x, https:\/\/i0.wp.com\/www.satokangas.fi\/blogi\/wp-content\/uploads\/2008\/10\/gelato1.jpg?resize=525%2C300&ssl=1 1.5x, https:\/\/i0.wp.com\/www.satokangas.fi\/blogi\/wp-content\/uploads\/2008\/10\/gelato1.jpg?resize=700%2C400&ssl=1 2x"},"classes":[]},{"id":15794,"url":"https:\/\/www.satokangas.fi\/blogi\/2012\/11\/marraslauantain-kiireessa\/","url_meta":{"origin":2505,"position":3},"title":"Marraslauantain &#8221;kiireess\u00e4&#8221;","author":"Reija","date":"17.11.2012","format":false,"excerpt":"Olihan niin huippua olla aamuvarhain merenrannassa... tuntui, ett\u00e4 siell\u00e4 olisi voinut k\u00e4veleskell\u00e4 ja kuvailla vaikka kuinka kauan. Jotta kyll\u00e4h\u00e4n taas tunsin itseni ihan halavatun \u00e4lykk\u00e4\u00e4ksi siell\u00e4 aamukahdeksalta l\u00e4t\u00e4k\u00f6it\u00e4 kuvatessani ... ;) Ei siksi, ett\u00e4 olisi ollut erityisen kaunista, p\u00e4invastoin. Kerrassaan ankean n\u00e4k\u00f6ist\u00e4 oli, mutta oli ihanaa olla ulkona. Tuntui niin\u2026","rel":"","context":"Kategoriassa &quot;Bloggailu&quot;","block_context":{"text":"Bloggailu","link":"https:\/\/www.satokangas.fi\/blogi\/category\/bloggailu\/"},"img":{"alt_text":"","src":"https:\/\/i0.wp.com\/www.satokangas.fi\/blogi\/wp-content\/uploads\/Shoppaamassa-7-600x400.jpg?resize=350%2C200&ssl=1","width":350,"height":200,"srcset":"https:\/\/i0.wp.com\/www.satokangas.fi\/blogi\/wp-content\/uploads\/Shoppaamassa-7-600x400.jpg?resize=350%2C200&ssl=1 1x, https:\/\/i0.wp.com\/www.satokangas.fi\/blogi\/wp-content\/uploads\/Shoppaamassa-7-600x400.jpg?resize=525%2C300&ssl=1 1.5x"},"classes":[]},{"id":16444,"url":"https:\/\/www.satokangas.fi\/blogi\/2013\/02\/arkea-tanaan-ja-1700-luvulla\/","url_meta":{"origin":2505,"position":4},"title":"Arkea t\u00e4n\u00e4\u00e4n ja 1700-luvulla","author":"Reija","date":"5.2.2013","format":false,"excerpt":"Meninp\u00e4h\u00e4n aamulla paraatiovesta duuniin. Yleens\u00e4 menen takapihalta, henkil\u00f6kunnan parkkipaikat kun ovat siell\u00e4, mutta t\u00e4n\u00e4\u00e4n kiersin \"pallon puolelle\". Koskapa viikonloppuna otetut panoraamal\u00e4ksykuvat eiv\u00e4t oikein tyydytt\u00e4neet silm\u00e4\u00e4ni, yritin parempia Linnanmaan pihalla. No tied\u00e4 h\u00e4nt\u00e4. Ja nyt t\u00e4m\u00e4n blogin k\u00e4ytt\u00f6j\u00e4rjestelm\u00e4, web-hotelli, pilvenreuna, http-protokolla tai mik\u00e4 halavattu lieneek\u00e4\u00e4n, josta minun ei kuulukaan tiet\u00e4\u00e4 mit\u00e4\u00e4n!\u2026","rel":"","context":"Kategoriassa &quot;Historiaa&quot;","block_context":{"text":"Historiaa","link":"https:\/\/www.satokangas.fi\/blogi\/category\/historiaa\/"},"img":{"alt_text":"","src":"","width":0,"height":0},"classes":[]},{"id":12957,"url":"https:\/\/www.satokangas.fi\/blogi\/2011\/11\/ruokakaupan-kassalla\/","url_meta":{"origin":2505,"position":5},"title":"Ruokakaupan kassalla","author":"Reija","date":"30.11.2011","format":false,"excerpt":"T\u00e4lle p\u00e4iv\u00e4lle oli v\u00e4h\u00e4n kertynyt asioita ja ostoksia toimitettavaksi. Jahka pehtoori salitreenilt\u00e4\u00e4n (jotka ovat k\u00e4sitt\u00e4m\u00e4tt\u00f6m\u00e4n pitki\u00e4 kuten olen t\u00e4ss\u00e4 syksyn aikana \u00a0huomannut) kotiutui ja mukaani joutui, l\u00e4hdimme hoitelemaan hommat alta pois. Ja sitten lopuksi k\u00e4vimme ostamassa Herkusta huomista leivontaoperaatiota varten kaikenmoista erikoiselintarviketta ja my\u00f6s joulunajaksi s\u00e4ilyvi\u00e4 herkkuja (mm. panettone, hmm),\u2026","rel":"","context":"Kategoriassa &quot;Niit\u00e4 n\u00e4it\u00e4&quot;","block_context":{"text":"Niit\u00e4 n\u00e4it\u00e4","link":"https:\/\/www.satokangas.fi\/blogi\/category\/aiheeton\/"},"img":{"alt_text":"","src":"https:\/\/i0.wp.com\/www.satokangas.fi\/blogi\/wp-content\/uploads\/Savustettu-paprikajauhe-336x400.jpg?resize=350%2C200&ssl=1","width":350,"height":200},"classes":[]}],"_links":{"self":[{"href":"https:\/\/www.satokangas.fi\/blogi\/wp-json\/wp\/v2\/posts\/2505","targetHints":{"allow":["GET"]}}],"collection":[{"href":"https:\/\/www.satokangas.fi\/blogi\/wp-json\/wp\/v2\/posts"}],"about":[{"href":"https:\/\/www.satokangas.fi\/blogi\/wp-json\/wp\/v2\/types\/post"}],"author":[{"embeddable":true,"href":"https:\/\/www.satokangas.fi\/blogi\/wp-json\/wp\/v2\/users\/1"}],"replies":[{"embeddable":true,"href":"https:\/\/www.satokangas.fi\/blogi\/wp-json\/wp\/v2\/comments?post=2505"}],"version-history":[{"count":0,"href":"https:\/\/www.satokangas.fi\/blogi\/wp-json\/wp\/v2\/posts\/2505\/revisions"}],"wp:attachment":[{"href":"https:\/\/www.satokangas.fi\/blogi\/wp-json\/wp\/v2\/media?parent=2505"}],"wp:term":[{"taxonomy":"category","embeddable":true,"href":"https:\/\/www.satokangas.fi\/blogi\/wp-json\/wp\/v2\/categories?post=2505"},{"taxonomy":"post_tag","embeddable":true,"href":"https:\/\/www.satokangas.fi\/blogi\/wp-json\/wp\/v2\/tags?post=2505"}],"curies":[{"name":"wp","href":"https:\/\/api.w.org\/{rel}","templated":true}]}}