{"id":2498,"date":"2009-02-17T17:07:07","date_gmt":"2009-02-17T15:07:07","guid":{"rendered":"https:\/\/www.satokangas.fi\/blogi\/?p=2498"},"modified":"2009-02-17T17:09:53","modified_gmt":"2009-02-17T15:09:53","slug":"kylma-ja-sitten-lammin-jalleennakeminen","status":"publish","type":"post","link":"https:\/\/www.satokangas.fi\/blogi\/2009\/02\/kylma-ja-sitten-lammin-jalleennakeminen\/","title":{"rendered":"Kylm\u00e4 &#8211; ja sitten l\u00e4mmin j\u00e4lleenn\u00e4keminen"},"content":{"rendered":"<p>Klo 5.52 auton mittarissa &#8211; 22,5 C. \u00a0Eik\u00e4 salillakaan ollut erityisen l\u00e4mmin, vanha teollisuushalli alkaa pakkasten jatkuessa saada kivisein\u00e4ns\u00e4 kylm\u00e4\u00e4 hohkaaviksi. Puolilta p\u00e4ivin l\u00e4hdin ev\u00e4\u00e4t (kylm\u00e4\u00e4 salaattia!) nautittuani v\u00e4h\u00e4ksi aikaa kampuksen alueelle kuvaamaan huurteisia koivuja ja helmikuista kirkasta taivasta. Ja sitten olikin taas kylm\u00e4. \u00a0Ja tietysti &#8211; tietysti! &#8211; minulla on ty\u00f6paikan parkkipaikan, oman autopaikkani l\u00e4mp\u00f6tolpan avain hukassa. Siisp\u00e4 autokin oli t\u00f6ist\u00e4 l\u00e4htiess\u00e4 kylm\u00e4. Kylm\u00e4 ei oo mun juttu. Varsinkaan kun ty\u00f6p\u00e4iv\u00e4n\u00e4 pukeutuminen ei ole oikein paljolle pakkaselle passelia.<\/p>\n<p>Mutta l\u00e4mmitti tavata vanhaa opiskelukaveria, yst\u00e4v\u00e4\u00e4. Olimme h\u00e4nen kanssaan aika l\u00e4heisi\u00e4kin yst\u00e4vi\u00e4 vuosikymmeni\u00e4 sitten. H\u00e4n on minua muutamaa vuotta vanhempi ja eli v\u00e4it\u00f6skirjansa tekovaiheessa avioerokriisi\u00e4\u00e4n, vaimonsa kun otti ja l\u00e4hti. \u00a0T\u00e4n\u00e4\u00e4n h\u00e4n oli edelleenkin se l\u00e4mmin, hymyilev\u00e4, oikeastaan myh\u00e4ilev\u00e4, rauhallinen, h\u00e4nen rauhallisuudestaan olen aina pit\u00e4nyt kovasti, \u00a0kuin aina ennenkin. H\u00e4n on asunut monta vuotta ulkomailla, emmek\u00e4 juuri ole yhteytt\u00e4 pit\u00e4neet, mutta ei se haitannut. Joihinkin ihmisiin s\u00e4ilyy yhteys merkillisesti, mukavasti. Jatkoimme siit\u00e4, mihin j\u00e4imme vuosia sitten. Sellainen l\u00e4mmitt\u00e4\u00e4 kovasti. L\u00e4mmitt\u00e4\u00e4 hyvinkin.<\/p>\n","protected":false},"excerpt":{"rendered":"<p>Klo 5.52 auton mittarissa &#8211; 22,5 C. \u00a0Eik\u00e4 salillakaan ollut erityisen l\u00e4mmin, vanha teollisuushalli alkaa pakkasten jatkuessa saada kivisein\u00e4ns\u00e4 kylm\u00e4\u00e4 hohkaaviksi. Puolilta p\u00e4ivin l\u00e4hdin ev\u00e4\u00e4t (kylm\u00e4\u00e4 salaattia!) nautittuani v\u00e4h\u00e4ksi aikaa kampuksen alueelle kuvaamaan huurteisia koivuja ja helmikuista kirkasta taivasta. Ja sitten olikin taas kylm\u00e4. \u00a0Ja tietysti &#8211; tietysti! &#8211; minulla on ty\u00f6paikan parkkipaikan, oman autopaikkani l\u00e4mp\u00f6tolpan avain hukassa. Siisp\u00e4 autokin &hellip; <\/p>\n","protected":false},"author":1,"featured_media":0,"comment_status":"open","ping_status":"open","sticky":false,"template":"","format":"standard","meta":{"jetpack_post_was_ever_published":false,"_jetpack_newsletter_access":"","_jetpack_dont_email_post_to_subs":false,"_jetpack_newsletter_tier_id":0,"_jetpack_memberships_contains_paywalled_content":false,"_jetpack_memberships_contains_paid_content":false,"footnotes":"","jetpack_publicize_message":"","jetpack_publicize_feature_enabled":true,"jetpack_social_post_already_shared":false,"jetpack_social_options":{"image_generator_settings":{"template":"highway","default_image_id":0,"font":"","enabled":false},"version":2}},"categories":[1],"tags":[],"class_list":["post-2498","post","type-post","status-publish","format-standard","hentry","category-aiheeton","latest_post"],"jetpack_publicize_connections":[],"jetpack_featured_media_url":"","jetpack_shortlink":"https:\/\/wp.me\/pr4p4-Ei","jetpack_sharing_enabled":true,"jetpack_likes_enabled":false,"jetpack-related-posts":[{"id":45310,"url":"https:\/\/www.satokangas.fi\/blogi\/2023\/04\/kylmaa-ja-lamminta\/","url_meta":{"origin":2498,"position":0},"title":"Kylm\u00e4\u00e4 ja l\u00e4mmint\u00e4 &#8211; Mario-riddari","author":"Reija","date":"14.4.2023","format":false,"excerpt":"Aurinko paistaa, mutta jostain Siperian talvesta tuulee. Aika nopsasti luovutin ulkoilut. Passin ja henkil\u00f6kortin k\u00e4vin hakemassa toimipaikasta, py\u00f6r\u00e4ll\u00e4, ja olin konttaj\u00e4\u00e4ss\u00e4 kun kotiin palasin. Positiivista oli, ett\u00e4 vanhaa passia ei tarvinnut luovuttaa pois. Olisipa saanut pit\u00e4\u00e4 itsell\u00e4\u00e4n ne kaikki, varsinkin 70-luvun lopun ja\u00a0 80-luvun alun passit, joihin ker\u00e4sin leimatkin. Autolla\u2026","rel":"","context":"Kategoriassa &quot;Isovanhemmuus&quot;","block_context":{"text":"Isovanhemmuus","link":"https:\/\/www.satokangas.fi\/blogi\/category\/isovanhemmuus\/"},"img":{"alt_text":"","src":"https:\/\/i0.wp.com\/www.satokangas.fi\/blogi\/wp-content\/uploads\/2023\/04\/Mario_paita_islantilainen_neule-2.jpg?resize=350%2C200&ssl=1","width":350,"height":200,"srcset":"https:\/\/i0.wp.com\/www.satokangas.fi\/blogi\/wp-content\/uploads\/2023\/04\/Mario_paita_islantilainen_neule-2.jpg?resize=350%2C200&ssl=1 1x, https:\/\/i0.wp.com\/www.satokangas.fi\/blogi\/wp-content\/uploads\/2023\/04\/Mario_paita_islantilainen_neule-2.jpg?resize=525%2C300&ssl=1 1.5x, https:\/\/i0.wp.com\/www.satokangas.fi\/blogi\/wp-content\/uploads\/2023\/04\/Mario_paita_islantilainen_neule-2.jpg?resize=700%2C400&ssl=1 2x"},"classes":[]},{"id":24549,"url":"https:\/\/www.satokangas.fi\/blogi\/2015\/05\/kylma-ilma-lammin-mieli\/","url_meta":{"origin":2498,"position":1},"title":"Kylm\u00e4 ilma, l\u00e4mmin mieli","author":"Reija","date":"9.5.2015","format":false,"excerpt":"Aika kylm\u00e4. Aika aikaansaamaton p\u00e4iv\u00e4, vaikka muka koko ajan olen jotain tehnyt. \u00a0Piharuukkujen mets\u00e4styksess\u00e4 jo aamuyhdeks\u00e4lt\u00e4 \u00c4im\u00e4raution K-Raudassa, kaksi\u00a0ostin, vaikka eiv\u00e4t ihan sellaisia kuin kaipasin. Ja t\u00e4llaiset. Olen n\u00e4hnyt n\u00e4it\u00e4 nettisivuilla ja kokkiohjelmissa. Yrttisakset. Eiv\u00e4t maksaneet vitostakaan ja kyll\u00e4 tuli k\u00e4tev\u00e4sti basilikasilppua. Iltap\u00e4iv\u00e4n lopulla\u00a0Pehtoori savusti ison taimenen, min\u00e4 tein pikahollandaise\u2026","rel":"","context":"Kategoriassa &quot;Niit\u00e4 n\u00e4it\u00e4&quot;","block_context":{"text":"Niit\u00e4 n\u00e4it\u00e4","link":"https:\/\/www.satokangas.fi\/blogi\/category\/aiheeton\/"},"img":{"alt_text":"1-12","src":"https:\/\/i0.wp.com\/www.satokangas.fi\/blogi\/wp-content\/uploads\/2015\/05\/1-12-525x400.jpg?resize=350%2C200&ssl=1","width":350,"height":200,"srcset":"https:\/\/i0.wp.com\/www.satokangas.fi\/blogi\/wp-content\/uploads\/2015\/05\/1-12-525x400.jpg?resize=350%2C200&ssl=1 1x, https:\/\/i0.wp.com\/www.satokangas.fi\/blogi\/wp-content\/uploads\/2015\/05\/1-12-525x400.jpg?resize=525%2C300&ssl=1 1.5x"},"classes":[]},{"id":36365,"url":"https:\/\/www.satokangas.fi\/blogi\/2019\/05\/kylmaa-ja-juhlaa\/","url_meta":{"origin":2498,"position":2},"title":"Kylm\u00e4\u00e4 ja juhlaa","author":"Reija","date":"8.5.2019","format":false,"excerpt":"Kun kerran eilen illalla olin p\u00e4\u00e4tt\u00e4nyt, niin ei siin\u00e4 sitten aamulla auttanut kuin pit\u00e4\u00e4 p\u00e4\u00e4t\u00f6ksest\u00e4 kiinni. Siisp\u00e4 kohti Kiviniemen kalasatamaa. Poljn vastaan klo kahdeksan ty\u00f6matkaliikennett\u00e4, mutta my\u00f6t\u00e4isess\u00e4 en tajunnut, kuinka oli kylm\u00e4, tai siis hyyt\u00e4v\u00e4n kylm\u00e4. Satamassa kierrelless\u00e4 ja kuvaillessa - huolimatta, ett\u00e4 oli toppaa ja gore-texia, tumppua ja takkia,\u2026","rel":"","context":"Kategoriassa &quot;Niit\u00e4 n\u00e4it\u00e4&quot;","block_context":{"text":"Niit\u00e4 n\u00e4it\u00e4","link":"https:\/\/www.satokangas.fi\/blogi\/category\/aiheeton\/"},"img":{"alt_text":"","src":"https:\/\/i0.wp.com\/www.satokangas.fi\/blogi\/wp-content\/uploads\/2019\/05\/Kalasataman_aamu.jpg?resize=350%2C200&ssl=1","width":350,"height":200,"srcset":"https:\/\/i0.wp.com\/www.satokangas.fi\/blogi\/wp-content\/uploads\/2019\/05\/Kalasataman_aamu.jpg?resize=350%2C200&ssl=1 1x, https:\/\/i0.wp.com\/www.satokangas.fi\/blogi\/wp-content\/uploads\/2019\/05\/Kalasataman_aamu.jpg?resize=525%2C300&ssl=1 1.5x, https:\/\/i0.wp.com\/www.satokangas.fi\/blogi\/wp-content\/uploads\/2019\/05\/Kalasataman_aamu.jpg?resize=700%2C400&ssl=1 2x"},"classes":[]},{"id":32929,"url":"https:\/\/www.satokangas.fi\/blogi\/2017\/12\/vanhaa-oulua-kuvailemassa\/","url_meta":{"origin":2498,"position":3},"title":"Vanhaa Oulua kuvailemassa","author":"Reija","date":"27.12.2017","format":false,"excerpt":"Aika arkinen p\u00e4iv\u00e4 ollut. Ja kalenteriin merkint\u00f6j\u00e4, ja kaikenmoista p\u00e4ivitt\u00e4mist\u00e4 enemm\u00e4ltikin. Parasta oli kameralenkki kaupungilla. Toisaalta t\u00e4n\u00e4\u00e4n rannoilla oli kylm\u00e4 tuuli. Ihan mahdottoman kylm\u00e4. Pakkasta ei ollut kuin sen - 10 C, mutta viilt\u00e4v\u00e4 tuuli ihan sattui k\u00e4siin... T\u00e4n\u00e4 vuonna ei vuodenvaihteeksi l\u00e4hdet\u00e4k\u00e4\u00e4n m\u00f6kille (jossa on nyt tosi kylm\u00e4), sill\u00e4\u2026","rel":"","context":"Kategoriassa &quot;Oulu&quot;","block_context":{"text":"Oulu","link":"https:\/\/www.satokangas.fi\/blogi\/category\/oulu\/"},"img":{"alt_text":"","src":"https:\/\/i0.wp.com\/www.satokangas.fi\/blogi\/wp-content\/uploads\/2017\/12\/Oulun-jouluaikaa-5.jpg?resize=350%2C200&ssl=1","width":350,"height":200,"srcset":"https:\/\/i0.wp.com\/www.satokangas.fi\/blogi\/wp-content\/uploads\/2017\/12\/Oulun-jouluaikaa-5.jpg?resize=350%2C200&ssl=1 1x, https:\/\/i0.wp.com\/www.satokangas.fi\/blogi\/wp-content\/uploads\/2017\/12\/Oulun-jouluaikaa-5.jpg?resize=525%2C300&ssl=1 1.5x, https:\/\/i0.wp.com\/www.satokangas.fi\/blogi\/wp-content\/uploads\/2017\/12\/Oulun-jouluaikaa-5.jpg?resize=700%2C400&ssl=1 2x"},"classes":[]},{"id":29839,"url":"https:\/\/www.satokangas.fi\/blogi\/2016\/12\/naissa-maisemissa\/","url_meta":{"origin":2498,"position":4},"title":"N\u00e4iss\u00e4 maisemissa","author":"Reija","date":"6.12.2016","format":false,"excerpt":"Itsen\u00e4isen Suomen sadas alkava vuosi valkeni, tai ei no ei oikein valjennut, pakkaseen, - ainakin t\u00e4\u00e4ll\u00e4 Koillis-Kairassa tuntui kylm\u00e4lle: -32 C ON kylm\u00e4. Eip\u00e4 se pit\u00e4nyt minua pois maisemasta, tunturin laelle oli t\u00e4n\u00e4\u00e4nkin p\u00e4\u00e4st\u00e4v\u00e4. Pehtoori l\u00e4hti autonkuljettajaksi. Ja taivas oli tulessa! \u00a0 Tunturin laella kulkiessa, py\u00f6riess\u00e4, hangessa tarpoessa valo vaihtui,\u2026","rel":"","context":"Kategoriassa &quot;Lappi&quot;","block_context":{"text":"Lappi","link":"https:\/\/www.satokangas.fi\/blogi\/category\/lappi\/"},"img":{"alt_text":"6","src":"https:\/\/i0.wp.com\/www.satokangas.fi\/blogi\/wp-content\/uploads\/2016\/12\/6-224x400.jpg?resize=350%2C200&ssl=1","width":350,"height":200},"classes":[]},{"id":24604,"url":"https:\/\/www.satokangas.fi\/blogi\/2015\/05\/koska-on-vielakin-kylma\/","url_meta":{"origin":2498,"position":5},"title":"Sanoja vain v\u00e4h\u00e4n j\u00e4ljell\u00e4","author":"Reija","date":"19.5.2015","format":false,"excerpt":"\u00a0 Tulisi jo kes\u00e4, olisi l\u00e4mmin. Sitten vasta tulisi taas kuvattua. L\u00f6ytyisi sanoja. Nyt olen ne kaikki pist\u00e4nyt paperille, muistiinpanoihin merkinnyt, s\u00e4hk\u00f6posteihin suoltanut, puhelimessa puhunut, seminaarissa sanonut. Ei ole ylim\u00e4\u00e4r\u00e4isi\u00e4 sanoja blogiin pantavaksi, - kovin on v\u00e4h\u00e4n kirjoitettavaa. Nyt on v\u00e4sy. Vaikkei viel\u00e4 saisi.","rel":"","context":"Kategoriassa &quot;Niit\u00e4 n\u00e4it\u00e4&quot;","block_context":{"text":"Niit\u00e4 n\u00e4it\u00e4","link":"https:\/\/www.satokangas.fi\/blogi\/category\/aiheeton\/"},"img":{"alt_text":"3","src":"https:\/\/i0.wp.com\/www.satokangas.fi\/blogi\/wp-content\/uploads\/2015\/05\/3-666x1024.jpg?resize=350%2C200&ssl=1","width":350,"height":200},"classes":[]}],"_links":{"self":[{"href":"https:\/\/www.satokangas.fi\/blogi\/wp-json\/wp\/v2\/posts\/2498","targetHints":{"allow":["GET"]}}],"collection":[{"href":"https:\/\/www.satokangas.fi\/blogi\/wp-json\/wp\/v2\/posts"}],"about":[{"href":"https:\/\/www.satokangas.fi\/blogi\/wp-json\/wp\/v2\/types\/post"}],"author":[{"embeddable":true,"href":"https:\/\/www.satokangas.fi\/blogi\/wp-json\/wp\/v2\/users\/1"}],"replies":[{"embeddable":true,"href":"https:\/\/www.satokangas.fi\/blogi\/wp-json\/wp\/v2\/comments?post=2498"}],"version-history":[{"count":0,"href":"https:\/\/www.satokangas.fi\/blogi\/wp-json\/wp\/v2\/posts\/2498\/revisions"}],"wp:attachment":[{"href":"https:\/\/www.satokangas.fi\/blogi\/wp-json\/wp\/v2\/media?parent=2498"}],"wp:term":[{"taxonomy":"category","embeddable":true,"href":"https:\/\/www.satokangas.fi\/blogi\/wp-json\/wp\/v2\/categories?post=2498"},{"taxonomy":"post_tag","embeddable":true,"href":"https:\/\/www.satokangas.fi\/blogi\/wp-json\/wp\/v2\/tags?post=2498"}],"curies":[{"name":"wp","href":"https:\/\/api.w.org\/{rel}","templated":true}]}}