{"id":24782,"date":"2015-06-14T20:08:12","date_gmt":"2015-06-14T17:08:12","guid":{"rendered":"https:\/\/www.satokangas.fi\/blogi\/?p=24782"},"modified":"2015-06-14T21:06:33","modified_gmt":"2015-06-14T18:06:33","slug":"joku-voisi-kutsua-tyopaivaksi","status":"publish","type":"post","link":"https:\/\/www.satokangas.fi\/blogi\/2015\/06\/joku-voisi-kutsua-tyopaivaksi\/","title":{"rendered":"Joku voisi kutsua ty\u00f6p\u00e4iv\u00e4ksi &#8230;"},"content":{"rendered":"<p>&#8230; min\u00e4 en.<\/p>\n<p>Suven sunnuntai, aamu ihanan aurinkoinen. Pihalla ja puutarhassa tekemist\u00e4, sis\u00e4ll\u00e4 siistimist\u00e4, j\u00e4rjestely\u00e4 ja touhuamista. Ei ruoanlaittoa, eik\u00e4 virtuaali-viininmaistiaisen raportointia (teen sen huomenna), mutta l\u00e4hdin py\u00f6r\u00e4illen kohti Pikisaarta hyviss\u00e4 ajoin. Nallikarin kautta. .. Olin siell\u00e4 tovin. Auringosta, hiljaisuudesta, tyvenest\u00e4, kes\u00e4st\u00e4 kuitenkin, nauttien.<\/p>\n<p style=\"text-align: center;\"><span style=\"color: #666699;\">Kaikki kuvat suurenevat klikkaamalla.<\/span><\/p>\n<p style=\"text-align: center;\"><a href=\"https:\/\/www.satokangas.fi\/blogi\/wp-content\/uploads\/2015\/06\/Pikisaaressa-3.jpg\"><img loading=\"lazy\" decoding=\"async\" data-attachment-id=\"24785\" data-permalink=\"https:\/\/www.satokangas.fi\/blogi\/2015\/06\/joku-voisi-kutsua-tyopaivaksi\/pikisaaressa-3\/\" data-orig-file=\"https:\/\/www.satokangas.fi\/blogi\/wp-content\/uploads\/2015\/06\/Pikisaaressa-3.jpg\" data-orig-size=\"1500,1000\" data-comments-opened=\"1\" data-image-meta=\"{&quot;aperture&quot;:&quot;4&quot;,&quot;credit&quot;:&quot;Reija Satokangas&quot;,&quot;camera&quot;:&quot;Canon EOS 6D&quot;,&quot;caption&quot;:&quot;&quot;,&quot;created_timestamp&quot;:&quot;1434280951&quot;,&quot;copyright&quot;:&quot;&quot;,&quot;focal_length&quot;:&quot;24&quot;,&quot;iso&quot;:&quot;100&quot;,&quot;shutter_speed&quot;:&quot;0.0003125&quot;,&quot;title&quot;:&quot;&quot;,&quot;orientation&quot;:&quot;0&quot;}\" data-image-title=\"Pikisaaressa-3\" data-image-description=\"\" data-image-caption=\"\" data-large-file=\"https:\/\/www.satokangas.fi\/blogi\/wp-content\/uploads\/2015\/06\/Pikisaaressa-3.jpg\" class=\"aligncenter size-medium wp-image-24785\" src=\"https:\/\/www.satokangas.fi\/blogi\/wp-content\/uploads\/2015\/06\/Pikisaaressa-3-600x400.jpg\" alt=\"Pikisaaressa-3\" width=\"600\" height=\"400\" srcset=\"https:\/\/www.satokangas.fi\/blogi\/wp-content\/uploads\/2015\/06\/Pikisaaressa-3-600x400.jpg 600w, https:\/\/www.satokangas.fi\/blogi\/wp-content\/uploads\/2015\/06\/Pikisaaressa-3-300x200.jpg 300w, https:\/\/www.satokangas.fi\/blogi\/wp-content\/uploads\/2015\/06\/Pikisaaressa-3.jpg 1500w\" sizes=\"auto, (max-width: 600px) 100vw, 600px\" \/><\/a><\/p>\n<p>Ja tietysti &#8211; pitk\u00e4st\u00e4 aikaa &#8211; piipahdin <a href=\"https:\/\/www.satokangas.fi\/blogi\/2011\/05\/ilon-kautta-toppilansaaren-ilokivet\/\">Ilokivill\u00e4<\/a>. Olin jo kymmenen j\u00e4lkeen ilokivill\u00e4 ja Nallikarissa kuvailemassa. Eih\u00e4n se mik\u00e4\u00e4n l\u00e4mmin ollut, mutta kes\u00e4lt\u00e4 n\u00e4ytti.<\/p>\n<p>Olisin voinut j\u00e4\u00e4d\u00e4 sinne istuksimaan, miettim\u00e4\u00e4n&#8230;<\/p>\n<p style=\"text-align: center;\"><a href=\"https:\/\/www.satokangas.fi\/blogi\/wp-content\/uploads\/2015\/06\/Pikisaaressa.jpg\"><img loading=\"lazy\" decoding=\"async\" data-attachment-id=\"24783\" data-permalink=\"https:\/\/www.satokangas.fi\/blogi\/2015\/06\/joku-voisi-kutsua-tyopaivaksi\/pikisaaressa\/\" data-orig-file=\"https:\/\/www.satokangas.fi\/blogi\/wp-content\/uploads\/2015\/06\/Pikisaaressa.jpg\" data-orig-size=\"1500,1000\" data-comments-opened=\"1\" data-image-meta=\"{&quot;aperture&quot;:&quot;4.5&quot;,&quot;credit&quot;:&quot;Reija Satokangas&quot;,&quot;camera&quot;:&quot;Canon EOS 6D&quot;,&quot;caption&quot;:&quot;&quot;,&quot;created_timestamp&quot;:&quot;1434279782&quot;,&quot;copyright&quot;:&quot;&quot;,&quot;focal_length&quot;:&quot;24&quot;,&quot;iso&quot;:&quot;100&quot;,&quot;shutter_speed&quot;:&quot;0.0005&quot;,&quot;title&quot;:&quot;&quot;,&quot;orientation&quot;:&quot;0&quot;}\" data-image-title=\"Pikisaaressa\" data-image-description=\"\" data-image-caption=\"\" data-large-file=\"https:\/\/www.satokangas.fi\/blogi\/wp-content\/uploads\/2015\/06\/Pikisaaressa.jpg\" class=\"aligncenter size-medium wp-image-24783\" src=\"https:\/\/www.satokangas.fi\/blogi\/wp-content\/uploads\/2015\/06\/Pikisaaressa-600x400.jpg\" alt=\"Pikisaaressa\" width=\"600\" height=\"400\" srcset=\"https:\/\/www.satokangas.fi\/blogi\/wp-content\/uploads\/2015\/06\/Pikisaaressa-600x400.jpg 600w, https:\/\/www.satokangas.fi\/blogi\/wp-content\/uploads\/2015\/06\/Pikisaaressa-300x200.jpg 300w, https:\/\/www.satokangas.fi\/blogi\/wp-content\/uploads\/2015\/06\/Pikisaaressa.jpg 1500w\" sizes=\"auto, (max-width: 600px) 100vw, 600px\" \/><\/a><\/p>\n<p style=\"text-align: center;\"><a href=\"https:\/\/www.satokangas.fi\/blogi\/wp-content\/uploads\/2015\/06\/Pikisaaressa-2.jpg\"><img loading=\"lazy\" decoding=\"async\" data-attachment-id=\"24784\" data-permalink=\"https:\/\/www.satokangas.fi\/blogi\/2015\/06\/joku-voisi-kutsua-tyopaivaksi\/pikisaaressa-2\/\" data-orig-file=\"https:\/\/www.satokangas.fi\/blogi\/wp-content\/uploads\/2015\/06\/Pikisaaressa-2.jpg\" data-orig-size=\"1500,1000\" data-comments-opened=\"1\" data-image-meta=\"{&quot;aperture&quot;:&quot;4&quot;,&quot;credit&quot;:&quot;Reija Satokangas&quot;,&quot;camera&quot;:&quot;Canon EOS 6D&quot;,&quot;caption&quot;:&quot;&quot;,&quot;created_timestamp&quot;:&quot;1434279980&quot;,&quot;copyright&quot;:&quot;&quot;,&quot;focal_length&quot;:&quot;24&quot;,&quot;iso&quot;:&quot;100&quot;,&quot;shutter_speed&quot;:&quot;0.0005&quot;,&quot;title&quot;:&quot;&quot;,&quot;orientation&quot;:&quot;0&quot;}\" data-image-title=\"Pikisaaressa-2\" data-image-description=\"\" data-image-caption=\"\" data-large-file=\"https:\/\/www.satokangas.fi\/blogi\/wp-content\/uploads\/2015\/06\/Pikisaaressa-2.jpg\" class=\"aligncenter size-medium wp-image-24784\" src=\"https:\/\/www.satokangas.fi\/blogi\/wp-content\/uploads\/2015\/06\/Pikisaaressa-2-600x400.jpg\" alt=\"Pikisaaressa-2\" width=\"600\" height=\"400\" srcset=\"https:\/\/www.satokangas.fi\/blogi\/wp-content\/uploads\/2015\/06\/Pikisaaressa-2-600x400.jpg 600w, https:\/\/www.satokangas.fi\/blogi\/wp-content\/uploads\/2015\/06\/Pikisaaressa-2-300x200.jpg 300w, https:\/\/www.satokangas.fi\/blogi\/wp-content\/uploads\/2015\/06\/Pikisaaressa-2.jpg 1500w\" sizes=\"auto, (max-width: 600px) 100vw, 600px\" \/><\/a><\/p>\n<p>Mutta oli jatkettava.<\/p>\n<p>Puolelta p\u00e4ivin oli tarkoitus aloittaa paistink\u00e4\u00e4nt\u00e4jien kapitulin workshoppi, ja aloitettiinkin. Ja oikeasti tehtiin hommia monta tuntia. Ty\u00f6p\u00e4iv\u00e4n verran. Ja kun on paistink\u00e4\u00e4nt\u00e4jist\u00e4 kyse, on ruokatunnilla merkityksens\u00e4. Arkkitehtikillan talolla on pihapiiriss\u00e4 tulipaikka, ja siin\u00e4 paisteltiin nyht\u00f6possua hampurilaisiin&#8230;<\/p>\n<p style=\"text-align: center;\"><a href=\"https:\/\/www.satokangas.fi\/blogi\/wp-content\/uploads\/2015\/06\/Pikisaaressa-7.jpg\"><img loading=\"lazy\" decoding=\"async\" data-attachment-id=\"24789\" data-permalink=\"https:\/\/www.satokangas.fi\/blogi\/2015\/06\/joku-voisi-kutsua-tyopaivaksi\/pikisaaressa-7\/\" data-orig-file=\"https:\/\/www.satokangas.fi\/blogi\/wp-content\/uploads\/2015\/06\/Pikisaaressa-7.jpg\" data-orig-size=\"1500,1000\" data-comments-opened=\"1\" data-image-meta=\"{&quot;aperture&quot;:&quot;4.5&quot;,&quot;credit&quot;:&quot;Reija Satokangas&quot;,&quot;camera&quot;:&quot;Canon EOS 6D&quot;,&quot;caption&quot;:&quot;&quot;,&quot;created_timestamp&quot;:&quot;1434300868&quot;,&quot;copyright&quot;:&quot;&quot;,&quot;focal_length&quot;:&quot;105&quot;,&quot;iso&quot;:&quot;125&quot;,&quot;shutter_speed&quot;:&quot;0.0125&quot;,&quot;title&quot;:&quot;&quot;,&quot;orientation&quot;:&quot;0&quot;}\" data-image-title=\"Pikisaaressa-7\" data-image-description=\"\" data-image-caption=\"\" data-large-file=\"https:\/\/www.satokangas.fi\/blogi\/wp-content\/uploads\/2015\/06\/Pikisaaressa-7.jpg\" class=\"aligncenter size-medium wp-image-24789\" src=\"https:\/\/www.satokangas.fi\/blogi\/wp-content\/uploads\/2015\/06\/Pikisaaressa-7-600x400.jpg\" alt=\"Pikisaaressa-7\" width=\"600\" height=\"400\" srcset=\"https:\/\/www.satokangas.fi\/blogi\/wp-content\/uploads\/2015\/06\/Pikisaaressa-7-600x400.jpg 600w, https:\/\/www.satokangas.fi\/blogi\/wp-content\/uploads\/2015\/06\/Pikisaaressa-7-300x200.jpg 300w, https:\/\/www.satokangas.fi\/blogi\/wp-content\/uploads\/2015\/06\/Pikisaaressa-7.jpg 1500w\" sizes=\"auto, (max-width: 600px) 100vw, 600px\" \/><\/a><\/p>\n<p>Minustahan ei paljon selfieit\u00e4 n\u00e4ill\u00e4 sivuilla yleens\u00e4 n\u00e4y, mutta t\u00e4ss\u00e4 nyt tulee! \ud83d\ude09<\/p>\n<p style=\"text-align: center;\"><a href=\"https:\/\/www.satokangas.fi\/blogi\/wp-content\/uploads\/2015\/06\/Pikisaaressa-5.jpg\"><img loading=\"lazy\" decoding=\"async\" data-attachment-id=\"24787\" data-permalink=\"https:\/\/www.satokangas.fi\/blogi\/2015\/06\/joku-voisi-kutsua-tyopaivaksi\/pikisaaressa-5\/\" data-orig-file=\"https:\/\/www.satokangas.fi\/blogi\/wp-content\/uploads\/2015\/06\/Pikisaaressa-5.jpg\" data-orig-size=\"1500,1000\" data-comments-opened=\"1\" data-image-meta=\"{&quot;aperture&quot;:&quot;5&quot;,&quot;credit&quot;:&quot;Reija Satokangas&quot;,&quot;camera&quot;:&quot;Canon EOS 6D&quot;,&quot;caption&quot;:&quot;&quot;,&quot;created_timestamp&quot;:&quot;1434301408&quot;,&quot;copyright&quot;:&quot;&quot;,&quot;focal_length&quot;:&quot;24&quot;,&quot;iso&quot;:&quot;125&quot;,&quot;shutter_speed&quot;:&quot;0.016666666666667&quot;,&quot;title&quot;:&quot;&quot;,&quot;orientation&quot;:&quot;0&quot;}\" data-image-title=\"Pikisaaressa-5\" data-image-description=\"\" data-image-caption=\"\" data-large-file=\"https:\/\/www.satokangas.fi\/blogi\/wp-content\/uploads\/2015\/06\/Pikisaaressa-5.jpg\" class=\"aligncenter size-medium wp-image-24787\" src=\"https:\/\/www.satokangas.fi\/blogi\/wp-content\/uploads\/2015\/06\/Pikisaaressa-5-600x400.jpg\" alt=\"Pikisaaressa-5\" width=\"600\" height=\"400\" srcset=\"https:\/\/www.satokangas.fi\/blogi\/wp-content\/uploads\/2015\/06\/Pikisaaressa-5-600x400.jpg 600w, https:\/\/www.satokangas.fi\/blogi\/wp-content\/uploads\/2015\/06\/Pikisaaressa-5-300x200.jpg 300w, https:\/\/www.satokangas.fi\/blogi\/wp-content\/uploads\/2015\/06\/Pikisaaressa-5.jpg 1500w\" sizes=\"auto, (max-width: 600px) 100vw, 600px\" \/><\/a><\/p>\n<p style=\"text-align: center;\">\n<p><a href=\"https:\/\/www.satokangas.fi\/blogi\/wp-content\/uploads\/2015\/06\/Pikisaaressa-4.jpg\"><img loading=\"lazy\" decoding=\"async\" data-attachment-id=\"24786\" data-permalink=\"https:\/\/www.satokangas.fi\/blogi\/2015\/06\/joku-voisi-kutsua-tyopaivaksi\/pikisaaressa-4\/\" data-orig-file=\"https:\/\/www.satokangas.fi\/blogi\/wp-content\/uploads\/2015\/06\/Pikisaaressa-4.jpg\" data-orig-size=\"1546,1000\" data-comments-opened=\"1\" data-image-meta=\"{&quot;aperture&quot;:&quot;5&quot;,&quot;credit&quot;:&quot;Reija Satokangas&quot;,&quot;camera&quot;:&quot;Canon EOS 6D&quot;,&quot;caption&quot;:&quot;&quot;,&quot;created_timestamp&quot;:&quot;1434301402&quot;,&quot;copyright&quot;:&quot;&quot;,&quot;focal_length&quot;:&quot;24&quot;,&quot;iso&quot;:&quot;125&quot;,&quot;shutter_speed&quot;:&quot;0.016666666666667&quot;,&quot;title&quot;:&quot;&quot;,&quot;orientation&quot;:&quot;0&quot;}\" data-image-title=\"Pikisaaressa-4\" data-image-description=\"\" data-image-caption=\"\" data-large-file=\"https:\/\/www.satokangas.fi\/blogi\/wp-content\/uploads\/2015\/06\/Pikisaaressa-4.jpg\" class=\"aligncenter size-medium wp-image-24786\" src=\"https:\/\/www.satokangas.fi\/blogi\/wp-content\/uploads\/2015\/06\/Pikisaaressa-4-600x388.jpg\" alt=\"Pikisaaressa-4\" width=\"600\" height=\"388\" srcset=\"https:\/\/www.satokangas.fi\/blogi\/wp-content\/uploads\/2015\/06\/Pikisaaressa-4-600x388.jpg 600w, https:\/\/www.satokangas.fi\/blogi\/wp-content\/uploads\/2015\/06\/Pikisaaressa-4-300x194.jpg 300w, https:\/\/www.satokangas.fi\/blogi\/wp-content\/uploads\/2015\/06\/Pikisaaressa-4.jpg 1546w\" sizes=\"auto, (max-width: 600px) 100vw, 600px\" \/><\/a><\/p>\n<p>Ja koskapa t\u00e4mm\u00f6inen workshop tehd\u00e4\u00e4n yhteisty\u00f6ss\u00e4 ravintoloitsijoiden kanssa, oli meill\u00e4 j\u00e4lkk\u00e4riksi vallan erinomainen mutakakku, jonka totta puhuen ajattelin ensin j\u00e4tt\u00e4\u00e4 v\u00e4liin, ihan viime metreill\u00e4 vasta k\u00e4vin palaseni hakemassa. Onneksi k\u00e4vin!!<\/p>\n<p style=\"text-align: center;\"><a href=\"https:\/\/www.satokangas.fi\/blogi\/wp-content\/uploads\/2015\/06\/Pikisaaressa-8.jpg\"><img loading=\"lazy\" decoding=\"async\" data-attachment-id=\"24790\" data-permalink=\"https:\/\/www.satokangas.fi\/blogi\/2015\/06\/joku-voisi-kutsua-tyopaivaksi\/pikisaaressa-8\/\" data-orig-file=\"https:\/\/www.satokangas.fi\/blogi\/wp-content\/uploads\/2015\/06\/Pikisaaressa-8.jpg\" data-orig-size=\"1500,1000\" data-comments-opened=\"1\" data-image-meta=\"{&quot;aperture&quot;:&quot;4.5&quot;,&quot;credit&quot;:&quot;Reija Satokangas&quot;,&quot;camera&quot;:&quot;Canon EOS 6D&quot;,&quot;caption&quot;:&quot;&quot;,&quot;created_timestamp&quot;:&quot;1434301271&quot;,&quot;copyright&quot;:&quot;&quot;,&quot;focal_length&quot;:&quot;105&quot;,&quot;iso&quot;:&quot;125&quot;,&quot;shutter_speed&quot;:&quot;0.003125&quot;,&quot;title&quot;:&quot;&quot;,&quot;orientation&quot;:&quot;0&quot;}\" data-image-title=\"Pikisaaressa-8\" data-image-description=\"\" data-image-caption=\"\" data-large-file=\"https:\/\/www.satokangas.fi\/blogi\/wp-content\/uploads\/2015\/06\/Pikisaaressa-8.jpg\" class=\"aligncenter size-medium wp-image-24790\" src=\"https:\/\/www.satokangas.fi\/blogi\/wp-content\/uploads\/2015\/06\/Pikisaaressa-8-600x400.jpg\" alt=\"Pikisaaressa-8\" width=\"600\" height=\"400\" srcset=\"https:\/\/www.satokangas.fi\/blogi\/wp-content\/uploads\/2015\/06\/Pikisaaressa-8-600x400.jpg 600w, https:\/\/www.satokangas.fi\/blogi\/wp-content\/uploads\/2015\/06\/Pikisaaressa-8-300x200.jpg 300w, https:\/\/www.satokangas.fi\/blogi\/wp-content\/uploads\/2015\/06\/Pikisaaressa-8.jpg 1500w\" sizes=\"auto, (max-width: 600px) 100vw, 600px\" \/><\/a><\/p>\n<p style=\"text-align: center;\"><a href=\"https:\/\/www.satokangas.fi\/blogi\/wp-content\/uploads\/2015\/06\/Pikisaaressa-9.jpg\"><img loading=\"lazy\" decoding=\"async\" data-attachment-id=\"24791\" data-permalink=\"https:\/\/www.satokangas.fi\/blogi\/2015\/06\/joku-voisi-kutsua-tyopaivaksi\/pikisaaressa-9\/\" data-orig-file=\"https:\/\/www.satokangas.fi\/blogi\/wp-content\/uploads\/2015\/06\/Pikisaaressa-9.jpg\" data-orig-size=\"1500,1000\" data-comments-opened=\"1\" data-image-meta=\"{&quot;aperture&quot;:&quot;4&quot;,&quot;credit&quot;:&quot;Reija Satokangas&quot;,&quot;camera&quot;:&quot;Canon EOS 6D&quot;,&quot;caption&quot;:&quot;&quot;,&quot;created_timestamp&quot;:&quot;1434304349&quot;,&quot;copyright&quot;:&quot;&quot;,&quot;focal_length&quot;:&quot;105&quot;,&quot;iso&quot;:&quot;125&quot;,&quot;shutter_speed&quot;:&quot;0.00125&quot;,&quot;title&quot;:&quot;&quot;,&quot;orientation&quot;:&quot;0&quot;}\" data-image-title=\"Pikisaaressa-9\" data-image-description=\"\" data-image-caption=\"\" data-large-file=\"https:\/\/www.satokangas.fi\/blogi\/wp-content\/uploads\/2015\/06\/Pikisaaressa-9.jpg\" class=\"aligncenter size-medium wp-image-24791\" src=\"https:\/\/www.satokangas.fi\/blogi\/wp-content\/uploads\/2015\/06\/Pikisaaressa-9-600x400.jpg\" alt=\"Pikisaaressa-9\" width=\"600\" height=\"400\" srcset=\"https:\/\/www.satokangas.fi\/blogi\/wp-content\/uploads\/2015\/06\/Pikisaaressa-9-600x400.jpg 600w, https:\/\/www.satokangas.fi\/blogi\/wp-content\/uploads\/2015\/06\/Pikisaaressa-9-300x200.jpg 300w, https:\/\/www.satokangas.fi\/blogi\/wp-content\/uploads\/2015\/06\/Pikisaaressa-9.jpg 1500w\" sizes=\"auto, (max-width: 600px) 100vw, 600px\" \/><\/a><\/p>\n<p>T\u00e4t\u00e4 kirjoittaessani maistelen Gewurtztramineria Alto-Adigesta&#8230; hmmm. Huomenna viiniarvioita ja juhannusviinisuosituksia. Huomiseen, yst\u00e4v\u00e4t!<\/p>\n","protected":false},"excerpt":{"rendered":"<p>&#8230; min\u00e4 en. Suven sunnuntai, aamu ihanan aurinkoinen. Pihalla ja puutarhassa tekemist\u00e4, sis\u00e4ll\u00e4 siistimist\u00e4, j\u00e4rjestely\u00e4 ja touhuamista. Ei ruoanlaittoa, eik\u00e4 virtuaali-viininmaistiaisen raportointia (teen sen huomenna), mutta l\u00e4hdin py\u00f6r\u00e4illen kohti Pikisaarta hyviss\u00e4 ajoin. Nallikarin kautta. .. Olin siell\u00e4 tovin. Auringosta, hiljaisuudesta, tyvenest\u00e4, kes\u00e4st\u00e4 kuitenkin, nauttien. Kaikki kuvat suurenevat klikkaamalla. Ja tietysti &#8211; pitk\u00e4st\u00e4 aikaa &#8211; piipahdin Ilokivill\u00e4. Olin jo kymmenen j\u00e4lkeen &hellip; <\/p>\n","protected":false},"author":1,"featured_media":0,"comment_status":"open","ping_status":"open","sticky":false,"template":"","format":"standard","meta":{"jetpack_post_was_ever_published":false,"_jetpack_newsletter_access":"","_jetpack_dont_email_post_to_subs":false,"_jetpack_newsletter_tier_id":0,"_jetpack_memberships_contains_paywalled_content":false,"_jetpack_memberships_contains_paid_content":false,"footnotes":"","jetpack_publicize_message":"","jetpack_publicize_feature_enabled":true,"jetpack_social_post_already_shared":true,"jetpack_social_options":{"image_generator_settings":{"template":"highway","default_image_id":0,"font":"","enabled":false},"version":2}},"categories":[55,17],"tags":[],"class_list":["post-24782","post","type-post","status-publish","format-standard","hentry","category-oulu","category-ruoka_ja_viini","latest_post"],"jetpack_publicize_connections":[],"jetpack_featured_media_url":"","jetpack_shortlink":"https:\/\/wp.me\/pr4p4-6rI","jetpack_sharing_enabled":true,"jetpack_likes_enabled":false,"jetpack-related-posts":[{"id":12925,"url":"https:\/\/www.satokangas.fi\/blogi\/2011\/11\/marrasmyrsky\/","url_meta":{"origin":24782,"position":0},"title":"Marrasmyrsky","author":"Reija","date":"26.11.2011","format":false,"excerpt":"Varoitukset l\u00e4hivuorokaudelle (24 h) P\u00e4ivitetty 26.11.2011 klo 11:58 Varoitukset merialueilla Myrskyvaroitus: Per\u00e4meri: Lounaismyrsky\u00e4 22 m\/s. \u00a0 K\u00e4vimme aallonmurtajalla. Luonto n\u00e4ytti voimansa. En osannut sit\u00e4 voimaa kuvata, mutta hienoa oli. Hirmuista. Kuvat suurenevat klikkaamalla. \u00a0 Ilokivet tuolla tyrskyjen keskell\u00e4. Ei puhettakaan ett\u00e4 olisi uskaltanut menn\u00e4 aallonmurtajan p\u00e4\u00e4h\u00e4n. Ilokivet on tullut kuvatuksi\u2026","rel":"","context":"Kategoriassa &quot;Niit\u00e4 n\u00e4it\u00e4&quot;","block_context":{"text":"Niit\u00e4 n\u00e4it\u00e4","link":"https:\/\/www.satokangas.fi\/blogi\/category\/aiheeton\/"},"img":{"alt_text":"","src":"https:\/\/i0.wp.com\/www.satokangas.fi\/blogi\/wp-content\/uploads\/myrsky-600x361.jpg?resize=350%2C200&ssl=1","width":350,"height":200,"srcset":"https:\/\/i0.wp.com\/www.satokangas.fi\/blogi\/wp-content\/uploads\/myrsky-600x361.jpg?resize=350%2C200&ssl=1 1x, https:\/\/i0.wp.com\/www.satokangas.fi\/blogi\/wp-content\/uploads\/myrsky-600x361.jpg?resize=525%2C300&ssl=1 1.5x"},"classes":[]},{"id":37917,"url":"https:\/\/www.satokangas.fi\/blogi\/2020\/01\/aurinkoa-rannalla\/","url_meta":{"origin":24782,"position":1},"title":"Aurinkoa rannalla","author":"Reija","date":"13.1.2020","format":false,"excerpt":"\u00a0 Ilokivill\u00e4 paistoi t\u00e4n\u00e4\u00e4n aurinko, eik\u00e4 merenrannassa juuri tuullutkaan. Iltap\u00e4iv\u00e4n aurinkoiset tunnit ulkosalla tuntuivat hyv\u00e4lle. Toisaalta ei tuonne mun lempparipaikkaan tehnyt mieli j\u00e4\u00e4d\u00e4 istuskelemaan ja katselemaan merelle kuten kev\u00e4isin tai kes\u00e4isin. Hopusti jatkoin tepastelua, kunhan kuvat sain otetuksi. Aallonmurtajan \"suojapuolella\", siis vasemmalla ja pitk\u00e4lle kohti Nallikaria rantaviivassa toinen toistaan kauniimpia\u2026","rel":"","context":"Kategoriassa &quot;Niit\u00e4 n\u00e4it\u00e4&quot;","block_context":{"text":"Niit\u00e4 n\u00e4it\u00e4","link":"https:\/\/www.satokangas.fi\/blogi\/category\/aiheeton\/"},"img":{"alt_text":"","src":"https:\/\/i0.wp.com\/www.satokangas.fi\/blogi\/wp-content\/uploads\/2020\/01\/ilo-kivill%C3%A4_-6.jpg?resize=350%2C200&ssl=1","width":350,"height":200,"srcset":"https:\/\/i0.wp.com\/www.satokangas.fi\/blogi\/wp-content\/uploads\/2020\/01\/ilo-kivill%C3%A4_-6.jpg?resize=350%2C200&ssl=1 1x, https:\/\/i0.wp.com\/www.satokangas.fi\/blogi\/wp-content\/uploads\/2020\/01\/ilo-kivill%C3%A4_-6.jpg?resize=525%2C300&ssl=1 1.5x, https:\/\/i0.wp.com\/www.satokangas.fi\/blogi\/wp-content\/uploads\/2020\/01\/ilo-kivill%C3%A4_-6.jpg?resize=700%2C400&ssl=1 2x"},"classes":[]},{"id":11589,"url":"https:\/\/www.satokangas.fi\/blogi\/2011\/05\/ilon-kautta-toppilansaaren-ilokivet\/","url_meta":{"origin":24782,"position":2},"title":"Ilon kautta: Toppilansaaren ilokivet","author":"Reija","date":"10.5.2011","format":false,"excerpt":"Ilokivet! Olen kirjoittanut t\u00e4\u00e4ll\u00e4 Temmatussa ja laittanut niist\u00e4 \u00a0kuvia jo monta kertaa (eka kerran Valokuvatorstain ilo-haasteeseen tein kollaasin, klik). Vappuaattona \u00a0kun olin taas lenkill\u00e4 Toppilansaaressa ja aallonmurtajalla ja ilokivet toivat iloa, p\u00e4\u00e4tin vihdoin ottaa selv\u00e4\u00e4, kuka ne paikoilleen laittanut, kuka ne on tehnyt... T\u00e4ss\u00e4 kivet kuvattuna kaukaa, Meri-Toppilasta, mantereelta k\u00e4sin.\u2026","rel":"","context":"Kategoriassa &quot;Niit\u00e4 n\u00e4it\u00e4&quot;","block_context":{"text":"Niit\u00e4 n\u00e4it\u00e4","link":"https:\/\/www.satokangas.fi\/blogi\/category\/aiheeton\/"},"img":{"alt_text":"","src":"https:\/\/i0.wp.com\/www.satokangas.fi\/blogi\/wp-content\/uploads\/Ilokivet-Meri-Toppilan-rannasta-597x400.jpg?resize=350%2C200&ssl=1","width":350,"height":200,"srcset":"https:\/\/i0.wp.com\/www.satokangas.fi\/blogi\/wp-content\/uploads\/Ilokivet-Meri-Toppilan-rannasta-597x400.jpg?resize=350%2C200&ssl=1 1x, https:\/\/i0.wp.com\/www.satokangas.fi\/blogi\/wp-content\/uploads\/Ilokivet-Meri-Toppilan-rannasta-597x400.jpg?resize=525%2C300&ssl=1 1.5x"},"classes":[]},{"id":47438,"url":"https:\/\/www.satokangas.fi\/blogi\/2023\/10\/merenrannassa-auringossa-canonin-kanssa-kavelylla\/","url_meta":{"origin":24782,"position":3},"title":"Merenrannassa, auringossa Canonin kanssa k\u00e4velyll\u00e4","author":"Reija","date":"30.10.2023","format":false,"excerpt":"Eilisen lumisateen, t\u00e4m\u00e4np\u00e4iv\u00e4isen auringonpaisteen yhteisvaikutuksesta merenrannassa oli kimmelt\u00e4vi\u00e4 hankia, valoa kuin huhtikuussa, joutsenia (kolme valkoista pistett\u00e4 merell\u00e4), pikkupakkanen. Maanantaiaamuna tepastelemassa, miettim\u00e4ss\u00e4 ja aloittamassa tulevaa v\u00e4lj\u00e4\u00e4 viikkoa. Milleh\u00e4n alkaisi? Merikin alkaa jo rannoilta j\u00e4\u00e4ty\u00e4. Olin menossa Ilokiville asti, mutta aallonmurtajalla on sulan kelinkin aikaan vaikea turvallisesti k\u00e4vell\u00e4, koska kivet ovat irrallisia,\u2026","rel":"","context":"Kategoriassa &quot;Oulu&quot;","block_context":{"text":"Oulu","link":"https:\/\/www.satokangas.fi\/blogi\/category\/oulu\/"},"img":{"alt_text":"","src":"https:\/\/i0.wp.com\/www.satokangas.fi\/blogi\/wp-content\/uploads\/2023\/10\/Lokakuunpaiste-4.jpg?resize=350%2C200&ssl=1","width":350,"height":200,"srcset":"https:\/\/i0.wp.com\/www.satokangas.fi\/blogi\/wp-content\/uploads\/2023\/10\/Lokakuunpaiste-4.jpg?resize=350%2C200&ssl=1 1x, https:\/\/i0.wp.com\/www.satokangas.fi\/blogi\/wp-content\/uploads\/2023\/10\/Lokakuunpaiste-4.jpg?resize=525%2C300&ssl=1 1.5x, https:\/\/i0.wp.com\/www.satokangas.fi\/blogi\/wp-content\/uploads\/2023\/10\/Lokakuunpaiste-4.jpg?resize=700%2C400&ssl=1 2x"},"classes":[]},{"id":28667,"url":"https:\/\/www.satokangas.fi\/blogi\/2016\/07\/turistina-oulussa\/","url_meta":{"origin":24782,"position":4},"title":"Turistina Oulussa","author":"Reija","date":"13.7.2016","format":false,"excerpt":"Eilen, kuten t\u00e4n\u00e4\u00e4nkin, oli mit\u00e4 mahtavin kes\u00e4 Oulussa, joten heitt\u00e4ydyin turistiksi. Kiertelin (py\u00f6r\u00e4ll\u00e4 ja k\u00e4vellen) monta tuntia Toppilansaaressa, Nallikarissa, torilla, hallissa, k\u00e4vin katsomassa valokuvan\u00e4yttelyn (Robert\u00b4s Coffeessa on opiskelukaverini n\u00e4yttely hein\u00e4kuun ajan). Pitk\u00e4 py\u00f6r\u00e4lenkki ja lounasaika riittiv\u00e4t perusteluksi sallia itselle Iced Mocha. Hmmmm.... T\u00e4rkein homma oli ottaa kuvia: t\u00e4m\u00e4n viikon et\u00e4teht\u00e4v\u00e4\u2026","rel":"","context":"Kategoriassa &quot;Oulu&quot;","block_context":{"text":"Oulu","link":"https:\/\/www.satokangas.fi\/blogi\/category\/oulu\/"},"img":{"alt_text":"DSC_0545","src":"https:\/\/i0.wp.com\/www.satokangas.fi\/blogi\/wp-content\/uploads\/2016\/07\/DSC_0545-225x400.jpg?resize=350%2C200&ssl=1","width":350,"height":200},"classes":[]},{"id":38374,"url":"https:\/\/www.satokangas.fi\/blogi\/2020\/03\/38374\/","url_meta":{"origin":24782,"position":5},"title":"Teknisi\u00e4 ratkaisuja","author":"Reija","date":"22.3.2020","format":false,"excerpt":"Ilokiville p\u00e4\u00e4see nyt helpommin kuin kes\u00e4ll\u00e4. Kes\u00e4ll\u00e4 kiville on kuljettava aallonmurtajan liikkuvien ja keikkuvien kivimurikoiden yli aika pitk\u00e4 matka, mutta nyt ilokiville p\u00e4\u00e4see j\u00e4\u00e4t\u00e4 pitkin. Minun \"pyh\u00e4 paikkani\", -\u00a0temenokseksikin sit\u00e4 joskus ajattelen. Iloa\u00a0 ja mielen tyyneytt\u00e4 ulkona olosta t\u00e4n\u00e4\u00e4nkin. Mutta muutoin kovin v\u00e4h\u00e4n mit\u00e4\u00e4n j\u00e4rkev\u00e4\u00e4, en oikein osaa tarttua mihink\u00e4\u00e4n.\u2026","rel":"","context":"Kategoriassa &quot;Niit\u00e4 n\u00e4it\u00e4&quot;","block_context":{"text":"Niit\u00e4 n\u00e4it\u00e4","link":"https:\/\/www.satokangas.fi\/blogi\/category\/aiheeton\/"},"img":{"alt_text":"","src":"https:\/\/i0.wp.com\/www.satokangas.fi\/blogi\/wp-content\/uploads\/2020\/03\/ulkona3-548x400.jpg?resize=350%2C200&ssl=1","width":350,"height":200,"srcset":"https:\/\/i0.wp.com\/www.satokangas.fi\/blogi\/wp-content\/uploads\/2020\/03\/ulkona3-548x400.jpg?resize=350%2C200&ssl=1 1x, https:\/\/i0.wp.com\/www.satokangas.fi\/blogi\/wp-content\/uploads\/2020\/03\/ulkona3-548x400.jpg?resize=525%2C300&ssl=1 1.5x"},"classes":[]}],"_links":{"self":[{"href":"https:\/\/www.satokangas.fi\/blogi\/wp-json\/wp\/v2\/posts\/24782","targetHints":{"allow":["GET"]}}],"collection":[{"href":"https:\/\/www.satokangas.fi\/blogi\/wp-json\/wp\/v2\/posts"}],"about":[{"href":"https:\/\/www.satokangas.fi\/blogi\/wp-json\/wp\/v2\/types\/post"}],"author":[{"embeddable":true,"href":"https:\/\/www.satokangas.fi\/blogi\/wp-json\/wp\/v2\/users\/1"}],"replies":[{"embeddable":true,"href":"https:\/\/www.satokangas.fi\/blogi\/wp-json\/wp\/v2\/comments?post=24782"}],"version-history":[{"count":0,"href":"https:\/\/www.satokangas.fi\/blogi\/wp-json\/wp\/v2\/posts\/24782\/revisions"}],"wp:attachment":[{"href":"https:\/\/www.satokangas.fi\/blogi\/wp-json\/wp\/v2\/media?parent=24782"}],"wp:term":[{"taxonomy":"category","embeddable":true,"href":"https:\/\/www.satokangas.fi\/blogi\/wp-json\/wp\/v2\/categories?post=24782"},{"taxonomy":"post_tag","embeddable":true,"href":"https:\/\/www.satokangas.fi\/blogi\/wp-json\/wp\/v2\/tags?post=24782"}],"curies":[{"name":"wp","href":"https:\/\/api.w.org\/{rel}","templated":true}]}}