{"id":2448,"date":"2009-02-13T20:44:39","date_gmt":"2009-02-13T18:44:39","guid":{"rendered":"https:\/\/www.satokangas.fi\/blogi\/?p=2448"},"modified":"2009-02-17T08:41:49","modified_gmt":"2009-02-17T06:41:49","slug":"juniori-on-vanha","status":"publish","type":"post","link":"https:\/\/www.satokangas.fi\/blogi\/2009\/02\/juniori-on-vanha\/","title":{"rendered":"Juniori on vanha!"},"content":{"rendered":"<p>T\u00e4n\u00e4\u00e4n(KIN) on ollut hulppeaa olla \u00e4iti. Liikuttua (miten jotkut \u00e4idit voivat istua koko vanhojen tanssien upean tunnin kyynelehtim\u00e4tt\u00e4??) kuopuksen suuresta p\u00e4iv\u00e4st\u00e4. \u00a0Olla yht\u00e4aikaa ylpe\u00e4 ja toisaalta pel\u00e4t\u00e4 pojan puolesta (meneek\u00f6 taas nivelsiteet?), nauttia 900 kauniin nuoren ilosta ja liikkumisesta: &#8221;Ollaan vanhoja ja hei, me osataan t\u00e4m\u00e4&#8221;. Tanssi ja el\u00e4m\u00e4 vie!<\/p>\n<p><a href=\"https:\/\/www.satokangas.fi\/blogi\/wp-content\/uploads\/2009\/02\/tanssiin-kutsu.jpg\"><\/a><\/p>\n<p>Tanssiin kutsu, tango ja loppuparaati. Ja min\u00e4 kyynelehdin joka vaiheessa! Paljon.<\/p>\n<p><a href=\"https:\/\/www.satokangas.fi\/blogi\/wp-content\/uploads\/2009\/02\/tomppa_jenna_vanhoina.jpg\"><img loading=\"lazy\" decoding=\"async\" data-attachment-id=\"2452\" data-permalink=\"https:\/\/www.satokangas.fi\/blogi\/2009\/02\/juniori-on-vanha\/tomppa_jenna_vanhoina\/\" data-orig-file=\"https:\/\/www.satokangas.fi\/blogi\/wp-content\/uploads\/2009\/02\/tomppa_jenna_vanhoina.jpg\" data-orig-size=\"1024,1063\" data-comments-opened=\"1\" data-image-meta=\"{&quot;aperture&quot;:&quot;5.6&quot;,&quot;credit&quot;:&quot;&quot;,&quot;camera&quot;:&quot;Canon EOS 400D DIGITAL&quot;,&quot;caption&quot;:&quot;&quot;,&quot;created_timestamp&quot;:&quot;1234535831&quot;,&quot;copyright&quot;:&quot;&quot;,&quot;focal_length&quot;:&quot;300&quot;,&quot;iso&quot;:&quot;800&quot;,&quot;shutter_speed&quot;:&quot;0.0125&quot;,&quot;title&quot;:&quot;&quot;}\" data-image-title=\" Jenna ja Tomppa Oulu-hallissa perjantaina 13.2.2009. \" data-image-description=\"\" data-image-caption=\"\" data-large-file=\"https:\/\/www.satokangas.fi\/blogi\/wp-content\/uploads\/2009\/02\/tomppa_jenna_vanhoina-986x1024.jpg\" class=\"alignleft size-medium wp-image-2452\" title=\"Jenna ja Tomppa Oulu-hallissa perjantaina 13.2.2009.\" src=\"https:\/\/www.satokangas.fi\/blogi\/wp-content\/uploads\/2009\/02\/tomppa_jenna_vanhoina-385x400.jpg\" alt=\" Jenna ja Tomppa Oulu-hallissa perjantaina 13.2.2009. \" width=\"385\" height=\"400\" srcset=\"https:\/\/www.satokangas.fi\/blogi\/wp-content\/uploads\/2009\/02\/tomppa_jenna_vanhoina-385x400.jpg 385w, https:\/\/www.satokangas.fi\/blogi\/wp-content\/uploads\/2009\/02\/tomppa_jenna_vanhoina-192x200.jpg 192w, https:\/\/www.satokangas.fi\/blogi\/wp-content\/uploads\/2009\/02\/tomppa_jenna_vanhoina-986x1024.jpg 986w, https:\/\/www.satokangas.fi\/blogi\/wp-content\/uploads\/2009\/02\/tomppa_jenna_vanhoina.jpg 1024w\" sizes=\"auto, (max-width: 385px) 100vw, 385px\" \/><\/a><\/p>\n<p>\u00a0<\/p>\n<p>\u00a0<\/p>\n<p>\u00a0<\/p>\n<p>\u00a0<\/p>\n<p>\u00a0<\/p>\n<p>\u00a0<\/p>\n<p>\u00a0<\/p>\n<p>\u00a0<\/p>\n<p>\u00a0<\/p>\n<p>\u00a0<\/p>\n<p>\u00a0<\/p>\n<p>Lis\u00e4\u00e4 <a href=\"http:\/\/www.satokangas.fi\/Tompan_Vanhojen_Paiva.htm\">kuvia<\/a>.<\/p>\n","protected":false},"excerpt":{"rendered":"<p>T\u00e4n\u00e4\u00e4n(KIN) on ollut hulppeaa olla \u00e4iti. Liikuttua (miten jotkut \u00e4idit voivat istua koko vanhojen tanssien upean tunnin kyynelehtim\u00e4tt\u00e4??) kuopuksen suuresta p\u00e4iv\u00e4st\u00e4. \u00a0Olla yht\u00e4aikaa ylpe\u00e4 ja toisaalta pel\u00e4t\u00e4 pojan puolesta (meneek\u00f6 taas nivelsiteet?), nauttia 900 kauniin nuoren ilosta ja liikkumisesta: &#8221;Ollaan vanhoja ja hei, me osataan t\u00e4m\u00e4&#8221;. Tanssi ja el\u00e4m\u00e4 vie! Tanssiin kutsu, tango ja loppuparaati. Ja min\u00e4 kyynelehdin joka vaiheessa! &hellip; <\/p>\n","protected":false},"author":1,"featured_media":0,"comment_status":"open","ping_status":"open","sticky":false,"template":"","format":"standard","meta":{"jetpack_post_was_ever_published":false,"_jetpack_newsletter_access":"","_jetpack_dont_email_post_to_subs":false,"_jetpack_newsletter_tier_id":0,"_jetpack_memberships_contains_paywalled_content":false,"_jetpack_memberships_contains_paid_content":false,"footnotes":"","jetpack_publicize_message":"","jetpack_publicize_feature_enabled":true,"jetpack_social_post_already_shared":false,"jetpack_social_options":{"image_generator_settings":{"template":"highway","default_image_id":0,"font":"","enabled":false},"version":2}},"categories":[22],"tags":[],"class_list":["post-2448","post","type-post","status-publish","format-standard","hentry","category-vanhemmuus","latest_post"],"jetpack_publicize_connections":[],"jetpack_featured_media_url":"","jetpack_shortlink":"https:\/\/wp.me\/pr4p4-Du","jetpack_sharing_enabled":true,"jetpack_likes_enabled":false,"jetpack-related-posts":[{"id":2436,"url":"https:\/\/www.satokangas.fi\/blogi\/2009\/02\/ah-onnea\/","url_meta":{"origin":2448,"position":0},"title":"Ah, onnea!","author":"Reija","date":"12.2.2009","format":false,"excerpt":"Vanhojen tanssien kenraalit. Meid\u00e4n kuopus frakissa, ja osasi tanssia! (klikkaamalla kuvat suurenevat)","rel":"","context":"Kategoriassa &quot;Vanhemmuus&quot;","block_context":{"text":"Vanhemmuus","link":"https:\/\/www.satokangas.fi\/blogi\/category\/vanhemmuus\/"},"img":{"alt_text":"Valmiina poloneesiin! ","src":"https:\/\/i0.wp.com\/www.satokangas.fi\/blogi\/wp-content\/uploads\/2009\/02\/vanhat-221x400.jpg?resize=350%2C200&ssl=1","width":350,"height":200},"classes":[]},{"id":42795,"url":"https:\/\/www.satokangas.fi\/blogi\/2022\/04\/vapun-tullessa\/","url_meta":{"origin":2448,"position":1},"title":"Vapun tullessa&#8230;","author":"Reija","date":"29.4.2022","format":false,"excerpt":"Toivoin ja aioin polkea t\u00e4n\u00e4\u00e4n kauden ensimm\u00e4isen kerran Koiteliin. En polkenut. Syy sinne p\u00e4\u00e4sem\u00e4tt\u00f6myyteen ei ollut kenenk\u00e4\u00e4n ulkopuolisen, ei mink\u00e4\u00e4n velvoitteen, ei pakottavan tekemisen, vaan ihan \"luonnon armoilla\" on tullut oltua. Eik\u00e4 luonto ollut t\u00e4n\u00e4\u00e4n kovinkaan armollinen. Ihan hyyt\u00e4v\u00e4 tuuli, kylm\u00e4\u00e4 oli. Sellainen s\u00e4\u00e4 kylm\u00e4\u00e4 sieluakin, ja se v\u00e4r\u00e4j\u00e4\u00e4 muutenkin.\u2026","rel":"","context":"Kategoriassa &quot;Niit\u00e4 n\u00e4it\u00e4&quot;","block_context":{"text":"Niit\u00e4 n\u00e4it\u00e4","link":"https:\/\/www.satokangas.fi\/blogi\/category\/aiheeton\/"},"img":{"alt_text":"","src":"","width":0,"height":0},"classes":[]},{"id":36155,"url":"https:\/\/www.satokangas.fi\/blogi\/2019\/03\/tanaan-kuvaillen-ja-tanssien-tai-noh\/","url_meta":{"origin":2448,"position":2},"title":"T\u00e4n\u00e4\u00e4n kuvaillen ja tanssien .. tai noh&#8230;","author":"Reija","date":"27.3.2019","format":false,"excerpt":"T\u00e4n\u00e4\u00e4n sitten yht\u00e4 intensiivisesti sis\u00e4ll\u00e4 kuin eilen ulkona, eli koko p\u00e4iv\u00e4n. Yht\u00e4 kuvakilpailua varten otin \"lavastekuvia\" tai siis lavastettuja kuvia ja samoin yht\u00e4 tilausty\u00f6t\u00e4 v\u00e4rkk\u00e4ilin. Edelleen ty\u00f6stin Oulunn rakennukset -projektia ja kirosin, ett\u00e4 miksi VASTA nyt otin hyllyst\u00e4 Photarin opaskirjan. \"Varmuuden vuoksi\" tarkistin, oliko sittenkin syv\u00e4ykseen olemassa yksi helpotus tai\u2026","rel":"","context":"Kategoriassa &quot;Niit\u00e4 n\u00e4it\u00e4&quot;","block_context":{"text":"Niit\u00e4 n\u00e4it\u00e4","link":"https:\/\/www.satokangas.fi\/blogi\/category\/aiheeton\/"},"img":{"alt_text":"","src":"https:\/\/i0.wp.com\/www.satokangas.fi\/blogi\/wp-content\/uploads\/2019\/03\/Tanssien-2-1.jpg?resize=350%2C200&ssl=1","width":350,"height":200,"srcset":"https:\/\/i0.wp.com\/www.satokangas.fi\/blogi\/wp-content\/uploads\/2019\/03\/Tanssien-2-1.jpg?resize=350%2C200&ssl=1 1x, https:\/\/i0.wp.com\/www.satokangas.fi\/blogi\/wp-content\/uploads\/2019\/03\/Tanssien-2-1.jpg?resize=525%2C300&ssl=1 1.5x, https:\/\/i0.wp.com\/www.satokangas.fi\/blogi\/wp-content\/uploads\/2019\/03\/Tanssien-2-1.jpg?resize=700%2C400&ssl=1 2x"},"classes":[]},{"id":51256,"url":"https:\/\/www.satokangas.fi\/blogi\/2024\/11\/tietoliikennetta-ja-tanssia\/","url_meta":{"origin":2448,"position":3},"title":"Tietoliikennett\u00e4 ja tanssia","author":"Reija","date":"24.11.2024","format":false,"excerpt":"Merkillinen p\u00e4iv\u00e4. Kummallisen pitk\u00e4, ja kiireinen. Ja tuskastuttavakin. Mutta antoisakin. Aamuviiden j\u00e4lkeen ei minuuttiakaan unta. Noh, kuuden j\u00e4lkeen noustua sitten t\u00e4ytt\u00e4 touhua koko pyh\u00e4inen lepop\u00e4iv\u00e4. Ei kaikkein mieluisin vaihtoehto. Mutta toisaalta osaamisen ja onnistumisen tunne datailussa on mukava. Ja mahdottoman mukava puhelu kalenteritilauksiin liittyen. Tulin siin\u00e4 ajatelleeksi, itsellenikin my\u00f6nt\u00e4neeksi, ett\u00e4\u2026","rel":"","context":"Kategoriassa &quot;Ruoka ja viini&quot;","block_context":{"text":"Ruoka ja viini","link":"https:\/\/www.satokangas.fi\/blogi\/category\/ruoka_ja_viini\/"},"img":{"alt_text":"","src":"https:\/\/i0.wp.com\/www.satokangas.fi\/blogi\/wp-content\/uploads\/2024\/11\/Beaujolais-Nouveau-1.jpg?resize=350%2C200&ssl=1","width":350,"height":200,"srcset":"https:\/\/i0.wp.com\/www.satokangas.fi\/blogi\/wp-content\/uploads\/2024\/11\/Beaujolais-Nouveau-1.jpg?resize=350%2C200&ssl=1 1x, https:\/\/i0.wp.com\/www.satokangas.fi\/blogi\/wp-content\/uploads\/2024\/11\/Beaujolais-Nouveau-1.jpg?resize=525%2C300&ssl=1 1.5x, https:\/\/i0.wp.com\/www.satokangas.fi\/blogi\/wp-content\/uploads\/2024\/11\/Beaujolais-Nouveau-1.jpg?resize=700%2C400&ssl=1 2x"},"classes":[]},{"id":1762,"url":"https:\/\/www.satokangas.fi\/blogi\/2008\/12\/tyonteon-meininki\/","url_meta":{"origin":2448,"position":4},"title":"Ty\u00f6nteon meininki","author":"Reija","date":"1.12.2008","format":false,"excerpt":"Kahden kokouksen p\u00e4iv\u00e4n\u00e4, jolloin pit\u00e4isi saada my\u00f6s artikkeli viimeistellyksi (lue: lyhennetyksi!), ja nyt saada loppuviikonkin duuneja jo alta pois,\u00a0joten\u00a0ei\u00a0ehdi muka edes bloggailemaan. Adventtikalenterin ehdin aukaista, ja ilolla kuulla, ett\u00e4 kuopus aikoo sittenkin tanssia helmikuussa vanhat tanssit! Kaksi reipasta ty\u00f6p\u00e4iv\u00e4\u00e4 ja sitten kohti pohjoista! Ah onnea! Jo odotus tuntuu pehmelt\u00e4. Nii-in.\u2026","rel":"","context":"Kategoriassa &quot;Niit\u00e4 n\u00e4it\u00e4&quot;","block_context":{"text":"Niit\u00e4 n\u00e4it\u00e4","link":"https:\/\/www.satokangas.fi\/blogi\/category\/aiheeton\/"},"img":{"alt_text":"","src":"","width":0,"height":0},"classes":[]},{"id":1140,"url":"https:\/\/www.satokangas.fi\/blogi\/2008\/10\/valokuvatorstai-suomalainen-nuorallatanssi\/","url_meta":{"origin":2448,"position":5},"title":"Valokuvatorstai: Suomalainen nuorallatanssi","author":"Reija","date":"16.10.2008","format":false,"excerpt":"(Klikkaamalla kuva suurenee) Suomalainen nuorallatanssi tanssitaan - turhan - usein heikoilla j\u00e4ill\u00e4 ...","rel":"","context":"Kategoriassa &quot;Valokuvatorstai&quot;","block_context":{"text":"Valokuvatorstai","link":"https:\/\/www.satokangas.fi\/blogi\/category\/valokuvaus\/valokuvatorstai\/"},"img":{"alt_text":"","src":"https:\/\/i0.wp.com\/www.satokangas.fi\/blogi\/wp-content\/uploads\/2008\/10\/toppilan_ranta1.jpg?resize=350%2C200&ssl=1","width":350,"height":200},"classes":[]}],"_links":{"self":[{"href":"https:\/\/www.satokangas.fi\/blogi\/wp-json\/wp\/v2\/posts\/2448","targetHints":{"allow":["GET"]}}],"collection":[{"href":"https:\/\/www.satokangas.fi\/blogi\/wp-json\/wp\/v2\/posts"}],"about":[{"href":"https:\/\/www.satokangas.fi\/blogi\/wp-json\/wp\/v2\/types\/post"}],"author":[{"embeddable":true,"href":"https:\/\/www.satokangas.fi\/blogi\/wp-json\/wp\/v2\/users\/1"}],"replies":[{"embeddable":true,"href":"https:\/\/www.satokangas.fi\/blogi\/wp-json\/wp\/v2\/comments?post=2448"}],"version-history":[{"count":0,"href":"https:\/\/www.satokangas.fi\/blogi\/wp-json\/wp\/v2\/posts\/2448\/revisions"}],"wp:attachment":[{"href":"https:\/\/www.satokangas.fi\/blogi\/wp-json\/wp\/v2\/media?parent=2448"}],"wp:term":[{"taxonomy":"category","embeddable":true,"href":"https:\/\/www.satokangas.fi\/blogi\/wp-json\/wp\/v2\/categories?post=2448"},{"taxonomy":"post_tag","embeddable":true,"href":"https:\/\/www.satokangas.fi\/blogi\/wp-json\/wp\/v2\/tags?post=2448"}],"curies":[{"name":"wp","href":"https:\/\/api.w.org\/{rel}","templated":true}]}}