{"id":24168,"date":"2015-03-24T20:30:27","date_gmt":"2015-03-24T18:30:27","guid":{"rendered":"https:\/\/www.satokangas.fi\/blogi\/?p=24168"},"modified":"2015-03-24T20:37:05","modified_gmt":"2015-03-24T18:37:05","slug":"tyonhakuasioita","status":"publish","type":"post","link":"https:\/\/www.satokangas.fi\/blogi\/2015\/03\/tyonhakuasioita\/","title":{"rendered":"Ty\u00f6nhakuasioita"},"content":{"rendered":"<p style=\"text-align: center;\"><a href=\"https:\/\/www.satokangas.fi\/blogi\/wp-content\/uploads\/2015\/03\/Lipasto-2.jpg\"><img loading=\"lazy\" decoding=\"async\" data-attachment-id=\"24169\" data-permalink=\"https:\/\/www.satokangas.fi\/blogi\/2015\/03\/tyonhakuasioita\/lipasto-2\/\" data-orig-file=\"https:\/\/www.satokangas.fi\/blogi\/wp-content\/uploads\/2015\/03\/Lipasto-2.jpg\" data-orig-size=\"829,576\" data-comments-opened=\"1\" data-image-meta=\"{&quot;aperture&quot;:&quot;2.2&quot;,&quot;credit&quot;:&quot;Reija Satokangas&quot;,&quot;camera&quot;:&quot;Lumia 1020&quot;,&quot;caption&quot;:&quot;&quot;,&quot;created_timestamp&quot;:&quot;1427180729&quot;,&quot;copyright&quot;:&quot;&quot;,&quot;focal_length&quot;:&quot;0&quot;,&quot;iso&quot;:&quot;100&quot;,&quot;shutter_speed&quot;:&quot;0.0071428571428571&quot;,&quot;title&quot;:&quot;&quot;,&quot;orientation&quot;:&quot;0&quot;}\" data-image-title=\"Lipasto-2\" data-image-description=\"\" data-image-caption=\"\" data-large-file=\"https:\/\/www.satokangas.fi\/blogi\/wp-content\/uploads\/2015\/03\/Lipasto-2.jpg\" class=\"size-medium wp-image-24169 aligncenter\" src=\"https:\/\/www.satokangas.fi\/blogi\/wp-content\/uploads\/2015\/03\/Lipasto-2-576x400.jpg\" alt=\"Lipasto-2\" width=\"576\" height=\"400\" srcset=\"https:\/\/www.satokangas.fi\/blogi\/wp-content\/uploads\/2015\/03\/Lipasto-2-576x400.jpg 576w, https:\/\/www.satokangas.fi\/blogi\/wp-content\/uploads\/2015\/03\/Lipasto-2-300x208.jpg 300w, https:\/\/www.satokangas.fi\/blogi\/wp-content\/uploads\/2015\/03\/Lipasto-2.jpg 829w\" sizes=\"auto, (max-width: 576px) 100vw, 576px\" \/><\/a><\/p>\n<p>Ei niink\u00e4\u00e4n takatalvi kuin tavallinen maaliskuun lumipyry ja myr\u00e4kk\u00e4. Aamulla t\u00f6ihin menness\u00e4 oli teill\u00e4kin viel\u00e4 rauhallista, illansuussa palatessa lyhyen matkan varressa parikin peltikolaria.<\/p>\n<p>T\u00e4n\u00e4\u00e4n viimeisen <a href=\"http:\/\/www.satokangas.fi\/Historiaa%20tilauksesta\/\">luentosarjan viimeinen<\/a> (palaute)luento. Onhan noita yksitt\u00e4isi\u00e4, erillisi\u00e4 luentoja viel\u00e4 montakin, huomennakin kaksin kappaleiden (metodeja ja tekstink\u00e4sittelyn ja excelin ohjeistusta), mutta t\u00e4n\u00e4\u00e4n viimonen oman luentosarjan luento. Ja sen sitten k\u00e4ytin ty\u00f6el\u00e4m\u00e4valmiuksien lis\u00e4\u00e4miseen, CV:n teon opettamiseen, tieteellisen tekstin perusteiden selvitt\u00e4miseen.<\/p>\n<p>Kysyinp\u00e4 tuosta eilen esill\u00e4 olleesta ansioluettelon laatimisen opetuksesta: &#8221;Kuinka monelle on koulussa opetettu laatimaan ansioluettelo?&#8221; &#8211; Kahdelle koko luentoporukasta (liki 30). Siis lukiossa ei opeteta &#8211; merkillist\u00e4! Yliopiston tarjoamalla &#8221;Kirjallinen ja suullinen viestint\u00e4&#8221; -kurssilla joissakin moduuleissa kuulemma asiaa opetetaan, mutta kun moduulit ovat valinnaisia, j\u00e4\u00e4 monella taito ja tieto saamatta. Mik\u00e4 sitten aiheuttikin sen, ett\u00e4 minun pikakurssistani sain suoraa hyv\u00e4\u00e4 palautetta jo t\u00e4n\u00e4\u00e4n. \ud83d\ude42<\/p>\n<p style=\"text-align: center;\"><a href=\"https:\/\/www.satokangas.fi\/blogi\/wp-content\/uploads\/2015\/03\/Lipasto-3.jpg\"><img loading=\"lazy\" decoding=\"async\" data-attachment-id=\"24170\" data-permalink=\"https:\/\/www.satokangas.fi\/blogi\/2015\/03\/tyonhakuasioita\/lipasto-3\/\" data-orig-file=\"https:\/\/www.satokangas.fi\/blogi\/wp-content\/uploads\/2015\/03\/Lipasto-3.jpg\" data-orig-size=\"900,506\" data-comments-opened=\"1\" data-image-meta=\"{&quot;aperture&quot;:&quot;2.2&quot;,&quot;credit&quot;:&quot;Reija Satokangas&quot;,&quot;camera&quot;:&quot;Lumia 1020&quot;,&quot;caption&quot;:&quot;&quot;,&quot;created_timestamp&quot;:&quot;1427180742&quot;,&quot;copyright&quot;:&quot;&quot;,&quot;focal_length&quot;:&quot;0&quot;,&quot;iso&quot;:&quot;100&quot;,&quot;shutter_speed&quot;:&quot;0.0071428571428571&quot;,&quot;title&quot;:&quot;&quot;,&quot;orientation&quot;:&quot;0&quot;}\" data-image-title=\"Lipasto-3\" data-image-description=\"\" data-image-caption=\"\" data-large-file=\"https:\/\/www.satokangas.fi\/blogi\/wp-content\/uploads\/2015\/03\/Lipasto-3.jpg\" class=\"aligncenter size-medium wp-image-24170\" src=\"https:\/\/www.satokangas.fi\/blogi\/wp-content\/uploads\/2015\/03\/Lipasto-3-600x337.jpg\" alt=\"Lipasto-3\" width=\"600\" height=\"337\" srcset=\"https:\/\/www.satokangas.fi\/blogi\/wp-content\/uploads\/2015\/03\/Lipasto-3-600x337.jpg 600w, https:\/\/www.satokangas.fi\/blogi\/wp-content\/uploads\/2015\/03\/Lipasto-3-300x169.jpg 300w, https:\/\/www.satokangas.fi\/blogi\/wp-content\/uploads\/2015\/03\/Lipasto-3.jpg 900w\" sizes=\"auto, (max-width: 600px) 100vw, 600px\" \/><\/a><\/p>\n<p style=\"text-align: justify;\">Vinkkasinpa opiskelijoille, ett\u00e4 minunkin paikkani on vastik\u00e4\u00e4n pistetty auki. <a href=\"https:\/\/www.saimanet.com\/certiahome\/open_job_view.html?did=5600&amp;jc=1&amp;id=0000963&amp;lang=fi\">Hakukuulutusta<\/a> pitiv\u00e4t kovin pitk\u00e4n\u00e4 ja portfolion laatimista isot\u00f6isen\u00e4. Minulla olisi valmiina \ud83d\ude42<\/p>\n<p style=\"text-align: justify;\">Kollegat ovat olleet hyvin tyytyv\u00e4isi\u00e4, ett\u00e4 pesti ylip\u00e4\u00e4t\u00e4\u00e4n saatiin laittaa avoimeksi, &#8211; vastik\u00e4\u00e4n yt:t l\u00e4pik\u00e4ynyt ja pitk\u00e4\u00e4n rekrytointikiellossa ollut yliopisto kun ei automaattisesti en\u00e4\u00e4 virkoja t\u00e4yt\u00e4. Mutta johdolta tuli sent\u00e4\u00e4n p\u00e4\u00e4t\u00f6s, ettei vastedes historian oppiaineessa kuuden hommia hoidella viiden voimin, vaan\u00a0minulle valitaan t\u00e4ss\u00e4 lukukauden lopussa seuraaja. N\u00e4in toivoin ja siksi irtisaunoutumisen teinkin hyviss\u00e4 ajoin, ettei tule sellaista &#8221;v\u00e4litilaa&#8221; kuten usein k\u00e4y, &#8211; ja professorin virkojen t\u00e4yt\u00f6iss\u00e4 p\u00e4\u00e4s\u00e4\u00e4nt\u00f6isesti.<\/p>\n<p style=\"text-align: justify;\">Niinp\u00e4 kun min\u00e4 j\u00e4\u00e4n pois, uusi aloittaa.<\/p>\n","protected":false},"excerpt":{"rendered":"<p>Ei niink\u00e4\u00e4n takatalvi kuin tavallinen maaliskuun lumipyry ja myr\u00e4kk\u00e4. Aamulla t\u00f6ihin menness\u00e4 oli teill\u00e4kin viel\u00e4 rauhallista, illansuussa palatessa lyhyen matkan varressa parikin peltikolaria. T\u00e4n\u00e4\u00e4n viimeisen luentosarjan viimeinen (palaute)luento. Onhan noita yksitt\u00e4isi\u00e4, erillisi\u00e4 luentoja viel\u00e4 montakin, huomennakin kaksin kappaleiden (metodeja ja tekstink\u00e4sittelyn ja excelin ohjeistusta), mutta t\u00e4n\u00e4\u00e4n viimonen oman luentosarjan luento. Ja sen sitten k\u00e4ytin ty\u00f6el\u00e4m\u00e4valmiuksien lis\u00e4\u00e4miseen, CV:n teon opettamiseen, tieteellisen &hellip; <\/p>\n","protected":false},"author":1,"featured_media":0,"comment_status":"open","ping_status":"open","sticky":false,"template":"","format":"standard","meta":{"jetpack_post_was_ever_published":false,"_jetpack_newsletter_access":"","_jetpack_dont_email_post_to_subs":false,"_jetpack_newsletter_tier_id":0,"_jetpack_memberships_contains_paywalled_content":false,"_jetpack_memberships_contains_paid_content":false,"footnotes":"","jetpack_publicize_message":"","jetpack_publicize_feature_enabled":true,"jetpack_social_post_already_shared":true,"jetpack_social_options":{"image_generator_settings":{"template":"highway","default_image_id":0,"font":"","enabled":false},"version":2}},"categories":[1,32],"tags":[],"class_list":["post-24168","post","type-post","status-publish","format-standard","hentry","category-aiheeton","category-yliopistoelamaa","latest_post"],"jetpack_publicize_connections":[],"jetpack_featured_media_url":"","jetpack_shortlink":"https:\/\/wp.me\/pr4p4-6hO","jetpack_sharing_enabled":true,"jetpack_likes_enabled":false,"jetpack-related-posts":[{"id":23297,"url":"https:\/\/www.satokangas.fi\/blogi\/2014\/12\/luentoja\/","url_meta":{"origin":24168,"position":0},"title":"Luentoja","author":"Reija","date":"11.12.2014","format":false,"excerpt":"Mukavan rauhallinen ty\u00f6p\u00e4iv\u00e4. Niinkin rauhallinen, ett\u00e4 sain aloitettua kev\u00e4\u00e4n luentosarjan kokoamisen. MIKSI min\u00e4 olen taas lupautunut tekem\u00e4\u00e4n uuden luentosarjan? 18 + 2 tuntia puhumista vaatii ainakin 18 + 2 ymp\u00e4rivuorokautista valmistelua. Ainakin. Luentosarjan aihe on \"Historiaa tilauksesta\". Luulen ett\u00e4 siit\u00e4 j\u00e4\u00e4 j\u00e4ljet tammi-maaliskuussa t\u00e4nne Temmattuunkin. Eik\u00e4 siin\u00e4 viel\u00e4 kaikki! Lupauduin\u2026","rel":"","context":"Kategoriassa &quot;Niit\u00e4 n\u00e4it\u00e4&quot;","block_context":{"text":"Niit\u00e4 n\u00e4it\u00e4","link":"https:\/\/www.satokangas.fi\/blogi\/category\/aiheeton\/"},"img":{"alt_text":"panoraama_talvisota","src":"https:\/\/i0.wp.com\/www.satokangas.fi\/blogi\/wp-content\/uploads\/2014\/12\/panoraama_talvisota-600x160.png?resize=350%2C200&ssl=1","width":350,"height":200},"classes":[]},{"id":2072,"url":"https:\/\/www.satokangas.fi\/blogi\/2009\/01\/pohjoinen-paikallishistoria\/","url_meta":{"origin":24168,"position":1},"title":"Luentoj\u00e4nnityst\u00e4?","author":"Reija","date":"8.1.2009","format":false,"excerpt":"Luento alkoi t\u00e4n\u00e4\u00e4n. Se on nyt sitten tammi- ja helmikuu Pohjoista paikallishistoriaa. T\u00e4n\u00e4\u00e4nkin j\u00e4nnitti - v\u00e4h\u00e4n. Niin kuin aina ennen uutta luentoa tai esitelm\u00e4\u00e4. Mutta nykyisin j\u00e4nnitys on simppeli juttu. Kuuluu asiaan, on melkein mukavaa. Mutta kun erin\u00e4isi\u00e4 vuosia - vuosikymmeni\u00e4, herra varjelkoon! - sitten pidin ensimm\u00e4isen luentosarjani, olin aloittaessani\u2026","rel":"","context":"Kategoriassa &quot;Yliopistoel\u00e4m\u00e4\u00e4&quot;","block_context":{"text":"Yliopistoel\u00e4m\u00e4\u00e4","link":"https:\/\/www.satokangas.fi\/blogi\/category\/yliopistoelamaa\/"},"img":{"alt_text":"","src":"","width":0,"height":0},"classes":[]},{"id":23635,"url":"https:\/\/www.satokangas.fi\/blogi\/2015\/01\/tyonteon-tuntua\/","url_meta":{"origin":24168,"position":2},"title":"Ty\u00f6nteon tuntua","author":"Reija","date":"12.1.2015","format":false,"excerpt":"Minulla on t\u00e4ll\u00e4 viikolla kuusi kokousta ja kahdeksan tuntia opetusta, johon sis\u00e4ltyy uuden luentosarjan (\"Historiaa tilauksesta\") aloittaminen huomenna. Lis\u00e4ksi t\u00e4ll\u00e4 viikolla on yksi sovittu graduohjaustapaaminen, nelj\u00e4 vai viisi kandiseminaarilaista tulossa meetinkiin, yksi pitk\u00e4matkalainen palaaja tulee ylihuomenna ja \"revitalisoimme\" (hah mik\u00e4 termi taas hallinnossa keksitty!) h\u00e4nen opintonsa ja\u00a0aina on aikaavaraamattomia opintojen\u2026","rel":"","context":"Kategoriassa &quot;Yliopistoel\u00e4m\u00e4\u00e4&quot;","block_context":{"text":"Yliopistoel\u00e4m\u00e4\u00e4","link":"https:\/\/www.satokangas.fi\/blogi\/category\/yliopistoelamaa\/"},"img":{"alt_text":"Historiaa tilauksesta","src":"https:\/\/i0.wp.com\/www.satokangas.fi\/blogi\/wp-content\/uploads\/2015\/01\/Historiaa-tilauksesta-557x400.jpg?resize=350%2C200&ssl=1","width":350,"height":200,"srcset":"https:\/\/i0.wp.com\/www.satokangas.fi\/blogi\/wp-content\/uploads\/2015\/01\/Historiaa-tilauksesta-557x400.jpg?resize=350%2C200&ssl=1 1x, https:\/\/i0.wp.com\/www.satokangas.fi\/blogi\/wp-content\/uploads\/2015\/01\/Historiaa-tilauksesta-557x400.jpg?resize=525%2C300&ssl=1 1.5x"},"classes":[]},{"id":19862,"url":"https:\/\/www.satokangas.fi\/blogi\/2014\/01\/hajamietteita-opettamisesta\/","url_meta":{"origin":24168,"position":3},"title":"Hajamietteit\u00e4 opettamisesta","author":"Reija","date":"7.1.2014","format":false,"excerpt":"T\u00e4h\u00e4n se nyt taas sitten meni: olen t\u00e4ss\u00e4 yritt\u00e4nyt viimeisteill\u00e4 huomista luentoa, ja j\u00e4in sitten leikkim\u00e4\u00e4n n\u00e4iden kellojen kuvien kanssa. N\u00e4ist\u00e4 voisi kyll\u00e4 saada mukavan kolmen taulun setin ty\u00f6huoneen sein\u00e4lle, ainoa vaan ett\u00e4 tuo tapetti taustalla on vihre\u00e4. Pit\u00e4isih\u00e4n se osata photarilla muuttaa siniseksi? Miksi min\u00e4 olen unohtanut kaikki tuollaiset\u2026","rel":"","context":"Kategoriassa &quot;Niit\u00e4 n\u00e4it\u00e4&quot;","block_context":{"text":"Niit\u00e4 n\u00e4it\u00e4","link":"https:\/\/www.satokangas.fi\/blogi\/category\/aiheeton\/"},"img":{"alt_text":"kello 1","src":"https:\/\/i0.wp.com\/www.satokangas.fi\/blogi\/wp-content\/uploads\/2014\/01\/kello-11-400x400.jpg?resize=350%2C200&ssl=1","width":350,"height":200},"classes":[]},{"id":11648,"url":"https:\/\/www.satokangas.fi\/blogi\/2011\/05\/ajankulua\/","url_meta":{"origin":24168,"position":4},"title":"Ajankulua","author":"Reija","date":"18.5.2011","format":false,"excerpt":"Nyt on \u00a0luento-opetus (t\u00e4lle lukuvuodelle) ohi! Aiheena\u00a0 Linjuriauto on maantien \u00e4ss\u00e4 - vai onko? ( luennon kuvat yms.) Ko. luentosarjalla jossa olin vierailevana, oli vain v\u00e4h\u00e4n porukkaa, mutta sitten muutama \"ylim\u00e4\u00e4r\u00e4inen\" - johan l\u00e4mmitti. Muutenkin oli ajanvietett\u00e4 ja puhumista koko duunip\u00e4iv\u00e4 niin paljon, ett\u00e4 kotiinp\u00e4\u00e4stess\u00e4 tunsi t\u00f6it\u00e4 tehneens\u00e4. Tied\u00e4ttek\u00f6s, mit\u00e4\u2026","rel":"","context":"Kategoriassa &quot;Niit\u00e4 n\u00e4it\u00e4&quot;","block_context":{"text":"Niit\u00e4 n\u00e4it\u00e4","link":"https:\/\/www.satokangas.fi\/blogi\/category\/aiheeton\/"},"img":{"alt_text":"","src":"","width":0,"height":0},"classes":[]},{"id":23637,"url":"https:\/\/www.satokangas.fi\/blogi\/2015\/01\/kynaillen-ja-korostaen\/","url_meta":{"origin":24168,"position":5},"title":"Kyn\u00e4illen ja korostaen","author":"Reija","date":"13.1.2015","format":false,"excerpt":"T\u00f6iss\u00e4 aamulla ilokseni huomasin p\u00f6yd\u00e4ll\u00e4 kaikkien tarpeellisten kynien olevan tallessa. Ei mik\u00e4\u00e4n itsest\u00e4\u00e4nselvyys. Mik\u00e4 ei kuulu joukkoon? Kaikki kuuluvat! Huulipuna on hyvin t\u00e4rke\u00e4 korostukseen. ;) Kovasti olen kirjoittanut ja korostanut t\u00e4n\u00e4\u00e4n. Min\u00e4h\u00e4n edelleen kirjoitan k\u00e4sin, kyn\u00e4ll\u00e4, paperille, muistikirjaan, papereihin, muistioiden reunaan. Kirjoittaminen on ajattelemista. Ja k\u00e4sin kirjoittaminen nimenomaan ajatusten hahmottamista,\u2026","rel":"","context":"Kategoriassa &quot;Niit\u00e4 n\u00e4it\u00e4&quot;","block_context":{"text":"Niit\u00e4 n\u00e4it\u00e4","link":"https:\/\/www.satokangas.fi\/blogi\/category\/aiheeton\/"},"img":{"alt_text":"korostaen-21","src":"https:\/\/i0.wp.com\/www.satokangas.fi\/blogi\/wp-content\/uploads\/2015\/01\/korostaen-21-600x400.jpg?resize=350%2C200&ssl=1","width":350,"height":200,"srcset":"https:\/\/i0.wp.com\/www.satokangas.fi\/blogi\/wp-content\/uploads\/2015\/01\/korostaen-21-600x400.jpg?resize=350%2C200&ssl=1 1x, https:\/\/i0.wp.com\/www.satokangas.fi\/blogi\/wp-content\/uploads\/2015\/01\/korostaen-21-600x400.jpg?resize=525%2C300&ssl=1 1.5x"},"classes":[]}],"_links":{"self":[{"href":"https:\/\/www.satokangas.fi\/blogi\/wp-json\/wp\/v2\/posts\/24168","targetHints":{"allow":["GET"]}}],"collection":[{"href":"https:\/\/www.satokangas.fi\/blogi\/wp-json\/wp\/v2\/posts"}],"about":[{"href":"https:\/\/www.satokangas.fi\/blogi\/wp-json\/wp\/v2\/types\/post"}],"author":[{"embeddable":true,"href":"https:\/\/www.satokangas.fi\/blogi\/wp-json\/wp\/v2\/users\/1"}],"replies":[{"embeddable":true,"href":"https:\/\/www.satokangas.fi\/blogi\/wp-json\/wp\/v2\/comments?post=24168"}],"version-history":[{"count":0,"href":"https:\/\/www.satokangas.fi\/blogi\/wp-json\/wp\/v2\/posts\/24168\/revisions"}],"wp:attachment":[{"href":"https:\/\/www.satokangas.fi\/blogi\/wp-json\/wp\/v2\/media?parent=24168"}],"wp:term":[{"taxonomy":"category","embeddable":true,"href":"https:\/\/www.satokangas.fi\/blogi\/wp-json\/wp\/v2\/categories?post=24168"},{"taxonomy":"post_tag","embeddable":true,"href":"https:\/\/www.satokangas.fi\/blogi\/wp-json\/wp\/v2\/tags?post=24168"}],"curies":[{"name":"wp","href":"https:\/\/api.w.org\/{rel}","templated":true}]}}