{"id":24164,"date":"2015-03-23T21:05:51","date_gmt":"2015-03-23T19:05:51","guid":{"rendered":"https:\/\/www.satokangas.fi\/blogi\/?p=24164"},"modified":"2026-01-10T09:43:29","modified_gmt":"2026-01-10T07:43:29","slug":"hammastyttaa","status":"publish","type":"post","link":"https:\/\/www.satokangas.fi\/blogi\/2015\/03\/hammastyttaa\/","title":{"rendered":"H\u00e4mm\u00e4stytt\u00e4\u00e4"},"content":{"rendered":"<p><a href=\"https:\/\/www.satokangas.fi\/blogi\/wp-content\/uploads\/2015\/03\/Lipasto.jpg\"><img loading=\"lazy\" decoding=\"async\" data-attachment-id=\"24165\" data-permalink=\"https:\/\/www.satokangas.fi\/blogi\/2015\/03\/hammastyttaa\/lipasto\/\" data-orig-file=\"https:\/\/www.satokangas.fi\/blogi\/wp-content\/uploads\/2015\/03\/Lipasto.jpg\" data-orig-size=\"864,576\" data-comments-opened=\"1\" data-image-meta=\"{&quot;aperture&quot;:&quot;5.6&quot;,&quot;credit&quot;:&quot;Reija Satokangas&quot;,&quot;camera&quot;:&quot;Canon EOS 5D Mark II&quot;,&quot;caption&quot;:&quot;&quot;,&quot;created_timestamp&quot;:&quot;1426575872&quot;,&quot;copyright&quot;:&quot;&quot;,&quot;focal_length&quot;:&quot;105&quot;,&quot;iso&quot;:&quot;800&quot;,&quot;shutter_speed&quot;:&quot;0.002&quot;,&quot;title&quot;:&quot;&quot;,&quot;orientation&quot;:&quot;0&quot;}\" data-image-title=\"Lipasto\" data-image-description=\"\" data-image-caption=\"\" data-large-file=\"https:\/\/www.satokangas.fi\/blogi\/wp-content\/uploads\/2015\/03\/Lipasto.jpg\" class=\"size-medium wp-image-24165 aligncenter\" src=\"https:\/\/www.satokangas.fi\/blogi\/wp-content\/uploads\/2015\/03\/Lipasto-600x400.jpg\" alt=\"Lipasto\" width=\"600\" height=\"400\" srcset=\"https:\/\/www.satokangas.fi\/blogi\/wp-content\/uploads\/2015\/03\/Lipasto-600x400.jpg 600w, https:\/\/www.satokangas.fi\/blogi\/wp-content\/uploads\/2015\/03\/Lipasto-300x200.jpg 300w, https:\/\/www.satokangas.fi\/blogi\/wp-content\/uploads\/2015\/03\/Lipasto.jpg 864w\" sizes=\"auto, (max-width: 600px) 100vw, 600px\" \/><\/a><\/p>\n<p>Nyt on kuulkaa sen verran hoppu, ett\u00e4 ei paljon bloggailemaan ehdi.<\/p>\n<p>Teen yhteenvetoa ja palautetta opiskelijoiden luentooni kuuluvista harjoitust\u00f6ist\u00e4. Yhden (t\u00e4rkeimm\u00e4n) harjoituksen teht\u00e4v\u00e4nanto kuului n\u00e4in:<\/p>\n<blockquote>\n<p class=\"style9\">Tee vapaamuotoinen hakemus paikallishistorian\/yhdistys\/yrityshistorian kirjoittajaksi tai historia-projektin vet\u00e4j\u00e4ksi.<\/p>\n<p class=\"style9\">Hakemuksessa tulee ilmet\u00e4 p\u00e4tevyytesi, ja sopimusehtosi (mit\u00e4 teet, miss\u00e4 ajassa ja millaisin ehdoin). Hakemuksen pituus 1 &#8211; 3 liuskaa.<\/p>\n<p class=\"style9\">Liitten\u00e4 tutkimus- ja ty\u00f6\/projektisuunnitelmasi sek\u00e4 my\u00f6s alustava hahmotelma ty\u00f6n rakenteesta ja teemoista.<\/p>\n<\/blockquote>\n<p class=\"style9\" style=\"text-align: center;\"><a href=\"https:\/\/www.satokangas.fi\/blogi\/wp-content\/uploads\/2015\/03\/kuvalehti.jpg\"><img loading=\"lazy\" decoding=\"async\" data-attachment-id=\"24167\" data-permalink=\"https:\/\/www.satokangas.fi\/blogi\/2015\/03\/hammastyttaa\/kuvalehti\/\" data-orig-file=\"https:\/\/www.satokangas.fi\/blogi\/wp-content\/uploads\/2015\/03\/kuvalehti.jpg\" data-orig-size=\"492,700\" data-comments-opened=\"1\" data-image-meta=\"{&quot;aperture&quot;:&quot;0&quot;,&quot;credit&quot;:&quot;&quot;,&quot;camera&quot;:&quot;&quot;,&quot;caption&quot;:&quot;&quot;,&quot;created_timestamp&quot;:&quot;0&quot;,&quot;copyright&quot;:&quot;&quot;,&quot;focal_length&quot;:&quot;0&quot;,&quot;iso&quot;:&quot;0&quot;,&quot;shutter_speed&quot;:&quot;0&quot;,&quot;title&quot;:&quot;&quot;,&quot;orientation&quot;:&quot;1&quot;}\" data-image-title=\"kuvalehti\" data-image-description=\"\" data-image-caption=\"\" data-large-file=\"https:\/\/www.satokangas.fi\/blogi\/wp-content\/uploads\/2015\/03\/kuvalehti.jpg\" class=\"aligncenter size-medium wp-image-24167\" src=\"https:\/\/www.satokangas.fi\/blogi\/wp-content\/uploads\/2015\/03\/kuvalehti-281x400.jpg\" alt=\"kuvalehti\" width=\"281\" height=\"400\" srcset=\"https:\/\/www.satokangas.fi\/blogi\/wp-content\/uploads\/2015\/03\/kuvalehti-281x400.jpg 281w, https:\/\/www.satokangas.fi\/blogi\/wp-content\/uploads\/2015\/03\/kuvalehti-211x300.jpg 211w, https:\/\/www.satokangas.fi\/blogi\/wp-content\/uploads\/2015\/03\/kuvalehti.jpg 492w\" sizes=\"auto, (max-width: 281px) 100vw, 281px\" \/><\/a><\/p>\n<p class=\"style9\">Sek\u00e4 sis\u00e4lt\u00f6\u00f6n ett\u00e4 my\u00f6s hakemuksen tekoon oli luennoilla kyll\u00e4 materiaalia. Linkitin viel\u00e4 ihan erinomaisen &#8221;rautalangasta v\u00e4\u00e4nnetyn&#8221; ohjesivuston. Ja millaisia ovat n\u00e4iden maisteriksi valmistuvien ty\u00f6hakemukset!? &#8211; En ottaisi t\u00f6ihin.<\/p>\n<p class=\"style9\">Tiet\u00e4\u00e4k\u00f6 joku, opetetaanko lukiossa ty\u00f6nhakua? Jollei, niin totta totisesti olisi tarpeen! Olen pari kertaa ollut ohjaajana sellaisella humanistien mentorointikurssilla, mist\u00e4 on kyll\u00e4 aikaa 5 &#8211; 10 vuotta, ja silloin humanistiopiskelijat kyll\u00e4 hanskasivat n\u00e4m\u00e4 asiat paremmin kuin t\u00e4m\u00e4 minun t\u00e4m\u00e4nkertainen luentoporukkani. Mist\u00e4 johtuu? Noh, huomenna siit\u00e4 luennolla varmasti keskustellaan.<\/p>\n<p class=\"style9\" style=\"text-align: center;\">\n<p class=\"style9\" style=\"text-align: center;\">N\u00e4ihin tuohtuneisiin tunnelmiin&#8230; huomiseen.<\/p>\n","protected":false},"excerpt":{"rendered":"<p>Nyt on kuulkaa sen verran hoppu, ett\u00e4 ei paljon bloggailemaan ehdi. Teen yhteenvetoa ja palautetta opiskelijoiden luentooni kuuluvista harjoitust\u00f6ist\u00e4. Yhden (t\u00e4rkeimm\u00e4n) harjoituksen teht\u00e4v\u00e4nanto kuului n\u00e4in: Tee vapaamuotoinen hakemus paikallishistorian\/yhdistys\/yrityshistorian kirjoittajaksi tai historia-projektin vet\u00e4j\u00e4ksi. Hakemuksessa tulee ilmet\u00e4 p\u00e4tevyytesi, ja sopimusehtosi (mit\u00e4 teet, miss\u00e4 ajassa ja millaisin ehdoin). Hakemuksen pituus 1 &#8211; 3 liuskaa. Liitten\u00e4 tutkimus- ja ty\u00f6\/projektisuunnitelmasi sek\u00e4 my\u00f6s alustava hahmotelma &hellip; <\/p>\n","protected":false},"author":1,"featured_media":0,"comment_status":"open","ping_status":"open","sticky":false,"template":"","format":"standard","meta":{"jetpack_post_was_ever_published":false,"_jetpack_newsletter_access":"","_jetpack_dont_email_post_to_subs":false,"_jetpack_newsletter_tier_id":0,"_jetpack_memberships_contains_paywalled_content":false,"_jetpack_memberships_contains_paid_content":false,"footnotes":"","jetpack_publicize_message":"","jetpack_publicize_feature_enabled":true,"jetpack_social_post_already_shared":true,"jetpack_social_options":{"image_generator_settings":{"template":"highway","default_image_id":0,"font":"","enabled":false},"version":2}},"categories":[32],"tags":[],"class_list":["post-24164","post","type-post","status-publish","format-standard","hentry","category-yliopistoelamaa","latest_post"],"jetpack_publicize_connections":[],"jetpack_featured_media_url":"","jetpack_shortlink":"https:\/\/wp.me\/pr4p4-6hK","jetpack_sharing_enabled":true,"jetpack_likes_enabled":false,"jetpack-related-posts":[{"id":39383,"url":"https:\/\/www.satokangas.fi\/blogi\/2020\/09\/sadonkorjuun-aika\/","url_meta":{"origin":24164,"position":0},"title":"Sadonkorjuun aika","author":"Reija","date":"18.9.2020","format":false,"excerpt":"Illan tullen, syyskuun puoliv\u00e4liss\u00e4, jolloin pit\u00e4isi olla mit\u00e4 mainioin ja reippain vire ja ty\u00f6nteon meininki, olen v\u00e4h\u00e4n taipumassa lepoiluun, j\u00e4tt\u00e4m\u00e4ss\u00e4 monta aiottua, monta suunniteltua v\u00e4liin. P\u00e4rj\u00e4t\u00e4\u00e4n me ilman pullaakin, kasvimaan ehtii alasajaa my\u00f6hemminkin, laskutuksen viipymisest\u00e4 eiv\u00e4t korttiostajat pahastu, huomenna - tai ehk\u00e4 sittenkin vasta ensi viikolla - kontaktiseeraan n\u00e4it\u00e4 kuluneita\u2026","rel":"","context":"Kategoriassa &quot;Isovanhemmuus&quot;","block_context":{"text":"Isovanhemmuus","link":"https:\/\/www.satokangas.fi\/blogi\/category\/isovanhemmuus\/"},"img":{"alt_text":"","src":"https:\/\/i0.wp.com\/www.satokangas.fi\/blogi\/wp-content\/uploads\/2020\/09\/ruska_ruskea-2-1536x1024.jpg?resize=350%2C200&ssl=1","width":350,"height":200,"srcset":"https:\/\/i0.wp.com\/www.satokangas.fi\/blogi\/wp-content\/uploads\/2020\/09\/ruska_ruskea-2-1536x1024.jpg?resize=350%2C200&ssl=1 1x, https:\/\/i0.wp.com\/www.satokangas.fi\/blogi\/wp-content\/uploads\/2020\/09\/ruska_ruskea-2-1536x1024.jpg?resize=525%2C300&ssl=1 1.5x, https:\/\/i0.wp.com\/www.satokangas.fi\/blogi\/wp-content\/uploads\/2020\/09\/ruska_ruskea-2-1536x1024.jpg?resize=700%2C400&ssl=1 2x, https:\/\/i0.wp.com\/www.satokangas.fi\/blogi\/wp-content\/uploads\/2020\/09\/ruska_ruskea-2-1536x1024.jpg?resize=1050%2C600&ssl=1 3x"},"classes":[]},{"id":9323,"url":"https:\/\/www.satokangas.fi\/blogi\/2010\/11\/valoa-pimeyteen\/","url_meta":{"origin":24164,"position":1},"title":"Valoa pimeyteen","author":"Reija","date":"3.11.2010","format":false,"excerpt":"Pime\u00e4st\u00e4 pime\u00e4\u00e4n. Sateesta kiilt\u00e4v\u00e4 asfaltti ahistaa. Ei jaksa lenkkeill\u00e4, ei puhettakaan py\u00f6r\u00e4ll\u00e4 t\u00f6ihin menosta. T\u00f6iss\u00e4 pimeys unohtui. Pitk\u00e4st\u00e4 aikaa opetusta, silloin ei s\u00e4rje olkavarsi, eik\u00e4 tied\u00e4 valottomuudesta. Ei ajattele aikaa. Marraskuu on tehty t\u00f6it\u00e4 varten. Ollut aina. Ja tied\u00e4ttek\u00f6s, mit\u00e4 t\u00e4pin\u00f6iss\u00e4ni h\u00f6p\u00f6ttelin. Piti puhua vuosikurssista, puhuin vuosikerrasta. Enk\u00e4 vain kerran,\u2026","rel":"","context":"Kategoriassa &quot;Valokuvaus&quot;","block_context":{"text":"Valokuvaus","link":"https:\/\/www.satokangas.fi\/blogi\/category\/valokuvaus\/"},"img":{"alt_text":"","src":"https:\/\/i0.wp.com\/www.satokangas.fi\/blogi\/wp-content\/uploads\/Kehys-500x307.jpg?resize=350%2C200&ssl=1","width":350,"height":200},"classes":[]},{"id":38192,"url":"https:\/\/www.satokangas.fi\/blogi\/2020\/02\/raksalla-duunissa\/","url_meta":{"origin":24164,"position":2},"title":"Raksalla duunissa","author":"Reija","date":"7.2.2020","format":false,"excerpt":"Ihan oikeissa t\u00f6iss\u00e4 t\u00e4n\u00e4\u00e4n. ;) Tai ainakin oikeissa ty\u00f6kamppeissa: oli huomioliivi\u00e4, turvakenk\u00e4\u00e4 ja (huom. valkoista) kyp\u00e4r\u00e4\u00e4. Niin paljon j\u00e4nnitti uusi kokemus, ett\u00e4 y\u00f6unet meniv\u00e4t pipariksi niin kuin pahimpinakin ylikierrosaikoina duunissa. Ja kaiken kukkaraksi k\u00e4vin eilen y\u00f6puulle vasta puoleny\u00f6n tiet\u00e4miss\u00e4, sill\u00e4 olin iltay\u00f6st\u00e4 revontulten mets\u00e4styksess\u00e4 Meri-Toppilassa ja Nallikarissa. Saalis ei ollut\u2026","rel":"","context":"Kategoriassa &quot;Muistikuvia&quot;","block_context":{"text":"Muistikuvia","link":"https:\/\/www.satokangas.fi\/blogi\/category\/muistikuvia\/"},"img":{"alt_text":"","src":"https:\/\/i0.wp.com\/www.satokangas.fi\/blogi\/wp-content\/uploads\/2020\/02\/raksahommia-2.jpg?resize=350%2C200&ssl=1","width":350,"height":200,"srcset":"https:\/\/i0.wp.com\/www.satokangas.fi\/blogi\/wp-content\/uploads\/2020\/02\/raksahommia-2.jpg?resize=350%2C200&ssl=1 1x, https:\/\/i0.wp.com\/www.satokangas.fi\/blogi\/wp-content\/uploads\/2020\/02\/raksahommia-2.jpg?resize=525%2C300&ssl=1 1.5x, https:\/\/i0.wp.com\/www.satokangas.fi\/blogi\/wp-content\/uploads\/2020\/02\/raksahommia-2.jpg?resize=700%2C400&ssl=1 2x"},"classes":[]},{"id":2753,"url":"https:\/\/www.satokangas.fi\/blogi\/2009\/03\/back-to-school\/","url_meta":{"origin":24164,"position":3},"title":"Back to school!","author":"Reija","date":"9.3.2009","format":false,"excerpt":"Ty\u00f6 on ihmiselle hyv\u00e4ksi. Ainakin minulle. Ja hyv\u00e4ksi on sekin, ett\u00e4 loman j\u00e4lkeen t\u00f6ihin menty\u00e4 joku sanoo, \"hyv\u00e4 ett\u00e4 oot jo t\u00e4\u00e4ll\u00e4. Tarvin sua.\" Iso osa p\u00e4iv\u00e4st\u00e4 kulunut (ja jatkuu viel\u00e4 pitk\u00e4\u00e4n) luentosarjan harjoitust\u00f6it\u00e4, esseit\u00e4 ja hakemuksia lukiessa ja arvostellessa. V\u00e4lill\u00e4 ei tied\u00e4 itke\u00e4k\u00f6 vaiko nauraa. Suunnilleen joka ikinen opiskelija\u2026","rel":"","context":"Kategoriassa &quot;Yliopistoel\u00e4m\u00e4\u00e4&quot;","block_context":{"text":"Yliopistoel\u00e4m\u00e4\u00e4","link":"https:\/\/www.satokangas.fi\/blogi\/category\/yliopistoelamaa\/"},"img":{"alt_text":"","src":"","width":0,"height":0},"classes":[]},{"id":23521,"url":"https:\/\/www.satokangas.fi\/blogi\/2014\/12\/hamaranhyssyssa-ladulla\/","url_meta":{"origin":24164,"position":4},"title":"H\u00e4m\u00e4r\u00e4nhyssyss\u00e4 ladulla","author":"Reija","date":"30.12.2014","format":false,"excerpt":"Aamuladulle ehdin t\u00e4n\u00e4\u00e4n. T\u00e4\u00e4ll\u00e4h\u00e4n aamu(kin) on suhteellinen k\u00e4site. ;) Puolikymmenelt\u00e4 olin Savottakahvilan nurkalla valmiina ladulle. Laanilaan on tehty uusi hieno alikulku hiiht\u00e4ji\u00e4 varten, mutta enp\u00e4 mennyt siit\u00e4 vaan ohi, Prospektorin ladulle. Aamuh\u00e4m\u00e4riss\u00e4 on hienoa hiihdell\u00e4, omaan tahtiin, kuvailla v\u00e4lill\u00e4. Tykky\u00e4 on t\u00e4\u00e4ll\u00e4 kovasti, ihan talven ihmemaa. T\u00e4n\u00e4\u00e4n pakkasta ollut alle\u2026","rel":"","context":"Kategoriassa &quot;Lappi&quot;","block_context":{"text":"Lappi","link":"https:\/\/www.satokangas.fi\/blogi\/category\/lappi\/"},"img":{"alt_text":"Aamuladulla","src":"https:\/\/i0.wp.com\/www.satokangas.fi\/blogi\/wp-content\/uploads\/2014\/12\/Aamuladulla-583x400.jpg?resize=350%2C200&ssl=1","width":350,"height":200,"srcset":"https:\/\/i0.wp.com\/www.satokangas.fi\/blogi\/wp-content\/uploads\/2014\/12\/Aamuladulla-583x400.jpg?resize=350%2C200&ssl=1 1x, https:\/\/i0.wp.com\/www.satokangas.fi\/blogi\/wp-content\/uploads\/2014\/12\/Aamuladulla-583x400.jpg?resize=525%2C300&ssl=1 1.5x"},"classes":[]},{"id":49688,"url":"https:\/\/www.satokangas.fi\/blogi\/2024\/06\/turkansaaressa-kesapaivaa-viettamassa\/","url_meta":{"origin":24164,"position":5},"title":"Turkansaaressa kes\u00e4p\u00e4iv\u00e4\u00e4 viett\u00e4m\u00e4ss\u00e4","author":"Reija","date":"3.6.2024","format":false,"excerpt":"Turkansaaren ulkomuseo avautui t\u00e4n\u00e4\u00e4n. Toisin kuin liikennepuisto, jonne lapset olivat is\u00e4ns\u00e4 kanssa aikoneet menn\u00e4. Ehdotin sitten lomalaispoppoolle, ett\u00e4 menn\u00e4\u00e4n porukalla k\u00e4ym\u00e4\u00e4n\u00a0Turkansaaressa, eik\u00e4 kell\u00e4\u00e4n ollut mit\u00e4\u00e4n sit\u00e4 vastaan. Min\u00e4 l\u00e4hdin py\u00f6r\u00e4ll\u00e4 jo ennen puoltap\u00e4iv\u00e4\u00e4, ja muut tulivat autolla: meill\u00e4 oli treffit sillalla yhdelt\u00e4. Juniori on k\u00e4ynyt \"joskus lapsena, kai.\", Eepi ei\u2026","rel":"","context":"Kategoriassa &quot;Historiaa&quot;","block_context":{"text":"Historiaa","link":"https:\/\/www.satokangas.fi\/blogi\/category\/historiaa\/"},"img":{"alt_text":"","src":"https:\/\/i0.wp.com\/www.satokangas.fi\/blogi\/wp-content\/uploads\/2024\/06\/Turkansaari-8.jpg?resize=350%2C200&ssl=1","width":350,"height":200,"srcset":"https:\/\/i0.wp.com\/www.satokangas.fi\/blogi\/wp-content\/uploads\/2024\/06\/Turkansaari-8.jpg?resize=350%2C200&ssl=1 1x, https:\/\/i0.wp.com\/www.satokangas.fi\/blogi\/wp-content\/uploads\/2024\/06\/Turkansaari-8.jpg?resize=525%2C300&ssl=1 1.5x, https:\/\/i0.wp.com\/www.satokangas.fi\/blogi\/wp-content\/uploads\/2024\/06\/Turkansaari-8.jpg?resize=700%2C400&ssl=1 2x"},"classes":[]}],"_links":{"self":[{"href":"https:\/\/www.satokangas.fi\/blogi\/wp-json\/wp\/v2\/posts\/24164","targetHints":{"allow":["GET"]}}],"collection":[{"href":"https:\/\/www.satokangas.fi\/blogi\/wp-json\/wp\/v2\/posts"}],"about":[{"href":"https:\/\/www.satokangas.fi\/blogi\/wp-json\/wp\/v2\/types\/post"}],"author":[{"embeddable":true,"href":"https:\/\/www.satokangas.fi\/blogi\/wp-json\/wp\/v2\/users\/1"}],"replies":[{"embeddable":true,"href":"https:\/\/www.satokangas.fi\/blogi\/wp-json\/wp\/v2\/comments?post=24164"}],"version-history":[{"count":0,"href":"https:\/\/www.satokangas.fi\/blogi\/wp-json\/wp\/v2\/posts\/24164\/revisions"}],"wp:attachment":[{"href":"https:\/\/www.satokangas.fi\/blogi\/wp-json\/wp\/v2\/media?parent=24164"}],"wp:term":[{"taxonomy":"category","embeddable":true,"href":"https:\/\/www.satokangas.fi\/blogi\/wp-json\/wp\/v2\/categories?post=24164"},{"taxonomy":"post_tag","embeddable":true,"href":"https:\/\/www.satokangas.fi\/blogi\/wp-json\/wp\/v2\/tags?post=24164"}],"curies":[{"name":"wp","href":"https:\/\/api.w.org\/{rel}","templated":true}]}}