{"id":23967,"date":"2015-02-25T19:51:42","date_gmt":"2015-02-25T17:51:42","guid":{"rendered":"https:\/\/www.satokangas.fi\/blogi\/?p=23967"},"modified":"2015-02-25T19:54:28","modified_gmt":"2015-02-25T17:54:28","slug":"rikottu-sopimus","status":"publish","type":"post","link":"https:\/\/www.satokangas.fi\/blogi\/2015\/02\/rikottu-sopimus\/","title":{"rendered":"Rikottu sopimus"},"content":{"rendered":"<p>Muistatteko n\u00e4m\u00e4 minun henkil\u00f6kohtaiset kehityskeskusteluni (&#8221;<a href=\"https:\/\/www.satokangas.fi\/blogi\/2012\/07\/maa-oon-taala-vaa-toisa\/\">M\u00e4\u00e4 oon t\u00e4\u00e4l\u00e4 vaan t\u00f6is\u00e4<\/a>&#8221;), jotka k\u00e4vin, kun vajaa kolme vuotta sitten pitk\u00e4\u00e4n harkittuani palasin vuorotteluvapaalta takaisin virkaani. Monikohtaisessa sopimuksessani on monta\u00a0erinomaisen perusteltua pyk\u00e4l\u00e4\u00e4 ja sen paragrafit oli harkiten aseteltu tavoitteena kaikkien toteuttaminen.<\/p>\n<p>Kummasti vaan tulivat ne mieleen t\u00e4n\u00e4\u00e4n kun dekaanin kanssa aamun varhaisina hetkin\u00e4 autoiltamme kohti yliopistokolossia liukastelimme ja toisillemme tuntoja yliopistomaailmanmenosta jaoimme. Kovasti yht\u00e4 mielt\u00e4 olimme melkein kaikesta. Niin paljon yht\u00e4 mielt\u00e4 ja sopivan tuohtuneita samoista asioista, jotta j\u00e4imme portaisiin viel\u00e4 pitk\u00e4ksi toviksi raatailemaan ennen kuin vet\u00e4ydyimme sorviemme \u00e4\u00e4reen. Tulipahan parannettua maailmaa, tai noh yliopistoa, ja ainakin humanistista tiedekuntaa.<\/p>\n<p>Tulipa nuo omat kes\u00e4n 2012 sopimusneuvotteluni mieleen toisenkin kerran t\u00e4n\u00e4\u00e4n: olin juuri vastaanottoaikani p\u00e4\u00e4tytty\u00e4 puoliltap\u00e4ivin livahtanut ev\u00e4illeni kahvihuoneeseen, jonka ovenpieleen ilmestyi \u00a0opiskelija, jonka kanssa oli sovittu tapaaminen iltap\u00e4iv\u00e4kolmeksi. H\u00e4n &#8221;kun sattui, jo olemaan, just nyt, v\u00e4h\u00e4n etuajassa, t\u00e4\u00e4ll\u00e4&#8221; ja halusikin keskustella gradustaan mieluusti heti. No, min\u00e4 [tyhym\u00e4!] otin banaanin puolikkaan ja rahkapurkin mukaan ja sanoin&#8230; &#8221;eiku ihan hyvin voidaan palaveerata nyt, menn\u00e4\u00e4n vaan mun huoneeseen juttelemaan&#8221;.<\/p>\n<p>Mutustelin banaania pyydellen anteeksi, ett\u00e4 &#8221;on v\u00e4h\u00e4n pakko sy\u00f6d\u00e4 kun sellainen mahakatarri\u00a0t\u00e4ss\u00e4\u00a0v\u00e4h\u00e4n riesana, &#8230; tahtoo tulla huono olo [tosiasiassa melko kipe\u00e4 olo] jos maha tyhj\u00e4ksi menee. &#8230;&#8221; Mihin opiskelija sitten, ett\u00e4 &#8221;voiko sit\u00e4 valtionvirkanainenkin mahahaavan saada, liekk\u00f6 niin kiirett\u00e4 ja stressi\u00e4 mahtaa n\u00e4iss\u00e4 t\u00f6iss\u00e4 olla?&#8221;<\/p>\n<p>En edes tupissut mit\u00e4\u00e4n, en sanonut, ett\u00e4 ei minulla sent\u00e4\u00e4n mik\u00e4\u00e4n mahahaava ole, \u00a0saatikka ett\u00e4 olisin mist\u00e4\u00e4n stressist\u00e4 puhunut. Ihan vaan ev\u00e4staukoa aattelin pit\u00e4\u00e4&#8230; Sairaslomaa nyt en sent\u00e4\u00e4n pid\u00e4, vaikka l\u00e4\u00e4k\u00e4ri sellaisen tarpeesta reilu viikko sitten kyselikin. Joten tuliko t\u00e4ss\u00e4 kohtaa se &#8221;martyyripyk\u00e4l\u00e4kin&#8221; rikotuksi. Huonompi juttu.<\/p>\n<p>Mutta on tuossa sopimuksessani kohtia, jotka olen pit\u00e4nytkin. T\u00e4n\u00e4\u00e4nkin on menty<\/p>\n<blockquote><p>Ilon kautta. Opiskelijoiden ja kollegoiden kanssa olemisesta ja ty\u00f6n tulosten aikaansaamisesta aion edelleen nauttia.<\/p><\/blockquote>\n<p>Ja monesti.<\/p>\n<p style=\"text-align: center;\"><a href=\"https:\/\/www.satokangas.fi\/blogi\/wp-content\/uploads\/2015\/02\/1_2014-12.jpg\"><img loading=\"lazy\" decoding=\"async\" data-attachment-id=\"23968\" data-permalink=\"https:\/\/www.satokangas.fi\/blogi\/2015\/02\/rikottu-sopimus\/1_2014-12-2\/\" data-orig-file=\"https:\/\/www.satokangas.fi\/blogi\/wp-content\/uploads\/2015\/02\/1_2014-12.jpg\" data-orig-size=\"1600,1067\" data-comments-opened=\"1\" data-image-meta=\"{&quot;aperture&quot;:&quot;8&quot;,&quot;credit&quot;:&quot;Reija Satokangas&quot;,&quot;camera&quot;:&quot;Canon EOS 5D Mark II&quot;,&quot;caption&quot;:&quot;&quot;,&quot;created_timestamp&quot;:&quot;1390048642&quot;,&quot;copyright&quot;:&quot;&quot;,&quot;focal_length&quot;:&quot;47&quot;,&quot;iso&quot;:&quot;500&quot;,&quot;shutter_speed&quot;:&quot;0.0002&quot;,&quot;title&quot;:&quot;&quot;,&quot;orientation&quot;:&quot;1&quot;}\" data-image-title=\"1_2014-12\" data-image-description=\"\" data-image-caption=\"\" data-large-file=\"https:\/\/www.satokangas.fi\/blogi\/wp-content\/uploads\/2015\/02\/1_2014-12-1536x1024.jpg\" class=\"aligncenter size-medium wp-image-23968\" src=\"https:\/\/www.satokangas.fi\/blogi\/wp-content\/uploads\/2015\/02\/1_2014-12-600x400.jpg\" alt=\"1_2014-12\" width=\"600\" height=\"400\" srcset=\"https:\/\/www.satokangas.fi\/blogi\/wp-content\/uploads\/2015\/02\/1_2014-12-600x400.jpg 600w, https:\/\/www.satokangas.fi\/blogi\/wp-content\/uploads\/2015\/02\/1_2014-12-300x200.jpg 300w, https:\/\/www.satokangas.fi\/blogi\/wp-content\/uploads\/2015\/02\/1_2014-12-1536x1024.jpg 1536w, https:\/\/www.satokangas.fi\/blogi\/wp-content\/uploads\/2015\/02\/1_2014-12.jpg 1600w\" sizes=\"auto, (max-width: 600px) 100vw, 600px\" \/><\/a><\/p>\n","protected":false},"excerpt":{"rendered":"<p>Muistatteko n\u00e4m\u00e4 minun henkil\u00f6kohtaiset kehityskeskusteluni (&#8221;M\u00e4\u00e4 oon t\u00e4\u00e4l\u00e4 vaan t\u00f6is\u00e4&#8221;), jotka k\u00e4vin, kun vajaa kolme vuotta sitten pitk\u00e4\u00e4n harkittuani palasin vuorotteluvapaalta takaisin virkaani. Monikohtaisessa sopimuksessani on monta\u00a0erinomaisen perusteltua pyk\u00e4l\u00e4\u00e4 ja sen paragrafit oli harkiten aseteltu tavoitteena kaikkien toteuttaminen. Kummasti vaan tulivat ne mieleen t\u00e4n\u00e4\u00e4n kun dekaanin kanssa aamun varhaisina hetkin\u00e4 autoiltamme kohti yliopistokolossia liukastelimme ja toisillemme tuntoja yliopistomaailmanmenosta jaoimme. Kovasti &hellip; <\/p>\n","protected":false},"author":1,"featured_media":0,"comment_status":"open","ping_status":"open","sticky":false,"template":"","format":"standard","meta":{"jetpack_post_was_ever_published":false,"_jetpack_newsletter_access":"","_jetpack_dont_email_post_to_subs":false,"_jetpack_newsletter_tier_id":0,"_jetpack_memberships_contains_paywalled_content":false,"_jetpack_memberships_contains_paid_content":false,"footnotes":"","jetpack_publicize_message":"","jetpack_publicize_feature_enabled":true,"jetpack_social_post_already_shared":true,"jetpack_social_options":{"image_generator_settings":{"template":"highway","default_image_id":0,"font":"","enabled":false},"version":2}},"categories":[1,32],"tags":[],"class_list":["post-23967","post","type-post","status-publish","format-standard","hentry","category-aiheeton","category-yliopistoelamaa","latest_post"],"jetpack_publicize_connections":[],"jetpack_featured_media_url":"","jetpack_shortlink":"https:\/\/wp.me\/pr4p4-6ez","jetpack_sharing_enabled":true,"jetpack_likes_enabled":false,"jetpack-related-posts":[{"id":38699,"url":"https:\/\/www.satokangas.fi\/blogi\/2020\/05\/paiva-pienen-kanssa\/","url_meta":{"origin":23967,"position":0},"title":"P\u00e4iv\u00e4 pienen kanssa","author":"Reija","date":"19.5.2020","format":false,"excerpt":"Aamuisen py\u00f6r\u00e4lenkkini kotimatkalla seuraan liittyi innokas pikku py\u00f6r\u00e4ilij\u00e4. Ajelimme Pateniemen uusia py\u00f6r\u00e4reittej\u00e4 ja sitten meille. Matkaa tuli hyvinkin kuutisen kilometri\u00e4, eik\u00e4 Apsulla tehnyt tiukkaakaan. H\u00f6p\u00f6tti koko matkan ajellessa, v\u00e4lill\u00e4 pys\u00e4hdeltiin juomaan vett\u00e4, - kunnon urheilija ymm\u00e4rt\u00e4\u00e4 nesteytyksen tarpeen. Tai sitten halusi vaan jutskata enemm\u00e4n. ;) Luvattu pullataikina odotti meit\u00e4 hyvin\u2026","rel":"","context":"Kategoriassa &quot;Isovanhemmuus&quot;","block_context":{"text":"Isovanhemmuus","link":"https:\/\/www.satokangas.fi\/blogi\/category\/isovanhemmuus\/"},"img":{"alt_text":"","src":"https:\/\/i0.wp.com\/www.satokangas.fi\/blogi\/wp-content\/uploads\/2020\/05\/IMG_20200519_105931-512x1024.jpg?resize=350%2C200&ssl=1","width":350,"height":200},"classes":[]},{"id":3461,"url":"https:\/\/www.satokangas.fi\/blogi\/2009\/06\/ohi-on-2\/","url_meta":{"origin":23967,"position":1},"title":"Ohi on!","author":"Reija","date":"2.6.2009","format":false,"excerpt":"Pikkusormenp\u00e4\u00e4nkokoinen luutunut (?) kysta joka oli kiinni poskiontelossa on poistettu. Kolme puudutuspiikkia, kolme varttia kest\u00e4v\u00e4 operaatio, kolme tikki\u00e4, kolmas antibioottikuuri (entisi\u00e4 vahvempi) per\u00e4j\u00e4lkeen t\u00e4h\u00e4n vaivaan ja kolmekymment\u00e4 kasisatasta Buranaa kivunlievitykseen. Olen puhekyvyt\u00f6n, silm\u00e4 on viel\u00e4kin lurpallaan puudutuksesta, operaatio ei varsinaisesti sattunut, mutta j\u00e4nnitin niin paljon, ett\u00e4 olin hiest\u00e4 m\u00e4rk\u00e4 kun\u2026","rel":"","context":"Kategoriassa &quot;Niit\u00e4 n\u00e4it\u00e4&quot;","block_context":{"text":"Niit\u00e4 n\u00e4it\u00e4","link":"https:\/\/www.satokangas.fi\/blogi\/category\/aiheeton\/"},"img":{"alt_text":"","src":"","width":0,"height":0},"classes":[]},{"id":18715,"url":"https:\/\/www.satokangas.fi\/blogi\/2013\/09\/ei-niin-tyventa\/","url_meta":{"origin":23967,"position":2},"title":"Ei niin tyvent\u00e4","author":"Reija","date":"10.9.2013","format":false,"excerpt":"Tied\u00e4ttek\u00f6 tunteen, kun on ik\u00e4\u00e4n kuin kahdessa paikassa, kun ei tied\u00e4 itke\u00e4 vai nauraa? Kun tuntuu, ettei mill\u00e4\u00e4n ehdi ja kuitenkin homma toisensa per\u00e4\u00e4n tulee tehdyksi, opiskelija toisensa per\u00e4\u00e4n jututetuksi ja jelpatuksi. Jossain v\u00e4liss\u00e4 rekister\u00f6i, ett\u00e4 kaikki eiv\u00e4t ole pahoillaan muutoksista, ja jossain v\u00e4liss\u00e4 tuntuu, ett\u00e4 miksen sittenkin ole jo\u2026","rel":"","context":"Kategoriassa &quot;Niit\u00e4 n\u00e4it\u00e4&quot;","block_context":{"text":"Niit\u00e4 n\u00e4it\u00e4","link":"https:\/\/www.satokangas.fi\/blogi\/category\/aiheeton\/"},"img":{"alt_text":"mustikkavanukas","src":"https:\/\/i0.wp.com\/www.satokangas.fi\/blogi\/wp-content\/uploads\/2013\/09\/mustikkavanukas-584x400.jpg?resize=350%2C200&ssl=1","width":350,"height":200,"srcset":"https:\/\/i0.wp.com\/www.satokangas.fi\/blogi\/wp-content\/uploads\/2013\/09\/mustikkavanukas-584x400.jpg?resize=350%2C200&ssl=1 1x, https:\/\/i0.wp.com\/www.satokangas.fi\/blogi\/wp-content\/uploads\/2013\/09\/mustikkavanukas-584x400.jpg?resize=525%2C300&ssl=1 1.5x"},"classes":[]},{"id":1980,"url":"https:\/\/www.satokangas.fi\/blogi\/2008\/12\/varhain\/","url_meta":{"origin":23967,"position":3},"title":"Varhain","author":"Reija","date":"29.12.2008","format":false,"excerpt":"Maanantaiaamuna kohti duunia.. ? Ei vaan kohti pohjoista. Yht\u00e4 varhain kuin t\u00f6ihinkin on tapana menn\u00e4. Aikaiseen l\u00e4ht\u00f6\u00f6n syyn\u00e4 juniori. Poikaparka odotteli tytt\u00f6yst\u00e4v\u00e4\u00e4ns\u00e4 saapuvaksi Thaimaasta aamuy\u00f6ll\u00e4 niin ettei nukkua malttanut. Ramppas j\u00e4\u00e4kaapilla, katsoi telkkaria ja aamuviiden suihku oli viimeinen\u00a0niitti, joka sai pehtoorin ilmoittamaan, ett\u00e4 \"se on sama l\u00e4ht\u00e4 ajeleen m\u00f6kille kun\u2026","rel":"","context":"Kategoriassa &quot;Lappi&quot;","block_context":{"text":"Lappi","link":"https:\/\/www.satokangas.fi\/blogi\/category\/lappi\/"},"img":{"alt_text":"","src":"https:\/\/i0.wp.com\/www.satokangas.fi\/blogi\/wp-content\/uploads\/2008\/12\/iltapaivarusko.jpg?resize=350%2C200&ssl=1","width":350,"height":200,"srcset":"https:\/\/i0.wp.com\/www.satokangas.fi\/blogi\/wp-content\/uploads\/2008\/12\/iltapaivarusko.jpg?resize=350%2C200&ssl=1 1x, https:\/\/i0.wp.com\/www.satokangas.fi\/blogi\/wp-content\/uploads\/2008\/12\/iltapaivarusko.jpg?resize=525%2C300&ssl=1 1.5x, https:\/\/i0.wp.com\/www.satokangas.fi\/blogi\/wp-content\/uploads\/2008\/12\/iltapaivarusko.jpg?resize=700%2C400&ssl=1 2x"},"classes":[]},{"id":47391,"url":"https:\/\/www.satokangas.fi\/blogi\/2023\/10\/47391\/","url_meta":{"origin":23967,"position":4},"title":"Kuvia ja teksti\u00e4 &#8211; lukijapalautteesta kiitos!","author":"Reija","date":"23.10.2023","format":false,"excerpt":"Vaikka pakkasta ei ollut kuin muutama aste, oli silti sellainen v\u00e4h\u00e4n luihu s\u00e4\u00e4. \u00c4itini sanoisi, ett\u00e4 ryss\u00e4n tuuli puhaltaa kavalasti. Ei se isosti t\u00e4n\u00e4\u00e4n tuullut, eik\u00e4 suoraan id\u00e4st\u00e4k\u00e4\u00e4n, jostain koilliselta, Kuolan niemimaalta, Barentsin merelt\u00e4 tai jostain kylm\u00e4st\u00e4 joka tapauksessa. Aika kirkasta, kuulasta ja paikoin kaunistakin. Mutta kylm\u00e4\u00e4! Nyt kun blogissa\u2026","rel":"","context":"Kategoriassa &quot;Bloggailu&quot;","block_context":{"text":"Bloggailu","link":"https:\/\/www.satokangas.fi\/blogi\/category\/bloggailu\/"},"img":{"alt_text":"","src":"https:\/\/i0.wp.com\/www.satokangas.fi\/blogi\/wp-content\/uploads\/2023\/10\/Pikisaaren_silta.jpg?resize=350%2C200&ssl=1","width":350,"height":200,"srcset":"https:\/\/i0.wp.com\/www.satokangas.fi\/blogi\/wp-content\/uploads\/2023\/10\/Pikisaaren_silta.jpg?resize=350%2C200&ssl=1 1x, https:\/\/i0.wp.com\/www.satokangas.fi\/blogi\/wp-content\/uploads\/2023\/10\/Pikisaaren_silta.jpg?resize=525%2C300&ssl=1 1.5x, https:\/\/i0.wp.com\/www.satokangas.fi\/blogi\/wp-content\/uploads\/2023\/10\/Pikisaaren_silta.jpg?resize=700%2C400&ssl=1 2x"},"classes":[]},{"id":32534,"url":"https:\/\/www.satokangas.fi\/blogi\/2017\/11\/tuntemattoman-jalkeen\/","url_meta":{"origin":23967,"position":5},"title":"Tuntemattoman j\u00e4lkeen","author":"Reija","date":"8.11.2017","format":false,"excerpt":"K\u00e4vimme katsomassa Tuntemattoman. Olen n\u00e4hnyt Edwin Laineen elokuvan ensimm\u00e4isen kerran jo lapsena, luulen, ett\u00e4 olin 10-vuotias kun itsen\u00e4isyysp\u00e4iv\u00e4n\u00e4 sain sen \u00e4idin kanssa katsoa. Ainakin osia siit\u00e4. Muistan viel\u00e4 muutamat kohtaukset ja niiden aiheuttaman pelon tai j\u00e4nnityksen. Kirjan luin joskus lukioaikana, jolloin luin ihan mahdottoman paljon muutenkin, ja nimenomaan kaikkia klassikkoja\u2026","rel":"","context":"Kategoriassa &quot;Historiaa&quot;","block_context":{"text":"Historiaa","link":"https:\/\/www.satokangas.fi\/blogi\/category\/historiaa\/"},"img":{"alt_text":"","src":"https:\/\/i0.wp.com\/www.satokangas.fi\/blogi\/wp-content\/uploads\/2017\/11\/Tuntematon_sotilas_2017-717x1024.jpg?resize=350%2C200&ssl=1","width":350,"height":200},"classes":[]}],"_links":{"self":[{"href":"https:\/\/www.satokangas.fi\/blogi\/wp-json\/wp\/v2\/posts\/23967","targetHints":{"allow":["GET"]}}],"collection":[{"href":"https:\/\/www.satokangas.fi\/blogi\/wp-json\/wp\/v2\/posts"}],"about":[{"href":"https:\/\/www.satokangas.fi\/blogi\/wp-json\/wp\/v2\/types\/post"}],"author":[{"embeddable":true,"href":"https:\/\/www.satokangas.fi\/blogi\/wp-json\/wp\/v2\/users\/1"}],"replies":[{"embeddable":true,"href":"https:\/\/www.satokangas.fi\/blogi\/wp-json\/wp\/v2\/comments?post=23967"}],"version-history":[{"count":0,"href":"https:\/\/www.satokangas.fi\/blogi\/wp-json\/wp\/v2\/posts\/23967\/revisions"}],"wp:attachment":[{"href":"https:\/\/www.satokangas.fi\/blogi\/wp-json\/wp\/v2\/media?parent=23967"}],"wp:term":[{"taxonomy":"category","embeddable":true,"href":"https:\/\/www.satokangas.fi\/blogi\/wp-json\/wp\/v2\/categories?post=23967"},{"taxonomy":"post_tag","embeddable":true,"href":"https:\/\/www.satokangas.fi\/blogi\/wp-json\/wp\/v2\/tags?post=23967"}],"curies":[{"name":"wp","href":"https:\/\/api.w.org\/{rel}","templated":true}]}}