{"id":23955,"date":"2015-02-24T20:18:13","date_gmt":"2015-02-24T18:18:13","guid":{"rendered":"https:\/\/www.satokangas.fi\/blogi\/?p=23955"},"modified":"2015-02-24T21:09:05","modified_gmt":"2015-02-24T19:09:05","slug":"mainonta-ja-historia-vol-2","status":"publish","type":"post","link":"https:\/\/www.satokangas.fi\/blogi\/2015\/02\/mainonta-ja-historia-vol-2\/","title":{"rendered":"Mainonta ja historia vol. 2"},"content":{"rendered":"<p style=\"text-align: center;\"><img loading=\"lazy\" decoding=\"async\" data-attachment-id=\"23962\" data-permalink=\"https:\/\/www.satokangas.fi\/blogi\/2015\/02\/mainonta-ja-historia-vol-2\/kello-4\/\" data-orig-file=\"https:\/\/www.satokangas.fi\/blogi\/wp-content\/uploads\/2015\/02\/Kello.jpg\" data-orig-size=\"333,287\" data-comments-opened=\"1\" data-image-meta=\"{&quot;aperture&quot;:&quot;0&quot;,&quot;credit&quot;:&quot;Reija Satokangas&quot;,&quot;camera&quot;:&quot;&quot;,&quot;caption&quot;:&quot;&quot;,&quot;created_timestamp&quot;:&quot;1423222402&quot;,&quot;copyright&quot;:&quot;&quot;,&quot;focal_length&quot;:&quot;0&quot;,&quot;iso&quot;:&quot;0&quot;,&quot;shutter_speed&quot;:&quot;0&quot;,&quot;title&quot;:&quot;&quot;,&quot;orientation&quot;:&quot;0&quot;}\" data-image-title=\"Kello\" data-image-description=\"\" data-image-caption=\"\" data-large-file=\"https:\/\/www.satokangas.fi\/blogi\/wp-content\/uploads\/2015\/02\/Kello.jpg\" class=\"alignright wp-image-23962 size-full\" src=\"https:\/\/www.satokangas.fi\/blogi\/wp-content\/uploads\/2015\/02\/Kello.jpg\" alt=\"Kello\" width=\"333\" height=\"287\" srcset=\"https:\/\/www.satokangas.fi\/blogi\/wp-content\/uploads\/2015\/02\/Kello.jpg 333w, https:\/\/www.satokangas.fi\/blogi\/wp-content\/uploads\/2015\/02\/Kello-300x259.jpg 300w\" sizes=\"auto, (max-width: 333px) 100vw, 333px\" \/><\/p>\n<p style=\"text-align: center;\"><a href=\"https:\/\/www.satokangas.fi\/blogi\/wp-content\/uploads\/2015\/02\/1886-_-9_-2-Oulun-Ilmoituslehti.jpg\"><img loading=\"lazy\" decoding=\"async\" data-attachment-id=\"23963\" data-permalink=\"https:\/\/www.satokangas.fi\/blogi\/2015\/02\/mainonta-ja-historia-vol-2\/1886-_-9_-2-oulun-ilmoituslehti\/\" data-orig-file=\"https:\/\/www.satokangas.fi\/blogi\/wp-content\/uploads\/2015\/02\/1886-_-9_-2-Oulun-Ilmoituslehti.jpg\" data-orig-size=\"500,963\" data-comments-opened=\"1\" data-image-meta=\"{&quot;aperture&quot;:&quot;0&quot;,&quot;credit&quot;:&quot;Reija Satokangas&quot;,&quot;camera&quot;:&quot;&quot;,&quot;caption&quot;:&quot;&quot;,&quot;created_timestamp&quot;:&quot;1423218818&quot;,&quot;copyright&quot;:&quot;&quot;,&quot;focal_length&quot;:&quot;0&quot;,&quot;iso&quot;:&quot;0&quot;,&quot;shutter_speed&quot;:&quot;0&quot;,&quot;title&quot;:&quot;&quot;,&quot;orientation&quot;:&quot;0&quot;}\" data-image-title=\"1886 _ 9_ 2 Oulun Ilmoituslehti\" data-image-description=\"\" data-image-caption=\"\" data-large-file=\"https:\/\/www.satokangas.fi\/blogi\/wp-content\/uploads\/2015\/02\/1886-_-9_-2-Oulun-Ilmoituslehti.jpg\" class=\" size-medium wp-image-23963 aligncenter\" src=\"https:\/\/www.satokangas.fi\/blogi\/wp-content\/uploads\/2015\/02\/1886-_-9_-2-Oulun-Ilmoituslehti-208x400.jpg\" alt=\"1886 _ 9_ 2 Oulun Ilmoituslehti\" width=\"208\" height=\"400\" srcset=\"https:\/\/www.satokangas.fi\/blogi\/wp-content\/uploads\/2015\/02\/1886-_-9_-2-Oulun-Ilmoituslehti-208x400.jpg 208w, https:\/\/www.satokangas.fi\/blogi\/wp-content\/uploads\/2015\/02\/1886-_-9_-2-Oulun-Ilmoituslehti-156x300.jpg 156w, https:\/\/www.satokangas.fi\/blogi\/wp-content\/uploads\/2015\/02\/1886-_-9_-2-Oulun-Ilmoituslehti.jpg 500w\" sizes=\"auto, (max-width: 208px) 100vw, 208px\" \/><\/a><\/p>\n<p style=\"text-align: center;\"><span style=\"color: #993300;\"><span style=\"color: #333333;\">Useimmat\u00a0kuvat suurenevat klikkaamalla ja linkkien takaa l\u00f6ytyy mielenkiintoisia historiasivuja.<\/span>\u00a0<\/span><\/p>\n<p style=\"text-align: justify;\">T\u00e4n\u00e4\u00e4n Historiaa tilauksesta &#8211;<a href=\"http:\/\/www.satokangas.fi\/Historiaa%20tilauksesta\/\">luennollani<\/a>\u00a0oli sitten teemana historian tuotteistaminen, ja sen k\u00e4ytt\u00f6 mainonnasa ja br\u00e4nd\u00e4yksess\u00e4. Minulla oli pitk\u00e4 lista esimerkkej\u00e4, kiitos ja kumarrus t\u00e4nne bloginkin suuntaan (<a href=\"https:\/\/www.satokangas.fi\/blogi\/2015\/02\/mainonta-ja-historia\/#comments\">ks. vol. 1 postaus kommentteineen<\/a>) ja ty\u00f6kavereille, mutta kyll\u00e4 opiskelijatkin hoksasivat monta. Mm. Coca-Cola, Hartwall ja Finlayson tulivat uusina.<\/p>\n<p style=\"text-align: center;\"><img loading=\"lazy\" decoding=\"async\" data-attachment-id=\"23961\" data-permalink=\"https:\/\/www.satokangas.fi\/blogi\/2015\/02\/mainonta-ja-historia-vol-2\/coca-cola\/\" data-orig-file=\"https:\/\/www.satokangas.fi\/blogi\/wp-content\/uploads\/2015\/02\/Coca-Cola.jpg\" data-orig-size=\"934,439\" data-comments-opened=\"1\" data-image-meta=\"{&quot;aperture&quot;:&quot;0&quot;,&quot;credit&quot;:&quot;Reija&quot;,&quot;camera&quot;:&quot;&quot;,&quot;caption&quot;:&quot;&quot;,&quot;created_timestamp&quot;:&quot;1424808022&quot;,&quot;copyright&quot;:&quot;&quot;,&quot;focal_length&quot;:&quot;0&quot;,&quot;iso&quot;:&quot;0&quot;,&quot;shutter_speed&quot;:&quot;0&quot;,&quot;title&quot;:&quot;&quot;,&quot;orientation&quot;:&quot;0&quot;}\" data-image-title=\"Coca Cola\" data-image-description=\"\" data-image-caption=\"\" data-large-file=\"https:\/\/www.satokangas.fi\/blogi\/wp-content\/uploads\/2015\/02\/Coca-Cola.jpg\" class=\" size-medium wp-image-23961 aligncenter\" src=\"https:\/\/www.satokangas.fi\/blogi\/wp-content\/uploads\/2015\/02\/Coca-Cola-600x282.jpg\" alt=\"Coca Cola\" width=\"600\" height=\"282\" srcset=\"https:\/\/www.satokangas.fi\/blogi\/wp-content\/uploads\/2015\/02\/Coca-Cola-600x282.jpg 600w, https:\/\/www.satokangas.fi\/blogi\/wp-content\/uploads\/2015\/02\/Coca-Cola-300x141.jpg 300w, https:\/\/www.satokangas.fi\/blogi\/wp-content\/uploads\/2015\/02\/Coca-Cola.jpg 934w\" sizes=\"auto, (max-width: 600px) 100vw, 600px\" \/><\/p>\n<p>Tekem\u00e4ni katugallupin my\u00f6t\u00e4 l\u00f6ytyneist\u00e4 esimerkeist\u00e4 on hoksattavissa muutamia juttuja: erityisesti yritykset ja yhti\u00f6t, jotka tuottavat jotain sy\u00f6t\u00e4v\u00e4\u00e4 tai juotavaa k\u00e4ytt\u00e4v\u00e4t Suomessa historiaa mainonnassa. Mille on &#8211; tietysti \ud83d\ude42 &#8211; historialliset syyns\u00e4. Nuo yritykset ovat usein niin vanhoja ja niin perinteikk\u00e4it\u00e4, ett\u00e4 niill\u00e4 ylip\u00e4\u00e4t\u00e4\u00e4n ON historia.<\/p>\n<p>Vanhoista suomalaisista teollisuusyrityksist\u00e4, jotka mainostavat tuotteitaan kuluttajille, juuri elintarvike-, makeis- ja panimoteollisuus ovat niit\u00e4, jotka ovat syntyneet joko autonomian ajan lopussa tai sitten sotien v\u00e4lisell\u00e4 kaudella. Saha- ja massateollisuusyritykset (paitsi se Serlachius) tai vaikka konepajateollisuus (paitsi se Finlayson) eiv\u00e4t televisio-, netti- ja lehtimainontaa yksityisille kuluttajille suuntaa. Suomalaista vanhaa kenk\u00e4- tai tulitikkuteollisuutta ei en\u00e4\u00e4 ole.<\/p>\n<p style=\"text-align: center;\"><a href=\"https:\/\/www.satokangas.fi\/blogi\/wp-content\/uploads\/2015\/02\/Fazer.jpg\"><img loading=\"lazy\" decoding=\"async\" data-attachment-id=\"23956\" data-permalink=\"https:\/\/www.satokangas.fi\/blogi\/2015\/02\/mainonta-ja-historia-vol-2\/fazer\/\" data-orig-file=\"https:\/\/www.satokangas.fi\/blogi\/wp-content\/uploads\/2015\/02\/Fazer.jpg\" data-orig-size=\"786,365\" data-comments-opened=\"1\" data-image-meta=\"{&quot;aperture&quot;:&quot;0&quot;,&quot;credit&quot;:&quot;Reija&quot;,&quot;camera&quot;:&quot;&quot;,&quot;caption&quot;:&quot;&quot;,&quot;created_timestamp&quot;:&quot;1424804877&quot;,&quot;copyright&quot;:&quot;&quot;,&quot;focal_length&quot;:&quot;0&quot;,&quot;iso&quot;:&quot;0&quot;,&quot;shutter_speed&quot;:&quot;0&quot;,&quot;title&quot;:&quot;&quot;,&quot;orientation&quot;:&quot;0&quot;}\" data-image-title=\"Fazer\" data-image-description=\"\" data-image-caption=\"\" data-large-file=\"https:\/\/www.satokangas.fi\/blogi\/wp-content\/uploads\/2015\/02\/Fazer.jpg\" class=\"aligncenter size-medium wp-image-23956\" src=\"https:\/\/www.satokangas.fi\/blogi\/wp-content\/uploads\/2015\/02\/Fazer-600x279.jpg\" alt=\"Fazer\" width=\"600\" height=\"279\" srcset=\"https:\/\/www.satokangas.fi\/blogi\/wp-content\/uploads\/2015\/02\/Fazer-600x279.jpg 600w, https:\/\/www.satokangas.fi\/blogi\/wp-content\/uploads\/2015\/02\/Fazer-300x139.jpg 300w, https:\/\/www.satokangas.fi\/blogi\/wp-content\/uploads\/2015\/02\/Fazer.jpg 786w\" sizes=\"auto, (max-width: 600px) 100vw, 600px\" \/><\/a><\/p>\n<p style=\"text-align: center;\"><a href=\"http:\/\/www.fazergroup.com\/fi\/tietoa-meista\/history--heritage\/\">http:\/\/www.fazergroup.com\/fi\/tietoa-meista\/history&#8211;heritage\/<\/a><\/p>\n<p>Monilla panimoilla on pitk\u00e4 ja perinteik\u00e4s historia ja sit\u00e4 my\u00f6s k\u00e4ytet\u00e4\u00e4n historiassa. Olvilla on olutmerkit Sandels, Sven Duuva ja Tuntematon sotilas. Joskus maailmanaikaan on ollut my\u00f6s D\u00f6beln-olutta, eik\u00f6 vain? Olvin historiatiedot ovat <a href=\"http:\/\/www.olvi.fi\/web\/fi\/9\">nettisaitilla<\/a> kovin v\u00e4h\u00e4iset, mutta t\u00e4llainen tieto siell\u00e4 oli:<\/p>\n<blockquote><p>Panimomestari William Gideon \u00c5berg ja rouvansa Onni perustivat juoppouden poistamiseksi panimon Iisalmeen vuonna 1878.\u00a0Zacharias Topeliuksen hengess\u00e4 he halusivat tarjota miedompia vaihtoehtoja viinanhimon villitsemille kansalaisille.<\/p><\/blockquote>\n<p>Hartwall k\u00e4ytt\u00e4\u00e4 markkinoinnissaan historiaa, ja (Sinebry)Koff viel\u00e4 enemm\u00e4n. Koffin <a href=\"http:\/\/www.koff.net\/sparakoff\">(<\/a><a href=\"http:\/\/www.koff.net\/sparakoff\">sp\u00e5ra<\/a><a href=\"http:\/\/www.koff.net\/sparakoff\">)<\/a>han kulkee Helsingiss\u00e4 edelleen kes\u00e4isin. Kes\u00e4ll\u00e4 1962 Koff hankki ensimm\u00e4iset panimohevoset, nimenomaan historian ja mainonnan yhdist\u00e4miseksi.<\/p>\n<p style=\"text-align: center;\"><a href=\"https:\/\/www.satokangas.fi\/blogi\/wp-content\/uploads\/2015\/02\/Siff-ja-Koff.jpg\"><img loading=\"lazy\" decoding=\"async\" data-attachment-id=\"23958\" data-permalink=\"https:\/\/www.satokangas.fi\/blogi\/2015\/02\/mainonta-ja-historia-vol-2\/siff-ja-koff\/\" data-orig-file=\"https:\/\/www.satokangas.fi\/blogi\/wp-content\/uploads\/2015\/02\/Siff-ja-Koff.jpg\" data-orig-size=\"392,498\" data-comments-opened=\"1\" data-image-meta=\"{&quot;aperture&quot;:&quot;0&quot;,&quot;credit&quot;:&quot;Reija&quot;,&quot;camera&quot;:&quot;&quot;,&quot;caption&quot;:&quot;&quot;,&quot;created_timestamp&quot;:&quot;1424805418&quot;,&quot;copyright&quot;:&quot;&quot;,&quot;focal_length&quot;:&quot;0&quot;,&quot;iso&quot;:&quot;0&quot;,&quot;shutter_speed&quot;:&quot;0&quot;,&quot;title&quot;:&quot;&quot;,&quot;orientation&quot;:&quot;0&quot;}\" data-image-title=\"Siff ja Koff\" data-image-description=\"\" data-image-caption=\"\" data-large-file=\"https:\/\/www.satokangas.fi\/blogi\/wp-content\/uploads\/2015\/02\/Siff-ja-Koff.jpg\" class=\"aligncenter size-medium wp-image-23958\" src=\"https:\/\/www.satokangas.fi\/blogi\/wp-content\/uploads\/2015\/02\/Siff-ja-Koff-315x400.jpg\" alt=\"Siff ja Koff\" width=\"315\" height=\"400\" srcset=\"https:\/\/www.satokangas.fi\/blogi\/wp-content\/uploads\/2015\/02\/Siff-ja-Koff-315x400.jpg 315w, https:\/\/www.satokangas.fi\/blogi\/wp-content\/uploads\/2015\/02\/Siff-ja-Koff-236x300.jpg 236w, https:\/\/www.satokangas.fi\/blogi\/wp-content\/uploads\/2015\/02\/Siff-ja-Koff.jpg 392w\" sizes=\"auto, (max-width: 315px) 100vw, 315px\" \/><\/a><\/p>\n<p>Ensimm\u00e4isten Koffin panimohevosten nimet olivat Siff ja Koff. (Siff-limonadia oli joskus, olihan?) Koffista on viel\u00e4 kerrottava juttu, jota is\u00e4ni jaksoi kertoa: &#8221;On se hyv\u00e4 ett\u00e4 se Schuman ampui sen Bobrikoffin eik\u00e4 Sinebrychoffia&#8221;.<\/p>\n<p><a href=\"https:\/\/www.satokangas.fi\/blogi\/wp-content\/uploads\/2015\/02\/elovena-2.jpg\"><img loading=\"lazy\" decoding=\"async\" data-attachment-id=\"23959\" data-permalink=\"https:\/\/www.satokangas.fi\/blogi\/2015\/02\/mainonta-ja-historia-vol-2\/elovena-2\/\" data-orig-file=\"https:\/\/www.satokangas.fi\/blogi\/wp-content\/uploads\/2015\/02\/elovena-2.jpg\" data-orig-size=\"117,191\" data-comments-opened=\"1\" data-image-meta=\"{&quot;aperture&quot;:&quot;0&quot;,&quot;credit&quot;:&quot;Reija&quot;,&quot;camera&quot;:&quot;&quot;,&quot;caption&quot;:&quot;&quot;,&quot;created_timestamp&quot;:&quot;1424807757&quot;,&quot;copyright&quot;:&quot;&quot;,&quot;focal_length&quot;:&quot;0&quot;,&quot;iso&quot;:&quot;0&quot;,&quot;shutter_speed&quot;:&quot;0&quot;,&quot;title&quot;:&quot;&quot;,&quot;orientation&quot;:&quot;0&quot;}\" data-image-title=\"elovena 2\" data-image-description=\"\" data-image-caption=\"\" data-large-file=\"https:\/\/www.satokangas.fi\/blogi\/wp-content\/uploads\/2015\/02\/elovena-2.jpg\" class=\"alignleft size-full wp-image-23959\" src=\"https:\/\/www.satokangas.fi\/blogi\/wp-content\/uploads\/2015\/02\/elovena-2.jpg\" alt=\"elovena 2\" width=\"117\" height=\"191\" \/><\/a>Koskenlaskijan (1933) pikkusisko on Viola-sulatejuusto, ja n\u00e4it\u00e4 molempia markkinoidaan edelleen historian havinaa hy\u00f6dynt\u00e4en . Viola-tyt\u00f6n kuvilla koristeltuja kolmiojuustoja oli kansakoulun ruokalassa pari kertaa kuukaudessa, muistan monella tapana olleen litist\u00e4\u00e4 niit\u00e4 kahden n\u00e4kk\u00e4rin v\u00e4liin.<\/p>\n<h6 style=\"text-align: center;\"><a href=\"https:\/\/www.satokangas.fi\/blogi\/wp-content\/uploads\/2015\/02\/Viola.jpg\"><img loading=\"lazy\" decoding=\"async\" data-attachment-id=\"23965\" data-permalink=\"https:\/\/www.satokangas.fi\/blogi\/2015\/02\/mainonta-ja-historia-vol-2\/viola\/\" data-orig-file=\"https:\/\/www.satokangas.fi\/blogi\/wp-content\/uploads\/2015\/02\/Viola.jpg\" data-orig-size=\"314,211\" data-comments-opened=\"1\" data-image-meta=\"{&quot;aperture&quot;:&quot;0&quot;,&quot;credit&quot;:&quot;Reija&quot;,&quot;camera&quot;:&quot;&quot;,&quot;caption&quot;:&quot;&quot;,&quot;created_timestamp&quot;:&quot;1424811716&quot;,&quot;copyright&quot;:&quot;&quot;,&quot;focal_length&quot;:&quot;0&quot;,&quot;iso&quot;:&quot;0&quot;,&quot;shutter_speed&quot;:&quot;0&quot;,&quot;title&quot;:&quot;&quot;,&quot;orientation&quot;:&quot;0&quot;}\" data-image-title=\"Viola\" data-image-description=\"\" data-image-caption=\"\" data-large-file=\"https:\/\/www.satokangas.fi\/blogi\/wp-content\/uploads\/2015\/02\/Viola.jpg\" class=\" size-full wp-image-23965 aligncenter\" src=\"https:\/\/www.satokangas.fi\/blogi\/wp-content\/uploads\/2015\/02\/Viola.jpg\" alt=\"Viola\" width=\"314\" height=\"211\" srcset=\"https:\/\/www.satokangas.fi\/blogi\/wp-content\/uploads\/2015\/02\/Viola.jpg 314w, https:\/\/www.satokangas.fi\/blogi\/wp-content\/uploads\/2015\/02\/Viola-300x202.jpg 300w\" sizes=\"auto, (max-width: 314px) 100vw, 314px\" \/><\/a><a style=\"color: #808080;\" href=\"http:\/\/www.valio.fi\/tuotteet\/artikkeli\/valio-koskenlaskija-sulatejuusto-suomalaisen-klassikon-juhlavuosi-alkaa\/\">Kuvan l\u00e4hde<\/a><\/h6>\n<p>Ja sitten niist\u00e4 py\u00f6reist\u00e4 pahvirasioista, joihin mahtui aina kuusi kolmiojuustoa, arkarreltiin k\u00e4sity\u00f6tunnilla kelloja ja tonttujen p\u00e4it\u00e4. Koskenlaskija on vastik\u00e4\u00e4n palautettu liki &#8221;kansallisromanttiseen&#8221; kuosiinsa.<\/p>\n<p>Ja sitten Elovena-tytt\u00f6! Se kuuluu samaan genreen noiden edellisten kanssa, mutta on v\u00e4h\u00e4n vanhempi ja viett\u00e4\u00e4 parhaillaan ysikymppisi\u00e4\u00e4n. Aika nuorekkaana ja suomalaiskansallisena on s\u00e4ilynyt.<\/p>\n<p><img loading=\"lazy\" decoding=\"async\" data-attachment-id=\"23960\" data-permalink=\"https:\/\/www.satokangas.fi\/blogi\/2015\/02\/mainonta-ja-historia-vol-2\/elovena\/\" data-orig-file=\"https:\/\/www.satokangas.fi\/blogi\/wp-content\/uploads\/2015\/02\/elovena.jpg\" data-orig-size=\"339,240\" data-comments-opened=\"1\" data-image-meta=\"{&quot;aperture&quot;:&quot;0&quot;,&quot;credit&quot;:&quot;Reija&quot;,&quot;camera&quot;:&quot;&quot;,&quot;caption&quot;:&quot;&quot;,&quot;created_timestamp&quot;:&quot;1424807683&quot;,&quot;copyright&quot;:&quot;&quot;,&quot;focal_length&quot;:&quot;0&quot;,&quot;iso&quot;:&quot;0&quot;,&quot;shutter_speed&quot;:&quot;0&quot;,&quot;title&quot;:&quot;&quot;,&quot;orientation&quot;:&quot;0&quot;}\" data-image-title=\"elovena\" data-image-description=\"\" data-image-caption=\"\" data-large-file=\"https:\/\/www.satokangas.fi\/blogi\/wp-content\/uploads\/2015\/02\/elovena.jpg\" class=\"alignright size-full wp-image-23960\" src=\"https:\/\/www.satokangas.fi\/blogi\/wp-content\/uploads\/2015\/02\/elovena.jpg\" alt=\"elovena\" width=\"339\" height=\"240\" srcset=\"https:\/\/www.satokangas.fi\/blogi\/wp-content\/uploads\/2015\/02\/elovena.jpg 339w, https:\/\/www.satokangas.fi\/blogi\/wp-content\/uploads\/2015\/02\/elovena-300x212.jpg 300w\" sizes=\"auto, (max-width: 339px) 100vw, 339px\" \/><\/p>\n<p>Alla lainaus suoraan Raision myllyn nettisivulta:<\/p>\n<blockquote><p>Vuonna 1925 viipurilainen Karjalan mylly haki mainoskilpailulla kuvitusta pakkaukseen, joka sis\u00e4lsi ekstra priima h\u00f6yrytettyj\u00e4 Elovena Kaurahiutaleita. Mainoskilpailun voitti myllyn konemestarin poika Joel Viktor R\u00e4s\u00e4nen, jonka luomaan vaaleaan neitoon nimi Elovena nykyj\u00e4\u00e4n yhdistet\u00e4\u00e4n. Nimi Elovena syntyi yhdist\u00e4m\u00e4ll\u00e4 yrityksen aiempi nimi Myllyosakeyhti\u00f6 Elo kauran latinankieliseen nimeen Avena sativa.<\/p><\/blockquote>\n<p>&nbsp;<\/p>\n<p>Esimerkiksi my\u00f6s muutamia muiden alojen yrityksi\u00e4; \u00a0vaikka\u00a0<a href=\"http:\/\/www.fiskars.fi\/Tietoa-Fiskarsista\/Perinteet\">Fiskars<\/a>\u00a0&#8211; ja luonnollisesti &#8211; <a href=\"http:\/\/www.kalevalakoru.fi\/fi\/tarinamme\/historia\">Kalevala koru<\/a>, jonka koko toimintaidea rakentuu historian varaan.\u00a0Paikallisista, oululaisista yrityksist\u00e4 on hoksattu\u00a0yli satavuotias s\u00e4hk\u00f6liike <a href=\"http:\/\/www.hammarinsahko.fi\/index.php?s=yritys&amp;p=php\">Hammarin s\u00e4hk\u00f6<\/a>, jonka toiminta jatkuu perheyrityksen\u00e4 jo nelj\u00e4nness\u00e4 polvessa. Ja siell\u00e4 historiaa todella harrastetaan ja k\u00e4ytet\u00e4\u00e4n mainonnassa. \u00a0Ja toinen perinteik\u00e4s oululainen firma on 135-vuotias leipomo Katri <a href=\"http:\/\/www.antell.fi\/antell\/antellin-tarina.html\">Antell<\/a> (nyk. Antell-konserni), jossa rakennetaan tuotteiden markkinointia my\u00f6s historian avulla.<\/p>\n<p>&nbsp;<\/p>\n<p style=\"text-align: center;\"><b><a href=\"https:\/\/www.satokangas.fi\/blogi\/wp-content\/uploads\/2015\/02\/Naamio-Huvit-15.12.1890.jpg\"><img loading=\"lazy\" decoding=\"async\" data-attachment-id=\"23957\" data-permalink=\"https:\/\/www.satokangas.fi\/blogi\/2015\/02\/mainonta-ja-historia-vol-2\/naamio-huvit-15-12-1890\/\" data-orig-file=\"https:\/\/www.satokangas.fi\/blogi\/wp-content\/uploads\/2015\/02\/Naamio-Huvit-15.12.1890.jpg\" data-orig-size=\"666,960\" data-comments-opened=\"1\" data-image-meta=\"{&quot;aperture&quot;:&quot;0&quot;,&quot;credit&quot;:&quot;Reija Satokangas&quot;,&quot;camera&quot;:&quot;&quot;,&quot;caption&quot;:&quot;&quot;,&quot;created_timestamp&quot;:&quot;1423222293&quot;,&quot;copyright&quot;:&quot;&quot;,&quot;focal_length&quot;:&quot;0&quot;,&quot;iso&quot;:&quot;0&quot;,&quot;shutter_speed&quot;:&quot;0&quot;,&quot;title&quot;:&quot;&quot;,&quot;orientation&quot;:&quot;0&quot;}\" data-image-title=\"Naamio-Huvit 15.12.1890\" data-image-description=\"\" data-image-caption=\"\" data-large-file=\"https:\/\/www.satokangas.fi\/blogi\/wp-content\/uploads\/2015\/02\/Naamio-Huvit-15.12.1890.jpg\" class=\"aligncenter size-medium wp-image-23957\" src=\"https:\/\/www.satokangas.fi\/blogi\/wp-content\/uploads\/2015\/02\/Naamio-Huvit-15.12.1890-278x400.jpg\" alt=\"Naamio-Huvit 15.12.1890\" width=\"278\" height=\"400\" srcset=\"https:\/\/www.satokangas.fi\/blogi\/wp-content\/uploads\/2015\/02\/Naamio-Huvit-15.12.1890-278x400.jpg 278w, https:\/\/www.satokangas.fi\/blogi\/wp-content\/uploads\/2015\/02\/Naamio-Huvit-15.12.1890-208x300.jpg 208w, https:\/\/www.satokangas.fi\/blogi\/wp-content\/uploads\/2015\/02\/Naamio-Huvit-15.12.1890.jpg 666w\" sizes=\"auto, (max-width: 278px) 100vw, 278px\" \/><\/a><\/b><\/p>\n<p>N\u00e4m\u00e4 jutut j\u00e4iv\u00e4t kyll\u00e4 v\u00e4h\u00e4n itse\u00e4ni nyt kiinnostamaan enemm\u00e4nkin, ehk\u00e4p\u00e4 n\u00e4ist\u00e4 joku artikkeli joskus&#8230;<\/p>\n","protected":false},"excerpt":{"rendered":"<p>Useimmat\u00a0kuvat suurenevat klikkaamalla ja linkkien takaa l\u00f6ytyy mielenkiintoisia historiasivuja.\u00a0 T\u00e4n\u00e4\u00e4n Historiaa tilauksesta &#8211;luennollani\u00a0oli sitten teemana historian tuotteistaminen, ja sen k\u00e4ytt\u00f6 mainonnasa ja br\u00e4nd\u00e4yksess\u00e4. Minulla oli pitk\u00e4 lista esimerkkej\u00e4, kiitos ja kumarrus t\u00e4nne bloginkin suuntaan (ks. vol. 1 postaus kommentteineen) ja ty\u00f6kavereille, mutta kyll\u00e4 opiskelijatkin hoksasivat monta. Mm. Coca-Cola, Hartwall ja Finlayson tulivat uusina. Tekem\u00e4ni katugallupin my\u00f6t\u00e4 l\u00f6ytyneist\u00e4 esimerkeist\u00e4 on hoksattavissa &hellip; <\/p>\n","protected":false},"author":1,"featured_media":0,"comment_status":"open","ping_status":"open","sticky":false,"template":"","format":"standard","meta":{"jetpack_post_was_ever_published":false,"_jetpack_newsletter_access":"","_jetpack_dont_email_post_to_subs":false,"_jetpack_newsletter_tier_id":0,"_jetpack_memberships_contains_paywalled_content":false,"_jetpack_memberships_contains_paid_content":false,"footnotes":"","jetpack_publicize_message":"","jetpack_publicize_feature_enabled":true,"jetpack_social_post_already_shared":true,"jetpack_social_options":{"image_generator_settings":{"template":"highway","default_image_id":0,"font":"","enabled":false},"version":2}},"categories":[13,1],"tags":[],"class_list":["post-23955","post","type-post","status-publish","format-standard","hentry","category-historiaa","category-aiheeton","latest_post"],"jetpack_publicize_connections":[],"jetpack_featured_media_url":"","jetpack_shortlink":"https:\/\/wp.me\/pr4p4-6en","jetpack_sharing_enabled":true,"jetpack_likes_enabled":false,"jetpack-related-posts":[{"id":16224,"url":"https:\/\/www.satokangas.fi\/blogi\/2013\/01\/historiaa-paivan-verran\/","url_meta":{"origin":23955,"position":0},"title":"Historiaa p\u00e4iv\u00e4n verran","author":"Reija","date":"9.1.2013","format":false,"excerpt":"Historiaa voi kirjoittaa monella tavalla, moniin eri tarkoituksiin, mutta jos haluaa kirjoittaa ihmisen historian, on kerrottava ennen kaikkea se, mit\u00e4 tavalliselle ihmiselle tapahtui: miten he eliv\u00e4t, mit\u00e4 he ajattelivat, ja miten heid\u00e4n el\u00e4m\u00e4ns\u00e4 muuttui, jos muuttui, historian py\u00f6rteiss\u00e4. Ammattilaiset kutsuvat t\u00e4t\u00e4 l\u00e4hestymistapaa mikrohistoriaksi, mutta loppujen lopuksi se on ainoa historia\u2026","rel":"","context":"Kategoriassa &quot;Historiaa&quot;","block_context":{"text":"Historiaa","link":"https:\/\/www.satokangas.fi\/blogi\/category\/historiaa\/"},"img":{"alt_text":"muuttokirja","src":"https:\/\/i0.wp.com\/www.satokangas.fi\/blogi\/wp-content\/uploads\/2013\/01\/muuttokirja-600x390.jpg?resize=350%2C200&ssl=1","width":350,"height":200,"srcset":"https:\/\/i0.wp.com\/www.satokangas.fi\/blogi\/wp-content\/uploads\/2013\/01\/muuttokirja-600x390.jpg?resize=350%2C200&ssl=1 1x, https:\/\/i0.wp.com\/www.satokangas.fi\/blogi\/wp-content\/uploads\/2013\/01\/muuttokirja-600x390.jpg?resize=525%2C300&ssl=1 1.5x"},"classes":[]},{"id":3348,"url":"https:\/\/www.satokangas.fi\/blogi\/2009\/05\/historian-havina\/","url_meta":{"origin":23955,"position":1},"title":"Historian Havina","author":"Reija","date":"19.5.2009","format":false,"excerpt":"J\u00e4rjett\u00f6m\u00e4n v\u00e4synyt t\u00e4n\u00e4\u00e4n. Rikki, puhki, poikki. Hyv\u00e4\u00e4 t\u00e4ss\u00e4 p\u00e4iv\u00e4ss\u00e4 on l\u00e4mp\u00f6, hiirenkorvaiset koivut. Kalevaan annettiin opiskelijoiden kanssa haastattelu meid\u00e4n uudesta Havina-lehdest\u00e4. Havina on historian opiskelijoiden verkkojulkaisu, jossa julkaistaan opinn\u00e4ytet\u00f6ist\u00e4 tiedejuttukurssilla tehtyj\u00e4 populaaritieteellisi\u00e4 artikkeleita. Linkin takaa l\u00f6ytyy ensimm\u00e4inen numero. Kalevassa aiheesta julkaistaneen juttu tulevana viikonvaihteena. T\u00e4ytyy Kuukkelista k\u00e4yd\u00e4 lehti ostamassa, jotta\u2026","rel":"","context":"Kategoriassa &quot;Historiaa&quot;","block_context":{"text":"Historiaa","link":"https:\/\/www.satokangas.fi\/blogi\/category\/historiaa\/"},"img":{"alt_text":"","src":"","width":0,"height":0},"classes":[]},{"id":11077,"url":"https:\/\/www.satokangas.fi\/blogi\/2011\/03\/intohimo-historiaan-vai-mika\/","url_meta":{"origin":23955,"position":2},"title":"Intohimo historiaan, vai mik\u00e4?","author":"Reija","date":"17.3.2011","format":false,"excerpt":"Kaksi opiskelijaa. Toinen liki kolmekymppinen, yht\u00e4 sun toista jo ehtinyt kokeilla ennen kuin tuli lukemaan historiaa, ja toinen, suoraan lukiosta historianopiskelijaksi. Molemmat p\u00e4rj\u00e4nneet opinnoissaan hyvin, suoritelleet vuosittain reilusti enemm\u00e4n kuin sen \"ohjeellisen\" 60 opintopistett\u00e4. Toinen tehnyt duuniakin siin\u00e4 ohessa. Molemmat ovat k\u00e4yneet t\u00e4ll\u00e4 viikolla luonani jutskaamassa opinnoistaan, hieman eri syist\u00e4\u2026","rel":"","context":"Kategoriassa &quot;Niit\u00e4 n\u00e4it\u00e4&quot;","block_context":{"text":"Niit\u00e4 n\u00e4it\u00e4","link":"https:\/\/www.satokangas.fi\/blogi\/category\/aiheeton\/"},"img":{"alt_text":"","src":"","width":0,"height":0},"classes":[]},{"id":21160,"url":"https:\/\/www.satokangas.fi\/blogi\/2014\/05\/hyva-historian-ope\/","url_meta":{"origin":23955,"position":3},"title":"Hyv\u00e4 historian ope","author":"Reija","date":"15.5.2014","format":false,"excerpt":"Pian kymmenkunta vuotta olen kev\u00e4in, syksyin ollut haastattelemassa aineenopettajakoulutukseen pyrkivi\u00e4 opiskelijoita. Olisikohan tullut oltua mukana (= toisena haastattelijana) noin 120 - 140 opiskelijan haastattelussa. Parikymmen minuuttisen haastattelun aikana kysell\u00e4\u00e4n motivaatiota, oppimishalua, tarkkaillaan vuorovaikutustaitoja - kysymyspatteriston avulla haetaan ja pisteytet\u00e4\u00e4n soveltuvuutta koulutukseen. Osa haastateltavista tuntuu omasta mielest\u00e4\u00e4n olevan \"opettajiksi syntyneit\u00e4\", tai\u2026","rel":"","context":"Kategoriassa &quot;Yliopistoel\u00e4m\u00e4\u00e4&quot;","block_context":{"text":"Yliopistoel\u00e4m\u00e4\u00e4","link":"https:\/\/www.satokangas.fi\/blogi\/category\/yliopistoelamaa\/"},"img":{"alt_text":"hauta061","src":"https:\/\/i0.wp.com\/www.satokangas.fi\/blogi\/wp-content\/uploads\/2014\/05\/hauta061-754x1024.jpg?resize=350%2C200&ssl=1","width":350,"height":200},"classes":[]},{"id":531,"url":"https:\/\/www.satokangas.fi\/blogi\/2008\/09\/historian-uudet\/","url_meta":{"origin":23955,"position":4},"title":"Historian uudet","author":"Reija","date":"3.9.2008","format":false,"excerpt":"Historian opiskelijoiden uusi vuosikurssi on vastaanotettu. Oppiaineen porukassa opiskelijoita entist\u00e4 v\u00e4hemm\u00e4n (12) yht\u00e4 paljon nuoria naisia ja miehi\u00e4 reippaan, rohkean - jopa itseironisen - oloisia nelj\u00e4sosalla jo ammatti\/korkeakoulututkinto valmiina viime kev\u00e4\u00e4n abeja puolet Oulusta ei yht\u00e4k\u00e4\u00e4n, Pohjois-Suomesta melkein kaikki p\u00e4\u00e4t\u00f6s l\u00e4hte\u00e4 lukemaan historiaa johtuu 1) mummosta, 2) halusta tehd\u00e4 \"jotakin\u2026","rel":"","context":"Kategoriassa &quot;Yliopistoel\u00e4m\u00e4\u00e4&quot;","block_context":{"text":"Yliopistoel\u00e4m\u00e4\u00e4","link":"https:\/\/www.satokangas.fi\/blogi\/category\/yliopistoelamaa\/"},"img":{"alt_text":"","src":"","width":0,"height":0},"classes":[]},{"id":51990,"url":"https:\/\/www.satokangas.fi\/blogi\/2025\/02\/oppia-ika-kaikki-vol-xxx\/","url_meta":{"origin":23955,"position":5},"title":"Oppia ik\u00e4 kaikki vol. xxx","author":"Reija","date":"5.2.2025","format":false,"excerpt":"T\u00e4n\u00e4\u00e4n on satanut koko p\u00e4iv\u00e4n. Tammikuulta on lumisadevarastoja j\u00e4ljell\u00e4, ja tuntuu, ett\u00e4 ne kaikki tyhjeniv\u00e4t ja tulivat alas t\u00e4n\u00e4\u00e4n. Viel\u00e4 py\u00f6ritt\u00e4v\u00e4n tuulen avittamana. En harmitellut, ett\u00e4 j\u00e4iv\u00e4t ulkoilut olemattomiin: nyt on mahdollista, ett\u00e4 latuverkosto laajenee ja laduilla on lunta pohjaan asti. :) Sit\u00e4 paitsi oli puuhaa ja menoja t\u00e4lle p\u00e4iv\u00e4lle:\u2026","rel":"","context":"Kategoriassa &quot;Historiaa&quot;","block_context":{"text":"Historiaa","link":"https:\/\/www.satokangas.fi\/blogi\/category\/historiaa\/"},"img":{"alt_text":"","src":"https:\/\/i0.wp.com\/www.satokangas.fi\/blogi\/wp-content\/uploads\/2024\/02\/tuisku-2.jpg?resize=350%2C200&ssl=1","width":350,"height":200,"srcset":"https:\/\/i0.wp.com\/www.satokangas.fi\/blogi\/wp-content\/uploads\/2024\/02\/tuisku-2.jpg?resize=350%2C200&ssl=1 1x, https:\/\/i0.wp.com\/www.satokangas.fi\/blogi\/wp-content\/uploads\/2024\/02\/tuisku-2.jpg?resize=525%2C300&ssl=1 1.5x, https:\/\/i0.wp.com\/www.satokangas.fi\/blogi\/wp-content\/uploads\/2024\/02\/tuisku-2.jpg?resize=700%2C400&ssl=1 2x"},"classes":[]}],"_links":{"self":[{"href":"https:\/\/www.satokangas.fi\/blogi\/wp-json\/wp\/v2\/posts\/23955","targetHints":{"allow":["GET"]}}],"collection":[{"href":"https:\/\/www.satokangas.fi\/blogi\/wp-json\/wp\/v2\/posts"}],"about":[{"href":"https:\/\/www.satokangas.fi\/blogi\/wp-json\/wp\/v2\/types\/post"}],"author":[{"embeddable":true,"href":"https:\/\/www.satokangas.fi\/blogi\/wp-json\/wp\/v2\/users\/1"}],"replies":[{"embeddable":true,"href":"https:\/\/www.satokangas.fi\/blogi\/wp-json\/wp\/v2\/comments?post=23955"}],"version-history":[{"count":0,"href":"https:\/\/www.satokangas.fi\/blogi\/wp-json\/wp\/v2\/posts\/23955\/revisions"}],"wp:attachment":[{"href":"https:\/\/www.satokangas.fi\/blogi\/wp-json\/wp\/v2\/media?parent=23955"}],"wp:term":[{"taxonomy":"category","embeddable":true,"href":"https:\/\/www.satokangas.fi\/blogi\/wp-json\/wp\/v2\/categories?post=23955"},{"taxonomy":"post_tag","embeddable":true,"href":"https:\/\/www.satokangas.fi\/blogi\/wp-json\/wp\/v2\/tags?post=23955"}],"curies":[{"name":"wp","href":"https:\/\/api.w.org\/{rel}","templated":true}]}}