{"id":2382,"date":"2009-02-05T17:36:02","date_gmt":"2009-02-05T15:36:02","guid":{"rendered":"https:\/\/www.satokangas.fi\/blogi\/?p=2382"},"modified":"2009-02-05T18:26:13","modified_gmt":"2009-02-05T16:26:13","slug":"kellerran","status":"publish","type":"post","link":"https:\/\/www.satokangas.fi\/blogi\/2009\/02\/kellerran\/","title":{"rendered":"Kellerr\u00e4n"},"content":{"rendered":"<p>Aivan kuin aamiaisen hedelm\u00e4tuoremehut (t\u00e4n\u00e4\u00e4n jo lantrattuna), lounaan porkkana-ananasmehut ja p\u00e4iv\u00e4llisen luomukasvisliemet sek\u00e4 v\u00e4lipalojen vihre\u00e4t teet alkaisivat n\u00e4ky\u00e4 ihon v\u00e4riss\u00e4kin: kellerr\u00e4n v\u00e4hitellen. <em>Kev\u00e4t<\/em>paasto tuntuu t\u00e4m\u00e4np\u00e4iv\u00e4isess\u00e4 lumimyr\u00e4k\u00e4ss\u00e4 v\u00e4h\u00e4n hassulta. &#8221;V\u00e4\u00e4r\u00e4nlaisesta&#8221; s\u00e4\u00e4st\u00e4 huolimatta mennyt ihan hyvin, ja huomenna jo v\u00e4h\u00e4n raakaraasteita ja hedelmi\u00e4 tiedossa&#8230;<\/p>\n<p>Pehtoori palasi pohjoisesta parahiksi: tekem\u00e4\u00e4n lumit\u00f6it\u00e4 \ud83d\ude42 . Kummastelin, jotta miksi jo t\u00e4n\u00e4\u00e4n kotiutui, johon totesi, ettei huvita yksikseen &#8211; 34 C:n pakkasessa hiihdell\u00e4. Jotta kylym\u00e4 oli ollu. Toi tullessaan Saarisel\u00e4n Sanomat, joissa oli julkaistu minun l\u00e4hett\u00e4m\u00e4ni &#8221;kilpailukuva&#8221;; luulin ett\u00e4 oli joku kilpailu, mutta sellaisella &#8221;Postia lukijoilta&#8221; -palstalla se vaan julkaistiin. Julkaistiin siis kuitenkin. Hih.<\/p>\n<p>Koivu kommentissaan eiliseen Nostalgia-postaukseeni totesi, ett\u00e4 blogini &#8221;vaihtoi (yll\u00e4tt\u00e4en) fenotyyppi\u00e4 kameleontin tavoin&#8221;. Niin tekikin: eilen ehtoolla asentelin uuden &#8221;teeman&#8221; blogini pohjaksi, v\u00e4rej\u00e4 ja muuta ulkoasua muuttelin aika lailla, muutamat ehtiv\u00e4t sen n\u00e4hd\u00e4kin, mutta siin\u00e4 oli ongelmansa. Moni asia ei pelitt\u00e4nyt ollenkaan: mm. kommentointi ei onnistunut (kiitos H. tiedoista), tekstit olivat kaksikielisi\u00e4, arkistosivu ei n\u00e4kynyt ja muuta sotkua, joten aamulla varhain ennen salille l\u00e4ht\u00f6\u00e4 vaihdoin t\u00e4m\u00e4n vanhan ilmiasun takaisin, mit\u00e4 nyt taustan vaihdoin &#8211; taas &#8211; siniseksi. Pieni harha-askel on peruttu.<\/p>\n","protected":false},"excerpt":{"rendered":"<p>Aivan kuin aamiaisen hedelm\u00e4tuoremehut (t\u00e4n\u00e4\u00e4n jo lantrattuna), lounaan porkkana-ananasmehut ja p\u00e4iv\u00e4llisen luomukasvisliemet sek\u00e4 v\u00e4lipalojen vihre\u00e4t teet alkaisivat n\u00e4ky\u00e4 ihon v\u00e4riss\u00e4kin: kellerr\u00e4n v\u00e4hitellen. Kev\u00e4tpaasto tuntuu t\u00e4m\u00e4np\u00e4iv\u00e4isess\u00e4 lumimyr\u00e4k\u00e4ss\u00e4 v\u00e4h\u00e4n hassulta. &#8221;V\u00e4\u00e4r\u00e4nlaisesta&#8221; s\u00e4\u00e4st\u00e4 huolimatta mennyt ihan hyvin, ja huomenna jo v\u00e4h\u00e4n raakaraasteita ja hedelmi\u00e4 tiedossa&#8230; Pehtoori palasi pohjoisesta parahiksi: tekem\u00e4\u00e4n lumit\u00f6it\u00e4 \ud83d\ude42 . Kummastelin, jotta miksi jo t\u00e4n\u00e4\u00e4n kotiutui, johon totesi, ettei huvita &hellip; <\/p>\n","protected":false},"author":1,"featured_media":0,"comment_status":"open","ping_status":"open","sticky":false,"template":"","format":"standard","meta":{"jetpack_post_was_ever_published":false,"_jetpack_newsletter_access":"","_jetpack_dont_email_post_to_subs":false,"_jetpack_newsletter_tier_id":0,"_jetpack_memberships_contains_paywalled_content":false,"_jetpack_memberships_contains_paid_content":false,"footnotes":"","jetpack_publicize_message":"","jetpack_publicize_feature_enabled":true,"jetpack_social_post_already_shared":false,"jetpack_social_options":{"image_generator_settings":{"template":"highway","default_image_id":0,"font":"","enabled":false},"version":2}},"categories":[1],"tags":[],"class_list":["post-2382","post","type-post","status-publish","format-standard","hentry","category-aiheeton","latest_post"],"jetpack_publicize_connections":[],"jetpack_featured_media_url":"","jetpack_shortlink":"https:\/\/wp.me\/pr4p4-Cq","jetpack_sharing_enabled":true,"jetpack_likes_enabled":false,"jetpack-related-posts":[{"id":39108,"url":"https:\/\/www.satokangas.fi\/blogi\/2020\/08\/elokuun-aurinkoinen-lauantai\/","url_meta":{"origin":2382,"position":0},"title":"Elokuun aurinkoinen lauantai","author":"Reija","date":"1.8.2020","format":false,"excerpt":"Kes\u00e4. Silt\u00e4 on - onneksi - t\u00e4n\u00e4\u00e4n tuntunut. Liki iltaan asti aurinkoa. Iso osa p\u00e4iv\u00e4st\u00e4 kulunut eilist\u00e4 kuvasatoa peratessa, tehdess\u00e4 ja julkaistessa. Ehk\u00e4 ei-rotiss\u00f6\u00f6rej\u00e4kin kiinnostaa millaista on nauttia hyv\u00e4st\u00e4 ruoasta ja seurasta rennosti, sy\u00f6den paremmin kuin miss\u00e4\u00e4n ravintolassa, hyvill\u00e4 mielin. Kuvakooste eiliselt\u00e4 valmiina t\u00e4\u00e4ll\u00e4 KLIKS. Toinen puoli p\u00e4iv\u00e4st\u00e4 ulkosalla. Turkansaari\u2026","rel":"","context":"Kategoriassa &quot;Historiaa&quot;","block_context":{"text":"Historiaa","link":"https:\/\/www.satokangas.fi\/blogi\/category\/historiaa\/"},"img":{"alt_text":"","src":"https:\/\/i0.wp.com\/www.satokangas.fi\/blogi\/wp-content\/uploads\/2020\/08\/maitolaituri-2.jpg?resize=350%2C200&ssl=1","width":350,"height":200,"srcset":"https:\/\/i0.wp.com\/www.satokangas.fi\/blogi\/wp-content\/uploads\/2020\/08\/maitolaituri-2.jpg?resize=350%2C200&ssl=1 1x, https:\/\/i0.wp.com\/www.satokangas.fi\/blogi\/wp-content\/uploads\/2020\/08\/maitolaituri-2.jpg?resize=525%2C300&ssl=1 1.5x"},"classes":[]},{"id":47383,"url":"https:\/\/www.satokangas.fi\/blogi\/2023\/10\/pakkasta-lokakuussa-kirja-kosketti\/","url_meta":{"origin":2382,"position":1},"title":"Pakkasta lokakuussa &#8211; kirja kosketti","author":"Reija","date":"22.10.2023","format":false,"excerpt":"Pakkasaamuna keitti\u00f6n ikkunasta n\u00e4kyy valoa, - melkein kuin olisi lumi maassa valaisevana, mutta ei sent\u00e4\u00e4n viel\u00e4. Onkin ollut y\u00f6ll\u00e4 - taas - niin paljon pakkasta, ett\u00e4 kaikki on valkoisessa pakkashuurussa. Sekin valaisee. Ollaan syksyn ja talven rajalla, on enemm\u00e4n kylm\u00e4\u00e4 kuin l\u00e4mmint\u00e4, valoakin enemm\u00e4n kuin h\u00e4m\u00e4r\u00e4\u00e4 tai pime\u00e4\u00e4. On siis\u2026","rel":"","context":"Kategoriassa &quot;Luettua&quot;","block_context":{"text":"Luettua","link":"https:\/\/www.satokangas.fi\/blogi\/category\/luettua\/"},"img":{"alt_text":"","src":"https:\/\/i0.wp.com\/www.satokangas.fi\/blogi\/wp-content\/uploads\/2023\/10\/Kohti_talvea.jpg?resize=350%2C200&ssl=1","width":350,"height":200,"srcset":"https:\/\/i0.wp.com\/www.satokangas.fi\/blogi\/wp-content\/uploads\/2023\/10\/Kohti_talvea.jpg?resize=350%2C200&ssl=1 1x, https:\/\/i0.wp.com\/www.satokangas.fi\/blogi\/wp-content\/uploads\/2023\/10\/Kohti_talvea.jpg?resize=525%2C300&ssl=1 1.5x, https:\/\/i0.wp.com\/www.satokangas.fi\/blogi\/wp-content\/uploads\/2023\/10\/Kohti_talvea.jpg?resize=700%2C400&ssl=1 2x"},"classes":[]},{"id":5589,"url":"https:\/\/www.satokangas.fi\/blogi\/2009\/12\/pienesta-kiinni\/","url_meta":{"origin":2382,"position":2},"title":"Pienest\u00e4 kiinni","author":"Reija","date":"29.12.2009","format":false,"excerpt":"Saunan pes\u00e4n sytytt\u00e4minen ensimm\u00e4isell\u00e4 tikulla, huom. ilman sytytysnesteit\u00e4!, antaa merkillisen mukavan onnistumisen tunteen, niin kuin olisi isommastakin asiasta kysymys. Ja toinen m\u00f6kkil\u00e4ist\u00e4 hetkauttava kokemus tai paremminkin huoli on, ett\u00e4 viek\u00f6 yltyv\u00e4 tuuli puista lumet. Jos niin k\u00e4visi, se kyll\u00e4 aiheuttaisi minulle\u00a0mielipahaa. N\u00e4in suuret on ilot ja murheet n\u00e4ill\u00e4 levysasteilla t\u00e4n\u00e4\u00e4n.\u2026","rel":"","context":"Kategoriassa &quot;Lappi&quot;","block_context":{"text":"Lappi","link":"https:\/\/www.satokangas.fi\/blogi\/category\/lappi\/"},"img":{"alt_text":"","src":"https:\/\/i0.wp.com\/www.satokangas.fi\/blogi\/wp-content\/uploads\/2009\/12\/kynttilakota-285x400.jpg?resize=350%2C200&ssl=1","width":350,"height":200},"classes":[]},{"id":41389,"url":"https:\/\/www.satokangas.fi\/blogi\/2021\/08\/shoppailemassa-3\/","url_meta":{"origin":2382,"position":3},"title":"Shoppailemassa","author":"Reija","date":"16.8.2021","format":false,"excerpt":"Kuva ei ole t\u00e4m\u00e4np\u00e4iv\u00e4iselt\u00e4 py\u00f6r\u00e4ilyreissulta, vaan viime viikon massiivista kuvasatoa. T\u00e4n\u00e4\u00e4n ei\u00a0 ollut kameraa mukanakaan; sateen uhatessa vain poljin vauhdilla ja kuuntelin ihan mahdottoman hyv\u00e4\u00e4 \u00e4\u00e4nikirjaa. Se julkaistiin Bookbeatissa perjantaina, ja latasin heti. Mainiota kuunneltavaa my\u00f6s kuvaeditointia tehdess\u00e4. Kuinkahan mones patikka\/vaellus\/reissukirja minulla t\u00e4n\u00e4 vuonna? Taidan tyk\u00e4t\u00e4 t\u00e4st\u00e4 eniten. Cheryl Strayedin\u2026","rel":"","context":"Kategoriassa &quot;Luettua&quot;","block_context":{"text":"Luettua","link":"https:\/\/www.satokangas.fi\/blogi\/category\/luettua\/"},"img":{"alt_text":"","src":"https:\/\/i0.wp.com\/www.satokangas.fi\/blogi\/wp-content\/uploads\/2021\/08\/1-4.jpg?resize=350%2C200&ssl=1","width":350,"height":200,"srcset":"https:\/\/i0.wp.com\/www.satokangas.fi\/blogi\/wp-content\/uploads\/2021\/08\/1-4.jpg?resize=350%2C200&ssl=1 1x, https:\/\/i0.wp.com\/www.satokangas.fi\/blogi\/wp-content\/uploads\/2021\/08\/1-4.jpg?resize=525%2C300&ssl=1 1.5x, https:\/\/i0.wp.com\/www.satokangas.fi\/blogi\/wp-content\/uploads\/2021\/08\/1-4.jpg?resize=700%2C400&ssl=1 2x"},"classes":[]},{"id":27928,"url":"https:\/\/www.satokangas.fi\/blogi\/2016\/03\/paasiaisena-pohjoisessa\/","url_meta":{"origin":2382,"position":4},"title":"P\u00e4\u00e4si\u00e4isen\u00e4 pohjoisessa","author":"Reija","date":"27.3.2016","format":false,"excerpt":"Hangasojalla on kaikissa m\u00f6keiss\u00e4 asukkaita, laduilla on paljon hiiht\u00e4ji\u00e4, Laanihovin edess\u00e4 monotanssien aikaan ruuhkaa, kaupassa oli oikein jonotettava, Savottakahvilassa p\u00f6yd\u00e4t t\u00e4ynn\u00e4 hiihtolenkilt\u00e4 piipahtelijoita. On sesonki. On l\u00e4mmint\u00e4 (+5 C), aurinkoa, lunta, sininen taivas. Ensimm\u00e4inen p\u00e4\u00e4si\u00e4isp\u00e4iv\u00e4. Olimme iltap\u00e4iv\u00e4ll\u00e4 kirjan myyntikierroksella, ja sitten tepastelemassa ristiin rastiin kunnes p\u00e4\u00e4dyttiin\u00a0Kievariin brunssille. Kirjakaronkka \"Sateenkaarenp\u00e4\u00e4ntiell\u00e4\". Kievarin\u2026","rel":"","context":"Kategoriassa &quot;Lappi&quot;","block_context":{"text":"Lappi","link":"https:\/\/www.satokangas.fi\/blogi\/category\/lappi\/"},"img":{"alt_text":"","src":"https:\/\/i0.wp.com\/www.satokangas.fi\/blogi\/wp-content\/uploads\/2016\/03\/Paasiainen-Saariselalla.jpg?resize=350%2C200&ssl=1","width":350,"height":200,"srcset":"https:\/\/i0.wp.com\/www.satokangas.fi\/blogi\/wp-content\/uploads\/2016\/03\/Paasiainen-Saariselalla.jpg?resize=350%2C200&ssl=1 1x, https:\/\/i0.wp.com\/www.satokangas.fi\/blogi\/wp-content\/uploads\/2016\/03\/Paasiainen-Saariselalla.jpg?resize=525%2C300&ssl=1 1.5x, https:\/\/i0.wp.com\/www.satokangas.fi\/blogi\/wp-content\/uploads\/2016\/03\/Paasiainen-Saariselalla.jpg?resize=700%2C400&ssl=1 2x"},"classes":[]},{"id":7710,"url":"https:\/\/www.satokangas.fi\/blogi\/2010\/07\/urheilujuhlan-tuntua\/","url_meta":{"origin":2382,"position":5},"title":"Urheilujuhlan tuntua","author":"Reija","date":"1.7.2010","format":false,"excerpt":"P\u00e4iv\u00e4n teemana oli \u00e4itini tasavuotissyntt\u00e4rit. Minun ik\u00e4ni tiet\u00e4en \u00e4itini t\u00e4ytti 50? No ei sent\u00e4\u00e4n niin nuori \u00e4iti. 60? - voisi olla mahdollista, mutta ei kuitenkaan. No ent\u00e4s 70? niit\u00e4 syntt\u00e4reit\u00e4 vietettiin 10 vuotta sitten Haikossa. Siis t\u00e4n\u00e4\u00e4n Murmelin kasikymppiset Maikkulan kartanossa. Aamup\u00e4iv\u00e4 erin\u00e4isi\u00e4 j\u00e4rjestelyj\u00e4 (mummun facebook :) ja kukkia, ja\u2026","rel":"","context":"Kategoriassa &quot;Niit\u00e4 n\u00e4it\u00e4&quot;","block_context":{"text":"Niit\u00e4 n\u00e4it\u00e4","link":"https:\/\/www.satokangas.fi\/blogi\/category\/aiheeton\/"},"img":{"alt_text":"","src":"https:\/\/i0.wp.com\/www.satokangas.fi\/blogi\/wp-content\/uploads\/2010\/07\/Maikkula-500x239.jpg?resize=350%2C200&ssl=1","width":350,"height":200},"classes":[]}],"_links":{"self":[{"href":"https:\/\/www.satokangas.fi\/blogi\/wp-json\/wp\/v2\/posts\/2382","targetHints":{"allow":["GET"]}}],"collection":[{"href":"https:\/\/www.satokangas.fi\/blogi\/wp-json\/wp\/v2\/posts"}],"about":[{"href":"https:\/\/www.satokangas.fi\/blogi\/wp-json\/wp\/v2\/types\/post"}],"author":[{"embeddable":true,"href":"https:\/\/www.satokangas.fi\/blogi\/wp-json\/wp\/v2\/users\/1"}],"replies":[{"embeddable":true,"href":"https:\/\/www.satokangas.fi\/blogi\/wp-json\/wp\/v2\/comments?post=2382"}],"version-history":[{"count":0,"href":"https:\/\/www.satokangas.fi\/blogi\/wp-json\/wp\/v2\/posts\/2382\/revisions"}],"wp:attachment":[{"href":"https:\/\/www.satokangas.fi\/blogi\/wp-json\/wp\/v2\/media?parent=2382"}],"wp:term":[{"taxonomy":"category","embeddable":true,"href":"https:\/\/www.satokangas.fi\/blogi\/wp-json\/wp\/v2\/categories?post=2382"},{"taxonomy":"post_tag","embeddable":true,"href":"https:\/\/www.satokangas.fi\/blogi\/wp-json\/wp\/v2\/tags?post=2382"}],"curies":[{"name":"wp","href":"https:\/\/api.w.org\/{rel}","templated":true}]}}