{"id":23301,"date":"2014-12-12T20:22:08","date_gmt":"2014-12-12T18:22:08","guid":{"rendered":"https:\/\/www.satokangas.fi\/blogi\/?p=23301"},"modified":"2014-12-13T10:48:48","modified_gmt":"2014-12-13T08:48:48","slug":"jouluarvonta","status":"publish","type":"post","link":"https:\/\/www.satokangas.fi\/blogi\/2014\/12\/jouluarvonta\/","title":{"rendered":"Jouluarvonta!"},"content":{"rendered":"<p>Her\u00e4sin viidelt\u00e4. Sep\u00e4 sitten mahdollisti sen, ett\u00e4 sain\u00a0ennen t\u00f6ihin l\u00e4ht\u00f6\u00e4\u00a0tehdyksi valmiiksi sein\u00e4kalenterin: &#8221;Oulu kuvissa&#8221;. Jokaiselle kuukaudelle kuvia kuluneen vuoden kuvausretkilt\u00e4 pitkin Oulua. Tilasin kalentereita\u00a0useampiakin. Ja niinp\u00e4 nyt on kalenteri tai &#8221;ikivanha&#8221; <a href=\"http:\/\/www.satokangas.fi\/Vuorotellen.htm\">Vuorotellen-kirjani<\/a>, joita on en\u00e4\u00e4 4 kpl jaettavana, palkintona t\u00e4ss\u00e4 joulukuun jutussa, &#8211; ei ole kisa, mutta ehk\u00e4 voisi nimitt\u00e4\u00e4 arvonnaksi.<\/p>\n<p>Kaikkien, jotka 21.12. menness\u00e4 kertovat kommenttilaatikossa \u00a0&#8211; vaikka vain yhdell\u00e4 sanalla, mutta mieluummin ihan\u00a0tarinan kera, mik\u00e4 on sellainen jouluruoka\/herkku\/juoma\/suklaa, joka on joka joulu saatava, ett\u00e4 joulun makumaailmasi olisi\u00a0oikeanlainen. Onko se kinkku, suklaakakku, joku tietty suklaakonvehtirasia, hedelm\u00e4kori, mummin sinappi, eggnog, luumukreemi, riisipuuro tai suolakala? Mik\u00e4?<\/p>\n<p style=\"text-align: center;\"><a href=\"https:\/\/www.satokangas.fi\/blogi\/wp-content\/uploads\/2014\/12\/10-4.jpg\"><img loading=\"lazy\" decoding=\"async\" data-attachment-id=\"23303\" data-permalink=\"https:\/\/www.satokangas.fi\/blogi\/2014\/12\/jouluarvonta\/10-4-2\/\" data-orig-file=\"https:\/\/www.satokangas.fi\/blogi\/wp-content\/uploads\/2014\/12\/10-4.jpg\" data-orig-size=\"1600,847\" data-comments-opened=\"1\" data-image-meta=\"{&quot;aperture&quot;:&quot;5.6&quot;,&quot;credit&quot;:&quot;Reija Satokangas&quot;,&quot;camera&quot;:&quot;Canon EOS 5D Mark II&quot;,&quot;caption&quot;:&quot;&quot;,&quot;created_timestamp&quot;:&quot;1418150422&quot;,&quot;copyright&quot;:&quot;&quot;,&quot;focal_length&quot;:&quot;35&quot;,&quot;iso&quot;:&quot;1600&quot;,&quot;shutter_speed&quot;:&quot;0.005&quot;,&quot;title&quot;:&quot;&quot;,&quot;orientation&quot;:&quot;0&quot;}\" data-image-title=\"10-4\" data-image-description=\"\" data-image-caption=\"\" data-large-file=\"https:\/\/www.satokangas.fi\/blogi\/wp-content\/uploads\/2014\/12\/10-4.jpg\" class=\"aligncenter size-medium wp-image-23303\" src=\"https:\/\/www.satokangas.fi\/blogi\/wp-content\/uploads\/2014\/12\/10-4-600x317.jpg\" alt=\"10-4\" width=\"600\" height=\"317\" srcset=\"https:\/\/www.satokangas.fi\/blogi\/wp-content\/uploads\/2014\/12\/10-4-600x317.jpg 600w, https:\/\/www.satokangas.fi\/blogi\/wp-content\/uploads\/2014\/12\/10-4-300x158.jpg 300w, https:\/\/www.satokangas.fi\/blogi\/wp-content\/uploads\/2014\/12\/10-4.jpg 1600w\" sizes=\"auto, (max-width: 600px) 100vw, 600px\" \/><\/a><\/p>\n<p>Mietin, mik\u00e4 se minulla on? Ensimm\u00e4iseksi tuli mieleen graavilohi. Mutta sit\u00e4h\u00e4n on juhannuksena, pitkin kes\u00e4\u00e4, joskus arkenakin&#8230; ei sittenk\u00e4\u00e4n pelkk\u00e4 ja vain jouluherkku. Ja seuraavaksi tuli mieleen lanttulaatikko. Sit\u00e4 ei ole milloinkaan muulloin kuin jouluna. Eik\u00e4 meill\u00e4 kukaan muu kuin min\u00e4 sit\u00e4 oikein kaipaakaan, &#8211; ei ainakaan v\u00e4ltt\u00e4m\u00e4tt\u00e4 kaipaa.<\/p>\n<p>Niin\u00e4 jouluina kun \u00e4iti ja\/tai sisar ovat olleet kanssamme joulup\u00f6yd\u00e4ss\u00e4, he ovat ymm\u00e4rt\u00e4neet lanttulaatikon p\u00e4\u00e4lle, mutta muille se on v\u00e4h\u00e4n yhdentekev\u00e4 juttu. Is\u00e4lle sit\u00e4 aina tein, ja apelle joka joulu vien. Mutta meid\u00e4n perheess\u00e4 se on muille kuin minulle usein ihan maistamatta j\u00e4\u00e4v\u00e4 juttu. Minulle se on must. Ja sitten minun on koko joulukuun saatava<a title=\"Piparkakkuja ja  \u2026 viili\u00e4\" href=\"https:\/\/www.satokangas.fi\/blogi\/2009\/12\/piparkakkuja-ja-viilia\/\"> viili\u00e4 ja pipareita<\/a>, kuten jo todettu on. \ud83d\ude09<\/p>\n<p>Mutta mik\u00e4 on sinun joulun t\u00e4rkein makumuistosi? Tai ehk\u00e4 ei vain muisto, vaan joka jouluinen juttu, jonka haluat vuodesta toiseen kokea ja joka vuodesta toiseen tuoksullaan ja maullaan tuo sinulle joulun tunnelman.<\/p>\n<p style=\"text-align: center;\"><a href=\"https:\/\/www.satokangas.fi\/blogi\/wp-content\/uploads\/2014\/12\/12.jpg\"><img loading=\"lazy\" decoding=\"async\" data-attachment-id=\"23302\" data-permalink=\"https:\/\/www.satokangas.fi\/blogi\/2014\/12\/jouluarvonta\/12-7\/\" data-orig-file=\"https:\/\/www.satokangas.fi\/blogi\/wp-content\/uploads\/2014\/12\/12.jpg\" data-orig-size=\"1600,1117\" data-comments-opened=\"1\" data-image-meta=\"{&quot;aperture&quot;:&quot;13&quot;,&quot;credit&quot;:&quot;Reija Satokangas&quot;,&quot;camera&quot;:&quot;Canon EOS 5D Mark II&quot;,&quot;caption&quot;:&quot;&quot;,&quot;created_timestamp&quot;:&quot;1418150965&quot;,&quot;copyright&quot;:&quot;&quot;,&quot;focal_length&quot;:&quot;35&quot;,&quot;iso&quot;:&quot;2000&quot;,&quot;shutter_speed&quot;:&quot;0.005&quot;,&quot;title&quot;:&quot;&quot;,&quot;orientation&quot;:&quot;0&quot;}\" data-image-title=\"12\" data-image-description=\"\" data-image-caption=\"\" data-large-file=\"https:\/\/www.satokangas.fi\/blogi\/wp-content\/uploads\/2014\/12\/12-1466x1024.jpg\" class=\"aligncenter size-medium wp-image-23302\" src=\"https:\/\/www.satokangas.fi\/blogi\/wp-content\/uploads\/2014\/12\/12-572x400.jpg\" alt=\"12\" width=\"572\" height=\"400\" srcset=\"https:\/\/www.satokangas.fi\/blogi\/wp-content\/uploads\/2014\/12\/12-572x400.jpg 572w, https:\/\/www.satokangas.fi\/blogi\/wp-content\/uploads\/2014\/12\/12-300x209.jpg 300w, https:\/\/www.satokangas.fi\/blogi\/wp-content\/uploads\/2014\/12\/12-1466x1024.jpg 1466w, https:\/\/www.satokangas.fi\/blogi\/wp-content\/uploads\/2014\/12\/12.jpg 1600w\" sizes=\"auto, (max-width: 572px) 100vw, 572px\" \/><\/a><\/p>\n<p>Juuri laitoin saaristolaisleiv\u00e4t uuniin, ja nyt selailen joulukirjojani etsien jotain uutta joulup\u00f6yd\u00e4ss\u00e4 tarjottavaa. Ehk\u00e4 en k\u00e4yt\u00e4 selailuun\u00a0kovin paljon aikaa, sill\u00e4 ty\u00e4r on kotikotona t\u00e4n\u00e4\u00e4n(kin).\u00a0Pitk\u00e4\u00e4n istuttiin ruokap\u00f6yd\u00e4ss\u00e4 (kuhaa paistoin, lapsi ei ole yli vuoteen sy\u00f6nyt paistettua kalaa!), &#8211; toki Pehtoorin kanssa kaksistaankin perjantaisin istutaan pitk\u00e4 tovi ruoan \u00e4\u00e4rell\u00e4, mutta t\u00e4n\u00e4\u00e4n mukavampi. Ty\u00f6st\u00e4 ja sen tekemisest\u00e4, pime\u00e4st\u00e4 ja suomalaisesta mielenmaisemasta, luterilaisesta ty\u00f6moraalista versus meksikolaisesta meiningist\u00e4, suorittamisesta ja oman tekemisen t\u00e4rkeydest\u00e4, keskusteltiin.<\/p>\n<p>Ja kerroin Talvisota ja taide -seminaarista, joka oli antoisa. Oli hienoa vain istua, vastaanottaa, kuunnella monia hienoja esitelmi\u00e4, liikuttuakin, oppia, ajatella. Ja ennen, v\u00e4liss\u00e4 ja j\u00e4lkeen tavata yst\u00e4vi\u00e4 ja tuttuja, jutella opiskelijoiden kanssa. Erinomaisen hyv\u00e4 iltap\u00e4iv\u00e4.<\/p>\n<p style=\"text-align: center;\"><a href=\"https:\/\/www.satokangas.fi\/blogi\/wp-content\/uploads\/2014\/12\/WP_20141212_15_47_02_Pro.jpg\"><img loading=\"lazy\" decoding=\"async\" data-attachment-id=\"23304\" data-permalink=\"https:\/\/www.satokangas.fi\/blogi\/2014\/12\/jouluarvonta\/wp_20141212_15_47_02_pro\/\" data-orig-file=\"https:\/\/www.satokangas.fi\/blogi\/wp-content\/uploads\/2014\/12\/WP_20141212_15_47_02_Pro.jpg\" data-orig-size=\"1224,693\" data-comments-opened=\"1\" data-image-meta=\"{&quot;aperture&quot;:&quot;2.2&quot;,&quot;credit&quot;:&quot;&quot;,&quot;camera&quot;:&quot;Lumia 1020&quot;,&quot;caption&quot;:&quot;&quot;,&quot;created_timestamp&quot;:&quot;1418399220&quot;,&quot;copyright&quot;:&quot;&quot;,&quot;focal_length&quot;:&quot;0&quot;,&quot;iso&quot;:&quot;160&quot;,&quot;shutter_speed&quot;:&quot;0.030762&quot;,&quot;title&quot;:&quot;&quot;,&quot;orientation&quot;:&quot;1&quot;}\" data-image-title=\"WP_20141212_15_47_02_Pro\" data-image-description=\"\" data-image-caption=\"\" data-large-file=\"https:\/\/www.satokangas.fi\/blogi\/wp-content\/uploads\/2014\/12\/WP_20141212_15_47_02_Pro.jpg\" class=\"aligncenter size-medium wp-image-23304\" src=\"https:\/\/www.satokangas.fi\/blogi\/wp-content\/uploads\/2014\/12\/WP_20141212_15_47_02_Pro-600x339.jpg\" alt=\"WP_20141212_15_47_02_Pro\" width=\"600\" height=\"339\" srcset=\"https:\/\/www.satokangas.fi\/blogi\/wp-content\/uploads\/2014\/12\/WP_20141212_15_47_02_Pro-600x339.jpg 600w, https:\/\/www.satokangas.fi\/blogi\/wp-content\/uploads\/2014\/12\/WP_20141212_15_47_02_Pro-300x169.jpg 300w, https:\/\/www.satokangas.fi\/blogi\/wp-content\/uploads\/2014\/12\/WP_20141212_15_47_02_Pro.jpg 1224w\" sizes=\"auto, (max-width: 600px) 100vw, 600px\" \/><\/a><\/p>\n<p>&nbsp;<\/p>\n<p style=\"text-align: center;\"><span style=\"color: #800000;\"><strong>~~~~~~~~~~~~~~~~~~~~~~~~~~~~~~~~~~~~~~<\/strong><\/span><\/p>\n<p style=\"text-align: center;\"><strong><span style=\"color: #800000;\">JOULUKALENTERI<\/span><\/strong><\/p>\n<p style=\"text-align: center;\"><a href=\"https:\/\/www.satokangas.fi\/blogi\/wp-content\/uploads\/2014\/12\/121.jpg\"><img loading=\"lazy\" decoding=\"async\" data-attachment-id=\"23305\" data-permalink=\"https:\/\/www.satokangas.fi\/blogi\/2014\/12\/jouluarvonta\/12-8\/\" data-orig-file=\"https:\/\/www.satokangas.fi\/blogi\/wp-content\/uploads\/2014\/12\/121.jpg\" data-orig-size=\"210,150\" data-comments-opened=\"1\" data-image-meta=\"{&quot;aperture&quot;:&quot;0&quot;,&quot;credit&quot;:&quot;&quot;,&quot;camera&quot;:&quot;&quot;,&quot;caption&quot;:&quot;&quot;,&quot;created_timestamp&quot;:&quot;0&quot;,&quot;copyright&quot;:&quot;&quot;,&quot;focal_length&quot;:&quot;0&quot;,&quot;iso&quot;:&quot;0&quot;,&quot;shutter_speed&quot;:&quot;0&quot;,&quot;title&quot;:&quot;&quot;,&quot;orientation&quot;:&quot;1&quot;}\" data-image-title=\"12\" data-image-description=\"\" data-image-caption=\"\" data-large-file=\"https:\/\/www.satokangas.fi\/blogi\/wp-content\/uploads\/2014\/12\/121.jpg\" class=\"aligncenter size-full wp-image-23305\" src=\"https:\/\/www.satokangas.fi\/blogi\/wp-content\/uploads\/2014\/12\/121.jpg\" alt=\"12\" width=\"210\" height=\"150\" \/><\/a><\/p>\n<p style=\"text-align: center;\"><a href=\"https:\/\/www.satokangas.fi\/blogi\/wp-content\/uploads\/2014\/12\/122.jpg\"><img loading=\"lazy\" decoding=\"async\" data-attachment-id=\"23306\" data-permalink=\"https:\/\/www.satokangas.fi\/blogi\/2014\/12\/jouluarvonta\/12-9\/\" data-orig-file=\"https:\/\/www.satokangas.fi\/blogi\/wp-content\/uploads\/2014\/12\/122.jpg\" data-orig-size=\"1293,1200\" data-comments-opened=\"1\" data-image-meta=\"{&quot;aperture&quot;:&quot;4&quot;,&quot;credit&quot;:&quot;Reija Satokangas&quot;,&quot;camera&quot;:&quot;Canon EOS 5D Mark II&quot;,&quot;caption&quot;:&quot;&quot;,&quot;created_timestamp&quot;:&quot;1418150511&quot;,&quot;copyright&quot;:&quot;&quot;,&quot;focal_length&quot;:&quot;35&quot;,&quot;iso&quot;:&quot;500&quot;,&quot;shutter_speed&quot;:&quot;0.16666666666667&quot;,&quot;title&quot;:&quot;&quot;,&quot;orientation&quot;:&quot;0&quot;}\" data-image-title=\"12\" data-image-description=\"\" data-image-caption=\"\" data-large-file=\"https:\/\/www.satokangas.fi\/blogi\/wp-content\/uploads\/2014\/12\/122-1103x1024.jpg\" class=\"aligncenter size-medium wp-image-23306\" src=\"https:\/\/www.satokangas.fi\/blogi\/wp-content\/uploads\/2014\/12\/122-431x400.jpg\" alt=\"12\" width=\"431\" height=\"400\" srcset=\"https:\/\/www.satokangas.fi\/blogi\/wp-content\/uploads\/2014\/12\/122-431x400.jpg 431w, https:\/\/www.satokangas.fi\/blogi\/wp-content\/uploads\/2014\/12\/122-300x278.jpg 300w, https:\/\/www.satokangas.fi\/blogi\/wp-content\/uploads\/2014\/12\/122-1103x1024.jpg 1103w, https:\/\/www.satokangas.fi\/blogi\/wp-content\/uploads\/2014\/12\/122.jpg 1293w\" sizes=\"auto, (max-width: 431px) 100vw, 431px\" \/><\/a><\/p>\n","protected":false},"excerpt":{"rendered":"<p>Her\u00e4sin viidelt\u00e4. Sep\u00e4 sitten mahdollisti sen, ett\u00e4 sain\u00a0ennen t\u00f6ihin l\u00e4ht\u00f6\u00e4\u00a0tehdyksi valmiiksi sein\u00e4kalenterin: &#8221;Oulu kuvissa&#8221;. Jokaiselle kuukaudelle kuvia kuluneen vuoden kuvausretkilt\u00e4 pitkin Oulua. Tilasin kalentereita\u00a0useampiakin. Ja niinp\u00e4 nyt on kalenteri tai &#8221;ikivanha&#8221; Vuorotellen-kirjani, joita on en\u00e4\u00e4 4 kpl jaettavana, palkintona t\u00e4ss\u00e4 joulukuun jutussa, &#8211; ei ole kisa, mutta ehk\u00e4 voisi nimitt\u00e4\u00e4 arvonnaksi. Kaikkien, jotka 21.12. menness\u00e4 kertovat kommenttilaatikossa \u00a0&#8211; vaikka vain &hellip; <\/p>\n","protected":false},"author":1,"featured_media":0,"comment_status":"open","ping_status":"open","sticky":false,"template":"","format":"standard","meta":{"jetpack_post_was_ever_published":false,"_jetpack_newsletter_access":"","_jetpack_dont_email_post_to_subs":false,"_jetpack_newsletter_tier_id":0,"_jetpack_memberships_contains_paywalled_content":false,"_jetpack_memberships_contains_paid_content":false,"footnotes":"","jetpack_publicize_message":"","jetpack_publicize_feature_enabled":true,"jetpack_social_post_already_shared":true,"jetpack_social_options":{"image_generator_settings":{"template":"highway","default_image_id":0,"font":"","enabled":false},"version":2}},"categories":[1],"tags":[],"class_list":["post-23301","post","type-post","status-publish","format-standard","hentry","category-aiheeton","latest_post"],"jetpack_publicize_connections":[],"jetpack_featured_media_url":"","jetpack_shortlink":"https:\/\/wp.me\/pr4p4-63P","jetpack_sharing_enabled":true,"jetpack_likes_enabled":false,"jetpack-related-posts":[{"id":37832,"url":"https:\/\/www.satokangas.fi\/blogi\/2019\/12\/oulu-kuvissa\/","url_meta":{"origin":23301,"position":0},"title":"Oulu kuvissa","author":"Reija","date":"27.12.2019","format":false,"excerpt":"Joulun j\u00e4lkeen ideoita seuraavaan jouluun... T\u00e4lle p\u00e4iv\u00e4lle oli luvattu pakkasta ja kirkasta s\u00e4\u00e4t\u00e4, joten jo illalla pakkasin kameralaukun tuulikaappiin, ett\u00e4 jos her\u00e4\u00e4n ajoissa, mik\u00e4 oli odotettavissa, niin l\u00e4hden kaupungille kuvailemaan. Oulun kauniit vanhat rakennukset -projektiin my\u00f6s joulukorttikuvat! Ensi vuoden joulukorttikuvia siis jo tekeill\u00e4? - Ehk\u00e4p\u00e4 niin. Joka tapauksessa moni kaunis\u2026","rel":"","context":"Kategoriassa &quot;Oulu&quot;","block_context":{"text":"Oulu","link":"https:\/\/www.satokangas.fi\/blogi\/category\/oulu\/"},"img":{"alt_text":"","src":"https:\/\/i0.wp.com\/www.satokangas.fi\/blogi\/wp-content\/uploads\/2019\/12\/Oulu_talviaamuna-3.jpg?resize=350%2C200&ssl=1","width":350,"height":200,"srcset":"https:\/\/i0.wp.com\/www.satokangas.fi\/blogi\/wp-content\/uploads\/2019\/12\/Oulu_talviaamuna-3.jpg?resize=350%2C200&ssl=1 1x, https:\/\/i0.wp.com\/www.satokangas.fi\/blogi\/wp-content\/uploads\/2019\/12\/Oulu_talviaamuna-3.jpg?resize=525%2C300&ssl=1 1.5x, https:\/\/i0.wp.com\/www.satokangas.fi\/blogi\/wp-content\/uploads\/2019\/12\/Oulu_talviaamuna-3.jpg?resize=700%2C400&ssl=1 2x, https:\/\/i0.wp.com\/www.satokangas.fi\/blogi\/wp-content\/uploads\/2019\/12\/Oulu_talviaamuna-3.jpg?resize=1050%2C600&ssl=1 3x"},"classes":[]},{"id":35339,"url":"https:\/\/www.satokangas.fi\/blogi\/2018\/12\/kalentereita-ja-kommentteja\/","url_meta":{"origin":23301,"position":1},"title":"Kalentereita ja kommentteja","author":"Reija","date":"4.12.2018","format":false,"excerpt":"Pit\u00e4isi l\u00f6yt\u00e4\u00e4 taas kyky keskitty\u00e4 yhteen asiaan kerrallaan. Minulla on ollut sellainen taito, joskus. Ei ole en\u00e4\u00e4.\u00a0Aamup\u00e4iv\u00e4n s\u00e4hl\u00e4tty\u00e4ni suuntaan jos toiseenkin olin iltap\u00e4iv\u00e4ll\u00e4 sitten vihdoin valmis lenkille ulkoiluttamaan Canonia. R\u00e4nt\u00e4sade \u00e4ityi kaupungilla kulkiessani vallan hurjaksi.\u00a0Ajatuksena ottaa kaunis joulukalenterikuva Oulun kaupungintalon tai hautausmaan kuusesta. Ajatukseksi j\u00e4i. Sen verran sakeaa oli r\u00e4nn\u00e4n\u2026","rel":"","context":"Kategoriassa &quot;Joulu&quot;","block_context":{"text":"Joulu","link":"https:\/\/www.satokangas.fi\/blogi\/category\/joulu\/"},"img":{"alt_text":"","src":"https:\/\/i0.wp.com\/www.satokangas.fi\/blogi\/wp-content\/uploads\/2018\/12\/4.jpg?resize=350%2C200&ssl=1","width":350,"height":200,"srcset":"https:\/\/i0.wp.com\/www.satokangas.fi\/blogi\/wp-content\/uploads\/2018\/12\/4.jpg?resize=350%2C200&ssl=1 1x, https:\/\/i0.wp.com\/www.satokangas.fi\/blogi\/wp-content\/uploads\/2018\/12\/4.jpg?resize=525%2C300&ssl=1 1.5x"},"classes":[]},{"id":39556,"url":"https:\/\/www.satokangas.fi\/blogi\/2020\/10\/joulupostikortteja-oulusta\/","url_meta":{"origin":23301,"position":2},"title":"Joulupostikortteja Oulusta","author":"Reija","date":"26.10.2020","format":false,"excerpt":"Vaikka pyh\u00e4inp\u00e4iv\u00e4 ja Halloween (kertauksena sen \"Lyhyt historia\" linkin takana) sek\u00e4 is\u00e4np\u00e4iv\u00e4 ovat viel\u00e4 viett\u00e4m\u00e4tt\u00e4 ja vaikka jouluun on kaksi kuukautta aikaa, kaupittelen jo joulukortteja ja ensi vuoden kalentereita. Viime vuoden marraskuussa, kun nelj\u00e4 ensimm\u00e4ist\u00e4 \"Oulun kauniit, vanhat rakennukset\" -sarjani korttia olivat valmiita ja olin viem\u00e4ss\u00e4 niit\u00e4 museoihin, kahviloihin ja\u2026","rel":"","context":"Kategoriassa &quot;Joulu&quot;","block_context":{"text":"Joulu","link":"https:\/\/www.satokangas.fi\/blogi\/category\/joulu\/"},"img":{"alt_text":"","src":"https:\/\/i0.wp.com\/www.satokangas.fi\/blogi\/wp-content\/uploads\/2020\/10\/joulukortit-1512x1024.jpg?resize=350%2C200&ssl=1","width":350,"height":200,"srcset":"https:\/\/i0.wp.com\/www.satokangas.fi\/blogi\/wp-content\/uploads\/2020\/10\/joulukortit-1512x1024.jpg?resize=350%2C200&ssl=1 1x, https:\/\/i0.wp.com\/www.satokangas.fi\/blogi\/wp-content\/uploads\/2020\/10\/joulukortit-1512x1024.jpg?resize=525%2C300&ssl=1 1.5x, https:\/\/i0.wp.com\/www.satokangas.fi\/blogi\/wp-content\/uploads\/2020\/10\/joulukortit-1512x1024.jpg?resize=700%2C400&ssl=1 2x"},"classes":[]},{"id":34706,"url":"https:\/\/www.satokangas.fi\/blogi\/2018\/08\/kalenteri-projekti-suunnittella\/","url_meta":{"origin":23301,"position":3},"title":"Kalenteri-projekti suunnittella","author":"Reija","date":"29.8.2018","format":false,"excerpt":"Kes\u00e4 on tullut takaisin. Kuinka mukavaa! S\u00f6immekin t\u00e4n\u00e4\u00e4n pihalla. Makkaraa. Ja salaattia. Eik\u00e4 muuta. Siis kes\u00e4ruokaa viel\u00e4. Maakarin Luigi-makkara on ollut meill\u00e4 t\u00e4m\u00e4n kes\u00e4n suosikkimakkara. Eih\u00e4n se makkara yleens\u00e4k\u00e4\u00e4n niin terveellist\u00e4 ole, mutta min\u00e4 pid\u00e4n makkarasta ja kes\u00e4isist\u00e4 keleist\u00e4. Mutta asiasta toiseen. Kuvajuttuja (mm. Scanioita ja historiaa) olen t\u00e4n\u00e4\u00e4nkin duunaillut,\u2026","rel":"","context":"Kategoriassa &quot;Bloggailu&quot;","block_context":{"text":"Bloggailu","link":"https:\/\/www.satokangas.fi\/blogi\/category\/bloggailu\/"},"img":{"alt_text":"","src":"https:\/\/i0.wp.com\/www.satokangas.fi\/blogi\/wp-content\/uploads\/2018\/08\/verenluovutus.jpg?resize=350%2C200&ssl=1","width":350,"height":200,"srcset":"https:\/\/i0.wp.com\/www.satokangas.fi\/blogi\/wp-content\/uploads\/2018\/08\/verenluovutus.jpg?resize=350%2C200&ssl=1 1x, https:\/\/i0.wp.com\/www.satokangas.fi\/blogi\/wp-content\/uploads\/2018\/08\/verenluovutus.jpg?resize=525%2C300&ssl=1 1.5x, https:\/\/i0.wp.com\/www.satokangas.fi\/blogi\/wp-content\/uploads\/2018\/08\/verenluovutus.jpg?resize=700%2C400&ssl=1 2x"},"classes":[]},{"id":41839,"url":"https:\/\/www.satokangas.fi\/blogi\/2021\/11\/joulukortit-oulusta\/","url_meta":{"origin":23301,"position":4},"title":"Joulukortit Oulusta","author":"Reija","date":"1.11.2021","format":false,"excerpt":"\u00a0 \u00a0 N\u00e4iss\u00e4 merkeiss\u00e4 t\u00e4n\u00e4\u00e4n - olen ollut \"kaupoilla\".\u00a0 T\u00e4m\u00e4 on toinen vuosi kun minulla on omia joulukorttejani myynniss\u00e4. Vasemmalla on viime vuotiset ja oikealla uudet. Kaikkia nelj\u00e4\u00e4 korttia on nyt myynniss\u00e4 ja t\u00e4n\u00e4\u00e4n niit\u00e4 vein my\u00f6s j\u00e4lleenmyyjille. Niit\u00e4 onkin jo aika monta (9), muutama uusikin ja muutaman muun paikan\u2026","rel":"","context":"Kategoriassa &quot;Muistikuvia&quot;","block_context":{"text":"Muistikuvia","link":"https:\/\/www.satokangas.fi\/blogi\/category\/muistikuvia\/"},"img":{"alt_text":"","src":"https:\/\/i0.wp.com\/www.satokangas.fi\/blogi\/wp-content\/uploads\/2021\/11\/Oulu_kuvissa_kalenteri_2022.jpg?resize=350%2C200&ssl=1","width":350,"height":200,"srcset":"https:\/\/i0.wp.com\/www.satokangas.fi\/blogi\/wp-content\/uploads\/2021\/11\/Oulu_kuvissa_kalenteri_2022.jpg?resize=350%2C200&ssl=1 1x, https:\/\/i0.wp.com\/www.satokangas.fi\/blogi\/wp-content\/uploads\/2021\/11\/Oulu_kuvissa_kalenteri_2022.jpg?resize=525%2C300&ssl=1 1.5x"},"classes":[]},{"id":35250,"url":"https:\/\/www.satokangas.fi\/blogi\/2018\/11\/valokuvia-kilpailuun-kalentereihin-ja-kortteihin\/","url_meta":{"origin":23301,"position":5},"title":"Valokuvia kilpailuun, kalentereihin ja kortteihin","author":"Reija","date":"21.11.2018","format":false,"excerpt":"Muistatteko kun kev\u00e4ttalvella kyselin, mik\u00e4 kuva kannattaisi l\u00e4hett\u00e4\u00e4 Kalevan lukijakuvakilpailuun? Kyselyni on t\u00e4\u00e4ll\u00e4. My\u00f6s kyselyn tulokset avautuvat samalla sivulla (kyselyn lopussa \"N\u00e4yt\u00e4 tulokset\"). Ja min\u00e4h\u00e4n uskoin \u00e4\u00e4nestyksen tulosta ja l\u00e4hetin Aittakuvan. Ja se voitti yleis\u00f6\u00e4\u00e4nestyksen!! Melkein kaksi kertaa niin paljon \u00e4\u00e4ni\u00e4 kuin kakkosella. Yhteens\u00e4 88 osallistujaa, ja voitin. V\u00e4h\u00e4nk\u00f6 olen\u2026","rel":"","context":"Kategoriassa &quot;Joulu&quot;","block_context":{"text":"Joulu","link":"https:\/\/www.satokangas.fi\/blogi\/category\/joulu\/"},"img":{"alt_text":"","src":"https:\/\/i0.wp.com\/www.satokangas.fi\/blogi\/wp-content\/uploads\/2018\/11\/1-13-1.jpg?resize=350%2C200&ssl=1","width":350,"height":200,"srcset":"https:\/\/i0.wp.com\/www.satokangas.fi\/blogi\/wp-content\/uploads\/2018\/11\/1-13-1.jpg?resize=350%2C200&ssl=1 1x, https:\/\/i0.wp.com\/www.satokangas.fi\/blogi\/wp-content\/uploads\/2018\/11\/1-13-1.jpg?resize=525%2C300&ssl=1 1.5x, https:\/\/i0.wp.com\/www.satokangas.fi\/blogi\/wp-content\/uploads\/2018\/11\/1-13-1.jpg?resize=700%2C400&ssl=1 2x"},"classes":[]}],"_links":{"self":[{"href":"https:\/\/www.satokangas.fi\/blogi\/wp-json\/wp\/v2\/posts\/23301","targetHints":{"allow":["GET"]}}],"collection":[{"href":"https:\/\/www.satokangas.fi\/blogi\/wp-json\/wp\/v2\/posts"}],"about":[{"href":"https:\/\/www.satokangas.fi\/blogi\/wp-json\/wp\/v2\/types\/post"}],"author":[{"embeddable":true,"href":"https:\/\/www.satokangas.fi\/blogi\/wp-json\/wp\/v2\/users\/1"}],"replies":[{"embeddable":true,"href":"https:\/\/www.satokangas.fi\/blogi\/wp-json\/wp\/v2\/comments?post=23301"}],"version-history":[{"count":0,"href":"https:\/\/www.satokangas.fi\/blogi\/wp-json\/wp\/v2\/posts\/23301\/revisions"}],"wp:attachment":[{"href":"https:\/\/www.satokangas.fi\/blogi\/wp-json\/wp\/v2\/media?parent=23301"}],"wp:term":[{"taxonomy":"category","embeddable":true,"href":"https:\/\/www.satokangas.fi\/blogi\/wp-json\/wp\/v2\/categories?post=23301"},{"taxonomy":"post_tag","embeddable":true,"href":"https:\/\/www.satokangas.fi\/blogi\/wp-json\/wp\/v2\/tags?post=23301"}],"curies":[{"name":"wp","href":"https:\/\/api.w.org\/{rel}","templated":true}]}}