{"id":2300,"date":"2009-02-03T18:20:25","date_gmt":"2009-02-03T16:20:25","guid":{"rendered":"https:\/\/www.satokangas.fi\/blogi\/?p=2300"},"modified":"2009-02-03T18:20:25","modified_gmt":"2009-02-03T16:20:25","slug":"kerrassaan-mainio-paiva","status":"publish","type":"post","link":"https:\/\/www.satokangas.fi\/blogi\/2009\/02\/kerrassaan-mainio-paiva\/","title":{"rendered":"Kerrassaan mainio p\u00e4iv\u00e4"},"content":{"rendered":"<p>Olen oikein tyytyv\u00e4inen kun keksin t\u00e4n\u00e4\u00e4n menn\u00e4 aamusaunaan. Salin j\u00e4lkeen, ennen t\u00f6ihin menoa, tuntui kummallisen juhlalliselta, vaikken min\u00e4 yleens\u00e4 saunomisesta juuri perusta. Paitsi m\u00f6kill\u00e4. Olen tyytyv\u00e4inen kun on luminen, mutta erityisen v\u00e4h\u00e4luminen talvi, ja kun pakkasta on sopivasti. Ty\u00f6huoneessani oli t\u00e4n\u00e4\u00e4n rauhallista, ja l\u00e4mmint\u00e4! Kiitokset huoltomiehille, kun ehtiv\u00e4t viimeinkin k\u00e4yd\u00e4. Olen tyytyv\u00e4inen kun pehtoori on pohjoisessa, vaikka mieluusti min\u00e4kin tietysti olisin siell\u00e4, mutta toisaalta minulla on nyt t\u00e4m\u00e4 ja ilmeisesti huominen ilta ylellist\u00e4 yksinoloa kotosalla. Sekin tuntuu hyv\u00e4lle kun ei ole ollut n\u00e4lk\u00e4. \u00a0Monta biisi\u00e4, jotka \u00e4sken \u00a0iPodiini \u00e4sken netist\u00e4 ostin, kuulostavat oikein mukavilta. Se ett\u00e4 poika luki toissailtana kokeisiin tuntuu viel\u00e4kin hyv\u00e4lle, varsinkin kun vertaa eiliseen iltaan, jolloin, mokoma, salireissunsa j\u00e4lkeen yksinkertaisesti karkasi, vaikka ruotsin sanoja olisi ollut repullinen p\u00e4nt\u00e4tt\u00e4v\u00e4n\u00e4. Olen iloinen kun sain takkatulen syttym\u00e4\u00e4n jotensakin kerralla, mik\u00e4 t\u00e4m\u00e4nvuotisilla takkapuillamme ei ole ollut mitenk\u00e4\u00e4n itsest\u00e4\u00e4nselvyys. Takan nojatuolilla odottavat kirjat, ei-ty\u00f6kirjat, tekev\u00e4t jo odottamisellaan olon lokoisaksi. Juuri t\u00e4n\u00e4\u00e4n olen tyytyv\u00e4inen matkaoppaisiin ja h\u00f6p\u00f6h\u00f6p\u00f6-kirjoihin. T\u00e4n\u00e4\u00e4n on merkillinen olo, ihan seesteinen olo. Hyv\u00e4 niin.<\/p>\n<p>________________________________________<\/p>\n<p>Ai niin, uudet rillit on nyt tilattu. 15 yst\u00e4v\u00e4llist\u00e4 blogivierasta antoi \u00e4\u00e4nens\u00e4 dilemmaani: ruskeat vai violetit sangat. \u00c4\u00e4net jakautuivat seuraavasti:<\/p>\n<p>Violetit (lilat) <strong>10<\/strong> (66.67%)<br \/>\nRuskeat <strong>4<\/strong> (26.67%)<br \/>\nHanki piilolasit! <strong>1<\/strong> (6.67%)<\/p>\n<p>Kaksi kolmannesta kannatti violettien hankkimista. Sellaiset on nyt sitten tilattu. Yksi ehdotti piilolasien hankkimista. Olen min\u00e4 senkin tehnyt: pari vuotta sitten hommasin sellaiset, pehme\u00e4t piilarit. Toiveena oli, ett\u00e4 edes rullistellessa ja m\u00e4ess\u00e4 voisin niit\u00e4 k\u00e4ytt\u00e4\u00e4 ja ettei tarvisi ostaa aurinkolaseja vahvuuksilla, mutta eip\u00e4 tullut minusta piilareiden k\u00e4ytt\u00e4j\u00e4\u00e4. Silm\u00e4t ja p\u00e4\u00e4 kipe\u00e4n\u00e4 kaikki harjoitusp\u00e4iv\u00e4t.<\/p>\n","protected":false},"excerpt":{"rendered":"<p>Olen oikein tyytyv\u00e4inen kun keksin t\u00e4n\u00e4\u00e4n menn\u00e4 aamusaunaan. Salin j\u00e4lkeen, ennen t\u00f6ihin menoa, tuntui kummallisen juhlalliselta, vaikken min\u00e4 yleens\u00e4 saunomisesta juuri perusta. Paitsi m\u00f6kill\u00e4. Olen tyytyv\u00e4inen kun on luminen, mutta erityisen v\u00e4h\u00e4luminen talvi, ja kun pakkasta on sopivasti. Ty\u00f6huoneessani oli t\u00e4n\u00e4\u00e4n rauhallista, ja l\u00e4mmint\u00e4! Kiitokset huoltomiehille, kun ehtiv\u00e4t viimeinkin k\u00e4yd\u00e4. Olen tyytyv\u00e4inen kun pehtoori on pohjoisessa, vaikka mieluusti min\u00e4kin tietysti &hellip; <\/p>\n","protected":false},"author":1,"featured_media":0,"comment_status":"open","ping_status":"open","sticky":false,"template":"","format":"standard","meta":{"jetpack_post_was_ever_published":false,"_jetpack_newsletter_access":"","_jetpack_dont_email_post_to_subs":false,"_jetpack_newsletter_tier_id":0,"_jetpack_memberships_contains_paywalled_content":false,"_jetpack_memberships_contains_paid_content":false,"footnotes":"","jetpack_publicize_message":"","jetpack_publicize_feature_enabled":true,"jetpack_social_post_already_shared":false,"jetpack_social_options":{"image_generator_settings":{"template":"highway","default_image_id":0,"font":"","enabled":false},"version":2}},"categories":[1],"tags":[],"class_list":["post-2300","post","type-post","status-publish","format-standard","hentry","category-aiheeton","latest_post"],"jetpack_publicize_connections":[],"jetpack_featured_media_url":"","jetpack_shortlink":"https:\/\/wp.me\/pr4p4-B6","jetpack_sharing_enabled":true,"jetpack_likes_enabled":false,"jetpack-related-posts":[{"id":39605,"url":"https:\/\/www.satokangas.fi\/blogi\/2020\/11\/miljoonasadetta\/","url_meta":{"origin":2300,"position":0},"title":"Miljoonasadetta &#8230;","author":"Reija","date":"4.11.2020","format":false,"excerpt":"Marraskuu Taas TV syliin paiskoo Palavia halkojaan K\u00e4y ihmiskunta sormi suussa Kansakouluaan Vaan eih\u00e4n t\u00e4\u00e4ll\u00e4 liekit uhkaa T\u00e4\u00e4ll\u00e4 pikkuhiljaa pohjaan poltetaan \u00a0 \u00a0 \u00a0 \u00a0 \u00a0 \u00a0 \u00a0 \u00a0 \u00a0 \u00a0 \u00a0Miljoonasade, Marraskuu Kummasti korvamatona soi Miljoonasateen \"Marraskuu\", kun lukee nettilehti\u00e4 ja katselee telkkarista Yhdysvalloista koko maailmaan l\u00e4hetett\u00e4v\u00e4\u00e4 traagista reality\u00e4,\u2026","rel":"","context":"Kategoriassa &quot;Niit\u00e4 n\u00e4it\u00e4&quot;","block_context":{"text":"Niit\u00e4 n\u00e4it\u00e4","link":"https:\/\/www.satokangas.fi\/blogi\/category\/aiheeton\/"},"img":{"alt_text":"","src":"https:\/\/i0.wp.com\/www.satokangas.fi\/blogi\/wp-content\/uploads\/2020\/11\/Myrskyn_jalkeen-3.jpg?resize=350%2C200&ssl=1","width":350,"height":200,"srcset":"https:\/\/i0.wp.com\/www.satokangas.fi\/blogi\/wp-content\/uploads\/2020\/11\/Myrskyn_jalkeen-3.jpg?resize=350%2C200&ssl=1 1x, https:\/\/i0.wp.com\/www.satokangas.fi\/blogi\/wp-content\/uploads\/2020\/11\/Myrskyn_jalkeen-3.jpg?resize=525%2C300&ssl=1 1.5x"},"classes":[]},{"id":15349,"url":"https:\/\/www.satokangas.fi\/blogi\/2012\/09\/foto-maraton-vol-ii\/","url_meta":{"origin":2300,"position":1},"title":"Foto-maraton vol II","author":"Reija","date":"25.9.2012","format":false,"excerpt":"\u00c4sken oli digikurssilla viime viikkoisen Foto-maratonin\u00a0tulosten julkistus. Kurssillamme on 12 osanottajaa ja jokainen toi yhden kuvan jokaiseen haasteeseen ja sitten arvioitiiin, arvosteltiin ja \u00e4\u00e4nestettiin. Aiheet olivat n\u00e4m\u00e4\u00a01) t\u00e4ti tai set\u00e4, 2) kiire, 3) siisti, 4) viem\u00e4ri, 5) lukittu, 6) vastapari, 7) toistuva muoto, 8) urbaani menestyj\u00e4, 9) kuoppa ja 10)\u2026","rel":"","context":"Kategoriassa &quot;Niit\u00e4 n\u00e4it\u00e4&quot;","block_context":{"text":"Niit\u00e4 n\u00e4it\u00e4","link":"https:\/\/www.satokangas.fi\/blogi\/category\/aiheeton\/"},"img":{"alt_text":"","src":"https:\/\/i0.wp.com\/www.satokangas.fi\/blogi\/wp-content\/uploads\/1-T%C3%A4ti-Custom-567x400.jpg?resize=350%2C200&ssl=1","width":350,"height":200,"srcset":"https:\/\/i0.wp.com\/www.satokangas.fi\/blogi\/wp-content\/uploads\/1-T%C3%A4ti-Custom-567x400.jpg?resize=350%2C200&ssl=1 1x, https:\/\/i0.wp.com\/www.satokangas.fi\/blogi\/wp-content\/uploads\/1-T%C3%A4ti-Custom-567x400.jpg?resize=525%2C300&ssl=1 1.5x"},"classes":[]},{"id":35768,"url":"https:\/\/www.satokangas.fi\/blogi\/2019\/01\/35768\/","url_meta":{"origin":2300,"position":2},"title":"Kuvahommia","author":"Reija","date":"8.1.2019","format":false,"excerpt":"P\u00e4iv\u00e4 on humahtanut taas: aamulenkki p\u00e4\u00e4ttyi kauppareissuun ja sielt\u00e4 Caritakseen. Sitten kotiin: iltap\u00e4iv\u00e4 ja ilta mennyt paljolti kastejuhlan kuvia peratessa ja \"kehitt\u00e4ess\u00e4\". En ole oikein tyytyv\u00e4inen tulokseen, mutta eip\u00e4 ole muitakaan kuvia. ;) Jossain v\u00e4liss\u00e4 laitoin ison kattilallisen soppaa. Sakea tomaatti-kasviskeitto (piparkakkumauste-twistill\u00e4) oli yksi Jokaviikkoinen soppamme -projektin parhaita uusia keittoja.\u2026","rel":"","context":"Kategoriassa &quot;Niit\u00e4 n\u00e4it\u00e4&quot;","block_context":{"text":"Niit\u00e4 n\u00e4it\u00e4","link":"https:\/\/www.satokangas.fi\/blogi\/category\/aiheeton\/"},"img":{"alt_text":"","src":"https:\/\/i0.wp.com\/www.satokangas.fi\/blogi\/wp-content\/uploads\/2019\/01\/Otsikkokuva.jpg?resize=350%2C200&ssl=1","width":350,"height":200,"srcset":"https:\/\/i0.wp.com\/www.satokangas.fi\/blogi\/wp-content\/uploads\/2019\/01\/Otsikkokuva.jpg?resize=350%2C200&ssl=1 1x, https:\/\/i0.wp.com\/www.satokangas.fi\/blogi\/wp-content\/uploads\/2019\/01\/Otsikkokuva.jpg?resize=525%2C300&ssl=1 1.5x"},"classes":[]},{"id":42693,"url":"https:\/\/www.satokangas.fi\/blogi\/2022\/04\/hiihtopaiva-2\/","url_meta":{"origin":2300,"position":3},"title":"Hiihtop\u00e4iv\u00e4","author":"Reija","date":"8.4.2022","format":false,"excerpt":"Saarisel\u00e4n latuverkosto on laaja ja hyvin huollettu! Ja latujen varsilla on p\u00e4iv\u00e4tupia ja latukahviloita, joissa useimmissa on tullut piipahdettua vuosien varrella. Joko yli 30 vuotta sitten tai muutaman edellisen vuoden aikana. Rautulammella en muista koskaan ennen k\u00e4yneeni, ja kun siell\u00e4 p\u00e4iv\u00e4tupa paloi pari vuotta sitten ja nyt on uusi (paljon\u2026","rel":"","context":"Kategoriassa &quot;Lappi&quot;","block_context":{"text":"Lappi","link":"https:\/\/www.satokangas.fi\/blogi\/category\/lappi\/"},"img":{"alt_text":"","src":"","width":0,"height":0},"classes":[]},{"id":33127,"url":"https:\/\/www.satokangas.fi\/blogi\/2018\/01\/pakkaspaivana-sisahommissa\/","url_meta":{"origin":2300,"position":4},"title":"Pakkasp\u00e4iv\u00e4n\u00e4 sis\u00e4hommissa","author":"Reija","date":"22.1.2018","format":false,"excerpt":"Napakka pakkanen on ollut hyv\u00e4 tekosyy olla sis\u00e4ll\u00e4 koko p\u00e4iv\u00e4n. Ja toinen oikea syy on ollut kuvien k\u00e4sittely. Otin lauantaina 1200 kuvaa, joten jo valinnan tekeminen vei monta tuntia. Muutaman tiedotuskuvan jo eilen l\u00e4hetin Paistink\u00e4\u00e4nt\u00e4jille (minulla on sinne kuvaprojekti meneill\u00e4\u00e4n) ja sitten onkin t\u00e4n\u00e4\u00e4n mediassa n\u00e4kynyt mun otoksia ja oikein\u2026","rel":"","context":"Kategoriassa &quot;Muistikuvia&quot;","block_context":{"text":"Muistikuvia","link":"https:\/\/www.satokangas.fi\/blogi\/category\/muistikuvia\/"},"img":{"alt_text":"","src":"https:\/\/i0.wp.com\/www.satokangas.fi\/blogi\/wp-content\/uploads\/2018\/01\/Nallikari-talvi-2.jpg?resize=350%2C200&ssl=1","width":350,"height":200,"srcset":"https:\/\/i0.wp.com\/www.satokangas.fi\/blogi\/wp-content\/uploads\/2018\/01\/Nallikari-talvi-2.jpg?resize=350%2C200&ssl=1 1x, https:\/\/i0.wp.com\/www.satokangas.fi\/blogi\/wp-content\/uploads\/2018\/01\/Nallikari-talvi-2.jpg?resize=525%2C300&ssl=1 1.5x, https:\/\/i0.wp.com\/www.satokangas.fi\/blogi\/wp-content\/uploads\/2018\/01\/Nallikari-talvi-2.jpg?resize=700%2C400&ssl=1 2x"},"classes":[]},{"id":22345,"url":"https:\/\/www.satokangas.fi\/blogi\/2014\/09\/hieman-vasynyt\/","url_meta":{"origin":2300,"position":5},"title":"Hieman v\u00e4synytt\u00e4","author":"Reija","date":"5.9.2014","format":false,"excerpt":"Kerta toisensa j\u00e4lkeen keksin jotain asiaa pihalle, jollen muuta niin edes hakemaan jotain Festasta tai vien roskat. K\u00e4yn kastelemassa laventelin \u00a0... tai muuten vain kiertelen pihalla. \u00a0 Mik\u00e4 on t\u00e4m\u00e4 pieni kukka? Ei ole ennen meid\u00e4n puutarhassa kasvanut. ... \u00a0Tunnistaako kukaan - \u00a0t\u00e4m\u00e4 pieni keltainen kukka? (Mie tied\u00e4n! ;) \u00a0vaikken\u2026","rel":"","context":"Kategoriassa &quot;Niit\u00e4 n\u00e4it\u00e4&quot;","block_context":{"text":"Niit\u00e4 n\u00e4it\u00e4","link":"https:\/\/www.satokangas.fi\/blogi\/category\/aiheeton\/"},"img":{"alt_text":"11-4","src":"https:\/\/i0.wp.com\/www.satokangas.fi\/blogi\/wp-content\/uploads\/2014\/09\/11-4-600x400.jpg?resize=350%2C200&ssl=1","width":350,"height":200,"srcset":"https:\/\/i0.wp.com\/www.satokangas.fi\/blogi\/wp-content\/uploads\/2014\/09\/11-4-600x400.jpg?resize=350%2C200&ssl=1 1x, https:\/\/i0.wp.com\/www.satokangas.fi\/blogi\/wp-content\/uploads\/2014\/09\/11-4-600x400.jpg?resize=525%2C300&ssl=1 1.5x"},"classes":[]}],"_links":{"self":[{"href":"https:\/\/www.satokangas.fi\/blogi\/wp-json\/wp\/v2\/posts\/2300","targetHints":{"allow":["GET"]}}],"collection":[{"href":"https:\/\/www.satokangas.fi\/blogi\/wp-json\/wp\/v2\/posts"}],"about":[{"href":"https:\/\/www.satokangas.fi\/blogi\/wp-json\/wp\/v2\/types\/post"}],"author":[{"embeddable":true,"href":"https:\/\/www.satokangas.fi\/blogi\/wp-json\/wp\/v2\/users\/1"}],"replies":[{"embeddable":true,"href":"https:\/\/www.satokangas.fi\/blogi\/wp-json\/wp\/v2\/comments?post=2300"}],"version-history":[{"count":0,"href":"https:\/\/www.satokangas.fi\/blogi\/wp-json\/wp\/v2\/posts\/2300\/revisions"}],"wp:attachment":[{"href":"https:\/\/www.satokangas.fi\/blogi\/wp-json\/wp\/v2\/media?parent=2300"}],"wp:term":[{"taxonomy":"category","embeddable":true,"href":"https:\/\/www.satokangas.fi\/blogi\/wp-json\/wp\/v2\/categories?post=2300"},{"taxonomy":"post_tag","embeddable":true,"href":"https:\/\/www.satokangas.fi\/blogi\/wp-json\/wp\/v2\/tags?post=2300"}],"curies":[{"name":"wp","href":"https:\/\/api.w.org\/{rel}","templated":true}]}}