{"id":2296,"date":"2009-02-02T18:23:09","date_gmt":"2009-02-02T16:23:09","guid":{"rendered":"https:\/\/www.satokangas.fi\/blogi\/?p=2296"},"modified":"2009-02-02T19:01:39","modified_gmt":"2009-02-02T17:01:39","slug":"joskus-vaan-vasyy","status":"publish","type":"post","link":"https:\/\/www.satokangas.fi\/blogi\/2009\/02\/joskus-vaan-vasyy\/","title":{"rendered":"Joskus vaan v\u00e4syy"},"content":{"rendered":"<p>Miten sen osaisi sanoa, sanoa niin, ettei siit\u00e4 loukkaannu. Miten kertoisi totuuden, mutta niin, ett\u00e4 se voimaannuttaisi, eik\u00e4 lannistaisi. Olisiko sittenkin parempi olla huomaamatta mit\u00e4\u00e4n, eik\u00e4 edes vihjaisisi, ett\u00e4 turha homma, ei t\u00e4st\u00e4 mit\u00e4\u00e4n tule kuitenkaan. Voisi sitten vain itseksekseen pohtia, ett\u00e4 eik\u00f6 tuo tosiaankaan itse huomaa?<\/p>\n<p>Joskus on vain uskottava, ett\u00e4 aina opiskelija ei vain pysty. Ei osaa, ei ymm\u00e4rr\u00e4 tai ei opi. Tai on niin laiska, yksinkertaisesti yksinkertainen tai muuten lipsuu v\u00e4\u00e4rille raiteille koko ajan, vaikka miten ohjaat ja opastat, vaikka rautalangasta v\u00e4\u00e4nn\u00e4t. \u00a0V\u00e4lill\u00e4 tuntuu, ett\u00e4 opinn\u00e4ytteetkin puolestaan teet. Eik\u00e4 ohjaaja\/opettaja edes kaipaa selityksi\u00e4: akateeminen vapaus tehd\u00e4 tai olla tekem\u00e4tt\u00e4 on edelleen olemassa. Ei ole &#8221;koulupakkoa&#8221; eik\u00e4 vaadita poissaoloselvityksi\u00e4. Ja kerta toisensa j\u00e4lkeen &#8211; juuri kun luulet, ett\u00e4 NYT, nyt se meni perille &#8211; nyt p\u00e4rj\u00e4\u00e4 omillaan, eik\u00e4 en\u00e4\u00e4 tule esitt\u00e4m\u00e4\u00e4n loputtomien tekosyiden vyyhti\u00e4 ja meriselityksi\u00e4 t\u00f6iden viiv\u00e4stymiselle. Ei en\u00e4\u00e4 keksi ongelmia, joita ei itse asiassa olekaan. Ei en\u00e4\u00e4 syyt\u00e4 ohjaajaa &#8221;v\u00e4\u00e4r\u00e4st\u00e4&#8221; aiheesta tai\u00a0 tutkinnonuudistusta viiv\u00e4styneist\u00e4 suorituksista. \u00a0Ja juuri kun luulet, ett\u00e4 n\u00e4in on k\u00e4ynyt, tuleekin sposti &#8221;tulisin juttelemaan, k\u00e4yk\u00f6?&#8221;<\/p>\n<p>Yksi sadasta on \u00a0sellaisia,\u00a0 jotka tarvitsevat paljon ohjausta ja joille siit\u00e4 ei ole mit\u00e4\u00e4n hy\u00f6ty\u00e4.<\/p>\n","protected":false},"excerpt":{"rendered":"<p>Miten sen osaisi sanoa, sanoa niin, ettei siit\u00e4 loukkaannu. Miten kertoisi totuuden, mutta niin, ett\u00e4 se voimaannuttaisi, eik\u00e4 lannistaisi. Olisiko sittenkin parempi olla huomaamatta mit\u00e4\u00e4n, eik\u00e4 edes vihjaisisi, ett\u00e4 turha homma, ei t\u00e4st\u00e4 mit\u00e4\u00e4n tule kuitenkaan. Voisi sitten vain itseksekseen pohtia, ett\u00e4 eik\u00f6 tuo tosiaankaan itse huomaa? Joskus on vain uskottava, ett\u00e4 aina opiskelija ei vain pysty. Ei osaa, ei &hellip; <\/p>\n","protected":false},"author":1,"featured_media":0,"comment_status":"open","ping_status":"open","sticky":false,"template":"","format":"standard","meta":{"jetpack_post_was_ever_published":false,"_jetpack_newsletter_access":"","_jetpack_dont_email_post_to_subs":false,"_jetpack_newsletter_tier_id":0,"_jetpack_memberships_contains_paywalled_content":false,"_jetpack_memberships_contains_paid_content":false,"footnotes":"","jetpack_publicize_message":"","jetpack_publicize_feature_enabled":true,"jetpack_social_post_already_shared":false,"jetpack_social_options":{"image_generator_settings":{"template":"highway","default_image_id":0,"font":"","enabled":false},"version":2}},"categories":[32],"tags":[],"class_list":["post-2296","post","type-post","status-publish","format-standard","hentry","category-yliopistoelamaa","latest_post"],"jetpack_publicize_connections":[],"jetpack_featured_media_url":"","jetpack_shortlink":"https:\/\/wp.me\/pr4p4-B2","jetpack_sharing_enabled":true,"jetpack_likes_enabled":false,"jetpack-related-posts":[{"id":12431,"url":"https:\/\/www.satokangas.fi\/blogi\/2011\/09\/opiskelijana-2\/","url_meta":{"origin":2296,"position":0},"title":"Opiskelijana","author":"Reija","date":"19.9.2011","format":false,"excerpt":"Y\u00f6pakkanen, eikun pakkasy\u00f6. Mutta kaunis aamu. Silti en k\u00e4vele Linnanmaalle, vaikka niin olin aikonut. Lorvailua aamusella. Mutta t\u00e4n\u00e4\u00e4n todellakin aloitin ne taidehistorian opinnot, joista olen viime vuosina t\u00e4\u00e4ll\u00e4 Temmatussakin h\u00f6p\u00f6tellyt - - ja olenhan jo perusopintoihin kuuluvan kotimaan ekskun suorittanut, tosin vain satunnaisena matkustajana (Ars longa, vita brevis -turneen tunnelmat\u2026","rel":"","context":"Kategoriassa &quot;Yliopistoel\u00e4m\u00e4\u00e4&quot;","block_context":{"text":"Yliopistoel\u00e4m\u00e4\u00e4","link":"https:\/\/www.satokangas.fi\/blogi\/category\/yliopistoelamaa\/"},"img":{"alt_text":"","src":"https:\/\/i0.wp.com\/www.satokangas.fi\/blogi\/wp-content\/uploads\/Pet%C3%A4j%C3%A4veden-kirkossa-583x400.jpg?resize=350%2C200&ssl=1","width":350,"height":200,"srcset":"https:\/\/i0.wp.com\/www.satokangas.fi\/blogi\/wp-content\/uploads\/Pet%C3%A4j%C3%A4veden-kirkossa-583x400.jpg?resize=350%2C200&ssl=1 1x, https:\/\/i0.wp.com\/www.satokangas.fi\/blogi\/wp-content\/uploads\/Pet%C3%A4j%C3%A4veden-kirkossa-583x400.jpg?resize=525%2C300&ssl=1 1.5x"},"classes":[]},{"id":1851,"url":"https:\/\/www.satokangas.fi\/blogi\/2008\/12\/valokuvatorstai-ei-sanoja\/","url_meta":{"origin":2296,"position":1},"title":"Valokuvatorstai: Ei sanoja","author":"Reija","date":"11.12.2008","format":false,"excerpt":"Valokuvatorstain 112. haaste on Tekstikatkelma \"Toisinaan min\u00e4 inhoan sanoja. Ne ovat valtavan henkisen j\u00e4\u00e4vuoren huippuja ja nyth\u00e4n me kaikki jo tied\u00e4mme miten Titanicin k\u00e4vi. Pikimusta kuilu avautuu sen v\u00e4lill\u00e4 mit\u00e4 on olemassa ja mit\u00e4 sanat yritt\u00e4v\u00e4t kuvata. Kaikki ilmi\u00f6t yksinkertaistetaan, ne naulataan sanoilla kiinni ja niist\u00e4 tulee mustavalkoisia, ehdottomia.\" Katkelma\u2026","rel":"","context":"Kategoriassa &quot;Valokuvatorstai&quot;","block_context":{"text":"Valokuvatorstai","link":"https:\/\/www.satokangas.fi\/blogi\/category\/valokuvaus\/valokuvatorstai\/"},"img":{"alt_text":"","src":"https:\/\/i0.wp.com\/www.satokangas.fi\/blogi\/wp-content\/uploads\/2008\/12\/pieta.jpg?resize=350%2C200&ssl=1","width":350,"height":200,"srcset":"https:\/\/i0.wp.com\/www.satokangas.fi\/blogi\/wp-content\/uploads\/2008\/12\/pieta.jpg?resize=350%2C200&ssl=1 1x, https:\/\/i0.wp.com\/www.satokangas.fi\/blogi\/wp-content\/uploads\/2008\/12\/pieta.jpg?resize=525%2C300&ssl=1 1.5x, https:\/\/i0.wp.com\/www.satokangas.fi\/blogi\/wp-content\/uploads\/2008\/12\/pieta.jpg?resize=700%2C400&ssl=1 2x"},"classes":[]},{"id":41428,"url":"https:\/\/www.satokangas.fi\/blogi\/2021\/08\/ratkaisuja-etsimassa\/","url_meta":{"origin":2296,"position":2},"title":"Ratkaisuja etsim\u00e4ss\u00e4","author":"Reija","date":"23.8.2021","format":false,"excerpt":"Viime y\u00f6n\u00e4 oli t\u00e4ysikuu. Mutta min\u00e4p\u00e4 en tiennyt siit\u00e4 mit\u00e4\u00e4n. Sellainen ei ole tavallista. Ja vaikka olen taas viime aikoina tullut v\u00e4itt\u00e4neeksi, ett\u00e4 ylenpalttinen nukkuminen on t\u00e4ysin yliarvostettua hapatusta, niin kyll\u00e4 viime y\u00f6n levollisen yhdeks\u00e4n tunnin j\u00e4lkeen taas tied\u00e4n, kuinka verratonta se sittenkin on! On ollut edelleen niin hyyt\u00e4v\u00e4n kylm\u00e4\u00e4,\u2026","rel":"","context":"Kategoriassa &quot;Niit\u00e4 n\u00e4it\u00e4&quot;","block_context":{"text":"Niit\u00e4 n\u00e4it\u00e4","link":"https:\/\/www.satokangas.fi\/blogi\/category\/aiheeton\/"},"img":{"alt_text":"","src":"https:\/\/i0.wp.com\/www.satokangas.fi\/blogi\/wp-content\/uploads\/2021\/08\/1-23.jpg?resize=350%2C200&ssl=1","width":350,"height":200,"srcset":"https:\/\/i0.wp.com\/www.satokangas.fi\/blogi\/wp-content\/uploads\/2021\/08\/1-23.jpg?resize=350%2C200&ssl=1 1x, https:\/\/i0.wp.com\/www.satokangas.fi\/blogi\/wp-content\/uploads\/2021\/08\/1-23.jpg?resize=525%2C300&ssl=1 1.5x, https:\/\/i0.wp.com\/www.satokangas.fi\/blogi\/wp-content\/uploads\/2021\/08\/1-23.jpg?resize=700%2C400&ssl=1 2x"},"classes":[]},{"id":21087,"url":"https:\/\/www.satokangas.fi\/blogi\/2014\/05\/tarkeaa-ja-vahemman\/","url_meta":{"origin":2296,"position":3},"title":"T\u00e4rke\u00e4\u00e4 ja v\u00e4hemm\u00e4n","author":"Reija","date":"5.5.2014","format":false,"excerpt":"\u00a0\"Oulun yliopisto leikkaa 122 ty\u00f6paikkaa - 60 irtisanotaan\" (Kaleva)\u00a0 - eih\u00e4n t\u00e4m\u00e4 nyt mitenk\u00e4\u00e4n riemastuta eik\u00e4 ty\u00f6ilmapiiri\u00e4 kevenn\u00e4. Eik\u00e4 todellakaan tarkoita, ettei talossa t\u00f6it\u00e4 riitt\u00e4isi. \u00a0P\u00e4invastoin. Eik\u00e4 tiedekunnan professoreiden kuukausikokouksessakaan pelkki\u00e4 hyvi\u00e4 asioita tiett\u00e4v\u00e4ksi tehty.\u00a0Mutta nopeasti p\u00e4iv\u00e4 sujui. Ja sitten sit\u00e4 v\u00e4hemm\u00e4n t\u00e4rke\u00e4\u00e4 arkeani.\u00a0No nyt kun t\u00e4m\u00e4 uusi blogipohja on\u2026","rel":"","context":"Kategoriassa &quot;Bloggailu&quot;","block_context":{"text":"Bloggailu","link":"https:\/\/www.satokangas.fi\/blogi\/category\/bloggailu\/"},"img":{"alt_text":"k\u00e4vij\u00e4m\u00e4\u00e4r\u00e4t kuukausittain","src":"https:\/\/i0.wp.com\/www.satokangas.fi\/blogi\/wp-content\/uploads\/2014\/05\/k%C3%A4vij%C3%A4m%C3%A4%C3%A4r%C3%A4t-kuukausittain-600x172.jpg?resize=350%2C200&ssl=1","width":350,"height":200,"srcset":"https:\/\/i0.wp.com\/www.satokangas.fi\/blogi\/wp-content\/uploads\/2014\/05\/k%C3%A4vij%C3%A4m%C3%A4%C3%A4r%C3%A4t-kuukausittain-600x172.jpg?resize=350%2C200&ssl=1 1x, https:\/\/i0.wp.com\/www.satokangas.fi\/blogi\/wp-content\/uploads\/2014\/05\/k%C3%A4vij%C3%A4m%C3%A4%C3%A4r%C3%A4t-kuukausittain-600x172.jpg?resize=525%2C300&ssl=1 1.5x"},"classes":[]},{"id":21194,"url":"https:\/\/www.satokangas.fi\/blogi\/2014\/05\/rannoilla-kevatta-kokemassa\/","url_meta":{"origin":2296,"position":4},"title":"Rannoilla kev\u00e4tt\u00e4 kokemassa","author":"Reija","date":"21.5.2014","format":false,"excerpt":"Miten minusta olisikaan ihana asua veden \u00e4\u00e4rell\u00e4! Oulun keskiviikkoillassa l\u00e4mmin, paljon ihmisi\u00e4 liikkeell\u00e4, puistoissa ja rannoilla. Torillla joku konsertti, hyv\u00e4\u00e4 musiikkia ... \"T\u00e4st\u00e4 asti aikaa... \" Kuljeskelin ohi. Mukava kun sent\u00e4\u00e4n voi kuljeskella rannoilla. Kun sent\u00e4\u00e4n asuu merenrantakaupungissa, joksi Oulua on kyll\u00e4 v\u00e4lill\u00e4 hyvin vaikea mielt\u00e4\u00e4. Vesi, meri, joki, j\u00e4rvet\u2026","rel":"","context":"Kategoriassa &quot;Valokuvaus&quot;","block_context":{"text":"Valokuvaus","link":"https:\/\/www.satokangas.fi\/blogi\/category\/valokuvaus\/"},"img":{"alt_text":"rentukat (Custom)","src":"https:\/\/i0.wp.com\/www.satokangas.fi\/blogi\/wp-content\/uploads\/2014\/05\/rentukat-Custom-600x396.jpg?resize=350%2C200&ssl=1","width":350,"height":200,"srcset":"https:\/\/i0.wp.com\/www.satokangas.fi\/blogi\/wp-content\/uploads\/2014\/05\/rentukat-Custom-600x396.jpg?resize=350%2C200&ssl=1 1x, https:\/\/i0.wp.com\/www.satokangas.fi\/blogi\/wp-content\/uploads\/2014\/05\/rentukat-Custom-600x396.jpg?resize=525%2C300&ssl=1 1.5x"},"classes":[]},{"id":23926,"url":"https:\/\/www.satokangas.fi\/blogi\/2015\/02\/metamorfoosi\/","url_meta":{"origin":2296,"position":5},"title":"Metamorfoosi","author":"Reija","date":"19.2.2015","format":false,"excerpt":"Ensivaikutelma on t\u00e4rke\u00e4, eik\u00f6? Se, miten uusi tuttavuus tervehtii tai se miten ihminen jossain ryhm\u00e4tilanteessa esittelee itsens\u00e4. My\u00f6s sill\u00e4 on vaikutusta, millainen on ihmisen kehon kieli. Katsooko silmiin, hymyileek\u00f6, ja sanooko vain v\u00e4h\u00e4n, mutta sit\u00e4kin viisaampia vai puhua pajattaako antamatta toiselle, toisille suunvuoroa. Kaikki nuo voi tehd\u00e4 miinus- ja plus-merkkisesti:\u2026","rel":"","context":"Kategoriassa &quot;Niit\u00e4 n\u00e4it\u00e4&quot;","block_context":{"text":"Niit\u00e4 n\u00e4it\u00e4","link":"https:\/\/www.satokangas.fi\/blogi\/category\/aiheeton\/"},"img":{"alt_text":"Metamorfoosi-2","src":"https:\/\/i0.wp.com\/www.satokangas.fi\/blogi\/wp-content\/uploads\/2015\/02\/Metamorfoosi-2-316x400.jpg?resize=350%2C200&ssl=1","width":350,"height":200},"classes":[]}],"_links":{"self":[{"href":"https:\/\/www.satokangas.fi\/blogi\/wp-json\/wp\/v2\/posts\/2296","targetHints":{"allow":["GET"]}}],"collection":[{"href":"https:\/\/www.satokangas.fi\/blogi\/wp-json\/wp\/v2\/posts"}],"about":[{"href":"https:\/\/www.satokangas.fi\/blogi\/wp-json\/wp\/v2\/types\/post"}],"author":[{"embeddable":true,"href":"https:\/\/www.satokangas.fi\/blogi\/wp-json\/wp\/v2\/users\/1"}],"replies":[{"embeddable":true,"href":"https:\/\/www.satokangas.fi\/blogi\/wp-json\/wp\/v2\/comments?post=2296"}],"version-history":[{"count":0,"href":"https:\/\/www.satokangas.fi\/blogi\/wp-json\/wp\/v2\/posts\/2296\/revisions"}],"wp:attachment":[{"href":"https:\/\/www.satokangas.fi\/blogi\/wp-json\/wp\/v2\/media?parent=2296"}],"wp:term":[{"taxonomy":"category","embeddable":true,"href":"https:\/\/www.satokangas.fi\/blogi\/wp-json\/wp\/v2\/categories?post=2296"},{"taxonomy":"post_tag","embeddable":true,"href":"https:\/\/www.satokangas.fi\/blogi\/wp-json\/wp\/v2\/tags?post=2296"}],"curies":[{"name":"wp","href":"https:\/\/api.w.org\/{rel}","templated":true}]}}