{"id":22175,"date":"2014-08-16T23:26:28","date_gmt":"2014-08-16T20:26:28","guid":{"rendered":"https:\/\/www.satokangas.fi\/blogi\/?p=22175"},"modified":"2014-08-17T09:19:22","modified_gmt":"2014-08-17T06:19:22","slug":"viinin-maistelua-kilpailuhengessa","status":"publish","type":"post","link":"https:\/\/www.satokangas.fi\/blogi\/2014\/08\/viinin-maistelua-kilpailuhengessa\/","title":{"rendered":"Viinin maistelua kilpailuhengess\u00e4"},"content":{"rendered":"<p>Aamup\u00e4iv\u00e4n auringossa tuntui tuulen kylmyys, tiesi ett\u00e4 jossain l\u00e4hell\u00e4 on syksy. Sen tunsi. Ja sitten auringossa onkin oikein mukava py\u00f6r\u00e4ill\u00e4. Ja auringossa mukava olla kotipihalla.<\/p>\n<p>Iltap\u00e4iv\u00e4ll\u00e4 hankkiuduimme bussien kuljetettavaksi [palaan viel\u00e4 t\u00e4h\u00e4n joku p\u00e4iv\u00e4!] ja matkasimme niinkin kauas kuin Oulunsaloon.\u00a0T\u00e4n\u00e4\u00e4n oli \u00a0<span style=\"color: #0000ff;\"><strong>The 10th BO Challenge Tasting. <\/strong><span style=\"color: #000000;\">Eli v<\/span><\/span>iinikerhomme kymmenes maistelukisa.<\/p>\n<p style=\"text-align: center;\"><img loading=\"lazy\" decoding=\"async\" data-attachment-id=\"22176\" data-permalink=\"https:\/\/www.satokangas.fi\/blogi\/2014\/08\/viinin-maistelua-kilpailuhengessa\/attachment\/222\/\" data-orig-file=\"https:\/\/www.satokangas.fi\/blogi\/wp-content\/uploads\/2014\/08\/222.jpg\" data-orig-size=\"1600,900\" data-comments-opened=\"1\" data-image-meta=\"{&quot;aperture&quot;:&quot;2.8&quot;,&quot;credit&quot;:&quot;Reija Satokangas&quot;,&quot;camera&quot;:&quot;Canon PowerShot G1 X Mark II&quot;,&quot;caption&quot;:&quot;&quot;,&quot;created_timestamp&quot;:&quot;1408208202&quot;,&quot;copyright&quot;:&quot;&quot;,&quot;focal_length&quot;:&quot;12.5&quot;,&quot;iso&quot;:&quot;100&quot;,&quot;shutter_speed&quot;:&quot;0.02&quot;,&quot;title&quot;:&quot;&quot;}\" data-image-title=\"222\" data-image-description=\"\" data-image-caption=\"\" data-large-file=\"https:\/\/www.satokangas.fi\/blogi\/wp-content\/uploads\/2014\/08\/222.jpg\" class=\"aligncenter size-medium wp-image-22176\" src=\"https:\/\/www.satokangas.fi\/blogi\/wp-content\/uploads\/2014\/08\/222-600x337.jpg\" alt=\"222\" width=\"600\" height=\"337\" srcset=\"https:\/\/www.satokangas.fi\/blogi\/wp-content\/uploads\/2014\/08\/222-600x337.jpg 600w, https:\/\/www.satokangas.fi\/blogi\/wp-content\/uploads\/2014\/08\/222-300x168.jpg 300w, https:\/\/www.satokangas.fi\/blogi\/wp-content\/uploads\/2014\/08\/222.jpg 1600w\" sizes=\"auto, (max-width: 600px) 100vw, 600px\" \/><\/p>\n<p>Ja kilpailukutsussa luki ENSIN n\u00e4in:<\/p>\n<blockquote><p><span style=\"color: #282828;\">Kolme valko- ja kolme punaviini\u00e4. Valintateht\u00e4viss\u00e4 annetaan useita vastausvaihtoehtoja; teid\u00e4n teht\u00e4v\u00e4nne on p\u00e4\u00e4tt\u00e4\u00e4, mik\u00e4 niist\u00e4 on oikea.\u00a0<\/span><\/p>\n<p>&nbsp;<\/p>\n<p style=\"text-align: center;\"><img loading=\"lazy\" decoding=\"async\" data-attachment-id=\"22178\" data-permalink=\"https:\/\/www.satokangas.fi\/blogi\/2014\/08\/viinin-maistelua-kilpailuhengessa\/222-3\/\" data-orig-file=\"https:\/\/www.satokangas.fi\/blogi\/wp-content\/uploads\/2014\/08\/222-3.jpg\" data-orig-size=\"1600,900\" data-comments-opened=\"1\" data-image-meta=\"{&quot;aperture&quot;:&quot;2.8&quot;,&quot;credit&quot;:&quot;Reija Satokangas&quot;,&quot;camera&quot;:&quot;Canon PowerShot G1 X Mark II&quot;,&quot;caption&quot;:&quot;&quot;,&quot;created_timestamp&quot;:&quot;1408214512&quot;,&quot;copyright&quot;:&quot;&quot;,&quot;focal_length&quot;:&quot;12.5&quot;,&quot;iso&quot;:&quot;100&quot;,&quot;shutter_speed&quot;:&quot;0.04&quot;,&quot;title&quot;:&quot;&quot;}\" data-image-title=\"222-3\" data-image-description=\"\" data-image-caption=\"\" data-large-file=\"https:\/\/www.satokangas.fi\/blogi\/wp-content\/uploads\/2014\/08\/222-3.jpg\" class=\"aligncenter size-medium wp-image-22178\" src=\"https:\/\/www.satokangas.fi\/blogi\/wp-content\/uploads\/2014\/08\/222-3-600x337.jpg\" alt=\"222-3\" width=\"600\" height=\"337\" srcset=\"https:\/\/www.satokangas.fi\/blogi\/wp-content\/uploads\/2014\/08\/222-3-600x337.jpg 600w, https:\/\/www.satokangas.fi\/blogi\/wp-content\/uploads\/2014\/08\/222-3-300x168.jpg 300w, https:\/\/www.satokangas.fi\/blogi\/wp-content\/uploads\/2014\/08\/222-3.jpg 1600w\" sizes=\"auto, (max-width: 600px) 100vw, 600px\" \/><\/p>\n<\/blockquote>\n<p><span style=\"color: #282828;\">Ja pari p\u00e4iv\u00e4\u00e4 my\u00f6hemmin tuli lis\u00e4infoa:&#8217;<\/span><\/p>\n<blockquote><p><span style=\"color: #282828;\">(1) Kaikki viinit ovat yhden lajikkeen viinej\u00e4.\u00a0<\/span><br style=\"color: #282828;\" \/><span style=\"color: #282828;\">(2) Koska kilpailu alkoi tuntua liian helpolta, lis\u00e4sin alkuviikosta\u00a0<\/span><span style=\"color: #282828;\">lomakkeisiin sek\u00e4 (a) ryp\u00e4lelajikkeen ett\u00e4 (b) viinin alkuper\u00e4maan\u00a0<\/span><span style=\"color: #282828;\">kohdalle yhden lis\u00e4vaihtoehdon.<br \/>\n(3) Nyt oikea vastaus on valittava nelj\u00e4st\u00e4\u00a0<\/span><span style=\"color: #282828;\">annetusta lajikkeesta ja \u00a0maasta. Kisa ei ole en\u00e4\u00e4 sangen helppo vaan \u00a0<\/span><span style=\"color: #282828;\">pelk\u00e4st\u00e4\u00e4n helppo.<\/span><\/p><\/blockquote>\n<p>Porukalla totesimme ett\u00e4 on erinomaisen hienoa, \u00a0ett\u00e4 joku [BTW: samainen <a title=\"Koivu, jubilaari\" href=\"https:\/\/www.satokangas.fi\/blogi\/2013\/07\/koivu-jubilaari\/\">Koivu<\/a>, jonka monet teist\u00e4 kommenttien kautta tunnettekin) kilpailua jaksaa laatia ja j\u00e4rjest\u00e4\u00e4.<\/p>\n<p>Valitsin taktiikaksi jo aiemmin hyv\u00e4ksi havaitun = p\u00e4\u00e4t\u00e4n vastaukseni kerralla. Katson v\u00e4rin, tuoksutan ja maistan. Veikkaan (huom. veikkaan, harvoin tied\u00e4n) vastauksen. T\u00e4n\u00e4\u00e4n strategia puri. Voitin (26 pist.)! Ihan selke\u00e4 ero kakkoseen (20 pist.), joka oli? \u00a0&#8211; Pehtoori! \ud83d\ude09 \u00a0Ei ole meid\u00e4n parivaljakko turhaan kes\u00e4\u00e4 treenannut. \ud83d\ude09<\/p>\n<p><a href=\"https:\/\/www.satokangas.fi\/blogi\/wp-content\/uploads\/2014\/08\/222-4.jpg\"><img loading=\"lazy\" decoding=\"async\" data-attachment-id=\"22179\" data-permalink=\"https:\/\/www.satokangas.fi\/blogi\/2014\/08\/viinin-maistelua-kilpailuhengessa\/222-4\/\" data-orig-file=\"https:\/\/www.satokangas.fi\/blogi\/wp-content\/uploads\/2014\/08\/222-4.jpg\" data-orig-size=\"1083,1280\" data-comments-opened=\"1\" data-image-meta=\"{&quot;aperture&quot;:&quot;2.8&quot;,&quot;credit&quot;:&quot;Reija Satokangas&quot;,&quot;camera&quot;:&quot;Canon PowerShot G1 X Mark II&quot;,&quot;caption&quot;:&quot;&quot;,&quot;created_timestamp&quot;:&quot;1408215280&quot;,&quot;copyright&quot;:&quot;&quot;,&quot;focal_length&quot;:&quot;12.5&quot;,&quot;iso&quot;:&quot;100&quot;,&quot;shutter_speed&quot;:&quot;0.05&quot;,&quot;title&quot;:&quot;&quot;}\" data-image-title=\"222-4\" data-image-description=\"\" data-image-caption=\"\" data-large-file=\"https:\/\/www.satokangas.fi\/blogi\/wp-content\/uploads\/2014\/08\/222-4-866x1024.jpg\" class=\"aligncenter size-medium wp-image-22179\" src=\"https:\/\/www.satokangas.fi\/blogi\/wp-content\/uploads\/2014\/08\/222-4-338x400.jpg\" alt=\"222-4\" width=\"338\" height=\"400\" srcset=\"https:\/\/www.satokangas.fi\/blogi\/wp-content\/uploads\/2014\/08\/222-4-338x400.jpg 338w, https:\/\/www.satokangas.fi\/blogi\/wp-content\/uploads\/2014\/08\/222-4-253x300.jpg 253w, https:\/\/www.satokangas.fi\/blogi\/wp-content\/uploads\/2014\/08\/222-4-866x1024.jpg 866w, https:\/\/www.satokangas.fi\/blogi\/wp-content\/uploads\/2014\/08\/222-4.jpg 1083w\" sizes=\"auto, (max-width: 338px) 100vw, 338px\" \/><\/a><\/p>\n<p>Eik\u00e4 kisa ollut illan ainoa mukava asia: s\u00f6imme hyvin, saimme nauttia ylenpalttisen kauniista puutarhasta, kauniista kattauksesta, keskustelevasta seurasta, yst\u00e4vyydest\u00e4. Kes\u00e4st\u00e4 ja kaikesta. Se kaikki on paljon.<\/p>\n<p style=\"text-align: center;\"><img loading=\"lazy\" decoding=\"async\" data-attachment-id=\"22177\" data-permalink=\"https:\/\/www.satokangas.fi\/blogi\/2014\/08\/viinin-maistelua-kilpailuhengessa\/222-2\/\" data-orig-file=\"https:\/\/www.satokangas.fi\/blogi\/wp-content\/uploads\/2014\/08\/222-2.jpg\" data-orig-size=\"1600,1034\" data-comments-opened=\"1\" data-image-meta=\"{&quot;aperture&quot;:&quot;3.2&quot;,&quot;credit&quot;:&quot;Reija Satokangas&quot;,&quot;camera&quot;:&quot;Canon PowerShot G1 X Mark II&quot;,&quot;caption&quot;:&quot;&quot;,&quot;created_timestamp&quot;:&quot;1408206334&quot;,&quot;copyright&quot;:&quot;&quot;,&quot;focal_length&quot;:&quot;19.74&quot;,&quot;iso&quot;:&quot;100&quot;,&quot;shutter_speed&quot;:&quot;0.008&quot;,&quot;title&quot;:&quot;&quot;}\" data-image-title=\"222-2\" data-image-description=\"\" data-image-caption=\"\" data-large-file=\"https:\/\/www.satokangas.fi\/blogi\/wp-content\/uploads\/2014\/08\/222-2-1584x1024.jpg\" class=\"aligncenter size-medium wp-image-22177\" src=\"https:\/\/www.satokangas.fi\/blogi\/wp-content\/uploads\/2014\/08\/222-2-600x387.jpg\" alt=\"222-2\" width=\"600\" height=\"387\" srcset=\"https:\/\/www.satokangas.fi\/blogi\/wp-content\/uploads\/2014\/08\/222-2-600x387.jpg 600w, https:\/\/www.satokangas.fi\/blogi\/wp-content\/uploads\/2014\/08\/222-2-300x193.jpg 300w, https:\/\/www.satokangas.fi\/blogi\/wp-content\/uploads\/2014\/08\/222-2-1584x1024.jpg 1584w, https:\/\/www.satokangas.fi\/blogi\/wp-content\/uploads\/2014\/08\/222-2.jpg 1600w\" sizes=\"auto, (max-width: 600px) 100vw, 600px\" \/><\/p>\n<p style=\"text-align: center;\">Taas on hyv\u00e4.<\/p>\n<p>&nbsp;<\/p>\n","protected":false},"excerpt":{"rendered":"<p>Aamup\u00e4iv\u00e4n auringossa tuntui tuulen kylmyys, tiesi ett\u00e4 jossain l\u00e4hell\u00e4 on syksy. Sen tunsi. Ja sitten auringossa onkin oikein mukava py\u00f6r\u00e4ill\u00e4. Ja auringossa mukava olla kotipihalla. Iltap\u00e4iv\u00e4ll\u00e4 hankkiuduimme bussien kuljetettavaksi [palaan viel\u00e4 t\u00e4h\u00e4n joku p\u00e4iv\u00e4!] ja matkasimme niinkin kauas kuin Oulunsaloon.\u00a0T\u00e4n\u00e4\u00e4n oli \u00a0The 10th BO Challenge Tasting. Eli viinikerhomme kymmenes maistelukisa. Ja kilpailukutsussa luki ENSIN n\u00e4in: Kolme valko- ja kolme punaviini\u00e4. &hellip; <\/p>\n","protected":false},"author":1,"featured_media":0,"comment_status":"open","ping_status":"open","sticky":false,"template":"","format":"standard","meta":{"jetpack_post_was_ever_published":false,"_jetpack_newsletter_access":"","_jetpack_dont_email_post_to_subs":false,"_jetpack_newsletter_tier_id":0,"_jetpack_memberships_contains_paywalled_content":false,"_jetpack_memberships_contains_paid_content":false,"footnotes":"","jetpack_publicize_message":"","jetpack_publicize_feature_enabled":true,"jetpack_social_post_already_shared":true,"jetpack_social_options":{"image_generator_settings":{"template":"highway","default_image_id":0,"font":"","enabled":false},"version":2}},"categories":[1],"tags":[],"class_list":["post-22175","post","type-post","status-publish","format-standard","hentry","category-aiheeton","latest_post"],"jetpack_publicize_connections":[],"jetpack_featured_media_url":"","jetpack_shortlink":"https:\/\/wp.me\/pr4p4-5LF","jetpack_sharing_enabled":true,"jetpack_likes_enabled":false,"jetpack-related-posts":[{"id":20901,"url":"https:\/\/www.satokangas.fi\/blogi\/2014\/04\/ruoan-ja-liikkumisen-juhla\/","url_meta":{"origin":22175,"position":0},"title":"Ruoan ja liikkumisen juhla","author":"Reija","date":"20.4.2014","format":false,"excerpt":"Ruokajuhlahan t\u00e4st\u00e4 p\u00e4\u00e4si\u00e4isest\u00e4 tuli. Ja ulkoilun ja auringon juhla. Liikkumisen ja nukkumisen juhla. Muutamista tarjolla olleista\u00a0ruoista Juniori on todennut, ett\u00e4 \"kuvausrekvisiittaa\", mutta toisaalta on my\u00f6nt\u00e4nyt saaneensa sittenkin vatsansa t\u00e4yteen. :D Toivottavasti teille, jotka \"Pienen p\u00e4\u00e4si\u00e4isruokakirjaseni\" mukaan jotain p\u00e4\u00e4si\u00e4isp\u00f6yt\u00e4\u00e4nne rohkenitte kokkailla, on p\u00e4\u00e4si\u00e4inen ollut ruokajuhla. Aaltoilee. Hyvi\u00e4 aaltoja. Yst\u00e4vilt\u00e4 lahjaksi saatu\u2026","rel":"","context":"Kategoriassa &quot;Lappi&quot;","block_context":{"text":"Lappi","link":"https:\/\/www.satokangas.fi\/blogi\/category\/lappi\/"},"img":{"alt_text":"","src":"https:\/\/i0.wp.com\/www.satokangas.fi\/blogi\/wp-content\/uploads\/2014\/04\/1-Custom.jpg?resize=350%2C200&ssl=1","width":350,"height":200,"srcset":"https:\/\/i0.wp.com\/www.satokangas.fi\/blogi\/wp-content\/uploads\/2014\/04\/1-Custom.jpg?resize=350%2C200&ssl=1 1x, https:\/\/i0.wp.com\/www.satokangas.fi\/blogi\/wp-content\/uploads\/2014\/04\/1-Custom.jpg?resize=525%2C300&ssl=1 1.5x, https:\/\/i0.wp.com\/www.satokangas.fi\/blogi\/wp-content\/uploads\/2014\/04\/1-Custom.jpg?resize=700%2C400&ssl=1 2x"},"classes":[]},{"id":54240,"url":"https:\/\/www.satokangas.fi\/blogi\/2026\/04\/lienee-jopa-mummin-onnenpaivat\/","url_meta":{"origin":22175,"position":1},"title":"&#8221;Lienee jopa mummin onnenp\u00e4iv\u00e4t &#8212; &#8221;","author":"Reija","date":"4.4.2026","format":false,"excerpt":"\"Lienee jopa mummin onnenp\u00e4iv\u00e4t ...\" , totesi Ty\u00e4r J\u00e4rvenp\u00e4\u00e4st\u00e4 kun perhechatti keskip\u00e4iv\u00e4ll\u00e4 raikasi ja kuvia ja viestej\u00e4 vaihtui. Oikeassa oli. Ollaan yhdess\u00e4 ulkoiltu, pelattu (ristiseiska on nyt kova juttu!), istuttu ruokap\u00f6yd\u00e4ss\u00e4. Ollaan nukuttu (ainakin osa meist\u00e4), nautittu auringosta, k\u00e4yty Kuukkelissa t\u00e4ydent\u00e4m\u00e4ss\u00e4 suklaamunakokoelmaa, l\u00e4mmitetty saunaa (\"min\u00e4 sytytin, pappa laittoi palamaan\", totesi\u2026","rel":"","context":"Kategoriassa &quot;Isovanhemmuus&quot;","block_context":{"text":"Isovanhemmuus","link":"https:\/\/www.satokangas.fi\/blogi\/category\/isovanhemmuus\/"},"img":{"alt_text":"","src":"https:\/\/i0.wp.com\/www.satokangas.fi\/blogi\/wp-content\/uploads\/2026\/04\/Saariselka_2026-4.jpg?resize=350%2C200&ssl=1","width":350,"height":200,"srcset":"https:\/\/i0.wp.com\/www.satokangas.fi\/blogi\/wp-content\/uploads\/2026\/04\/Saariselka_2026-4.jpg?resize=350%2C200&ssl=1 1x, https:\/\/i0.wp.com\/www.satokangas.fi\/blogi\/wp-content\/uploads\/2026\/04\/Saariselka_2026-4.jpg?resize=525%2C300&ssl=1 1.5x, https:\/\/i0.wp.com\/www.satokangas.fi\/blogi\/wp-content\/uploads\/2026\/04\/Saariselka_2026-4.jpg?resize=700%2C400&ssl=1 2x"},"classes":[]},{"id":7606,"url":"https:\/\/www.satokangas.fi\/blogi\/2010\/06\/saamenmaan-suvessa\/","url_meta":{"origin":22175,"position":2},"title":"Saamenmaan suvessa","author":"Reija","date":"24.6.2010","format":false,"excerpt":"Aamulla ensimm\u00e4isen kerran her\u00e4tess\u00e4 n\u00e4in auringons\u00e4teiden heijastuvan\u00a0tuvan punaiseen ryijyyn: ollaan m\u00f6kill\u00e4, on loma! Nukumme kahdeksaan. Juhannussaunan pesu ensimm\u00e4inen projekti, jonka j\u00e4lkeen\u00a0niit\u00e4 on riitt\u00e4nyt. Ulkona on ollut ilo olla. L\u00e4mmin, melko tyven, tosin pilvess\u00e4 ison osan p\u00e4iv\u00e4st\u00e4, mutta s\u00e4\u00e4ski\u00e4 paljon v\u00e4hemm\u00e4n kuin Oulussa. Siit\u00e4k\u00f6s olemme olleet iloisia! \u00a0 Toissap\u00e4iv\u00e4n postauksessani oli\u2026","rel":"","context":"Kategoriassa &quot;Historiaa&quot;","block_context":{"text":"Historiaa","link":"https:\/\/www.satokangas.fi\/blogi\/category\/historiaa\/"},"img":{"alt_text":"","src":"","width":0,"height":0},"classes":[]},{"id":47438,"url":"https:\/\/www.satokangas.fi\/blogi\/2023\/10\/merenrannassa-auringossa-canonin-kanssa-kavelylla\/","url_meta":{"origin":22175,"position":3},"title":"Merenrannassa, auringossa Canonin kanssa k\u00e4velyll\u00e4","author":"Reija","date":"30.10.2023","format":false,"excerpt":"Eilisen lumisateen, t\u00e4m\u00e4np\u00e4iv\u00e4isen auringonpaisteen yhteisvaikutuksesta merenrannassa oli kimmelt\u00e4vi\u00e4 hankia, valoa kuin huhtikuussa, joutsenia (kolme valkoista pistett\u00e4 merell\u00e4), pikkupakkanen. Maanantaiaamuna tepastelemassa, miettim\u00e4ss\u00e4 ja aloittamassa tulevaa v\u00e4lj\u00e4\u00e4 viikkoa. Milleh\u00e4n alkaisi? Merikin alkaa jo rannoilta j\u00e4\u00e4ty\u00e4. Olin menossa Ilokiville asti, mutta aallonmurtajalla on sulan kelinkin aikaan vaikea turvallisesti k\u00e4vell\u00e4, koska kivet ovat irrallisia,\u2026","rel":"","context":"Kategoriassa &quot;Oulu&quot;","block_context":{"text":"Oulu","link":"https:\/\/www.satokangas.fi\/blogi\/category\/oulu\/"},"img":{"alt_text":"","src":"https:\/\/i0.wp.com\/www.satokangas.fi\/blogi\/wp-content\/uploads\/2023\/10\/Lokakuunpaiste-4.jpg?resize=350%2C200&ssl=1","width":350,"height":200,"srcset":"https:\/\/i0.wp.com\/www.satokangas.fi\/blogi\/wp-content\/uploads\/2023\/10\/Lokakuunpaiste-4.jpg?resize=350%2C200&ssl=1 1x, https:\/\/i0.wp.com\/www.satokangas.fi\/blogi\/wp-content\/uploads\/2023\/10\/Lokakuunpaiste-4.jpg?resize=525%2C300&ssl=1 1.5x, https:\/\/i0.wp.com\/www.satokangas.fi\/blogi\/wp-content\/uploads\/2023\/10\/Lokakuunpaiste-4.jpg?resize=700%2C400&ssl=1 2x"},"classes":[]},{"id":39079,"url":"https:\/\/www.satokangas.fi\/blogi\/2020\/07\/kesalomalla-kotikaupungissa\/","url_meta":{"origin":22175,"position":4},"title":"Kes\u00e4lomalla kotikaupungissa","author":"Reija","date":"26.7.2020","format":false,"excerpt":"Kuin lahjaksi saatu oli t\u00e4m\u00e4n p\u00e4iv\u00e4inen kes\u00e4inen keli. S\u00e4\u00e4tiedotus oli lupaillut poutaantuvaa vasta illaksi, mutta koko p\u00e4iv\u00e4 oli sateetonta, ja enimm\u00e4kseen ihanan kes\u00e4ist\u00e4, aurinkoista, l\u00e4mmint\u00e4.\u00a0Jo aamulla. Sattuipa sellainen harvinainen n\u00e4ky, jollaista ei ikin\u00e4 ennen: \u00c4mm\u00e4nv\u00e4yl\u00e4ss\u00e4, ihan Raatin kupeessa, siis periaatteessa Oulun keskustassa, uiskenteli saukkoperhe. Ainakin kolme, jollei nelj\u00e4 saukkoa uida\u2026","rel":"","context":"Kategoriassa &quot;Oulu&quot;","block_context":{"text":"Oulu","link":"https:\/\/www.satokangas.fi\/blogi\/category\/oulu\/"},"img":{"alt_text":"","src":"https:\/\/i0.wp.com\/www.satokangas.fi\/blogi\/wp-content\/uploads\/2020\/07\/saukko.jpg?resize=350%2C200&ssl=1","width":350,"height":200,"srcset":"https:\/\/i0.wp.com\/www.satokangas.fi\/blogi\/wp-content\/uploads\/2020\/07\/saukko.jpg?resize=350%2C200&ssl=1 1x, https:\/\/i0.wp.com\/www.satokangas.fi\/blogi\/wp-content\/uploads\/2020\/07\/saukko.jpg?resize=525%2C300&ssl=1 1.5x, https:\/\/i0.wp.com\/www.satokangas.fi\/blogi\/wp-content\/uploads\/2020\/07\/saukko.jpg?resize=700%2C400&ssl=1 2x"},"classes":[]},{"id":38888,"url":"https:\/\/www.satokangas.fi\/blogi\/2020\/06\/yhdeksankymmenta-vuotta\/","url_meta":{"origin":22175,"position":5},"title":"Yhdeks\u00e4nkymment\u00e4 vuotta","author":"Reija","date":"28.6.2020","format":false,"excerpt":"Koivistolla 1.7.1930 Aleksanteri ja Elisa Tuulen seitsenlapsisen perheen kuudentena lapsena syntyi \u00e4itini. T\u00e4n\u00e4\u00e4n oli siis aihetta juhlaan. Ysikymppiset vietettiin veljeni ja perheens\u00e4 m\u00f6kill\u00e4. Me kolme sisarusta ja melkein kaikki meid\u00e4n perheenj\u00e4senemme olimme (yhteens\u00e4 12) paikalla Iijoen rannalla aurinkoisessa, mutta mukavan vilvoittavan tuulisessa kes\u00e4s\u00e4\u00e4ss\u00e4. S\u00f6imme hyvin, kilistelimme samppanjalla, lauloimmekin, nautimme auringosta,\u2026","rel":"","context":"Kategoriassa &quot;Niit\u00e4 n\u00e4it\u00e4&quot;","block_context":{"text":"Niit\u00e4 n\u00e4it\u00e4","link":"https:\/\/www.satokangas.fi\/blogi\/category\/aiheeton\/"},"img":{"alt_text":"","src":"https:\/\/i0.wp.com\/www.satokangas.fi\/blogi\/wp-content\/uploads\/2020\/06\/1-59.jpg?resize=350%2C200&ssl=1","width":350,"height":200,"srcset":"https:\/\/i0.wp.com\/www.satokangas.fi\/blogi\/wp-content\/uploads\/2020\/06\/1-59.jpg?resize=350%2C200&ssl=1 1x, https:\/\/i0.wp.com\/www.satokangas.fi\/blogi\/wp-content\/uploads\/2020\/06\/1-59.jpg?resize=525%2C300&ssl=1 1.5x, https:\/\/i0.wp.com\/www.satokangas.fi\/blogi\/wp-content\/uploads\/2020\/06\/1-59.jpg?resize=700%2C400&ssl=1 2x"},"classes":[]}],"_links":{"self":[{"href":"https:\/\/www.satokangas.fi\/blogi\/wp-json\/wp\/v2\/posts\/22175","targetHints":{"allow":["GET"]}}],"collection":[{"href":"https:\/\/www.satokangas.fi\/blogi\/wp-json\/wp\/v2\/posts"}],"about":[{"href":"https:\/\/www.satokangas.fi\/blogi\/wp-json\/wp\/v2\/types\/post"}],"author":[{"embeddable":true,"href":"https:\/\/www.satokangas.fi\/blogi\/wp-json\/wp\/v2\/users\/1"}],"replies":[{"embeddable":true,"href":"https:\/\/www.satokangas.fi\/blogi\/wp-json\/wp\/v2\/comments?post=22175"}],"version-history":[{"count":0,"href":"https:\/\/www.satokangas.fi\/blogi\/wp-json\/wp\/v2\/posts\/22175\/revisions"}],"wp:attachment":[{"href":"https:\/\/www.satokangas.fi\/blogi\/wp-json\/wp\/v2\/media?parent=22175"}],"wp:term":[{"taxonomy":"category","embeddable":true,"href":"https:\/\/www.satokangas.fi\/blogi\/wp-json\/wp\/v2\/categories?post=22175"},{"taxonomy":"post_tag","embeddable":true,"href":"https:\/\/www.satokangas.fi\/blogi\/wp-json\/wp\/v2\/tags?post=22175"}],"curies":[{"name":"wp","href":"https:\/\/api.w.org\/{rel}","templated":true}]}}