{"id":22166,"date":"2014-08-15T20:23:21","date_gmt":"2014-08-15T17:23:21","guid":{"rendered":"https:\/\/www.satokangas.fi\/blogi\/?p=22166"},"modified":"2014-08-16T08:13:57","modified_gmt":"2014-08-16T05:13:57","slug":"%e2%99%aa-on-viela-jaljella-%e2%99%aa-%e2%99%aa","status":"publish","type":"post","link":"https:\/\/www.satokangas.fi\/blogi\/2014\/08\/%e2%99%aa-on-viela-jaljella-%e2%99%aa-%e2%99%aa\/","title":{"rendered":"\u266a . . . on  viel\u00e4 j\u00e4ljell\u00e4 \u266a  \u266a"},"content":{"rendered":"<p style=\"text-align: center;\"><a href=\"https:\/\/www.satokangas.fi\/blogi\/wp-content\/uploads\/2014\/08\/viel\u00e4-j\u00e4ljell\u00e4-4.jpg\"><img loading=\"lazy\" decoding=\"async\" class=\"aligncenter size-medium wp-image-22171\" src=\"https:\/\/www.satokangas.fi\/blogi\/wp-content\/uploads\/2014\/08\/viel\u00e4-j\u00e4ljell\u00e4-4-228x400.jpg\" alt=\"_.. viel\u00e4 j\u00e4ljell\u00e4-4\" width=\"228\" height=\"400\" \/><\/a><\/p>\n<p style=\"text-align: center;\"><a href=\"https:\/\/www.satokangas.fi\/blogi\/wp-content\/uploads\/2014\/08\/viel\u00e4-j\u00e4ljell\u00e4-2.jpg\"><img loading=\"lazy\" decoding=\"async\" class=\"aligncenter size-medium wp-image-22169\" src=\"https:\/\/www.satokangas.fi\/blogi\/wp-content\/uploads\/2014\/08\/viel\u00e4-j\u00e4ljell\u00e4-2-517x400.jpg\" alt=\"_.. viel\u00e4 j\u00e4ljell\u00e4-2\" width=\"517\" height=\"400\" \/><\/a><\/p>\n<p>Vakavasti otettavalta n\u00e4ytt\u00e4v\u00e4 sateenuhka oli hyv\u00e4 syy l\u00e4hte\u00e4 t\u00f6ist\u00e4 heti kohta kahden j\u00e4lkeen: varttitunnin py\u00f6r\u00e4matkalla ei ollut mink\u00e4\u00e4n valtakunnan intoa kastua.\u00a0No, eih\u00e4n se sitten satanut, ja oli\u00a0perjantai. Hyvin k\u00e4vi.<\/p>\n<p>Kes\u00e4\u00e4 siis viel\u00e4 on j\u00e4ljell\u00e4. Matkalla k\u00e4vin ostamassa puoli kiloa salmiakkia ja Onnen sanat -arpoja, muutaman Muumi-kortin ja muuta pient\u00e4 ja kevytt\u00e4. Ei kalorisesti kevytt\u00e4, vaan painoltaan.<\/p>\n<p style=\"text-align: center;\"><a href=\"https:\/\/www.satokangas.fi\/blogi\/wp-content\/uploads\/2014\/08\/WP_20140813_15_16_47_Pro.jpg\"><img loading=\"lazy\" decoding=\"async\" data-attachment-id=\"22172\" data-permalink=\"https:\/\/www.satokangas.fi\/blogi\/2014\/08\/%e2%99%aa-on-viela-jaljella-%e2%99%aa-%e2%99%aa\/wp_20140813_15_16_47_pro\/\" data-orig-file=\"https:\/\/www.satokangas.fi\/blogi\/wp-content\/uploads\/2014\/08\/WP_20140813_15_16_47_Pro.jpg\" data-orig-size=\"1521,873\" data-comments-opened=\"1\" data-image-meta=\"{&quot;aperture&quot;:&quot;2.2&quot;,&quot;credit&quot;:&quot;&quot;,&quot;camera&quot;:&quot;Lumia 1020&quot;,&quot;caption&quot;:&quot;&quot;,&quot;created_timestamp&quot;:&quot;1407943005&quot;,&quot;copyright&quot;:&quot;&quot;,&quot;focal_length&quot;:&quot;0&quot;,&quot;iso&quot;:&quot;160&quot;,&quot;shutter_speed&quot;:&quot;0.033012&quot;,&quot;title&quot;:&quot;&quot;}\" data-image-title=\"WP_20140813_15_16_47_Pro\" data-image-description=\"\" data-image-caption=\"\" data-large-file=\"https:\/\/www.satokangas.fi\/blogi\/wp-content\/uploads\/2014\/08\/WP_20140813_15_16_47_Pro.jpg\" class=\"aligncenter size-medium wp-image-22172\" src=\"https:\/\/www.satokangas.fi\/blogi\/wp-content\/uploads\/2014\/08\/WP_20140813_15_16_47_Pro-600x344.jpg\" alt=\"WP_20140813_15_16_47_Pro\" width=\"600\" height=\"344\" srcset=\"https:\/\/www.satokangas.fi\/blogi\/wp-content\/uploads\/2014\/08\/WP_20140813_15_16_47_Pro-600x344.jpg 600w, https:\/\/www.satokangas.fi\/blogi\/wp-content\/uploads\/2014\/08\/WP_20140813_15_16_47_Pro-300x172.jpg 300w, https:\/\/www.satokangas.fi\/blogi\/wp-content\/uploads\/2014\/08\/WP_20140813_15_16_47_Pro.jpg 1521w\" sizes=\"auto, (max-width: 600px) 100vw, 600px\" \/><\/a><\/p>\n<p>Tytt\u00e4relle syntt\u00e4ripaketti Meksikoon on kuin paraskin lastenjuhlien &#8221;survival kit&#8221; &#8211; ja paljolti toiveiden mukainen \ud83d\ude09 . Yksi yst\u00e4v\u00e4 kysyi kerran, ett\u00e4 miksi kerron tai kuvaan t\u00e4\u00e4ll\u00e4 blogissa, mit\u00e4 lapselle Meksikoon paketoin: &#8221;Eik\u00f6 ole kurjaa paljastaa etuk\u00e4teen, mit\u00e4 h\u00e4nelle l\u00e4het\u00e4t?&#8221; &#8211; \u00a0Olisi, mutta kun lapsi ei Tuulestatemmattua lue. Sille on syyns\u00e4. Ihan sama syy, miksi emme h\u00e4nen Strassbourgin vaihtarikev\u00e4\u00e4n\u00e4\u00e4n paljon soitelleet, emmek\u00e4 nytk\u00e4\u00e4n soittele. Skype on eri juttu, ja whatsapp. Niist\u00e4 ei tule hillit\u00f6n ik\u00e4v\u00e4.<\/p>\n<p>Meksikon terveisi\u00e4 ja kuvia onkin kertynyt taas niin paljon, ett\u00e4 voisin vaikka alkuviikosta tehd\u00e4 niist\u00e4 yhden postauksen.<\/p>\n<p>Ja sitten viel\u00e4 t\u00e4h\u00e4n p\u00e4iv\u00e4\u00e4n&#8230;<\/p>\n<p style=\"text-align: center;\"><a href=\"https:\/\/www.satokangas.fi\/blogi\/wp-content\/uploads\/2014\/08\/viel\u00e4-j\u00e4ljell\u00e4-3.jpg\"><img loading=\"lazy\" decoding=\"async\" class=\"aligncenter size-medium wp-image-22170\" src=\"https:\/\/www.satokangas.fi\/blogi\/wp-content\/uploads\/2014\/08\/viel\u00e4-j\u00e4ljell\u00e4-3-563x400.jpg\" alt=\"_.. viel\u00e4 j\u00e4ljell\u00e4-3\" width=\"563\" height=\"400\" \/><\/a><\/p>\n<p>Ikin\u00e4 ennen en ole YLEn kes\u00e4kuvakisaan l\u00e4hett\u00e4nyt kuvia, mutta nyt l\u00e4hetin t\u00e4lle elokuulle jo kolmannen. T\u00e4m\u00e4n elokuun teemana on &#8221;Parasta p\u00f6yt\u00e4\u00e4n&#8221;. Pari kalaasiviikonlopun kuvaa sinne pistin ehdolle jo aiemmin.<\/p>\n<p><a href=\"http:\/\/yle.fi\/uutiset\/kesakuvakisa_2014_-_elokuun_kuvia\/7383761\">http:\/\/yle.fi\/uutiset\/kesakuvakisa_2014_-_elokuun_kuvia\/7383761<\/a><\/p>\n<p>\u00c4sken sitten tuon yll\u00e4 olevan &#8221;Ongelta ja kasvimaalta&#8221; -otoksen l\u00e4hetin. Kilpailun \u00a0tuomarina on kuvaaja ja valokuvauskouluttaja Pekka Punkari, jonka kahdella verkkokurssilla olen ollut. Voinpa kyll\u00e4 suositella h\u00e4nen kurssejaan. Esim t\u00e4m\u00e4:<\/p>\n<p><a href=\"http:\/\/www.pohjois-pohjanmaankesayliopisto.fi\/fi\/vaikuttavaan_valokuvailmaisuun\/\">http:\/\/www.pohjois-pohjanmaankesayliopisto.fi\/fi\/vaikuttavaan_valokuvailmaisuun\/<\/a><\/p>\n<p>Kurssien aikana tulee skarpatuksi, harjoitelleeksi, haastaneeksi itsens\u00e4 ja tulee haastetuksi. Ja kyll\u00e4 niill\u00e4 oppii.<\/p>\n<p>&nbsp;<\/p>\n","protected":false},"excerpt":{"rendered":"<p>Vakavasti otettavalta n\u00e4ytt\u00e4v\u00e4 sateenuhka oli hyv\u00e4 syy l\u00e4hte\u00e4 t\u00f6ist\u00e4 heti kohta kahden j\u00e4lkeen: varttitunnin py\u00f6r\u00e4matkalla ei ollut mink\u00e4\u00e4n valtakunnan intoa kastua.\u00a0No, eih\u00e4n se sitten satanut, ja oli\u00a0perjantai. Hyvin k\u00e4vi. Kes\u00e4\u00e4 siis viel\u00e4 on j\u00e4ljell\u00e4. Matkalla k\u00e4vin ostamassa puoli kiloa salmiakkia ja Onnen sanat -arpoja, muutaman Muumi-kortin ja muuta pient\u00e4 ja kevytt\u00e4. Ei kalorisesti kevytt\u00e4, vaan painoltaan. Tytt\u00e4relle syntt\u00e4ripaketti Meksikoon on &hellip; <\/p>\n","protected":false},"author":1,"featured_media":0,"comment_status":"open","ping_status":"open","sticky":false,"template":"","format":"standard","meta":{"jetpack_post_was_ever_published":false,"_jetpack_newsletter_access":"","_jetpack_dont_email_post_to_subs":false,"_jetpack_newsletter_tier_id":0,"_jetpack_memberships_contains_paywalled_content":false,"_jetpack_memberships_contains_paid_content":false,"footnotes":"","jetpack_publicize_message":"","jetpack_publicize_feature_enabled":true,"jetpack_social_post_already_shared":true,"jetpack_social_options":{"image_generator_settings":{"template":"highway","default_image_id":0,"font":"","enabled":false},"version":2}},"categories":[1,37],"tags":[],"class_list":["post-22166","post","type-post","status-publish","format-standard","hentry","category-aiheeton","category-valokuvaus","latest_post"],"jetpack_publicize_connections":[],"jetpack_featured_media_url":"","jetpack_shortlink":"https:\/\/wp.me\/pr4p4-5Lw","jetpack_sharing_enabled":true,"jetpack_likes_enabled":false,"jetpack-related-posts":[{"id":21664,"url":"https:\/\/www.satokangas.fi\/blogi\/2014\/07\/oulu-on-merenrantakaupunki\/","url_meta":{"origin":22166,"position":0},"title":"Oulu on merenrantakaupunki","author":"Reija","date":"6.7.2014","format":false,"excerpt":"Miksi l\u00e4hte\u00e4 maailman \u00e4\u00e4riin, kun Oulukin on niin kaunis!? \u00a0Aamuisin varsinkin. Kes\u00e4aamuisin varsinkin. Tyynet, aurinkoiset kes\u00e4aamut! \u00a0\u2665 Lenkill\u00e4 Toppilansaaressa, M\u00f6lj\u00e4ll\u00e4, Nallikarissa. Eik\u00e4 sitten paljon muuta, miksi pit\u00e4isi? :) Klikkaamalla allaolevat kuvat suurenevat, jopa n\u00e4yt\u00f6n backgroundeiksi? Top 10 -viinilista ja kes\u00e4lukemistot pihalla \"puuhailuna\". Olen NIIIIN\u00a0lomalla! \u266a \u00a0\u266a \u266a \u00a0\u266b \u266a \u266b\u00a0","rel":"","context":"Kategoriassa &quot;Oulu&quot;","block_context":{"text":"Oulu","link":"https:\/\/www.satokangas.fi\/blogi\/category\/oulu\/"},"img":{"alt_text":"Nallikarissa-7","src":"https:\/\/i0.wp.com\/www.satokangas.fi\/blogi\/wp-content\/uploads\/2014\/07\/Nallikarissa-7-266x400.jpg?resize=350%2C200&ssl=1","width":350,"height":200},"classes":[]},{"id":20293,"url":"https:\/\/www.satokangas.fi\/blogi\/2014\/02\/hiljaa-hyraillen\/","url_meta":{"origin":22166,"position":1},"title":"Hiljaa hyr\u00e4illen","author":"Reija","date":"10.2.2014","format":false,"excerpt":"\u00a0 Kolme kertaa per\u00e4j\u00e4lkeen katson Ellie Goulding videoklipin\u00a0(alussa pitk\u00e4 mainos jonka voi skipata helposti)\u00a0 . . . \u00a0Katson ja kuuntelen kauniin biisin niin monta kertaa, \u00a0ett\u00e4 se j\u00e4\u00e4 soimaan kauniisti mieleen. Ja yht\u00e4kki\u00e4 ei olekaan maanantai-ilta, eik\u00e4 mit\u00e4\u00e4n t\u00e4hdellist\u00e4 tekemist\u00e4. \u266a \u00a0 Haaveilen kaikenmoisesta, unohdan kaikenmoista. On merkillisen kevyt olo,\u2026","rel":"","context":"Kategoriassa &quot;Niit\u00e4 n\u00e4it\u00e4&quot;","block_context":{"text":"Niit\u00e4 n\u00e4it\u00e4","link":"https:\/\/www.satokangas.fi\/blogi\/category\/aiheeton\/"},"img":{"alt_text":"images","src":"https:\/\/i0.wp.com\/www.satokangas.fi\/blogi\/wp-content\/uploads\/2014\/02\/images.jpg?resize=350%2C200&ssl=1","width":350,"height":200},"classes":[]},{"id":23773,"url":"https:\/\/www.satokangas.fi\/blogi\/2015\/01\/leffassa\/","url_meta":{"origin":22166,"position":2},"title":"Leffassa","author":"Reija","date":"29.1.2015","format":false,"excerpt":"Miep\u00e4 k\u00e4vin elokuvissa. Tuosta vaan keksin ruoan j\u00e4lkeen l\u00e4ht\u00e4 leffaan. Pehtoori ei jaksanu, halunnu. Menin yksin. Ei siell\u00e4 montaa ollut. Ostin irtokarkkejaki. Stariin menin; se on mukava, perheyritys, leppoisa, famili\u00e4\u00e4ri, ei Finnkinon s\u00e4rm\u00e4\u00e4 eik\u00e4\u00a0suuruutta, mik\u00e4 on hyv\u00e4 asia. Star on l\u00e4hell\u00e4, kymmenen minsaa meilt\u00e4. Tosin tiet ihan luokattoman huonossa ja\u2026","rel":"","context":"Kategoriassa &quot;Niit\u00e4 n\u00e4it\u00e4&quot;","block_context":{"text":"Niit\u00e4 n\u00e4it\u00e4","link":"https:\/\/www.satokangas.fi\/blogi\/category\/aiheeton\/"},"img":{"alt_text":"leffassa","src":"https:\/\/i0.wp.com\/www.satokangas.fi\/blogi\/wp-content\/uploads\/2015\/01\/leffassa-600x338.jpg?resize=350%2C200&ssl=1","width":350,"height":200,"srcset":"https:\/\/i0.wp.com\/www.satokangas.fi\/blogi\/wp-content\/uploads\/2015\/01\/leffassa-600x338.jpg?resize=350%2C200&ssl=1 1x, https:\/\/i0.wp.com\/www.satokangas.fi\/blogi\/wp-content\/uploads\/2015\/01\/leffassa-600x338.jpg?resize=525%2C300&ssl=1 1.5x"},"classes":[]},{"id":20979,"url":"https:\/\/www.satokangas.fi\/blogi\/2014\/04\/jaat-on-lahteneet\/","url_meta":{"origin":22166,"position":3},"title":"J\u00e4\u00e4t on l\u00e4hteneet!","author":"Reija","date":"26.4.2014","format":false,"excerpt":"Oli pakko p\u00e4\u00e4st\u00e4 merenrantaan, M\u00f6lj\u00e4lle. Vaikka l\u00e4ht\u00f6 viiv\u00e4styi, oli siell\u00e4 viel\u00e4 kymmenen j\u00e4lkeenkin seesteist\u00e4, hiljaista, rauhallista. Olin kauan. J\u00e4\u00e4t l\u00e4hteneet, lintuja. V\u00e4st\u00e4r\u00e4kkikin. Aika t\u00f6rstin\u00e4 on. ;) (kannattaa klikkailla kuvat isommiksi, ehdottomasti kannattaa) Siis en\u00e4\u00e4 vain v\u00e4h\u00e4sen kes\u00e4\u00e4n, ... silt\u00e4 tuntui. Minun massallani ei paljon hyp\u00e4hdell\u00e4, mutta mieli hyp\u00e4hteli ilosta, kev\u00e4\u00e4st\u00e4.\u2026","rel":"","context":"Kategoriassa &quot;Niit\u00e4 n\u00e4it\u00e4&quot;","block_context":{"text":"Niit\u00e4 n\u00e4it\u00e4","link":"https:\/\/www.satokangas.fi\/blogi\/category\/aiheeton\/"},"img":{"alt_text":"M\u00f6lj\u00e4ll\u00e4 4_2014-9","src":"https:\/\/i0.wp.com\/www.satokangas.fi\/blogi\/wp-content\/uploads\/2014\/04\/M%C3%B6lj%C3%A4ll%C3%A4-4_2014-9-504x400.jpg?resize=350%2C200&ssl=1","width":350,"height":200},"classes":[]},{"id":23429,"url":"https:\/\/www.satokangas.fi\/blogi\/2014\/12\/viimehetken-jouluherkkuasiaa\/","url_meta":{"origin":22166,"position":4},"title":"Viimehetken jouluherkkuasiaa","author":"Reija","date":"22.12.2014","format":false,"excerpt":"Eih\u00e4n n\u00e4ist\u00e4 nyt en\u00e4\u00e4 joulup\u00f6yd\u00e4n vinkeiksi taida olla, mutta onhan noita pyhi\u00e4 tulossa vaikka ja kuinka ... Nyt kun kaupoissa on hyvin saatavilla erinomaista kalkkunaa, niin kannattaa tehd\u00e4 - vaikka uudenvuoden juhlaan? - vitello tonnatoa. Italiassahan, tai siis \"oikeesti\" se tehd\u00e4\u00e4n vasikasta, mutta t\u00e4ss\u00e4 ohjeessa se tehd\u00e4\u00e4nkin kalkkunasta. Minulla oli\u2026","rel":"","context":"Kategoriassa &quot;Ruoka ja viini&quot;","block_context":{"text":"Ruoka ja viini","link":"https:\/\/www.satokangas.fi\/blogi\/category\/ruoka_ja_viini\/"},"img":{"alt_text":"Jouluherkkuja-4","src":"https:\/\/i0.wp.com\/www.satokangas.fi\/blogi\/wp-content\/uploads\/2014\/12\/Jouluherkkuja-4-600x400.jpg?resize=350%2C200&ssl=1","width":350,"height":200,"srcset":"https:\/\/i0.wp.com\/www.satokangas.fi\/blogi\/wp-content\/uploads\/2014\/12\/Jouluherkkuja-4-600x400.jpg?resize=350%2C200&ssl=1 1x, https:\/\/i0.wp.com\/www.satokangas.fi\/blogi\/wp-content\/uploads\/2014\/12\/Jouluherkkuja-4-600x400.jpg?resize=525%2C300&ssl=1 1.5x"},"classes":[]},{"id":10100,"url":"https:\/\/www.satokangas.fi\/blogi\/2010\/12\/takaisin-pohjoisen-satumaailmassa\/","url_meta":{"origin":22166,"position":5},"title":"Takaisin pohjoisen satumaailmassa","author":"Reija","date":"28.12.2010","format":false,"excerpt":"\u00c4sken lumit\u00f6it\u00e4 tehdess\u00e4 n\u00e4in tummalla t\u00e4htitaivaalla pienet, vihre\u00e4t - revontulet. Ne tuntuivat sellaisilta tervetuloa -revontulilta. Pakkasta on, parikymment\u00e4 astetta. Lunta v\u00e4h\u00e4n. Ei puolta metri\u00e4k\u00e4\u00e4n, pehtoorin viime k\u00e4ynnin j\u00e4lkeen tullut hyvin v\u00e4h\u00e4n uutta kevytt\u00e4 pakkaslunta, joten reilussa tunnissa sain\u00a0kolalla (en raskinut lumilinkoa ottaa metel\u00f6im\u00e4\u00e4n tai sotkemaan kauniita kimmelt\u00e4vi\u00e4 hankia) m\u00f6kin pihan\u2026","rel":"","context":"Kategoriassa &quot;Lappi&quot;","block_context":{"text":"Lappi","link":"https:\/\/www.satokangas.fi\/blogi\/category\/lappi\/"},"img":{"alt_text":"","src":"https:\/\/i0.wp.com\/www.satokangas.fi\/blogi\/wp-content\/uploads\/oravanko-500x326.jpg?resize=350%2C200&ssl=1","width":350,"height":200},"classes":[]}],"_links":{"self":[{"href":"https:\/\/www.satokangas.fi\/blogi\/wp-json\/wp\/v2\/posts\/22166","targetHints":{"allow":["GET"]}}],"collection":[{"href":"https:\/\/www.satokangas.fi\/blogi\/wp-json\/wp\/v2\/posts"}],"about":[{"href":"https:\/\/www.satokangas.fi\/blogi\/wp-json\/wp\/v2\/types\/post"}],"author":[{"embeddable":true,"href":"https:\/\/www.satokangas.fi\/blogi\/wp-json\/wp\/v2\/users\/1"}],"replies":[{"embeddable":true,"href":"https:\/\/www.satokangas.fi\/blogi\/wp-json\/wp\/v2\/comments?post=22166"}],"version-history":[{"count":0,"href":"https:\/\/www.satokangas.fi\/blogi\/wp-json\/wp\/v2\/posts\/22166\/revisions"}],"wp:attachment":[{"href":"https:\/\/www.satokangas.fi\/blogi\/wp-json\/wp\/v2\/media?parent=22166"}],"wp:term":[{"taxonomy":"category","embeddable":true,"href":"https:\/\/www.satokangas.fi\/blogi\/wp-json\/wp\/v2\/categories?post=22166"},{"taxonomy":"post_tag","embeddable":true,"href":"https:\/\/www.satokangas.fi\/blogi\/wp-json\/wp\/v2\/tags?post=22166"}],"curies":[{"name":"wp","href":"https:\/\/api.w.org\/{rel}","templated":true}]}}