{"id":22122,"date":"2014-08-09T16:25:30","date_gmt":"2014-08-09T13:25:30","guid":{"rendered":"https:\/\/www.satokangas.fi\/blogi\/?p=22122"},"modified":"2018-07-12T22:28:04","modified_gmt":"2018-07-12T19:28:04","slug":"virtuaalikalaasit","status":"publish","type":"post","link":"https:\/\/www.satokangas.fi\/blogi\/2014\/08\/virtuaalikalaasit\/","title":{"rendered":"Virtuaalikalaasit"},"content":{"rendered":"<p style=\"text-align: center;\">No nyt on kaikki valmiina! Kes\u00e4n 2014 Kalaasit alkakoon!<\/p>\n<p style=\"text-align: center;\">Laitanpa t\u00e4h\u00e4n virtuaalisesti v\u00e4h\u00e4n tunnelmia, n\u00e4kymi\u00e4&#8230;<\/p>\n<p style=\"text-align: center;\">Juhlap\u00e4iv\u00e4n aamuna Festassa n\u00e4ytti t\u00e4lt\u00e4.<\/p>\n<p style=\"text-align: center;\"><a href=\"https:\/\/www.satokangas.fi\/blogi\/wp-content\/uploads\/2014\/08\/111-15.jpg\"><img loading=\"lazy\" decoding=\"async\" data-attachment-id=\"22124\" data-permalink=\"https:\/\/www.satokangas.fi\/blogi\/2014\/08\/virtuaalikalaasit\/111-15\/\" data-orig-file=\"https:\/\/www.satokangas.fi\/blogi\/wp-content\/uploads\/2014\/08\/111-15.jpg\" data-orig-size=\"1600,1067\" data-comments-opened=\"1\" data-image-meta=\"{&quot;aperture&quot;:&quot;5.6&quot;,&quot;credit&quot;:&quot;Reija Satokangas&quot;,&quot;camera&quot;:&quot;Canon EOS 5D Mark II&quot;,&quot;caption&quot;:&quot;&quot;,&quot;created_timestamp&quot;:&quot;1407573144&quot;,&quot;copyright&quot;:&quot;&quot;,&quot;focal_length&quot;:&quot;32&quot;,&quot;iso&quot;:&quot;500&quot;,&quot;shutter_speed&quot;:&quot;0.001&quot;,&quot;title&quot;:&quot;&quot;}\" data-image-title=\"111-15\" data-image-description=\"\" data-image-caption=\"\" data-large-file=\"https:\/\/www.satokangas.fi\/blogi\/wp-content\/uploads\/2014\/08\/111-15-1535x1024.jpg\" class=\"aligncenter size-medium wp-image-22124\" src=\"https:\/\/www.satokangas.fi\/blogi\/wp-content\/uploads\/2014\/08\/111-15-600x400.jpg\" alt=\"111-15\" width=\"600\" height=\"400\" srcset=\"https:\/\/www.satokangas.fi\/blogi\/wp-content\/uploads\/2014\/08\/111-15-600x400.jpg 600w, https:\/\/www.satokangas.fi\/blogi\/wp-content\/uploads\/2014\/08\/111-15-300x200.jpg 300w, https:\/\/www.satokangas.fi\/blogi\/wp-content\/uploads\/2014\/08\/111-15-1535x1024.jpg 1535w, https:\/\/www.satokangas.fi\/blogi\/wp-content\/uploads\/2014\/08\/111-15.jpg 1600w\" sizes=\"auto, (max-width: 600px) 100vw, 600px\" \/><\/a><\/p>\n<p style=\"text-align: center;\">Oikeastaan aika valtava m\u00e4\u00e4r\u00e4 astioita tarvitaan, semminkin kun keksin taas kaikkia pikkuruokia tarjottavaksi.<\/p>\n<p style=\"text-align: center;\"><img loading=\"lazy\" decoding=\"async\" data-attachment-id=\"22125\" data-permalink=\"https:\/\/www.satokangas.fi\/blogi\/2014\/08\/virtuaalikalaasit\/111-16\/\" data-orig-file=\"https:\/\/www.satokangas.fi\/blogi\/wp-content\/uploads\/2014\/08\/111-16.jpg\" data-orig-size=\"1600,1067\" data-comments-opened=\"1\" data-image-meta=\"{&quot;aperture&quot;:&quot;5.6&quot;,&quot;credit&quot;:&quot;Reija Satokangas&quot;,&quot;camera&quot;:&quot;Canon EOS 5D Mark II&quot;,&quot;caption&quot;:&quot;&quot;,&quot;created_timestamp&quot;:&quot;1407573397&quot;,&quot;copyright&quot;:&quot;&quot;,&quot;focal_length&quot;:&quot;70&quot;,&quot;iso&quot;:&quot;500&quot;,&quot;shutter_speed&quot;:&quot;0.001&quot;,&quot;title&quot;:&quot;&quot;}\" data-image-title=\"111-16\" data-image-description=\"\" data-image-caption=\"\" data-large-file=\"https:\/\/www.satokangas.fi\/blogi\/wp-content\/uploads\/2014\/08\/111-16-1535x1024.jpg\" class=\"aligncenter size-medium wp-image-22125\" src=\"https:\/\/www.satokangas.fi\/blogi\/wp-content\/uploads\/2014\/08\/111-16-600x400.jpg\" alt=\"111-16\" width=\"600\" height=\"400\" srcset=\"https:\/\/www.satokangas.fi\/blogi\/wp-content\/uploads\/2014\/08\/111-16-600x400.jpg 600w, https:\/\/www.satokangas.fi\/blogi\/wp-content\/uploads\/2014\/08\/111-16-300x200.jpg 300w, https:\/\/www.satokangas.fi\/blogi\/wp-content\/uploads\/2014\/08\/111-16-1535x1024.jpg 1535w, https:\/\/www.satokangas.fi\/blogi\/wp-content\/uploads\/2014\/08\/111-16.jpg 1600w\" sizes=\"auto, (max-width: 600px) 100vw, 600px\" \/><\/p>\n<p style=\"text-align: center;\">Ja tyls\u00e4n n\u00e4k\u00f6isest\u00e4 siikatartaristakin tuli ihan vekkuli ruoka, eik\u00f6? \ud83d\ude42<\/p>\n<p style=\"text-align: center;\"><a href=\"https:\/\/www.satokangas.fi\/blogi\/wp-content\/uploads\/2014\/08\/111-14.jpg\"><img loading=\"lazy\" decoding=\"async\" data-attachment-id=\"22123\" data-permalink=\"https:\/\/www.satokangas.fi\/blogi\/2014\/08\/virtuaalikalaasit\/111-14\/\" data-orig-file=\"https:\/\/www.satokangas.fi\/blogi\/wp-content\/uploads\/2014\/08\/111-14.jpg\" data-orig-size=\"1600,1241\" data-comments-opened=\"1\" data-image-meta=\"{&quot;aperture&quot;:&quot;3.2&quot;,&quot;credit&quot;:&quot;Reija Satokangas&quot;,&quot;camera&quot;:&quot;Canon EOS 5D Mark II&quot;,&quot;caption&quot;:&quot;&quot;,&quot;created_timestamp&quot;:&quot;1407577869&quot;,&quot;copyright&quot;:&quot;&quot;,&quot;focal_length&quot;:&quot;35&quot;,&quot;iso&quot;:&quot;250&quot;,&quot;shutter_speed&quot;:&quot;0.0003125&quot;,&quot;title&quot;:&quot;&quot;}\" data-image-title=\"111-14\" data-image-description=\"\" data-image-caption=\"\" data-large-file=\"https:\/\/www.satokangas.fi\/blogi\/wp-content\/uploads\/2014\/08\/111-14-1320x1024.jpg\" class=\"aligncenter size-medium wp-image-22123\" src=\"https:\/\/www.satokangas.fi\/blogi\/wp-content\/uploads\/2014\/08\/111-14-515x400.jpg\" alt=\"111-14\" width=\"515\" height=\"400\" srcset=\"https:\/\/www.satokangas.fi\/blogi\/wp-content\/uploads\/2014\/08\/111-14-515x400.jpg 515w, https:\/\/www.satokangas.fi\/blogi\/wp-content\/uploads\/2014\/08\/111-14-300x232.jpg 300w, https:\/\/www.satokangas.fi\/blogi\/wp-content\/uploads\/2014\/08\/111-14-1320x1024.jpg 1320w, https:\/\/www.satokangas.fi\/blogi\/wp-content\/uploads\/2014\/08\/111-14.jpg 1600w\" sizes=\"auto, (max-width: 515px) 100vw, 515px\" \/><\/a><a href=\"https:\/\/www.satokangas.fi\/blogi\/wp-content\/uploads\/2014\/08\/111-16.jpg\"><br \/>\n<\/a>Kuten n\u00e4ette plaseerauskortteja ei ole! Kuten jo keskiviikkona kerroin, keksimme uuden tavan sijoittaa kuusi pariskuntaa (meill\u00e4 on vakipaikat p\u00f6yd\u00e4n p\u00e4iss\u00e4) paikoilleen.<\/p>\n<p style=\"text-align: center;\"><a href=\"https:\/\/www.satokangas.fi\/blogi\/wp-content\/uploads\/2014\/08\/111-21.jpg\"><img loading=\"lazy\" decoding=\"async\" data-attachment-id=\"22126\" data-permalink=\"https:\/\/www.satokangas.fi\/blogi\/2014\/08\/virtuaalikalaasit\/111-21\/\" data-orig-file=\"https:\/\/www.satokangas.fi\/blogi\/wp-content\/uploads\/2014\/08\/111-21.jpg\" data-orig-size=\"1600,1067\" data-comments-opened=\"1\" data-image-meta=\"{&quot;aperture&quot;:&quot;9&quot;,&quot;credit&quot;:&quot;Reija Satokangas&quot;,&quot;camera&quot;:&quot;Canon EOS 5D Mark II&quot;,&quot;caption&quot;:&quot;&quot;,&quot;created_timestamp&quot;:&quot;1407574143&quot;,&quot;copyright&quot;:&quot;&quot;,&quot;focal_length&quot;:&quot;35&quot;,&quot;iso&quot;:&quot;800&quot;,&quot;shutter_speed&quot;:&quot;0.002&quot;,&quot;title&quot;:&quot;&quot;}\" data-image-title=\"111-21\" data-image-description=\"\" data-image-caption=\"\" data-large-file=\"https:\/\/www.satokangas.fi\/blogi\/wp-content\/uploads\/2014\/08\/111-21-1535x1024.jpg\" class=\"aligncenter size-medium wp-image-22126\" src=\"https:\/\/www.satokangas.fi\/blogi\/wp-content\/uploads\/2014\/08\/111-21-600x400.jpg\" alt=\"111-21\" width=\"600\" height=\"400\" srcset=\"https:\/\/www.satokangas.fi\/blogi\/wp-content\/uploads\/2014\/08\/111-21-600x400.jpg 600w, https:\/\/www.satokangas.fi\/blogi\/wp-content\/uploads\/2014\/08\/111-21-300x200.jpg 300w, https:\/\/www.satokangas.fi\/blogi\/wp-content\/uploads\/2014\/08\/111-21-1535x1024.jpg 1535w, https:\/\/www.satokangas.fi\/blogi\/wp-content\/uploads\/2014\/08\/111-21.jpg 1600w\" sizes=\"auto, (max-width: 600px) 100vw, 600px\" \/><\/a><\/p>\n<p>P\u00e4\u00e4timme pit\u00e4\u00e4 pikaisen &#8221;plaseeurauskisan&#8221; kekkereiden aluksi. Kisan teema\u00a0on ruokateemaa (Pohjoismainen, suomalainen keitti\u00f6) muokaillen Suomeen liittyv\u00e4, \u00a0ja sitten meid\u00e4n porukkaamme (Gruppo San Lorenzo) liittyvi\u00e4 muutamia kysymyksi\u00e4. Se joka ensimm\u00e4isen\u00e4 vastaa oikein, saa ensimm\u00e4isen\u00e4 valita paikkansa, toiseen kysymykseen ekana oikein vastannut seuraavana jne. ..<\/p>\n<p>Kokeilehan (googlaamatta), moneenko osaat vastata. (voin huomenissa postailla oikeat vastaukset \ud83d\ude42 ) \u00a0 &#8211; T\u00e4ss\u00e4 virtuaaliskabassa ei nyt valitettavasti ole palkintoja \ud83d\ude41<\/p>\n<p>1. Milloin on Suomen lipun p\u00e4iv\u00e4?<br \/>\n2. Mik\u00e4 on Suomen kansallisel\u00e4in?<br \/>\n3. Monennetko kalaasit n\u00e4m\u00e4 ovat?<br \/>\n4. Suomen tanssilavoilla, ravintoloissa, radiossa eniten soitettu kappale 2000-luvulla (ja ilmeisesti kautta aikojen)?<br \/>\n5. Montako s\u00e4keist\u00f6\u00e4 on Suomen kansallislaulussa?<br \/>\n6. Montako Pyh\u00e4n Laurin kirkkoa on Suomessa?<br \/>\n7. Mill\u00e4 vuosisadalla Suomessa alettiin k\u00e4ytt\u00e4\u00e4 haarukkaa?<br \/>\n8. Mik\u00e4 on Suomen kansalliskala?<br \/>\n9. Montako Michelin t\u00e4hti -ravintolaa on Suomessa t\u00e4ll\u00e4 hetkell\u00e4?<br \/>\n10. Kansalliskoira?<br \/>\n11. Mik\u00e4 on eniten ostettu automerkki\/tyyppi vuonna 2013?<br \/>\n12. Miss\u00e4 maassa tuotettua viini\u00e4 juodaan Suomessa eniten (Alkon tilaston mukaan)?<br \/>\n13. Suomen kansallispuu?<\/p>\n<p>&nbsp;<\/p>\n<p>Ja pist\u00e4np\u00e4 t\u00e4h\u00e4n viel\u00e4 menunkin, \u00a0&#8211; Oulun murteella sen koetin v\u00e4\u00e4nt\u00e4\u00e4. Pahaltahan se kuulostaa. Murre siis. Toivottavasti ei menu.<\/p>\n<p>Menu<\/p>\n<p>&nbsp;<\/p>\n<p>Kylym\u00e4\u00e4 kurkku-yrtti-keittua ja raksuja<\/p>\n<p>&nbsp;<\/p>\n<p>Sitruunaista m\u00e4tivaahtua<br \/>\nSiikatartaria<br \/>\nKuhaceviche\u00e4<br \/>\nJokirapuja omatekosesa soosisa<br \/>\nPikkusia Toast Skageneita<br \/>\nRiimiporua ja sipulihilloketta<\/p>\n<p>Saaristolaisleip\u00e4\u00e4<br \/>\nKukkolavorssenin n\u00e4kk\u00e4ri\u00e4<br \/>\nPaahettua voita ja suolakitteist\u00e4 voita<\/p>\n<p>&nbsp;<\/p>\n<p>Siikaa hiilirillist\u00e4<br \/>\nKanttarellikastiketta<br \/>\nYrtti-kermaviilikastiketta<br \/>\nUusija pottuja<br \/>\nH\u00f6lskykurkkuja<br \/>\n(Viskaalin rillimakkaroita jos jollaki on lihanhimo :))<\/p>\n<p>&nbsp;<\/p>\n<p>Juustua, hillua ja keksej\u00e4<br \/>\n(morbier, pecorino, gouda)<\/p>\n<p>&nbsp;<\/p>\n<p>Mustikkakukkua ja vaniljakastiketta<br \/>\nMansikoita ja likk\u00f6\u00f6rikermavaahtua, paahettua valakosuklaata<\/p>\n<p>Kahavia<br \/>\nMozartin tumma suklaa -likk\u00f6\u00f6ri\u00e4 tai Nonnii-amarua<\/p>\n","protected":false},"excerpt":{"rendered":"<p>No nyt on kaikki valmiina! Kes\u00e4n 2014 Kalaasit alkakoon! Laitanpa t\u00e4h\u00e4n virtuaalisesti v\u00e4h\u00e4n tunnelmia, n\u00e4kymi\u00e4&#8230; Juhlap\u00e4iv\u00e4n aamuna Festassa n\u00e4ytti t\u00e4lt\u00e4. Oikeastaan aika valtava m\u00e4\u00e4r\u00e4 astioita tarvitaan, semminkin kun keksin taas kaikkia pikkuruokia tarjottavaksi. Ja tyls\u00e4n n\u00e4k\u00f6isest\u00e4 siikatartaristakin tuli ihan vekkuli ruoka, eik\u00f6? \ud83d\ude42 Kuten n\u00e4ette plaseerauskortteja ei ole! Kuten jo keskiviikkona kerroin, keksimme uuden tavan sijoittaa kuusi pariskuntaa (meill\u00e4 on &hellip; <\/p>\n","protected":false},"author":1,"featured_media":0,"comment_status":"open","ping_status":"open","sticky":false,"template":"","format":"standard","meta":{"jetpack_post_was_ever_published":false,"_jetpack_newsletter_access":"","_jetpack_dont_email_post_to_subs":false,"_jetpack_newsletter_tier_id":0,"_jetpack_memberships_contains_paywalled_content":false,"_jetpack_memberships_contains_paid_content":false,"footnotes":"","jetpack_publicize_message":"","jetpack_publicize_feature_enabled":true,"jetpack_social_post_already_shared":true,"jetpack_social_options":{"image_generator_settings":{"template":"highway","default_image_id":0,"font":"","enabled":false},"version":2}},"categories":[82,1,17],"tags":[],"class_list":["post-22122","post","type-post","status-publish","format-standard","hentry","category-kalaasit","category-aiheeton","category-ruoka_ja_viini","latest_post"],"jetpack_publicize_connections":[],"jetpack_featured_media_url":"","jetpack_shortlink":"https:\/\/wp.me\/pr4p4-5KO","jetpack_sharing_enabled":true,"jetpack_likes_enabled":false,"jetpack-related-posts":[{"id":28888,"url":"https:\/\/www.satokangas.fi\/blogi\/2016\/08\/kalaasien-edella\/","url_meta":{"origin":22122,"position":0},"title":"Kalaasien edell\u00e4","author":"Reija","date":"5.8.2016","format":false,"excerpt":"Lasit on putsattu, liinat silitetty, servietit taiteltu... T\u00e4m\u00e4 kaikki on niin paljon mukavampaa ja sujuvampaa, kun ei ole duunia hidastamassa juhlien j\u00e4rjest\u00e4mist\u00e4. ... Tosin edelleen ensi viikon dead-linet kapitulin ja koulun osalta nakuttavat takaraivossa, mutta t\u00e4n\u00e4\u00e4n sain jo kaksi kuvasarjaa l\u00e4htem\u00e4\u00e4nkin (varakuvineenkin, ei saisi olla kuin viis\/sarja...\u00a0k\u00e4yh\u00e4n katsomassa jos kiinnostaa,...\u2026","rel":"","context":"Kategoriassa &quot;Niit\u00e4 n\u00e4it\u00e4&quot;","block_context":{"text":"Niit\u00e4 n\u00e4it\u00e4","link":"https:\/\/www.satokangas.fi\/blogi\/category\/aiheeton\/"},"img":{"alt_text":"Kalaasit-3","src":"https:\/\/i0.wp.com\/www.satokangas.fi\/blogi\/wp-content\/uploads\/2016\/08\/Kalaasit-3-423x400.jpg?resize=350%2C200&ssl=1","width":350,"height":200},"classes":[]},{"id":28893,"url":"https:\/\/www.satokangas.fi\/blogi\/2016\/08\/ennen-ja-jalkeen\/","url_meta":{"origin":22122,"position":1},"title":"Ennen ja j\u00e4lkeen&#8230;","author":"Reija","date":"7.8.2016","format":false,"excerpt":"Ensi vuonna taas.","rel":"","context":"Kategoriassa &quot;Kalaasit&quot;","block_context":{"text":"Kalaasit","link":"https:\/\/www.satokangas.fi\/blogi\/category\/kalaasit\/"},"img":{"alt_text":"Kalaasit-7","src":"https:\/\/i0.wp.com\/www.satokangas.fi\/blogi\/wp-content\/uploads\/2016\/08\/Kalaasit-7-600x400.jpg?resize=350%2C200&ssl=1","width":350,"height":200,"srcset":"https:\/\/i0.wp.com\/www.satokangas.fi\/blogi\/wp-content\/uploads\/2016\/08\/Kalaasit-7-600x400.jpg?resize=350%2C200&ssl=1 1x, https:\/\/i0.wp.com\/www.satokangas.fi\/blogi\/wp-content\/uploads\/2016\/08\/Kalaasit-7-600x400.jpg?resize=525%2C300&ssl=1 1.5x"},"classes":[]},{"id":36963,"url":"https:\/\/www.satokangas.fi\/blogi\/2019\/08\/kalaasit-ovat-ohi\/","url_meta":{"origin":22122,"position":2},"title":"En\u00e4\u00e4 ei ole kalaaseja!","author":"Reija","date":"11.8.2019","format":false,"excerpt":"Se pit\u00e4isi muistaa, ett\u00e4 on t\u00e4rke\u00e4\u00e4 nauttia pienist\u00e4 asioista, t\u00e4rkeist\u00e4 ihmisist\u00e4 ja hyv\u00e4st\u00e4 ruoasta. Elinehtoja taitavat olla nuo. Tai noh, minulle ainakin ovat. Meill\u00e4 on nyt taas pitk\u00e4ksi aikaa varastossa hyv\u00e4\u00e4 mielt\u00e4 noista jutuista. On Kalaasien j\u00e4lkeinen sunnuntai, Pehtoorin syntt\u00e4rit, elokuun leppoisan l\u00e4mmin sunnuntai. Ja mietin, ett\u00e4 kannatti pohtia ja\u2026","rel":"","context":"Kategoriassa &quot;Kalaasit&quot;","block_context":{"text":"Kalaasit","link":"https:\/\/www.satokangas.fi\/blogi\/category\/kalaasit\/"},"img":{"alt_text":"","src":"https:\/\/i0.wp.com\/www.satokangas.fi\/blogi\/wp-content\/uploads\/2019\/08\/kalaasit-4.jpg?resize=350%2C200&ssl=1","width":350,"height":200,"srcset":"https:\/\/i0.wp.com\/www.satokangas.fi\/blogi\/wp-content\/uploads\/2019\/08\/kalaasit-4.jpg?resize=350%2C200&ssl=1 1x, https:\/\/i0.wp.com\/www.satokangas.fi\/blogi\/wp-content\/uploads\/2019\/08\/kalaasit-4.jpg?resize=525%2C300&ssl=1 1.5x, https:\/\/i0.wp.com\/www.satokangas.fi\/blogi\/wp-content\/uploads\/2019\/08\/kalaasit-4.jpg?resize=700%2C400&ssl=1 2x"},"classes":[]},{"id":28903,"url":"https:\/\/www.satokangas.fi\/blogi\/2016\/08\/kalaasien-jalkeen-kuvauspaiva\/","url_meta":{"origin":22122,"position":3},"title":"Kalaasien j\u00e4lkeen kuvausp\u00e4iv\u00e4","author":"Reija","date":"7.8.2016","format":false,"excerpt":"Yst\u00e4v\u00e4t sanoivat, ett\u00e4 oli kes\u00e4n kohokohta, tai ainakin yksi t\u00e4rkeimmist\u00e4. Siis Kalaasit meill\u00e4. Onhan ne meillekin yksi kes\u00e4n kohokohta. Ollut jo kauan. Eilen ne taas oli. Ja kyll\u00e4 me jo puolen p\u00e4iv\u00e4n j\u00e4lkeen Pehtoorin kanssa olimme v\u00e4h\u00e4n huolissamme, ett\u00e4 mit\u00e4 olemme unohtaneet, onko joku asia j\u00e4\u00e4nyt tekem\u00e4tt\u00e4, ruoka valmistamatta, piha\u2026","rel":"","context":"Kategoriassa &quot;Isovanhemmuus&quot;","block_context":{"text":"Isovanhemmuus","link":"https:\/\/www.satokangas.fi\/blogi\/category\/isovanhemmuus\/"},"img":{"alt_text":"Kalaasit-10","src":"https:\/\/i0.wp.com\/www.satokangas.fi\/blogi\/wp-content\/uploads\/2016\/08\/Kalaasit-10-600x400.jpg?resize=350%2C200&ssl=1","width":350,"height":200,"srcset":"https:\/\/i0.wp.com\/www.satokangas.fi\/blogi\/wp-content\/uploads\/2016\/08\/Kalaasit-10-600x400.jpg?resize=350%2C200&ssl=1 1x, https:\/\/i0.wp.com\/www.satokangas.fi\/blogi\/wp-content\/uploads\/2016\/08\/Kalaasit-10-600x400.jpg?resize=525%2C300&ssl=1 1.5x"},"classes":[]},{"id":36958,"url":"https:\/\/www.satokangas.fi\/blogi\/2019\/08\/kaikkien-aikojen-kalaasit\/","url_meta":{"origin":22122,"position":4},"title":"Kaikkien aikojen kalaasit","author":"Reija","date":"10.8.2019","format":false,"excerpt":"Nyt ne on vietetty. Kaikkien aikojen kalaasit. Viimeiset kalaasit. Hieman h\u00e4mmentynyt, mutta el\u00e4m\u00e4 jatkuu... \u00a0","rel":"","context":"Kategoriassa &quot;Kalaasit&quot;","block_context":{"text":"Kalaasit","link":"https:\/\/www.satokangas.fi\/blogi\/category\/kalaasit\/"},"img":{"alt_text":"","src":"https:\/\/i0.wp.com\/www.satokangas.fi\/blogi\/wp-content\/uploads\/2019\/08\/kalaasit.jpg?resize=350%2C200&ssl=1","width":350,"height":200,"srcset":"https:\/\/i0.wp.com\/www.satokangas.fi\/blogi\/wp-content\/uploads\/2019\/08\/kalaasit.jpg?resize=350%2C200&ssl=1 1x, https:\/\/i0.wp.com\/www.satokangas.fi\/blogi\/wp-content\/uploads\/2019\/08\/kalaasit.jpg?resize=525%2C300&ssl=1 1.5x"},"classes":[]},{"id":18411,"url":"https:\/\/www.satokangas.fi\/blogi\/2013\/08\/kalaaseista-ja-niiden-tarjoiluista-viela\/","url_meta":{"origin":22122,"position":5},"title":"Kalaaseista ja niiden tarjoiluista viel\u00e4","author":"Reija","date":"15.8.2013","format":false,"excerpt":"Palatakseni viel\u00e4 kalaaseihin.\u00a0Meid\u00e4n kes\u00e4n suurin ruokajuhlahan oli viime lauantaina, ja teemana - v\u00e4ist\u00e4m\u00e4tt\u00e4 - Meksiko. Kutsuun kirjoitin: \"T\u00e4n\u00e4 vuonna mariachi-musiikki soi,\u00a0chili\u00e4 ja salsaa on v\u00e4hint\u00e4\u00e4nkin riitt\u00e4v\u00e4sti, tequila virtaa ja sombrerot lentelev\u00e4t! - sik\u00e4li kun teill\u00e4 sellaisia on! Pukukoodissahan voisi olla jotain latinoa ...\"\u00a0 Sombreroja ei n\u00e4kynyt, mutta h\u00e4iv\u00e4hdyksi\u00e4 latinosta oli\u2026","rel":"","context":"Kategoriassa &quot;Meksiko&quot;","block_context":{"text":"Meksiko","link":"https:\/\/www.satokangas.fi\/blogi\/category\/reissut\/meksiko\/"},"img":{"alt_text":"Kalaasit Meksiko-teemalla-3","src":"https:\/\/i0.wp.com\/www.satokangas.fi\/blogi\/wp-content\/uploads\/2013\/08\/Kalaasit-Meksiko-teemalla-3-333x400.jpg?resize=350%2C200&ssl=1","width":350,"height":200},"classes":[]}],"_links":{"self":[{"href":"https:\/\/www.satokangas.fi\/blogi\/wp-json\/wp\/v2\/posts\/22122","targetHints":{"allow":["GET"]}}],"collection":[{"href":"https:\/\/www.satokangas.fi\/blogi\/wp-json\/wp\/v2\/posts"}],"about":[{"href":"https:\/\/www.satokangas.fi\/blogi\/wp-json\/wp\/v2\/types\/post"}],"author":[{"embeddable":true,"href":"https:\/\/www.satokangas.fi\/blogi\/wp-json\/wp\/v2\/users\/1"}],"replies":[{"embeddable":true,"href":"https:\/\/www.satokangas.fi\/blogi\/wp-json\/wp\/v2\/comments?post=22122"}],"version-history":[{"count":0,"href":"https:\/\/www.satokangas.fi\/blogi\/wp-json\/wp\/v2\/posts\/22122\/revisions"}],"wp:attachment":[{"href":"https:\/\/www.satokangas.fi\/blogi\/wp-json\/wp\/v2\/media?parent=22122"}],"wp:term":[{"taxonomy":"category","embeddable":true,"href":"https:\/\/www.satokangas.fi\/blogi\/wp-json\/wp\/v2\/categories?post=22122"},{"taxonomy":"post_tag","embeddable":true,"href":"https:\/\/www.satokangas.fi\/blogi\/wp-json\/wp\/v2\/tags?post=22122"}],"curies":[{"name":"wp","href":"https:\/\/api.w.org\/{rel}","templated":true}]}}