{"id":22119,"date":"2014-08-08T21:14:51","date_gmt":"2014-08-08T18:14:51","guid":{"rendered":"https:\/\/www.satokangas.fi\/blogi\/?p=22119"},"modified":"2018-07-12T22:29:21","modified_gmt":"2018-07-12T19:29:21","slug":"perjantaina-lyhyesti","status":"publish","type":"post","link":"https:\/\/www.satokangas.fi\/blogi\/2014\/08\/perjantaina-lyhyesti\/","title":{"rendered":"Perjantaina lyhyesti"},"content":{"rendered":"<p>Eilen illalla kun olin \u00e4idin luona k\u00e4ym\u00e4ss\u00e4, kerroin tulevista kalaaseista, siit\u00e4, mit\u00e4 aion tarjota, millaista &#8221;ohjelmaa&#8221; meill\u00e4 on, ja \u00e4iti palasi menneeseen, muisteli aikoja\u00a0Tanskassa ja sit\u00e4, ett\u00e4 Ruotsissa j\u00e4rjestettiin ennen kalaaseja&#8230; mutta kummasteli, etteik\u00f6 ole iso homma j\u00e4rjest\u00e4\u00e4 moisia kestej\u00e4? &#8211; No on. Onhan se sellainen viikon projekti, mutta kun minulle se on ilo! Ainoa, ett\u00e4 toivon, ett\u00e4 olisi v\u00e4h\u00e4n enemm\u00e4n aikaa, ehtisin huolellisemmin, enemm\u00e4n &#8221;pipert\u00e4\u00e4&#8221;.<\/p>\n<p><a href=\"https:\/\/www.satokangas.fi\/blogi\/wp-content\/uploads\/2014\/08\/InstagramCapture_55520994-1706-4c86-a72e-b2d041a97428_jpg.jpg\"><img loading=\"lazy\" decoding=\"async\" data-attachment-id=\"22120\" data-permalink=\"https:\/\/www.satokangas.fi\/blogi\/2014\/08\/perjantaina-lyhyesti\/instagramcapture_55520994-1706-4c86-a72e-b2d041a97428_jpg\/\" data-orig-file=\"https:\/\/www.satokangas.fi\/blogi\/wp-content\/uploads\/2014\/08\/InstagramCapture_55520994-1706-4c86-a72e-b2d041a97428_jpg.jpg\" data-orig-size=\"1024,1024\" data-comments-opened=\"1\" data-image-meta=\"{&quot;aperture&quot;:&quot;0&quot;,&quot;credit&quot;:&quot;&quot;,&quot;camera&quot;:&quot;&quot;,&quot;caption&quot;:&quot;&quot;,&quot;created_timestamp&quot;:&quot;0&quot;,&quot;copyright&quot;:&quot;&quot;,&quot;focal_length&quot;:&quot;0&quot;,&quot;iso&quot;:&quot;0&quot;,&quot;shutter_speed&quot;:&quot;0&quot;,&quot;title&quot;:&quot;&quot;}\" data-image-title=\"InstagramCapture_55520994-1706-4c86-a72e-b2d041a97428_jpg\" data-image-description=\"\" data-image-caption=\"\" data-large-file=\"https:\/\/www.satokangas.fi\/blogi\/wp-content\/uploads\/2014\/08\/InstagramCapture_55520994-1706-4c86-a72e-b2d041a97428_jpg.jpg\" class=\"aligncenter size-medium wp-image-22120\" src=\"https:\/\/www.satokangas.fi\/blogi\/wp-content\/uploads\/2014\/08\/InstagramCapture_55520994-1706-4c86-a72e-b2d041a97428_jpg-400x400.jpg\" alt=\"InstagramCapture_55520994-1706-4c86-a72e-b2d041a97428_jpg\" width=\"400\" height=\"400\" srcset=\"https:\/\/www.satokangas.fi\/blogi\/wp-content\/uploads\/2014\/08\/InstagramCapture_55520994-1706-4c86-a72e-b2d041a97428_jpg-400x400.jpg 400w, https:\/\/www.satokangas.fi\/blogi\/wp-content\/uploads\/2014\/08\/InstagramCapture_55520994-1706-4c86-a72e-b2d041a97428_jpg-300x300.jpg 300w, https:\/\/www.satokangas.fi\/blogi\/wp-content\/uploads\/2014\/08\/InstagramCapture_55520994-1706-4c86-a72e-b2d041a97428_jpg.jpg 1024w\" sizes=\"auto, (max-width: 400px) 100vw, 400px\" \/><\/a><\/p>\n<p>Ajasta on taas muutenkin puute; kaksi viikkoa t\u00f6iss\u00e4, ja minulla on jo pula ajasta? &#8211; N\u00e4inh\u00e4n se on, ei voi mit\u00e4\u00e4n! Kuvaprojektit (Rotiss\u00f6\u00f6ri piknik, t\u00e4din syntt\u00e4rit, v\u00e4it\u00f6s &amp; karonkka) laahaavat j\u00e4ljess\u00e4, mit\u00e4s olen &#8221;kuvaajan roolin&#8221; ottanut? \u00a0T\u00f6iss\u00e4kin jo huolehdin marraskuun seminaareista, mink\u00e4 vuoksi kollega oli tikahtua &#8221;et- voi-olla-tosissasi&#8221;? &#8211; Ihan hyvin voin! Marraskuu on pian!<\/p>\n<p><a href=\"https:\/\/www.satokangas.fi\/blogi\/wp-content\/uploads\/2014\/08\/111-13.jpg\"><img loading=\"lazy\" decoding=\"async\" data-attachment-id=\"22121\" data-permalink=\"https:\/\/www.satokangas.fi\/blogi\/2014\/08\/perjantaina-lyhyesti\/111-13\/\" data-orig-file=\"https:\/\/www.satokangas.fi\/blogi\/wp-content\/uploads\/2014\/08\/111-13.jpg\" data-orig-size=\"1573,1280\" data-comments-opened=\"1\" data-image-meta=\"{&quot;aperture&quot;:&quot;8&quot;,&quot;credit&quot;:&quot;Reija Satokangas&quot;,&quot;camera&quot;:&quot;Canon EOS 5D Mark II&quot;,&quot;caption&quot;:&quot;&quot;,&quot;created_timestamp&quot;:&quot;1407522587&quot;,&quot;copyright&quot;:&quot;&quot;,&quot;focal_length&quot;:&quot;105&quot;,&quot;iso&quot;:&quot;800&quot;,&quot;shutter_speed&quot;:&quot;0.05&quot;,&quot;title&quot;:&quot;&quot;}\" data-image-title=\"111-13\" data-image-description=\"\" data-image-caption=\"\" data-large-file=\"https:\/\/www.satokangas.fi\/blogi\/wp-content\/uploads\/2014\/08\/111-13-1258x1024.jpg\" class=\"aligncenter size-medium wp-image-22121\" src=\"https:\/\/www.satokangas.fi\/blogi\/wp-content\/uploads\/2014\/08\/111-13-491x400.jpg\" alt=\"111-13\" width=\"491\" height=\"400\" srcset=\"https:\/\/www.satokangas.fi\/blogi\/wp-content\/uploads\/2014\/08\/111-13-491x400.jpg 491w, https:\/\/www.satokangas.fi\/blogi\/wp-content\/uploads\/2014\/08\/111-13-300x244.jpg 300w, https:\/\/www.satokangas.fi\/blogi\/wp-content\/uploads\/2014\/08\/111-13-1258x1024.jpg 1258w, https:\/\/www.satokangas.fi\/blogi\/wp-content\/uploads\/2014\/08\/111-13.jpg 1573w\" sizes=\"auto, (max-width: 491px) 100vw, 491px\" \/><\/a><\/p>\n<p>Nuo &#8221;raksut&#8221; tuossa jo katetusssa karussa kalaasip\u00f6yd\u00e4ss\u00e4 ovat ruisnaksuja, jotka on maustettu salamilla ja toiset lime-valkosipulilla. Ostin niit\u00e4 Kalajoen m\u00f6kkimessuilta. Mist\u00e4h\u00e4n niit\u00e4 saisi lis\u00e4\u00e4? Ovat makoisia keitoissa ja salaateissa.<\/p>\n<p>Mutta nyt jatkan \u00a0keitti\u00f6ss\u00e4 &#8212; lupaan enemm\u00e4n kuulumisia huomenna.<\/p>\n<p>Nauttikaapa kes\u00e4st\u00e4, yst\u00e4v\u00e4t! L\u00e4mp\u00f6 on hyv\u00e4ksi!!<\/p>\n","protected":false},"excerpt":{"rendered":"<p>Eilen illalla kun olin \u00e4idin luona k\u00e4ym\u00e4ss\u00e4, kerroin tulevista kalaaseista, siit\u00e4, mit\u00e4 aion tarjota, millaista &#8221;ohjelmaa&#8221; meill\u00e4 on, ja \u00e4iti palasi menneeseen, muisteli aikoja\u00a0Tanskassa ja sit\u00e4, ett\u00e4 Ruotsissa j\u00e4rjestettiin ennen kalaaseja&#8230; mutta kummasteli, etteik\u00f6 ole iso homma j\u00e4rjest\u00e4\u00e4 moisia kestej\u00e4? &#8211; No on. Onhan se sellainen viikon projekti, mutta kun minulle se on ilo! Ainoa, ett\u00e4 toivon, ett\u00e4 olisi v\u00e4h\u00e4n &hellip; <\/p>\n","protected":false},"author":1,"featured_media":0,"comment_status":"open","ping_status":"open","sticky":false,"template":"","format":"standard","meta":{"jetpack_post_was_ever_published":false,"_jetpack_newsletter_access":"","_jetpack_dont_email_post_to_subs":false,"_jetpack_newsletter_tier_id":0,"_jetpack_memberships_contains_paywalled_content":false,"_jetpack_memberships_contains_paid_content":false,"footnotes":"","jetpack_publicize_message":"","jetpack_publicize_feature_enabled":true,"jetpack_social_post_already_shared":true,"jetpack_social_options":{"image_generator_settings":{"template":"highway","default_image_id":0,"font":"","enabled":false},"version":2}},"categories":[82,17],"tags":[],"class_list":["post-22119","post","type-post","status-publish","format-standard","hentry","category-kalaasit","category-ruoka_ja_viini","latest_post"],"jetpack_publicize_connections":[],"jetpack_featured_media_url":"","jetpack_shortlink":"https:\/\/wp.me\/pr4p4-5KL","jetpack_sharing_enabled":true,"jetpack_likes_enabled":false,"jetpack-related-posts":[{"id":36963,"url":"https:\/\/www.satokangas.fi\/blogi\/2019\/08\/kalaasit-ovat-ohi\/","url_meta":{"origin":22119,"position":0},"title":"En\u00e4\u00e4 ei ole kalaaseja!","author":"Reija","date":"11.8.2019","format":false,"excerpt":"Se pit\u00e4isi muistaa, ett\u00e4 on t\u00e4rke\u00e4\u00e4 nauttia pienist\u00e4 asioista, t\u00e4rkeist\u00e4 ihmisist\u00e4 ja hyv\u00e4st\u00e4 ruoasta. Elinehtoja taitavat olla nuo. Tai noh, minulle ainakin ovat. Meill\u00e4 on nyt taas pitk\u00e4ksi aikaa varastossa hyv\u00e4\u00e4 mielt\u00e4 noista jutuista. On Kalaasien j\u00e4lkeinen sunnuntai, Pehtoorin syntt\u00e4rit, elokuun leppoisan l\u00e4mmin sunnuntai. Ja mietin, ett\u00e4 kannatti pohtia ja\u2026","rel":"","context":"Kategoriassa &quot;Kalaasit&quot;","block_context":{"text":"Kalaasit","link":"https:\/\/www.satokangas.fi\/blogi\/category\/kalaasit\/"},"img":{"alt_text":"","src":"https:\/\/i0.wp.com\/www.satokangas.fi\/blogi\/wp-content\/uploads\/2019\/08\/kalaasit-4.jpg?resize=350%2C200&ssl=1","width":350,"height":200,"srcset":"https:\/\/i0.wp.com\/www.satokangas.fi\/blogi\/wp-content\/uploads\/2019\/08\/kalaasit-4.jpg?resize=350%2C200&ssl=1 1x, https:\/\/i0.wp.com\/www.satokangas.fi\/blogi\/wp-content\/uploads\/2019\/08\/kalaasit-4.jpg?resize=525%2C300&ssl=1 1.5x, https:\/\/i0.wp.com\/www.satokangas.fi\/blogi\/wp-content\/uploads\/2019\/08\/kalaasit-4.jpg?resize=700%2C400&ssl=1 2x"},"classes":[]},{"id":28888,"url":"https:\/\/www.satokangas.fi\/blogi\/2016\/08\/kalaasien-edella\/","url_meta":{"origin":22119,"position":1},"title":"Kalaasien edell\u00e4","author":"Reija","date":"5.8.2016","format":false,"excerpt":"Lasit on putsattu, liinat silitetty, servietit taiteltu... T\u00e4m\u00e4 kaikki on niin paljon mukavampaa ja sujuvampaa, kun ei ole duunia hidastamassa juhlien j\u00e4rjest\u00e4mist\u00e4. ... Tosin edelleen ensi viikon dead-linet kapitulin ja koulun osalta nakuttavat takaraivossa, mutta t\u00e4n\u00e4\u00e4n sain jo kaksi kuvasarjaa l\u00e4htem\u00e4\u00e4nkin (varakuvineenkin, ei saisi olla kuin viis\/sarja...\u00a0k\u00e4yh\u00e4n katsomassa jos kiinnostaa,...\u2026","rel":"","context":"Kategoriassa &quot;Niit\u00e4 n\u00e4it\u00e4&quot;","block_context":{"text":"Niit\u00e4 n\u00e4it\u00e4","link":"https:\/\/www.satokangas.fi\/blogi\/category\/aiheeton\/"},"img":{"alt_text":"Kalaasit-3","src":"https:\/\/i0.wp.com\/www.satokangas.fi\/blogi\/wp-content\/uploads\/2016\/08\/Kalaasit-3-423x400.jpg?resize=350%2C200&ssl=1","width":350,"height":200},"classes":[]},{"id":25587,"url":"https:\/\/www.satokangas.fi\/blogi\/2015\/08\/ennen-kalaaseja\/","url_meta":{"origin":22119,"position":2},"title":"Ennen kalaaseja","author":"Reija","date":"14.8.2015","format":false,"excerpt":"Huomenna kalaasit. Kuudennettoista. Niist\u00e4 tulee erilaiset kuin koskaan ennen. Eik\u00f6 aina ole erilaiset kuin edelliset? On toki, mutta nyt jotenkin sellaiset rupukalaasit tulossa - minun mielest\u00e4ni ainakin, sill\u00e4 perinteisesti kalaasien (ruoka)teema on seurausta meid\u00e4n edelt\u00e4v\u00e4st\u00e4 (kes\u00e4n) matkasta: Italia, It\u00e4valta, Meksiko etc. Nyt emme ole k\u00e4yneet ulkomailla (pl. kaksi vrk Norjassa),\u2026","rel":"","context":"Kategoriassa &quot;Niit\u00e4 n\u00e4it\u00e4&quot;","block_context":{"text":"Niit\u00e4 n\u00e4it\u00e4","link":"https:\/\/www.satokangas.fi\/blogi\/category\/aiheeton\/"},"img":{"alt_text":"Rustiikkia-2","src":"https:\/\/i0.wp.com\/www.satokangas.fi\/blogi\/wp-content\/uploads\/2015\/08\/Rustiikkia-2-515x400.jpg?resize=350%2C200&ssl=1","width":350,"height":200},"classes":[]},{"id":12320,"url":"https:\/\/www.satokangas.fi\/blogi\/2011\/09\/kesa-on-nyt-juhlittu\/","url_meta":{"origin":22119,"position":3},"title":"Kes\u00e4 on nyt juhlittu","author":"Reija","date":"4.9.2011","format":false,"excerpt":"Kalaasit ohi. Yhdennettoista kalaasit, kalaisat kalaasit eilen juhlittu. Ydinporukka koossa. Melkein. Plus meid\u00e4n nuoret. Siis 14 henke\u00e4 p\u00f6yd\u00e4n ymp\u00e4rill\u00e4. \u00a0Onhan hienoa. Aluksi nautimme itse leivottua saaristolaisleip\u00e4\u00e4 (resepti viime viikonlopun postauksessa) ja lohta, sek\u00e4 kaurarieskarullia, jotka oli t\u00e4ytetty savulohimoussella. (\u00c4lk\u00e4\u00e4k\u00e4 herra varjelkoon, kysyk\u00f6, miten se tehd\u00e4\u00e4n. Mutta siihen tulee ainakin savulohta\u2026","rel":"","context":"Kategoriassa &quot;Niit\u00e4 n\u00e4it\u00e4&quot;","block_context":{"text":"Niit\u00e4 n\u00e4it\u00e4","link":"https:\/\/www.satokangas.fi\/blogi\/category\/aiheeton\/"},"img":{"alt_text":"","src":"https:\/\/i0.wp.com\/www.satokangas.fi\/blogi\/wp-content\/uploads\/aluksi-562x400.jpg?resize=350%2C200&ssl=1","width":350,"height":200,"srcset":"https:\/\/i0.wp.com\/www.satokangas.fi\/blogi\/wp-content\/uploads\/aluksi-562x400.jpg?resize=350%2C200&ssl=1 1x, https:\/\/i0.wp.com\/www.satokangas.fi\/blogi\/wp-content\/uploads\/aluksi-562x400.jpg?resize=525%2C300&ssl=1 1.5x"},"classes":[]},{"id":31377,"url":"https:\/\/www.satokangas.fi\/blogi\/2017\/07\/kalaaseista-opittua\/","url_meta":{"origin":22119,"position":4},"title":"Kalaaseista opittua","author":"Reija","date":"23.7.2017","format":false,"excerpt":"\"Japani lasissa ja lautasella\" -kalaasit on nyt ohi. Eih\u00e4n se mennyt ihan niin kuin parhaimmillaan, ... mutta pikkutunneille asti juhlimme. Ja t\u00e4n\u00e4\u00e4n tulleista kiitosviesteist\u00e4 olen ymm\u00e4rt\u00e4v\u00e4ni, ett\u00e4 ruoka oli ollut hyv\u00e4\u00e4 ja vieraat juhlissa viihtyneet. Parasta oli kun v\u00e4lill\u00e4 porukalla kuulosteltiin toistemme kuulumisia. Naurua ja \u00e4\u00e4\u00e4nt\u00e4 ei illasta puuttunut. Pehtoori\u2026","rel":"","context":"Kategoriassa &quot;Kalaasit&quot;","block_context":{"text":"Kalaasit","link":"https:\/\/www.satokangas.fi\/blogi\/category\/kalaasit\/"},"img":{"alt_text":"","src":"https:\/\/i0.wp.com\/www.satokangas.fi\/blogi\/wp-content\/uploads\/2017\/07\/Japanilainen-kattaus-13-1.jpg?resize=350%2C200&ssl=1","width":350,"height":200,"srcset":"https:\/\/i0.wp.com\/www.satokangas.fi\/blogi\/wp-content\/uploads\/2017\/07\/Japanilainen-kattaus-13-1.jpg?resize=350%2C200&ssl=1 1x, https:\/\/i0.wp.com\/www.satokangas.fi\/blogi\/wp-content\/uploads\/2017\/07\/Japanilainen-kattaus-13-1.jpg?resize=525%2C300&ssl=1 1.5x, https:\/\/i0.wp.com\/www.satokangas.fi\/blogi\/wp-content\/uploads\/2017\/07\/Japanilainen-kattaus-13-1.jpg?resize=700%2C400&ssl=1 2x"},"classes":[]},{"id":8147,"url":"https:\/\/www.satokangas.fi\/blogi\/2010\/08\/kohti-kalaaseja\/","url_meta":{"origin":22119,"position":5},"title":"Kohti kalaaseja","author":"Reija","date":"13.8.2010","format":false,"excerpt":"Kalaasit on huomenna. Kes\u00e4n suurin ruokajuhla meill\u00e4, nyt 11. kerta. Paluu juurille. Viime vuonna kokkailin kaikkea aasialaista, ja vaikka mit\u00e4 cross-kitscheni\u00e4. Nyt italialaista. Alusta loppuuun italialaista. Antipastit, primit, secundot, formaggit, dolcet (joita on tulossa AIKA MONTA) ovat italialaisia. Luulisin (t\u00e4ss\u00e4 vaiheessa) ett\u00e4 eri ruokia on 15, joista vasta kolme on\u2026","rel":"","context":"Kategoriassa &quot;Niit\u00e4 n\u00e4it\u00e4&quot;","block_context":{"text":"Niit\u00e4 n\u00e4it\u00e4","link":"https:\/\/www.satokangas.fi\/blogi\/category\/aiheeton\/"},"img":{"alt_text":"","src":"","width":0,"height":0},"classes":[]}],"_links":{"self":[{"href":"https:\/\/www.satokangas.fi\/blogi\/wp-json\/wp\/v2\/posts\/22119","targetHints":{"allow":["GET"]}}],"collection":[{"href":"https:\/\/www.satokangas.fi\/blogi\/wp-json\/wp\/v2\/posts"}],"about":[{"href":"https:\/\/www.satokangas.fi\/blogi\/wp-json\/wp\/v2\/types\/post"}],"author":[{"embeddable":true,"href":"https:\/\/www.satokangas.fi\/blogi\/wp-json\/wp\/v2\/users\/1"}],"replies":[{"embeddable":true,"href":"https:\/\/www.satokangas.fi\/blogi\/wp-json\/wp\/v2\/comments?post=22119"}],"version-history":[{"count":0,"href":"https:\/\/www.satokangas.fi\/blogi\/wp-json\/wp\/v2\/posts\/22119\/revisions"}],"wp:attachment":[{"href":"https:\/\/www.satokangas.fi\/blogi\/wp-json\/wp\/v2\/media?parent=22119"}],"wp:term":[{"taxonomy":"category","embeddable":true,"href":"https:\/\/www.satokangas.fi\/blogi\/wp-json\/wp\/v2\/categories?post=22119"},{"taxonomy":"post_tag","embeddable":true,"href":"https:\/\/www.satokangas.fi\/blogi\/wp-json\/wp\/v2\/tags?post=22119"}],"curies":[{"name":"wp","href":"https:\/\/api.w.org\/{rel}","templated":true}]}}