{"id":22114,"date":"2014-08-07T22:02:35","date_gmt":"2014-08-07T19:02:35","guid":{"rendered":"https:\/\/www.satokangas.fi\/blogi\/?p=22114"},"modified":"2014-08-07T22:02:35","modified_gmt":"2014-08-07T19:02:35","slug":"gruppolle-viineja","status":"publish","type":"post","link":"https:\/\/www.satokangas.fi\/blogi\/2014\/08\/gruppolle-viineja\/","title":{"rendered":"Gruppolle viinej\u00e4"},"content":{"rendered":"<p>Hieman arveluttavaa p\u00e4ivitt\u00e4\u00e4 blogia, tai siis arveluttavaa on pit\u00e4\u00e4 tietokonetta auki; sen verran tym\u00e4k\u00e4sti ukkonen jyrisee ja maa melkein vavahtelee, pime\u00e4\u00e4kin tuli &#8230;<\/p>\n<p>Kovin my\u00f6h\u00e4iseen meni ennen kuin edes t\u00e4h\u00e4n sorville ehdin.<\/p>\n<p style=\"text-align: center;\"><a href=\"https:\/\/www.satokangas.fi\/blogi\/wp-content\/uploads\/2014\/08\/111-10.jpg\"><img loading=\"lazy\" decoding=\"async\" data-attachment-id=\"22115\" data-permalink=\"https:\/\/www.satokangas.fi\/blogi\/2014\/08\/gruppolle-viineja\/111-10\/\" data-orig-file=\"https:\/\/www.satokangas.fi\/blogi\/wp-content\/uploads\/2014\/08\/111-10.jpg\" data-orig-size=\"1600,839\" data-comments-opened=\"1\" data-image-meta=\"{&quot;aperture&quot;:&quot;11&quot;,&quot;credit&quot;:&quot;Reija Satokangas&quot;,&quot;camera&quot;:&quot;Canon PowerShot G1 X Mark II&quot;,&quot;caption&quot;:&quot;&quot;,&quot;created_timestamp&quot;:&quot;1406453901&quot;,&quot;copyright&quot;:&quot;&quot;,&quot;focal_length&quot;:&quot;12.5&quot;,&quot;iso&quot;:&quot;100&quot;,&quot;shutter_speed&quot;:&quot;0.002&quot;,&quot;title&quot;:&quot;&quot;}\" data-image-title=\"111-10\" data-image-description=\"\" data-image-caption=\"\" data-large-file=\"https:\/\/www.satokangas.fi\/blogi\/wp-content\/uploads\/2014\/08\/111-10.jpg\" class=\"aligncenter size-medium wp-image-22115\" src=\"https:\/\/www.satokangas.fi\/blogi\/wp-content\/uploads\/2014\/08\/111-10-600x314.jpg\" alt=\"111-10\" width=\"600\" height=\"314\" srcset=\"https:\/\/www.satokangas.fi\/blogi\/wp-content\/uploads\/2014\/08\/111-10-600x314.jpg 600w, https:\/\/www.satokangas.fi\/blogi\/wp-content\/uploads\/2014\/08\/111-10-300x157.jpg 300w, https:\/\/www.satokangas.fi\/blogi\/wp-content\/uploads\/2014\/08\/111-10.jpg 1600w\" sizes=\"auto, (max-width: 600px) 100vw, 600px\" \/><\/a><\/p>\n<p style=\"text-align: justify;\">T\u00f6ist\u00e4 suoraan kampaajalle, ja jo pelkk\u00e4 ajatus pari tuntisesta sen \u00a0muoviviitan alla sai olon tukalaksi. Mutta kestin kuin mies, eiku nainen. Nyt blondius on taas totaalinen. Kalaasit ja kapitulit, ty\u00f6arki ja liikkuminen sujuvat kun on &#8221;tukka hyvin, kaikki hyvin&#8221;.<\/p>\n<p style=\"text-align: center;\"><a href=\"https:\/\/www.satokangas.fi\/blogi\/wp-content\/uploads\/2014\/08\/111-11.jpg\"><img loading=\"lazy\" decoding=\"async\" data-attachment-id=\"22116\" data-permalink=\"https:\/\/www.satokangas.fi\/blogi\/2014\/08\/gruppolle-viineja\/111-11\/\" data-orig-file=\"https:\/\/www.satokangas.fi\/blogi\/wp-content\/uploads\/2014\/08\/111-11.jpg\" data-orig-size=\"1600,1068\" data-comments-opened=\"1\" data-image-meta=\"{&quot;aperture&quot;:&quot;9&quot;,&quot;credit&quot;:&quot;Reija Satokangas&quot;,&quot;camera&quot;:&quot;Canon PowerShot G1 X Mark II&quot;,&quot;caption&quot;:&quot;&quot;,&quot;created_timestamp&quot;:&quot;1406453975&quot;,&quot;copyright&quot;:&quot;&quot;,&quot;focal_length&quot;:&quot;24.041&quot;,&quot;iso&quot;:&quot;100&quot;,&quot;shutter_speed&quot;:&quot;0.002&quot;,&quot;title&quot;:&quot;&quot;}\" data-image-title=\"111-11\" data-image-description=\"\" data-image-caption=\"\" data-large-file=\"https:\/\/www.satokangas.fi\/blogi\/wp-content\/uploads\/2014\/08\/111-11-1534x1024.jpg\" class=\"aligncenter size-medium wp-image-22116\" src=\"https:\/\/www.satokangas.fi\/blogi\/wp-content\/uploads\/2014\/08\/111-11-600x400.jpg\" alt=\"111-11\" width=\"600\" height=\"400\" srcset=\"https:\/\/www.satokangas.fi\/blogi\/wp-content\/uploads\/2014\/08\/111-11-600x400.jpg 600w, https:\/\/www.satokangas.fi\/blogi\/wp-content\/uploads\/2014\/08\/111-11-300x200.jpg 300w, https:\/\/www.satokangas.fi\/blogi\/wp-content\/uploads\/2014\/08\/111-11-1534x1024.jpg 1534w, https:\/\/www.satokangas.fi\/blogi\/wp-content\/uploads\/2014\/08\/111-11.jpg 1600w\" sizes=\"auto, (max-width: 600px) 100vw, 600px\" \/><\/a><\/p>\n<p style=\"text-align: center;\">Pitk\u00e4n, pitk\u00e4n kauppalapun kanssa ruokakauppaan, ja Alkoon. Eip\u00e4 ollut noissa ruuhkaa.<\/p>\n<p style=\"text-align: justify;\">Lauantain yst\u00e4v\u00e4porukkamme tunnetaan (me kesken\u00e4mme\u00a0tunnemme toisemme) nimell\u00e4 Gruppo San Lorenzo (<a href=\"http:\/\/www.satokangas.fi\/Toscana\/Vino.htm\">kuva<\/a>), mik\u00e4 juontaa Pehtoorin 50-vuotissyntt\u00e4reiden viettoon Italiassa, <a href=\"http:\/\/www.satokangas.fi\/Toscana\/Gruppo.htm\">kalaasiviikkoon Toscanassa<\/a>.<\/p>\n<p style=\"text-align: center;\"><a href=\"https:\/\/www.satokangas.fi\/blogi\/wp-content\/uploads\/2014\/08\/GSL.jpg\"><img loading=\"lazy\" decoding=\"async\" data-attachment-id=\"22118\" data-permalink=\"https:\/\/www.satokangas.fi\/blogi\/2014\/08\/gruppolle-viineja\/gsl-2\/\" data-orig-file=\"https:\/\/www.satokangas.fi\/blogi\/wp-content\/uploads\/2014\/08\/GSL.jpg\" data-orig-size=\"800,635\" data-comments-opened=\"1\" data-image-meta=\"{&quot;aperture&quot;:&quot;0&quot;,&quot;credit&quot;:&quot;&quot;,&quot;camera&quot;:&quot;&quot;,&quot;caption&quot;:&quot;&quot;,&quot;created_timestamp&quot;:&quot;0&quot;,&quot;copyright&quot;:&quot;&quot;,&quot;focal_length&quot;:&quot;0&quot;,&quot;iso&quot;:&quot;0&quot;,&quot;shutter_speed&quot;:&quot;0&quot;,&quot;title&quot;:&quot;&quot;}\" data-image-title=\"GSL\" data-image-description=\"\" data-image-caption=\"\" data-large-file=\"https:\/\/www.satokangas.fi\/blogi\/wp-content\/uploads\/2014\/08\/GSL.jpg\" class=\"aligncenter size-medium wp-image-22118\" src=\"https:\/\/www.satokangas.fi\/blogi\/wp-content\/uploads\/2014\/08\/GSL-503x400.jpg\" alt=\"GSL\" width=\"503\" height=\"400\" srcset=\"https:\/\/www.satokangas.fi\/blogi\/wp-content\/uploads\/2014\/08\/GSL-503x400.jpg 503w, https:\/\/www.satokangas.fi\/blogi\/wp-content\/uploads\/2014\/08\/GSL-300x238.jpg 300w, https:\/\/www.satokangas.fi\/blogi\/wp-content\/uploads\/2014\/08\/GSL.jpg 800w\" sizes=\"auto, (max-width: 503px) 100vw, 503px\" \/><\/a><\/p>\n<p style=\"text-align: justify;\">Mutta siis&#8230; Tuon San Lorenzon innoittamana hankin sitten viinej\u00e4kin ihan vain nimen perusteella: rose St. Laurent on it\u00e4valtalainen\u00a0<a href=\"http:\/\/www.alko.fi\/tuotteet\/436157\/\">http:\/\/www.alko.fi\/tuotteet\/436157<\/a>\/. \u00a0Se on ihan kelpo rose. Ja Umbrian reissulta palatessa ostimme It\u00e4vallasta Sankt Laurent -punaviini\u00e4, jota olen kellaroinut t\u00e4h\u00e4n asti, saapa n\u00e4hd\u00e4 millaista se on. Alkossakin olisi ollut yksi St. Laurent -punkku, mutta h\u00e4vytt\u00f6m\u00e4n kallis oli; sill\u00e4 rahalla saa Amaronen, joten j\u00e4i ostamatta. Mutta alkuun ostin samppanjaa, joka sekin sopii teemaan: Pyh\u00e4 Lauri &#8211; San Lorenzo &#8211; Saint Laurent. Siis samppanja on <strong><span style=\"color: #000080;\">Laurent<\/span><\/strong>-Perrier.<\/p>\n<p style=\"text-align: center;\"><a href=\"https:\/\/www.satokangas.fi\/blogi\/wp-content\/uploads\/2014\/08\/111-12.jpg\"><img loading=\"lazy\" decoding=\"async\" data-attachment-id=\"22117\" data-permalink=\"https:\/\/www.satokangas.fi\/blogi\/2014\/08\/gruppolle-viineja\/111-12\/\" data-orig-file=\"https:\/\/www.satokangas.fi\/blogi\/wp-content\/uploads\/2014\/08\/111-12.jpg\" data-orig-size=\"1600,1025\" data-comments-opened=\"1\" data-image-meta=\"{&quot;aperture&quot;:&quot;10&quot;,&quot;credit&quot;:&quot;Reija Satokangas&quot;,&quot;camera&quot;:&quot;Canon PowerShot G1 X Mark II&quot;,&quot;caption&quot;:&quot;&quot;,&quot;created_timestamp&quot;:&quot;1406454295&quot;,&quot;copyright&quot;:&quot;&quot;,&quot;focal_length&quot;:&quot;62.5&quot;,&quot;iso&quot;:&quot;400&quot;,&quot;shutter_speed&quot;:&quot;0.0005&quot;,&quot;title&quot;:&quot;&quot;}\" data-image-title=\"111-12\" data-image-description=\"\" data-image-caption=\"\" data-large-file=\"https:\/\/www.satokangas.fi\/blogi\/wp-content\/uploads\/2014\/08\/111-12-1598x1024.jpg\" class=\"aligncenter size-medium wp-image-22117\" src=\"https:\/\/www.satokangas.fi\/blogi\/wp-content\/uploads\/2014\/08\/111-12-600x384.jpg\" alt=\"111-12\" width=\"600\" height=\"384\" srcset=\"https:\/\/www.satokangas.fi\/blogi\/wp-content\/uploads\/2014\/08\/111-12-600x384.jpg 600w, https:\/\/www.satokangas.fi\/blogi\/wp-content\/uploads\/2014\/08\/111-12-300x192.jpg 300w, https:\/\/www.satokangas.fi\/blogi\/wp-content\/uploads\/2014\/08\/111-12-1598x1024.jpg 1598w, https:\/\/www.satokangas.fi\/blogi\/wp-content\/uploads\/2014\/08\/111-12.jpg 1600w\" sizes=\"auto, (max-width: 600px) 100vw, 600px\" \/><\/a><\/p>\n<p>Miten noissa iltap\u00e4iv\u00e4lehdiss\u00e4 usein kirjoitetaankaan. &#8221;kuvat eiv\u00e4t kuulu juttuun&#8221;. Niin eiv\u00e4t kuulu nytk\u00e4\u00e4n, ovat parin viikon takaiselta aamulenkilt\u00e4 hdr-harjoitelmia. Keskikes\u00e4n v\u00e4rikyll\u00e4ist\u00e4, t\u00e4ytel\u00e4ist\u00e4 maisemaa.<\/p>\n<p>Ukkonen meni jo &#8230; ja nyt ryhdyn laatimaan tori- ja kauppahallilappua Pehtoorille huomiseksi. Jos ihan rehellinen olen, niin voisin todeta, ett\u00e4 oikeastaan minua ei huvittaisi huomenna menn\u00e4 t\u00f6ihin. Mutta ei auta&#8230;<\/p>\n<p>&nbsp;<\/p>\n","protected":false},"excerpt":{"rendered":"<p>Hieman arveluttavaa p\u00e4ivitt\u00e4\u00e4 blogia, tai siis arveluttavaa on pit\u00e4\u00e4 tietokonetta auki; sen verran tym\u00e4k\u00e4sti ukkonen jyrisee ja maa melkein vavahtelee, pime\u00e4\u00e4kin tuli &#8230; Kovin my\u00f6h\u00e4iseen meni ennen kuin edes t\u00e4h\u00e4n sorville ehdin. T\u00f6ist\u00e4 suoraan kampaajalle, ja jo pelkk\u00e4 ajatus pari tuntisesta sen \u00a0muoviviitan alla sai olon tukalaksi. Mutta kestin kuin mies, eiku nainen. Nyt blondius on taas totaalinen. Kalaasit ja &hellip; <\/p>\n","protected":false},"author":1,"featured_media":0,"comment_status":"open","ping_status":"open","sticky":false,"template":"","format":"standard","meta":{"jetpack_post_was_ever_published":false,"_jetpack_newsletter_access":"","_jetpack_dont_email_post_to_subs":false,"_jetpack_newsletter_tier_id":0,"_jetpack_memberships_contains_paywalled_content":false,"_jetpack_memberships_contains_paid_content":false,"footnotes":"","jetpack_publicize_message":"","jetpack_publicize_feature_enabled":true,"jetpack_social_post_already_shared":true,"jetpack_social_options":{"image_generator_settings":{"template":"highway","default_image_id":0,"font":"","enabled":false},"version":2}},"categories":[1,17],"tags":[],"class_list":["post-22114","post","type-post","status-publish","format-standard","hentry","category-aiheeton","category-ruoka_ja_viini","latest_post"],"jetpack_publicize_connections":[],"jetpack_featured_media_url":"","jetpack_shortlink":"https:\/\/wp.me\/pr4p4-5KG","jetpack_sharing_enabled":true,"jetpack_likes_enabled":false,"jetpack-related-posts":[{"id":47398,"url":"https:\/\/www.satokangas.fi\/blogi\/2023\/10\/sinisen-lokakuun-savotat\/","url_meta":{"origin":22114,"position":0},"title":"Sinisen lokakuun savotat","author":"Reija","date":"24.10.2023","format":false,"excerpt":"T\u00e4m\u00e4 lokakuu on ainakin s\u00e4\u00e4n puolesta hyvinkin erilainen kuin normisyksyn\u00e4. Loskaa, tuulta, kiilt\u00e4vi\u00e4 asfalttikatuja ja nurkissa vinkuvaa tuulta ei ole n\u00e4kynyt. Ei haittaa. En kaipaa. En muista aikoihin olleen t\u00e4llaista n\u00e4in pitk\u00e4\u00e4 p\u00e4tk\u00e4\u00e4, aurinkoista, kylm\u00e4\u00e4 lokakuuta kuin nyt on ollut. Tosin meni muutama vuosikymmen, ettei lokakuisin paljon iltap\u00e4ivisin tullut ulkoiltua,\u2026","rel":"","context":"Kategoriassa &quot;Niit\u00e4 n\u00e4it\u00e4&quot;","block_context":{"text":"Niit\u00e4 n\u00e4it\u00e4","link":"https:\/\/www.satokangas.fi\/blogi\/category\/aiheeton\/"},"img":{"alt_text":"","src":"https:\/\/i0.wp.com\/www.satokangas.fi\/blogi\/wp-content\/uploads\/2023\/10\/Sininenlokakuu-3.jpg?resize=350%2C200&ssl=1","width":350,"height":200,"srcset":"https:\/\/i0.wp.com\/www.satokangas.fi\/blogi\/wp-content\/uploads\/2023\/10\/Sininenlokakuu-3.jpg?resize=350%2C200&ssl=1 1x, https:\/\/i0.wp.com\/www.satokangas.fi\/blogi\/wp-content\/uploads\/2023\/10\/Sininenlokakuu-3.jpg?resize=525%2C300&ssl=1 1.5x, https:\/\/i0.wp.com\/www.satokangas.fi\/blogi\/wp-content\/uploads\/2023\/10\/Sininenlokakuu-3.jpg?resize=700%2C400&ssl=1 2x"},"classes":[]},{"id":15997,"url":"https:\/\/www.satokangas.fi\/blogi\/2012\/12\/joulukuun-tapahtumia\/","url_meta":{"origin":22114,"position":1},"title":"Joulukuun tapahtumia","author":"Reija","date":"15.12.2012","format":false,"excerpt":"Viel\u00e4 min\u00e4 tein lohivoileiv\u00e4n t\u00e4h\u00e4n bloggaukseni seuraksi. Ihan niinkuin en olisi koko iltap\u00e4iv\u00e4n, illan, ollut notkuvien p\u00f6ytien \u00e4\u00e4rell\u00e4... Systeri tuli iltap\u00e4iv\u00e4ll\u00e4, oli mukava n\u00e4hd\u00e4 pitk\u00e4st\u00e4 aikaa... veljen kuopuksen [suvun kuopus, minun n\u00e4k\u00f6kulmastani] t\u00e4ysi-ik\u00e4isyytt\u00e4 l\u00e4hdimme porukalla juhlimaan. Jos pikkuveljen kuopus on jo t\u00e4ysi-ik\u00e4inen, niin kuinka vanhoja t\u00e4ss\u00e4 itse ollaan? ... Ja\u2026","rel":"","context":"Kategoriassa &quot;Oulu&quot;","block_context":{"text":"Oulu","link":"https:\/\/www.satokangas.fi\/blogi\/category\/oulu\/"},"img":{"alt_text":"","src":"https:\/\/i0.wp.com\/www.satokangas.fi\/blogi\/wp-content\/uploads\/2012\/12\/Tiernatorilla-31.jpg?resize=350%2C200&ssl=1","width":350,"height":200,"srcset":"https:\/\/i0.wp.com\/www.satokangas.fi\/blogi\/wp-content\/uploads\/2012\/12\/Tiernatorilla-31.jpg?resize=350%2C200&ssl=1 1x, https:\/\/i0.wp.com\/www.satokangas.fi\/blogi\/wp-content\/uploads\/2012\/12\/Tiernatorilla-31.jpg?resize=525%2C300&ssl=1 1.5x, https:\/\/i0.wp.com\/www.satokangas.fi\/blogi\/wp-content\/uploads\/2012\/12\/Tiernatorilla-31.jpg?resize=700%2C400&ssl=1 2x, https:\/\/i0.wp.com\/www.satokangas.fi\/blogi\/wp-content\/uploads\/2012\/12\/Tiernatorilla-31.jpg?resize=1050%2C600&ssl=1 3x, https:\/\/i0.wp.com\/www.satokangas.fi\/blogi\/wp-content\/uploads\/2012\/12\/Tiernatorilla-31.jpg?resize=1400%2C800&ssl=1 4x"},"classes":[]},{"id":37915,"url":"https:\/\/www.satokangas.fi\/blogi\/2020\/01\/sunnuntaina-sisalla\/","url_meta":{"origin":22114,"position":2},"title":"Sunnuntaina sis\u00e4ll\u00e4","author":"Reija","date":"12.1.2020","format":false,"excerpt":"[Kuva eiliselt\u00e4 11.1.2020] Sunnuntaiaamuna ei en\u00e4\u00e4 tuullut kuten y\u00f6ll\u00e4... Ja toisin kuin yleens\u00e4 minua ei huvittanutkaan l\u00e4hte\u00e4 ulos, vaikka toki aikaa ja keli\u00e4 olisi ollut. Aikeeni pit\u00e4\u00e4 t\u00e4n\u00e4\u00e4n blinikestit vaihdoin hampurilaisp\u00e4iv\u00e4lliseksi, mik\u00e4 sekin merkitsi, ettei edes isommasti ruoanlaittohommia. Aamun lehti\u00e4 (netiss\u00e4) lukiessa ja some-p\u00e4ivityksi\u00e4 vilkuillessa sattui silmiin yst\u00e4v\u00e4n linkitt\u00e4m\u00e4 Hesarin\u2026","rel":"","context":"Kategoriassa &quot;Niit\u00e4 n\u00e4it\u00e4&quot;","block_context":{"text":"Niit\u00e4 n\u00e4it\u00e4","link":"https:\/\/www.satokangas.fi\/blogi\/category\/aiheeton\/"},"img":{"alt_text":"","src":"https:\/\/i0.wp.com\/www.satokangas.fi\/blogi\/wp-content\/uploads\/2020\/01\/aamu-4.jpg?resize=350%2C200&ssl=1","width":350,"height":200,"srcset":"https:\/\/i0.wp.com\/www.satokangas.fi\/blogi\/wp-content\/uploads\/2020\/01\/aamu-4.jpg?resize=350%2C200&ssl=1 1x, https:\/\/i0.wp.com\/www.satokangas.fi\/blogi\/wp-content\/uploads\/2020\/01\/aamu-4.jpg?resize=525%2C300&ssl=1 1.5x, https:\/\/i0.wp.com\/www.satokangas.fi\/blogi\/wp-content\/uploads\/2020\/01\/aamu-4.jpg?resize=700%2C400&ssl=1 2x, https:\/\/i0.wp.com\/www.satokangas.fi\/blogi\/wp-content\/uploads\/2020\/01\/aamu-4.jpg?resize=1050%2C600&ssl=1 3x, https:\/\/i0.wp.com\/www.satokangas.fi\/blogi\/wp-content\/uploads\/2020\/01\/aamu-4.jpg?resize=1400%2C800&ssl=1 4x"},"classes":[]},{"id":24581,"url":"https:\/\/www.satokangas.fi\/blogi\/2015\/05\/henkista-ja-fyysista-aktiviteettia-koko-paiva\/","url_meta":{"origin":22114,"position":3},"title":"Henkist\u00e4 ja fyysist\u00e4 aktiviteettia koko p\u00e4iv\u00e4","author":"Reija","date":"15.5.2015","format":false,"excerpt":"Varhain aamulla Linnanmaalla. Siin\u00e4 on oma taikansa. Taikaa on k\u00e4vell\u00e4 perjantaiaamuna, arkipyh\u00e4n ja lauantain v\u00e4lisen\u00e4 aamuna, aamuseitsem\u00e4lt\u00e4, valtavan kolossin tyhjill\u00e4 k\u00e4yt\u00e4vill\u00e4, lukittujen ovien kautta etsiyty\u00e4 omaan pieneen kammiinsa, avata tietokone, josta l\u00e4htev\u00e4 hurina on pitk\u00e4\u00e4n aikaan ainoa \u00e4\u00e4ni, joka kuuluu. Se vaivuttaa mukavaan ty\u00f6nteon nirvanaan, auttaa keskittym\u00e4\u00e4n. Samalla unohtuu se,\u2026","rel":"","context":"Kategoriassa &quot;Liikkuminen&quot;","block_context":{"text":"Liikkuminen","link":"https:\/\/www.satokangas.fi\/blogi\/category\/liikkuminen\/"},"img":{"alt_text":"Keilaamassa","src":"https:\/\/i0.wp.com\/www.satokangas.fi\/blogi\/wp-content\/uploads\/2015\/05\/Keilaamassa-600x400.jpg?resize=350%2C200&ssl=1","width":350,"height":200,"srcset":"https:\/\/i0.wp.com\/www.satokangas.fi\/blogi\/wp-content\/uploads\/2015\/05\/Keilaamassa-600x400.jpg?resize=350%2C200&ssl=1 1x, https:\/\/i0.wp.com\/www.satokangas.fi\/blogi\/wp-content\/uploads\/2015\/05\/Keilaamassa-600x400.jpg?resize=525%2C300&ssl=1 1.5x"},"classes":[]},{"id":42092,"url":"https:\/\/www.satokangas.fi\/blogi\/2021\/12\/jouluisia-valmisteluja\/","url_meta":{"origin":22114,"position":4},"title":"Jouluisia valmisteluja","author":"Reija","date":"7.12.2021","format":false,"excerpt":"Juniori ilmoitti jo viikolla, ett\u00e4 voisivat Itsen\u00e4isyysp\u00e4iv\u00e4n\u00e4 tuoda tullessaan samppanjan, jos tarjolla olisi jotain pient\u00e4, jotain \"hors d'\u0153uvre\" tai \"amuse-bouche\" -tyylist\u00e4. Kutsui siis itsens\u00e4 ja R:n meille sy\u00f6m\u00e4\u00e4n. Lupasin jotain tarjota. Tarjoutui oiva tilaisuus testata yksi resepti ja sill\u00e4 syntyv\u00e4n ruoan maku. Toiveissa nimitt\u00e4in on, ett\u00e4 viinikerho tulee meille reilun\u2026","rel":"","context":"Kategoriassa &quot;Isovanhemmuus&quot;","block_context":{"text":"Isovanhemmuus","link":"https:\/\/www.satokangas.fi\/blogi\/category\/isovanhemmuus\/"},"img":{"alt_text":"","src":"https:\/\/i0.wp.com\/www.satokangas.fi\/blogi\/wp-content\/uploads\/2021\/12\/Tonttukuvia_2021-6.jpg?resize=350%2C200&ssl=1","width":350,"height":200},"classes":[]},{"id":24378,"url":"https:\/\/www.satokangas.fi\/blogi\/2015\/04\/viiniasiaa\/","url_meta":{"origin":22114,"position":5},"title":"Viiniasiaa","author":"Reija","date":"17.4.2015","format":false,"excerpt":"Verraten topakan ty\u00f6viikon j\u00e4lkeen on aika viinille. Olen taas ker\u00e4illyt viinikokemuksia ja kuvia... Ensinn\u00e4kin t\u00e4ll\u00e4inen - - erinomaisen hyv\u00e4 prosecco, joka kuuluu kyll\u00e4 tilausvalikoiman tuotteisiin, mutta silti sit\u00e4 on ollut mm. Stockan Alkon hyllyss\u00e4. Tavattoman hedelm\u00e4ist\u00e4, olematta makea. Maku viipyilev\u00e4. Ja hinta v\u00e4h\u00e4n toistakymppi\u00e4. Bueno! Sitten - kun v\u00e4h\u00e4n ollaan\u2026","rel":"","context":"Kategoriassa &quot;Ruoka ja viini&quot;","block_context":{"text":"Ruoka ja viini","link":"https:\/\/www.satokangas.fi\/blogi\/category\/ruoka_ja_viini\/"},"img":{"alt_text":"Viiniasiaa-8","src":"https:\/\/i0.wp.com\/www.satokangas.fi\/blogi\/wp-content\/uploads\/2015\/04\/Viiniasiaa-8-598x400.jpg?resize=350%2C200&ssl=1","width":350,"height":200,"srcset":"https:\/\/i0.wp.com\/www.satokangas.fi\/blogi\/wp-content\/uploads\/2015\/04\/Viiniasiaa-8-598x400.jpg?resize=350%2C200&ssl=1 1x, https:\/\/i0.wp.com\/www.satokangas.fi\/blogi\/wp-content\/uploads\/2015\/04\/Viiniasiaa-8-598x400.jpg?resize=525%2C300&ssl=1 1.5x"},"classes":[]}],"_links":{"self":[{"href":"https:\/\/www.satokangas.fi\/blogi\/wp-json\/wp\/v2\/posts\/22114","targetHints":{"allow":["GET"]}}],"collection":[{"href":"https:\/\/www.satokangas.fi\/blogi\/wp-json\/wp\/v2\/posts"}],"about":[{"href":"https:\/\/www.satokangas.fi\/blogi\/wp-json\/wp\/v2\/types\/post"}],"author":[{"embeddable":true,"href":"https:\/\/www.satokangas.fi\/blogi\/wp-json\/wp\/v2\/users\/1"}],"replies":[{"embeddable":true,"href":"https:\/\/www.satokangas.fi\/blogi\/wp-json\/wp\/v2\/comments?post=22114"}],"version-history":[{"count":0,"href":"https:\/\/www.satokangas.fi\/blogi\/wp-json\/wp\/v2\/posts\/22114\/revisions"}],"wp:attachment":[{"href":"https:\/\/www.satokangas.fi\/blogi\/wp-json\/wp\/v2\/media?parent=22114"}],"wp:term":[{"taxonomy":"category","embeddable":true,"href":"https:\/\/www.satokangas.fi\/blogi\/wp-json\/wp\/v2\/categories?post=22114"},{"taxonomy":"post_tag","embeddable":true,"href":"https:\/\/www.satokangas.fi\/blogi\/wp-json\/wp\/v2\/tags?post=22114"}],"curies":[{"name":"wp","href":"https:\/\/api.w.org\/{rel}","templated":true}]}}