{"id":22100,"date":"2014-08-05T20:20:18","date_gmt":"2014-08-05T17:20:18","guid":{"rendered":"https:\/\/www.satokangas.fi\/blogi\/?p=22100"},"modified":"2014-08-05T21:14:57","modified_gmt":"2014-08-05T18:14:57","slug":"voipumista-ja-herkkutorille","status":"publish","type":"post","link":"https:\/\/www.satokangas.fi\/blogi\/2014\/08\/voipumista-ja-herkkutorille\/","title":{"rendered":"Voipumista ja herkkutorille"},"content":{"rendered":"<div class=\"container no-padding wrap-around layout one-column article section-item newsitem-header\" style=\"color: #18191a;\">\n<p>Koko aamup\u00e4iv\u00e4 ty\u00f6h\u00f6n perehdytt\u00e4mista ja talon tavoista kertomista, kaikenmoisten korttien ja tunnusten hankkimista, paikkojen ja henkil\u00f6iden esittely\u00e4 uudelle professorille. Tuli jossain vaiheessa itselle mieleen, ett\u00e4 on valtavasti asioita ja juttuja, joita ei huomaa olevankaan. Joihin on kasvanut, joita on oppinut k\u00e4ytt\u00e4m\u00e4\u00e4n, l\u00f6yt\u00e4m\u00e4\u00e4n, tuntemaan vuosien ja vuosikymmenten aikana ja ett\u00e4 ne eiv\u00e4t olekaan mit\u00e4\u00e4n itsest\u00e4\u00e4nselvyyksi\u00e4. Ty\u00f6njakopalaverin olin koolle kutsunut, ja kyll\u00e4 me sujuvasti hommat saatiin sovituksi.<\/p>\n<p>Sin\u00e4 samaisena hetken\u00e4 kun ty\u00f6huoneessa elohopea kohosi yli + 30 celsius-asteen, loppui mink\u00e4\u00e4nlainen \u00e4lyllinen toiminta. Sen j\u00e4lkeen tyydyin p\u00e4ivittelem\u00e4\u00e4n\u00a0nettisaitteja ja miettim\u00e4\u00e4n, kuinka my\u00f6h\u00e4\u00e4n iltap\u00e4iv\u00e4ll\u00e4 sorvin \u00e4\u00e4ress\u00e4 istuisi. Sit\u00e4 vain voipuu &#8230;<\/p>\n<p>V\u00e4ist\u00e4m\u00e4tt\u00e4 ajatteli ja my\u00f6t\u00e4eli esikoisen duunaamista Meksikossa, jossa on toista kuukautta ollut liki +40 C. Muutama sadep\u00e4iv\u00e4 siell\u00e4 oli v\u00e4lill\u00e4 ja ilma &#8221;viilentyi&#8221; jo alle + 30 asteeseen, mutta nyt taas &#8221;el canicula&#8221; (= 40 p\u00e4iv\u00e4\u00e4 kest\u00e4v\u00e4 vuoden \u00a0kuumin vaihe, helleaalto) vallitsee t\u00e4ysill\u00e4. T\u00e4m\u00e4n kuun lopussa pit\u00e4isi kuulemma olla kaikkein l\u00e4mpimint\u00e4. Auringossa on l\u00e4hemm\u00e4s +50 C ja paluu siestalta t\u00f6ihin kolmeksi iltap\u00e4iv\u00e4ll\u00e4 on kuulemma hikist\u00e4 puuhaa. Ep\u00e4ilem\u00e4tt\u00e4, semminkin kun pukukoodi ei salli toppeja ja sortseja, vaan paitapusero ja hame on oltava.<\/p>\n<p style=\"text-align: center;\"><img loading=\"lazy\" decoding=\"async\" data-attachment-id=\"22102\" data-permalink=\"https:\/\/www.satokangas.fi\/blogi\/2014\/08\/voipumista-ja-herkkutorille\/111-3\/\" data-orig-file=\"https:\/\/www.satokangas.fi\/blogi\/wp-content\/uploads\/2014\/08\/111-3.jpg\" data-orig-size=\"1600,900\" data-comments-opened=\"1\" data-image-meta=\"{&quot;aperture&quot;:&quot;2.2&quot;,&quot;credit&quot;:&quot;Reija Satokangas&quot;,&quot;camera&quot;:&quot;Canon PowerShot G1 X Mark II&quot;,&quot;caption&quot;:&quot;&quot;,&quot;created_timestamp&quot;:&quot;1407253910&quot;,&quot;copyright&quot;:&quot;&quot;,&quot;focal_length&quot;:&quot;12.5&quot;,&quot;iso&quot;:&quot;400&quot;,&quot;shutter_speed&quot;:&quot;0.0005&quot;,&quot;title&quot;:&quot;&quot;}\" data-image-title=\"111-3\" data-image-description=\"\" data-image-caption=\"\" data-large-file=\"https:\/\/www.satokangas.fi\/blogi\/wp-content\/uploads\/2014\/08\/111-3.jpg\" class=\"aligncenter size-medium wp-image-22102\" src=\"https:\/\/www.satokangas.fi\/blogi\/wp-content\/uploads\/2014\/08\/111-3-600x337.jpg\" alt=\"111-3\" width=\"600\" height=\"337\" srcset=\"https:\/\/www.satokangas.fi\/blogi\/wp-content\/uploads\/2014\/08\/111-3-600x337.jpg 600w, https:\/\/www.satokangas.fi\/blogi\/wp-content\/uploads\/2014\/08\/111-3-300x168.jpg 300w, https:\/\/www.satokangas.fi\/blogi\/wp-content\/uploads\/2014\/08\/111-3.jpg 1600w\" sizes=\"auto, (max-width: 600px) 100vw, 600px\" \/><\/p>\n<p>No min\u00e4 l\u00e4hdin duunista t\u00e4n\u00e4\u00e4n jo kolmelta pois, py\u00f6r\u00e4ll\u00e4 kohti kaupunkia, jossa Pehtoori\u00a0odottelikin. Menimme Bon Appetito -ruokatorille, joka on Oulussa ensimm\u00e4ist\u00e4 kertaa. Rantakadulla on ruokatori\u00a0jossa on parikymment\u00e4 kojua, joissa myyd\u00e4\u00e4n prosciuttoa,\u00a0ranskalaisia juustoja,\u00a0oliiveja, croissanteja ja muita ranskalaisia leipomuksia, nougatia (ei voinu ostaa, s\u00f6isin kerralla kaiken niin, ett\u00e4 halkeaisin &#8230; parempi olla ostamatta). Mutta monta juustokimpaletta ostimme lauantaiksi. S\u00f6imme pizza-slicet ja kotiin v\u00e4h\u00e4n muitakin herkkuja. Aika hintavaa oli, mutta sorruimme silti.<\/p>\n<p style=\"text-align: center;\"><img loading=\"lazy\" decoding=\"async\" data-attachment-id=\"22105\" data-permalink=\"https:\/\/www.satokangas.fi\/blogi\/2014\/08\/voipumista-ja-herkkutorille\/111-6\/\" data-orig-file=\"https:\/\/www.satokangas.fi\/blogi\/wp-content\/uploads\/2014\/08\/111-6.jpg\" data-orig-size=\"720,1280\" data-comments-opened=\"1\" data-image-meta=\"{&quot;aperture&quot;:&quot;2.2&quot;,&quot;credit&quot;:&quot;Reija Satokangas&quot;,&quot;camera&quot;:&quot;Canon PowerShot G1 X Mark II&quot;,&quot;caption&quot;:&quot;&quot;,&quot;created_timestamp&quot;:&quot;1407254180&quot;,&quot;copyright&quot;:&quot;&quot;,&quot;focal_length&quot;:&quot;12.5&quot;,&quot;iso&quot;:&quot;400&quot;,&quot;shutter_speed&quot;:&quot;0.002&quot;,&quot;title&quot;:&quot;&quot;}\" data-image-title=\"111-6\" data-image-description=\"\" data-image-caption=\"\" data-large-file=\"https:\/\/www.satokangas.fi\/blogi\/wp-content\/uploads\/2014\/08\/111-6-576x1024.jpg\" class=\"aligncenter size-medium wp-image-22105\" src=\"https:\/\/www.satokangas.fi\/blogi\/wp-content\/uploads\/2014\/08\/111-6-225x400.jpg\" alt=\"111-6\" width=\"225\" height=\"400\" srcset=\"https:\/\/www.satokangas.fi\/blogi\/wp-content\/uploads\/2014\/08\/111-6-225x400.jpg 225w, https:\/\/www.satokangas.fi\/blogi\/wp-content\/uploads\/2014\/08\/111-6-168x300.jpg 168w, https:\/\/www.satokangas.fi\/blogi\/wp-content\/uploads\/2014\/08\/111-6-576x1024.jpg 576w, https:\/\/www.satokangas.fi\/blogi\/wp-content\/uploads\/2014\/08\/111-6.jpg 720w\" sizes=\"auto, (max-width: 225px) 100vw, 225px\" \/><\/p>\n<p style=\"text-align: center;\"><a href=\"https:\/\/www.satokangas.fi\/blogi\/wp-content\/uploads\/2014\/08\/111-2.jpg\"><img loading=\"lazy\" decoding=\"async\" data-attachment-id=\"22101\" data-permalink=\"https:\/\/www.satokangas.fi\/blogi\/2014\/08\/voipumista-ja-herkkutorille\/111-2-2\/\" data-orig-file=\"https:\/\/www.satokangas.fi\/blogi\/wp-content\/uploads\/2014\/08\/111-2.jpg\" data-orig-size=\"1600,893\" data-comments-opened=\"1\" data-image-meta=\"{&quot;aperture&quot;:&quot;2.2&quot;,&quot;credit&quot;:&quot;Reija Satokangas&quot;,&quot;camera&quot;:&quot;Canon PowerShot G1 X Mark II&quot;,&quot;caption&quot;:&quot;&quot;,&quot;created_timestamp&quot;:&quot;1407253860&quot;,&quot;copyright&quot;:&quot;&quot;,&quot;focal_length&quot;:&quot;12.5&quot;,&quot;iso&quot;:&quot;400&quot;,&quot;shutter_speed&quot;:&quot;0.002&quot;,&quot;title&quot;:&quot;&quot;}\" data-image-title=\"111-2\" data-image-description=\"\" data-image-caption=\"\" data-large-file=\"https:\/\/www.satokangas.fi\/blogi\/wp-content\/uploads\/2014\/08\/111-2.jpg\" class=\"aligncenter size-medium wp-image-22101\" src=\"https:\/\/www.satokangas.fi\/blogi\/wp-content\/uploads\/2014\/08\/111-2-600x334.jpg\" alt=\"111-2\" width=\"600\" height=\"334\" srcset=\"https:\/\/www.satokangas.fi\/blogi\/wp-content\/uploads\/2014\/08\/111-2-600x334.jpg 600w, https:\/\/www.satokangas.fi\/blogi\/wp-content\/uploads\/2014\/08\/111-2-300x167.jpg 300w, https:\/\/www.satokangas.fi\/blogi\/wp-content\/uploads\/2014\/08\/111-2.jpg 1600w\" sizes=\"auto, (max-width: 600px) 100vw, 600px\" \/><\/a><\/p>\n<p style=\"text-align: center;\"><a href=\"https:\/\/www.satokangas.fi\/blogi\/wp-content\/uploads\/2014\/08\/111-4.jpg\"><img loading=\"lazy\" decoding=\"async\" data-attachment-id=\"22103\" data-permalink=\"https:\/\/www.satokangas.fi\/blogi\/2014\/08\/voipumista-ja-herkkutorille\/111-4\/\" data-orig-file=\"https:\/\/www.satokangas.fi\/blogi\/wp-content\/uploads\/2014\/08\/111-4.jpg\" data-orig-size=\"1600,900\" data-comments-opened=\"1\" data-image-meta=\"{&quot;aperture&quot;:&quot;2.2&quot;,&quot;credit&quot;:&quot;Reija Satokangas&quot;,&quot;camera&quot;:&quot;Canon PowerShot G1 X Mark II&quot;,&quot;caption&quot;:&quot;&quot;,&quot;created_timestamp&quot;:&quot;1407253972&quot;,&quot;copyright&quot;:&quot;&quot;,&quot;focal_length&quot;:&quot;12.5&quot;,&quot;iso&quot;:&quot;400&quot;,&quot;shutter_speed&quot;:&quot;0.0015625&quot;,&quot;title&quot;:&quot;&quot;}\" data-image-title=\"111-4\" data-image-description=\"\" data-image-caption=\"\" data-large-file=\"https:\/\/www.satokangas.fi\/blogi\/wp-content\/uploads\/2014\/08\/111-4.jpg\" class=\"aligncenter size-medium wp-image-22103\" src=\"https:\/\/www.satokangas.fi\/blogi\/wp-content\/uploads\/2014\/08\/111-4-600x337.jpg\" alt=\"111-4\" width=\"600\" height=\"337\" srcset=\"https:\/\/www.satokangas.fi\/blogi\/wp-content\/uploads\/2014\/08\/111-4-600x337.jpg 600w, https:\/\/www.satokangas.fi\/blogi\/wp-content\/uploads\/2014\/08\/111-4-300x168.jpg 300w, https:\/\/www.satokangas.fi\/blogi\/wp-content\/uploads\/2014\/08\/111-4.jpg 1600w\" sizes=\"auto, (max-width: 600px) 100vw, 600px\" \/><\/a> <a href=\"https:\/\/www.satokangas.fi\/blogi\/wp-content\/uploads\/2014\/08\/111-6.jpg\"><br \/>\n<\/a> <a href=\"https:\/\/www.satokangas.fi\/blogi\/wp-content\/uploads\/2014\/08\/111-7.jpg\"><img loading=\"lazy\" decoding=\"async\" data-attachment-id=\"22106\" data-permalink=\"https:\/\/www.satokangas.fi\/blogi\/2014\/08\/voipumista-ja-herkkutorille\/111-7\/\" data-orig-file=\"https:\/\/www.satokangas.fi\/blogi\/wp-content\/uploads\/2014\/08\/111-7.jpg\" data-orig-size=\"1600,900\" data-comments-opened=\"1\" data-image-meta=\"{&quot;aperture&quot;:&quot;2.2&quot;,&quot;credit&quot;:&quot;Reija Satokangas&quot;,&quot;camera&quot;:&quot;Canon PowerShot G1 X Mark II&quot;,&quot;caption&quot;:&quot;&quot;,&quot;created_timestamp&quot;:&quot;1407254189&quot;,&quot;copyright&quot;:&quot;&quot;,&quot;focal_length&quot;:&quot;12.5&quot;,&quot;iso&quot;:&quot;400&quot;,&quot;shutter_speed&quot;:&quot;0.003125&quot;,&quot;title&quot;:&quot;&quot;}\" data-image-title=\"111-7\" data-image-description=\"\" data-image-caption=\"\" data-large-file=\"https:\/\/www.satokangas.fi\/blogi\/wp-content\/uploads\/2014\/08\/111-7.jpg\" class=\"aligncenter size-medium wp-image-22106\" src=\"https:\/\/www.satokangas.fi\/blogi\/wp-content\/uploads\/2014\/08\/111-7-600x337.jpg\" alt=\"111-7\" width=\"600\" height=\"337\" srcset=\"https:\/\/www.satokangas.fi\/blogi\/wp-content\/uploads\/2014\/08\/111-7-600x337.jpg 600w, https:\/\/www.satokangas.fi\/blogi\/wp-content\/uploads\/2014\/08\/111-7-300x168.jpg 300w, https:\/\/www.satokangas.fi\/blogi\/wp-content\/uploads\/2014\/08\/111-7.jpg 1600w\" sizes=\"auto, (max-width: 600px) 100vw, 600px\" \/><\/a><\/p>\n<p><a href=\"https:\/\/www.satokangas.fi\/blogi\/wp-content\/uploads\/2014\/08\/111-8.jpg\"><img loading=\"lazy\" decoding=\"async\" data-attachment-id=\"22107\" data-permalink=\"https:\/\/www.satokangas.fi\/blogi\/2014\/08\/voipumista-ja-herkkutorille\/111-8\/\" data-orig-file=\"https:\/\/www.satokangas.fi\/blogi\/wp-content\/uploads\/2014\/08\/111-8.jpg\" data-orig-size=\"1600,1180\" data-comments-opened=\"1\" data-image-meta=\"{&quot;aperture&quot;:&quot;4&quot;,&quot;credit&quot;:&quot;Reija Satokangas&quot;,&quot;camera&quot;:&quot;Canon PowerShot G1 X Mark II&quot;,&quot;caption&quot;:&quot;&quot;,&quot;created_timestamp&quot;:&quot;1407255998&quot;,&quot;copyright&quot;:&quot;&quot;,&quot;focal_length&quot;:&quot;12.5&quot;,&quot;iso&quot;:&quot;125&quot;,&quot;shutter_speed&quot;:&quot;0.01&quot;,&quot;title&quot;:&quot;&quot;}\" data-image-title=\"111-8\" data-image-description=\"\" data-image-caption=\"\" data-large-file=\"https:\/\/www.satokangas.fi\/blogi\/wp-content\/uploads\/2014\/08\/111-8-1388x1024.jpg\" class=\"aligncenter size-medium wp-image-22107\" src=\"https:\/\/www.satokangas.fi\/blogi\/wp-content\/uploads\/2014\/08\/111-8-542x400.jpg\" alt=\"111-8\" width=\"542\" height=\"400\" srcset=\"https:\/\/www.satokangas.fi\/blogi\/wp-content\/uploads\/2014\/08\/111-8-542x400.jpg 542w, https:\/\/www.satokangas.fi\/blogi\/wp-content\/uploads\/2014\/08\/111-8-300x221.jpg 300w, https:\/\/www.satokangas.fi\/blogi\/wp-content\/uploads\/2014\/08\/111-8-1388x1024.jpg 1388w, https:\/\/www.satokangas.fi\/blogi\/wp-content\/uploads\/2014\/08\/111-8.jpg 1600w\" sizes=\"auto, (max-width: 542px) 100vw, 542px\" \/><\/a><\/p>\n<p style=\"text-align: center;\">Morbieria. Yksi minun lempijuustoistani. Pecorinon ja Appenzellerin ja Emmentalin lis\u00e4ksi.<\/p>\n<p>&nbsp;<\/p>\n<p>&nbsp;<\/p>\n<\/div>\n","protected":false},"excerpt":{"rendered":"<p>Koko aamup\u00e4iv\u00e4 ty\u00f6h\u00f6n perehdytt\u00e4mista ja talon tavoista kertomista, kaikenmoisten korttien ja tunnusten hankkimista, paikkojen ja henkil\u00f6iden esittely\u00e4 uudelle professorille. Tuli jossain vaiheessa itselle mieleen, ett\u00e4 on valtavasti asioita ja juttuja, joita ei huomaa olevankaan. Joihin on kasvanut, joita on oppinut k\u00e4ytt\u00e4m\u00e4\u00e4n, l\u00f6yt\u00e4m\u00e4\u00e4n, tuntemaan vuosien ja vuosikymmenten aikana ja ett\u00e4 ne eiv\u00e4t olekaan mit\u00e4\u00e4n itsest\u00e4\u00e4nselvyyksi\u00e4. Ty\u00f6njakopalaverin olin koolle kutsunut, ja kyll\u00e4 &hellip; <\/p>\n","protected":false},"author":1,"featured_media":0,"comment_status":"open","ping_status":"open","sticky":false,"template":"","format":"standard","meta":{"jetpack_post_was_ever_published":false,"_jetpack_newsletter_access":"","_jetpack_dont_email_post_to_subs":false,"_jetpack_newsletter_tier_id":0,"_jetpack_memberships_contains_paywalled_content":false,"_jetpack_memberships_contains_paid_content":false,"footnotes":"","jetpack_publicize_message":"","jetpack_publicize_feature_enabled":true,"jetpack_social_post_already_shared":true,"jetpack_social_options":{"image_generator_settings":{"template":"highway","default_image_id":0,"font":"","enabled":false},"version":2}},"categories":[55,17,32],"tags":[],"class_list":["post-22100","post","type-post","status-publish","format-standard","hentry","category-oulu","category-ruoka_ja_viini","category-yliopistoelamaa","latest_post"],"jetpack_publicize_connections":[],"jetpack_featured_media_url":"","jetpack_shortlink":"https:\/\/wp.me\/pr4p4-5Ks","jetpack_sharing_enabled":true,"jetpack_likes_enabled":false,"jetpack-related-posts":[{"id":27894,"url":"https:\/\/www.satokangas.fi\/blogi\/2016\/03\/ei-ole-itsestaanselvyyksia\/","url_meta":{"origin":22100,"position":0},"title":"Ei ole itsest\u00e4\u00e4nselvyyksi\u00e4","author":"Reija","date":"23.3.2016","format":false,"excerpt":"T\u00e4n\u00e4\u00e4n ikimuistoinen matka kohti Hangasojaa. Tai matka, josta en paljon muista. Siten ikimuistoinen. Muistan ajaneeni alkumatkan, loppumatkan istuin l\u00e4pp\u00e4ri syliss\u00e4, auringonpaistetta ihaillen etsin runoja tai aforismeja, etsin viisaita sanoja siit\u00e4, kuinka ei tulisi pit\u00e4\u00e4 mit\u00e4\u00e4n itsest\u00e4\u00e4nselvyyten\u00e4. Toivoin, ett\u00e4 joku olisi kirjoittanut kauniisti, koskettavasti, ajatellen, siit\u00e4, kuinka me arjessamme unohdamme, ett\u00e4\u2026","rel":"","context":"Kategoriassa &quot;Niit\u00e4 n\u00e4it\u00e4&quot;","block_context":{"text":"Niit\u00e4 n\u00e4it\u00e4","link":"https:\/\/www.satokangas.fi\/blogi\/category\/aiheeton\/"},"img":{"alt_text":"auringonlasku","src":"https:\/\/i0.wp.com\/www.satokangas.fi\/blogi\/wp-content\/uploads\/2016\/03\/auringonlasku-331x400.jpg?resize=350%2C200&ssl=1","width":350,"height":200},"classes":[]},{"id":11558,"url":"https:\/\/www.satokangas.fi\/blogi\/2011\/05\/taman-kerran-vain-valitan\/","url_meta":{"origin":22100,"position":1},"title":"T\u00e4m\u00e4n kerran vain valitan&#8230; :)","author":"Reija","date":"2.5.2011","format":false,"excerpt":"Ollaan taas siin\u00e4 ajassa vuodesta, ett\u00e4 on merkillinen k\u00e4sitys, ett\u00e4 ev\u00e4\u00e4t on sy\u00f6t\u00e4v\u00e4 koneen \u00e4\u00e4ress\u00e4, ett\u00e4 k\u00e4yt\u00e4v\u00e4lle ei ehdi j\u00e4\u00e4d\u00e4 opiskelijoiden kanssa jutustelemaan, ett\u00e4 on vain revitt\u00e4v\u00e4 itsens\u00e4 illansuussa kotiin, ett\u00e4 kello ei aamulla ehdi soida ennen kuin jo her\u00e4\u00e4, ett\u00e4 samaan aikaan kun on jonkun kanssa puhelimessa laatii s\u00e4hk\u00f6postia\u2026","rel":"","context":"Kategoriassa &quot;Niit\u00e4 n\u00e4it\u00e4&quot;","block_context":{"text":"Niit\u00e4 n\u00e4it\u00e4","link":"https:\/\/www.satokangas.fi\/blogi\/category\/aiheeton\/"},"img":{"alt_text":"","src":"","width":0,"height":0},"classes":[]},{"id":29240,"url":"https:\/\/www.satokangas.fi\/blogi\/2016\/09\/asiat-menevat\/","url_meta":{"origin":22100,"position":2},"title":"Asiat menev\u00e4t","author":"Reija","date":"21.9.2016","format":false,"excerpt":"Tied\u00e4ttek\u00f6s, ett\u00e4 kun on el\u00e4m\u00e4nmuutoksen edess\u00e4 sit\u00e4 ajattelee, tai ainakin min\u00e4 ajattelin, ett\u00e4 vastaisuudessa, uudessa el\u00e4m\u00e4ss\u00e4, teen asioita, j\u00e4rjest\u00e4n p\u00e4iv\u00e4ni kovinkin erilailla kuin ennen. Siis ett\u00e4 paljolti ty\u00f6n m\u00e4\u00e4ritt\u00e4m\u00e4st\u00e4 ja viem\u00e4st\u00e4 ajank\u00e4yt\u00f6st\u00e4 luopuessani muuttaisin el\u00e4m\u00e4ntapojani, ajank\u00e4ytt\u00f6\u00e4ni paljonkin. Ett\u00e4 alkaisin nukkua enemm\u00e4n, pidemp\u00e4\u00e4n, p\u00e4ivisinkin. Ett\u00e4 liikkuisin joka ikinen p\u00e4iv\u00e4. Ett\u00e4 lukisin\u2026","rel":"","context":"Kategoriassa &quot;Isovanhemmuus&quot;","block_context":{"text":"Isovanhemmuus","link":"https:\/\/www.satokangas.fi\/blogi\/category\/isovanhemmuus\/"},"img":{"alt_text":"aapeli","src":"https:\/\/i0.wp.com\/www.satokangas.fi\/blogi\/wp-content\/uploads\/2016\/09\/Aapeli-1-442x400.jpg?resize=350%2C200&ssl=1","width":350,"height":200},"classes":[]},{"id":29823,"url":"https:\/\/www.satokangas.fi\/blogi\/2016\/12\/kaamos-on-taas-kerran-kaunis\/","url_meta":{"origin":22100,"position":3},"title":"Kaamos on taas kerran kaunis","author":"Reija","date":"5.12.2016","format":false,"excerpt":"Aurinko laski t\u00e4\u00e4ll\u00e4 eilen 12:24 ja nousee seuraavan kerran\u00a07.1.2017 11:54. Luulisi, ett\u00e4 on umpipime\u00e4\u00e4 ja synkk\u00e4\u00e4. Ei ole. [klikkaamalla saat kuvat isommiksi.] Kun yhdeks\u00e4n tunnin y\u00f6unien j\u00e4lkeen aamukahdeksalta her\u00e4simme oli jo v\u00e4h\u00e4n valoa. Sen verran, ett\u00e4 n\u00e4kyi y\u00f6ll\u00e4 sataneen kymmenen sentti\u00e4 puuterilunta. Oli kaunista, selke\u00e4\u00e4 - ja kylm\u00e4\u00e4. S\u00e4\u00e4tiedotus n\u00e4ytti,\u2026","rel":"","context":"Kategoriassa &quot;Lappi&quot;","block_context":{"text":"Lappi","link":"https:\/\/www.satokangas.fi\/blogi\/category\/lappi\/"},"img":{"alt_text":"kaamos-8","src":"https:\/\/i0.wp.com\/www.satokangas.fi\/blogi\/wp-content\/uploads\/2016\/12\/Kaamos-8-600x345.jpg?resize=350%2C200&ssl=1","width":350,"height":200,"srcset":"https:\/\/i0.wp.com\/www.satokangas.fi\/blogi\/wp-content\/uploads\/2016\/12\/Kaamos-8-600x345.jpg?resize=350%2C200&ssl=1 1x, https:\/\/i0.wp.com\/www.satokangas.fi\/blogi\/wp-content\/uploads\/2016\/12\/Kaamos-8-600x345.jpg?resize=525%2C300&ssl=1 1.5x"},"classes":[]},{"id":47358,"url":"https:\/\/www.satokangas.fi\/blogi\/2023\/10\/miten-sanoa-oikein\/","url_meta":{"origin":22100,"position":4},"title":"Miten sanoa oikein","author":"Reija","date":"18.10.2023","format":false,"excerpt":"Kun viikonloppu vietettiin Helsingiss\u00e4, oltiin lastenlasten kanssa paljon yhdess\u00e4. Ollaanhan me n\u00e4iden isompien, Eepi (pian 5 v.) ja Apsu (nyt jo 8\u00bd v.), kanssa oltu paljonkin yhdess\u00e4, montaa kertaa ei ole mennyt niin, ettei olisi ainakin kerran kuussa n\u00e4hty. Vauva-aikanakin suunnilleen ainakin joka sunnuntai, ja viime vuosina joka toinen viikko\u2026","rel":"","context":"Kategoriassa &quot;Isovanhemmuus&quot;","block_context":{"text":"Isovanhemmuus","link":"https:\/\/www.satokangas.fi\/blogi\/category\/isovanhemmuus\/"},"img":{"alt_text":"","src":"https:\/\/i0.wp.com\/www.satokangas.fi\/blogi\/wp-content\/uploads\/2023\/10\/aapinen.jpg?resize=350%2C200&ssl=1","width":350,"height":200},"classes":[]},{"id":23828,"url":"https:\/\/www.satokangas.fi\/blogi\/2015\/02\/eri-puhetta\/","url_meta":{"origin":22100,"position":5},"title":"Eri puhetta","author":"Reija","date":"4.2.2015","format":false,"excerpt":"Huomaan ett\u00e4 heti kun ollaan helmikuussa, minun kuvaukseni siirtyy sis\u00e4tiloihin, ainakin aika paljolti. Tulppaaneja ja \u00a0ty\u00f6p\u00f6yti\u00e4 ovat aiempienkin helmikuitteni postaukset vuodesta toiseen pullollaan. Ja kuinkas ollakkaan t\u00e4n\u00e4\u00e4nkin sitten piti pikku kopperoni kuvata. Enp\u00e4 tuolta aamuseitsem\u00e4n j\u00e4lkeen juuri poistunut kuin vessaan ja kahville. Humahtihan se aika taas. T\u00e4ss\u00e4 on viime aikoina\u2026","rel":"","context":"Kategoriassa &quot;Niit\u00e4 n\u00e4it\u00e4&quot;","block_context":{"text":"Niit\u00e4 n\u00e4it\u00e4","link":"https:\/\/www.satokangas.fi\/blogi\/category\/aiheeton\/"},"img":{"alt_text":"00-2","src":"https:\/\/i0.wp.com\/www.satokangas.fi\/blogi\/wp-content\/uploads\/2015\/02\/00-2-600x400.jpg?resize=350%2C200&ssl=1","width":350,"height":200,"srcset":"https:\/\/i0.wp.com\/www.satokangas.fi\/blogi\/wp-content\/uploads\/2015\/02\/00-2-600x400.jpg?resize=350%2C200&ssl=1 1x, https:\/\/i0.wp.com\/www.satokangas.fi\/blogi\/wp-content\/uploads\/2015\/02\/00-2-600x400.jpg?resize=525%2C300&ssl=1 1.5x"},"classes":[]}],"_links":{"self":[{"href":"https:\/\/www.satokangas.fi\/blogi\/wp-json\/wp\/v2\/posts\/22100","targetHints":{"allow":["GET"]}}],"collection":[{"href":"https:\/\/www.satokangas.fi\/blogi\/wp-json\/wp\/v2\/posts"}],"about":[{"href":"https:\/\/www.satokangas.fi\/blogi\/wp-json\/wp\/v2\/types\/post"}],"author":[{"embeddable":true,"href":"https:\/\/www.satokangas.fi\/blogi\/wp-json\/wp\/v2\/users\/1"}],"replies":[{"embeddable":true,"href":"https:\/\/www.satokangas.fi\/blogi\/wp-json\/wp\/v2\/comments?post=22100"}],"version-history":[{"count":0,"href":"https:\/\/www.satokangas.fi\/blogi\/wp-json\/wp\/v2\/posts\/22100\/revisions"}],"wp:attachment":[{"href":"https:\/\/www.satokangas.fi\/blogi\/wp-json\/wp\/v2\/media?parent=22100"}],"wp:term":[{"taxonomy":"category","embeddable":true,"href":"https:\/\/www.satokangas.fi\/blogi\/wp-json\/wp\/v2\/categories?post=22100"},{"taxonomy":"post_tag","embeddable":true,"href":"https:\/\/www.satokangas.fi\/blogi\/wp-json\/wp\/v2\/tags?post=22100"}],"curies":[{"name":"wp","href":"https:\/\/api.w.org\/{rel}","templated":true}]}}