{"id":22098,"date":"2014-08-04T22:29:29","date_gmt":"2014-08-04T19:29:29","guid":{"rendered":"https:\/\/www.satokangas.fi\/blogi\/?p=22098"},"modified":"2014-08-05T08:00:50","modified_gmt":"2014-08-05T05:00:50","slug":"vaitosmaanantai","status":"publish","type":"post","link":"https:\/\/www.satokangas.fi\/blogi\/2014\/08\/vaitosmaanantai\/","title":{"rendered":"V\u00e4it\u00f6smaanantai"},"content":{"rendered":"<p>T\u00e4n\u00e4\u00e4n &#8211; maanantaista huolimatta &#8211; oli v\u00e4it\u00f6stilaisuus: Pohjoinen her\u00e4tysliike ja modernisaation kipukohdat. Vanhoillislestadiolaisuuden julkisuuskuva Suomessa 1961 &#8211; 1985. (ks. lehdist\u00f6tiedote:\u00a0<a href=\"http:\/\/www.oulu.fi\/yliopisto\/node\/2542\">http:\/\/www.oulu.fi\/yliopisto\/node\/2542<\/a>\u00a0) Jotta mielenkiintoista. Erinomaisen. Ja hyv\u00e4 v\u00e4it\u00f6s oli; vastav\u00e4itt\u00e4j\u00e4 ei ep\u00e4r\u00f6inyt esitt\u00e4\u00e4 kritiikki\u00e4, mutta ei my\u00f6sk\u00e4\u00e4n unohtanut nostaa esiin ty\u00f6n vahvuuksia. Yleis\u00f6\u00e4kin paikalla tavallista enemm\u00e4n, ja luentosalissa niin kuuma, ett\u00e4 pahaa teki.<\/p>\n<p>Karonkkakin oli, pienimuotoinen oli ja min\u00e4 &#8221;kiinti\u00f6naisena&#8221; (= ainoana) olin paikalla. Ja monta kertaa hoksasin jutuista, ett\u00e4 \u00b4n\u00e4m\u00e4 min\u00e4 tied\u00e4n\u00b4, kuinka monta kertaa olen jo ollut, \u00a0olen jo vanha. &#8230; \ud83d\ude41 \u00a0Ainakin n\u00e4iss\u00e4 jutuissa kymmeni\u00e4 kertoja mukana ollut. Oikeasti: moneskohan v\u00e4it\u00f6stilaisuus, moneskohan karonkka?<\/p>\n<p><a href=\"https:\/\/www.satokangas.fi\/blogi\/wp-content\/uploads\/2014\/08\/111.jpg\"><img loading=\"lazy\" decoding=\"async\" data-attachment-id=\"22099\" data-permalink=\"https:\/\/www.satokangas.fi\/blogi\/2014\/08\/vaitosmaanantai\/111-2\/\" data-orig-file=\"https:\/\/www.satokangas.fi\/blogi\/wp-content\/uploads\/2014\/08\/111.jpg\" data-orig-size=\"1600,1067\" data-comments-opened=\"1\" data-image-meta=\"{&quot;aperture&quot;:&quot;7.1&quot;,&quot;credit&quot;:&quot;Reija Satokangas&quot;,&quot;camera&quot;:&quot;Canon EOS 5D Mark II&quot;,&quot;caption&quot;:&quot;&quot;,&quot;created_timestamp&quot;:&quot;1407137515&quot;,&quot;copyright&quot;:&quot;&quot;,&quot;focal_length&quot;:&quot;80&quot;,&quot;iso&quot;:&quot;250&quot;,&quot;shutter_speed&quot;:&quot;0.05&quot;,&quot;title&quot;:&quot;&quot;}\" data-image-title=\"111\" data-image-description=\"\" data-image-caption=\"\" data-large-file=\"https:\/\/www.satokangas.fi\/blogi\/wp-content\/uploads\/2014\/08\/111-1535x1024.jpg\" class=\"aligncenter size-medium wp-image-22099\" src=\"https:\/\/www.satokangas.fi\/blogi\/wp-content\/uploads\/2014\/08\/111-600x400.jpg\" alt=\"111\" width=\"600\" height=\"400\" srcset=\"https:\/\/www.satokangas.fi\/blogi\/wp-content\/uploads\/2014\/08\/111-600x400.jpg 600w, https:\/\/www.satokangas.fi\/blogi\/wp-content\/uploads\/2014\/08\/111-300x200.jpg 300w, https:\/\/www.satokangas.fi\/blogi\/wp-content\/uploads\/2014\/08\/111-1535x1024.jpg 1535w, https:\/\/www.satokangas.fi\/blogi\/wp-content\/uploads\/2014\/08\/111.jpg 1600w\" sizes=\"auto, (max-width: 600px) 100vw, 600px\" \/><\/a><\/p>\n<p>&nbsp;<\/p>\n<p>&nbsp;<\/p>\n<p>Toinenkin tavallisesta ty\u00f6p\u00e4iv\u00e4st\u00e4 poikkeava juttu: uusi professori tuli. T\u00e4st\u00e4 se l\u00e4htee uusi aikakausi. &#8230;<\/p>\n","protected":false},"excerpt":{"rendered":"<p>T\u00e4n\u00e4\u00e4n &#8211; maanantaista huolimatta &#8211; oli v\u00e4it\u00f6stilaisuus: Pohjoinen her\u00e4tysliike ja modernisaation kipukohdat. Vanhoillislestadiolaisuuden julkisuuskuva Suomessa 1961 &#8211; 1985. (ks. lehdist\u00f6tiedote:\u00a0http:\/\/www.oulu.fi\/yliopisto\/node\/2542\u00a0) Jotta mielenkiintoista. Erinomaisen. Ja hyv\u00e4 v\u00e4it\u00f6s oli; vastav\u00e4itt\u00e4j\u00e4 ei ep\u00e4r\u00f6inyt esitt\u00e4\u00e4 kritiikki\u00e4, mutta ei my\u00f6sk\u00e4\u00e4n unohtanut nostaa esiin ty\u00f6n vahvuuksia. Yleis\u00f6\u00e4kin paikalla tavallista enemm\u00e4n, ja luentosalissa niin kuuma, ett\u00e4 pahaa teki. Karonkkakin oli, pienimuotoinen oli ja min\u00e4 &#8221;kiinti\u00f6naisena&#8221; (= ainoana) &hellip; <\/p>\n","protected":false},"author":1,"featured_media":0,"comment_status":"open","ping_status":"open","sticky":false,"template":"","format":"standard","meta":{"jetpack_post_was_ever_published":false,"_jetpack_newsletter_access":"","_jetpack_dont_email_post_to_subs":false,"_jetpack_newsletter_tier_id":0,"_jetpack_memberships_contains_paywalled_content":false,"_jetpack_memberships_contains_paid_content":false,"footnotes":"","jetpack_publicize_message":"","jetpack_publicize_feature_enabled":true,"jetpack_social_post_already_shared":true,"jetpack_social_options":{"image_generator_settings":{"template":"highway","default_image_id":0,"font":"","enabled":false},"version":2}},"categories":[32],"tags":[],"class_list":["post-22098","post","type-post","status-publish","format-standard","hentry","category-yliopistoelamaa","latest_post"],"jetpack_publicize_connections":[],"jetpack_featured_media_url":"","jetpack_shortlink":"https:\/\/wp.me\/pr4p4-5Kq","jetpack_sharing_enabled":true,"jetpack_likes_enabled":false,"jetpack-related-posts":[{"id":38249,"url":"https:\/\/www.satokangas.fi\/blogi\/2020\/02\/eilisessa-viela\/","url_meta":{"origin":22098,"position":0},"title":"Eilisess\u00e4 viel\u00e4","author":"Reija","date":"22.2.2020","format":false,"excerpt":"Lumenveistokilpailun ty\u00f6t ovat valmiita. Ja valaistujakin ne nyt ovat. Emmek\u00e4 todellakaan aio l\u00e4hte\u00e4 niit\u00e4 katsomaan. T\u00e4n\u00e4\u00e4n on satanut vett\u00e4. Taitaa sataa nytkin. Muutamana edellisen\u00e4 vuonna roikuin alueella kamera kaulassa monena p\u00e4iv\u00e4n\u00e4 ja lauantaina k\u00e4vimme\u00a0kaksistaan katselemassa valaistut veistokset, - mutta t\u00e4m\u00e4 viheli\u00e4inen marraskuinen\/huhtikuinen s\u00e4\u00e4 helmikuussa on t\u00e4rvellyt ilon t\u00e4lt\u00e4 osin. Kalevan\u2026","rel":"","context":"Kategoriassa &quot;Yliopistoel\u00e4m\u00e4\u00e4&quot;","block_context":{"text":"Yliopistoel\u00e4m\u00e4\u00e4","link":"https:\/\/www.satokangas.fi\/blogi\/category\/yliopistoelamaa\/"},"img":{"alt_text":"","src":"https:\/\/i0.wp.com\/www.satokangas.fi\/blogi\/wp-content\/uploads\/2020\/02\/marmori.jpg?resize=350%2C200&ssl=1","width":350,"height":200,"srcset":"https:\/\/i0.wp.com\/www.satokangas.fi\/blogi\/wp-content\/uploads\/2020\/02\/marmori.jpg?resize=350%2C200&ssl=1 1x, https:\/\/i0.wp.com\/www.satokangas.fi\/blogi\/wp-content\/uploads\/2020\/02\/marmori.jpg?resize=525%2C300&ssl=1 1.5x, https:\/\/i0.wp.com\/www.satokangas.fi\/blogi\/wp-content\/uploads\/2020\/02\/marmori.jpg?resize=700%2C400&ssl=1 2x"},"classes":[]},{"id":47945,"url":"https:\/\/www.satokangas.fi\/blogi\/2023\/12\/niin-hieno-paiva\/","url_meta":{"origin":22098,"position":1},"title":"Niin hieno p\u00e4iv\u00e4","author":"Reija","date":"8.12.2023","format":false,"excerpt":"On puoliy\u00f6. Olen juuri tullut kotiin. (klo 23.52) Olen liki pakahtumaisillani p\u00e4iv\u00e4n annista. Pitk\u00e4st\u00e4 aikaa p\u00e4iv\u00e4 t\u00e4ynn\u00e4 akateemista el\u00e4m\u00e4\u00e4. P\u00e4iv\u00e4ll\u00e4 v\u00e4it\u00f6stilaisuus, illalla karonkka. Molemmat poikkeuksellisia. Poikkeuksellisen rauhallisia, kauniita, tunteikkaita, historiallisia, positiivisia hetki\u00e4. Paljon n\u00e4kymi\u00e4, ajatuksia, kohtaamisia, kuulumisia ja kiitoksia. Uutta tietoa, - paluuta omaan ja Oulun menneeseen. Ja ilta viel\u00e4\u2026","rel":"","context":"Kategoriassa &quot;Yliopistoel\u00e4m\u00e4\u00e4&quot;","block_context":{"text":"Yliopistoel\u00e4m\u00e4\u00e4","link":"https:\/\/www.satokangas.fi\/blogi\/category\/yliopistoelamaa\/"},"img":{"alt_text":"","src":"https:\/\/i0.wp.com\/www.satokangas.fi\/blogi\/wp-content\/uploads\/2023\/12\/WhatsApp-Kuva-2023-12-09-klo-00.28.28_440778c6.jpg?resize=350%2C200&ssl=1","width":350,"height":200,"srcset":"https:\/\/i0.wp.com\/www.satokangas.fi\/blogi\/wp-content\/uploads\/2023\/12\/WhatsApp-Kuva-2023-12-09-klo-00.28.28_440778c6.jpg?resize=350%2C200&ssl=1 1x, https:\/\/i0.wp.com\/www.satokangas.fi\/blogi\/wp-content\/uploads\/2023\/12\/WhatsApp-Kuva-2023-12-09-klo-00.28.28_440778c6.jpg?resize=525%2C300&ssl=1 1.5x, https:\/\/i0.wp.com\/www.satokangas.fi\/blogi\/wp-content\/uploads\/2023\/12\/WhatsApp-Kuva-2023-12-09-klo-00.28.28_440778c6.jpg?resize=700%2C400&ssl=1 2x"},"classes":[]},{"id":28299,"url":"https:\/\/www.satokangas.fi\/blogi\/2016\/05\/28299\/","url_meta":{"origin":22098,"position":2},"title":"Ovi sulkeutuu, toinen on jo auki","author":"Reija","date":"22.5.2016","format":false,"excerpt":"Viel\u00e4kin olen\u00a0\u00b4jossain muualla\u00b4, - eilisess\u00e4 akateemisessa juhlassa ja niiss\u00e4 kaikissa muistoissa, joita se her\u00e4tti ja joita se toi mieleen. Eilen oli hyv\u00e4, v\u00e4ist\u00e4m\u00e4t\u00f6n, hetki, mietti\u00e4 edellist\u00e4 kymment\u00e4 vuotta, mietti\u00e4 ty\u00f6uraa taaksep\u00e4in, ja ajatella luopumistani siit\u00e4. Onhan t\u00e4t\u00e4 l\u00e4ht\u00f6laskentaa jo hyvinkin vuosi, ja enemm\u00e4nkin, tehty, mutta eilen se konkretisoitui: oli viimeinen\u2026","rel":"","context":"Kategoriassa &quot;Niit\u00e4 n\u00e4it\u00e4&quot;","block_context":{"text":"Niit\u00e4 n\u00e4it\u00e4","link":"https:\/\/www.satokangas.fi\/blogi\/category\/aiheeton\/"},"img":{"alt_text":"_MG_0749","src":"https:\/\/i0.wp.com\/www.satokangas.fi\/blogi\/wp-content\/uploads\/2016\/05\/MG_0749-600x392.jpg?resize=350%2C200&ssl=1","width":350,"height":200,"srcset":"https:\/\/i0.wp.com\/www.satokangas.fi\/blogi\/wp-content\/uploads\/2016\/05\/MG_0749-600x392.jpg?resize=350%2C200&ssl=1 1x, https:\/\/i0.wp.com\/www.satokangas.fi\/blogi\/wp-content\/uploads\/2016\/05\/MG_0749-600x392.jpg?resize=525%2C300&ssl=1 1.5x"},"classes":[]},{"id":19352,"url":"https:\/\/www.satokangas.fi\/blogi\/2013\/11\/kuusijuhla-moneskohan\/","url_meta":{"origin":22098,"position":3},"title":"Kuusijuhla &#8211; moneskohan?","author":"Reija","date":"21.11.2013","format":false,"excerpt":"Opiskelijoiden pikkujoulut t\u00e4n\u00e4\u00e4n. \u00a0Tai siis kuusijuhla. Piipahdinpas (= olin yli kolme tuntia) siell\u00e4. J\u00e4rjestysvastuu on aina kolmannella vuosikurssilla, ja voisin v\u00e4itt\u00e4\u00e4 kokeneeni n\u00e4it\u00e4 historian opiskelijoiden j\u00e4rjest\u00e4mi\u00e4 ohjelmallisia iltamia er\u00e4\u00e4nkin... Ja kyll\u00e4 t\u00e4n\u00e4\u00e4n oli hyv\u00e4 ohjelma. Ehdottomasti. Ja vaikka meill\u00e4 on \"virallinen\" palautep\u00e4iv\u00e4, niin kyll\u00e4h\u00e4n se palaute opetuksesta tulee rehellisimp\u00e4n\u00e4 n\u00e4iss\u00e4\u2026","rel":"","context":"Kategoriassa &quot;Yliopistoel\u00e4m\u00e4\u00e4&quot;","block_context":{"text":"Yliopistoel\u00e4m\u00e4\u00e4","link":"https:\/\/www.satokangas.fi\/blogi\/category\/yliopistoelamaa\/"},"img":{"alt_text":"15_2012","src":"https:\/\/i0.wp.com\/www.satokangas.fi\/blogi\/wp-content\/uploads\/2013\/11\/15_2012-322x400.jpg?resize=350%2C200&ssl=1","width":350,"height":200},"classes":[]},{"id":28217,"url":"https:\/\/www.satokangas.fi\/blogi\/2016\/05\/teesit-seinalle\/","url_meta":{"origin":22098,"position":4},"title":"Teesit sein\u00e4lle","author":"Reija","date":"11.5.2016","format":false,"excerpt":"T\u00e4m\u00e4n p\u00e4iv\u00e4n kohdalla kalenterissani luki \"Naulaus\". Historiatieteiss\u00e4 meill\u00e4 on jo yli kolme vuosikymment\u00e4\u00a0ollut tapana (joka tosin lopahti v\u00e4lill\u00e4), ett\u00e4 10 p\u00e4iv\u00e4\u00e4 ennen v\u00e4it\u00f6stilaisuutta, jolloin kirjan on oltava valmis, se \"naulataan\" sein\u00e4\u00e4n. Niinh\u00e4n Lutherkin teki. Vai tekik\u00f6 sittenk\u00e4\u00e4n? - Ei kai ole p\u00e4\u00e4sty ihan varmuuteen, naulasiko Luther aikanaan teesins\u00e4 Wittenbergin kirkon\u2026","rel":"","context":"Kategoriassa &quot;Niit\u00e4 n\u00e4it\u00e4&quot;","block_context":{"text":"Niit\u00e4 n\u00e4it\u00e4","link":"https:\/\/www.satokangas.fi\/blogi\/category\/aiheeton\/"},"img":{"alt_text":"Silta","src":"https:\/\/i0.wp.com\/www.satokangas.fi\/blogi\/wp-content\/uploads\/2016\/05\/Silta-600x400.jpg?resize=350%2C200&ssl=1","width":350,"height":200,"srcset":"https:\/\/i0.wp.com\/www.satokangas.fi\/blogi\/wp-content\/uploads\/2016\/05\/Silta-600x400.jpg?resize=350%2C200&ssl=1 1x, https:\/\/i0.wp.com\/www.satokangas.fi\/blogi\/wp-content\/uploads\/2016\/05\/Silta-600x400.jpg?resize=525%2C300&ssl=1 1.5x"},"classes":[]},{"id":19453,"url":"https:\/\/www.satokangas.fi\/blogi\/2013\/12\/joulukuussa-jo\/","url_meta":{"origin":22098,"position":5},"title":"Joulukuussa jo","author":"Reija","date":"1.12.2013","format":false,"excerpt":"Joulukuun ensimm\u00e4isen\u00e4, ensimm\u00e4isen\u00e4 adventtina taivaanranta iltap\u00e4iv\u00e4ll\u00e4 hehkui purppuraisena. Lumi maassa. Pient\u00e4 pakkasta. Juuri niin on hyv\u00e4. Ajatukset viel\u00e4 eilisess\u00e4, ajatukset illan karonkassa monta kertaa. Oli kyll\u00e4 mukava karonkka. Aika akateeminen, mutta hyvin kaukana mist\u00e4\u00e4n p\u00f6n\u00f6tyksest\u00e4. Upseerikerholla ruoka p\u00e4\u00e4osin erinomaista ja muutama todella hyv\u00e4 puhe. Omani ei kuulunut niihin, mutta menetteli.\u2026","rel":"","context":"Kategoriassa &quot;Niit\u00e4 n\u00e4it\u00e4&quot;","block_context":{"text":"Niit\u00e4 n\u00e4it\u00e4","link":"https:\/\/www.satokangas.fi\/blogi\/category\/aiheeton\/"},"img":{"alt_text":"1-1","src":"https:\/\/i0.wp.com\/www.satokangas.fi\/blogi\/wp-content\/uploads\/2013\/12\/1-1-200x300.jpg?resize=350%2C200&ssl=1","width":350,"height":200},"classes":[]}],"_links":{"self":[{"href":"https:\/\/www.satokangas.fi\/blogi\/wp-json\/wp\/v2\/posts\/22098","targetHints":{"allow":["GET"]}}],"collection":[{"href":"https:\/\/www.satokangas.fi\/blogi\/wp-json\/wp\/v2\/posts"}],"about":[{"href":"https:\/\/www.satokangas.fi\/blogi\/wp-json\/wp\/v2\/types\/post"}],"author":[{"embeddable":true,"href":"https:\/\/www.satokangas.fi\/blogi\/wp-json\/wp\/v2\/users\/1"}],"replies":[{"embeddable":true,"href":"https:\/\/www.satokangas.fi\/blogi\/wp-json\/wp\/v2\/comments?post=22098"}],"version-history":[{"count":0,"href":"https:\/\/www.satokangas.fi\/blogi\/wp-json\/wp\/v2\/posts\/22098\/revisions"}],"wp:attachment":[{"href":"https:\/\/www.satokangas.fi\/blogi\/wp-json\/wp\/v2\/media?parent=22098"}],"wp:term":[{"taxonomy":"category","embeddable":true,"href":"https:\/\/www.satokangas.fi\/blogi\/wp-json\/wp\/v2\/categories?post=22098"},{"taxonomy":"post_tag","embeddable":true,"href":"https:\/\/www.satokangas.fi\/blogi\/wp-json\/wp\/v2\/tags?post=22098"}],"curies":[{"name":"wp","href":"https:\/\/api.w.org\/{rel}","templated":true}]}}