{"id":21842,"date":"2014-07-17T23:04:25","date_gmt":"2014-07-17T21:04:25","guid":{"rendered":"https:\/\/www.satokangas.fi\/blogi\/?p=21842"},"modified":"2014-07-20T07:44:57","modified_gmt":"2014-07-20T05:44:57","slug":"gasteinin-laakson-flora-fauna","status":"publish","type":"post","link":"https:\/\/www.satokangas.fi\/blogi\/2014\/07\/gasteinin-laakson-flora-fauna\/","title":{"rendered":"Gasteinin laakson flora &#038; fauna"},"content":{"rendered":"<p>Aamu lupasi hyv\u00e4\u00e4 s\u00e4\u00e4t\u00e4, melkein kuin eilen. &#8230;<\/p>\n<p>Eih\u00e4n me taaskaan oikein tiedetty, mihin ollaan menossa, mutta innokkaasti oltiin l\u00e4hd\u00f6ss\u00e4. Aamukahdeksalta patikkapopot jalassa, k\u00e4velysauvat tanassa ja Pehtoorilla reppu sel\u00e4ss\u00e4. L\u00e4ht\u00f6\u00e4 tehdess\u00e4 mies tuumi, ett\u00e4 otetaan vain yksi reppu: jos min\u00e4 kannan kameran, h\u00e4n voi otta kaiken muun omaan reppuunsa. Kuinka huomaavaista. Siis kuoritakkini, vesipullloni, zoom-objektiivin ja nen\u00e4liinoja ja k\u00e4sidesin ja &#8211; kyll\u00e4, my\u00f6s huullipunan &#8211; miehen reppuun pakkasin.<\/p>\n<p>Viel\u00e4 kuu taivaalla kun matkamme alkoi &#8230; Vuorenhuipun oikealla puolella.<\/p>\n<p><img loading=\"lazy\" decoding=\"async\" data-attachment-id=\"21856\" data-permalink=\"https:\/\/www.satokangas.fi\/blogi\/2014\/07\/gasteinin-laakson-flora-fauna\/bad-gastein-17b_7_2014-005-custom\/\" data-orig-file=\"https:\/\/www.satokangas.fi\/blogi\/wp-content\/uploads\/2014\/07\/Bad-Gastein-17b_7_2014-005-Custom.jpg\" data-orig-size=\"720,1113\" data-comments-opened=\"1\" data-image-meta=\"{&quot;aperture&quot;:&quot;5.6&quot;,&quot;credit&quot;:&quot;Picasa&quot;,&quot;camera&quot;:&quot;Canon EOS 5D Mark II&quot;,&quot;caption&quot;:&quot;&quot;,&quot;created_timestamp&quot;:&quot;1405587745&quot;,&quot;copyright&quot;:&quot;&quot;,&quot;focal_length&quot;:&quot;47&quot;,&quot;iso&quot;:&quot;640&quot;,&quot;shutter_speed&quot;:&quot;0.000625&quot;,&quot;title&quot;:&quot;&quot;}\" data-image-title=\"Bad Gastein 17b_7_2014 005 (Custom)\" data-image-description=\"\" data-image-caption=\"\" data-large-file=\"https:\/\/www.satokangas.fi\/blogi\/wp-content\/uploads\/2014\/07\/Bad-Gastein-17b_7_2014-005-Custom-662x1024.jpg\" class=\"aligncenter size-medium wp-image-21856\" src=\"https:\/\/www.satokangas.fi\/blogi\/wp-content\/uploads\/2014\/07\/Bad-Gastein-17b_7_2014-005-Custom-258x400.jpg\" alt=\"Bad Gastein 17b_7_2014 005 (Custom)\" width=\"258\" height=\"400\" srcset=\"https:\/\/www.satokangas.fi\/blogi\/wp-content\/uploads\/2014\/07\/Bad-Gastein-17b_7_2014-005-Custom-258x400.jpg 258w, https:\/\/www.satokangas.fi\/blogi\/wp-content\/uploads\/2014\/07\/Bad-Gastein-17b_7_2014-005-Custom-194x300.jpg 194w, https:\/\/www.satokangas.fi\/blogi\/wp-content\/uploads\/2014\/07\/Bad-Gastein-17b_7_2014-005-Custom-662x1024.jpg 662w, https:\/\/www.satokangas.fi\/blogi\/wp-content\/uploads\/2014\/07\/Bad-Gastein-17b_7_2014-005-Custom.jpg 720w\" sizes=\"auto, (max-width: 258px) 100vw, 258px\" \/><\/p>\n<p>L\u00e4hdimme meid\u00e4n patikkaryhm\u00e4n kanssa bussilla Nassfeldiin, &#8212; siell\u00e4 kerrotaan kullankaivajien aikoineen asuneen ja kultaa kaivaneen; erinomaisen mielenkiintoista kun juuri on menossa Laanilan historia -projektimme, jossa Koilliskairan kullankaivuuta tutkiskellaan.<\/p>\n<p><img loading=\"lazy\" decoding=\"async\" data-attachment-id=\"21859\" data-permalink=\"https:\/\/www.satokangas.fi\/blogi\/2014\/07\/gasteinin-laakson-flora-fauna\/bad-gastein-17b_7_2014-123-custom\/\" data-orig-file=\"https:\/\/www.satokangas.fi\/blogi\/wp-content\/uploads\/2014\/07\/Bad-Gastein-17b_7_2014-123-Custom.jpg\" data-orig-size=\"1081,720\" data-comments-opened=\"1\" data-image-meta=\"{&quot;aperture&quot;:&quot;4.5&quot;,&quot;credit&quot;:&quot;Picasa&quot;,&quot;camera&quot;:&quot;Canon EOS 5D Mark II&quot;,&quot;caption&quot;:&quot;&quot;,&quot;created_timestamp&quot;:&quot;1405608290&quot;,&quot;copyright&quot;:&quot;&quot;,&quot;focal_length&quot;:&quot;35&quot;,&quot;iso&quot;:&quot;100&quot;,&quot;shutter_speed&quot;:&quot;0.01&quot;,&quot;title&quot;:&quot;&quot;}\" data-image-title=\"Bad Gastein 17b_7_2014 123 (Custom)\" data-image-description=\"\" data-image-caption=\"\" data-large-file=\"https:\/\/www.satokangas.fi\/blogi\/wp-content\/uploads\/2014\/07\/Bad-Gastein-17b_7_2014-123-Custom.jpg\" class=\"aligncenter size-medium wp-image-21859\" src=\"https:\/\/www.satokangas.fi\/blogi\/wp-content\/uploads\/2014\/07\/Bad-Gastein-17b_7_2014-123-Custom-600x400.jpg\" alt=\"Bad Gastein 17b_7_2014 123 (Custom)\" width=\"600\" height=\"400\" srcset=\"https:\/\/www.satokangas.fi\/blogi\/wp-content\/uploads\/2014\/07\/Bad-Gastein-17b_7_2014-123-Custom-600x400.jpg 600w, https:\/\/www.satokangas.fi\/blogi\/wp-content\/uploads\/2014\/07\/Bad-Gastein-17b_7_2014-123-Custom-300x199.jpg 300w, https:\/\/www.satokangas.fi\/blogi\/wp-content\/uploads\/2014\/07\/Bad-Gastein-17b_7_2014-123-Custom.jpg 1081w\" sizes=\"auto, (max-width: 600px) 100vw, 600px\" \/><\/p>\n<p>P\u00e4iv\u00e4n ohjelmasta todettiin etuk\u00e4teen, ett\u00e4 on nousua (vain pari sataa metri\u00e4), on pitk\u00e4 lasku ja kokonaispituus noin 16 km. Sopii meille. Koskapa jo alkumatkasta hoksasin, jotta on paljon kasveja, joista ei aiemmin kuvia, niin olkoot p\u00e4iv\u00e4n teemana &#8221;flora &amp; fauna&#8221;.<\/p>\n<p style=\"text-align: center;\"><a href=\"https:\/\/www.satokangas.fi\/blogi\/wp-content\/uploads\/2014\/07\/Bad-Gastein-17b_7_2014-112.jpg\"><img loading=\"lazy\" decoding=\"async\" data-attachment-id=\"21843\" data-permalink=\"https:\/\/www.satokangas.fi\/blogi\/2014\/07\/gasteinin-laakson-flora-fauna\/bad-gastein-17b_7_2014-112\/\" data-orig-file=\"https:\/\/www.satokangas.fi\/blogi\/wp-content\/uploads\/2014\/07\/Bad-Gastein-17b_7_2014-112.jpg\" data-orig-size=\"1092,3185\" data-comments-opened=\"1\" data-image-meta=\"{&quot;aperture&quot;:&quot;4&quot;,&quot;credit&quot;:&quot;Picasa&quot;,&quot;camera&quot;:&quot;Canon EOS 5D Mark II&quot;,&quot;caption&quot;:&quot;&quot;,&quot;created_timestamp&quot;:&quot;1405603657&quot;,&quot;copyright&quot;:&quot;&quot;,&quot;focal_length&quot;:&quot;105&quot;,&quot;iso&quot;:&quot;100&quot;,&quot;shutter_speed&quot;:&quot;0.008&quot;,&quot;title&quot;:&quot;&quot;}\" data-image-title=\"Bad Gastein 17b_7_2014 112\" data-image-description=\"\" data-image-caption=\"\" data-large-file=\"https:\/\/www.satokangas.fi\/blogi\/wp-content\/uploads\/2014\/07\/Bad-Gastein-17b_7_2014-112-351x1024.jpg\" class=\"aligncenter size-medium wp-image-21843\" src=\"https:\/\/www.satokangas.fi\/blogi\/wp-content\/uploads\/2014\/07\/Bad-Gastein-17b_7_2014-112-137x400.jpg\" alt=\"Bad Gastein 17b_7_2014 112\" width=\"137\" height=\"400\" srcset=\"https:\/\/www.satokangas.fi\/blogi\/wp-content\/uploads\/2014\/07\/Bad-Gastein-17b_7_2014-112-137x400.jpg 137w, https:\/\/www.satokangas.fi\/blogi\/wp-content\/uploads\/2014\/07\/Bad-Gastein-17b_7_2014-112-351x1024.jpg 351w, https:\/\/www.satokangas.fi\/blogi\/wp-content\/uploads\/2014\/07\/Bad-Gastein-17b_7_2014-112.jpg 1092w\" sizes=\"auto, (max-width: 137px) 100vw, 137px\" \/><\/a><\/p>\n<p style=\"text-align: center;\">Varjolilja.<\/p>\n<p style=\"text-align: center;\"><a href=\"https:\/\/www.satokangas.fi\/blogi\/wp-content\/uploads\/2014\/07\/Bad-Gastein-17b_7_2014-083.jpg\"><img loading=\"lazy\" decoding=\"async\" data-attachment-id=\"21844\" data-permalink=\"https:\/\/www.satokangas.fi\/blogi\/2014\/07\/gasteinin-laakson-flora-fauna\/bad-gastein-17b_7_2014-083\/\" data-orig-file=\"https:\/\/www.satokangas.fi\/blogi\/wp-content\/uploads\/2014\/07\/Bad-Gastein-17b_7_2014-083.jpg\" data-orig-size=\"5009,3056\" data-comments-opened=\"1\" data-image-meta=\"{&quot;aperture&quot;:&quot;4&quot;,&quot;credit&quot;:&quot;Picasa&quot;,&quot;camera&quot;:&quot;Canon EOS 5D Mark II&quot;,&quot;caption&quot;:&quot;&quot;,&quot;created_timestamp&quot;:&quot;1405595815&quot;,&quot;copyright&quot;:&quot;&quot;,&quot;focal_length&quot;:&quot;105&quot;,&quot;iso&quot;:&quot;100&quot;,&quot;shutter_speed&quot;:&quot;0.0008&quot;,&quot;title&quot;:&quot;&quot;}\" data-image-title=\"Bad Gastein 17b_7_2014 083\" data-image-description=\"\" data-image-caption=\"\" data-large-file=\"https:\/\/www.satokangas.fi\/blogi\/wp-content\/uploads\/2014\/07\/Bad-Gastein-17b_7_2014-083-1600x976.jpg\" class=\"aligncenter size-medium wp-image-21844\" src=\"https:\/\/www.satokangas.fi\/blogi\/wp-content\/uploads\/2014\/07\/Bad-Gastein-17b_7_2014-083-600x366.jpg\" alt=\"Bad Gastein 17b_7_2014 083\" width=\"600\" height=\"366\" srcset=\"https:\/\/www.satokangas.fi\/blogi\/wp-content\/uploads\/2014\/07\/Bad-Gastein-17b_7_2014-083-600x366.jpg 600w, https:\/\/www.satokangas.fi\/blogi\/wp-content\/uploads\/2014\/07\/Bad-Gastein-17b_7_2014-083-300x183.jpg 300w, https:\/\/www.satokangas.fi\/blogi\/wp-content\/uploads\/2014\/07\/Bad-Gastein-17b_7_2014-083-1600x976.jpg 1600w\" sizes=\"auto, (max-width: 600px) 100vw, 600px\" \/><\/a><\/p>\n<p style=\"text-align: center;\">Kelloja? Ei kuitenkaan kissan.<\/p>\n<p><a href=\"https:\/\/www.satokangas.fi\/blogi\/wp-content\/uploads\/2014\/07\/Bad-Gastein-17b_7_2014-078.jpg\"><img loading=\"lazy\" decoding=\"async\" data-attachment-id=\"21845\" data-permalink=\"https:\/\/www.satokangas.fi\/blogi\/2014\/07\/gasteinin-laakson-flora-fauna\/bad-gastein-17b_7_2014-078\/\" data-orig-file=\"https:\/\/www.satokangas.fi\/blogi\/wp-content\/uploads\/2014\/07\/Bad-Gastein-17b_7_2014-078.jpg\" data-orig-size=\"4211,2897\" data-comments-opened=\"1\" data-image-meta=\"{&quot;aperture&quot;:&quot;4&quot;,&quot;credit&quot;:&quot;Picasa&quot;,&quot;camera&quot;:&quot;Canon EOS 5D Mark II&quot;,&quot;caption&quot;:&quot;&quot;,&quot;created_timestamp&quot;:&quot;1405595680&quot;,&quot;copyright&quot;:&quot;&quot;,&quot;focal_length&quot;:&quot;105&quot;,&quot;iso&quot;:&quot;100&quot;,&quot;shutter_speed&quot;:&quot;0.002&quot;,&quot;title&quot;:&quot;&quot;}\" data-image-title=\"Bad Gastein 17b_7_2014 078\" data-image-description=\"\" data-image-caption=\"\" data-large-file=\"https:\/\/www.satokangas.fi\/blogi\/wp-content\/uploads\/2014\/07\/Bad-Gastein-17b_7_2014-078-1488x1024.jpg\" class=\"aligncenter size-medium wp-image-21845\" src=\"https:\/\/www.satokangas.fi\/blogi\/wp-content\/uploads\/2014\/07\/Bad-Gastein-17b_7_2014-078-581x400.jpg\" alt=\"Bad Gastein 17b_7_2014 078\" width=\"581\" height=\"400\" srcset=\"https:\/\/www.satokangas.fi\/blogi\/wp-content\/uploads\/2014\/07\/Bad-Gastein-17b_7_2014-078-581x400.jpg 581w, https:\/\/www.satokangas.fi\/blogi\/wp-content\/uploads\/2014\/07\/Bad-Gastein-17b_7_2014-078-300x206.jpg 300w, https:\/\/www.satokangas.fi\/blogi\/wp-content\/uploads\/2014\/07\/Bad-Gastein-17b_7_2014-078-1488x1024.jpg 1488w\" sizes=\"auto, (max-width: 581px) 100vw, 581px\" \/><\/a><\/p>\n<p style=\"text-align: center;\">Alppivuokko.<\/p>\n<p><a href=\"https:\/\/www.satokangas.fi\/blogi\/wp-content\/uploads\/2014\/07\/Bad-Gastein-17b_7_2014-069.jpg\"><img loading=\"lazy\" decoding=\"async\" data-attachment-id=\"21846\" data-permalink=\"https:\/\/www.satokangas.fi\/blogi\/2014\/07\/gasteinin-laakson-flora-fauna\/bad-gastein-17b_7_2014-069\/\" data-orig-file=\"https:\/\/www.satokangas.fi\/blogi\/wp-content\/uploads\/2014\/07\/Bad-Gastein-17b_7_2014-069.jpg\" data-orig-size=\"3085,5137\" data-comments-opened=\"1\" data-image-meta=\"{&quot;aperture&quot;:&quot;22&quot;,&quot;credit&quot;:&quot;Picasa&quot;,&quot;camera&quot;:&quot;Canon EOS 5D Mark II&quot;,&quot;caption&quot;:&quot;&quot;,&quot;created_timestamp&quot;:&quot;1405594505&quot;,&quot;copyright&quot;:&quot;&quot;,&quot;focal_length&quot;:&quot;75&quot;,&quot;iso&quot;:&quot;200&quot;,&quot;shutter_speed&quot;:&quot;0.066666666666667&quot;,&quot;title&quot;:&quot;&quot;}\" data-image-title=\"Bad Gastein 17b_7_2014 069\" data-image-description=\"\" data-image-caption=\"\" data-large-file=\"https:\/\/www.satokangas.fi\/blogi\/wp-content\/uploads\/2014\/07\/Bad-Gastein-17b_7_2014-069-614x1024.jpg\" class=\"aligncenter size-medium wp-image-21846\" src=\"https:\/\/www.satokangas.fi\/blogi\/wp-content\/uploads\/2014\/07\/Bad-Gastein-17b_7_2014-069-240x400.jpg\" alt=\"Bad Gastein 17b_7_2014 069\" width=\"240\" height=\"400\" srcset=\"https:\/\/www.satokangas.fi\/blogi\/wp-content\/uploads\/2014\/07\/Bad-Gastein-17b_7_2014-069-240x400.jpg 240w, https:\/\/www.satokangas.fi\/blogi\/wp-content\/uploads\/2014\/07\/Bad-Gastein-17b_7_2014-069-180x300.jpg 180w, https:\/\/www.satokangas.fi\/blogi\/wp-content\/uploads\/2014\/07\/Bad-Gastein-17b_7_2014-069-614x1024.jpg 614w\" sizes=\"auto, (max-width: 240px) 100vw, 240px\" \/><\/a><\/p>\n<p>N\u00e4ist\u00e4 ei mit\u00e4\u00e4n tietoa&#8230;<\/p>\n<p><a href=\"https:\/\/www.satokangas.fi\/blogi\/wp-content\/uploads\/2014\/07\/Bad-Gastein-17b_7_2014-054.jpg\"><img loading=\"lazy\" decoding=\"async\" data-attachment-id=\"21848\" data-permalink=\"https:\/\/www.satokangas.fi\/blogi\/2014\/07\/gasteinin-laakson-flora-fauna\/bad-gastein-17b_7_2014-054\/\" data-orig-file=\"https:\/\/www.satokangas.fi\/blogi\/wp-content\/uploads\/2014\/07\/Bad-Gastein-17b_7_2014-054.jpg\" data-orig-size=\"3753,5634\" data-comments-opened=\"1\" data-image-meta=\"{&quot;aperture&quot;:&quot;4&quot;,&quot;credit&quot;:&quot;Picasa&quot;,&quot;camera&quot;:&quot;Canon EOS 5D Mark II&quot;,&quot;caption&quot;:&quot;&quot;,&quot;created_timestamp&quot;:&quot;1405592485&quot;,&quot;copyright&quot;:&quot;&quot;,&quot;focal_length&quot;:&quot;65&quot;,&quot;iso&quot;:&quot;100&quot;,&quot;shutter_speed&quot;:&quot;0.004&quot;,&quot;title&quot;:&quot;&quot;}\" data-image-title=\"Bad Gastein 17b_7_2014 054\" data-image-description=\"\" data-image-caption=\"\" data-large-file=\"https:\/\/www.satokangas.fi\/blogi\/wp-content\/uploads\/2014\/07\/Bad-Gastein-17b_7_2014-054-682x1024.jpg\" class=\"aligncenter size-medium wp-image-21848\" src=\"https:\/\/www.satokangas.fi\/blogi\/wp-content\/uploads\/2014\/07\/Bad-Gastein-17b_7_2014-054-266x400.jpg\" alt=\"Bad Gastein 17b_7_2014 054\" width=\"266\" height=\"400\" srcset=\"https:\/\/www.satokangas.fi\/blogi\/wp-content\/uploads\/2014\/07\/Bad-Gastein-17b_7_2014-054-266x400.jpg 266w, https:\/\/www.satokangas.fi\/blogi\/wp-content\/uploads\/2014\/07\/Bad-Gastein-17b_7_2014-054-199x300.jpg 199w, https:\/\/www.satokangas.fi\/blogi\/wp-content\/uploads\/2014\/07\/Bad-Gastein-17b_7_2014-054-682x1024.jpg 682w\" sizes=\"auto, (max-width: 266px) 100vw, 266px\" \/><\/a><\/p>\n<p><a href=\"https:\/\/www.satokangas.fi\/blogi\/wp-content\/uploads\/2014\/07\/Bad-Gastein-17b_7_2014-031.jpg\"><img loading=\"lazy\" decoding=\"async\" data-attachment-id=\"21849\" data-permalink=\"https:\/\/www.satokangas.fi\/blogi\/2014\/07\/gasteinin-laakson-flora-fauna\/bad-gastein-17b_7_2014-031\/\" data-orig-file=\"https:\/\/www.satokangas.fi\/blogi\/wp-content\/uploads\/2014\/07\/Bad-Gastein-17b_7_2014-031.jpg\" data-orig-size=\"3449,3328\" data-comments-opened=\"1\" data-image-meta=\"{&quot;aperture&quot;:&quot;4&quot;,&quot;credit&quot;:&quot;Picasa&quot;,&quot;camera&quot;:&quot;Canon EOS 5D Mark II&quot;,&quot;caption&quot;:&quot;&quot;,&quot;created_timestamp&quot;:&quot;1405590887&quot;,&quot;copyright&quot;:&quot;&quot;,&quot;focal_length&quot;:&quot;173&quot;,&quot;iso&quot;:&quot;200&quot;,&quot;shutter_speed&quot;:&quot;0.002&quot;,&quot;title&quot;:&quot;&quot;}\" data-image-title=\"Bad Gastein 17b_7_2014 031\" data-image-description=\"\" data-image-caption=\"\" data-large-file=\"https:\/\/www.satokangas.fi\/blogi\/wp-content\/uploads\/2014\/07\/Bad-Gastein-17b_7_2014-031-1061x1024.jpg\" class=\"aligncenter size-medium wp-image-21849\" src=\"https:\/\/www.satokangas.fi\/blogi\/wp-content\/uploads\/2014\/07\/Bad-Gastein-17b_7_2014-031-414x400.jpg\" alt=\"Bad Gastein 17b_7_2014 031\" width=\"414\" height=\"400\" srcset=\"https:\/\/www.satokangas.fi\/blogi\/wp-content\/uploads\/2014\/07\/Bad-Gastein-17b_7_2014-031-414x400.jpg 414w, https:\/\/www.satokangas.fi\/blogi\/wp-content\/uploads\/2014\/07\/Bad-Gastein-17b_7_2014-031-300x289.jpg 300w, https:\/\/www.satokangas.fi\/blogi\/wp-content\/uploads\/2014\/07\/Bad-Gastein-17b_7_2014-031-1061x1024.jpg 1061w\" sizes=\"auto, (max-width: 414px) 100vw, 414px\" \/><\/a><\/p>\n<p>Milka-lehm\u00e4!. Kyll\u00e4 min\u00e4 kuulkaa lehm\u00e4t tunnen: on Milka-lehmi\u00e4, on Marabou-lehmi\u00e4 &#8230; Aina olen miettinyt, millaisia lienev\u00e4t Fazer-lehm\u00e4t!? T\u00e4m\u00e4 kuvan tyyppi on Johtaja, koskapa h\u00e4nell\u00e4 on kello kaulassa.<\/p>\n<p>Kuusisataa kiloa lihaa, josta ravintoloiden menuissa tulee &#8221;h\u00e4rk\u00e4\u00e4&#8221;. Ja kuinka min\u00e4 noita pelk\u00e4\u00e4nk\u00e4\u00e4n, ei, en lautasella, mutta vuorilla pelk\u00e4\u00e4n. \u00a0Ja viel\u00e4 enemm\u00e4n pelk\u00e4\u00e4n hevosia, joita niit\u00e4kin oli laiduntamassa vuorilla.<\/p>\n<p><img loading=\"lazy\" decoding=\"async\" data-attachment-id=\"21854\" data-permalink=\"https:\/\/www.satokangas.fi\/blogi\/2014\/07\/gasteinin-laakson-flora-fauna\/bad-gastein-17b_7_2014-026-custom\/\" data-orig-file=\"https:\/\/www.satokangas.fi\/blogi\/wp-content\/uploads\/2014\/07\/Bad-Gastein-17b_7_2014-026-Custom.jpg\" data-orig-size=\"1503,720\" data-comments-opened=\"1\" data-image-meta=\"{&quot;aperture&quot;:&quot;7.1&quot;,&quot;credit&quot;:&quot;Picasa&quot;,&quot;camera&quot;:&quot;Canon EOS 5D Mark II&quot;,&quot;caption&quot;:&quot;&quot;,&quot;created_timestamp&quot;:&quot;1405590499&quot;,&quot;copyright&quot;:&quot;&quot;,&quot;focal_length&quot;:&quot;116&quot;,&quot;iso&quot;:&quot;200&quot;,&quot;shutter_speed&quot;:&quot;0.0125&quot;,&quot;title&quot;:&quot;&quot;}\" data-image-title=\"Bad Gastein 17b_7_2014 026 (Custom)\" data-image-description=\"\" data-image-caption=\"\" data-large-file=\"https:\/\/www.satokangas.fi\/blogi\/wp-content\/uploads\/2014\/07\/Bad-Gastein-17b_7_2014-026-Custom.jpg\" class=\"aligncenter size-medium wp-image-21854\" src=\"https:\/\/www.satokangas.fi\/blogi\/wp-content\/uploads\/2014\/07\/Bad-Gastein-17b_7_2014-026-Custom-600x287.jpg\" alt=\"Bad Gastein 17b_7_2014 026 (Custom)\" width=\"600\" height=\"287\" srcset=\"https:\/\/www.satokangas.fi\/blogi\/wp-content\/uploads\/2014\/07\/Bad-Gastein-17b_7_2014-026-Custom-600x287.jpg 600w, https:\/\/www.satokangas.fi\/blogi\/wp-content\/uploads\/2014\/07\/Bad-Gastein-17b_7_2014-026-Custom-300x143.jpg 300w, https:\/\/www.satokangas.fi\/blogi\/wp-content\/uploads\/2014\/07\/Bad-Gastein-17b_7_2014-026-Custom.jpg 1503w\" sizes=\"auto, (max-width: 600px) 100vw, 600px\" \/><\/p>\n<p>Alla n\u00e4kyy, kuka v\u00e4ist\u00e4\u00e4 tosipaikan tullen&#8230;.<\/p>\n<p><a href=\"https:\/\/www.satokangas.fi\/blogi\/wp-content\/uploads\/2014\/07\/Bad-Gastein-17b_7_2014-053-Custom.jpg\"><img loading=\"lazy\" decoding=\"async\" data-attachment-id=\"21850\" data-permalink=\"https:\/\/www.satokangas.fi\/blogi\/2014\/07\/gasteinin-laakson-flora-fauna\/bad-gastein-17b_7_2014-053-custom\/\" data-orig-file=\"https:\/\/www.satokangas.fi\/blogi\/wp-content\/uploads\/2014\/07\/Bad-Gastein-17b_7_2014-053-Custom.jpg\" data-orig-size=\"1081,720\" data-comments-opened=\"1\" data-image-meta=\"{&quot;aperture&quot;:&quot;5.6&quot;,&quot;credit&quot;:&quot;Picasa&quot;,&quot;camera&quot;:&quot;Canon EOS 5D Mark II&quot;,&quot;caption&quot;:&quot;&quot;,&quot;created_timestamp&quot;:&quot;1405592189&quot;,&quot;copyright&quot;:&quot;&quot;,&quot;focal_length&quot;:&quot;35&quot;,&quot;iso&quot;:&quot;320&quot;,&quot;shutter_speed&quot;:&quot;0.002&quot;,&quot;title&quot;:&quot;&quot;}\" data-image-title=\"Bad Gastein 17b_7_2014 053 (Custom)\" data-image-description=\"\" data-image-caption=\"\" data-large-file=\"https:\/\/www.satokangas.fi\/blogi\/wp-content\/uploads\/2014\/07\/Bad-Gastein-17b_7_2014-053-Custom.jpg\" class=\"aligncenter size-medium wp-image-21850\" src=\"https:\/\/www.satokangas.fi\/blogi\/wp-content\/uploads\/2014\/07\/Bad-Gastein-17b_7_2014-053-Custom-600x400.jpg\" alt=\"Bad Gastein 17b_7_2014 053 (Custom)\" width=\"600\" height=\"400\" srcset=\"https:\/\/www.satokangas.fi\/blogi\/wp-content\/uploads\/2014\/07\/Bad-Gastein-17b_7_2014-053-Custom-600x400.jpg 600w, https:\/\/www.satokangas.fi\/blogi\/wp-content\/uploads\/2014\/07\/Bad-Gastein-17b_7_2014-053-Custom-300x199.jpg 300w, https:\/\/www.satokangas.fi\/blogi\/wp-content\/uploads\/2014\/07\/Bad-Gastein-17b_7_2014-053-Custom.jpg 1081w\" sizes=\"auto, (max-width: 600px) 100vw, 600px\" \/><\/a><\/p>\n<p>Mutta patikka \u00a0jatkui, s\u00e4\u00e4 suosi, maisemat hulppeita. Eik\u00e4 liian kuuma tepastella.<\/p>\n<p><a href=\"https:\/\/www.satokangas.fi\/blogi\/wp-content\/uploads\/2014\/07\/Bad-Gastein-17b_7_2014-068-Custom.jpg\"><img loading=\"lazy\" decoding=\"async\" data-attachment-id=\"21851\" data-permalink=\"https:\/\/www.satokangas.fi\/blogi\/2014\/07\/gasteinin-laakson-flora-fauna\/bad-gastein-17b_7_2014-068-custom\/\" data-orig-file=\"https:\/\/www.satokangas.fi\/blogi\/wp-content\/uploads\/2014\/07\/Bad-Gastein-17b_7_2014-068-Custom.jpg\" data-orig-size=\"1081,720\" data-comments-opened=\"1\" data-image-meta=\"{&quot;aperture&quot;:&quot;22&quot;,&quot;credit&quot;:&quot;Picasa&quot;,&quot;camera&quot;:&quot;Canon EOS 5D Mark II&quot;,&quot;caption&quot;:&quot;&quot;,&quot;created_timestamp&quot;:&quot;1405594318&quot;,&quot;copyright&quot;:&quot;&quot;,&quot;focal_length&quot;:&quot;32&quot;,&quot;iso&quot;:&quot;200&quot;,&quot;shutter_speed&quot;:&quot;0.066666666666667&quot;,&quot;title&quot;:&quot;&quot;}\" data-image-title=\"Bad Gastein 17b_7_2014 068 (Custom)\" data-image-description=\"\" data-image-caption=\"\" data-large-file=\"https:\/\/www.satokangas.fi\/blogi\/wp-content\/uploads\/2014\/07\/Bad-Gastein-17b_7_2014-068-Custom.jpg\" class=\"aligncenter size-medium wp-image-21851\" src=\"https:\/\/www.satokangas.fi\/blogi\/wp-content\/uploads\/2014\/07\/Bad-Gastein-17b_7_2014-068-Custom-600x400.jpg\" alt=\"Bad Gastein 17b_7_2014 068 (Custom)\" width=\"600\" height=\"400\" srcset=\"https:\/\/www.satokangas.fi\/blogi\/wp-content\/uploads\/2014\/07\/Bad-Gastein-17b_7_2014-068-Custom-600x400.jpg 600w, https:\/\/www.satokangas.fi\/blogi\/wp-content\/uploads\/2014\/07\/Bad-Gastein-17b_7_2014-068-Custom-300x199.jpg 300w, https:\/\/www.satokangas.fi\/blogi\/wp-content\/uploads\/2014\/07\/Bad-Gastein-17b_7_2014-068-Custom.jpg 1081w\" sizes=\"auto, (max-width: 600px) 100vw, 600px\" \/><\/a><\/p>\n<p>&nbsp;<\/p>\n<p><a href=\"https:\/\/www.satokangas.fi\/blogi\/wp-content\/uploads\/2014\/07\/Bad-Gastein-17b_7_2014-062-Custom.jpg\"><img loading=\"lazy\" decoding=\"async\" data-attachment-id=\"21852\" data-permalink=\"https:\/\/www.satokangas.fi\/blogi\/2014\/07\/gasteinin-laakson-flora-fauna\/bad-gastein-17b_7_2014-062-custom\/\" data-orig-file=\"https:\/\/www.satokangas.fi\/blogi\/wp-content\/uploads\/2014\/07\/Bad-Gastein-17b_7_2014-062-Custom.jpg\" data-orig-size=\"1081,720\" data-comments-opened=\"1\" data-image-meta=\"{&quot;aperture&quot;:&quot;5&quot;,&quot;credit&quot;:&quot;Picasa&quot;,&quot;camera&quot;:&quot;Canon EOS 5D Mark II&quot;,&quot;caption&quot;:&quot;&quot;,&quot;created_timestamp&quot;:&quot;1405593442&quot;,&quot;copyright&quot;:&quot;&quot;,&quot;focal_length&quot;:&quot;24&quot;,&quot;iso&quot;:&quot;200&quot;,&quot;shutter_speed&quot;:&quot;0.001&quot;,&quot;title&quot;:&quot;&quot;}\" data-image-title=\"Bad Gastein 17b_7_2014 062 (Custom)\" data-image-description=\"\" data-image-caption=\"\" data-large-file=\"https:\/\/www.satokangas.fi\/blogi\/wp-content\/uploads\/2014\/07\/Bad-Gastein-17b_7_2014-062-Custom.jpg\" class=\"aligncenter size-medium wp-image-21852\" src=\"https:\/\/www.satokangas.fi\/blogi\/wp-content\/uploads\/2014\/07\/Bad-Gastein-17b_7_2014-062-Custom-600x400.jpg\" alt=\"Bad Gastein 17b_7_2014 062 (Custom)\" width=\"600\" height=\"400\" srcset=\"https:\/\/www.satokangas.fi\/blogi\/wp-content\/uploads\/2014\/07\/Bad-Gastein-17b_7_2014-062-Custom-600x400.jpg 600w, https:\/\/www.satokangas.fi\/blogi\/wp-content\/uploads\/2014\/07\/Bad-Gastein-17b_7_2014-062-Custom-300x199.jpg 300w, https:\/\/www.satokangas.fi\/blogi\/wp-content\/uploads\/2014\/07\/Bad-Gastein-17b_7_2014-062-Custom.jpg 1081w\" sizes=\"auto, (max-width: 600px) 100vw, 600px\" \/><\/a><\/p>\n<p><a href=\"https:\/\/www.satokangas.fi\/blogi\/wp-content\/uploads\/2014\/07\/Bad-Gastein-17b_7_2014-061-Custom.jpg\"><img loading=\"lazy\" decoding=\"async\" data-attachment-id=\"21853\" data-permalink=\"https:\/\/www.satokangas.fi\/blogi\/2014\/07\/gasteinin-laakson-flora-fauna\/bad-gastein-17b_7_2014-061-custom\/\" data-orig-file=\"https:\/\/www.satokangas.fi\/blogi\/wp-content\/uploads\/2014\/07\/Bad-Gastein-17b_7_2014-061-Custom.jpg\" data-orig-size=\"1166,720\" data-comments-opened=\"1\" data-image-meta=\"{&quot;aperture&quot;:&quot;5&quot;,&quot;credit&quot;:&quot;Picasa&quot;,&quot;camera&quot;:&quot;Canon EOS 5D Mark II&quot;,&quot;caption&quot;:&quot;&quot;,&quot;created_timestamp&quot;:&quot;1405593303&quot;,&quot;copyright&quot;:&quot;&quot;,&quot;focal_length&quot;:&quot;50&quot;,&quot;iso&quot;:&quot;200&quot;,&quot;shutter_speed&quot;:&quot;0.0008&quot;,&quot;title&quot;:&quot;&quot;}\" data-image-title=\"Bad Gastein 17b_7_2014 061 (Custom)\" data-image-description=\"\" data-image-caption=\"\" data-large-file=\"https:\/\/www.satokangas.fi\/blogi\/wp-content\/uploads\/2014\/07\/Bad-Gastein-17b_7_2014-061-Custom.jpg\" class=\"aligncenter size-medium wp-image-21853\" src=\"https:\/\/www.satokangas.fi\/blogi\/wp-content\/uploads\/2014\/07\/Bad-Gastein-17b_7_2014-061-Custom-600x370.jpg\" alt=\"Bad Gastein 17b_7_2014 061 (Custom)\" width=\"600\" height=\"370\" srcset=\"https:\/\/www.satokangas.fi\/blogi\/wp-content\/uploads\/2014\/07\/Bad-Gastein-17b_7_2014-061-Custom-600x370.jpg 600w, https:\/\/www.satokangas.fi\/blogi\/wp-content\/uploads\/2014\/07\/Bad-Gastein-17b_7_2014-061-Custom-300x185.jpg 300w, https:\/\/www.satokangas.fi\/blogi\/wp-content\/uploads\/2014\/07\/Bad-Gastein-17b_7_2014-061-Custom.jpg 1166w\" sizes=\"auto, (max-width: 600px) 100vw, 600px\" \/><\/a> <a href=\"https:\/\/www.satokangas.fi\/blogi\/wp-content\/uploads\/2014\/07\/Bad-Gastein-17b_7_2014-026-Custom.jpg\"><br \/>\n<\/a> <a href=\"https:\/\/www.satokangas.fi\/blogi\/wp-content\/uploads\/2014\/07\/Bad-Gastein-17b_7_2014-013-Custom.jpg\"><img loading=\"lazy\" decoding=\"async\" data-attachment-id=\"21855\" data-permalink=\"https:\/\/www.satokangas.fi\/blogi\/2014\/07\/gasteinin-laakson-flora-fauna\/bad-gastein-17b_7_2014-013-custom\/\" data-orig-file=\"https:\/\/www.satokangas.fi\/blogi\/wp-content\/uploads\/2014\/07\/Bad-Gastein-17b_7_2014-013-Custom.jpg\" data-orig-size=\"720,1081\" data-comments-opened=\"1\" data-image-meta=\"{&quot;aperture&quot;:&quot;5.6&quot;,&quot;credit&quot;:&quot;Picasa&quot;,&quot;camera&quot;:&quot;Canon EOS 5D Mark II&quot;,&quot;caption&quot;:&quot;&quot;,&quot;created_timestamp&quot;:&quot;1405588544&quot;,&quot;copyright&quot;:&quot;&quot;,&quot;focal_length&quot;:&quot;24&quot;,&quot;iso&quot;:&quot;400&quot;,&quot;shutter_speed&quot;:&quot;0.0008&quot;,&quot;title&quot;:&quot;&quot;}\" data-image-title=\"Bad Gastein 17b_7_2014 013 (Custom)\" data-image-description=\"\" data-image-caption=\"\" data-large-file=\"https:\/\/www.satokangas.fi\/blogi\/wp-content\/uploads\/2014\/07\/Bad-Gastein-17b_7_2014-013-Custom-682x1024.jpg\" class=\"aligncenter size-medium wp-image-21855\" src=\"https:\/\/www.satokangas.fi\/blogi\/wp-content\/uploads\/2014\/07\/Bad-Gastein-17b_7_2014-013-Custom-266x400.jpg\" alt=\"Bad Gastein 17b_7_2014 013 (Custom)\" width=\"266\" height=\"400\" srcset=\"https:\/\/www.satokangas.fi\/blogi\/wp-content\/uploads\/2014\/07\/Bad-Gastein-17b_7_2014-013-Custom-266x400.jpg 266w, https:\/\/www.satokangas.fi\/blogi\/wp-content\/uploads\/2014\/07\/Bad-Gastein-17b_7_2014-013-Custom-199x300.jpg 199w, https:\/\/www.satokangas.fi\/blogi\/wp-content\/uploads\/2014\/07\/Bad-Gastein-17b_7_2014-013-Custom-682x1024.jpg 682w, https:\/\/www.satokangas.fi\/blogi\/wp-content\/uploads\/2014\/07\/Bad-Gastein-17b_7_2014-013-Custom.jpg 720w\" sizes=\"auto, (max-width: 266px) 100vw, 266px\" \/><\/a><\/p>\n<p><a href=\"https:\/\/www.satokangas.fi\/blogi\/wp-content\/uploads\/2014\/07\/Bad-Gastein-17b_7_2014-041-Custom.jpg\"><img loading=\"lazy\" decoding=\"async\" data-attachment-id=\"21867\" data-permalink=\"https:\/\/www.satokangas.fi\/blogi\/2014\/07\/gasteinin-laakson-flora-fauna\/bad-gastein-17b_7_2014-041-custom\/\" data-orig-file=\"https:\/\/www.satokangas.fi\/blogi\/wp-content\/uploads\/2014\/07\/Bad-Gastein-17b_7_2014-041-Custom.jpg\" data-orig-size=\"1080,720\" data-comments-opened=\"1\" data-image-meta=\"{&quot;aperture&quot;:&quot;5.6&quot;,&quot;credit&quot;:&quot;Picasa&quot;,&quot;camera&quot;:&quot;Canon EOS 5D Mark II&quot;,&quot;caption&quot;:&quot;&quot;,&quot;created_timestamp&quot;:&quot;1405591264&quot;,&quot;copyright&quot;:&quot;&quot;,&quot;focal_length&quot;:&quot;100&quot;,&quot;iso&quot;:&quot;100&quot;,&quot;shutter_speed&quot;:&quot;0.016666666666667&quot;,&quot;title&quot;:&quot;&quot;}\" data-image-title=\"Bad Gastein 17b_7_2014 041 (Custom)\" data-image-description=\"\" data-image-caption=\"\" data-large-file=\"https:\/\/www.satokangas.fi\/blogi\/wp-content\/uploads\/2014\/07\/Bad-Gastein-17b_7_2014-041-Custom.jpg\" class=\"aligncenter size-medium wp-image-21867\" src=\"https:\/\/www.satokangas.fi\/blogi\/wp-content\/uploads\/2014\/07\/Bad-Gastein-17b_7_2014-041-Custom-600x400.jpg\" alt=\"Bad Gastein 17b_7_2014 041 (Custom)\" width=\"600\" height=\"400\" srcset=\"https:\/\/www.satokangas.fi\/blogi\/wp-content\/uploads\/2014\/07\/Bad-Gastein-17b_7_2014-041-Custom-600x400.jpg 600w, https:\/\/www.satokangas.fi\/blogi\/wp-content\/uploads\/2014\/07\/Bad-Gastein-17b_7_2014-041-Custom-300x200.jpg 300w, https:\/\/www.satokangas.fi\/blogi\/wp-content\/uploads\/2014\/07\/Bad-Gastein-17b_7_2014-041-Custom.jpg 1080w\" sizes=\"auto, (max-width: 600px) 100vw, 600px\" \/><\/a><\/p>\n<p>Puolelta p\u00e4ivin edess\u00e4 Pottinger- H\u00fctte. Ja mit\u00e4s sitten k\u00e4vik\u00e4\u00e4n&#8230; Pehtoorilta lipsahti raskas reppu kiveykselle: kilin\u00e4\u00e4, lasinsirpaleiden \u00e4\u00e4nt\u00e4. Zoom? 75 &#8211; 200 mmm Canon! Seh\u00e4n se kilisi. Olimme kohtuulllisen harmissamme. Korvaakohan vakuuutus? Mietin jo, ett\u00e4 josko uuden joudun\/saan ostaa, niin sitten entist\u00e4 valovoimaisemman hankin &#8230; Koetan etsi\u00e4 hyvi\u00e4 puolia: ett\u00e4 onneksi vasta nyt meni rikki, ett\u00e4 juuri tuo objektiivi s\u00e4rkyi, eik\u00e4 siis 24 &#8211; 105 mm, joka kuitenkin on paljon monipuolisempi, onneksi meille kummallekkaan ei sattunut mit\u00e4\u00e4n jne &#8230;<\/p>\n<p>Siisp\u00e4 istahdamme Pottingerin-h\u00fctten p\u00f6yt\u00e4\u00e4n, nautimme lounaan, h\u00f6p\u00f6ttelemme, &#8211; k\u00e4yn viel\u00e4 kuvailemassa ja matka jatkuu.<\/p>\n<p><img loading=\"lazy\" decoding=\"async\" data-attachment-id=\"21862\" data-permalink=\"https:\/\/www.satokangas.fi\/blogi\/2014\/07\/gasteinin-laakson-flora-fauna\/bad-gastein-17b_7_2014-096-custom\/\" data-orig-file=\"https:\/\/www.satokangas.fi\/blogi\/wp-content\/uploads\/2014\/07\/Bad-Gastein-17b_7_2014-096-Custom.jpg\" data-orig-size=\"1081,720\" data-comments-opened=\"1\" data-image-meta=\"{&quot;aperture&quot;:&quot;6.3&quot;,&quot;credit&quot;:&quot;Picasa&quot;,&quot;camera&quot;:&quot;Canon EOS 5D Mark II&quot;,&quot;caption&quot;:&quot;&quot;,&quot;created_timestamp&quot;:&quot;1405601063&quot;,&quot;copyright&quot;:&quot;&quot;,&quot;focal_length&quot;:&quot;73&quot;,&quot;iso&quot;:&quot;250&quot;,&quot;shutter_speed&quot;:&quot;0.0025&quot;,&quot;title&quot;:&quot;&quot;}\" data-image-title=\"Bad Gastein 17b_7_2014 096 (Custom)\" data-image-description=\"\" data-image-caption=\"\" data-large-file=\"https:\/\/www.satokangas.fi\/blogi\/wp-content\/uploads\/2014\/07\/Bad-Gastein-17b_7_2014-096-Custom.jpg\" class=\"aligncenter size-medium wp-image-21862\" src=\"https:\/\/www.satokangas.fi\/blogi\/wp-content\/uploads\/2014\/07\/Bad-Gastein-17b_7_2014-096-Custom-600x400.jpg\" alt=\"Bad Gastein 17b_7_2014 096 (Custom)\" width=\"600\" height=\"400\" srcset=\"https:\/\/www.satokangas.fi\/blogi\/wp-content\/uploads\/2014\/07\/Bad-Gastein-17b_7_2014-096-Custom-600x400.jpg 600w, https:\/\/www.satokangas.fi\/blogi\/wp-content\/uploads\/2014\/07\/Bad-Gastein-17b_7_2014-096-Custom-300x199.jpg 300w, https:\/\/www.satokangas.fi\/blogi\/wp-content\/uploads\/2014\/07\/Bad-Gastein-17b_7_2014-096-Custom.jpg 1081w\" sizes=\"auto, (max-width: 600px) 100vw, 600px\" \/><\/p>\n<p>Alastulo otti polveen, mutta urheilija ei tervett\u00e4 p\u00e4iv\u00e4\u00e4 n\u00e4e, koe, \u00a0&#8212; \u00a0 \ud83d\ude09 .<\/p>\n<p><img loading=\"lazy\" decoding=\"async\" data-attachment-id=\"21860\" data-permalink=\"https:\/\/www.satokangas.fi\/blogi\/2014\/07\/gasteinin-laakson-flora-fauna\/bad-gastein-17b_7_2014-122-custom\/\" data-orig-file=\"https:\/\/www.satokangas.fi\/blogi\/wp-content\/uploads\/2014\/07\/Bad-Gastein-17b_7_2014-122-Custom.jpg\" data-orig-size=\"720,1081\" data-comments-opened=\"1\" data-image-meta=\"{&quot;aperture&quot;:&quot;4&quot;,&quot;credit&quot;:&quot;Picasa&quot;,&quot;camera&quot;:&quot;Canon EOS 5D Mark II&quot;,&quot;caption&quot;:&quot;&quot;,&quot;created_timestamp&quot;:&quot;1405605278&quot;,&quot;copyright&quot;:&quot;&quot;,&quot;focal_length&quot;:&quot;80&quot;,&quot;iso&quot;:&quot;100&quot;,&quot;shutter_speed&quot;:&quot;0.00625&quot;,&quot;title&quot;:&quot;&quot;}\" data-image-title=\"Bad Gastein 17b_7_2014 122 (Custom)\" data-image-description=\"\" data-image-caption=\"\" data-large-file=\"https:\/\/www.satokangas.fi\/blogi\/wp-content\/uploads\/2014\/07\/Bad-Gastein-17b_7_2014-122-Custom-682x1024.jpg\" class=\"aligncenter size-medium wp-image-21860\" src=\"https:\/\/www.satokangas.fi\/blogi\/wp-content\/uploads\/2014\/07\/Bad-Gastein-17b_7_2014-122-Custom-266x400.jpg\" alt=\"Bad Gastein 17b_7_2014 122 (Custom)\" width=\"266\" height=\"400\" srcset=\"https:\/\/www.satokangas.fi\/blogi\/wp-content\/uploads\/2014\/07\/Bad-Gastein-17b_7_2014-122-Custom-266x400.jpg 266w, https:\/\/www.satokangas.fi\/blogi\/wp-content\/uploads\/2014\/07\/Bad-Gastein-17b_7_2014-122-Custom-199x300.jpg 199w, https:\/\/www.satokangas.fi\/blogi\/wp-content\/uploads\/2014\/07\/Bad-Gastein-17b_7_2014-122-Custom-682x1024.jpg 682w, https:\/\/www.satokangas.fi\/blogi\/wp-content\/uploads\/2014\/07\/Bad-Gastein-17b_7_2014-122-Custom.jpg 720w\" sizes=\"auto, (max-width: 266px) 100vw, 266px\" \/><\/p>\n<p><a href=\"https:\/\/www.satokangas.fi\/blogi\/wp-content\/uploads\/2014\/07\/Bad-Gastein-17b_7_2014-101-Custom.jpg\"><img loading=\"lazy\" decoding=\"async\" data-attachment-id=\"21861\" data-permalink=\"https:\/\/www.satokangas.fi\/blogi\/2014\/07\/gasteinin-laakson-flora-fauna\/bad-gastein-17b_7_2014-101-custom\/\" data-orig-file=\"https:\/\/www.satokangas.fi\/blogi\/wp-content\/uploads\/2014\/07\/Bad-Gastein-17b_7_2014-101-Custom.jpg\" data-orig-size=\"1081,720\" data-comments-opened=\"1\" data-image-meta=\"{&quot;aperture&quot;:&quot;4&quot;,&quot;credit&quot;:&quot;Picasa&quot;,&quot;camera&quot;:&quot;Canon EOS 5D Mark II&quot;,&quot;caption&quot;:&quot;&quot;,&quot;created_timestamp&quot;:&quot;1405602848&quot;,&quot;copyright&quot;:&quot;&quot;,&quot;focal_length&quot;:&quot;24&quot;,&quot;iso&quot;:&quot;100&quot;,&quot;shutter_speed&quot;:&quot;0.002&quot;,&quot;title&quot;:&quot;&quot;}\" data-image-title=\"Bad Gastein 17b_7_2014 101 (Custom)\" data-image-description=\"\" data-image-caption=\"\" data-large-file=\"https:\/\/www.satokangas.fi\/blogi\/wp-content\/uploads\/2014\/07\/Bad-Gastein-17b_7_2014-101-Custom.jpg\" class=\"aligncenter size-medium wp-image-21861\" src=\"https:\/\/www.satokangas.fi\/blogi\/wp-content\/uploads\/2014\/07\/Bad-Gastein-17b_7_2014-101-Custom-600x400.jpg\" alt=\"Bad Gastein 17b_7_2014 101 (Custom)\" width=\"600\" height=\"400\" srcset=\"https:\/\/www.satokangas.fi\/blogi\/wp-content\/uploads\/2014\/07\/Bad-Gastein-17b_7_2014-101-Custom-600x400.jpg 600w, https:\/\/www.satokangas.fi\/blogi\/wp-content\/uploads\/2014\/07\/Bad-Gastein-17b_7_2014-101-Custom-300x199.jpg 300w, https:\/\/www.satokangas.fi\/blogi\/wp-content\/uploads\/2014\/07\/Bad-Gastein-17b_7_2014-101-Custom.jpg 1081w\" sizes=\"auto, (max-width: 600px) 100vw, 600px\" \/><\/a><\/p>\n<p>B\u00f6cksteiniin saavuimme kolmen kieppeiss\u00e4.<\/p>\n<p><a href=\"https:\/\/www.satokangas.fi\/blogi\/wp-content\/uploads\/2014\/07\/Bad-Gastein-17b_7_2014-124-Custom.jpg\"><img loading=\"lazy\" decoding=\"async\" data-attachment-id=\"21858\" data-permalink=\"https:\/\/www.satokangas.fi\/blogi\/2014\/07\/gasteinin-laakson-flora-fauna\/bad-gastein-17b_7_2014-124-custom\/\" data-orig-file=\"https:\/\/www.satokangas.fi\/blogi\/wp-content\/uploads\/2014\/07\/Bad-Gastein-17b_7_2014-124-Custom.jpg\" data-orig-size=\"1600,701\" data-comments-opened=\"1\" data-image-meta=\"{&quot;aperture&quot;:&quot;4.5&quot;,&quot;credit&quot;:&quot;Picasa&quot;,&quot;camera&quot;:&quot;Canon EOS 5D Mark II&quot;,&quot;caption&quot;:&quot;&quot;,&quot;created_timestamp&quot;:&quot;1405608548&quot;,&quot;copyright&quot;:&quot;&quot;,&quot;focal_length&quot;:&quot;28&quot;,&quot;iso&quot;:&quot;100&quot;,&quot;shutter_speed&quot;:&quot;0.004&quot;,&quot;title&quot;:&quot;&quot;}\" data-image-title=\"Bad Gastein 17b_7_2014 124 (Custom)\" data-image-description=\"\" data-image-caption=\"\" data-large-file=\"https:\/\/www.satokangas.fi\/blogi\/wp-content\/uploads\/2014\/07\/Bad-Gastein-17b_7_2014-124-Custom.jpg\" class=\"aligncenter size-medium wp-image-21858\" src=\"https:\/\/www.satokangas.fi\/blogi\/wp-content\/uploads\/2014\/07\/Bad-Gastein-17b_7_2014-124-Custom-600x262.jpg\" alt=\"Bad Gastein 17b_7_2014 124 (Custom)\" width=\"600\" height=\"262\" srcset=\"https:\/\/www.satokangas.fi\/blogi\/wp-content\/uploads\/2014\/07\/Bad-Gastein-17b_7_2014-124-Custom-600x262.jpg 600w, https:\/\/www.satokangas.fi\/blogi\/wp-content\/uploads\/2014\/07\/Bad-Gastein-17b_7_2014-124-Custom-300x131.jpg 300w, https:\/\/www.satokangas.fi\/blogi\/wp-content\/uploads\/2014\/07\/Bad-Gastein-17b_7_2014-124-Custom.jpg 1600w\" sizes=\"auto, (max-width: 600px) 100vw, 600px\" \/><\/a><\/p>\n<p>Sielt\u00e4 bussilla takaisin omaan kyl\u00e4\u00e4n, . . . \u00a0Jossa l\u00e4mmint\u00e4 hellerajalla.<\/p>\n<p>Jotta asia ei k\u00e4visi liian helpoksi, l\u00e4hdemme k\u00e4vellen kauppaan ja katsomaan, josko l\u00f6yt\u00e4isimme [ihan vaan etuk\u00e4teen varmistamassa] kalaravintolan, jota monessa yhteydess\u00e4 mainostetaan. Jotta jos j\u00e4tt\u00e4isimme matkapakettiin kuuluvan hotellin illallisen taas v\u00e4liin ja l\u00e4htisimme kylille. Etsimme ja etsimme. Saamme muutaman lis\u00e4kilometrin p\u00e4iv\u00e4n saldoon. Lopulta menemme kahden kesken after-hikelle. T\u00e4m\u00e4n viikon ensimm\u00e4inen varsinainen sellainen.<\/p>\n<p>Ja sitten kunhan kello l\u00e4henee seitsem\u00e4\u00e4 l\u00e4hdemme kohti Eva\u00b4s\u00a0<a href=\"http:\/\/www.buenosearch.com\/?babsrc=sp_kms&amp;tt=130714_kmsbusol&amp;mntrid=0d83a4b4e924b3b2e1704e17dbd1aa43&amp;affid=128493&amp;tsp=5307&amp;q=eva%C2%B4s%20fischerber%20bad%20gastein\">Fischerstrubelia<\/a>. Ihan vaan muutaman lis\u00e4kilometrin vuoksi. \ud83d\ude09<\/p>\n<p><a href=\"https:\/\/www.satokangas.fi\/blogi\/wp-content\/uploads\/2014\/07\/WP_20140717_18_58_59_Pro-1.jpg\"><img loading=\"lazy\" decoding=\"async\" data-attachment-id=\"21864\" data-permalink=\"https:\/\/www.satokangas.fi\/blogi\/2014\/07\/gasteinin-laakson-flora-fauna\/wp_20140717_18_58_59_pro-1\/\" data-orig-file=\"https:\/\/www.satokangas.fi\/blogi\/wp-content\/uploads\/2014\/07\/WP_20140717_18_58_59_Pro-1.jpg\" data-orig-size=\"1632,918\" data-comments-opened=\"1\" data-image-meta=\"{&quot;aperture&quot;:&quot;2.2&quot;,&quot;credit&quot;:&quot;Picasa&quot;,&quot;camera&quot;:&quot;Lumia 1020&quot;,&quot;caption&quot;:&quot;&quot;,&quot;created_timestamp&quot;:&quot;1405623538&quot;,&quot;copyright&quot;:&quot;&quot;,&quot;focal_length&quot;:&quot;0&quot;,&quot;iso&quot;:&quot;100&quot;,&quot;shutter_speed&quot;:&quot;0.019664&quot;,&quot;title&quot;:&quot;&quot;}\" data-image-title=\"WP_20140717_18_58_59_Pro (1)\" data-image-description=\"\" data-image-caption=\"\" data-large-file=\"https:\/\/www.satokangas.fi\/blogi\/wp-content\/uploads\/2014\/07\/WP_20140717_18_58_59_Pro-1-1600x900.jpg\" class=\"aligncenter size-medium wp-image-21864\" src=\"https:\/\/www.satokangas.fi\/blogi\/wp-content\/uploads\/2014\/07\/WP_20140717_18_58_59_Pro-1-600x337.jpg\" alt=\"WP_20140717_18_58_59_Pro (1)\" width=\"600\" height=\"337\" srcset=\"https:\/\/www.satokangas.fi\/blogi\/wp-content\/uploads\/2014\/07\/WP_20140717_18_58_59_Pro-1-600x337.jpg 600w, https:\/\/www.satokangas.fi\/blogi\/wp-content\/uploads\/2014\/07\/WP_20140717_18_58_59_Pro-1-300x168.jpg 300w, https:\/\/www.satokangas.fi\/blogi\/wp-content\/uploads\/2014\/07\/WP_20140717_18_58_59_Pro-1-1600x900.jpg 1600w, https:\/\/www.satokangas.fi\/blogi\/wp-content\/uploads\/2014\/07\/WP_20140717_18_58_59_Pro-1.jpg 1632w\" sizes=\"auto, (max-width: 600px) 100vw, 600px\" \/><\/a><\/p>\n<p>Ja kyll\u00e4 ruoankin vuoksi kannatti. Evalla (ja miehell\u00e4\u00e4n) on ravintolan pihassa kala-allas, josta pyydet\u00e4\u00e4n tuoretta taimenta. Tyk\u00f6tarpeena oli erinomaisia kanttarelleja, joita ei ollut hukutettu kermaan, vaan olivat itsess\u00e4\u00e4n erinomaisia.<\/p>\n<p>Kaikenlaista kerrottavaa olisi, kuvia kymmeni\u00e4, mutta nyt on vet\u00e4ydytt\u00e4v\u00e4 nukkumaan, \u00a0&#8211; aamulla taas vuorille.<\/p>\n<p>Mik\u00e4p\u00e4 sen mukavampaa. \ud83d\ude09<\/p>\n<p>Ai niin, se objektiivi: hoksasin k\u00e4mpille palatessa, jotta jos se onkin mennyt rikki vain se linssi\u00e4 suojaava UV-lasi. Jawohl! Vain muutaman kympin suojalasi rikki. Objektiivi t\u00e4ysin ehj\u00e4 ja toimintakuntoinen! Erinomaista! \ud83d\ude42 Alles gut!<\/p>\n","protected":false},"excerpt":{"rendered":"<p>Aamu lupasi hyv\u00e4\u00e4 s\u00e4\u00e4t\u00e4, melkein kuin eilen. &#8230; Eih\u00e4n me taaskaan oikein tiedetty, mihin ollaan menossa, mutta innokkaasti oltiin l\u00e4hd\u00f6ss\u00e4. Aamukahdeksalta patikkapopot jalassa, k\u00e4velysauvat tanassa ja Pehtoorilla reppu sel\u00e4ss\u00e4. L\u00e4ht\u00f6\u00e4 tehdess\u00e4 mies tuumi, ett\u00e4 otetaan vain yksi reppu: jos min\u00e4 kannan kameran, h\u00e4n voi otta kaiken muun omaan reppuunsa. Kuinka huomaavaista. Siis kuoritakkini, vesipullloni, zoom-objektiivin ja nen\u00e4liinoja ja k\u00e4sidesin ja &hellip; <\/p>\n","protected":false},"author":1,"featured_media":0,"comment_status":"open","ping_status":"open","sticky":false,"template":"","format":"standard","meta":{"jetpack_post_was_ever_published":false,"_jetpack_newsletter_access":"","_jetpack_dont_email_post_to_subs":false,"_jetpack_newsletter_tier_id":0,"_jetpack_memberships_contains_paywalled_content":false,"_jetpack_memberships_contains_paid_content":false,"footnotes":"","jetpack_publicize_message":"","jetpack_publicize_feature_enabled":true,"jetpack_social_post_already_shared":true,"jetpack_social_options":{"image_generator_settings":{"template":"highway","default_image_id":0,"font":"","enabled":false},"version":2}},"categories":[71,72,33,17],"tags":[],"class_list":["post-21842","post","type-post","status-publish","format-standard","hentry","category-bad-gastein","category-itavalta","category-liikkuminen","category-ruoka_ja_viini","latest_post"],"jetpack_publicize_connections":[],"jetpack_featured_media_url":"","jetpack_shortlink":"https:\/\/wp.me\/pr4p4-5Gi","jetpack_sharing_enabled":true,"jetpack_likes_enabled":false,"jetpack-related-posts":[{"id":53362,"url":"https:\/\/www.satokangas.fi\/blogi\/2025\/11\/aamun-harmaudessa-ikava\/","url_meta":{"origin":21842,"position":0},"title":"Aamun harmaudessa ik\u00e4v\u00e4","author":"Reija","date":"1.11.2025","format":false,"excerpt":"Aamuvarhain hautausmaalla. Reppu t\u00e4ynn\u00e4 kynttil\u00f6it\u00e4, kamera kaulalla. Kuljin hiljaa, kauan. Reppu keveni kynttil\u00f6ist\u00e4... Sisaren haudalla vain hetken, t\u00e4n\u00e4\u00e4n viiv\u00e4hdin vain hetken, mutta oikeastaan vain h\u00e4nt\u00e4 ajattelin kaikkialla. Koko p\u00e4iv\u00e4n. Iltap\u00e4iv\u00e4n hartaushetkess\u00e4kin. Eik\u00e4 ik\u00e4v\u00e4 lopu. Yll\u00e4olevassa ikkunassa on kuvagalleria: klikkaile nuolilla kuvasta toiseen.\u00a0","rel":"","context":"Kategoriassa &quot;Hautausmailla&quot;","block_context":{"text":"Hautausmailla","link":"https:\/\/www.satokangas.fi\/blogi\/category\/hautausmailla\/"},"img":{"alt_text":"","src":"https:\/\/i0.wp.com\/www.satokangas.fi\/blogi\/wp-content\/uploads\/2025\/11\/Pyhainpaivanaatto-6-1.jpg?resize=350%2C200&ssl=1","width":350,"height":200,"srcset":"https:\/\/i0.wp.com\/www.satokangas.fi\/blogi\/wp-content\/uploads\/2025\/11\/Pyhainpaivanaatto-6-1.jpg?resize=350%2C200&ssl=1 1x, https:\/\/i0.wp.com\/www.satokangas.fi\/blogi\/wp-content\/uploads\/2025\/11\/Pyhainpaivanaatto-6-1.jpg?resize=525%2C300&ssl=1 1.5x, https:\/\/i0.wp.com\/www.satokangas.fi\/blogi\/wp-content\/uploads\/2025\/11\/Pyhainpaivanaatto-6-1.jpg?resize=700%2C400&ssl=1 2x, https:\/\/i0.wp.com\/www.satokangas.fi\/blogi\/wp-content\/uploads\/2025\/11\/Pyhainpaivanaatto-6-1.jpg?resize=1050%2C600&ssl=1 3x"},"classes":[]},{"id":11800,"url":"https:\/\/www.satokangas.fi\/blogi\/2011\/06\/toista-harrastuksiin\/","url_meta":{"origin":21842,"position":1},"title":"T\u00f6ist\u00e4 harrastuksiin","author":"Reija","date":"15.6.2011","format":false,"excerpt":"Innostua jostakin, innostua taas niin kovasti ettei meinaa lopettaa, v\u00e4hent\u00e4\u00e4, hiljent\u00e4\u00e4, - - \u00a0Ja ettek\u00e4 arvaa, mist\u00e4 puhun? T\u00f6ist\u00e4! Nyt on taas ollut viime ajat ihan hullun hauskaa t\u00f6iss\u00e4. T\u00e4n\u00e4 aamunakin oli jo ennen seitsem\u00e4\u00e4 sinne kiidett\u00e4v\u00e4. On taas pitk\u00e4st\u00e4 aikaa sellainen \"olisipa-maailmassa-kahvat-niin-k\u00e4\u00e4nt\u00e4isin\" -olo. Lopun alkua? :) Ehk\u00e4p\u00e4. K\u00e4vimme pehtoorin\u2026","rel":"","context":"Kategoriassa &quot;Niit\u00e4 n\u00e4it\u00e4&quot;","block_context":{"text":"Niit\u00e4 n\u00e4it\u00e4","link":"https:\/\/www.satokangas.fi\/blogi\/category\/aiheeton\/"},"img":{"alt_text":"","src":"https:\/\/i0.wp.com\/www.satokangas.fi\/blogi\/wp-content\/uploads\/spork.jpg?resize=350%2C200&ssl=1","width":350,"height":200},"classes":[]},{"id":12149,"url":"https:\/\/www.satokangas.fi\/blogi\/2011\/08\/niilanpaa-huiputettu\/","url_meta":{"origin":21842,"position":2},"title":"Niilanp\u00e4\u00e4 huiputettu","author":"Reija","date":"6.8.2011","format":false,"excerpt":"... tai totta puhuen ei ihan huipulle asti menty. Mutta Tuulestatemmattu tahtoi tunturiin. Se on kuin pontikkaa t\u00e4m\u00e4 maa - v\u00e4kev\u00e4\u00e4, salakavalaa. Humalluttaa tunturiin tohtivan! Meh\u00e4n tohdimme.\u00a0Siisp\u00e4 ikkunat ovat edelleen pesem\u00e4tt\u00e4. :) \u00a0Olkoot! Aamuyhdeks\u00e4lt\u00e4 starttasimme m\u00f6kin pihasta kohti Kiilop\u00e4\u00e4n Tunturikeskusta; siell\u00e4 auto parkkiin, reput selk\u00e4\u00e4n ja kohti Niilanp\u00e4\u00e4t\u00e4. \u00a0 Ei\u2026","rel":"","context":"Kategoriassa &quot;Lappi&quot;","block_context":{"text":"Lappi","link":"https:\/\/www.satokangas.fi\/blogi\/category\/lappi\/"},"img":{"alt_text":"","src":"https:\/\/i0.wp.com\/www.satokangas.fi\/blogi\/wp-content\/uploads\/Sorapolku.jpg?resize=350%2C200&ssl=1","width":350,"height":200,"srcset":"https:\/\/i0.wp.com\/www.satokangas.fi\/blogi\/wp-content\/uploads\/Sorapolku.jpg?resize=350%2C200&ssl=1 1x, https:\/\/i0.wp.com\/www.satokangas.fi\/blogi\/wp-content\/uploads\/Sorapolku.jpg?resize=525%2C300&ssl=1 1.5x"},"classes":[]},{"id":20850,"url":"https:\/\/www.satokangas.fi\/blogi\/2014\/04\/jo-vain-mie-olen-lapissa\/","url_meta":{"origin":21842,"position":3},"title":"Jo vain mie olen Lapissa","author":"Reija","date":"16.4.2014","format":false,"excerpt":"Aamukahdeksalta pikkupakkasaamussa auringon paistaessa (merkitt\u00e4v\u00e4 yksityiskohta, sill\u00e4 minulla on uudet aurinkolasit, jotka siis sain ottaa k\u00e4ytt\u00f6\u00f6n) seisoin bussipys\u00e4kill\u00e4 reppu sel\u00e4ss\u00e4, kohtuullisen v\u00e4syneen\u00e4.\u00a0Y\u00f6uni j\u00e4i kovin lyhyeksi, - ylikierrokset illan j\u00e4lkeen, t\u00e4ysikuu, levottomia unia, her\u00e4\u00e4misest\u00e4 huolissani jo viiden j\u00e4lkeen loppui uni. Mutta linnut lauloivat, bussi oli ajallaan, t\u00e4ynn\u00e4 koulukkaita, - olikin j\u00e4nn\u00e4\u2026","rel":"","context":"Kategoriassa &quot;Lappi&quot;","block_context":{"text":"Lappi","link":"https:\/\/www.satokangas.fi\/blogi\/category\/lappi\/"},"img":{"alt_text":"ELL","src":"https:\/\/i0.wp.com\/www.satokangas.fi\/blogi\/wp-content\/uploads\/2014\/04\/ELL-600x337.jpg?resize=350%2C200&ssl=1","width":350,"height":200,"srcset":"https:\/\/i0.wp.com\/www.satokangas.fi\/blogi\/wp-content\/uploads\/2014\/04\/ELL-600x337.jpg?resize=350%2C200&ssl=1 1x, https:\/\/i0.wp.com\/www.satokangas.fi\/blogi\/wp-content\/uploads\/2014\/04\/ELL-600x337.jpg?resize=525%2C300&ssl=1 1.5x"},"classes":[]},{"id":36292,"url":"https:\/\/www.satokangas.fi\/blogi\/2019\/04\/laukkusi-sisalta-kertoo-kaiken\/","url_meta":{"origin":21842,"position":4},"title":"Reppusi sis\u00e4lt\u00f6 kertoo kaiken?","author":"Reija","date":"24.4.2019","format":false,"excerpt":"Silloin 10 - 15 vuotta sitten, kun blogimaailma syntyi (tai ainakin min\u00e4 tulin siit\u00e4 tietoiseksi), blogeissa oli paljon kaikenlaisia haasteita: valokuva-, ruoka-, k\u00e4sity\u00f6-, runo-, lenkki-, kirja- yms. haasteita. Ja sitten sellaisia \"laita kuva ty\u00f6p\u00f6yd\u00e4st\u00e4si, j\u00e4\u00e4kaapistasi (sis\u00e4lt\u00e4), autostasi, huiveistasi, kirjahyllyst\u00e4si etc\". En oikein niit\u00e4 ymm\u00e4rt\u00e4nyt. Silloin seurailin aika monia, v\u00e4h\u00e4n samankaltaisia\u2026","rel":"","context":"Kategoriassa &quot;Bloggailu&quot;","block_context":{"text":"Bloggailu","link":"https:\/\/www.satokangas.fi\/blogi\/category\/bloggailu\/"},"img":{"alt_text":"","src":"https:\/\/i0.wp.com\/www.satokangas.fi\/blogi\/wp-content\/uploads\/2019\/04\/IMG_20190425_202640-1.jpg?resize=350%2C200&ssl=1","width":350,"height":200,"srcset":"https:\/\/i0.wp.com\/www.satokangas.fi\/blogi\/wp-content\/uploads\/2019\/04\/IMG_20190425_202640-1.jpg?resize=350%2C200&ssl=1 1x, https:\/\/i0.wp.com\/www.satokangas.fi\/blogi\/wp-content\/uploads\/2019\/04\/IMG_20190425_202640-1.jpg?resize=525%2C300&ssl=1 1.5x, https:\/\/i0.wp.com\/www.satokangas.fi\/blogi\/wp-content\/uploads\/2019\/04\/IMG_20190425_202640-1.jpg?resize=700%2C400&ssl=1 2x, https:\/\/i0.wp.com\/www.satokangas.fi\/blogi\/wp-content\/uploads\/2019\/04\/IMG_20190425_202640-1.jpg?resize=1050%2C600&ssl=1 3x, https:\/\/i0.wp.com\/www.satokangas.fi\/blogi\/wp-content\/uploads\/2019\/04\/IMG_20190425_202640-1.jpg?resize=1400%2C800&ssl=1 4x"},"classes":[]},{"id":23582,"url":"https:\/\/www.satokangas.fi\/blogi\/2015\/01\/kohti-arkea\/","url_meta":{"origin":21842,"position":5},"title":"Kohti arkea","author":"Reija","date":"4.1.2015","format":false,"excerpt":"Joulun jo pakkasin vaatehuoneeseen, mutta valoista, kukista ja kynttil\u00f6ist\u00e4 en viel\u00e4 luovu. CD:t, tilpeh\u00f6\u00f6rit, tontut, liinat ja gl\u00f6gimukit ovat nyt pois n\u00e4kyvist\u00e4, mutta sek\u00e4 pihalyhtyj\u00e4 ett\u00e4 ikkunavaloja tarvitsen viel\u00e4. Muutoinkin huushollia olen pist\u00e4nyt ordninkiin: pakastin sulatettu, untuvatakit ja kaikki muukin pyykki pesty ja k\u00e4sitelty. Eilisen ja t\u00e4m\u00e4n p\u00e4iv\u00e4n olen saanut\u2026","rel":"","context":"Kategoriassa &quot;Niit\u00e4 n\u00e4it\u00e4&quot;","block_context":{"text":"Niit\u00e4 n\u00e4it\u00e4","link":"https:\/\/www.satokangas.fi\/blogi\/category\/aiheeton\/"},"img":{"alt_text":"1","src":"https:\/\/i0.wp.com\/www.satokangas.fi\/blogi\/wp-content\/uploads\/2015\/01\/1-600x400.jpg?resize=350%2C200&ssl=1","width":350,"height":200,"srcset":"https:\/\/i0.wp.com\/www.satokangas.fi\/blogi\/wp-content\/uploads\/2015\/01\/1-600x400.jpg?resize=350%2C200&ssl=1 1x, https:\/\/i0.wp.com\/www.satokangas.fi\/blogi\/wp-content\/uploads\/2015\/01\/1-600x400.jpg?resize=525%2C300&ssl=1 1.5x"},"classes":[]}],"_links":{"self":[{"href":"https:\/\/www.satokangas.fi\/blogi\/wp-json\/wp\/v2\/posts\/21842","targetHints":{"allow":["GET"]}}],"collection":[{"href":"https:\/\/www.satokangas.fi\/blogi\/wp-json\/wp\/v2\/posts"}],"about":[{"href":"https:\/\/www.satokangas.fi\/blogi\/wp-json\/wp\/v2\/types\/post"}],"author":[{"embeddable":true,"href":"https:\/\/www.satokangas.fi\/blogi\/wp-json\/wp\/v2\/users\/1"}],"replies":[{"embeddable":true,"href":"https:\/\/www.satokangas.fi\/blogi\/wp-json\/wp\/v2\/comments?post=21842"}],"version-history":[{"count":0,"href":"https:\/\/www.satokangas.fi\/blogi\/wp-json\/wp\/v2\/posts\/21842\/revisions"}],"wp:attachment":[{"href":"https:\/\/www.satokangas.fi\/blogi\/wp-json\/wp\/v2\/media?parent=21842"}],"wp:term":[{"taxonomy":"category","embeddable":true,"href":"https:\/\/www.satokangas.fi\/blogi\/wp-json\/wp\/v2\/categories?post=21842"},{"taxonomy":"post_tag","embeddable":true,"href":"https:\/\/www.satokangas.fi\/blogi\/wp-json\/wp\/v2\/tags?post=21842"}],"curies":[{"name":"wp","href":"https:\/\/api.w.org\/{rel}","templated":true}]}}