{"id":21773,"date":"2014-07-14T22:19:04","date_gmt":"2014-07-14T20:19:04","guid":{"rendered":"https:\/\/www.satokangas.fi\/blogi\/?p=21773"},"modified":"2014-07-15T07:50:44","modified_gmt":"2014-07-15T05:50:44","slug":"sadepaivan-kohde-poserhose-muuttui-auringoksi","status":"publish","type":"post","link":"https:\/\/www.satokangas.fi\/blogi\/2014\/07\/sadepaivan-kohde-poserhose-muuttui-auringoksi\/","title":{"rendered":"Sadep\u00e4iv\u00e4n kohde Poserh\u00f6se &#8211; muuttui auringoksi"},"content":{"rendered":"<p>Y\u00f6ll\u00e4 oli ollut ilotulitus, It\u00e4vallassa on Saksan kannattajia, ja meid\u00e4n hotelli(kompleksi)n johtaja on saksalainen. MM-jalkapallo on ISO asia, mutta melkein ihan sama meille, ei h\u00e4irinnyt y\u00f6unta, emme tienneet moisesta mit\u00e4\u00e4n.<\/p>\n<p>Aamiaisella viel\u00e4 pohdimme, vaihdetaanko patikkaryhm\u00e4\u00e4, oli hyv\u00e4 kun oli mahdollisuus valita &#8230; sit\u00e4 pohdittiin mahdollisille viime minuuteille asti. &#8211; Ja lopulta vaihdettiiin &#8221;tavisporukkaan&#8221;. Nyt kun p\u00e4iv\u00e4 ja patikka on takana, olen tyytyv\u00e4inen, ett\u00e4 vaihdettiin.<\/p>\n<p>T\u00e4n\u00e4\u00e4n ehdin ottaa 250 kuvaa, eiv\u00e4tk\u00e4 se ole vain hyttelt\u00e4. \ud83d\ude09 . Tunti kauemmin oltiin liikkeell\u00e4, mutta minullakaan ei verenmaku suussa, ei mit\u00e4\u00e4n lommoposkimeininki, muistutti La Gomeran ja meid\u00e4n omia patikkareissuja; liikutaan, rasittuu, mutta on mahdollisuus pys\u00e4hty\u00e4, on mahdollisuus kuvata ja kaikin puolin nauttia, ei niink\u00e4\u00e4n urheilla. Vaikka kyll\u00e4 t\u00e4n\u00e4\u00e4nkin nousua liki 500 m ja matkaa yli 10 km. \ud83d\ude42<\/p>\n<p>P\u00e4iv\u00e4n kohteen\u00e4 Poserh\u00f6se \u00a0noin 1600 m mpy. Se valitaan kun ei p\u00e4\u00e4st\u00e4 Graukoplerille, niin kuin esimerkiksi t\u00e4n\u00e4\u00e4n ei p\u00e4\u00e4sty. Hyv\u00e4 reitti tuokin.<\/p>\n<p>Aamulla sumuista, liki sateista. K\u00e4velimme aluksi kaupungin l\u00e4pi, jatkoimme Wilhelm I promenadea. Pitk\u00e4\u00e4n tasaista, no joo, vieh\u00e4tt\u00e4v\u00e4 reitti&#8230; \u00a0Muutaman kilometrin j\u00e4lkeen l\u00e4hdimme nousuun, noustiin ja noustiin. Ja pys\u00e4hdeltiin. Sumuista, v\u00e4lill\u00e4 v\u00e4h\u00e4n satoikin. So what.<\/p>\n<p>Me hiljalleen yritimme sulautua uuteen ryhm\u00e4\u00e4n, menih\u00e4n se.<\/p>\n<p><img loading=\"lazy\" decoding=\"async\" data-attachment-id=\"21775\" data-permalink=\"https:\/\/www.satokangas.fi\/blogi\/2014\/07\/sadepaivan-kohde-poserhose-muuttui-auringoksi\/bad-gastein-14_7_2014-047\/\" data-orig-file=\"https:\/\/www.satokangas.fi\/blogi\/wp-content\/uploads\/2014\/07\/Bad-Gastein-14_7_2014-047.jpg\" data-orig-size=\"3694,3293\" data-comments-opened=\"1\" data-image-meta=\"{&quot;aperture&quot;:&quot;4&quot;,&quot;credit&quot;:&quot;Picasa&quot;,&quot;camera&quot;:&quot;Canon EOS 5D Mark II&quot;,&quot;caption&quot;:&quot;&quot;,&quot;created_timestamp&quot;:&quot;1405340216&quot;,&quot;copyright&quot;:&quot;&quot;,&quot;focal_length&quot;:&quot;24&quot;,&quot;iso&quot;:&quot;320&quot;,&quot;shutter_speed&quot;:&quot;0.0015625&quot;,&quot;title&quot;:&quot;&quot;}\" data-image-title=\"Bad Gastein 14_7_2014 047\" data-image-description=\"\" data-image-caption=\"\" data-large-file=\"https:\/\/www.satokangas.fi\/blogi\/wp-content\/uploads\/2014\/07\/Bad-Gastein-14_7_2014-047-1148x1024.jpg\" class=\"aligncenter size-medium wp-image-21775\" src=\"https:\/\/www.satokangas.fi\/blogi\/wp-content\/uploads\/2014\/07\/Bad-Gastein-14_7_2014-047-448x400.jpg\" alt=\"Bad Gastein 14_7_2014 047\" width=\"448\" height=\"400\" srcset=\"https:\/\/www.satokangas.fi\/blogi\/wp-content\/uploads\/2014\/07\/Bad-Gastein-14_7_2014-047-448x400.jpg 448w, https:\/\/www.satokangas.fi\/blogi\/wp-content\/uploads\/2014\/07\/Bad-Gastein-14_7_2014-047-300x267.jpg 300w, https:\/\/www.satokangas.fi\/blogi\/wp-content\/uploads\/2014\/07\/Bad-Gastein-14_7_2014-047-1148x1024.jpg 1148w\" sizes=\"auto, (max-width: 448px) 100vw, 448px\" \/><\/p>\n<p>Puolelta p\u00e4ivin olimme h\u00fcttell\u00e4. Turhankin tuhti lounas, ja \u00a0tietysti H\u00fctten em\u00e4nn\u00e4n omatekem\u00e4 mehu ja snapsi. T\u00e4n\u00e4\u00e4n mustikkaa molemmat. Ei valittamista. Vaikea menn\u00e4 sanomaan kump oli parempi.<\/p>\n<p><a href=\"https:\/\/www.satokangas.fi\/blogi\/wp-content\/uploads\/2014\/07\/Bad-Gastein-14_7_2014-057.jpg\"><br \/>\n<\/a> <a href=\"https:\/\/www.satokangas.fi\/blogi\/wp-content\/uploads\/2014\/07\/Bad-Gastein-14_7_2014-052.jpg\"><img loading=\"lazy\" decoding=\"async\" data-attachment-id=\"21776\" data-permalink=\"https:\/\/www.satokangas.fi\/blogi\/2014\/07\/sadepaivan-kohde-poserhose-muuttui-auringoksi\/bad-gastein-14_7_2014-052\/\" data-orig-file=\"https:\/\/www.satokangas.fi\/blogi\/wp-content\/uploads\/2014\/07\/Bad-Gastein-14_7_2014-052.jpg\" data-orig-size=\"2286,2839\" data-comments-opened=\"1\" data-image-meta=\"{&quot;aperture&quot;:&quot;4&quot;,&quot;credit&quot;:&quot;Picasa&quot;,&quot;camera&quot;:&quot;Canon EOS 5D Mark II&quot;,&quot;caption&quot;:&quot;&quot;,&quot;created_timestamp&quot;:&quot;1405341402&quot;,&quot;copyright&quot;:&quot;&quot;,&quot;focal_length&quot;:&quot;28&quot;,&quot;iso&quot;:&quot;1250&quot;,&quot;shutter_speed&quot;:&quot;0.076923076923077&quot;,&quot;title&quot;:&quot;&quot;}\" data-image-title=\"Bad Gastein 14_7_2014 052\" data-image-description=\"\" data-image-caption=\"\" data-large-file=\"https:\/\/www.satokangas.fi\/blogi\/wp-content\/uploads\/2014\/07\/Bad-Gastein-14_7_2014-052-824x1024.jpg\" class=\"aligncenter size-medium wp-image-21776\" src=\"https:\/\/www.satokangas.fi\/blogi\/wp-content\/uploads\/2014\/07\/Bad-Gastein-14_7_2014-052-322x400.jpg\" alt=\"Bad Gastein 14_7_2014 052\" width=\"322\" height=\"400\" srcset=\"https:\/\/www.satokangas.fi\/blogi\/wp-content\/uploads\/2014\/07\/Bad-Gastein-14_7_2014-052-322x400.jpg 322w, https:\/\/www.satokangas.fi\/blogi\/wp-content\/uploads\/2014\/07\/Bad-Gastein-14_7_2014-052-241x300.jpg 241w, https:\/\/www.satokangas.fi\/blogi\/wp-content\/uploads\/2014\/07\/Bad-Gastein-14_7_2014-052-824x1024.jpg 824w\" sizes=\"auto, (max-width: 322px) 100vw, 322px\" \/><\/a><\/p>\n<p><img loading=\"lazy\" decoding=\"async\" data-attachment-id=\"21777\" data-permalink=\"https:\/\/www.satokangas.fi\/blogi\/2014\/07\/sadepaivan-kohde-poserhose-muuttui-auringoksi\/bad-gastein-14_7_2014-057\/\" data-orig-file=\"https:\/\/www.satokangas.fi\/blogi\/wp-content\/uploads\/2014\/07\/Bad-Gastein-14_7_2014-057.jpg\" data-orig-size=\"3193,2439\" data-comments-opened=\"1\" data-image-meta=\"{&quot;aperture&quot;:&quot;4&quot;,&quot;credit&quot;:&quot;Picasa&quot;,&quot;camera&quot;:&quot;Canon EOS 5D Mark II&quot;,&quot;caption&quot;:&quot;&quot;,&quot;created_timestamp&quot;:&quot;1405342171&quot;,&quot;copyright&quot;:&quot;&quot;,&quot;focal_length&quot;:&quot;98&quot;,&quot;iso&quot;:&quot;3200&quot;,&quot;shutter_speed&quot;:&quot;0.05&quot;,&quot;title&quot;:&quot;&quot;}\" data-image-title=\"Bad Gastein 14_7_2014 057\" data-image-description=\"\" data-image-caption=\"\" data-large-file=\"https:\/\/www.satokangas.fi\/blogi\/wp-content\/uploads\/2014\/07\/Bad-Gastein-14_7_2014-057-1340x1024.jpg\" class=\"aligncenter size-medium wp-image-21777\" src=\"https:\/\/www.satokangas.fi\/blogi\/wp-content\/uploads\/2014\/07\/Bad-Gastein-14_7_2014-057-523x400.jpg\" alt=\"Bad Gastein 14_7_2014 057\" width=\"523\" height=\"400\" srcset=\"https:\/\/www.satokangas.fi\/blogi\/wp-content\/uploads\/2014\/07\/Bad-Gastein-14_7_2014-057-523x400.jpg 523w, https:\/\/www.satokangas.fi\/blogi\/wp-content\/uploads\/2014\/07\/Bad-Gastein-14_7_2014-057-300x229.jpg 300w, https:\/\/www.satokangas.fi\/blogi\/wp-content\/uploads\/2014\/07\/Bad-Gastein-14_7_2014-057-1340x1024.jpg 1340w\" sizes=\"auto, (max-width: 523px) 100vw, 523px\" \/><\/p>\n<p>Vihdoin opimme, miten pient\u00e4 snapsilasia pidet\u00e4\u00e4n oikein; kolpakko-ote.<\/p>\n<p>Palatessa n\u00e4kym\u00e4t Bad Gasteiniin hulppeat. Semminkin kun paistoi aurinko!!! Villa Oranian ovenpieli-mittari n\u00e4ytti +25 C kun palauduimme.<\/p>\n<p><a href=\"https:\/\/www.satokangas.fi\/blogi\/wp-content\/uploads\/2014\/07\/Bad-Gastein-14_7_2014-142-Custom.jpg\"><img loading=\"lazy\" decoding=\"async\" data-attachment-id=\"21794\" data-permalink=\"https:\/\/www.satokangas.fi\/blogi\/2014\/07\/sadepaivan-kohde-poserhose-muuttui-auringoksi\/bad-gastein-14_7_2014-142-custom\/\" data-orig-file=\"https:\/\/www.satokangas.fi\/blogi\/wp-content\/uploads\/2014\/07\/Bad-Gastein-14_7_2014-142-Custom.jpg\" data-orig-size=\"1081,720\" data-comments-opened=\"1\" data-image-meta=\"{&quot;aperture&quot;:&quot;4.5&quot;,&quot;credit&quot;:&quot;Picasa&quot;,&quot;camera&quot;:&quot;Canon EOS 5D Mark II&quot;,&quot;caption&quot;:&quot;&quot;,&quot;created_timestamp&quot;:&quot;1405350505&quot;,&quot;copyright&quot;:&quot;&quot;,&quot;focal_length&quot;:&quot;28&quot;,&quot;iso&quot;:&quot;125&quot;,&quot;shutter_speed&quot;:&quot;0.000125&quot;,&quot;title&quot;:&quot;&quot;}\" data-image-title=\"Bad Gastein 14_7_2014 142 (Custom)\" data-image-description=\"\" data-image-caption=\"\" data-large-file=\"https:\/\/www.satokangas.fi\/blogi\/wp-content\/uploads\/2014\/07\/Bad-Gastein-14_7_2014-142-Custom.jpg\" class=\"aligncenter size-medium wp-image-21794\" src=\"https:\/\/www.satokangas.fi\/blogi\/wp-content\/uploads\/2014\/07\/Bad-Gastein-14_7_2014-142-Custom-600x400.jpg\" alt=\"Bad Gastein 14_7_2014 142 (Custom)\" width=\"600\" height=\"400\" srcset=\"https:\/\/www.satokangas.fi\/blogi\/wp-content\/uploads\/2014\/07\/Bad-Gastein-14_7_2014-142-Custom-600x400.jpg 600w, https:\/\/www.satokangas.fi\/blogi\/wp-content\/uploads\/2014\/07\/Bad-Gastein-14_7_2014-142-Custom-300x199.jpg 300w, https:\/\/www.satokangas.fi\/blogi\/wp-content\/uploads\/2014\/07\/Bad-Gastein-14_7_2014-142-Custom.jpg 1081w\" sizes=\"auto, (max-width: 600px) 100vw, 600px\" \/><\/a><\/p>\n<p><a href=\"https:\/\/www.satokangas.fi\/blogi\/wp-content\/uploads\/2014\/07\/Bad-Gastein-14_7_2014-140.CR2-Custom.jpg\"><img loading=\"lazy\" decoding=\"async\" data-attachment-id=\"21793\" data-permalink=\"https:\/\/www.satokangas.fi\/blogi\/2014\/07\/sadepaivan-kohde-poserhose-muuttui-auringoksi\/bad-gastein-14_7_2014-140-cr2-custom\/\" data-orig-file=\"https:\/\/www.satokangas.fi\/blogi\/wp-content\/uploads\/2014\/07\/Bad-Gastein-14_7_2014-140.CR2-Custom.jpg\" data-orig-size=\"720,1081\" data-comments-opened=\"1\" data-image-meta=\"{&quot;aperture&quot;:&quot;4.5&quot;,&quot;credit&quot;:&quot;Picasa&quot;,&quot;camera&quot;:&quot;Canon EOS 5D Mark II&quot;,&quot;caption&quot;:&quot;&quot;,&quot;created_timestamp&quot;:&quot;1405350391&quot;,&quot;copyright&quot;:&quot;&quot;,&quot;focal_length&quot;:&quot;105&quot;,&quot;iso&quot;:&quot;125&quot;,&quot;shutter_speed&quot;:&quot;0.02&quot;,&quot;title&quot;:&quot;&quot;}\" data-image-title=\"Bad Gastein 14_7_2014 140.CR2 (Custom)\" data-image-description=\"\" data-image-caption=\"\" data-large-file=\"https:\/\/www.satokangas.fi\/blogi\/wp-content\/uploads\/2014\/07\/Bad-Gastein-14_7_2014-140.CR2-Custom-682x1024.jpg\" class=\"aligncenter size-medium wp-image-21793\" src=\"https:\/\/www.satokangas.fi\/blogi\/wp-content\/uploads\/2014\/07\/Bad-Gastein-14_7_2014-140.CR2-Custom-266x400.jpg\" alt=\"Bad Gastein 14_7_2014 140.CR2 (Custom)\" width=\"266\" height=\"400\" srcset=\"https:\/\/www.satokangas.fi\/blogi\/wp-content\/uploads\/2014\/07\/Bad-Gastein-14_7_2014-140.CR2-Custom-266x400.jpg 266w, https:\/\/www.satokangas.fi\/blogi\/wp-content\/uploads\/2014\/07\/Bad-Gastein-14_7_2014-140.CR2-Custom-199x300.jpg 199w, https:\/\/www.satokangas.fi\/blogi\/wp-content\/uploads\/2014\/07\/Bad-Gastein-14_7_2014-140.CR2-Custom-682x1024.jpg 682w, https:\/\/www.satokangas.fi\/blogi\/wp-content\/uploads\/2014\/07\/Bad-Gastein-14_7_2014-140.CR2-Custom.jpg 720w\" sizes=\"auto, (max-width: 266px) 100vw, 266px\" \/><\/a><\/p>\n<p>Ja allaolevassa kuvassa it\u00e4valtalainen tapa merkit\u00e4 matka. Ja HUOM&#8230;. reitin numero\u00a0ja tuo it\u00e4vallan lippu &#8211; merkki\u00a0.. vrt.\u00a0<a title=\"Lomalauantaina hyvill\u00e4 mielin\" href=\"https:\/\/www.satokangas.fi\/blogi\/2014\/07\/lomalauantaina-hyvilla-mielin\/\">Virpiniemi <\/a>(viikon takaa&#8230;. :D))<\/p>\n<p><a href=\"https:\/\/www.satokangas.fi\/blogi\/wp-content\/uploads\/2014\/07\/Bad-Gastein-14_7_2014-139.CR2-Custom.jpg\"><img loading=\"lazy\" decoding=\"async\" data-attachment-id=\"21792\" data-permalink=\"https:\/\/www.satokangas.fi\/blogi\/2014\/07\/sadepaivan-kohde-poserhose-muuttui-auringoksi\/bad-gastein-14_7_2014-139-cr2-custom\/\" data-orig-file=\"https:\/\/www.satokangas.fi\/blogi\/wp-content\/uploads\/2014\/07\/Bad-Gastein-14_7_2014-139.CR2-Custom.jpg\" data-orig-size=\"720,794\" data-comments-opened=\"1\" data-image-meta=\"{&quot;aperture&quot;:&quot;4.5&quot;,&quot;credit&quot;:&quot;Picasa&quot;,&quot;camera&quot;:&quot;Canon EOS 5D Mark II&quot;,&quot;caption&quot;:&quot;&quot;,&quot;created_timestamp&quot;:&quot;1405350096&quot;,&quot;copyright&quot;:&quot;&quot;,&quot;focal_length&quot;:&quot;58&quot;,&quot;iso&quot;:&quot;125&quot;,&quot;shutter_speed&quot;:&quot;0.025&quot;,&quot;title&quot;:&quot;&quot;}\" data-image-title=\"Bad Gastein 14_7_2014 139.CR2 (Custom)\" data-image-description=\"\" data-image-caption=\"\" data-large-file=\"https:\/\/www.satokangas.fi\/blogi\/wp-content\/uploads\/2014\/07\/Bad-Gastein-14_7_2014-139.CR2-Custom.jpg\" class=\"aligncenter size-medium wp-image-21792\" src=\"https:\/\/www.satokangas.fi\/blogi\/wp-content\/uploads\/2014\/07\/Bad-Gastein-14_7_2014-139.CR2-Custom-362x400.jpg\" alt=\"Bad Gastein 14_7_2014 139.CR2 (Custom)\" width=\"362\" height=\"400\" srcset=\"https:\/\/www.satokangas.fi\/blogi\/wp-content\/uploads\/2014\/07\/Bad-Gastein-14_7_2014-139.CR2-Custom-362x400.jpg 362w, https:\/\/www.satokangas.fi\/blogi\/wp-content\/uploads\/2014\/07\/Bad-Gastein-14_7_2014-139.CR2-Custom-272x300.jpg 272w, https:\/\/www.satokangas.fi\/blogi\/wp-content\/uploads\/2014\/07\/Bad-Gastein-14_7_2014-139.CR2-Custom.jpg 720w\" sizes=\"auto, (max-width: 362px) 100vw, 362px\" \/><\/a><\/p>\n<p>Ei kantoja kaskessa, mutta komeita siin\u00e4 sivussa&#8230;.<\/p>\n<p><a href=\"https:\/\/www.satokangas.fi\/blogi\/wp-content\/uploads\/2014\/07\/Bad-Gastein-14_7_2014-109.jpg\"><img loading=\"lazy\" decoding=\"async\" data-attachment-id=\"21791\" data-permalink=\"https:\/\/www.satokangas.fi\/blogi\/2014\/07\/sadepaivan-kohde-poserhose-muuttui-auringoksi\/bad-gastein-14_7_2014-109\/\" data-orig-file=\"https:\/\/www.satokangas.fi\/blogi\/wp-content\/uploads\/2014\/07\/Bad-Gastein-14_7_2014-109.jpg\" data-orig-size=\"3753,5634\" data-comments-opened=\"1\" data-image-meta=\"{&quot;aperture&quot;:&quot;5&quot;,&quot;credit&quot;:&quot;Picasa&quot;,&quot;camera&quot;:&quot;Canon EOS 5D Mark II&quot;,&quot;caption&quot;:&quot;&quot;,&quot;created_timestamp&quot;:&quot;1405348082&quot;,&quot;copyright&quot;:&quot;&quot;,&quot;focal_length&quot;:&quot;32&quot;,&quot;iso&quot;:&quot;160&quot;,&quot;shutter_speed&quot;:&quot;0.066666666666667&quot;,&quot;title&quot;:&quot;&quot;}\" data-image-title=\"Bad Gastein 14_7_2014 109\" data-image-description=\"\" data-image-caption=\"\" data-large-file=\"https:\/\/www.satokangas.fi\/blogi\/wp-content\/uploads\/2014\/07\/Bad-Gastein-14_7_2014-109-682x1024.jpg\" class=\"aligncenter size-medium wp-image-21791\" src=\"https:\/\/www.satokangas.fi\/blogi\/wp-content\/uploads\/2014\/07\/Bad-Gastein-14_7_2014-109-266x400.jpg\" alt=\"Bad Gastein 14_7_2014 109\" width=\"266\" height=\"400\" srcset=\"https:\/\/www.satokangas.fi\/blogi\/wp-content\/uploads\/2014\/07\/Bad-Gastein-14_7_2014-109-266x400.jpg 266w, https:\/\/www.satokangas.fi\/blogi\/wp-content\/uploads\/2014\/07\/Bad-Gastein-14_7_2014-109-199x300.jpg 199w, https:\/\/www.satokangas.fi\/blogi\/wp-content\/uploads\/2014\/07\/Bad-Gastein-14_7_2014-109-682x1024.jpg 682w\" sizes=\"auto, (max-width: 266px) 100vw, 266px\" \/><\/a><\/p>\n<p>Huomisen reitti\u00e4 jo t\u00e4hyill\u00e4\u00e4n&#8230;.<\/p>\n<p><a href=\"https:\/\/www.satokangas.fi\/blogi\/wp-content\/uploads\/2014\/07\/Bad-Gastein-14_7_2014-097-Custom.jpg\"><img loading=\"lazy\" decoding=\"async\" data-attachment-id=\"21789\" data-permalink=\"https:\/\/www.satokangas.fi\/blogi\/2014\/07\/sadepaivan-kohde-poserhose-muuttui-auringoksi\/bad-gastein-14_7_2014-097-custom\/\" data-orig-file=\"https:\/\/www.satokangas.fi\/blogi\/wp-content\/uploads\/2014\/07\/Bad-Gastein-14_7_2014-097-Custom.jpg\" data-orig-size=\"1081,720\" data-comments-opened=\"1\" data-image-meta=\"{&quot;aperture&quot;:&quot;7.1&quot;,&quot;credit&quot;:&quot;Picasa&quot;,&quot;camera&quot;:&quot;Canon EOS 5D Mark II&quot;,&quot;caption&quot;:&quot;&quot;,&quot;created_timestamp&quot;:&quot;1405347166&quot;,&quot;copyright&quot;:&quot;&quot;,&quot;focal_length&quot;:&quot;24&quot;,&quot;iso&quot;:&quot;200&quot;,&quot;shutter_speed&quot;:&quot;0.0015625&quot;,&quot;title&quot;:&quot;&quot;}\" data-image-title=\"Bad Gastein 14_7_2014 097 (Custom)\" data-image-description=\"\" data-image-caption=\"\" data-large-file=\"https:\/\/www.satokangas.fi\/blogi\/wp-content\/uploads\/2014\/07\/Bad-Gastein-14_7_2014-097-Custom.jpg\" class=\"aligncenter size-medium wp-image-21789\" src=\"https:\/\/www.satokangas.fi\/blogi\/wp-content\/uploads\/2014\/07\/Bad-Gastein-14_7_2014-097-Custom-600x400.jpg\" alt=\"Bad Gastein 14_7_2014 097 (Custom)\" width=\"600\" height=\"400\" srcset=\"https:\/\/www.satokangas.fi\/blogi\/wp-content\/uploads\/2014\/07\/Bad-Gastein-14_7_2014-097-Custom-600x400.jpg 600w, https:\/\/www.satokangas.fi\/blogi\/wp-content\/uploads\/2014\/07\/Bad-Gastein-14_7_2014-097-Custom-300x199.jpg 300w, https:\/\/www.satokangas.fi\/blogi\/wp-content\/uploads\/2014\/07\/Bad-Gastein-14_7_2014-097-Custom.jpg 1081w\" sizes=\"auto, (max-width: 600px) 100vw, 600px\" \/><\/a><\/p>\n<p><a href=\"https:\/\/www.satokangas.fi\/blogi\/wp-content\/uploads\/2014\/07\/Bad-Gastein-14_7_2014-088.jpg\"><img loading=\"lazy\" decoding=\"async\" data-attachment-id=\"21788\" data-permalink=\"https:\/\/www.satokangas.fi\/blogi\/2014\/07\/sadepaivan-kohde-poserhose-muuttui-auringoksi\/bad-gastein-14_7_2014-088\/\" data-orig-file=\"https:\/\/www.satokangas.fi\/blogi\/wp-content\/uploads\/2014\/07\/Bad-Gastein-14_7_2014-088.jpg\" data-orig-size=\"3753,5634\" data-comments-opened=\"1\" data-image-meta=\"{&quot;aperture&quot;:&quot;6.3&quot;,&quot;credit&quot;:&quot;Picasa&quot;,&quot;camera&quot;:&quot;Canon EOS 5D Mark II&quot;,&quot;caption&quot;:&quot;&quot;,&quot;created_timestamp&quot;:&quot;1405345893&quot;,&quot;copyright&quot;:&quot;&quot;,&quot;focal_length&quot;:&quot;67&quot;,&quot;iso&quot;:&quot;320&quot;,&quot;shutter_speed&quot;:&quot;0.0015625&quot;,&quot;title&quot;:&quot;&quot;}\" data-image-title=\"Bad Gastein 14_7_2014 088\" data-image-description=\"\" data-image-caption=\"\" data-large-file=\"https:\/\/www.satokangas.fi\/blogi\/wp-content\/uploads\/2014\/07\/Bad-Gastein-14_7_2014-088-682x1024.jpg\" class=\"aligncenter size-medium wp-image-21788\" src=\"https:\/\/www.satokangas.fi\/blogi\/wp-content\/uploads\/2014\/07\/Bad-Gastein-14_7_2014-088-266x400.jpg\" alt=\"Bad Gastein 14_7_2014 088\" width=\"266\" height=\"400\" srcset=\"https:\/\/www.satokangas.fi\/blogi\/wp-content\/uploads\/2014\/07\/Bad-Gastein-14_7_2014-088-266x400.jpg 266w, https:\/\/www.satokangas.fi\/blogi\/wp-content\/uploads\/2014\/07\/Bad-Gastein-14_7_2014-088-199x300.jpg 199w, https:\/\/www.satokangas.fi\/blogi\/wp-content\/uploads\/2014\/07\/Bad-Gastein-14_7_2014-088-682x1024.jpg 682w\" sizes=\"auto, (max-width: 266px) 100vw, 266px\" \/><\/a><\/p>\n<p>Yksityiskohdat ovat t\u00e4rkeit\u00e4 &#8230; \ud83d\ude09<br \/>\n<a href=\"https:\/\/www.satokangas.fi\/blogi\/wp-content\/uploads\/2014\/07\/Bad-Gastein-14_7_2014-078-Custom.jpg\"><img loading=\"lazy\" decoding=\"async\" data-attachment-id=\"21787\" data-permalink=\"https:\/\/www.satokangas.fi\/blogi\/2014\/07\/sadepaivan-kohde-poserhose-muuttui-auringoksi\/bad-gastein-14_7_2014-078-custom\/\" data-orig-file=\"https:\/\/www.satokangas.fi\/blogi\/wp-content\/uploads\/2014\/07\/Bad-Gastein-14_7_2014-078-Custom.jpg\" data-orig-size=\"720,1081\" data-comments-opened=\"1\" data-image-meta=\"{&quot;aperture&quot;:&quot;4&quot;,&quot;credit&quot;:&quot;Picasa&quot;,&quot;camera&quot;:&quot;Canon EOS 5D Mark II&quot;,&quot;caption&quot;:&quot;&quot;,&quot;created_timestamp&quot;:&quot;1405345283&quot;,&quot;copyright&quot;:&quot;&quot;,&quot;focal_length&quot;:&quot;65&quot;,&quot;iso&quot;:&quot;160&quot;,&quot;shutter_speed&quot;:&quot;0.002&quot;,&quot;title&quot;:&quot;&quot;}\" data-image-title=\"Bad Gastein 14_7_2014 078 (Custom)\" data-image-description=\"\" data-image-caption=\"\" data-large-file=\"https:\/\/www.satokangas.fi\/blogi\/wp-content\/uploads\/2014\/07\/Bad-Gastein-14_7_2014-078-Custom-682x1024.jpg\" class=\"aligncenter size-medium wp-image-21787\" src=\"https:\/\/www.satokangas.fi\/blogi\/wp-content\/uploads\/2014\/07\/Bad-Gastein-14_7_2014-078-Custom-266x400.jpg\" alt=\"Bad Gastein 14_7_2014 078 (Custom)\" width=\"266\" height=\"400\" srcset=\"https:\/\/www.satokangas.fi\/blogi\/wp-content\/uploads\/2014\/07\/Bad-Gastein-14_7_2014-078-Custom-266x400.jpg 266w, https:\/\/www.satokangas.fi\/blogi\/wp-content\/uploads\/2014\/07\/Bad-Gastein-14_7_2014-078-Custom-199x300.jpg 199w, https:\/\/www.satokangas.fi\/blogi\/wp-content\/uploads\/2014\/07\/Bad-Gastein-14_7_2014-078-Custom-682x1024.jpg 682w, https:\/\/www.satokangas.fi\/blogi\/wp-content\/uploads\/2014\/07\/Bad-Gastein-14_7_2014-078-Custom.jpg 720w\" sizes=\"auto, (max-width: 266px) 100vw, 266px\" \/><\/a><\/p>\n<p>Lounaan j\u00e4lkeen matka jatkui&#8230;<\/p>\n<p><a href=\"https:\/\/www.satokangas.fi\/blogi\/wp-content\/uploads\/2014\/07\/Bad-Gastein-14_7_2014-071-Custom.jpg\"><img loading=\"lazy\" decoding=\"async\" data-attachment-id=\"21786\" data-permalink=\"https:\/\/www.satokangas.fi\/blogi\/2014\/07\/sadepaivan-kohde-poserhose-muuttui-auringoksi\/bad-gastein-14_7_2014-071-custom\/\" data-orig-file=\"https:\/\/www.satokangas.fi\/blogi\/wp-content\/uploads\/2014\/07\/Bad-Gastein-14_7_2014-071-Custom.jpg\" data-orig-size=\"1059,720\" data-comments-opened=\"1\" data-image-meta=\"{&quot;aperture&quot;:&quot;4&quot;,&quot;credit&quot;:&quot;Picasa&quot;,&quot;camera&quot;:&quot;Canon EOS 5D Mark II&quot;,&quot;caption&quot;:&quot;&quot;,&quot;created_timestamp&quot;:&quot;1405345195&quot;,&quot;copyright&quot;:&quot;&quot;,&quot;focal_length&quot;:&quot;24&quot;,&quot;iso&quot;:&quot;200&quot;,&quot;shutter_speed&quot;:&quot;0.0015625&quot;,&quot;title&quot;:&quot;&quot;}\" data-image-title=\"Bad Gastein 14_7_2014 071 (Custom)\" data-image-description=\"\" data-image-caption=\"\" data-large-file=\"https:\/\/www.satokangas.fi\/blogi\/wp-content\/uploads\/2014\/07\/Bad-Gastein-14_7_2014-071-Custom.jpg\" class=\"aligncenter size-medium wp-image-21786\" src=\"https:\/\/www.satokangas.fi\/blogi\/wp-content\/uploads\/2014\/07\/Bad-Gastein-14_7_2014-071-Custom-588x400.jpg\" alt=\"Bad Gastein 14_7_2014 071 (Custom)\" width=\"588\" height=\"400\" srcset=\"https:\/\/www.satokangas.fi\/blogi\/wp-content\/uploads\/2014\/07\/Bad-Gastein-14_7_2014-071-Custom-588x400.jpg 588w, https:\/\/www.satokangas.fi\/blogi\/wp-content\/uploads\/2014\/07\/Bad-Gastein-14_7_2014-071-Custom-300x203.jpg 300w, https:\/\/www.satokangas.fi\/blogi\/wp-content\/uploads\/2014\/07\/Bad-Gastein-14_7_2014-071-Custom.jpg 1059w\" sizes=\"auto, (max-width: 588px) 100vw, 588px\" \/><\/a><\/p>\n<p>Ja koskaan ei ole niin kiire, etteik\u00f6 alppinisti-Pehtoori ehtisi Sacher\/suklaakakkua sy\u00f6d\u00e4.<\/p>\n<p><a href=\"https:\/\/www.satokangas.fi\/blogi\/wp-content\/uploads\/2014\/07\/Bad-Gastein-14_7_2014-060.jpg\"><img loading=\"lazy\" decoding=\"async\" data-attachment-id=\"21785\" data-permalink=\"https:\/\/www.satokangas.fi\/blogi\/2014\/07\/sadepaivan-kohde-poserhose-muuttui-auringoksi\/bad-gastein-14_7_2014-060\/\" data-orig-file=\"https:\/\/www.satokangas.fi\/blogi\/wp-content\/uploads\/2014\/07\/Bad-Gastein-14_7_2014-060.jpg\" data-orig-size=\"5634,3753\" data-comments-opened=\"1\" data-image-meta=\"{&quot;aperture&quot;:&quot;4&quot;,&quot;credit&quot;:&quot;Picasa&quot;,&quot;camera&quot;:&quot;Canon EOS 5D Mark II&quot;,&quot;caption&quot;:&quot;&quot;,&quot;created_timestamp&quot;:&quot;1405343962&quot;,&quot;copyright&quot;:&quot;&quot;,&quot;focal_length&quot;:&quot;84&quot;,&quot;iso&quot;:&quot;3200&quot;,&quot;shutter_speed&quot;:&quot;0.033333333333333&quot;,&quot;title&quot;:&quot;&quot;}\" data-image-title=\"Bad Gastein 14_7_2014 060\" data-image-description=\"\" data-image-caption=\"\" data-large-file=\"https:\/\/www.satokangas.fi\/blogi\/wp-content\/uploads\/2014\/07\/Bad-Gastein-14_7_2014-060-1537x1024.jpg\" class=\"aligncenter size-medium wp-image-21785\" src=\"https:\/\/www.satokangas.fi\/blogi\/wp-content\/uploads\/2014\/07\/Bad-Gastein-14_7_2014-060-600x400.jpg\" alt=\"Bad Gastein 14_7_2014 060\" width=\"600\" height=\"400\" srcset=\"https:\/\/www.satokangas.fi\/blogi\/wp-content\/uploads\/2014\/07\/Bad-Gastein-14_7_2014-060-600x400.jpg 600w, https:\/\/www.satokangas.fi\/blogi\/wp-content\/uploads\/2014\/07\/Bad-Gastein-14_7_2014-060-300x199.jpg 300w, https:\/\/www.satokangas.fi\/blogi\/wp-content\/uploads\/2014\/07\/Bad-Gastein-14_7_2014-060-1537x1024.jpg 1537w\" sizes=\"auto, (max-width: 600px) 100vw, 600px\" \/><\/a><\/p>\n<p>T\u00e4n\u00e4\u00e4n hotellilla v\u00e4h\u00e4n ennen nelj\u00e4\u00e4, eik\u00e4 voi v\u00e4itt\u00e4\u00e4,\u00a0etteik\u00f6 olisi v\u00e4sytt\u00e4nyt. Ei pahasti. Kaupassa k\u00e4ytiin ja sy\u00f6m\u00e4ss\u00e4,&#8230; hieman tupisin it\u00e4valtaisen ruoan tasosta&#8230; Palannemme asiaan.<\/p>\n<p>Adios amigos!<\/p>\n","protected":false},"excerpt":{"rendered":"<p>Y\u00f6ll\u00e4 oli ollut ilotulitus, It\u00e4vallassa on Saksan kannattajia, ja meid\u00e4n hotelli(kompleksi)n johtaja on saksalainen. MM-jalkapallo on ISO asia, mutta melkein ihan sama meille, ei h\u00e4irinnyt y\u00f6unta, emme tienneet moisesta mit\u00e4\u00e4n. Aamiaisella viel\u00e4 pohdimme, vaihdetaanko patikkaryhm\u00e4\u00e4, oli hyv\u00e4 kun oli mahdollisuus valita &#8230; sit\u00e4 pohdittiin mahdollisille viime minuuteille asti. &#8211; Ja lopulta vaihdettiiin &#8221;tavisporukkaan&#8221;. Nyt kun p\u00e4iv\u00e4 ja patikka on takana, &hellip; <\/p>\n","protected":false},"author":1,"featured_media":0,"comment_status":"open","ping_status":"open","sticky":false,"template":"","format":"standard","meta":{"jetpack_post_was_ever_published":false,"_jetpack_newsletter_access":"","_jetpack_dont_email_post_to_subs":false,"_jetpack_newsletter_tier_id":0,"_jetpack_memberships_contains_paywalled_content":false,"_jetpack_memberships_contains_paid_content":false,"footnotes":"","jetpack_publicize_message":"","jetpack_publicize_feature_enabled":true,"jetpack_social_post_already_shared":true,"jetpack_social_options":{"image_generator_settings":{"template":"highway","default_image_id":0,"font":"","enabled":false},"version":2}},"categories":[71,72,1],"tags":[],"class_list":["post-21773","post","type-post","status-publish","format-standard","hentry","category-bad-gastein","category-itavalta","category-aiheeton","latest_post"],"jetpack_publicize_connections":[],"jetpack_featured_media_url":"","jetpack_shortlink":"https:\/\/wp.me\/pr4p4-5Fb","jetpack_sharing_enabled":true,"jetpack_likes_enabled":false,"jetpack-related-posts":[{"id":54160,"url":"https:\/\/www.satokangas.fi\/blogi\/2026\/03\/paljon-hyvaa-4\/","url_meta":{"origin":21773,"position":0},"title":"Paljon hyv\u00e4\u00e4","author":"Reija","date":"20.3.2026","format":false,"excerpt":"Ruokap\u00f6ydiss\u00e4 on hyv\u00e4 Vieraissa p\u00f6ydiss\u00e4, vieraita p\u00f6yd\u00e4ss\u00e4: pari viikkoa sitten olimme Oulussa entisten oululaisten, nykyisten helsinkil\u00e4isten yst\u00e4vien kanssa sy\u00f6m\u00e4ss\u00e4 Oulun Il Puro -ravintolassa. Viikko sitten oululaiset yst\u00e4v\u00e4t meill\u00e4 Oulussa pullap\u00f6yd\u00e4ss\u00e4 ja eilen meid\u00e4n oululaiset (kalaasi)yst\u00e4v\u00e4t olivat Lapin m\u00f6kkimme pirtinp\u00f6yd\u00e4n \u00e4\u00e4ress\u00e4. Oli jo aikakin, - aikaa edellisest\u00e4 kerrasta, nelj\u00e4st\u00e4\u00e4n tapaamisesta oli\u2026","rel":"","context":"Kategoriassa &quot;M\u00f6kkiel\u00e4m\u00e4\u00e4&quot;","block_context":{"text":"M\u00f6kkiel\u00e4m\u00e4\u00e4","link":"https:\/\/www.satokangas.fi\/blogi\/category\/mokkielamaa\/"},"img":{"alt_text":"","src":"https:\/\/i0.wp.com\/www.satokangas.fi\/blogi\/wp-content\/uploads\/2026\/03\/Maaliskattaus_2026-3.jpg?resize=350%2C200&ssl=1","width":350,"height":200,"srcset":"https:\/\/i0.wp.com\/www.satokangas.fi\/blogi\/wp-content\/uploads\/2026\/03\/Maaliskattaus_2026-3.jpg?resize=350%2C200&ssl=1 1x, https:\/\/i0.wp.com\/www.satokangas.fi\/blogi\/wp-content\/uploads\/2026\/03\/Maaliskattaus_2026-3.jpg?resize=525%2C300&ssl=1 1.5x, https:\/\/i0.wp.com\/www.satokangas.fi\/blogi\/wp-content\/uploads\/2026\/03\/Maaliskattaus_2026-3.jpg?resize=700%2C400&ssl=1 2x"},"classes":[]},{"id":48300,"url":"https:\/\/www.satokangas.fi\/blogi\/2024\/01\/ystavyys-kantaa-mutta-enta-kun-se-katkeaa\/","url_meta":{"origin":21773,"position":1},"title":"Yst\u00e4vyys kantaa &#8211; mutta ent\u00e4 kun se katkeaa?","author":"Reija","date":"19.1.2024","format":false,"excerpt":"\u00a0 Hyv\u00e4 yst\u00e4v\u00e4 on t\u00e4n\u00e4\u00e4n nukkunut pois. Ei ihan yll\u00e4tt\u00e4en, mutta liian nopeasti, liian aikaisin. On niin ik\u00e4v\u00e4, -\u00a0 vaikka juuri \u00e4sken tavattiinkin. Vuosikin viel\u00e4 yhdess\u00e4 vaihdettiin, niin kuin monet kerrat ennenkin. Ei ole sanoja. Mutta suru on.","rel":"","context":"Kategoriassa &quot;Niit\u00e4 n\u00e4it\u00e4&quot;","block_context":{"text":"Niit\u00e4 n\u00e4it\u00e4","link":"https:\/\/www.satokangas.fi\/blogi\/category\/aiheeton\/"},"img":{"alt_text":"","src":"https:\/\/i0.wp.com\/www.satokangas.fi\/blogi\/wp-content\/uploads\/2024\/01\/Tummiasavyja-5.jpg?resize=350%2C200&ssl=1","width":350,"height":200,"srcset":"https:\/\/i0.wp.com\/www.satokangas.fi\/blogi\/wp-content\/uploads\/2024\/01\/Tummiasavyja-5.jpg?resize=350%2C200&ssl=1 1x, https:\/\/i0.wp.com\/www.satokangas.fi\/blogi\/wp-content\/uploads\/2024\/01\/Tummiasavyja-5.jpg?resize=525%2C300&ssl=1 1.5x, https:\/\/i0.wp.com\/www.satokangas.fi\/blogi\/wp-content\/uploads\/2024\/01\/Tummiasavyja-5.jpg?resize=700%2C400&ssl=1 2x"},"classes":[]},{"id":33875,"url":"https:\/\/www.satokangas.fi\/blogi\/2018\/04\/vapun-tuntoja\/","url_meta":{"origin":21773,"position":2},"title":"Vapun tuntoja","author":"Reija","date":"30.4.2018","format":false,"excerpt":"Perinteist\u00e4 on hyv\u00e4 pit\u00e4\u00e4 kiinni! Meid\u00e4n Vappuperinteisiin kuuluu k\u00e4ynti - joskus pitk\u00e4kin oleilu - Pyyk\u00f6sj\u00e4rven rannalla, yst\u00e4vien luona. Joskus, mennein\u00e4 vuosina \"k\u00e4ynti\" tarkoitti liki kellon ymp\u00e4ryst\u00e4 - kolmesta kolmeen - nyttemmin my\u00f6h\u00e4isell\u00e4 aattobrunssilla piipahdusta. Ainahan se on mukava n\u00e4hd\u00e4 vanhoja yst\u00e4vi\u00e4 ja uusia tuttavuuksia. Koleahkosta s\u00e4\u00e4st\u00e4 huolimatta olimme liikkeell\u00e4 py\u00f6rill\u00e4,\u2026","rel":"","context":"Kategoriassa &quot;Niit\u00e4 n\u00e4it\u00e4&quot;","block_context":{"text":"Niit\u00e4 n\u00e4it\u00e4","link":"https:\/\/www.satokangas.fi\/blogi\/category\/aiheeton\/"},"img":{"alt_text":"","src":"https:\/\/i0.wp.com\/www.satokangas.fi\/blogi\/wp-content\/uploads\/2018\/04\/Vappukortti-3.jpg?resize=350%2C200&ssl=1","width":350,"height":200,"srcset":"https:\/\/i0.wp.com\/www.satokangas.fi\/blogi\/wp-content\/uploads\/2018\/04\/Vappukortti-3.jpg?resize=350%2C200&ssl=1 1x, https:\/\/i0.wp.com\/www.satokangas.fi\/blogi\/wp-content\/uploads\/2018\/04\/Vappukortti-3.jpg?resize=525%2C300&ssl=1 1.5x, https:\/\/i0.wp.com\/www.satokangas.fi\/blogi\/wp-content\/uploads\/2018\/04\/Vappukortti-3.jpg?resize=700%2C400&ssl=1 2x"},"classes":[]},{"id":45412,"url":"https:\/\/www.satokangas.fi\/blogi\/2023\/04\/reissukohteemme-on\/","url_meta":{"origin":21773,"position":3},"title":"Reissukohteemme on &#8230;","author":"Reija","date":"28.4.2023","format":false,"excerpt":"Autonvuokraus\u00a0 Mep\u00e4 on vuokrattu auto! Kahdeksi p\u00e4iv\u00e4ksi pieni Polo\/Golf maksoi puolitoistasataa, vakuutuksineen. Muistanpa, kun viime vuonna Lombardian reissulle varattiin auto: toki se oli minibussi tai siis kahdeksan hengen tranportteri. Ja se oli koronan j\u00e4lkeisess\u00e4 Italiassa. Se maksoi ihan hirvitt\u00e4v\u00e4n paljon. Tosin se oli kuudelle hengelle, ja sit\u00e4 tarvittiin sit\u00e4 kahdeksaksi\u2026","rel":"","context":"Kategoriassa &quot;Reissut&quot;","block_context":{"text":"Reissut","link":"https:\/\/www.satokangas.fi\/blogi\/category\/reissut\/"},"img":{"alt_text":"","src":"https:\/\/i0.wp.com\/www.satokangas.fi\/blogi\/wp-content\/uploads\/2023\/04\/Dubrovnik-28-scaled.jpg?resize=350%2C200&ssl=1","width":350,"height":200,"srcset":"https:\/\/i0.wp.com\/www.satokangas.fi\/blogi\/wp-content\/uploads\/2023\/04\/Dubrovnik-28-scaled.jpg?resize=350%2C200&ssl=1 1x, https:\/\/i0.wp.com\/www.satokangas.fi\/blogi\/wp-content\/uploads\/2023\/04\/Dubrovnik-28-scaled.jpg?resize=525%2C300&ssl=1 1.5x, https:\/\/i0.wp.com\/www.satokangas.fi\/blogi\/wp-content\/uploads\/2023\/04\/Dubrovnik-28-scaled.jpg?resize=700%2C400&ssl=1 2x, https:\/\/i0.wp.com\/www.satokangas.fi\/blogi\/wp-content\/uploads\/2023\/04\/Dubrovnik-28-scaled.jpg?resize=1050%2C600&ssl=1 3x, https:\/\/i0.wp.com\/www.satokangas.fi\/blogi\/wp-content\/uploads\/2023\/04\/Dubrovnik-28-scaled.jpg?resize=1400%2C800&ssl=1 4x"},"classes":[]},{"id":42645,"url":"https:\/\/www.satokangas.fi\/blogi\/2022\/04\/historian-parissa\/","url_meta":{"origin":21773,"position":4},"title":"Historian parissa","author":"Reija","date":"2.4.2022","format":false,"excerpt":"Paljon muuttuvia tekij\u00f6it\u00e4, vaikka tuntuu, ett\u00e4 melkein kaikki (!) on viime aikoina, vuosina, ollut j\u00e4m\u00e4ht\u00e4nytt\u00e4, paikoillaan polkemista. Tai taaksep\u00e4in valumista. Silt\u00e4 se on v\u00e4lill\u00e4 tuntunut. Vaikka onhan muuttuvia tekij\u00f6it\u00e4 ollut: oikeastaan ehk\u00e4 sittenkin enemm\u00e4n muuttuvia tekij\u00f6it\u00e4, perumisia, yll\u00e4tyksi\u00e4, muutoksia, v\u00e4h\u00e4isten sovittujen juttujen (valitettavia) lykk\u00e4\u00e4ntymisi\u00e4 tai h\u00e4vi\u00e4misi\u00e4 ties mihin, enemm\u00e4n niit\u00e4\u2026","rel":"","context":"Kategoriassa &quot;Historiaa&quot;","block_context":{"text":"Historiaa","link":"https:\/\/www.satokangas.fi\/blogi\/category\/historiaa\/"},"img":{"alt_text":"","src":"https:\/\/i0.wp.com\/www.satokangas.fi\/blogi\/wp-content\/uploads\/2022\/04\/bureus.jpg?resize=350%2C200&ssl=1","width":350,"height":200,"srcset":"https:\/\/i0.wp.com\/www.satokangas.fi\/blogi\/wp-content\/uploads\/2022\/04\/bureus.jpg?resize=350%2C200&ssl=1 1x, https:\/\/i0.wp.com\/www.satokangas.fi\/blogi\/wp-content\/uploads\/2022\/04\/bureus.jpg?resize=525%2C300&ssl=1 1.5x, https:\/\/i0.wp.com\/www.satokangas.fi\/blogi\/wp-content\/uploads\/2022\/04\/bureus.jpg?resize=700%2C400&ssl=1 2x"},"classes":[]},{"id":31518,"url":"https:\/\/www.satokangas.fi\/blogi\/2017\/08\/juhlaviikon-alussa\/","url_meta":{"origin":21773,"position":5},"title":"Juhlaviikon alussa","author":"Reija","date":"6.8.2017","format":false,"excerpt":"Juhlaviikko on aluillaan. T\u00e4n\u00e4\u00e4n alkoi juhlareissu, pakomatka, lomamatka, kes\u00e4lomamatka. Pitk\u00e4\u00e4n suunniteltu, soviteltu, valittu ja varattu. Aamulla (viel\u00e4 kerran) vaihdettiin roundtrippimme varauksia, reittisuunnitelmaa, ... mutta hyviss\u00e4 ajoin olimme Oulun lentokent\u00e4ll\u00e4, jonne \"Aatta\" = Apsu ja is\u00e4ns\u00e4 meid\u00e4t kyyditsiv\u00e4t. Pikkuinen potkurikone nousi kuin nousikin ilmaan. Olipa samettinen asfaltti kiitoradalla hein\u00e4kuun kest\u00e4neen kiitorataremontin\u2026","rel":"","context":"Kategoriassa &quot;Niit\u00e4 n\u00e4it\u00e4&quot;","block_context":{"text":"Niit\u00e4 n\u00e4it\u00e4","link":"https:\/\/www.satokangas.fi\/blogi\/category\/aiheeton\/"},"img":{"alt_text":"","src":"https:\/\/i0.wp.com\/www.satokangas.fi\/blogi\/wp-content\/uploads\/2017\/08\/Juhlaviikko.jpg?resize=350%2C200&ssl=1","width":350,"height":200,"srcset":"https:\/\/i0.wp.com\/www.satokangas.fi\/blogi\/wp-content\/uploads\/2017\/08\/Juhlaviikko.jpg?resize=350%2C200&ssl=1 1x, https:\/\/i0.wp.com\/www.satokangas.fi\/blogi\/wp-content\/uploads\/2017\/08\/Juhlaviikko.jpg?resize=525%2C300&ssl=1 1.5x, https:\/\/i0.wp.com\/www.satokangas.fi\/blogi\/wp-content\/uploads\/2017\/08\/Juhlaviikko.jpg?resize=700%2C400&ssl=1 2x"},"classes":[]}],"_links":{"self":[{"href":"https:\/\/www.satokangas.fi\/blogi\/wp-json\/wp\/v2\/posts\/21773","targetHints":{"allow":["GET"]}}],"collection":[{"href":"https:\/\/www.satokangas.fi\/blogi\/wp-json\/wp\/v2\/posts"}],"about":[{"href":"https:\/\/www.satokangas.fi\/blogi\/wp-json\/wp\/v2\/types\/post"}],"author":[{"embeddable":true,"href":"https:\/\/www.satokangas.fi\/blogi\/wp-json\/wp\/v2\/users\/1"}],"replies":[{"embeddable":true,"href":"https:\/\/www.satokangas.fi\/blogi\/wp-json\/wp\/v2\/comments?post=21773"}],"version-history":[{"count":0,"href":"https:\/\/www.satokangas.fi\/blogi\/wp-json\/wp\/v2\/posts\/21773\/revisions"}],"wp:attachment":[{"href":"https:\/\/www.satokangas.fi\/blogi\/wp-json\/wp\/v2\/media?parent=21773"}],"wp:term":[{"taxonomy":"category","embeddable":true,"href":"https:\/\/www.satokangas.fi\/blogi\/wp-json\/wp\/v2\/categories?post=21773"},{"taxonomy":"post_tag","embeddable":true,"href":"https:\/\/www.satokangas.fi\/blogi\/wp-json\/wp\/v2\/tags?post=21773"}],"curies":[{"name":"wp","href":"https:\/\/api.w.org\/{rel}","templated":true}]}}