{"id":2133,"date":"2009-01-20T18:18:18","date_gmt":"2009-01-20T16:18:18","guid":{"rendered":"https:\/\/www.satokangas.fi\/blogi\/?p=2133"},"modified":"2009-01-20T19:39:41","modified_gmt":"2009-01-20T17:39:41","slug":"no-nyt-se-selvis","status":"publish","type":"post","link":"https:\/\/www.satokangas.fi\/blogi\/2009\/01\/no-nyt-se-selvis\/","title":{"rendered":"No nyt se selvis!"},"content":{"rendered":"<p>Ja min\u00e4 kun olen niin kovasti pohtinut Juniorin koulumenestyksen olemattomuutta, toisaalta ollut kovin iloinen h\u00e4nen sosiaalisista kyvyist\u00e4\u00e4n ja positiivisuudestaan. Nyth\u00e4n min\u00e4 tied\u00e4n, mist\u00e4 pojan piittaamattomuus oppimistuloksista johtuu! Nyt tied\u00e4n mit\u00e4 voin syytt\u00e4\u00e4! Vain ja ainoastaan itse\u00e4ni kun olen &#8221;himmleril\u00e4iseen&#8221; p\u00e4iv\u00e4kotiel\u00e4m\u00e4\u00e4n pojan toimittanut \u00a0jo alle kolmevuotiaana. Ja ihan vaan &#8221;uramuija\u00e4idin&#8221; itsekkyyden takia! Ent\u00e4s sitten tyt\u00e4r? Mitenh\u00e4n hieno ihminen h\u00e4nest\u00e4 olisi tullut, jollei olisi joutunut ensin puoleksi vuodeksi jo kymmenkuisena tarhaan ja sitten uudelleen yht\u00e4 aikaa pikkuveljen kanssa reilut nelivuotiaana.<\/p>\n<p><a href=\"http:\/\/www.youtube.com\/watch?v=fHiwBJZTexo\">http:\/\/www.youtube.com\/watch?v=fHiwBJZTexo<\/a><\/p>\n<p>P\u00e4iv\u00e4kodissa tai ei, osaavat satavarmasti molemmat keskustella paremmin kuin &#8221;sosiaalisesti lahjakas&#8221; koti\u00e4iti, jonka argumentaatio on p\u00f6yristytt\u00e4v\u00e4\u00e4!\u00a0Jos tuo Youtube-p\u00e4tk\u00e4 tekstitet\u00e4\u00e4n, mink\u00e4 j\u00e4lkeen se takuuvarmasti levi\u00e4\u00e4 maailmalle, on Suomi-kuva kirkas ja \u00a0kaunis.<\/p>\n<p>Ko. perheen is\u00e4 on mielest\u00e4ni aina ollut yksi <a href=\"http:\/\/www.iltalehti.fi\/uutiset\/200901198942444_uu.shtml\">inhokkien inhokki<\/a>, joten olisi mielenkiintoista n\u00e4hd\u00e4 millaisia n\u00e4iden vanhempien pojat ovat. Mit\u00e4 heist\u00e4 tulee? Totalitarismilta varjeltuja ja \u00e4idinrakkaudessa kylpeneit\u00e4,\u00a0 jollaisia p\u00e4iv\u00e4kodissa olleet &#8221;\u00e4lykk\u00f6jen vihreitten&#8221; kakarat eiv\u00e4t koskaan voi olla?<\/p>\n<p>En tied\u00e4 muista \u00e4ideist\u00e4, perheist\u00e4, lapsista ja p\u00e4iv\u00e4kodeista, mutta olen t\u00e4ysin vakuuttunut, ett\u00e4 lastemme p\u00e4iv\u00e4koti oli kodikas, turvallinen, sopivaan sosiaalisuuteen kasvattava ja monin tavoin opettava, l\u00e4mminhenkinen paikka, jonka pihalla teinit viel\u00e4kin k\u00e4yv\u00e4t moikkaamassa &#8221;tarhant\u00e4tej\u00e4\u00e4n&#8221;. En tarvitse &#8221;sammumassa olevan kulttuurin ruotsalaisia tutkimuksia&#8221; tiet\u00e4\u00e4kseni, ett\u00e4 jos meid\u00e4n mutikaisemme ja meitsi olisimme olleet viel\u00e4 pari vuotta kesken\u00e4\u00e4n kotona, olisimme kaikki kolme + perheen is\u00e4 paljon polosemmin p\u00e4rj\u00e4\u00e4vi\u00e4, henkisesti huterampia ja sosiaalisesti rutkasti rujompia kuin nyt.<\/p>\n<p>Huh, min\u00e4 tuohdun, vaikka pit\u00e4isi kai vain tuntea my\u00f6t\u00e4h\u00e4pe\u00e4\u00e4 tuollaisesta esiintymisest\u00e4.<\/p>\n","protected":false},"excerpt":{"rendered":"<p>Ja min\u00e4 kun olen niin kovasti pohtinut Juniorin koulumenestyksen olemattomuutta, toisaalta ollut kovin iloinen h\u00e4nen sosiaalisista kyvyist\u00e4\u00e4n ja positiivisuudestaan. Nyth\u00e4n min\u00e4 tied\u00e4n, mist\u00e4 pojan piittaamattomuus oppimistuloksista johtuu! Nyt tied\u00e4n mit\u00e4 voin syytt\u00e4\u00e4! Vain ja ainoastaan itse\u00e4ni kun olen &#8221;himmleril\u00e4iseen&#8221; p\u00e4iv\u00e4kotiel\u00e4m\u00e4\u00e4n pojan toimittanut \u00a0jo alle kolmevuotiaana. Ja ihan vaan &#8221;uramuija\u00e4idin&#8221; itsekkyyden takia! Ent\u00e4s sitten tyt\u00e4r? Mitenh\u00e4n hieno ihminen h\u00e4nest\u00e4 olisi tullut, &hellip; <\/p>\n","protected":false},"author":1,"featured_media":0,"comment_status":"open","ping_status":"open","sticky":false,"template":"","format":"standard","meta":{"jetpack_post_was_ever_published":false,"_jetpack_newsletter_access":"","_jetpack_dont_email_post_to_subs":false,"_jetpack_newsletter_tier_id":0,"_jetpack_memberships_contains_paywalled_content":false,"_jetpack_memberships_contains_paid_content":false,"footnotes":"","jetpack_publicize_message":"","jetpack_publicize_feature_enabled":true,"jetpack_social_post_already_shared":false,"jetpack_social_options":{"image_generator_settings":{"template":"highway","default_image_id":0,"font":"","enabled":false},"version":2}},"categories":[22],"tags":[],"class_list":["post-2133","post","type-post","status-publish","format-standard","hentry","category-vanhemmuus","latest_post"],"jetpack_publicize_connections":[],"jetpack_featured_media_url":"","jetpack_shortlink":"https:\/\/wp.me\/pr4p4-yp","jetpack_sharing_enabled":true,"jetpack_likes_enabled":false,"jetpack-related-posts":[{"id":27790,"url":"https:\/\/www.satokangas.fi\/blogi\/2016\/03\/mokkiviikon-lopulla\/","url_meta":{"origin":2133,"position":0},"title":"M\u00f6kkiviikon lopulla","author":"Reija","date":"11.3.2016","format":false,"excerpt":"Kuluneen viikon aikana olen oppinut paljon uutta vauvan, tai noh, pienen pojan, el\u00e4m\u00e4st\u00e4. Uusista Muksu-sapuskoista, housuvaipoista, leluista, sosiaalisen median vaikutuksesta ja tuesta pienten lasten \u00e4itien el\u00e4m\u00e4\u00e4n, pojanpojan hymyst\u00e4, ruokahalusta ja nukkumarytmist\u00e4. Olen oppinut omasta pojastani paljon. Kuluneen viikon aikana on eletty Aapelin kanssa niin kimpassa, ett\u00e4 en\u00e4\u00e4 ei ole mit\u00e4\u00e4n\u2026","rel":"","context":"Kategoriassa &quot;Isovanhemmuus&quot;","block_context":{"text":"Isovanhemmuus","link":"https:\/\/www.satokangas.fi\/blogi\/category\/isovanhemmuus\/"},"img":{"alt_text":"DSC_0175","src":"https:\/\/i0.wp.com\/www.satokangas.fi\/blogi\/wp-content\/uploads\/2016\/03\/DSC_0175-e1457719408870-300x400.jpg?resize=350%2C200&ssl=1","width":350,"height":200},"classes":[]},{"id":8472,"url":"https:\/\/www.satokangas.fi\/blogi\/2010\/09\/monenlaista-miesseuraa\/","url_meta":{"origin":2133,"position":1},"title":"Monenlaista miesseuraa","author":"Reija","date":"7.9.2010","format":false,"excerpt":"Olen usein kuntikselle menness\u00e4ni ja valoja siell\u00e4 sytytelless\u00e4ni (min\u00e4 kun usein olen siell\u00e4 ensimm\u00e4inen, ja usein ainoakin - kukaan tervej\u00e4rkinen siell\u00e4 kuudelta ole!!)) ajatellut, ett\u00e4 ent\u00e4s jos pukuhuoneen lattialle olisi kuollut joku. Varsinkin niin\u00e4 aikoina, jolloin tytt\u00e4ren kanssa kaksin katselimme mafiasarja Sopranosia, oli edellisen illan telkkariohjelman h\u00e4myiset murhajutut viel\u00e4 muistissa\u2026","rel":"","context":"Kategoriassa &quot;Liikkuminen&quot;","block_context":{"text":"Liikkuminen","link":"https:\/\/www.satokangas.fi\/blogi\/category\/liikkuminen\/"},"img":{"alt_text":"","src":"https:\/\/i0.wp.com\/www.satokangas.fi\/blogi\/wp-content\/uploads\/Syksyinen-Pikisaari-500x347.jpg?resize=350%2C200&ssl=1","width":350,"height":200},"classes":[]},{"id":11041,"url":"https:\/\/www.satokangas.fi\/blogi\/2011\/03\/sosiaaliset-ja-muut-mediat\/","url_meta":{"origin":2133,"position":2},"title":"Sosiaaliset ja muut mediat","author":"Reija","date":"14.3.2011","format":false,"excerpt":"T\u00e4n\u00e4\u00e4n unohdin puhelimen, k\u00e4nnyn siis, kotiin. Min\u00e4 tarvitsen t\u00f6iss\u00e4 aika harvoin puhelinta, omaa k\u00e4nnykk\u00e4\u00e4ni siis, minulle kyll\u00e4 soitellaan, lankapuhelimeen, jollaiset meill\u00e4 viel\u00e4 duunissa on, vaikka huhuja on kuulunut, ett\u00e4 kaikille tulisi omat ty\u00f6k\u00e4nnyt. Joten en min\u00e4 siis omaa puhelinta kovasti duunissa tarvi. Eik\u00e4 minulla t\u00e4n\u00e4\u00e4nk\u00e4\u00e4n oikeastaan olisi ollut mit\u00e4\u00e4n k\u00e4ytt\u00f6\u00e4,\u2026","rel":"","context":"Kategoriassa &quot;Niit\u00e4 n\u00e4it\u00e4&quot;","block_context":{"text":"Niit\u00e4 n\u00e4it\u00e4","link":"https:\/\/www.satokangas.fi\/blogi\/category\/aiheeton\/"},"img":{"alt_text":"","src":"","width":0,"height":0},"classes":[]},{"id":6112,"url":"https:\/\/www.satokangas.fi\/blogi\/2010\/02\/sosiaalisia-kontakteja-historiassa-ja-perhe-elamassa\/","url_meta":{"origin":2133,"position":3},"title":"Sosiaalisia kontakteja &#8211; historiassa ja perhe-el\u00e4m\u00e4ss\u00e4","author":"Reija","date":"21.2.2010","format":false,"excerpt":"Luentoni alkaa olla loppupuolella, ja niinp\u00e4 harjoituksia on jo tarkastettavana iso nippu. Omasta mielest\u00e4ni keksin aikas hyv\u00e4n harkan, teht\u00e4v\u00e4nanto kuului n\u00e4in: \"K\u00e4y katsomassa uusi Timo Koivusalon elokuva \"T\u00e4\u00e4ll\u00e4 Pohjant\u00e4hden alla\" (tai vuokraa vanha elokuva tai lue Linnan T\u00e4\u00e4ll\u00e4 Pohjant\u00e4hden alla -romaani, josta ensimm\u00e4inen osa riitt\u00e4\u00e4...). Kirjoita sivun, parin essee elokuvan\/romaanin\u2026","rel":"","context":"Kategoriassa &quot;Historiaa&quot;","block_context":{"text":"Historiaa","link":"https:\/\/www.satokangas.fi\/blogi\/category\/historiaa\/"},"img":{"alt_text":"","src":"","width":0,"height":0},"classes":[]},{"id":4002,"url":"https:\/\/www.satokangas.fi\/blogi\/2009\/08\/polvileikkaus-ja-pehtoorin-paivalliset\/","url_meta":{"origin":2133,"position":4},"title":"Polvileikkaus ja pehtoorin p\u00e4iv\u00e4lliset","author":"Reija","date":"11.8.2009","format":false,"excerpt":"Pojasta polvi paranee. Toivottavasti. T\u00e4n\u00e4\u00e4n on kuopuksen reilu vuosi sitten teloma polvi korjailtu, leikattu. Nivelsiteit\u00e4 kiristelty. T\u00f6iss\u00e4 kyseliv\u00e4t, ett\u00e4 olenko hermona kun poika on nukutettu ja leikkaus meneill\u00e4\u00e4n. Hermona? Huolissani? En, miksi olisin ollut? Poikahan oli ammattilaisten (mm. yst\u00e4v\u00e4-ortopedin) huomassa. Huolissani ja keskittymiskyvyt\u00f6n olen silloin kun poika huitelee tien p\u00e4\u00e4ll\u00e4\u2026","rel":"","context":"Kategoriassa &quot;Vanhemmuus&quot;","block_context":{"text":"Vanhemmuus","link":"https:\/\/www.satokangas.fi\/blogi\/category\/vanhemmuus\/"},"img":{"alt_text":"","src":"","width":0,"height":0},"classes":[]},{"id":7008,"url":"https:\/\/www.satokangas.fi\/blogi\/2010\/04\/feissari\/","url_meta":{"origin":2133,"position":5},"title":"Min\u00e4 ja Facebook","author":"Reija","date":"28.4.2010","format":false,"excerpt":"Olen jo aiemminkin tainnut t\u00e4\u00e4ll\u00e4 avautua, etten ole oikein sinut Facebookin kanssa. Olen jo aika p\u00e4ivi\u00e4, itse asiassa kai jo pari vuotta, sitten luonut sinne oman profiilini tai miksi sit\u00e4 sanotaankaan. Silloin tarvitsin Facebookia yhden Kiinassa asuneen kollegan kanssa kirjeenvaihdossa. Keskustelimme muutaman kerran suomalaisen ruokakulttuurin historiasta ja sen kirjoittamisesta Facebookin\u2026","rel":"","context":"Kategoriassa &quot;Niit\u00e4 n\u00e4it\u00e4&quot;","block_context":{"text":"Niit\u00e4 n\u00e4it\u00e4","link":"https:\/\/www.satokangas.fi\/blogi\/category\/aiheeton\/"},"img":{"alt_text":"","src":"","width":0,"height":0},"classes":[]}],"_links":{"self":[{"href":"https:\/\/www.satokangas.fi\/blogi\/wp-json\/wp\/v2\/posts\/2133","targetHints":{"allow":["GET"]}}],"collection":[{"href":"https:\/\/www.satokangas.fi\/blogi\/wp-json\/wp\/v2\/posts"}],"about":[{"href":"https:\/\/www.satokangas.fi\/blogi\/wp-json\/wp\/v2\/types\/post"}],"author":[{"embeddable":true,"href":"https:\/\/www.satokangas.fi\/blogi\/wp-json\/wp\/v2\/users\/1"}],"replies":[{"embeddable":true,"href":"https:\/\/www.satokangas.fi\/blogi\/wp-json\/wp\/v2\/comments?post=2133"}],"version-history":[{"count":0,"href":"https:\/\/www.satokangas.fi\/blogi\/wp-json\/wp\/v2\/posts\/2133\/revisions"}],"wp:attachment":[{"href":"https:\/\/www.satokangas.fi\/blogi\/wp-json\/wp\/v2\/media?parent=2133"}],"wp:term":[{"taxonomy":"category","embeddable":true,"href":"https:\/\/www.satokangas.fi\/blogi\/wp-json\/wp\/v2\/categories?post=2133"},{"taxonomy":"post_tag","embeddable":true,"href":"https:\/\/www.satokangas.fi\/blogi\/wp-json\/wp\/v2\/tags?post=2133"}],"curies":[{"name":"wp","href":"https:\/\/api.w.org\/{rel}","templated":true}]}}