{"id":2130,"date":"2009-01-19T19:20:24","date_gmt":"2009-01-19T17:20:24","guid":{"rendered":"https:\/\/www.satokangas.fi\/blogi\/?p=2130"},"modified":"2009-01-19T19:20:24","modified_gmt":"2009-01-19T17:20:24","slug":"jatkokurssille-menossa","status":"publish","type":"post","link":"https:\/\/www.satokangas.fi\/blogi\/2009\/01\/jatkokurssille-menossa\/","title":{"rendered":"JATKO(?)kurssille menossa!"},"content":{"rendered":"<p>Nyt ahistaa. Pehtoori k\u00e4vi t\u00e4n\u00e4\u00e4n ostamassa minulle kameraan polarisaatiolinssin; osti kun niin pyysin. Oli ostanut samalla pienen, uuden valokuvaus kirjasen. Ajattelin ensin, jotta hyv\u00e4. Varsinkin kun olen keskiviikkona aloittamassa Oulu-opiston kuvauksen JATKOkurssin ja ensi kuussa p\u00e4\u00e4sen p\u00e4iv\u00e4n PhotoShop-JATKOkurssille. Otinpa tuossa t\u00f6ist\u00e4 tultua ja sy\u00f6ty\u00e4 uuden linssin ja kirjan ja ryhdyin v\u00e4h\u00e4n kertaamaan valokuvauksen &#8221;teoriaa&#8221; ja oikein tarkemmin katsomaan, mit\u00e4 kaikkea kamerastani saakaan irti ja v\u00e4h\u00e4n tsekkaamaan, mit\u00e4 kaikkia mahiksia PhotoShopissa voisikaan olla. Ja nyt on niiiiiin uuno, urpelo olo, &#8221;en-tied\u00e4-mist\u00e4\u00e4n-mit\u00e4\u00e4n-ja-olen-muka-jatko-kursseille-menossa&#8221;. Alkeetkin hukassa. Eik\u00e4 mill\u00e4\u00e4n aikaa treenata. Nytkin pit\u00e4isi opetusta valmistella&#8230; Mutta jos kuitenkin v\u00e4h\u00e4n aikaa otan RAW-kuvia ja muokkailen, josko jotain oppisin.<\/p>\n","protected":false},"excerpt":{"rendered":"<p>Nyt ahistaa. Pehtoori k\u00e4vi t\u00e4n\u00e4\u00e4n ostamassa minulle kameraan polarisaatiolinssin; osti kun niin pyysin. Oli ostanut samalla pienen, uuden valokuvaus kirjasen. Ajattelin ensin, jotta hyv\u00e4. Varsinkin kun olen keskiviikkona aloittamassa Oulu-opiston kuvauksen JATKOkurssin ja ensi kuussa p\u00e4\u00e4sen p\u00e4iv\u00e4n PhotoShop-JATKOkurssille. Otinpa tuossa t\u00f6ist\u00e4 tultua ja sy\u00f6ty\u00e4 uuden linssin ja kirjan ja ryhdyin v\u00e4h\u00e4n kertaamaan valokuvauksen &#8221;teoriaa&#8221; ja oikein tarkemmin katsomaan, mit\u00e4 kaikkea &hellip; <\/p>\n","protected":false},"author":1,"featured_media":0,"comment_status":"open","ping_status":"open","sticky":false,"template":"","format":"standard","meta":{"jetpack_post_was_ever_published":false,"_jetpack_newsletter_access":"","_jetpack_dont_email_post_to_subs":false,"_jetpack_newsletter_tier_id":0,"_jetpack_memberships_contains_paywalled_content":false,"_jetpack_memberships_contains_paid_content":false,"footnotes":"","jetpack_publicize_message":"","jetpack_publicize_feature_enabled":true,"jetpack_social_post_already_shared":false,"jetpack_social_options":{"image_generator_settings":{"template":"highway","default_image_id":0,"font":"","enabled":false},"version":2}},"categories":[1],"tags":[],"class_list":["post-2130","post","type-post","status-publish","format-standard","hentry","category-aiheeton","latest_post"],"jetpack_publicize_connections":[],"jetpack_featured_media_url":"","jetpack_shortlink":"https:\/\/wp.me\/pr4p4-ym","jetpack_sharing_enabled":true,"jetpack_likes_enabled":false,"jetpack-related-posts":[{"id":43658,"url":"https:\/\/www.satokangas.fi\/blogi\/2022\/09\/syksyisia-tuntoja\/","url_meta":{"origin":2130,"position":0},"title":"Syksyisi\u00e4 tuntoja","author":"Reija","date":"14.9.2022","format":false,"excerpt":"Nyt on puistoissa ja teiden varsilla keltaisen ja vihre\u00e4n vuoropuhelua, ja lehti\u00e4 leijuu hiljalleen kuin lumihiutaleita amerikkalaisissa joululeffoissa. Etel\u00e4inen tuuli teki ulkona kulkemisesta mieluista. Oli juuri sellainen syysp\u00e4iv\u00e4, jollaisina mennein\u00e4 vuosina alkoi joku uusi kurssi. Ei ollut mit\u00e4\u00e4n ongelmia aloittaa uutta kurssia silloinkin kun el\u00e4m\u00e4ss\u00e4 oli muutenkin yllin kyllin tekemist\u00e4:\u2026","rel":"","context":"Kategoriassa &quot;Niit\u00e4 n\u00e4it\u00e4&quot;","block_context":{"text":"Niit\u00e4 n\u00e4it\u00e4","link":"https:\/\/www.satokangas.fi\/blogi\/category\/aiheeton\/"},"img":{"alt_text":"","src":"https:\/\/i0.wp.com\/www.satokangas.fi\/blogi\/wp-content\/uploads\/2022\/09\/vihreakeltainen-2.jpg?resize=350%2C200&ssl=1","width":350,"height":200,"srcset":"https:\/\/i0.wp.com\/www.satokangas.fi\/blogi\/wp-content\/uploads\/2022\/09\/vihreakeltainen-2.jpg?resize=350%2C200&ssl=1 1x, https:\/\/i0.wp.com\/www.satokangas.fi\/blogi\/wp-content\/uploads\/2022\/09\/vihreakeltainen-2.jpg?resize=525%2C300&ssl=1 1.5x, https:\/\/i0.wp.com\/www.satokangas.fi\/blogi\/wp-content\/uploads\/2022\/09\/vihreakeltainen-2.jpg?resize=700%2C400&ssl=1 2x"},"classes":[]},{"id":503,"url":"https:\/\/www.satokangas.fi\/blogi\/2008\/08\/kalenterin-tayttopaiva\/","url_meta":{"origin":2130,"position":1},"title":"Kalenterin t\u00e4ytt\u00f6p\u00e4iv\u00e4","author":"Reija","date":"5.8.2008","format":false,"excerpt":"K\u00e4nnyn kalenterissa luki monta viikkoa \"Ei merkint\u00f6j\u00e4 t\u00e4lle p\u00e4iv\u00e4lle\". Ei lue en\u00e4\u00e4. Nyt l\u00e4hes joka p\u00e4iv\u00e4lle on merkint\u00e4. Ja jottei mik\u00e4\u00e4n p\u00e4iv\u00e4 j\u00e4isi tyhj\u00e4ksi, ilmoittauduin erin\u00e4isille kursseille: InDesign ja PhotoShop CS2 ja Dreamweaver ja ensiapukurssi ja kaikkea muuta pient\u00e4, italian kurssin jatko menee viel\u00e4 harkintaan.\u00a0T\u00e4lle p\u00e4iv\u00e4llekin oli jo yksi kokousmerkint\u00e4:\u2026","rel":"","context":"Kategoriassa &quot;Niit\u00e4 n\u00e4it\u00e4&quot;","block_context":{"text":"Niit\u00e4 n\u00e4it\u00e4","link":"https:\/\/www.satokangas.fi\/blogi\/category\/aiheeton\/"},"img":{"alt_text":"","src":"","width":0,"height":0},"classes":[]},{"id":16997,"url":"https:\/\/www.satokangas.fi\/blogi\/2013\/04\/kayria-ja-latakkoleikkeja\/","url_meta":{"origin":2130,"position":2},"title":"K\u00e4yri\u00e4 ja l\u00e4t\u00e4kk\u00f6leikkej\u00e4","author":"Reija","date":"5.4.2013","format":false,"excerpt":"Siin\u00e4 se ty\u00f6p\u00e4iv\u00e4 vier\u00e4hti. T\u00e4m\u00e4n sain aikaiseksi. Siin\u00e4 kaikki. Itse asiassa se on aika paljon. Ja aika uppoutuneena meni koko p\u00e4iv\u00e4 n\u00e4it\u00e4 k\u00e4yri\u00e4 varten\u00a0tietoja\u00a0koostaessa.\u00a0Olen tiennyt, ett\u00e4 jotenkin n\u00e4in se menee, se tietohan se oli jo esiymm\u00e4rryksen\u00e4, ett\u00e4 l\u00e4hdin asiaa tutkimaan... mutta ett\u00e4 ero on n\u00e4in iso! Ja sitten kotiin palattua\u2026","rel":"","context":"Kategoriassa &quot;Historiaa&quot;","block_context":{"text":"Historiaa","link":"https:\/\/www.satokangas.fi\/blogi\/category\/historiaa\/"},"img":{"alt_text":"Lapin l\u00e4\u00e4ni","src":"https:\/\/i0.wp.com\/www.satokangas.fi\/blogi\/wp-content\/uploads\/2013\/04\/Lapin-l%C3%A4%C3%A4ni-600x367.jpg?resize=350%2C200&ssl=1","width":350,"height":200,"srcset":"https:\/\/i0.wp.com\/www.satokangas.fi\/blogi\/wp-content\/uploads\/2013\/04\/Lapin-l%C3%A4%C3%A4ni-600x367.jpg?resize=350%2C200&ssl=1 1x, https:\/\/i0.wp.com\/www.satokangas.fi\/blogi\/wp-content\/uploads\/2013\/04\/Lapin-l%C3%A4%C3%A4ni-600x367.jpg?resize=525%2C300&ssl=1 1.5x"},"classes":[]},{"id":30167,"url":"https:\/\/www.satokangas.fi\/blogi\/2017\/01\/keskella-talvea-uudessa-elamassa\/","url_meta":{"origin":2130,"position":3},"title":"Keskell\u00e4 talvea uudessa el\u00e4m\u00e4ss\u00e4","author":"Reija","date":"25.1.2017","format":false,"excerpt":"Ennen keskiviikko oli opetusp\u00e4iv\u00e4, vastaanottop\u00e4iv\u00e4, koulutusneuvostop\u00e4iv\u00e4, pitk\u00e4 p\u00e4iv\u00e4. Ainakin t\u00e4m\u00e4n tammikuun se on meill\u00e4 Aapeli-p\u00e4iv\u00e4. Kun is\u00e4ns\u00e4 aamupuolikahdeksalta pudottaa vastik\u00e4\u00e4n s\u00e4ngyst\u00e4\u00e4n nostetun, puuroaamisella ruokitun, puetun ja autoon kannetun viel\u00e4 unihiekkaa silmiss\u00e4\u00e4n olevan pienen pojan mummilan tuulikaappiin, ei talossa ole en\u00e4\u00e4 mit\u00e4\u00e4n tarvetta katsella Photoshop-tutoriaaleja Youtubesta, ei pest\u00e4 pyykki\u00e4, ei l\u00e4hte\u00e4\u2026","rel":"","context":"Kategoriassa &quot;Isovanhemmuus&quot;","block_context":{"text":"Isovanhemmuus","link":"https:\/\/www.satokangas.fi\/blogi\/category\/isovanhemmuus\/"},"img":{"alt_text":"","src":"https:\/\/i0.wp.com\/www.satokangas.fi\/blogi\/wp-content\/uploads\/2017\/01\/1-3-2-600x379.jpg?resize=350%2C200&ssl=1","width":350,"height":200,"srcset":"https:\/\/i0.wp.com\/www.satokangas.fi\/blogi\/wp-content\/uploads\/2017\/01\/1-3-2-600x379.jpg?resize=350%2C200&ssl=1 1x, https:\/\/i0.wp.com\/www.satokangas.fi\/blogi\/wp-content\/uploads\/2017\/01\/1-3-2-600x379.jpg?resize=525%2C300&ssl=1 1.5x"},"classes":[]},{"id":16986,"url":"https:\/\/www.satokangas.fi\/blogi\/2013\/04\/granaattiomenasta-on-moneksi\/","url_meta":{"origin":2130,"position":4},"title":"Granaattiomenasta on moneksi","author":"Reija","date":"4.4.2013","format":false,"excerpt":"Pitk\u00e4st\u00e4 aikaa reseptiikkaa t\u00e4nne Temmattuun. Tai noh, ehk\u00e4 enemm\u00e4nkin vinkki. Meid\u00e4n t\u00e4m\u00e4n talven ehdoton ykk\u00f6suutuus on ollut granaattiomena. Ei niin, ettenk\u00f6 olisi joskus ennenkin sy\u00f6nyt ja johonkin sen siemeni\u00e4 k\u00e4ytt\u00e4nytkin, mutta nyt t\u00e4t\u00e4 herkkua on liki joka viikonloppu tarjolla. Ensimm\u00e4ist\u00e4 kertaa opin laittamaan sit\u00e4 salaattiin reilu vuosi sitten kun oltiin\u2026","rel":"","context":"Kategoriassa &quot;Niit\u00e4 n\u00e4it\u00e4&quot;","block_context":{"text":"Niit\u00e4 n\u00e4it\u00e4","link":"https:\/\/www.satokangas.fi\/blogi\/category\/aiheeton\/"},"img":{"alt_text":"","src":"https:\/\/i0.wp.com\/www.satokangas.fi\/blogi\/wp-content\/uploads\/2013\/04\/usb-canon.jpg?resize=350%2C200&ssl=1","width":350,"height":200},"classes":[]},{"id":40875,"url":"https:\/\/www.satokangas.fi\/blogi\/2021\/05\/kuvia-elokuva-ja-mokia\/","url_meta":{"origin":2130,"position":5},"title":"Kuvia, elokuva ja mokia","author":"Reija","date":"24.5.2021","format":false,"excerpt":"Photoshopilla kes\u00e4keli P\u00e4iv\u00e4 on mennyt sis\u00e4ll\u00e4. Valokuvausjuttuja melkein koko p\u00e4iv\u00e4n. Edelleen on kylm\u00e4 ja koko p\u00e4iv\u00e4n on satanut. Se inspiroi opettelemaan uuden niksin Photoshopissa. Kolmella klikkauksella sain eilisell\u00e4 py\u00f6r\u00e4lenkill\u00e4 otetusta kuvasta poutas\u00e4\u00e4version. Kaikkea sit\u00e4. Ehk\u00e4 huomenna sitten oikeastikin on jo sinitaivas. Kirjasta elokuva - onkohan hyv\u00e4ksi? Toissakes\u00e4n\u00e4 Bookbeatin kirjasuosituksista minulle\u2026","rel":"","context":"Kategoriassa &quot;Bloggailu&quot;","block_context":{"text":"Bloggailu","link":"https:\/\/www.satokangas.fi\/blogi\/category\/bloggailu\/"},"img":{"alt_text":"","src":"https:\/\/i0.wp.com\/www.satokangas.fi\/blogi\/wp-content\/uploads\/2021\/05\/saa-3.jpg?resize=350%2C200&ssl=1","width":350,"height":200},"classes":[]}],"_links":{"self":[{"href":"https:\/\/www.satokangas.fi\/blogi\/wp-json\/wp\/v2\/posts\/2130","targetHints":{"allow":["GET"]}}],"collection":[{"href":"https:\/\/www.satokangas.fi\/blogi\/wp-json\/wp\/v2\/posts"}],"about":[{"href":"https:\/\/www.satokangas.fi\/blogi\/wp-json\/wp\/v2\/types\/post"}],"author":[{"embeddable":true,"href":"https:\/\/www.satokangas.fi\/blogi\/wp-json\/wp\/v2\/users\/1"}],"replies":[{"embeddable":true,"href":"https:\/\/www.satokangas.fi\/blogi\/wp-json\/wp\/v2\/comments?post=2130"}],"version-history":[{"count":0,"href":"https:\/\/www.satokangas.fi\/blogi\/wp-json\/wp\/v2\/posts\/2130\/revisions"}],"wp:attachment":[{"href":"https:\/\/www.satokangas.fi\/blogi\/wp-json\/wp\/v2\/media?parent=2130"}],"wp:term":[{"taxonomy":"category","embeddable":true,"href":"https:\/\/www.satokangas.fi\/blogi\/wp-json\/wp\/v2\/categories?post=2130"},{"taxonomy":"post_tag","embeddable":true,"href":"https:\/\/www.satokangas.fi\/blogi\/wp-json\/wp\/v2\/tags?post=2130"}],"curies":[{"name":"wp","href":"https:\/\/api.w.org\/{rel}","templated":true}]}}