{"id":21163,"date":"2014-05-16T19:30:37","date_gmt":"2014-05-16T16:30:37","guid":{"rendered":"https:\/\/www.satokangas.fi\/blogi\/?p=21163"},"modified":"2014-05-16T21:18:47","modified_gmt":"2014-05-16T18:18:47","slug":"vival-el-postal-mexicano","status":"publish","type":"post","link":"https:\/\/www.satokangas.fi\/blogi\/2014\/05\/vival-el-postal-mexicano\/","title":{"rendered":"Vival el postal Mexicano!!"},"content":{"rendered":"<blockquote><p>&#8221;&#8230; Ja muuten!! Joulupaketti saapui \u00a0\ud83d\ude00 &#8211; &#8211; Purkat otin t\u00f6ihin, ihmiset luulivat paketin perusteella siivousv\u00e4lineiksi :D&#8221;<\/p><\/blockquote>\n<p>Meksikon posti ei ole ollut se, johon reilun vuoden aikana ensimm\u00e4iseksi olen uskonut ja luottanut! Itkunsekaisia kokemuksia siit\u00e4 on ollut (<a title=\"\u201dPois pois postin tielt\u00e4,\" href=\"https:\/\/www.satokangas.fi\/blogi\/2014\/01\/pois-pois-postin-tielta\/\">ks. t\u00e4\u00e4lt\u00e4<\/a>), mutta periksi en ole antanut! Kortteja ja muutamia kirjepakettaja olen lapselle l\u00e4hett\u00e4nyt. Ja p\u00e4\u00e4si\u00e4isen j\u00e4lkeisiss\u00e4 ik\u00e4v\u00e4n sy\u00f6vereiss\u00e4 l\u00e4hetin uudelleen jo kerran palautuneen joulupaketin, johon olin marraskuussa kiireen vilkkaan neulonut villasukat Meksikon l\u00e4mmitt\u00e4m\u00e4tt\u00f6miss\u00e4 huusholleissa ja taloissa olevalle lapselle. En tammikuussa purkanut palautunutta pakettia, en vaikka lapselta tuli p\u00e4\u00e4si\u00e4isen j\u00e4lkeen whatsapp-viestej\u00e4, joissa oli teksti\u00e4:<\/p>\n<blockquote><p>T\u00e4\u00e4ll\u00e4 alkaa olee jo v\u00e4h\u00e4n turhanki l\u00e4mmint\u00e4. Ainaki toimistoty\u00f6l\u00e4iselle. Lomalaiselle ois hyv\u00e4. Mutta salilla ei oo ilmastointia ja ku sinne t\u00f6ist\u00e4 k\u00e4velee niin on jo valmiiks kuuma. Sais olla viile\u00e4mpi\u00e4 p\u00e4ivi\u00e4 v\u00e4lill\u00e4, kerki\u00e4is sali ja k\u00e4mpp\u00e4 ja luonto v\u00e4h\u00e4n viilet\u00e4 \ud83d\ude1b<\/p>\n<p><em><span style=\"color: #808080;\">ja toinen<\/span><\/em><\/p>\n<p>Kello on puoli kymmenen illalla, justiinsa k\u00e4velen ostaa limpparia. Mietin ett\u00e4 onpa huomattavasti kylmemp\u00e4\u00e4 jo viikonloppuun n\u00e4hden. Kattoin mittaria, 29 astetta. No joo onhan se tietenki ku on tottunu t\u00f6ihin k\u00e4velee auringonpaahteessa nii ett\u00e4 on varjossa 37. Kaikki on suhteellista \ud83d\ude00<\/p><\/blockquote>\n<p>No niin ja sitten nyt alkuviikosta ty\u00e4r on saanut paketin, jossa on mm. \u00e4idin kaikella l\u00e4mm\u00f6ll\u00e4 ja huolenpidon yrityksell\u00e4 kudotut villasukat!<\/p>\n<p>Noh, tulee se taas aikanaan syksy Monterreyhinkin; voi tietysti ajatella niinkin, ett\u00e4 onpahan villasukat l\u00e4hetetty ETUajassa. Samoin joululautasliinat ja muut pienet tilpeh\u00f6\u00f6rit ilahduttanevat lasta ensi joulua kohti menness\u00e4.<\/p>\n<p>Eik\u00e4 siin\u00e4 viel\u00e4 kaikki!! Kun tulin t\u00e4n\u00e4\u00e4n t\u00f6ist\u00e4, oli minua odottamassa kirjekuori, jonka p\u00e4\u00e4ll\u00e4 tuttu k\u00e4siala. Ja postimerkit paljastivat, ett\u00e4 postia Meksikosta!! Ei ole t\u00e4h\u00e4n menness\u00e4 yksik\u00e4\u00e4n aiempi kortti\/kirje tullut Ouluun asti. Nyt tuli! \u00c4itienp\u00e4iv\u00e4kortti &#8211; muka viikon my\u00f6h\u00e4ss\u00e4?! Mit\u00e4\u00e4n my\u00f6h\u00e4ss\u00e4 ole.<\/p>\n<p><a href=\"https:\/\/www.satokangas.fi\/blogi\/wp-content\/uploads\/2014\/05\/postia_.jpg\"><img loading=\"lazy\" decoding=\"async\" data-attachment-id=\"21164\" data-permalink=\"https:\/\/www.satokangas.fi\/blogi\/2014\/05\/vival-el-postal-mexicano\/postia_\/\" data-orig-file=\"https:\/\/www.satokangas.fi\/blogi\/wp-content\/uploads\/2014\/05\/postia_.jpg\" data-orig-size=\"1584,1200\" data-comments-opened=\"1\" data-image-meta=\"{&quot;aperture&quot;:&quot;4&quot;,&quot;credit&quot;:&quot;Reija Satokangas&quot;,&quot;camera&quot;:&quot;Canon EOS 5D Mark II&quot;,&quot;caption&quot;:&quot;&quot;,&quot;created_timestamp&quot;:&quot;1400258128&quot;,&quot;copyright&quot;:&quot;&quot;,&quot;focal_length&quot;:&quot;105&quot;,&quot;iso&quot;:&quot;1250&quot;,&quot;shutter_speed&quot;:&quot;0.016666666666667&quot;,&quot;title&quot;:&quot;&quot;}\" data-image-title=\"postia_\" data-image-description=\"\" data-image-caption=\"\" data-large-file=\"https:\/\/www.satokangas.fi\/blogi\/wp-content\/uploads\/2014\/05\/postia_-1351x1024.jpg\" class=\"aligncenter size-medium wp-image-21164\" src=\"https:\/\/www.satokangas.fi\/blogi\/wp-content\/uploads\/2014\/05\/postia_-528x400.jpg\" alt=\"postia_\" width=\"528\" height=\"400\" srcset=\"https:\/\/www.satokangas.fi\/blogi\/wp-content\/uploads\/2014\/05\/postia_-528x400.jpg 528w, https:\/\/www.satokangas.fi\/blogi\/wp-content\/uploads\/2014\/05\/postia_-300x227.jpg 300w, https:\/\/www.satokangas.fi\/blogi\/wp-content\/uploads\/2014\/05\/postia_-1351x1024.jpg 1351w, https:\/\/www.satokangas.fi\/blogi\/wp-content\/uploads\/2014\/05\/postia_.jpg 1584w\" sizes=\"auto, (max-width: 528px) 100vw, 528px\" \/><\/a><\/p>\n<p>&nbsp;<\/p>\n<p>Perille tuli!!\u00a0Vival el postal Mexicano!!<\/p>\n<p>&nbsp;<\/p>\n","protected":false},"excerpt":{"rendered":"<p>&#8221;&#8230; Ja muuten!! Joulupaketti saapui \u00a0\ud83d\ude00 &#8211; &#8211; Purkat otin t\u00f6ihin, ihmiset luulivat paketin perusteella siivousv\u00e4lineiksi :D&#8221; Meksikon posti ei ole ollut se, johon reilun vuoden aikana ensimm\u00e4iseksi olen uskonut ja luottanut! Itkunsekaisia kokemuksia siit\u00e4 on ollut (ks. t\u00e4\u00e4lt\u00e4), mutta periksi en ole antanut! Kortteja ja muutamia kirjepakettaja olen lapselle l\u00e4hett\u00e4nyt. Ja p\u00e4\u00e4si\u00e4isen j\u00e4lkeisiss\u00e4 ik\u00e4v\u00e4n sy\u00f6vereiss\u00e4 l\u00e4hetin uudelleen jo kerran &hellip; <\/p>\n","protected":false},"author":1,"featured_media":0,"comment_status":"open","ping_status":"open","sticky":false,"template":"","format":"standard","meta":{"jetpack_post_was_ever_published":false,"_jetpack_newsletter_access":"","_jetpack_dont_email_post_to_subs":false,"_jetpack_newsletter_tier_id":0,"_jetpack_memberships_contains_paywalled_content":false,"_jetpack_memberships_contains_paid_content":false,"footnotes":"","jetpack_publicize_message":"","jetpack_publicize_feature_enabled":true,"jetpack_social_post_already_shared":true,"jetpack_social_options":{"image_generator_settings":{"template":"highway","default_image_id":0,"font":"","enabled":false},"version":2}},"categories":[62,22],"tags":[],"class_list":["post-21163","post","type-post","status-publish","format-standard","hentry","category-meksiko","category-vanhemmuus","latest_post"],"jetpack_publicize_connections":[],"jetpack_featured_media_url":"","jetpack_shortlink":"https:\/\/wp.me\/pr4p4-5vl","jetpack_sharing_enabled":true,"jetpack_likes_enabled":false,"jetpack-related-posts":[{"id":19811,"url":"https:\/\/www.satokangas.fi\/blogi\/2014\/01\/pois-pois-postin-tielta\/","url_meta":{"origin":21163,"position":0},"title":"&#8221;Pois pois postin tielt\u00e4,","author":"Reija","date":"3.1.2014","format":false,"excerpt":"... posti se kulkee keskell\u00e4 tiet\u00e4.\" -\u00a0Tai sitten ei kulje. Tuntuu ett\u00e4 viime aikoina on ollut enemm\u00e4n kulkematta kuin kulkenut. L\u00e4hetin tytt\u00e4relle Meksikoon kuplakuoren ennen marraskuun puoltav\u00e4li\u00e4; salmiakkiaskin, pokkarin, pienen adventtikalenterin, Aarikan tontun, muuta ihan pient\u00e4 ja paljon halauksia kuoreen. Viime viikolla t\u00e4m\u00e4 palautui. Meksikossa k\u00e4yneen\u00e4, koskaan tyt\u00e4rt\u00e4 tavoittamatta. Snif.\u2026","rel":"","context":"Kategoriassa &quot;Meksiko&quot;","block_context":{"text":"Meksiko","link":"https:\/\/www.satokangas.fi\/blogi\/category\/reissut\/meksiko\/"},"img":{"alt_text":"postia","src":"https:\/\/i0.wp.com\/www.satokangas.fi\/blogi\/wp-content\/uploads\/2014\/01\/postia-600x295.jpg?resize=350%2C200&ssl=1","width":350,"height":200,"srcset":"https:\/\/i0.wp.com\/www.satokangas.fi\/blogi\/wp-content\/uploads\/2014\/01\/postia-600x295.jpg?resize=350%2C200&ssl=1 1x, https:\/\/i0.wp.com\/www.satokangas.fi\/blogi\/wp-content\/uploads\/2014\/01\/postia-600x295.jpg?resize=525%2C300&ssl=1 1.5x"},"classes":[]},{"id":22557,"url":"https:\/\/www.satokangas.fi\/blogi\/2014\/10\/meksikon-terveisia-vol-xi\/","url_meta":{"origin":21163,"position":1},"title":"Meksikon terveisi\u00e4 vol. XI","author":"Reija","date":"1.10.2014","format":false,"excerpt":"Meksikolaisia irtokarkkeja. Kaikki enempi v\u00e4hempi chilill\u00e4 maustettuja. (kaikki kuvat suurenevat klikkaamalla) \u00a1Viva el presidente Dany Boy! Meksikon itsen\u00e4isyysp\u00e4iv\u00e4\u00e4 juhlivat t\u00e4llaisilla, eiv\u00e4tk\u00e4 olleet siell\u00e4 ymm\u00e4rt\u00e4neet suomalaisten tapaa \"kaksi-ihmist\u00e4-k\u00e4ttelee-kaksituhatta-ja-kaksi-miljoonaa-katsoo-sit\u00e4-telkkarista\". Mutta jotain suomalaistakin meksikolaiset - nuoret ainakin - ymm\u00e4rt\u00e4v\u00e4t.\u00a0L\u00e4hetin elokuun puoliv\u00e4liss\u00e4 Meksikoon paketin, jonka toivoin olevan perill\u00e4 viime perjantaina (= tytt\u00e4ren syntt\u00e4rit). Paketin\u2026","rel":"","context":"Kategoriassa &quot;Meksiko&quot;","block_context":{"text":"Meksiko","link":"https:\/\/www.satokangas.fi\/blogi\/category\/reissut\/meksiko\/"},"img":{"alt_text":"altAh4JYKb4UaZHl4QVBZw0MOsPoFqQnWhCsZcwo2Zl5UvJ","src":"https:\/\/i0.wp.com\/www.satokangas.fi\/blogi\/wp-content\/uploads\/2014\/10\/altAh4JYKb4UaZHl4QVBZw0MOsPoFqQnWhCsZcwo2Zl5UvJ-600x337.jpg?resize=350%2C200&ssl=1","width":350,"height":200,"srcset":"https:\/\/i0.wp.com\/www.satokangas.fi\/blogi\/wp-content\/uploads\/2014\/10\/altAh4JYKb4UaZHl4QVBZw0MOsPoFqQnWhCsZcwo2Zl5UvJ-600x337.jpg?resize=350%2C200&ssl=1 1x, https:\/\/i0.wp.com\/www.satokangas.fi\/blogi\/wp-content\/uploads\/2014\/10\/altAh4JYKb4UaZHl4QVBZw0MOsPoFqQnWhCsZcwo2Zl5UvJ-600x337.jpg?resize=525%2C300&ssl=1 1.5x"},"classes":[]},{"id":19402,"url":"https:\/\/www.satokangas.fi\/blogi\/2013\/11\/viela-valoa-oulu\/","url_meta":{"origin":21163,"position":2},"title":"Viel\u00e4: Valoa, Oulu!","author":"Reija","date":"25.11.2013","format":false,"excerpt":"Koko illan olen v\u00e4rk\u00e4nnyt uutta otsikkokuvaa, vaihtanut, s\u00e4\u00e4t\u00e4nyt, fontteja muutellut, taas vaihtanut kuvaa, linkkivalikon muotoa, sis\u00e4lt\u00f6\u00e4 ja kokoa muutellut, ja tulos on edelleen ep\u00e4tyydytt\u00e4v\u00e4. No hyv\u00e4 on: en koko iltaa, mutta yrityst\u00e4 on ollut. Siisp\u00e4 laittelen t\u00e4h\u00e4n viel\u00e4 kuvia viikonlopun ulkoilun ja kuvailun, \u00a0siis Valoa Oulu -tapahtuman, sadosta. Franz\u00e9nin puiston\u2026","rel":"","context":"Kategoriassa &quot;Oulu&quot;","block_context":{"text":"Oulu","link":"https:\/\/www.satokangas.fi\/blogi\/category\/oulu\/"},"img":{"alt_text":"Valoa Oulu","src":"https:\/\/i0.wp.com\/www.satokangas.fi\/blogi\/wp-content\/uploads\/2013\/11\/Valoa-Oulu-600x400.jpg?resize=350%2C200&ssl=1","width":350,"height":200,"srcset":"https:\/\/i0.wp.com\/www.satokangas.fi\/blogi\/wp-content\/uploads\/2013\/11\/Valoa-Oulu-600x400.jpg?resize=350%2C200&ssl=1 1x, https:\/\/i0.wp.com\/www.satokangas.fi\/blogi\/wp-content\/uploads\/2013\/11\/Valoa-Oulu-600x400.jpg?resize=525%2C300&ssl=1 1.5x"},"classes":[]},{"id":22242,"url":"https:\/\/www.satokangas.fi\/blogi\/2014\/08\/terveisia-meksikosta-vol-x\/","url_meta":{"origin":21163,"position":3},"title":"Terveisi\u00e4 Meksikosta vol. X","author":"Reija","date":"25.8.2014","format":false,"excerpt":"\"Nuku hyvin \u00e4l\u00e4k\u00e4 sure. Ensimm\u00e4isen\u00e4 kev\u00e4tp\u00e4iv\u00e4n\u00e4 min\u00e4 olen taas t\u00e4\u00e4ll\u00e4 luonasi. Rakenna pato minua odotellessasi.\" \u00a0 \u00a0 \u00a0 \u00a0 \u00a0(Nuuskamuikkusen kev\u00e4tkirje) \u00a0 Meid\u00e4n Nuuskamuikkunen Skypeili \u00e4sken Meksikosta. Pisti eilen viestin: \"Holaaaaaa! Mulla on huomenna vapaap\u00e4iv\u00e4, viides kuudesta vuosittaisesta. Oisko skype kello 12 :) ? Tei\u00e4n klo 8?\" \u00a0Pitk\u00e4\u00e4n aikaan se\u2026","rel":"","context":"Kategoriassa &quot;Meksiko&quot;","block_context":{"text":"Meksiko","link":"https:\/\/www.satokangas.fi\/blogi\/category\/reissut\/meksiko\/"},"img":{"alt_text":"altAno6itnTC1HXlJIeOcjV9GMRM0SPgAcshQmcrcx0GwcV","src":"https:\/\/i0.wp.com\/www.satokangas.fi\/blogi\/wp-content\/uploads\/2014\/08\/altAno6itnTC1HXlJIeOcjV9GMRM0SPgAcshQmcrcx0GwcV-300x400.jpg?resize=350%2C200&ssl=1","width":350,"height":200},"classes":[]},{"id":37743,"url":"https:\/\/www.satokangas.fi\/blogi\/2019\/12\/paluu-3\/","url_meta":{"origin":21163,"position":4},"title":"Paluu","author":"Reija","date":"9.12.2019","format":false,"excerpt":"Paluu pohjoisen kaamoksesta, lumisesta tunturimaisemasta, m\u00f6kkiel\u00e4m\u00e4n kellottomasta el\u00e4m\u00e4nmenosta kohti kotia ja kaupungin humua ei juuri houkuttanut. Pitk\u00e4st\u00e4 aikaa m\u00f6kilt\u00e4 l\u00e4ht\u00f6 ketutti siin\u00e4 m\u00e4\u00e4rin, ett\u00e4 olin liki puhekyvyt\u00f6n Rovaniemelle asti. Kun sitten Napapiirin k\u00e4vimme Joulupukin Pajakyl\u00e4ss\u00e4 lounaskahvilla ja n\u00e4in joulupukin, oli koetettava lopettaa m\u00f6k\u00f6tt\u00e4minen. :D Pajakyl\u00e4ss\u00e4 oli ihan mahdottoman paljon turisteja,\u2026","rel":"","context":"Kategoriassa &quot;Niit\u00e4 n\u00e4it\u00e4&quot;","block_context":{"text":"Niit\u00e4 n\u00e4it\u00e4","link":"https:\/\/www.satokangas.fi\/blogi\/category\/aiheeton\/"},"img":{"alt_text":"","src":"https:\/\/i0.wp.com\/www.satokangas.fi\/blogi\/wp-content\/uploads\/2019\/12\/amaryllis-3.jpg?resize=350%2C200&ssl=1","width":350,"height":200,"srcset":"https:\/\/i0.wp.com\/www.satokangas.fi\/blogi\/wp-content\/uploads\/2019\/12\/amaryllis-3.jpg?resize=350%2C200&ssl=1 1x, https:\/\/i0.wp.com\/www.satokangas.fi\/blogi\/wp-content\/uploads\/2019\/12\/amaryllis-3.jpg?resize=525%2C300&ssl=1 1.5x, https:\/\/i0.wp.com\/www.satokangas.fi\/blogi\/wp-content\/uploads\/2019\/12\/amaryllis-3.jpg?resize=700%2C400&ssl=1 2x"},"classes":[]},{"id":45192,"url":"https:\/\/www.satokangas.fi\/blogi\/2023\/04\/paasiaiseksi-pohjoiseen\/","url_meta":{"origin":21163,"position":5},"title":"P\u00e4\u00e4si\u00e4iseksi pohjoiseen","author":"Reija","date":"2.4.2023","format":false,"excerpt":"Pitk\u00e4st\u00e4 aikaa, - p\u00e4\u00e4si\u00e4iseksi m\u00f6kille. Edellisen kerran ollaan oltu p\u00e4\u00e4si\u00e4inen m\u00f6ks\u00e4ll\u00e4 kev\u00e4ttalvella 2017. Silloinkin olimme kaksistaan, silloin Pehtoori oli se, joka hiihti, min\u00e4 tein lumit\u00f6it\u00e4 ja olin muutaman kerran rinteess\u00e4, mutta keskeist\u00e4 n\u00e4ytt\u00e4\u00e4 olleen valmistautuminen (kolmanteen?) n\u00e4ytt\u00f6tutkintoon. Voi sit\u00e4 opiskelijan el\u00e4m\u00e4\u00e4! Eiv\u00e4t\u00a0 olleet minulle helppoja nuo tutkinnot! P\u00e4\u00e4si\u00e4isen pyh\u00e4tkin niit\u00e4\u2026","rel":"","context":"Kategoriassa &quot;Lappi&quot;","block_context":{"text":"Lappi","link":"https:\/\/www.satokangas.fi\/blogi\/category\/lappi\/"},"img":{"alt_text":"","src":"https:\/\/i0.wp.com\/www.satokangas.fi\/blogi\/wp-content\/uploads\/2016\/03\/Paasiainen-Saariselalla.jpg?resize=350%2C200&ssl=1","width":350,"height":200,"srcset":"https:\/\/i0.wp.com\/www.satokangas.fi\/blogi\/wp-content\/uploads\/2016\/03\/Paasiainen-Saariselalla.jpg?resize=350%2C200&ssl=1 1x, https:\/\/i0.wp.com\/www.satokangas.fi\/blogi\/wp-content\/uploads\/2016\/03\/Paasiainen-Saariselalla.jpg?resize=525%2C300&ssl=1 1.5x, https:\/\/i0.wp.com\/www.satokangas.fi\/blogi\/wp-content\/uploads\/2016\/03\/Paasiainen-Saariselalla.jpg?resize=700%2C400&ssl=1 2x"},"classes":[]}],"_links":{"self":[{"href":"https:\/\/www.satokangas.fi\/blogi\/wp-json\/wp\/v2\/posts\/21163","targetHints":{"allow":["GET"]}}],"collection":[{"href":"https:\/\/www.satokangas.fi\/blogi\/wp-json\/wp\/v2\/posts"}],"about":[{"href":"https:\/\/www.satokangas.fi\/blogi\/wp-json\/wp\/v2\/types\/post"}],"author":[{"embeddable":true,"href":"https:\/\/www.satokangas.fi\/blogi\/wp-json\/wp\/v2\/users\/1"}],"replies":[{"embeddable":true,"href":"https:\/\/www.satokangas.fi\/blogi\/wp-json\/wp\/v2\/comments?post=21163"}],"version-history":[{"count":0,"href":"https:\/\/www.satokangas.fi\/blogi\/wp-json\/wp\/v2\/posts\/21163\/revisions"}],"wp:attachment":[{"href":"https:\/\/www.satokangas.fi\/blogi\/wp-json\/wp\/v2\/media?parent=21163"}],"wp:term":[{"taxonomy":"category","embeddable":true,"href":"https:\/\/www.satokangas.fi\/blogi\/wp-json\/wp\/v2\/categories?post=21163"},{"taxonomy":"post_tag","embeddable":true,"href":"https:\/\/www.satokangas.fi\/blogi\/wp-json\/wp\/v2\/tags?post=21163"}],"curies":[{"name":"wp","href":"https:\/\/api.w.org\/{rel}","templated":true}]}}