{"id":21154,"date":"2014-05-14T20:38:19","date_gmt":"2014-05-14T17:38:19","guid":{"rendered":"https:\/\/www.satokangas.fi\/blogi\/?p=21154"},"modified":"2014-05-15T06:56:50","modified_gmt":"2014-05-15T03:56:50","slug":"pieni-piiri-pyorii","status":"publish","type":"post","link":"https:\/\/www.satokangas.fi\/blogi\/2014\/05\/pieni-piiri-pyorii\/","title":{"rendered":"Pieni piiri py\u00f6rii"},"content":{"rendered":"<p>Kyll\u00e4h\u00e4n se t\u00e4m\u00e4n yhden pallon ymp\u00e4rill\u00e4 kiert\u00e4en on t\u00e4m\u00e4kin p\u00e4iv\u00e4 mennyt.<\/p>\n<p><a href=\"https:\/\/www.satokangas.fi\/blogi\/wp-content\/uploads\/2014\/05\/MG_1867.jpg\"><img loading=\"lazy\" decoding=\"async\" data-attachment-id=\"21155\" data-permalink=\"https:\/\/www.satokangas.fi\/blogi\/2014\/05\/pieni-piiri-pyorii\/_mg_1867\/\" data-orig-file=\"https:\/\/www.satokangas.fi\/blogi\/wp-content\/uploads\/2014\/05\/MG_1867.jpg\" data-orig-size=\"1390,808\" data-comments-opened=\"1\" data-image-meta=\"{&quot;aperture&quot;:&quot;4&quot;,&quot;credit&quot;:&quot;Reija Satokangas&quot;,&quot;camera&quot;:&quot;Canon EOS 5D Mark II&quot;,&quot;caption&quot;:&quot;&quot;,&quot;created_timestamp&quot;:&quot;1399444265&quot;,&quot;copyright&quot;:&quot;&quot;,&quot;focal_length&quot;:&quot;24&quot;,&quot;iso&quot;:&quot;100&quot;,&quot;shutter_speed&quot;:&quot;0.0008&quot;,&quot;title&quot;:&quot;&quot;}\" data-image-title=\"_MG_1867\" data-image-description=\"\" data-image-caption=\"\" data-large-file=\"https:\/\/www.satokangas.fi\/blogi\/wp-content\/uploads\/2014\/05\/MG_1867.jpg\" class=\"aligncenter size-medium wp-image-21155\" src=\"https:\/\/www.satokangas.fi\/blogi\/wp-content\/uploads\/2014\/05\/MG_1867-600x348.jpg\" alt=\"_MG_1867\" width=\"600\" height=\"348\" srcset=\"https:\/\/www.satokangas.fi\/blogi\/wp-content\/uploads\/2014\/05\/MG_1867-600x348.jpg 600w, https:\/\/www.satokangas.fi\/blogi\/wp-content\/uploads\/2014\/05\/MG_1867-300x174.jpg 300w, https:\/\/www.satokangas.fi\/blogi\/wp-content\/uploads\/2014\/05\/MG_1867.jpg 1390w\" sizes=\"auto, (max-width: 600px) 100vw, 600px\" \/><\/a><\/p>\n<p>Aamup\u00e4iv\u00e4ll\u00e4 moneen kertaan kulkiessa ohi, eeskahtaalle ja taas takaisin, sis\u00e4kautta ja ulkokautta. Ja iltap\u00e4iv\u00e4ll\u00e4 sitten enemm\u00e4n symbolisesti: taas viiden tunnin kokous, jossa yliopiston koulutusasioita pistettiin kuntoon ja kuntoon pist\u00e4miseksi jaettiin rahaa. En tied\u00e4, oliko kaikilta osin ihan viisaimpia p\u00e4\u00e4t\u00f6ksi\u00e4. Joidenkin mielest\u00e4 varmasti. Jotkut asiat minunkin mielest\u00e4ni.<\/p>\n<p>Ja sitten kolmannellakin tavalla t\u00e4m\u00e4n pallon ymp\u00e4rill\u00e4 p\u00e4iv\u00e4 (useampikin jo) py\u00f6rinyt, sill\u00e4 yksi luettavana oleva teksti k\u00e4sittelee Oulun yliopiston rakentamista.<\/p>\n<p>&nbsp;<\/p>\n<p><a href=\"https:\/\/www.satokangas.fi\/blogi\/wp-content\/uploads\/2014\/05\/MG_1865.jpg\"><img loading=\"lazy\" decoding=\"async\" data-attachment-id=\"21156\" data-permalink=\"https:\/\/www.satokangas.fi\/blogi\/2014\/05\/pieni-piiri-pyorii\/_mg_1865\/\" data-orig-file=\"https:\/\/www.satokangas.fi\/blogi\/wp-content\/uploads\/2014\/05\/MG_1865.jpg\" data-orig-size=\"1138,703\" data-comments-opened=\"1\" data-image-meta=\"{&quot;aperture&quot;:&quot;4&quot;,&quot;credit&quot;:&quot;Reija Satokangas&quot;,&quot;camera&quot;:&quot;Canon EOS 5D Mark II&quot;,&quot;caption&quot;:&quot;&quot;,&quot;created_timestamp&quot;:&quot;1399444237&quot;,&quot;copyright&quot;:&quot;&quot;,&quot;focal_length&quot;:&quot;35&quot;,&quot;iso&quot;:&quot;100&quot;,&quot;shutter_speed&quot;:&quot;0.0004&quot;,&quot;title&quot;:&quot;&quot;}\" data-image-title=\"_MG_1865\" data-image-description=\"\" data-image-caption=\"\" data-large-file=\"https:\/\/www.satokangas.fi\/blogi\/wp-content\/uploads\/2014\/05\/MG_1865.jpg\" class=\"aligncenter size-medium wp-image-21156\" src=\"https:\/\/www.satokangas.fi\/blogi\/wp-content\/uploads\/2014\/05\/MG_1865-600x370.jpg\" alt=\"_MG_1865\" width=\"600\" height=\"370\" srcset=\"https:\/\/www.satokangas.fi\/blogi\/wp-content\/uploads\/2014\/05\/MG_1865-600x370.jpg 600w, https:\/\/www.satokangas.fi\/blogi\/wp-content\/uploads\/2014\/05\/MG_1865-300x185.jpg 300w, https:\/\/www.satokangas.fi\/blogi\/wp-content\/uploads\/2014\/05\/MG_1865.jpg 1138w\" sizes=\"auto, (max-width: 600px) 100vw, 600px\" \/><\/a><\/p>\n<p>Graniittipallo on Matti Peltokankaan &#8221;Yhtyv\u00e4t s\u00e4teet&#8221; (1992)<\/p>\n<p>N\u00e4ist\u00e4 Linnanmaalla olevista taideteoksista puheenollen on teht\u00e4v\u00e4 viel\u00e4 yksi korjaus\/t\u00e4ydennys siihen\u00a0<a title=\"Palmusunnuntain erilainen retriitti\" href=\"https:\/\/www.satokangas.fi\/blogi\/2014\/04\/palmusunnuntain-erilainen-retriitti\/\">Vastatuuleen<\/a>-veistokseen liittyv\u00e4\u00e4n kirjoitukseeni: v\u00e4itin, ett\u00e4 muistomerkiss\u00e4 ei ollut mit\u00e4\u00e4n laattaa tms. jossa olisi ollut tunnistetiedot. Onhan siin\u00e4. Kerrotaan, ett\u00e4 se on Risto Saalastin teos, &#8211; \u00a0ja lis\u00e4ksi on toinen t\u00e4llainen kyltti.<\/p>\n<p><a href=\"https:\/\/www.satokangas.fi\/blogi\/wp-content\/uploads\/2014\/05\/Vastatuuleen.jpg\"><img loading=\"lazy\" decoding=\"async\" data-attachment-id=\"21157\" data-permalink=\"https:\/\/www.satokangas.fi\/blogi\/2014\/05\/pieni-piiri-pyorii\/vastatuuleen\/\" data-orig-file=\"https:\/\/www.satokangas.fi\/blogi\/wp-content\/uploads\/2014\/05\/Vastatuuleen.jpg\" data-orig-size=\"1194,822\" data-comments-opened=\"1\" data-image-meta=\"{&quot;aperture&quot;:&quot;2.2&quot;,&quot;credit&quot;:&quot;&quot;,&quot;camera&quot;:&quot;Lumia 1020&quot;,&quot;caption&quot;:&quot;&quot;,&quot;created_timestamp&quot;:&quot;1398253796&quot;,&quot;copyright&quot;:&quot;&quot;,&quot;focal_length&quot;:&quot;0&quot;,&quot;iso&quot;:&quot;100&quot;,&quot;shutter_speed&quot;:&quot;0.008048&quot;,&quot;title&quot;:&quot;&quot;}\" data-image-title=\"Vastatuuleen\" data-image-description=\"\" data-image-caption=\"\" data-large-file=\"https:\/\/www.satokangas.fi\/blogi\/wp-content\/uploads\/2014\/05\/Vastatuuleen.jpg\" class=\"aligncenter size-medium wp-image-21157\" src=\"https:\/\/www.satokangas.fi\/blogi\/wp-content\/uploads\/2014\/05\/Vastatuuleen-581x400.jpg\" alt=\"Vastatuuleen\" width=\"581\" height=\"400\" srcset=\"https:\/\/www.satokangas.fi\/blogi\/wp-content\/uploads\/2014\/05\/Vastatuuleen-581x400.jpg 581w, https:\/\/www.satokangas.fi\/blogi\/wp-content\/uploads\/2014\/05\/Vastatuuleen-300x206.jpg 300w, https:\/\/www.satokangas.fi\/blogi\/wp-content\/uploads\/2014\/05\/Vastatuuleen.jpg 1194w\" sizes=\"auto, (max-width: 581px) 100vw, 581px\" \/><\/a><\/p>\n<p>&nbsp;<\/p>\n","protected":false},"excerpt":{"rendered":"<p>Kyll\u00e4h\u00e4n se t\u00e4m\u00e4n yhden pallon ymp\u00e4rill\u00e4 kiert\u00e4en on t\u00e4m\u00e4kin p\u00e4iv\u00e4 mennyt. Aamup\u00e4iv\u00e4ll\u00e4 moneen kertaan kulkiessa ohi, eeskahtaalle ja taas takaisin, sis\u00e4kautta ja ulkokautta. Ja iltap\u00e4iv\u00e4ll\u00e4 sitten enemm\u00e4n symbolisesti: taas viiden tunnin kokous, jossa yliopiston koulutusasioita pistettiin kuntoon ja kuntoon pist\u00e4miseksi jaettiin rahaa. En tied\u00e4, oliko kaikilta osin ihan viisaimpia p\u00e4\u00e4t\u00f6ksi\u00e4. Joidenkin mielest\u00e4 varmasti. Jotkut asiat minunkin mielest\u00e4ni. Ja sitten kolmannellakin &hellip; <\/p>\n","protected":false},"author":1,"featured_media":0,"comment_status":"open","ping_status":"open","sticky":false,"template":"","format":"standard","meta":{"jetpack_post_was_ever_published":false,"_jetpack_newsletter_access":"","_jetpack_dont_email_post_to_subs":false,"_jetpack_newsletter_tier_id":0,"_jetpack_memberships_contains_paywalled_content":false,"_jetpack_memberships_contains_paid_content":false,"footnotes":"","jetpack_publicize_message":"","jetpack_publicize_feature_enabled":true,"jetpack_social_post_already_shared":true,"jetpack_social_options":{"image_generator_settings":{"template":"highway","default_image_id":0,"font":"","enabled":false},"version":2}},"categories":[32],"tags":[],"class_list":["post-21154","post","type-post","status-publish","format-standard","hentry","category-yliopistoelamaa","latest_post"],"jetpack_publicize_connections":[],"jetpack_featured_media_url":"","jetpack_shortlink":"https:\/\/wp.me\/pr4p4-5vc","jetpack_sharing_enabled":true,"jetpack_likes_enabled":false,"jetpack-related-posts":[{"id":512,"url":"https:\/\/www.satokangas.fi\/blogi\/2008\/08\/tunteen-palo\/","url_meta":{"origin":21154,"position":0},"title":"Tunteen palo","author":"Reija","date":"15.8.2008","format":false,"excerpt":"Eilenaamuinen leuto ja leppe\u00e4 elokuun tuuli ja aurinko ovat taas vaihtuneet sateeseen. Surku. \u00c4kikselt\u00e4\u00e4n p\u00e4\u00e4tettiin eilen ehtoolla polkaista Toppilan M\u00f6lj\u00e4lle \u00b4Tunteen palo\u00b4 -musiikkin\u00e4ytelm\u00e4\u00e4 katsomaan. Jos ik\u00e4vuosikymmeni\u00e4 olisi viel\u00e4 kymmenen tai kaksi lis\u00e4\u00e4, olisimme mekin varmasti j\u00e4\u00e4neet esityksen j\u00e4lkeen seisaaltaan taputtamaan kyyneleet silm\u00e4nurkissa - niinkuin iso osa nuoruutensa Tauno Palon hurmoksessa\u2026","rel":"","context":"Kategoriassa &quot;Niit\u00e4 n\u00e4it\u00e4&quot;","block_context":{"text":"Niit\u00e4 n\u00e4it\u00e4","link":"https:\/\/www.satokangas.fi\/blogi\/category\/aiheeton\/"},"img":{"alt_text":"","src":"","width":0,"height":0},"classes":[]},{"id":27660,"url":"https:\/\/www.satokangas.fi\/blogi\/2016\/02\/ehtimisia\/","url_meta":{"origin":21154,"position":1},"title":"Ehtimisi\u00e4","author":"Reija","date":"22.2.2016","format":false,"excerpt":"Paljon ehtii, jos her\u00e4\u00e4 nelj\u00e4lt\u00e4. Laanilan historian kannen tein. Ihan itse suunnittelin, etsin kuvat, yhden otinkin, laadin tekstit - ja yll\u00e4tt\u00e4v\u00e4\u00e4 kyll\u00e4 - olen aika tyytyv\u00e4inen. Vastav\u00e4itt\u00e4j\u00e4nkin olen saanut doctorandilleni hommattua, byrokratiaa hoidellut, toukokuussa sitten v\u00e4it\u00f6stilaisuus. Minulle se on sitten viimeinen jobi yliopistossa. Mukava saada p\u00e4\u00e4tt\u00e4\u00e4 homma n\u00e4in. \u00c4idin luona\u2026","rel":"","context":"Kategoriassa &quot;Niit\u00e4 n\u00e4it\u00e4&quot;","block_context":{"text":"Niit\u00e4 n\u00e4it\u00e4","link":"https:\/\/www.satokangas.fi\/blogi\/category\/aiheeton\/"},"img":{"alt_text":"bokeh","src":"https:\/\/i0.wp.com\/www.satokangas.fi\/blogi\/wp-content\/uploads\/2016\/02\/bokeh-267x400.jpg?resize=350%2C200&ssl=1","width":350,"height":200},"classes":[]},{"id":21488,"url":"https:\/\/www.satokangas.fi\/blogi\/2014\/06\/lapin-luonto\/","url_meta":{"origin":21154,"position":2},"title":"# Lapin luonto","author":"Reija","date":"23.6.2014","format":false,"excerpt":"Aamiaisen j\u00e4lkeen nuoret pakkasivat, siivosivat ja l\u00e4htiv\u00e4t. :( \u00a0Me tunturiin. L\u00e4htiess\u00e4 viel\u00e4 ripsi. Patikalla en\u00e4\u00e4 ei. Hashtag # Lapin luonto! Patikka ja sauna maistuivat. Iltap\u00e4iv\u00e4ll\u00e4 aurinkoa. Illalla ty\u00f6kaveri perheineen tuli matkaltaan Finnmarkenista. Suoraan Vesisaaresta ja Pykeijasta Hangasojalle. Ja tied\u00e4tteh\u00e4n te: sy\u00f6tiin, pitk\u00e4\u00e4n ja hartaasti - t\u00e4m\u00e4nvuotinen korvasienisato havaittiin makoisaksi samalla\u2026","rel":"","context":"Kategoriassa &quot;Lappi&quot;","block_context":{"text":"Lappi","link":"https:\/\/www.satokangas.fi\/blogi\/category\/lappi\/"},"img":{"alt_text":"Lapin luonto-2","src":"https:\/\/i0.wp.com\/www.satokangas.fi\/blogi\/wp-content\/uploads\/2014\/06\/Lapin-luonto-2-600x400.jpg?resize=350%2C200&ssl=1","width":350,"height":200,"srcset":"https:\/\/i0.wp.com\/www.satokangas.fi\/blogi\/wp-content\/uploads\/2014\/06\/Lapin-luonto-2-600x400.jpg?resize=350%2C200&ssl=1 1x, https:\/\/i0.wp.com\/www.satokangas.fi\/blogi\/wp-content\/uploads\/2014\/06\/Lapin-luonto-2-600x400.jpg?resize=525%2C300&ssl=1 1.5x"},"classes":[]},{"id":24563,"url":"https:\/\/www.satokangas.fi\/blogi\/2015\/05\/rasteja-valtellen\/","url_meta":{"origin":21154,"position":3},"title":"R\u00e4stej\u00e4 v\u00e4ltellen","author":"Reija","date":"11.5.2015","format":false,"excerpt":"T\u00e4n\u00e4\u00e4n taas yksi sellainen \"t\u00e4m\u00e4 oli mulle sitten viimeinen kerta\" -juttu. Norssilla aineenopettajahaastatteluissa humahti koko iltap\u00e4iv\u00e4. Siell\u00e4h\u00e4n opiskelijoilla on mahdollisuus \"myyd\u00e4 itsens\u00e4\". Jokaisella halukkaalla on mahdollisuus tehd\u00e4 tiett\u00e4v\u00e4ksi, miksi juuri h\u00e4net kannattaisi valita: kaikki kun eiv\u00e4t kuitenkaan p\u00e4\u00e4se opetusharjoitteluun. Ja t\u00e4n\u00e4\u00e4n taas hoksasin, ett\u00e4 todellakaan n\u00e4it\u00e4 meid\u00e4n yliopisto-opiskelijoita ei ole\u2026","rel":"","context":"Kategoriassa &quot;Niit\u00e4 n\u00e4it\u00e4&quot;","block_context":{"text":"Niit\u00e4 n\u00e4it\u00e4","link":"https:\/\/www.satokangas.fi\/blogi\/category\/aiheeton\/"},"img":{"alt_text":"1-16","src":"https:\/\/i0.wp.com\/www.satokangas.fi\/blogi\/wp-content\/uploads\/2015\/05\/1-16-600x400.jpg?resize=350%2C200&ssl=1","width":350,"height":200,"srcset":"https:\/\/i0.wp.com\/www.satokangas.fi\/blogi\/wp-content\/uploads\/2015\/05\/1-16-600x400.jpg?resize=350%2C200&ssl=1 1x, https:\/\/i0.wp.com\/www.satokangas.fi\/blogi\/wp-content\/uploads\/2015\/05\/1-16-600x400.jpg?resize=525%2C300&ssl=1 1.5x"},"classes":[]},{"id":28299,"url":"https:\/\/www.satokangas.fi\/blogi\/2016\/05\/28299\/","url_meta":{"origin":21154,"position":4},"title":"Ovi sulkeutuu, toinen on jo auki","author":"Reija","date":"22.5.2016","format":false,"excerpt":"Viel\u00e4kin olen\u00a0\u00b4jossain muualla\u00b4, - eilisess\u00e4 akateemisessa juhlassa ja niiss\u00e4 kaikissa muistoissa, joita se her\u00e4tti ja joita se toi mieleen. Eilen oli hyv\u00e4, v\u00e4ist\u00e4m\u00e4t\u00f6n, hetki, mietti\u00e4 edellist\u00e4 kymment\u00e4 vuotta, mietti\u00e4 ty\u00f6uraa taaksep\u00e4in, ja ajatella luopumistani siit\u00e4. Onhan t\u00e4t\u00e4 l\u00e4ht\u00f6laskentaa jo hyvinkin vuosi, ja enemm\u00e4nkin, tehty, mutta eilen se konkretisoitui: oli viimeinen\u2026","rel":"","context":"Kategoriassa &quot;Niit\u00e4 n\u00e4it\u00e4&quot;","block_context":{"text":"Niit\u00e4 n\u00e4it\u00e4","link":"https:\/\/www.satokangas.fi\/blogi\/category\/aiheeton\/"},"img":{"alt_text":"_MG_0749","src":"https:\/\/i0.wp.com\/www.satokangas.fi\/blogi\/wp-content\/uploads\/2016\/05\/MG_0749-600x392.jpg?resize=350%2C200&ssl=1","width":350,"height":200,"srcset":"https:\/\/i0.wp.com\/www.satokangas.fi\/blogi\/wp-content\/uploads\/2016\/05\/MG_0749-600x392.jpg?resize=350%2C200&ssl=1 1x, https:\/\/i0.wp.com\/www.satokangas.fi\/blogi\/wp-content\/uploads\/2016\/05\/MG_0749-600x392.jpg?resize=525%2C300&ssl=1 1.5x"},"classes":[]},{"id":44212,"url":"https:\/\/www.satokangas.fi\/blogi\/2022\/11\/makaronikuukausi\/","url_meta":{"origin":21154,"position":5},"title":"Makaronikuukausi?","author":"Reija","date":"28.11.2022","format":false,"excerpt":"Nyt silm\u00e4t verest\u00e4\u00e4 punaisena kuin karjalaisen k\u00e4spaikan kirjonta. Ei en\u00e4\u00e4 kest\u00e4 silm\u00e4t kellon ymp\u00e4ri n\u00e4ytt\u00f6ruutua kuten joskus aiemmin. Laitoin t\u00e4n\u00e4\u00e4n meille ruoaksi pikaisesti uunifetapastaa. Tuli pitk\u00e4st\u00e4 aikaa mieleen se, kun lehdess\u00e4 oli juttu, ett\u00e4 jopa Gordon Ramsay oli sit\u00e4 ylist\u00e4nyt. H\u00e4nh\u00e4n nyt ei tunnetusti oikein kehu mit\u00e4\u00e4n eik\u00e4 kiitoksia kenellek\u00e4\u00e4n\u2026","rel":"","context":"Kategoriassa &quot;Niit\u00e4 n\u00e4it\u00e4&quot;","block_context":{"text":"Niit\u00e4 n\u00e4it\u00e4","link":"https:\/\/www.satokangas.fi\/blogi\/category\/aiheeton\/"},"img":{"alt_text":"","src":"https:\/\/i0.wp.com\/www.satokangas.fi\/blogi\/wp-content\/uploads\/2022\/11\/filo_Karjala_kirjailu_hero-6077-800x333.jpg?resize=350%2C200&ssl=1","width":350,"height":200,"srcset":"https:\/\/i0.wp.com\/www.satokangas.fi\/blogi\/wp-content\/uploads\/2022\/11\/filo_Karjala_kirjailu_hero-6077-800x333.jpg?resize=350%2C200&ssl=1 1x, https:\/\/i0.wp.com\/www.satokangas.fi\/blogi\/wp-content\/uploads\/2022\/11\/filo_Karjala_kirjailu_hero-6077-800x333.jpg?resize=525%2C300&ssl=1 1.5x, https:\/\/i0.wp.com\/www.satokangas.fi\/blogi\/wp-content\/uploads\/2022\/11\/filo_Karjala_kirjailu_hero-6077-800x333.jpg?resize=700%2C400&ssl=1 2x"},"classes":[]}],"_links":{"self":[{"href":"https:\/\/www.satokangas.fi\/blogi\/wp-json\/wp\/v2\/posts\/21154","targetHints":{"allow":["GET"]}}],"collection":[{"href":"https:\/\/www.satokangas.fi\/blogi\/wp-json\/wp\/v2\/posts"}],"about":[{"href":"https:\/\/www.satokangas.fi\/blogi\/wp-json\/wp\/v2\/types\/post"}],"author":[{"embeddable":true,"href":"https:\/\/www.satokangas.fi\/blogi\/wp-json\/wp\/v2\/users\/1"}],"replies":[{"embeddable":true,"href":"https:\/\/www.satokangas.fi\/blogi\/wp-json\/wp\/v2\/comments?post=21154"}],"version-history":[{"count":0,"href":"https:\/\/www.satokangas.fi\/blogi\/wp-json\/wp\/v2\/posts\/21154\/revisions"}],"wp:attachment":[{"href":"https:\/\/www.satokangas.fi\/blogi\/wp-json\/wp\/v2\/media?parent=21154"}],"wp:term":[{"taxonomy":"category","embeddable":true,"href":"https:\/\/www.satokangas.fi\/blogi\/wp-json\/wp\/v2\/categories?post=21154"},{"taxonomy":"post_tag","embeddable":true,"href":"https:\/\/www.satokangas.fi\/blogi\/wp-json\/wp\/v2\/tags?post=21154"}],"curies":[{"name":"wp","href":"https:\/\/api.w.org\/{rel}","templated":true}]}}