{"id":21149,"date":"2014-05-13T17:30:38","date_gmt":"2014-05-13T14:30:38","guid":{"rendered":"https:\/\/www.satokangas.fi\/blogi\/?p=21149"},"modified":"2014-05-28T21:29:20","modified_gmt":"2014-05-28T18:29:20","slug":"etatyopaiva-mita-opimmekaan","status":"publish","type":"post","link":"https:\/\/www.satokangas.fi\/blogi\/2014\/05\/etatyopaiva-mita-opimmekaan\/","title":{"rendered":"Et\u00e4ty\u00f6p\u00e4iv\u00e4 &#8211; mit\u00e4 opimmekaan?"},"content":{"rendered":"<blockquote><p><span style=\"color: #222222;\">\u2013 Henkil\u00f6, joka kirjoittaa joka p\u00e4iv\u00e4 ilmaiseksi, on varmaan p\u00e4\u00e4st\u00e4\u00e4n vialla, naureskeli 10 vuotta blogia pit\u00e4nyt informaatio- ja teknologiaoikeuden professori Jukka Kemppinen vieraillessaan Ylen aamu-tv:ss\u00e4.<\/span><\/p>\n<p><em><span style=\"color: #666699;\">ja toinen lainaus h\u00e4nelt\u00e4:<\/span><\/em><\/p>\n<p><span style=\"color: #222222;\">\u2013\u00a0Silloin t\u00e4ll\u00f6in kun tavoittelen \u00e4killisen p\u00e4\u00e4h\u00e4npiston tai oikullisen mutkan tunnelmaa, niin sen sommittelemiseen menee kahdeksan tuntia, h\u00e4n my\u00f6nt\u00e4\u00e4.<\/span><\/p>\n<p><em>\u00a0 \u00a0 \u00a0 \u00a0 \u00a0 \u00a0 \u00a0 \u00a0<a href=\"http:\/\/yle.fi\/uutiset\/suomen_paras_bloggaaja_neuvoo_ala_aliarvioi_lukijoitasi\/7234172?fb_action_ids=10202921206445059&amp;fb_action_types=og.recommends\">Yle uutiset 12.5.2014<\/a> \u00a0<\/em><\/p><\/blockquote>\n<p>Luetteko koskaan Kemppist\u00e4? Kannattaisi.\u00a0<a href=\"%20http:\/\/kemppinen.blogspot.fi\/\">http:\/\/kemppinen.blogspot.fi\/<\/a>\u00a0\u00a0Kun talvella oli k\u00e4ynniss\u00e4 t\u00e4m\u00e4 \u00e4\u00e4nestys Suomen parhaasta bloggaajasta, min\u00e4 veikkasin Kemppist\u00e4. En lue s\u00e4\u00e4nn\u00f6llisesti, mutta ep\u00e4s\u00e4\u00e4nn\u00f6llisesti ja h\u00e4n on s\u00e4\u00e4nn\u00f6llisesti hyv\u00e4, erinomainen. H\u00e4n on pit\u00e4nyt blogia muutaman vuoden kauemmin kuin min\u00e4, h\u00e4nkin kirjoittaa joka p\u00e4iv\u00e4, mutta h\u00e4n on viisas, h\u00e4n on sivistynyt, h\u00e4n on vanha, mutta h\u00e4nen kohdallaan se tarkoittaakin el\u00e4m\u00e4\u00e4 ja el\u00e4m\u00e4nviisautta. H\u00e4nen blogitekstins\u00e4 (3500 kpl!! pitki\u00e4 postauksia) ovat asiaa, tietoa, perusteltuja mielipiteit\u00e4 &#8211; eiv\u00e4t mit\u00e4\u00e4n tuulesta temmattuja juttuja. Ja\u00a0tuossa aamu-tv:n haastattelussakin h\u00e4n puhui viisaita&#8230;<\/p>\n<p>Siltik\u00e4\u00e4n en edes yrit\u00e4 ylt\u00e4\u00e4 samaan, mutta min\u00e4 niin allekirjoitan nuo Kemppisen lausahdukset. Eli t\u00e4m\u00e4kin p\u00e4iv\u00e4 on mennyt &#8221;\u00e4killisen p\u00e4\u00e4h\u00e4npiston tunnelman sommittelemiseen&#8221;. \ud83d\ude00<\/p>\n<p><a href=\"https:\/\/www.satokangas.fi\/blogi\/wp-content\/uploads\/2014\/05\/MG_4374-Custom.jpg\"><img loading=\"lazy\" decoding=\"async\" data-attachment-id=\"21153\" data-permalink=\"https:\/\/www.satokangas.fi\/blogi\/2014\/05\/etatyopaiva-mita-opimmekaan\/_mg_4374-custom\/\" data-orig-file=\"https:\/\/www.satokangas.fi\/blogi\/wp-content\/uploads\/2014\/05\/MG_4374-Custom.jpg\" data-orig-size=\"1600,1067\" data-comments-opened=\"1\" data-image-meta=\"{&quot;aperture&quot;:&quot;2.8&quot;,&quot;credit&quot;:&quot;&quot;,&quot;camera&quot;:&quot;Canon EOS 5D Mark II&quot;,&quot;caption&quot;:&quot;&quot;,&quot;created_timestamp&quot;:&quot;1365939885&quot;,&quot;copyright&quot;:&quot;&quot;,&quot;focal_length&quot;:&quot;100&quot;,&quot;iso&quot;:&quot;1250&quot;,&quot;shutter_speed&quot;:&quot;0.01&quot;,&quot;title&quot;:&quot;&quot;}\" data-image-title=\"_MG_4374 (Custom)\" data-image-description=\"\" data-image-caption=\"\" data-large-file=\"https:\/\/www.satokangas.fi\/blogi\/wp-content\/uploads\/2014\/05\/MG_4374-Custom-1535x1024.jpg\" class=\"aligncenter size-medium wp-image-21153\" src=\"https:\/\/www.satokangas.fi\/blogi\/wp-content\/uploads\/2014\/05\/MG_4374-Custom-600x400.jpg\" alt=\"_MG_4374 (Custom)\" width=\"600\" height=\"400\" srcset=\"https:\/\/www.satokangas.fi\/blogi\/wp-content\/uploads\/2014\/05\/MG_4374-Custom-600x400.jpg 600w, https:\/\/www.satokangas.fi\/blogi\/wp-content\/uploads\/2014\/05\/MG_4374-Custom-300x200.jpg 300w, https:\/\/www.satokangas.fi\/blogi\/wp-content\/uploads\/2014\/05\/MG_4374-Custom-1535x1024.jpg 1535w, https:\/\/www.satokangas.fi\/blogi\/wp-content\/uploads\/2014\/05\/MG_4374-Custom.jpg 1600w\" sizes=\"auto, (max-width: 600px) 100vw, 600px\" \/><\/a><\/p>\n<p>T\u00e4n\u00e4\u00e4n on ollut hieman erilainen ty\u00f6p\u00e4iv\u00e4. Ilmoitin jo eilen t\u00f6iss\u00e4, ett\u00e4 pid\u00e4n t\u00e4n\u00e4\u00e4n et\u00e4ty\u00f6p\u00e4iv\u00e4n. Kolme gradua, puolitoista v\u00e4it\u00f6skirjan k\u00e4sikirjoitusta ja kaksi kandia on saatava luettua ja arvostelua ennen ensi torstaita, &#8211; ja huomisen koulutusneuvoston paperit olisi my\u00f6s perehdytt\u00e4v\u00e4n\u00e4.<\/p>\n<p>Siis tarvin edes yhden lukurauhap\u00e4iv\u00e4n, koska t\u00f6iss\u00e4 on lukukauden lopun\/kes\u00e4opintojen\/kes\u00e4opintotukien\/opintojen koostamisten\/allekirjoittamisten ja kaiken muun &#8221;sesonkiliikenteen&#8221; vuoksi jatkuvasti joku piipahtamassa ja min\u00e4 itse lamppaan opintosihteerin ja opintoasiainp\u00e4\u00e4llik\u00f6n luona kysym\u00e4ss\u00e4 jotain. Siis on viisasta vet\u00e4yty\u00e4 viett\u00e4m\u00e4\u00e4n edes yksi et\u00e4ty\u00f6p\u00e4iv\u00e4 kotiin.<\/p>\n<p><img loading=\"lazy\" decoding=\"async\" data-attachment-id=\"21151\" data-permalink=\"https:\/\/www.satokangas.fi\/blogi\/2014\/05\/etatyopaiva-mita-opimmekaan\/_mg_4384\/\" data-orig-file=\"https:\/\/www.satokangas.fi\/blogi\/wp-content\/uploads\/2014\/05\/MG_4384.jpg\" data-orig-size=\"600,900\" data-comments-opened=\"1\" data-image-meta=\"{&quot;aperture&quot;:&quot;2.8&quot;,&quot;credit&quot;:&quot;&quot;,&quot;camera&quot;:&quot;Canon EOS 5D Mark II&quot;,&quot;caption&quot;:&quot;&quot;,&quot;created_timestamp&quot;:&quot;1365939921&quot;,&quot;copyright&quot;:&quot;&quot;,&quot;focal_length&quot;:&quot;100&quot;,&quot;iso&quot;:&quot;1250&quot;,&quot;shutter_speed&quot;:&quot;0.008&quot;,&quot;title&quot;:&quot;&quot;}\" data-image-title=\"_MG_4384\" data-image-description=\"\" data-image-caption=\"\" data-large-file=\"https:\/\/www.satokangas.fi\/blogi\/wp-content\/uploads\/2014\/05\/MG_4384.jpg\" class=\"aligncenter wp-image-21151 size-medium\" src=\"https:\/\/www.satokangas.fi\/blogi\/wp-content\/uploads\/2014\/05\/MG_4384-266x400.jpg\" alt=\"_MG_4384\" width=\"266\" height=\"400\" srcset=\"https:\/\/www.satokangas.fi\/blogi\/wp-content\/uploads\/2014\/05\/MG_4384-266x400.jpg 266w, https:\/\/www.satokangas.fi\/blogi\/wp-content\/uploads\/2014\/05\/MG_4384-200x300.jpg 200w, https:\/\/www.satokangas.fi\/blogi\/wp-content\/uploads\/2014\/05\/MG_4384.jpg 600w\" sizes=\"auto, (max-width: 266px) 100vw, 266px\" \/><\/p>\n<p>No eih\u00e4n se sitten mennyt ihan niinkuin Str\u00f6ms\u00f6ss\u00e4.<\/p>\n<p>Ensinn\u00e4kin aamulla oli hammasl\u00e4\u00e4k\u00e4ri, vuositarkastus ja puhdistukset. Siin\u00e4 humahti tunti. Sitten tullessa poikkesin postissa hankkimassa suruadressin ja ajattelin, ett\u00e4 haen samalla kaupasta ihan vaan hedelmi\u00e4 ja pari Wettexi\u00e4. Postissa hankin loppuvuodeksi postimerkkej\u00e4 mm. Meksikon kortteihin ja valitsin huolella adressia, ja kuinka kauan voikaan menn\u00e4 kaupassa, kun ostaa kassillisen ruokaa ja pari Wettexi\u00e4. \ud83d\ude09 Kello alkoi olla puoli yksitoista kun olin kotona.<\/p>\n<p>Sen ett\u00e4 levitin ty\u00f6matskut p\u00f6yd\u00e4lle ja avasin ja vastasin aamun aikana tulleet s\u00e4hk\u00f6postit oli jo selke\u00e4sti lounasaika. Kotona ei ole ev\u00e4it\u00e4, joten v\u00e4rkk\u00e4ilin pient\u00e4 naposteltavaa lautasellisen, hedelmi\u00e4, juustoa, parit oliivit, riisikakku, ja hyv\u00e4 on sulatin pikkupullan pakkasesta ja keitin Capsulolla Mocchacinot. Ja puolelta p\u00e4ivin olenkin jo vankasti ty\u00f6n touhussa! \ud83d\ude42<\/p>\n<p>Iltap\u00e4iv\u00e4ll\u00e4 vastailen ty\u00f6k\u00e4nnyyn, hoitelen ohjausta s\u00e4hk\u00f6postilla, surffailen siin\u00e4 ohessa, Facessa piipahtelen kesken (et\u00e4)ty\u00f6p\u00e4iv\u00e4n, saan yhden (lyhyimm\u00e4n) gradun luetuksi ja luonnostelen lausuntoa kun kolmen j\u00e4lkeen tulee pehtoori pojan loputtomalta remonttity\u00f6maalta ja p\u00e4\u00e4t\u00e4np\u00e4, ett\u00e4 juuri tuossa hetkess\u00e4 on aika ryhty\u00e4 tekem\u00e4\u00e4n meille ruokaa.<\/p>\n<p>Siin\u00e4p\u00e4 se ty\u00f6p\u00e4iv\u00e4 hurahti. Et\u00e4t\u00f6iss\u00e4 tulee paneuduttua lukemisiin. Keskitytty\u00e4. Ilman ett\u00e4 opiskelijat ja kollegat jatkuvasti keskeytt\u00e4v\u00e4t! Saa paljon aikaiseksi!<\/p>\n<p>HAH!<\/p>\n<p>Huomenna menen kiltisti sorvin \u00e4\u00e4reen Linnanmaalle ja teen topakasti t\u00f6it\u00e4!<\/p>\n<p><img loading=\"lazy\" decoding=\"async\" data-attachment-id=\"21152\" data-permalink=\"https:\/\/www.satokangas.fi\/blogi\/2014\/05\/etatyopaiva-mita-opimmekaan\/_mg_4390\/\" data-orig-file=\"https:\/\/www.satokangas.fi\/blogi\/wp-content\/uploads\/2014\/05\/MG_4390.jpg\" data-orig-size=\"600,900\" data-comments-opened=\"1\" data-image-meta=\"{&quot;aperture&quot;:&quot;2.8&quot;,&quot;credit&quot;:&quot;&quot;,&quot;camera&quot;:&quot;Canon EOS 5D Mark II&quot;,&quot;caption&quot;:&quot;&quot;,&quot;created_timestamp&quot;:&quot;1365939965&quot;,&quot;copyright&quot;:&quot;&quot;,&quot;focal_length&quot;:&quot;100&quot;,&quot;iso&quot;:&quot;1250&quot;,&quot;shutter_speed&quot;:&quot;0.00625&quot;,&quot;title&quot;:&quot;&quot;}\" data-image-title=\"_MG_4390\" data-image-description=\"\" data-image-caption=\"\" data-large-file=\"https:\/\/www.satokangas.fi\/blogi\/wp-content\/uploads\/2014\/05\/MG_4390.jpg\" class=\"aligncenter wp-image-21152 size-medium\" src=\"https:\/\/www.satokangas.fi\/blogi\/wp-content\/uploads\/2014\/05\/MG_4390-266x400.jpg\" alt=\"_MG_4390\" width=\"266\" height=\"400\" srcset=\"https:\/\/www.satokangas.fi\/blogi\/wp-content\/uploads\/2014\/05\/MG_4390-266x400.jpg 266w, https:\/\/www.satokangas.fi\/blogi\/wp-content\/uploads\/2014\/05\/MG_4390-200x300.jpg 200w, https:\/\/www.satokangas.fi\/blogi\/wp-content\/uploads\/2014\/05\/MG_4390.jpg 600w\" sizes=\"auto, (max-width: 266px) 100vw, 266px\" \/><\/p>\n<p>&nbsp;<\/p>\n","protected":false},"excerpt":{"rendered":"<p>\u2013 Henkil\u00f6, joka kirjoittaa joka p\u00e4iv\u00e4 ilmaiseksi, on varmaan p\u00e4\u00e4st\u00e4\u00e4n vialla, naureskeli 10 vuotta blogia pit\u00e4nyt informaatio- ja teknologiaoikeuden professori Jukka Kemppinen vieraillessaan Ylen aamu-tv:ss\u00e4. ja toinen lainaus h\u00e4nelt\u00e4: \u2013\u00a0Silloin t\u00e4ll\u00f6in kun tavoittelen \u00e4killisen p\u00e4\u00e4h\u00e4npiston tai oikullisen mutkan tunnelmaa, niin sen sommittelemiseen menee kahdeksan tuntia, h\u00e4n my\u00f6nt\u00e4\u00e4. \u00a0 \u00a0 \u00a0 \u00a0 \u00a0 \u00a0 \u00a0 \u00a0Yle uutiset 12.5.2014 \u00a0 Luetteko koskaan &hellip; <\/p>\n","protected":false},"author":1,"featured_media":0,"comment_status":"open","ping_status":"open","sticky":false,"template":"","format":"standard","meta":{"jetpack_post_was_ever_published":false,"_jetpack_newsletter_access":"","_jetpack_dont_email_post_to_subs":false,"_jetpack_newsletter_tier_id":0,"_jetpack_memberships_contains_paywalled_content":false,"_jetpack_memberships_contains_paid_content":false,"footnotes":"","jetpack_publicize_message":"","jetpack_publicize_feature_enabled":true,"jetpack_social_post_already_shared":true,"jetpack_social_options":{"image_generator_settings":{"template":"highway","default_image_id":0,"font":"","enabled":false},"version":2}},"categories":[12,32],"tags":[],"class_list":["post-21149","post","type-post","status-publish","format-standard","hentry","category-bloggailu","category-yliopistoelamaa","latest_post"],"jetpack_publicize_connections":[],"jetpack_featured_media_url":"","jetpack_shortlink":"https:\/\/wp.me\/pr4p4-5v7","jetpack_sharing_enabled":true,"jetpack_likes_enabled":false,"jetpack-related-posts":[{"id":33513,"url":"https:\/\/www.satokangas.fi\/blogi\/2018\/03\/teatterissa-ja-teatteriravintolassa\/","url_meta":{"origin":21149,"position":0},"title":"Teatterissa ja Teatteriravintolassa","author":"Reija","date":"10.3.2018","format":false,"excerpt":"Palasimme juuri teatterista, - ja teatteriravintolasta. Paistink\u00e4\u00e4nt\u00e4jien \"kulttuurikev\u00e4t\" jatkuu. Viime kuussa Rioja-elokuva, jonka ohjaaja Rax Rinnekangas oli paikalla maistelemassa viini\u00e4 ja tapaksia kanssamme, kertomassa elokuvan teosta ja nyt sitten Oulun Teatterissa \"My Fair Lady\" ja sen j\u00e4lkeen makulautanen (kampasimpukoita, lohta, muikunmati\u00e4, piirasia, paistia... ) ja iso juustop\u00f6yt\u00e4. Lasillinen ja toinen\u2026","rel":"","context":"Kategoriassa &quot;Ruoka ja viini&quot;","block_context":{"text":"Ruoka ja viini","link":"https:\/\/www.satokangas.fi\/blogi\/category\/ruoka_ja_viini\/"},"img":{"alt_text":"","src":"https:\/\/i0.wp.com\/www.satokangas.fi\/blogi\/wp-content\/uploads\/2018\/03\/Pallero.jpg?resize=350%2C200&ssl=1","width":350,"height":200,"srcset":"https:\/\/i0.wp.com\/www.satokangas.fi\/blogi\/wp-content\/uploads\/2018\/03\/Pallero.jpg?resize=350%2C200&ssl=1 1x, https:\/\/i0.wp.com\/www.satokangas.fi\/blogi\/wp-content\/uploads\/2018\/03\/Pallero.jpg?resize=525%2C300&ssl=1 1.5x, https:\/\/i0.wp.com\/www.satokangas.fi\/blogi\/wp-content\/uploads\/2018\/03\/Pallero.jpg?resize=700%2C400&ssl=1 2x"},"classes":[]},{"id":33521,"url":"https:\/\/www.satokangas.fi\/blogi\/2018\/03\/niin-epareilua\/","url_meta":{"origin":21149,"position":1},"title":"Niin ep\u00e4reilua","author":"Reija","date":"12.3.2018","format":false,"excerpt":"Eih\u00e4n siit\u00e4 ole kauaakaan kun kirjoitin, ett\u00e4 \"Itku auttaa\" ja ett\u00e4 olen kohtuullisen herkk\u00e4 liikuttumaan.\u00a0Nyt ei ole oikein tullut itkua. Eilen kun my\u00f6h\u00e4\u00e4n illalla Helsingist\u00e4 tuli tieto, olin merkillisesti ihan hirmu vihainen. En vaan tiennyt kenelle voisin raivota. Itkua ei ollut, eik\u00e4 siit\u00e4 siis apua. Ei siit\u00e4 ole kuin muutama\u2026","rel":"","context":"Kategoriassa &quot;Niit\u00e4 n\u00e4it\u00e4&quot;","block_context":{"text":"Niit\u00e4 n\u00e4it\u00e4","link":"https:\/\/www.satokangas.fi\/blogi\/category\/aiheeton\/"},"img":{"alt_text":"","src":"https:\/\/i0.wp.com\/www.satokangas.fi\/blogi\/wp-content\/uploads\/2018\/03\/Hopeareunat-pilvissa_-5-2.jpg?resize=350%2C200&ssl=1","width":350,"height":200,"srcset":"https:\/\/i0.wp.com\/www.satokangas.fi\/blogi\/wp-content\/uploads\/2018\/03\/Hopeareunat-pilvissa_-5-2.jpg?resize=350%2C200&ssl=1 1x, https:\/\/i0.wp.com\/www.satokangas.fi\/blogi\/wp-content\/uploads\/2018\/03\/Hopeareunat-pilvissa_-5-2.jpg?resize=525%2C300&ssl=1 1.5x, https:\/\/i0.wp.com\/www.satokangas.fi\/blogi\/wp-content\/uploads\/2018\/03\/Hopeareunat-pilvissa_-5-2.jpg?resize=700%2C400&ssl=1 2x"},"classes":[]},{"id":14404,"url":"https:\/\/www.satokangas.fi\/blogi\/2012\/05\/tunnustus-ja-haaste-seitseman-faktaa\/","url_meta":{"origin":21149,"position":2},"title":"Tunnustus ja haaste: seitsem\u00e4n faktaa","author":"Reija","date":"27.5.2012","format":false,"excerpt":"Ollessamme reissussa sain kahdelta eri suunnalta, miltei samanaikaisesti, tunnustuksen ja haasteen. The Versatile Blogger -tunnustus tuli sek\u00e4 Wonders-blogista Irmalta ett\u00e4 Lepolandian Pasilta. Kiit\u00e4n ja kumarran ja olen kielt\u00e4m\u00e4tt\u00e4 hieman otettukin, ett\u00e4 Lepolandiastakin kerrottiin t\u00e4\u00e4ll\u00e4 minun jutuissani s\u00e4\u00e4nn\u00f6llisesti piipahdettavan. Pasin blogissa min\u00e4 k\u00e4yn jatkuvasti oppimassa uutta valokuvauksesta, ja muutoinkin. Ja Irmalla\u2026","rel":"","context":"Kategoriassa &quot;Bloggailu&quot;","block_context":{"text":"Bloggailu","link":"https:\/\/www.satokangas.fi\/blogi\/category\/bloggailu\/"},"img":{"alt_text":"","src":"https:\/\/i0.wp.com\/www.satokangas.fi\/blogi\/wp-content\/uploads\/Versatile-blogger.png?resize=350%2C200&ssl=1","width":350,"height":200},"classes":[]},{"id":29922,"url":"https:\/\/www.satokangas.fi\/blogi\/2016\/12\/joulua-kohti-3\/","url_meta":{"origin":21149,"position":3},"title":"Joulua kohti","author":"Reija","date":"16.12.2016","format":false,"excerpt":"Huikea, mielett\u00f6m\u00e4n hieno s\u00e4\u00e4 ja valo\u00a0t\u00e4n\u00e4\u00e4n! Monta tuntia olin aamulla kiertelem\u00e4ss\u00e4 kaupungissa: en suinkaan jouluostoksilla,\u00a0vaan ulkoilemassa, tepastelemassa, nauttimassa vapaasta, kuvaamassa. V\u00e4lill\u00e4 piipahdin pikaisesti Stockan Herkussa ja cappuccinolla\u00a0uudessa Kahvila Stockholmissa. Ja taas jatkoin joulukuisen Oulun valojen tallentamista.... [ehdottomasti kannattaa klikata kuvat suuremmiksi] Kuvahaastesivun \"Joulun valot\" -kansioon tulee viel\u00e4 kuvia kotikaupungin jouluvaloista.\u2026","rel":"","context":"Kategoriassa &quot;Luettua&quot;","block_context":{"text":"Luettua","link":"https:\/\/www.satokangas.fi\/blogi\/category\/luettua\/"},"img":{"alt_text":"","src":"https:\/\/i0.wp.com\/www.satokangas.fi\/blogi\/wp-content\/uploads\/2016\/12\/Kahvila-Stockholm-600x291.jpg?resize=350%2C200&ssl=1","width":350,"height":200,"srcset":"https:\/\/i0.wp.com\/www.satokangas.fi\/blogi\/wp-content\/uploads\/2016\/12\/Kahvila-Stockholm-600x291.jpg?resize=350%2C200&ssl=1 1x, https:\/\/i0.wp.com\/www.satokangas.fi\/blogi\/wp-content\/uploads\/2016\/12\/Kahvila-Stockholm-600x291.jpg?resize=525%2C300&ssl=1 1.5x"},"classes":[]},{"id":23926,"url":"https:\/\/www.satokangas.fi\/blogi\/2015\/02\/metamorfoosi\/","url_meta":{"origin":21149,"position":4},"title":"Metamorfoosi","author":"Reija","date":"19.2.2015","format":false,"excerpt":"Ensivaikutelma on t\u00e4rke\u00e4, eik\u00f6? Se, miten uusi tuttavuus tervehtii tai se miten ihminen jossain ryhm\u00e4tilanteessa esittelee itsens\u00e4. My\u00f6s sill\u00e4 on vaikutusta, millainen on ihmisen kehon kieli. Katsooko silmiin, hymyileek\u00f6, ja sanooko vain v\u00e4h\u00e4n, mutta sit\u00e4kin viisaampia vai puhua pajattaako antamatta toiselle, toisille suunvuoroa. Kaikki nuo voi tehd\u00e4 miinus- ja plus-merkkisesti:\u2026","rel":"","context":"Kategoriassa &quot;Niit\u00e4 n\u00e4it\u00e4&quot;","block_context":{"text":"Niit\u00e4 n\u00e4it\u00e4","link":"https:\/\/www.satokangas.fi\/blogi\/category\/aiheeton\/"},"img":{"alt_text":"Metamorfoosi-2","src":"https:\/\/i0.wp.com\/www.satokangas.fi\/blogi\/wp-content\/uploads\/2015\/02\/Metamorfoosi-2-316x400.jpg?resize=350%2C200&ssl=1","width":350,"height":200},"classes":[]},{"id":28435,"url":"https:\/\/www.satokangas.fi\/blogi\/2016\/06\/torniosta-kotiin\/","url_meta":{"origin":21149,"position":5},"title":"Torniosta kotiin","author":"Reija","date":"13.6.2016","format":false,"excerpt":"Siin\u00e4 ne ovat: el\u00e4m\u00e4ni miehet. Kaikki kolme. N\u00e4m\u00e4 olivat eilen odottamassa kun palasin Torniosta. Mini\u00e4 oli iltatuurissa t\u00f6iss\u00e4, joten olivat ihan kolmisin ruokap\u00f6yd\u00e4n \u00e4\u00e4ress\u00e4 seuranani. T\u00e4ll\u00e4 Torniossa ramppaamisellani on meid\u00e4n perheess\u00e4 muutakin oppimistulosta kuin minun valokuvaustaitojeni karttuminen. Pehtoori on paitsi ahkerasti laittanut kunnon p\u00e4iv\u00e4llisen aina kun olen kotiutunut, ja h\u00e4n\u2026","rel":"","context":"Kategoriassa &quot;Niit\u00e4 n\u00e4it\u00e4&quot;","block_context":{"text":"Niit\u00e4 n\u00e4it\u00e4","link":"https:\/\/www.satokangas.fi\/blogi\/category\/aiheeton\/"},"img":{"alt_text":"Kolme sukupolvea","src":"https:\/\/i0.wp.com\/www.satokangas.fi\/blogi\/wp-content\/uploads\/2016\/06\/Kolme-sukupolvea-300x229.jpg?resize=350%2C200&ssl=1","width":350,"height":200},"classes":[]}],"_links":{"self":[{"href":"https:\/\/www.satokangas.fi\/blogi\/wp-json\/wp\/v2\/posts\/21149","targetHints":{"allow":["GET"]}}],"collection":[{"href":"https:\/\/www.satokangas.fi\/blogi\/wp-json\/wp\/v2\/posts"}],"about":[{"href":"https:\/\/www.satokangas.fi\/blogi\/wp-json\/wp\/v2\/types\/post"}],"author":[{"embeddable":true,"href":"https:\/\/www.satokangas.fi\/blogi\/wp-json\/wp\/v2\/users\/1"}],"replies":[{"embeddable":true,"href":"https:\/\/www.satokangas.fi\/blogi\/wp-json\/wp\/v2\/comments?post=21149"}],"version-history":[{"count":0,"href":"https:\/\/www.satokangas.fi\/blogi\/wp-json\/wp\/v2\/posts\/21149\/revisions"}],"wp:attachment":[{"href":"https:\/\/www.satokangas.fi\/blogi\/wp-json\/wp\/v2\/media?parent=21149"}],"wp:term":[{"taxonomy":"category","embeddable":true,"href":"https:\/\/www.satokangas.fi\/blogi\/wp-json\/wp\/v2\/categories?post=21149"},{"taxonomy":"post_tag","embeddable":true,"href":"https:\/\/www.satokangas.fi\/blogi\/wp-json\/wp\/v2\/tags?post=21149"}],"curies":[{"name":"wp","href":"https:\/\/api.w.org\/{rel}","templated":true}]}}